{"id":41223,"date":"2021-04-28T23:17:06","date_gmt":"2021-04-28T21:17:06","guid":{"rendered":"https:\/\/develop.immobilienbusiness.ch\/de\/allgemein\/2021-04-28\/bachenbulach-spatenstich-fur-rietbach-center-im-juni\/"},"modified":"2023-07-03T09:09:14","modified_gmt":"2023-07-03T07:09:14","slug":"bachenbulach-spatenstich-fur-rietbach-center-im-juni","status":"publish","type":"post","link":"https:\/\/www.immobilienbusiness.ch\/fr\/ib\/2021-04-28\/bachenbulach-spatenstich-fur-rietbach-center-im-juni\/","title":{"rendered":"Bachenb\u00fclach : premier coup de pioche pour le Rietbach Center en juin"},"content":{"rendered":"<div class=\"swpm-post-not-logged-in-msg\">Vous devez \u00eatre connect\u00e9 pour voir ce contenu. Veuillez consulter <a class=\"swpm-login-link\" href=\"https:\/\/www.immobilienbusiness.ch\/fr\/login\/?swpm_redirect_to=https%3A%2F%2Fwww.immobilienbusiness.ch%2Ffr%2Fwp-json%2Fwp%2Fv2%2Fposts%2F41223\">Connexion<\/a>. Vous n'\u00eates pas membre ? <a href=\"https:\/\/www.immobilienbusiness.ch\/fr\/registrieren\/\">Nous Rejoindre<\/a><\/div>","protected":false},"excerpt":{"rendered":"<p><span><span><span><span>Le projet Rietbach Center sur la Parkallee d\u00e9butera en juin 2021 avec le premier coup de pioche. Outre des surfaces de vente au d\u00e9tail, des surfaces pour un h\u00f4tel et des services m\u00e9dicaux y seront construites.<\/span><\/span><\/span><\/span><\/p>","protected":false},"author":4,"featured_media":0,"comment_status":"closed","ping_status":"closed","sticky":false,"template":"","format":"standard","meta":{"_acf_changed":false,"_yoast_wpseo_focuskw":"Rietbach Center","_yoast_wpseo_title":"","_yoast_wpseo_metadesc":"Das Projekt Rietbach Center an der Parkallee startet im Juni 2021 mit dem ersten Spatenstich. Neben Einzelhandelsfl\u00e4chen entstehen dort Fl\u00e4chen f\u00fcr ein Hotel und medizinische Dienstleistungen.","_yoast_wpseo_linkdex":51,"pgc_sgb_lightbox_settings":"","footnotes":""},"categories":[1951],"tags":[1118,1254,1960,1317,1329,1957,2001,1643,1978],"class_list":["post-41223","post","type-post","status-publish","format-standard","hentry","category-ib","tag-buero","tag-gastronomie","tag-healthcare","tag-hotels","tag-immobilien-ag","tag-in-planung","tag-projektentwickler","tag-retail","tag-zh"],"acf":[],"yoast_head":"<!-- This site is optimized with the Yoast SEO plugin v27.4 - https:\/\/yoast.com\/product\/yoast-seo-wordpress\/ -->\n<title>Bachenb\u00fclach: Spatenstich f\u00fcr Rietbach Center im Juni - IMMOBILIEN Business<\/title>\n<meta name=\"description\" content=\"Das Projekt Rietbach Center an der Parkallee startet im Juni 2021 mit dem ersten Spatenstich. Neben Einzelhandelsfl\u00e4chen entstehen dort Fl\u00e4chen f\u00fcr ein Hotel und medizinische Dienstleistungen.\" \/>\n<meta name=\"robots\" content=\"index, follow, max-snippet:-1, max-image-preview:large, max-video-preview:-1\" \/>\n<link rel=\"canonical\" href=\"https:\/\/www.immobilienbusiness.ch\/fr\/ib\/2021-04-28\/bachenbulach-spatenstich-fur-rietbach-center-im-juni\/\" \/>\n<meta property=\"og:locale\" content=\"fr_FR\" \/>\n<meta property=\"og:type\" content=\"article\" \/>\n<meta property=\"og:title\" content=\"Bachenb\u00fclach: Spatenstich f\u00fcr Rietbach Center im Juni - IMMOBILIEN Business\" \/>\n<meta property=\"og:description\" content=\"Das Projekt Rietbach Center an der Parkallee startet im Juni 2021 mit dem ersten Spatenstich. Neben Einzelhandelsfl\u00e4chen entstehen dort Fl\u00e4chen f\u00fcr ein Hotel und medizinische Dienstleistungen.\" \/>\n<meta property=\"og:url\" content=\"https:\/\/www.immobilienbusiness.ch\/fr\/ib\/2021-04-28\/bachenbulach-spatenstich-fur-rietbach-center-im-juni\/\" \/>\n<meta property=\"og:site_name\" content=\"IMMOBILIEN Business\" \/>\n<meta property=\"article:publisher\" content=\"https:\/\/www.facebook.com\/immobilienbusiness\/\" \/>\n<meta property=\"article:published_time\" content=\"2021-04-28T21:17:06+00:00\" \/>\n<meta property=\"article:modified_time\" content=\"2023-07-03T07:09:14+00:00\" \/>\n<meta name=\"author\" content=\"mathias.rinka\" \/>\n<meta name=\"twitter:card\" content=\"summary_large_image\" \/>\n<script type=\"application\/ld+json\" class=\"yoast-schema-graph\">{\"@context\":\"https:\\\/\\\/schema.org\",\"@graph\":[{\"@type\":\"Article\",\"@id\":\"https:\\\/\\\/www.immobilienbusiness.ch\\\/ib\\\/2021-04-28\\\/bachenbulach-spatenstich-fur-rietbach-center-im-juni\\\/#article\",\"isPartOf\":{\"@id\":\"https:\\\/\\\/www.immobilienbusiness.ch\\\/ib\\\/2021-04-28\\\/bachenbulach-spatenstich-fur-rietbach-center-im-juni\\\/\"},\"author\":{\"name\":\"mathias.rinka\",\"@id\":\"https:\\\/\\\/www.immobilienbusiness.ch\\\/#\\\/schema\\\/person\\\/31be7383261ea656cfe52cad71fdc211\"},\"headline\":\"Bachenb\u00fclach: Spatenstich f\u00fcr Rietbach Center im Juni\",\"datePublished\":\"2021-04-28T21:17:06+00:00\",\"dateModified\":\"2023-07-03T07:09:14+00:00\",\"mainEntityOfPage\":{\"@id\":\"https:\\\/\\\/www.immobilienbusiness.ch\\\/ib\\\/2021-04-28\\\/bachenbulach-spatenstich-fur-rietbach-center-im-juni\\\/\"},\"wordCount\":218,\"publisher\":{\"@id\":\"https:\\\/\\\/www.immobilienbusiness.ch\\\/#organization\"},\"keywords\":[\"B\u00fcro\",\"Gastronomie\",\"Healthcare\",\"Hotels\",\"Immobilien-AG\",\"in Planung\",\"Projektentwickler\",\"Retail\",\"ZH\"],\"articleSection\":[\"IB+\"],\"inLanguage\":\"fr-FR\"},{\"@type\":\"WebPage\",\"@id\":\"https:\\\/\\\/www.immobilienbusiness.ch\\\/ib\\\/2021-04-28\\\/bachenbulach-spatenstich-fur-rietbach-center-im-juni\\\/\",\"url\":\"https:\\\/\\\/www.immobilienbusiness.ch\\\/ib\\\/2021-04-28\\\/bachenbulach-spatenstich-fur-rietbach-center-im-juni\\\/\",\"name\":\"Bachenb\u00fclach: Spatenstich f\u00fcr Rietbach Center im Juni - IMMOBILIEN Business\",\"isPartOf\":{\"@id\":\"https:\\\/\\\/www.immobilienbusiness.ch\\\/#website\"},\"datePublished\":\"2021-04-28T21:17:06+00:00\",\"dateModified\":\"2023-07-03T07:09:14+00:00\",\"description\":\"Das Projekt Rietbach Center an der Parkallee startet im Juni 2021 mit dem ersten Spatenstich. Neben Einzelhandelsfl\u00e4chen entstehen dort Fl\u00e4chen f\u00fcr ein Hotel und medizinische Dienstleistungen.\",\"breadcrumb\":{\"@id\":\"https:\\\/\\\/www.immobilienbusiness.ch\\\/ib\\\/2021-04-28\\\/bachenbulach-spatenstich-fur-rietbach-center-im-juni\\\/#breadcrumb\"},\"inLanguage\":\"fr-FR\",\"potentialAction\":[{\"@type\":\"ReadAction\",\"target\":[\"https:\\\/\\\/www.immobilienbusiness.ch\\\/ib\\\/2021-04-28\\\/bachenbulach-spatenstich-fur-rietbach-center-im-juni\\\/\"]}]},{\"@type\":\"BreadcrumbList\",\"@id\":\"https:\\\/\\\/www.immobilienbusiness.ch\\\/ib\\\/2021-04-28\\\/bachenbulach-spatenstich-fur-rietbach-center-im-juni\\\/#breadcrumb\",\"itemListElement\":[{\"@type\":\"ListItem\",\"position\":1,\"name\":\"Home\",\"item\":\"https:\\\/\\\/www.immobilienbusiness.ch\\\/\"},{\"@type\":\"ListItem\",\"position\":2,\"name\":\"Bachenb\u00fclach: Spatenstich f\u00fcr Rietbach Center im Juni\"}]},{\"@type\":\"WebSite\",\"@id\":\"https:\\\/\\\/www.immobilienbusiness.ch\\\/#website\",\"url\":\"https:\\\/\\\/www.immobilienbusiness.ch\\\/\",\"name\":\"IMMOBILIEN Business\",\"description\":\"Unabh\u00e4ngiges Schweizer Wirtschaftsmagazin mit Fokus auf Immobilien, Architektur- und Bau sowie Investment- und Finanzierung.\",\"publisher\":{\"@id\":\"https:\\\/\\\/www.immobilienbusiness.ch\\\/#organization\"},\"potentialAction\":[{\"@type\":\"SearchAction\",\"target\":{\"@type\":\"EntryPoint\",\"urlTemplate\":\"https:\\\/\\\/www.immobilienbusiness.ch\\\/?s={search_term_string}\"},\"query-input\":{\"@type\":\"PropertyValueSpecification\",\"valueRequired\":true,\"valueName\":\"search_term_string\"}}],\"inLanguage\":\"fr-FR\"},{\"@type\":\"Organization\",\"@id\":\"https:\\\/\\\/www.immobilienbusiness.ch\\\/#organization\",\"name\":\"IMMOBILIEN Business\",\"url\":\"https:\\\/\\\/www.immobilienbusiness.ch\\\/\",\"logo\":{\"@type\":\"ImageObject\",\"inLanguage\":\"fr-FR\",\"@id\":\"https:\\\/\\\/www.immobilienbusiness.ch\\\/#\\\/schema\\\/logo\\\/image\\\/\",\"url\":\"https:\\\/\\\/www.immobilienbusiness.ch\\\/wp-content\\\/uploads\\\/2021\\\/07\\\/logo_ib.png\",\"contentUrl\":\"https:\\\/\\\/www.immobilienbusiness.ch\\\/wp-content\\\/uploads\\\/2021\\\/07\\\/logo_ib.png\",\"width\":800,\"height\":181,\"caption\":\"IMMOBILIEN Business\"},\"image\":{\"@id\":\"https:\\\/\\\/www.immobilienbusiness.ch\\\/#\\\/schema\\\/logo\\\/image\\\/\"},\"sameAs\":[\"https:\\\/\\\/www.facebook.com\\\/immobilienbusiness\\\/\"]},{\"@type\":\"Person\",\"@id\":\"https:\\\/\\\/www.immobilienbusiness.ch\\\/#\\\/schema\\\/person\\\/31be7383261ea656cfe52cad71fdc211\",\"name\":\"mathias.rinka\",\"image\":{\"@type\":\"ImageObject\",\"inLanguage\":\"fr-FR\",\"@id\":\"https:\\\/\\\/secure.gravatar.com\\\/avatar\\\/?s=96&d=mm&r=g\",\"url\":\"https:\\\/\\\/secure.gravatar.com\\\/avatar\\\/?s=96&d=mm&r=g\",\"contentUrl\":\"https:\\\/\\\/secure.gravatar.com\\\/avatar\\\/?s=96&d=mm&r=g\",\"caption\":\"mathias.rinka\"},\"url\":\"https:\\\/\\\/www.immobilienbusiness.ch\\\/fr\\\/author\\\/mathias-rinka\\\/\"}]}<\/script>\n<!-- \/ Yoast SEO plugin. -->","yoast_head_json":{"title":"Bachenb\u00fclach: Spatenstich f\u00fcr Rietbach Center im Juni - IMMOBILIEN Business","description":"Le projet Rietbach Center sur la Parkallee d\u00e9butera en juin 2021 avec le premier coup de pioche. Outre des surfaces de vente au d\u00e9tail, des surfaces pour un h\u00f4tel et des services m\u00e9dicaux y seront construites.","robots":{"index":"index","follow":"follow","max-snippet":"max-snippet:-1","max-image-preview":"max-image-preview:large","max-video-preview":"max-video-preview:-1"},"canonical":"https:\/\/www.immobilienbusiness.ch\/fr\/ib\/2021-04-28\/bachenbulach-spatenstich-fur-rietbach-center-im-juni\/","og_locale":"fr_FR","og_type":"article","og_title":"Bachenb\u00fclach: Spatenstich f\u00fcr Rietbach Center im Juni - IMMOBILIEN Business","og_description":"Das Projekt Rietbach Center an der Parkallee startet im Juni 2021 mit dem ersten Spatenstich. Neben Einzelhandelsfl\u00e4chen entstehen dort Fl\u00e4chen f\u00fcr ein Hotel und medizinische Dienstleistungen.","og_url":"https:\/\/www.immobilienbusiness.ch\/fr\/ib\/2021-04-28\/bachenbulach-spatenstich-fur-rietbach-center-im-juni\/","og_site_name":"IMMOBILIEN Business","article_publisher":"https:\/\/www.facebook.com\/immobilienbusiness\/","article_published_time":"2021-04-28T21:17:06+00:00","article_modified_time":"2023-07-03T07:09:14+00:00","author":"mathias.rinka","twitter_card":"summary_large_image","schema":{"@context":"https:\/\/schema.org","@graph":[{"@type":"Article","@id":"https:\/\/www.immobilienbusiness.ch\/ib\/2021-04-28\/bachenbulach-spatenstich-fur-rietbach-center-im-juni\/#article","isPartOf":{"@id":"https:\/\/www.immobilienbusiness.ch\/ib\/2021-04-28\/bachenbulach-spatenstich-fur-rietbach-center-im-juni\/"},"author":{"name":"mathias.rinka","@id":"https:\/\/www.immobilienbusiness.ch\/#\/schema\/person\/31be7383261ea656cfe52cad71fdc211"},"headline":"Bachenb\u00fclach: Spatenstich f\u00fcr Rietbach Center im Juni","datePublished":"2021-04-28T21:17:06+00:00","dateModified":"2023-07-03T07:09:14+00:00","mainEntityOfPage":{"@id":"https:\/\/www.immobilienbusiness.ch\/ib\/2021-04-28\/bachenbulach-spatenstich-fur-rietbach-center-im-juni\/"},"wordCount":218,"publisher":{"@id":"https:\/\/www.immobilienbusiness.ch\/#organization"},"keywords":["B\u00fcro","Gastronomie","Healthcare","Hotels","Immobilien-AG","in Planung","Projektentwickler","Retail","ZH"],"articleSection":["IB+"],"inLanguage":"fr-FR"},{"@type":"WebPage","@id":"https:\/\/www.immobilienbusiness.ch\/ib\/2021-04-28\/bachenbulach-spatenstich-fur-rietbach-center-im-juni\/","url":"https:\/\/www.immobilienbusiness.ch\/ib\/2021-04-28\/bachenbulach-spatenstich-fur-rietbach-center-im-juni\/","name":"Bachenb\u00fclach: Spatenstich f\u00fcr Rietbach Center im Juni - IMMOBILIEN Business","isPartOf":{"@id":"https:\/\/www.immobilienbusiness.ch\/#website"},"datePublished":"2021-04-28T21:17:06+00:00","dateModified":"2023-07-03T07:09:14+00:00","description":"Le projet Rietbach Center sur la Parkallee d\u00e9butera en juin 2021 avec le premier coup de pioche. Outre des surfaces de vente au d\u00e9tail, des surfaces pour un h\u00f4tel et des services m\u00e9dicaux y seront construites.","breadcrumb":{"@id":"https:\/\/www.immobilienbusiness.ch\/ib\/2021-04-28\/bachenbulach-spatenstich-fur-rietbach-center-im-juni\/#breadcrumb"},"inLanguage":"fr-FR","potentialAction":[{"@type":"ReadAction","target":["https:\/\/www.immobilienbusiness.ch\/ib\/2021-04-28\/bachenbulach-spatenstich-fur-rietbach-center-im-juni\/"]}]},{"@type":"BreadcrumbList","@id":"https:\/\/www.immobilienbusiness.ch\/ib\/2021-04-28\/bachenbulach-spatenstich-fur-rietbach-center-im-juni\/#breadcrumb","itemListElement":[{"@type":"ListItem","position":1,"name":"Home","item":"https:\/\/www.immobilienbusiness.ch\/"},{"@type":"ListItem","position":2,"name":"Bachenb\u00fclach: Spatenstich f\u00fcr Rietbach Center im Juni"}]},{"@type":"WebSite","@id":"https:\/\/www.immobilienbusiness.ch\/#website","url":"https:\/\/www.immobilienbusiness.ch\/","name":"IMMOBILIER Business","description":"Magazine \u00e9conomique suisse ind\u00e9pendant ax\u00e9 sur l'immobilier, l'architecture et la construction ainsi que sur les investissements et le financement.","publisher":{"@id":"https:\/\/www.immobilienbusiness.ch\/#organization"},"potentialAction":[{"@type":"SearchAction","target":{"@type":"EntryPoint","urlTemplate":"https:\/\/www.immobilienbusiness.ch\/?s={search_term_string}"},"query-input":{"@type":"PropertyValueSpecification","valueRequired":true,"valueName":"search_term_string"}}],"inLanguage":"fr-FR"},{"@type":"Organization","@id":"https:\/\/www.immobilienbusiness.ch\/#organization","name":"IMMOBILIER Business","url":"https:\/\/www.immobilienbusiness.ch\/","logo":{"@type":"ImageObject","inLanguage":"fr-FR","@id":"https:\/\/www.immobilienbusiness.ch\/#\/schema\/logo\/image\/","url":"https:\/\/www.immobilienbusiness.ch\/wp-content\/uploads\/2021\/07\/logo_ib.png","contentUrl":"https:\/\/www.immobilienbusiness.ch\/wp-content\/uploads\/2021\/07\/logo_ib.png","width":800,"height":181,"caption":"IMMOBILIEN Business"},"image":{"@id":"https:\/\/www.immobilienbusiness.ch\/#\/schema\/logo\/image\/"},"sameAs":["https:\/\/www.facebook.com\/immobilienbusiness\/"]},{"@type":"Person","@id":"https:\/\/www.immobilienbusiness.ch\/#\/schema\/person\/31be7383261ea656cfe52cad71fdc211","name":"mathias.rinka","image":{"@type":"ImageObject","inLanguage":"fr-FR","@id":"https:\/\/secure.gravatar.com\/avatar\/?s=96&d=mm&r=g","url":"https:\/\/secure.gravatar.com\/avatar\/?s=96&d=mm&r=g","contentUrl":"https:\/\/secure.gravatar.com\/avatar\/?s=96&d=mm&r=g","caption":"mathias.rinka"},"url":"https:\/\/www.immobilienbusiness.ch\/fr\/author\/mathias-rinka\/"}]}},"_links":{"self":[{"href":"https:\/\/www.immobilienbusiness.ch\/fr\/wp-json\/wp\/v2\/posts\/41223","targetHints":{"allow":["GET"]}}],"collection":[{"href":"https:\/\/www.immobilienbusiness.ch\/fr\/wp-json\/wp\/v2\/posts"}],"about":[{"href":"https:\/\/www.immobilienbusiness.ch\/fr\/wp-json\/wp\/v2\/types\/post"}],"author":[{"embeddable":true,"href":"https:\/\/www.immobilienbusiness.ch\/fr\/wp-json\/wp\/v2\/users\/4"}],"replies":[{"embeddable":true,"href":"https:\/\/www.immobilienbusiness.ch\/fr\/wp-json\/wp\/v2\/comments?post=41223"}],"version-history":[{"count":1,"href":"https:\/\/www.immobilienbusiness.ch\/fr\/wp-json\/wp\/v2\/posts\/41223\/revisions"}],"predecessor-version":[{"id":49238,"href":"https:\/\/www.immobilienbusiness.ch\/fr\/wp-json\/wp\/v2\/posts\/41223\/revisions\/49238"}],"wp:attachment":[{"href":"https:\/\/www.immobilienbusiness.ch\/fr\/wp-json\/wp\/v2\/media?parent=41223"}],"wp:term":[{"taxonomy":"category","embeddable":true,"href":"https:\/\/www.immobilienbusiness.ch\/fr\/wp-json\/wp\/v2\/categories?post=41223"},{"taxonomy":"post_tag","embeddable":true,"href":"https:\/\/www.immobilienbusiness.ch\/fr\/wp-json\/wp\/v2\/tags?post=41223"}],"curies":[{"name":"wp","href":"https:\/\/api.w.org\/{rel}","templated":true}]}}