{"id":41024,"date":"2021-02-27T16:58:24","date_gmt":"2021-02-27T15:58:24","guid":{"rendered":"https:\/\/develop.immobilienbusiness.ch\/de\/allgemein\/2021-02-27\/heerbrugg-bald-baustart-fur-zentrum-heerbrugg\/"},"modified":"2023-07-05T15:23:11","modified_gmt":"2023-07-05T13:23:11","slug":"heerbrugg-bald-baustart-fur-zentrum-heerbrugg","status":"publish","type":"post","link":"https:\/\/www.immobilienbusiness.ch\/fr\/ib\/2021-02-27\/heerbrugg-bald-baustart-fur-zentrum-heerbrugg\/","title":{"rendered":"Heerbrugg : bient\u00f4t le d\u00e9but de la construction du \"Centre Heerbrugg"},"content":{"rendered":"<div class=\"swpm-post-not-logged-in-msg\">Vous devez \u00eatre connect\u00e9 pour voir ce contenu. Veuillez consulter <a class=\"swpm-login-link\" href=\"https:\/\/www.immobilienbusiness.ch\/fr\/login\/?swpm_redirect_to=https%3A%2F%2Fwww.immobilienbusiness.ch%2Ffr%2Fwp-json%2Fwp%2Fv2%2Fposts%2F41024\">Connexion<\/a>. Vous n'\u00eates pas membre ? <a href=\"https:\/\/www.immobilienbusiness.ch\/fr\/registrieren\/\">Nous Rejoindre<\/a><\/div>","protected":false},"excerpt":{"rendered":"<p><span><span>\u00c0 distance de marche de la gare de Herrbrugg (SG), les travaux pr\u00e9paratoires \u00e0 la construction du projet \"Centre Heerbrugg\" devraient commencer en avril 2021. Il est pr\u00e9vu de construire deux immeubles collectifs de quatre \u00e9tages comprenant des appartements en location et en propri\u00e9t\u00e9 ainsi que des surfaces commerciales dans l'un des deux rez-de-chauss\u00e9e.<\/span><\/span><\/p>","protected":false},"author":8,"featured_media":0,"comment_status":"closed","ping_status":"closed","sticky":false,"template":"","format":"standard","meta":{"_acf_changed":false,"_yoast_wpseo_focuskw":"Heerbrugg","_yoast_wpseo_title":"","_yoast_wpseo_metadesc":"In fussl\u00e4ufiger Entfernung des Bahnhofs von Herrbrugg (SG) sollen im April 2021 die bauvorbereitenden Arbeiten f\u00fcr das Projekt \u00abZentrum Heerbrugg\u00bb beginnen. Geplant sind zwei viergeschossige Mehrfamilienh\u00e4user mit Miet- und Eigentumswohnungen sowie Gewerbefl\u00e4chen in einem der beiden Erdgeschosse.","_yoast_wpseo_linkdex":53,"pgc_sgb_lightbox_settings":"","footnotes":""},"categories":[1951],"tags":[1957,1987,1989],"class_list":["post-41024","post","type-post","status-publish","format-standard","hentry","category-ib","tag-in-planung","tag-sg","tag-wohn-und-gewerbeimmobilie"],"acf":[],"yoast_head":"<!-- This site is optimized with the Yoast SEO plugin v27.4 - https:\/\/yoast.com\/product\/yoast-seo-wordpress\/ -->\n<title>Heerbrugg: Bald Baustart f\u00fcr \u00abZentrum Heerbrugg\u00bb - IMMOBILIEN Business<\/title>\n<meta name=\"description\" content=\"In fussl\u00e4ufiger Entfernung des Bahnhofs von Herrbrugg (SG) sollen im April 2021 die bauvorbereitenden Arbeiten f\u00fcr das Projekt \u00abZentrum Heerbrugg\u00bb beginnen. Geplant sind zwei viergeschossige Mehrfamilienh\u00e4user mit Miet- und Eigentumswohnungen sowie Gewerbefl\u00e4chen in einem der beiden Erdgeschosse.\" \/>\n<meta name=\"robots\" content=\"index, follow, max-snippet:-1, max-image-preview:large, max-video-preview:-1\" \/>\n<link rel=\"canonical\" href=\"https:\/\/www.immobilienbusiness.ch\/fr\/ib\/2021-02-27\/heerbrugg-bald-baustart-fur-zentrum-heerbrugg\/\" \/>\n<meta property=\"og:locale\" content=\"fr_FR\" \/>\n<meta property=\"og:type\" content=\"article\" \/>\n<meta property=\"og:title\" content=\"Heerbrugg: Bald Baustart f\u00fcr \u00abZentrum Heerbrugg\u00bb - IMMOBILIEN Business\" \/>\n<meta property=\"og:description\" content=\"In fussl\u00e4ufiger Entfernung des Bahnhofs von Herrbrugg (SG) sollen im April 2021 die bauvorbereitenden Arbeiten f\u00fcr das Projekt \u00abZentrum Heerbrugg\u00bb beginnen. Geplant sind zwei viergeschossige Mehrfamilienh\u00e4user mit Miet- und Eigentumswohnungen sowie Gewerbefl\u00e4chen in einem der beiden Erdgeschosse.\" \/>\n<meta property=\"og:url\" content=\"https:\/\/www.immobilienbusiness.ch\/fr\/ib\/2021-02-27\/heerbrugg-bald-baustart-fur-zentrum-heerbrugg\/\" \/>\n<meta property=\"og:site_name\" content=\"IMMOBILIEN Business\" \/>\n<meta property=\"article:publisher\" content=\"https:\/\/www.facebook.com\/immobilienbusiness\/\" \/>\n<meta property=\"article:published_time\" content=\"2021-02-27T15:58:24+00:00\" \/>\n<meta property=\"article:modified_time\" content=\"2023-07-05T13:23:11+00:00\" \/>\n<meta name=\"author\" content=\"birgitt.wuest\" \/>\n<meta name=\"twitter:card\" content=\"summary_large_image\" \/>\n<script type=\"application\/ld+json\" class=\"yoast-schema-graph\">{\"@context\":\"https:\\\/\\\/schema.org\",\"@graph\":[{\"@type\":\"Article\",\"@id\":\"https:\\\/\\\/www.immobilienbusiness.ch\\\/de\\\/ib\\\/2021-02-27\\\/heerbrugg-bald-baustart-fur-zentrum-heerbrugg\\\/#article\",\"isPartOf\":{\"@id\":\"https:\\\/\\\/www.immobilienbusiness.ch\\\/de\\\/ib\\\/2021-02-27\\\/heerbrugg-bald-baustart-fur-zentrum-heerbrugg\\\/\"},\"author\":{\"name\":\"birgitt.wuest\",\"@id\":\"https:\\\/\\\/www.immobilienbusiness.ch\\\/#\\\/schema\\\/person\\\/9071de3b430793052e78768378adb039\"},\"headline\":\"Heerbrugg: Bald Baustart f\u00fcr \u00abZentrum Heerbrugg\u00bb\",\"datePublished\":\"2021-02-27T15:58:24+00:00\",\"dateModified\":\"2023-07-05T13:23:11+00:00\",\"mainEntityOfPage\":{\"@id\":\"https:\\\/\\\/www.immobilienbusiness.ch\\\/de\\\/ib\\\/2021-02-27\\\/heerbrugg-bald-baustart-fur-zentrum-heerbrugg\\\/\"},\"wordCount\":210,\"publisher\":{\"@id\":\"https:\\\/\\\/www.immobilienbusiness.ch\\\/#organization\"},\"keywords\":[\"in Planung\",\"SG\",\"Wohn- und Gewerbeimmobilie\"],\"articleSection\":[\"IB+\"],\"inLanguage\":\"fr-FR\"},{\"@type\":\"WebPage\",\"@id\":\"https:\\\/\\\/www.immobilienbusiness.ch\\\/de\\\/ib\\\/2021-02-27\\\/heerbrugg-bald-baustart-fur-zentrum-heerbrugg\\\/\",\"url\":\"https:\\\/\\\/www.immobilienbusiness.ch\\\/de\\\/ib\\\/2021-02-27\\\/heerbrugg-bald-baustart-fur-zentrum-heerbrugg\\\/\",\"name\":\"Heerbrugg: Bald Baustart f\u00fcr \u00abZentrum Heerbrugg\u00bb - IMMOBILIEN Business\",\"isPartOf\":{\"@id\":\"https:\\\/\\\/www.immobilienbusiness.ch\\\/#website\"},\"datePublished\":\"2021-02-27T15:58:24+00:00\",\"dateModified\":\"2023-07-05T13:23:11+00:00\",\"description\":\"In fussl\u00e4ufiger Entfernung des Bahnhofs von Herrbrugg (SG) sollen im April 2021 die bauvorbereitenden Arbeiten f\u00fcr das Projekt \u00abZentrum Heerbrugg\u00bb beginnen. Geplant sind zwei viergeschossige Mehrfamilienh\u00e4user mit Miet- und Eigentumswohnungen sowie Gewerbefl\u00e4chen in einem der beiden Erdgeschosse.\",\"breadcrumb\":{\"@id\":\"https:\\\/\\\/www.immobilienbusiness.ch\\\/de\\\/ib\\\/2021-02-27\\\/heerbrugg-bald-baustart-fur-zentrum-heerbrugg\\\/#breadcrumb\"},\"inLanguage\":\"fr-FR\",\"potentialAction\":[{\"@type\":\"ReadAction\",\"target\":[\"https:\\\/\\\/www.immobilienbusiness.ch\\\/de\\\/ib\\\/2021-02-27\\\/heerbrugg-bald-baustart-fur-zentrum-heerbrugg\\\/\"]}]},{\"@type\":\"BreadcrumbList\",\"@id\":\"https:\\\/\\\/www.immobilienbusiness.ch\\\/de\\\/ib\\\/2021-02-27\\\/heerbrugg-bald-baustart-fur-zentrum-heerbrugg\\\/#breadcrumb\",\"itemListElement\":[{\"@type\":\"ListItem\",\"position\":1,\"name\":\"Home\",\"item\":\"https:\\\/\\\/www.immobilienbusiness.ch\\\/\"},{\"@type\":\"ListItem\",\"position\":2,\"name\":\"Heerbrugg: Bald Baustart f\u00fcr \u00abZentrum Heerbrugg\u00bb\"}]},{\"@type\":\"WebSite\",\"@id\":\"https:\\\/\\\/www.immobilienbusiness.ch\\\/#website\",\"url\":\"https:\\\/\\\/www.immobilienbusiness.ch\\\/\",\"name\":\"IMMOBILIEN Business\",\"description\":\"Unabh\u00e4ngiges Schweizer Wirtschaftsmagazin mit Fokus auf Immobilien, Architektur- und Bau sowie Investment- und Finanzierung.\",\"publisher\":{\"@id\":\"https:\\\/\\\/www.immobilienbusiness.ch\\\/#organization\"},\"potentialAction\":[{\"@type\":\"SearchAction\",\"target\":{\"@type\":\"EntryPoint\",\"urlTemplate\":\"https:\\\/\\\/www.immobilienbusiness.ch\\\/?s={search_term_string}\"},\"query-input\":{\"@type\":\"PropertyValueSpecification\",\"valueRequired\":true,\"valueName\":\"search_term_string\"}}],\"inLanguage\":\"fr-FR\"},{\"@type\":\"Organization\",\"@id\":\"https:\\\/\\\/www.immobilienbusiness.ch\\\/#organization\",\"name\":\"IMMOBILIEN Business\",\"url\":\"https:\\\/\\\/www.immobilienbusiness.ch\\\/\",\"logo\":{\"@type\":\"ImageObject\",\"inLanguage\":\"fr-FR\",\"@id\":\"https:\\\/\\\/www.immobilienbusiness.ch\\\/#\\\/schema\\\/logo\\\/image\\\/\",\"url\":\"https:\\\/\\\/www.immobilienbusiness.ch\\\/wp-content\\\/uploads\\\/2021\\\/07\\\/logo_ib.png\",\"contentUrl\":\"https:\\\/\\\/www.immobilienbusiness.ch\\\/wp-content\\\/uploads\\\/2021\\\/07\\\/logo_ib.png\",\"width\":800,\"height\":181,\"caption\":\"IMMOBILIEN Business\"},\"image\":{\"@id\":\"https:\\\/\\\/www.immobilienbusiness.ch\\\/#\\\/schema\\\/logo\\\/image\\\/\"},\"sameAs\":[\"https:\\\/\\\/www.facebook.com\\\/immobilienbusiness\\\/\"]},{\"@type\":\"Person\",\"@id\":\"https:\\\/\\\/www.immobilienbusiness.ch\\\/#\\\/schema\\\/person\\\/9071de3b430793052e78768378adb039\",\"name\":\"birgitt.wuest\",\"image\":{\"@type\":\"ImageObject\",\"inLanguage\":\"fr-FR\",\"@id\":\"https:\\\/\\\/secure.gravatar.com\\\/avatar\\\/938f7e46a2aa35420af239a36e5ed08a1034598c7d4a6d4dccff5f20b49eefca?s=96&d=mm&r=g\",\"url\":\"https:\\\/\\\/secure.gravatar.com\\\/avatar\\\/938f7e46a2aa35420af239a36e5ed08a1034598c7d4a6d4dccff5f20b49eefca?s=96&d=mm&r=g\",\"contentUrl\":\"https:\\\/\\\/secure.gravatar.com\\\/avatar\\\/938f7e46a2aa35420af239a36e5ed08a1034598c7d4a6d4dccff5f20b49eefca?s=96&d=mm&r=g\",\"caption\":\"birgitt.wuest\"},\"url\":\"https:\\\/\\\/www.immobilienbusiness.ch\\\/fr\\\/author\\\/birgitt-wuest\\\/\"}]}<\/script>\n<!-- \/ Yoast SEO plugin. -->","yoast_head_json":{"title":"Heerbrugg: Bald Baustart f\u00fcr \u00abZentrum Heerbrugg\u00bb - IMMOBILIEN Business","description":"\u00c0 distance de marche de la gare de Herrbrugg (SG), les travaux pr\u00e9paratoires \u00e0 la construction du projet \"Centre Heerbrugg\" devraient commencer en avril 2021. Il est pr\u00e9vu de construire deux immeubles collectifs de quatre \u00e9tages comprenant des appartements en location et en propri\u00e9t\u00e9 ainsi que des surfaces commerciales dans l'un des deux rez-de-chauss\u00e9e.","robots":{"index":"index","follow":"follow","max-snippet":"max-snippet:-1","max-image-preview":"max-image-preview:large","max-video-preview":"max-video-preview:-1"},"canonical":"https:\/\/www.immobilienbusiness.ch\/fr\/ib\/2021-02-27\/heerbrugg-bald-baustart-fur-zentrum-heerbrugg\/","og_locale":"fr_FR","og_type":"article","og_title":"Heerbrugg: Bald Baustart f\u00fcr \u00abZentrum Heerbrugg\u00bb - IMMOBILIEN Business","og_description":"In fussl\u00e4ufiger Entfernung des Bahnhofs von Herrbrugg (SG) sollen im April 2021 die bauvorbereitenden Arbeiten f\u00fcr das Projekt \u00abZentrum Heerbrugg\u00bb beginnen. Geplant sind zwei viergeschossige Mehrfamilienh\u00e4user mit Miet- und Eigentumswohnungen sowie Gewerbefl\u00e4chen in einem der beiden Erdgeschosse.","og_url":"https:\/\/www.immobilienbusiness.ch\/fr\/ib\/2021-02-27\/heerbrugg-bald-baustart-fur-zentrum-heerbrugg\/","og_site_name":"IMMOBILIEN Business","article_publisher":"https:\/\/www.facebook.com\/immobilienbusiness\/","article_published_time":"2021-02-27T15:58:24+00:00","article_modified_time":"2023-07-05T13:23:11+00:00","author":"birgitt.wuest","twitter_card":"summary_large_image","schema":{"@context":"https:\/\/schema.org","@graph":[{"@type":"Article","@id":"https:\/\/www.immobilienbusiness.ch\/de\/ib\/2021-02-27\/heerbrugg-bald-baustart-fur-zentrum-heerbrugg\/#article","isPartOf":{"@id":"https:\/\/www.immobilienbusiness.ch\/de\/ib\/2021-02-27\/heerbrugg-bald-baustart-fur-zentrum-heerbrugg\/"},"author":{"name":"birgitt.wuest","@id":"https:\/\/www.immobilienbusiness.ch\/#\/schema\/person\/9071de3b430793052e78768378adb039"},"headline":"Heerbrugg: Bald Baustart f\u00fcr \u00abZentrum Heerbrugg\u00bb","datePublished":"2021-02-27T15:58:24+00:00","dateModified":"2023-07-05T13:23:11+00:00","mainEntityOfPage":{"@id":"https:\/\/www.immobilienbusiness.ch\/de\/ib\/2021-02-27\/heerbrugg-bald-baustart-fur-zentrum-heerbrugg\/"},"wordCount":210,"publisher":{"@id":"https:\/\/www.immobilienbusiness.ch\/#organization"},"keywords":["in Planung","SG","Wohn- und Gewerbeimmobilie"],"articleSection":["IB+"],"inLanguage":"fr-FR"},{"@type":"WebPage","@id":"https:\/\/www.immobilienbusiness.ch\/de\/ib\/2021-02-27\/heerbrugg-bald-baustart-fur-zentrum-heerbrugg\/","url":"https:\/\/www.immobilienbusiness.ch\/de\/ib\/2021-02-27\/heerbrugg-bald-baustart-fur-zentrum-heerbrugg\/","name":"Heerbrugg: Bald Baustart f\u00fcr \u00abZentrum Heerbrugg\u00bb - IMMOBILIEN Business","isPartOf":{"@id":"https:\/\/www.immobilienbusiness.ch\/#website"},"datePublished":"2021-02-27T15:58:24+00:00","dateModified":"2023-07-05T13:23:11+00:00","description":"\u00c0 distance de marche de la gare de Herrbrugg (SG), les travaux pr\u00e9paratoires \u00e0 la construction du projet \"Centre Heerbrugg\" devraient commencer en avril 2021. Il est pr\u00e9vu de construire deux immeubles collectifs de quatre \u00e9tages comprenant des appartements en location et en propri\u00e9t\u00e9 ainsi que des surfaces commerciales dans l'un des deux rez-de-chauss\u00e9e.","breadcrumb":{"@id":"https:\/\/www.immobilienbusiness.ch\/de\/ib\/2021-02-27\/heerbrugg-bald-baustart-fur-zentrum-heerbrugg\/#breadcrumb"},"inLanguage":"fr-FR","potentialAction":[{"@type":"ReadAction","target":["https:\/\/www.immobilienbusiness.ch\/de\/ib\/2021-02-27\/heerbrugg-bald-baustart-fur-zentrum-heerbrugg\/"]}]},{"@type":"BreadcrumbList","@id":"https:\/\/www.immobilienbusiness.ch\/de\/ib\/2021-02-27\/heerbrugg-bald-baustart-fur-zentrum-heerbrugg\/#breadcrumb","itemListElement":[{"@type":"ListItem","position":1,"name":"Home","item":"https:\/\/www.immobilienbusiness.ch\/"},{"@type":"ListItem","position":2,"name":"Heerbrugg: Bald Baustart f\u00fcr \u00abZentrum Heerbrugg\u00bb"}]},{"@type":"WebSite","@id":"https:\/\/www.immobilienbusiness.ch\/#website","url":"https:\/\/www.immobilienbusiness.ch\/","name":"IMMOBILIER Business","description":"Magazine \u00e9conomique suisse ind\u00e9pendant ax\u00e9 sur l'immobilier, l'architecture et la construction ainsi que sur les investissements et le financement.","publisher":{"@id":"https:\/\/www.immobilienbusiness.ch\/#organization"},"potentialAction":[{"@type":"SearchAction","target":{"@type":"EntryPoint","urlTemplate":"https:\/\/www.immobilienbusiness.ch\/?s={search_term_string}"},"query-input":{"@type":"PropertyValueSpecification","valueRequired":true,"valueName":"search_term_string"}}],"inLanguage":"fr-FR"},{"@type":"Organization","@id":"https:\/\/www.immobilienbusiness.ch\/#organization","name":"IMMOBILIER Business","url":"https:\/\/www.immobilienbusiness.ch\/","logo":{"@type":"ImageObject","inLanguage":"fr-FR","@id":"https:\/\/www.immobilienbusiness.ch\/#\/schema\/logo\/image\/","url":"https:\/\/www.immobilienbusiness.ch\/wp-content\/uploads\/2021\/07\/logo_ib.png","contentUrl":"https:\/\/www.immobilienbusiness.ch\/wp-content\/uploads\/2021\/07\/logo_ib.png","width":800,"height":181,"caption":"IMMOBILIEN Business"},"image":{"@id":"https:\/\/www.immobilienbusiness.ch\/#\/schema\/logo\/image\/"},"sameAs":["https:\/\/www.facebook.com\/immobilienbusiness\/"]},{"@type":"Person","@id":"https:\/\/www.immobilienbusiness.ch\/#\/schema\/person\/9071de3b430793052e78768378adb039","name":"birgitt.wuest","image":{"@type":"ImageObject","inLanguage":"fr-FR","@id":"https:\/\/secure.gravatar.com\/avatar\/938f7e46a2aa35420af239a36e5ed08a1034598c7d4a6d4dccff5f20b49eefca?s=96&d=mm&r=g","url":"https:\/\/secure.gravatar.com\/avatar\/938f7e46a2aa35420af239a36e5ed08a1034598c7d4a6d4dccff5f20b49eefca?s=96&d=mm&r=g","contentUrl":"https:\/\/secure.gravatar.com\/avatar\/938f7e46a2aa35420af239a36e5ed08a1034598c7d4a6d4dccff5f20b49eefca?s=96&d=mm&r=g","caption":"birgitt.wuest"},"url":"https:\/\/www.immobilienbusiness.ch\/fr\/author\/birgitt-wuest\/"}]}},"_links":{"self":[{"href":"https:\/\/www.immobilienbusiness.ch\/fr\/wp-json\/wp\/v2\/posts\/41024","targetHints":{"allow":["GET"]}}],"collection":[{"href":"https:\/\/www.immobilienbusiness.ch\/fr\/wp-json\/wp\/v2\/posts"}],"about":[{"href":"https:\/\/www.immobilienbusiness.ch\/fr\/wp-json\/wp\/v2\/types\/post"}],"author":[{"embeddable":true,"href":"https:\/\/www.immobilienbusiness.ch\/fr\/wp-json\/wp\/v2\/users\/8"}],"replies":[{"embeddable":true,"href":"https:\/\/www.immobilienbusiness.ch\/fr\/wp-json\/wp\/v2\/comments?post=41024"}],"version-history":[{"count":1,"href":"https:\/\/www.immobilienbusiness.ch\/fr\/wp-json\/wp\/v2\/posts\/41024\/revisions"}],"predecessor-version":[{"id":49640,"href":"https:\/\/www.immobilienbusiness.ch\/fr\/wp-json\/wp\/v2\/posts\/41024\/revisions\/49640"}],"wp:attachment":[{"href":"https:\/\/www.immobilienbusiness.ch\/fr\/wp-json\/wp\/v2\/media?parent=41024"}],"wp:term":[{"taxonomy":"category","embeddable":true,"href":"https:\/\/www.immobilienbusiness.ch\/fr\/wp-json\/wp\/v2\/categories?post=41024"},{"taxonomy":"post_tag","embeddable":true,"href":"https:\/\/www.immobilienbusiness.ch\/fr\/wp-json\/wp\/v2\/tags?post=41024"}],"curies":[{"name":"wp","href":"https:\/\/api.w.org\/{rel}","templated":true}]}}