{"id":40934,"date":"2021-02-01T09:07:14","date_gmt":"2021-02-01T08:07:14","guid":{"rendered":"https:\/\/develop.immobilienbusiness.ch\/de\/allgemein\/2021-02-01\/bern-abstimmung-uber-neue-festhalle-steht-bevor\/"},"modified":"2023-07-06T10:21:22","modified_gmt":"2023-07-06T08:21:22","slug":"bern-abstimmung-uber-neue-festhalle-steht-bevor","status":"publish","type":"post","link":"https:\/\/www.immobilienbusiness.ch\/fr\/ib\/2021-02-01\/bern-abstimmung-uber-neue-festhalle-steht-bevor\/","title":{"rendered":"Berne : le vote sur le nouveau Festival Hall est imminent"},"content":{"rendered":"<div class=\"swpm-post-not-logged-in-msg\">Vous devez \u00eatre connect\u00e9 pour voir ce contenu. Veuillez consulter <a class=\"swpm-login-link\" href=\"https:\/\/www.immobilienbusiness.ch\/fr\/login\/?swpm_redirect_to=https%3A%2F%2Fwww.immobilienbusiness.ch%2Ffr%2Fwp-json%2Fwp%2Fv2%2Fposts%2F40934\">Connexion<\/a>. Vous n'\u00eates pas membre ? <a href=\"https:\/\/www.immobilienbusiness.ch\/fr\/registrieren\/\">Nous Rejoindre<\/a><\/div>","protected":false},"excerpt":{"rendered":"<p><span><span><span>Le 7 mars 2021, la population de la ville de Berne votera sur la construction de la Nouvelle salle des f\u00eates sur le site de Bernexpo. Il est pr\u00e9vu de construire une halle multifonctionnelle pouvant accueillir environ 9.000 personnes.<\/span><\/span><\/span><\/p>","protected":false},"author":3,"featured_media":0,"comment_status":"closed","ping_status":"closed","sticky":false,"template":"","format":"standard","meta":{"_acf_changed":false,"_yoast_wpseo_focuskw":"Neue Festhalle","_yoast_wpseo_title":"","_yoast_wpseo_metadesc":"Am 7. M\u00e4rz 2021 stimmt die Stadtberner Bev\u00f6lkerung \u00fcber den Bau der Neuen Festhalle auf dem Gel\u00e4nde der Bernexpo ab. Geplant ist eine multifunktionale Halle mit Platz f\u00fcr rund 9.000 Personen.","_yoast_wpseo_linkdex":51,"pgc_sgb_lightbox_settings":"","footnotes":""},"categories":[1951],"tags":[1974,1246,1957],"class_list":["post-40934","post","type-post","status-publish","format-standard","hentry","category-ib","tag-be","tag-freizeitimmobilien","tag-in-planung"],"acf":[],"yoast_head":"<!-- This site is optimized with the Yoast SEO plugin v27.5 - https:\/\/yoast.com\/product\/yoast-seo-wordpress\/ -->\n<title>Bern: Abstimmung \u00fcber Neue Festhalle steht bevor - IMMOBILIEN Business<\/title>\n<meta name=\"description\" content=\"Am 7. M\u00e4rz 2021 stimmt die Stadtberner Bev\u00f6lkerung \u00fcber den Bau der Neuen Festhalle auf dem Gel\u00e4nde der Bernexpo ab. Geplant ist eine multifunktionale Halle mit Platz f\u00fcr rund 9.000 Personen.\" \/>\n<meta name=\"robots\" content=\"index, follow, max-snippet:-1, max-image-preview:large, max-video-preview:-1\" \/>\n<link rel=\"canonical\" href=\"https:\/\/www.immobilienbusiness.ch\/fr\/ib\/2021-02-01\/bern-abstimmung-uber-neue-festhalle-steht-bevor\/\" \/>\n<meta property=\"og:locale\" content=\"fr_FR\" \/>\n<meta property=\"og:type\" content=\"article\" \/>\n<meta property=\"og:title\" content=\"Bern: Abstimmung \u00fcber Neue Festhalle steht bevor - IMMOBILIEN Business\" \/>\n<meta property=\"og:description\" content=\"Am 7. M\u00e4rz 2021 stimmt die Stadtberner Bev\u00f6lkerung \u00fcber den Bau der Neuen Festhalle auf dem Gel\u00e4nde der Bernexpo ab. Geplant ist eine multifunktionale Halle mit Platz f\u00fcr rund 9.000 Personen.\" \/>\n<meta property=\"og:url\" content=\"https:\/\/www.immobilienbusiness.ch\/fr\/ib\/2021-02-01\/bern-abstimmung-uber-neue-festhalle-steht-bevor\/\" \/>\n<meta property=\"og:site_name\" content=\"IMMOBILIEN Business\" \/>\n<meta property=\"article:publisher\" content=\"https:\/\/www.facebook.com\/immobilienbusiness\/\" \/>\n<meta property=\"article:published_time\" content=\"2021-02-01T08:07:14+00:00\" \/>\n<meta property=\"article:modified_time\" content=\"2023-07-06T08:21:22+00:00\" \/>\n<meta name=\"author\" content=\"anja.hall\" \/>\n<meta name=\"twitter:card\" content=\"summary_large_image\" \/>\n<script type=\"application\/ld+json\" class=\"yoast-schema-graph\">{\"@context\":\"https:\\\/\\\/schema.org\",\"@graph\":[{\"@type\":\"Article\",\"@id\":\"https:\\\/\\\/www.immobilienbusiness.ch\\\/it\\\/ib\\\/2021-02-01\\\/bern-abstimmung-uber-neue-festhalle-steht-bevor\\\/#article\",\"isPartOf\":{\"@id\":\"https:\\\/\\\/www.immobilienbusiness.ch\\\/it\\\/ib\\\/2021-02-01\\\/bern-abstimmung-uber-neue-festhalle-steht-bevor\\\/\"},\"author\":{\"name\":\"anja.hall\",\"@id\":\"https:\\\/\\\/www.immobilienbusiness.ch\\\/#\\\/schema\\\/person\\\/3fc036297b10b9f42d6db5ee932af8c8\"},\"headline\":\"Bern: Abstimmung \u00fcber Neue Festhalle steht bevor\",\"datePublished\":\"2021-02-01T08:07:14+00:00\",\"dateModified\":\"2023-07-06T08:21:22+00:00\",\"mainEntityOfPage\":{\"@id\":\"https:\\\/\\\/www.immobilienbusiness.ch\\\/it\\\/ib\\\/2021-02-01\\\/bern-abstimmung-uber-neue-festhalle-steht-bevor\\\/\"},\"wordCount\":165,\"publisher\":{\"@id\":\"https:\\\/\\\/www.immobilienbusiness.ch\\\/#organization\"},\"keywords\":[\"BE\",\"Freizeitimmobilien\",\"in Planung\"],\"articleSection\":[\"IB+\"],\"inLanguage\":\"fr-FR\"},{\"@type\":\"WebPage\",\"@id\":\"https:\\\/\\\/www.immobilienbusiness.ch\\\/it\\\/ib\\\/2021-02-01\\\/bern-abstimmung-uber-neue-festhalle-steht-bevor\\\/\",\"url\":\"https:\\\/\\\/www.immobilienbusiness.ch\\\/it\\\/ib\\\/2021-02-01\\\/bern-abstimmung-uber-neue-festhalle-steht-bevor\\\/\",\"name\":\"Bern: Abstimmung \u00fcber Neue Festhalle steht bevor - IMMOBILIEN Business\",\"isPartOf\":{\"@id\":\"https:\\\/\\\/www.immobilienbusiness.ch\\\/#website\"},\"datePublished\":\"2021-02-01T08:07:14+00:00\",\"dateModified\":\"2023-07-06T08:21:22+00:00\",\"description\":\"Am 7. M\u00e4rz 2021 stimmt die Stadtberner Bev\u00f6lkerung \u00fcber den Bau der Neuen Festhalle auf dem Gel\u00e4nde der Bernexpo ab. Geplant ist eine multifunktionale Halle mit Platz f\u00fcr rund 9.000 Personen.\",\"breadcrumb\":{\"@id\":\"https:\\\/\\\/www.immobilienbusiness.ch\\\/it\\\/ib\\\/2021-02-01\\\/bern-abstimmung-uber-neue-festhalle-steht-bevor\\\/#breadcrumb\"},\"inLanguage\":\"fr-FR\",\"potentialAction\":[{\"@type\":\"ReadAction\",\"target\":[\"https:\\\/\\\/www.immobilienbusiness.ch\\\/it\\\/ib\\\/2021-02-01\\\/bern-abstimmung-uber-neue-festhalle-steht-bevor\\\/\"]}]},{\"@type\":\"BreadcrumbList\",\"@id\":\"https:\\\/\\\/www.immobilienbusiness.ch\\\/it\\\/ib\\\/2021-02-01\\\/bern-abstimmung-uber-neue-festhalle-steht-bevor\\\/#breadcrumb\",\"itemListElement\":[{\"@type\":\"ListItem\",\"position\":1,\"name\":\"Home\",\"item\":\"https:\\\/\\\/www.immobilienbusiness.ch\\\/\"},{\"@type\":\"ListItem\",\"position\":2,\"name\":\"Bern: Abstimmung \u00fcber Neue Festhalle steht bevor\"}]},{\"@type\":\"WebSite\",\"@id\":\"https:\\\/\\\/www.immobilienbusiness.ch\\\/#website\",\"url\":\"https:\\\/\\\/www.immobilienbusiness.ch\\\/\",\"name\":\"IMMOBILIEN Business\",\"description\":\"Unabh\u00e4ngiges Schweizer Wirtschaftsmagazin mit Fokus auf Immobilien, Architektur- und Bau sowie Investment- und Finanzierung.\",\"publisher\":{\"@id\":\"https:\\\/\\\/www.immobilienbusiness.ch\\\/#organization\"},\"potentialAction\":[{\"@type\":\"SearchAction\",\"target\":{\"@type\":\"EntryPoint\",\"urlTemplate\":\"https:\\\/\\\/www.immobilienbusiness.ch\\\/?s={search_term_string}\"},\"query-input\":{\"@type\":\"PropertyValueSpecification\",\"valueRequired\":true,\"valueName\":\"search_term_string\"}}],\"inLanguage\":\"fr-FR\"},{\"@type\":\"Organization\",\"@id\":\"https:\\\/\\\/www.immobilienbusiness.ch\\\/#organization\",\"name\":\"IMMOBILIEN Business\",\"url\":\"https:\\\/\\\/www.immobilienbusiness.ch\\\/\",\"logo\":{\"@type\":\"ImageObject\",\"inLanguage\":\"fr-FR\",\"@id\":\"https:\\\/\\\/www.immobilienbusiness.ch\\\/#\\\/schema\\\/logo\\\/image\\\/\",\"url\":\"https:\\\/\\\/www.immobilienbusiness.ch\\\/wp-content\\\/uploads\\\/2021\\\/07\\\/logo_ib.png\",\"contentUrl\":\"https:\\\/\\\/www.immobilienbusiness.ch\\\/wp-content\\\/uploads\\\/2021\\\/07\\\/logo_ib.png\",\"width\":800,\"height\":181,\"caption\":\"IMMOBILIEN Business\"},\"image\":{\"@id\":\"https:\\\/\\\/www.immobilienbusiness.ch\\\/#\\\/schema\\\/logo\\\/image\\\/\"},\"sameAs\":[\"https:\\\/\\\/www.facebook.com\\\/immobilienbusiness\\\/\"]},{\"@type\":\"Person\",\"@id\":\"https:\\\/\\\/www.immobilienbusiness.ch\\\/#\\\/schema\\\/person\\\/3fc036297b10b9f42d6db5ee932af8c8\",\"name\":\"anja.hall\",\"image\":{\"@type\":\"ImageObject\",\"inLanguage\":\"fr-FR\",\"@id\":\"https:\\\/\\\/secure.gravatar.com\\\/avatar\\\/066b5a0d447013502c71a5782f4f3469f03cfe595cc2329fb94652fe47511bfb?s=96&d=mm&r=g\",\"url\":\"https:\\\/\\\/secure.gravatar.com\\\/avatar\\\/066b5a0d447013502c71a5782f4f3469f03cfe595cc2329fb94652fe47511bfb?s=96&d=mm&r=g\",\"contentUrl\":\"https:\\\/\\\/secure.gravatar.com\\\/avatar\\\/066b5a0d447013502c71a5782f4f3469f03cfe595cc2329fb94652fe47511bfb?s=96&d=mm&r=g\",\"caption\":\"anja.hall\"},\"url\":\"https:\\\/\\\/www.immobilienbusiness.ch\\\/fr\\\/author\\\/anja-hall\\\/\"}]}<\/script>\n<!-- \/ Yoast SEO plugin. -->","yoast_head_json":{"title":"Bern: Abstimmung \u00fcber Neue Festhalle steht bevor - IMMOBILIEN Business","description":"Le 7 mars 2021, la population de la ville de Berne votera sur la construction de la Nouvelle salle des f\u00eates sur le site de Bernexpo. Il est pr\u00e9vu de construire une halle multifonctionnelle pouvant accueillir environ 9.000 personnes.","robots":{"index":"index","follow":"follow","max-snippet":"max-snippet:-1","max-image-preview":"max-image-preview:large","max-video-preview":"max-video-preview:-1"},"canonical":"https:\/\/www.immobilienbusiness.ch\/fr\/ib\/2021-02-01\/bern-abstimmung-uber-neue-festhalle-steht-bevor\/","og_locale":"fr_FR","og_type":"article","og_title":"Bern: Abstimmung \u00fcber Neue Festhalle steht bevor - IMMOBILIEN Business","og_description":"Am 7. M\u00e4rz 2021 stimmt die Stadtberner Bev\u00f6lkerung \u00fcber den Bau der Neuen Festhalle auf dem Gel\u00e4nde der Bernexpo ab. Geplant ist eine multifunktionale Halle mit Platz f\u00fcr rund 9.000 Personen.","og_url":"https:\/\/www.immobilienbusiness.ch\/fr\/ib\/2021-02-01\/bern-abstimmung-uber-neue-festhalle-steht-bevor\/","og_site_name":"IMMOBILIEN Business","article_publisher":"https:\/\/www.facebook.com\/immobilienbusiness\/","article_published_time":"2021-02-01T08:07:14+00:00","article_modified_time":"2023-07-06T08:21:22+00:00","author":"anja.hall","twitter_card":"summary_large_image","schema":{"@context":"https:\/\/schema.org","@graph":[{"@type":"Article","@id":"https:\/\/www.immobilienbusiness.ch\/it\/ib\/2021-02-01\/bern-abstimmung-uber-neue-festhalle-steht-bevor\/#article","isPartOf":{"@id":"https:\/\/www.immobilienbusiness.ch\/it\/ib\/2021-02-01\/bern-abstimmung-uber-neue-festhalle-steht-bevor\/"},"author":{"name":"anja.hall","@id":"https:\/\/www.immobilienbusiness.ch\/#\/schema\/person\/3fc036297b10b9f42d6db5ee932af8c8"},"headline":"Bern: Abstimmung \u00fcber Neue Festhalle steht bevor","datePublished":"2021-02-01T08:07:14+00:00","dateModified":"2023-07-06T08:21:22+00:00","mainEntityOfPage":{"@id":"https:\/\/www.immobilienbusiness.ch\/it\/ib\/2021-02-01\/bern-abstimmung-uber-neue-festhalle-steht-bevor\/"},"wordCount":165,"publisher":{"@id":"https:\/\/www.immobilienbusiness.ch\/#organization"},"keywords":["BE","Freizeitimmobilien","in Planung"],"articleSection":["IB+"],"inLanguage":"fr-FR"},{"@type":"WebPage","@id":"https:\/\/www.immobilienbusiness.ch\/it\/ib\/2021-02-01\/bern-abstimmung-uber-neue-festhalle-steht-bevor\/","url":"https:\/\/www.immobilienbusiness.ch\/it\/ib\/2021-02-01\/bern-abstimmung-uber-neue-festhalle-steht-bevor\/","name":"Bern: Abstimmung \u00fcber Neue Festhalle steht bevor - IMMOBILIEN Business","isPartOf":{"@id":"https:\/\/www.immobilienbusiness.ch\/#website"},"datePublished":"2021-02-01T08:07:14+00:00","dateModified":"2023-07-06T08:21:22+00:00","description":"Le 7 mars 2021, la population de la ville de Berne votera sur la construction de la Nouvelle salle des f\u00eates sur le site de Bernexpo. Il est pr\u00e9vu de construire une halle multifonctionnelle pouvant accueillir environ 9.000 personnes.","breadcrumb":{"@id":"https:\/\/www.immobilienbusiness.ch\/it\/ib\/2021-02-01\/bern-abstimmung-uber-neue-festhalle-steht-bevor\/#breadcrumb"},"inLanguage":"fr-FR","potentialAction":[{"@type":"ReadAction","target":["https:\/\/www.immobilienbusiness.ch\/it\/ib\/2021-02-01\/bern-abstimmung-uber-neue-festhalle-steht-bevor\/"]}]},{"@type":"BreadcrumbList","@id":"https:\/\/www.immobilienbusiness.ch\/it\/ib\/2021-02-01\/bern-abstimmung-uber-neue-festhalle-steht-bevor\/#breadcrumb","itemListElement":[{"@type":"ListItem","position":1,"name":"Home","item":"https:\/\/www.immobilienbusiness.ch\/"},{"@type":"ListItem","position":2,"name":"Bern: Abstimmung \u00fcber Neue Festhalle steht bevor"}]},{"@type":"WebSite","@id":"https:\/\/www.immobilienbusiness.ch\/#website","url":"https:\/\/www.immobilienbusiness.ch\/","name":"IMMOBILIER Business","description":"Magazine \u00e9conomique suisse ind\u00e9pendant ax\u00e9 sur l'immobilier, l'architecture et la construction ainsi que sur les investissements et le financement.","publisher":{"@id":"https:\/\/www.immobilienbusiness.ch\/#organization"},"potentialAction":[{"@type":"SearchAction","target":{"@type":"EntryPoint","urlTemplate":"https:\/\/www.immobilienbusiness.ch\/?s={search_term_string}"},"query-input":{"@type":"PropertyValueSpecification","valueRequired":true,"valueName":"search_term_string"}}],"inLanguage":"fr-FR"},{"@type":"Organization","@id":"https:\/\/www.immobilienbusiness.ch\/#organization","name":"IMMOBILIER Business","url":"https:\/\/www.immobilienbusiness.ch\/","logo":{"@type":"ImageObject","inLanguage":"fr-FR","@id":"https:\/\/www.immobilienbusiness.ch\/#\/schema\/logo\/image\/","url":"https:\/\/www.immobilienbusiness.ch\/wp-content\/uploads\/2021\/07\/logo_ib.png","contentUrl":"https:\/\/www.immobilienbusiness.ch\/wp-content\/uploads\/2021\/07\/logo_ib.png","width":800,"height":181,"caption":"IMMOBILIEN Business"},"image":{"@id":"https:\/\/www.immobilienbusiness.ch\/#\/schema\/logo\/image\/"},"sameAs":["https:\/\/www.facebook.com\/immobilienbusiness\/"]},{"@type":"Person","@id":"https:\/\/www.immobilienbusiness.ch\/#\/schema\/person\/3fc036297b10b9f42d6db5ee932af8c8","name":"anja.hall","image":{"@type":"ImageObject","inLanguage":"fr-FR","@id":"https:\/\/secure.gravatar.com\/avatar\/066b5a0d447013502c71a5782f4f3469f03cfe595cc2329fb94652fe47511bfb?s=96&d=mm&r=g","url":"https:\/\/secure.gravatar.com\/avatar\/066b5a0d447013502c71a5782f4f3469f03cfe595cc2329fb94652fe47511bfb?s=96&d=mm&r=g","contentUrl":"https:\/\/secure.gravatar.com\/avatar\/066b5a0d447013502c71a5782f4f3469f03cfe595cc2329fb94652fe47511bfb?s=96&d=mm&r=g","caption":"anja.hall"},"url":"https:\/\/www.immobilienbusiness.ch\/fr\/author\/anja-hall\/"}]}},"_links":{"self":[{"href":"https:\/\/www.immobilienbusiness.ch\/fr\/wp-json\/wp\/v2\/posts\/40934","targetHints":{"allow":["GET"]}}],"collection":[{"href":"https:\/\/www.immobilienbusiness.ch\/fr\/wp-json\/wp\/v2\/posts"}],"about":[{"href":"https:\/\/www.immobilienbusiness.ch\/fr\/wp-json\/wp\/v2\/types\/post"}],"author":[{"embeddable":true,"href":"https:\/\/www.immobilienbusiness.ch\/fr\/wp-json\/wp\/v2\/users\/3"}],"replies":[{"embeddable":true,"href":"https:\/\/www.immobilienbusiness.ch\/fr\/wp-json\/wp\/v2\/comments?post=40934"}],"version-history":[{"count":1,"href":"https:\/\/www.immobilienbusiness.ch\/fr\/wp-json\/wp\/v2\/posts\/40934\/revisions"}],"predecessor-version":[{"id":49851,"href":"https:\/\/www.immobilienbusiness.ch\/fr\/wp-json\/wp\/v2\/posts\/40934\/revisions\/49851"}],"wp:attachment":[{"href":"https:\/\/www.immobilienbusiness.ch\/fr\/wp-json\/wp\/v2\/media?parent=40934"}],"wp:term":[{"taxonomy":"category","embeddable":true,"href":"https:\/\/www.immobilienbusiness.ch\/fr\/wp-json\/wp\/v2\/categories?post=40934"},{"taxonomy":"post_tag","embeddable":true,"href":"https:\/\/www.immobilienbusiness.ch\/fr\/wp-json\/wp\/v2\/tags?post=40934"}],"curies":[{"name":"wp","href":"https:\/\/api.w.org\/{rel}","templated":true}]}}