{"id":40931,"date":"2021-01-28T15:47:18","date_gmt":"2021-01-28T14:47:18","guid":{"rendered":"https:\/\/develop.immobilienbusiness.ch\/de\/allgemein\/2021-01-28\/malans-debrunner-acifer-neu-im-grischa-center\/"},"modified":"2023-07-06T12:13:42","modified_gmt":"2023-07-06T10:13:42","slug":"malans-debrunner-acifer-neu-im-grischa-center","status":"publish","type":"post","link":"https:\/\/www.immobilienbusiness.ch\/fr\/ib\/2021-01-28\/malans-debrunner-acifer-neu-im-grischa-center\/","title":{"rendered":"Malans : Debrunner Acifer d\u00e9sormais au Grischa Center"},"content":{"rendered":"<div class=\"swpm-post-not-logged-in-msg\">Vous devez \u00eatre connect\u00e9 pour voir ce contenu. Veuillez consulter <a class=\"swpm-login-link\" href=\"https:\/\/www.immobilienbusiness.ch\/fr\/login\/?swpm_redirect_to=https%3A%2F%2Fwww.immobilienbusiness.ch%2Ffr%2Fwp-json%2Fwp%2Fv2%2Fposts%2F40931\">Connexion<\/a>. Vous n'\u00eates pas membre ? <a href=\"https:\/\/www.immobilienbusiness.ch\/fr\/registrieren\/\">Nous Rejoindre<\/a><\/div>","protected":false},"excerpt":{"rendered":"<p><span><span>Debrunner Acifer AG a quitt\u00e9 son ancien site de Landquart pour s'installer au Grischa Center. Le centre des artisans, l'entrep\u00f4t de retrait et les bureaux de vente s'y trouvent sur un seul niveau au rez-de-chauss\u00e9e.<\/span><\/span><\/p>","protected":false},"author":8,"featured_media":0,"comment_status":"closed","ping_status":"closed","sticky":false,"template":"","format":"standard","meta":{"_acf_changed":false,"_yoast_wpseo_focuskw":"Malans","_yoast_wpseo_title":"","_yoast_wpseo_metadesc":"Die Debrunner Acifer AG ist vom bisherigen Standort in Landquart ins Grischa Center gewechselt. Dort befinden sich das Handwerkerzentrum, Abhollager und Verkaufsb\u00fcros auf einer Ebene im Erdgeschoss.","_yoast_wpseo_linkdex":49,"pgc_sgb_lightbox_settings":"","footnotes":""},"categories":[1951],"tags":[1999,1643,1962,1832],"class_list":["post-40931","post","type-post","status-publish","format-standard","hentry","category-ib","tag-gr","tag-retail","tag-verfugbare-flache","tag-vermietung"],"acf":[],"yoast_head":"<!-- This site is optimized with the Yoast SEO plugin v27.4 - https:\/\/yoast.com\/product\/yoast-seo-wordpress\/ -->\n<title>Malans: Debrunner Acifer neu im Grischa Center - IMMOBILIEN Business<\/title>\n<meta name=\"description\" content=\"Die Debrunner Acifer AG ist vom bisherigen Standort in Landquart ins Grischa Center gewechselt. Dort befinden sich das Handwerkerzentrum, Abhollager und Verkaufsb\u00fcros auf einer Ebene im Erdgeschoss.\" \/>\n<meta name=\"robots\" content=\"index, follow, max-snippet:-1, max-image-preview:large, max-video-preview:-1\" \/>\n<link rel=\"canonical\" href=\"https:\/\/www.immobilienbusiness.ch\/fr\/ib\/2021-01-28\/malans-debrunner-acifer-neu-im-grischa-center\/\" \/>\n<meta property=\"og:locale\" content=\"fr_FR\" \/>\n<meta property=\"og:type\" content=\"article\" \/>\n<meta property=\"og:title\" content=\"Malans: Debrunner Acifer neu im Grischa Center - IMMOBILIEN Business\" \/>\n<meta property=\"og:description\" content=\"Die Debrunner Acifer AG ist vom bisherigen Standort in Landquart ins Grischa Center gewechselt. Dort befinden sich das Handwerkerzentrum, Abhollager und Verkaufsb\u00fcros auf einer Ebene im Erdgeschoss.\" \/>\n<meta property=\"og:url\" content=\"https:\/\/www.immobilienbusiness.ch\/fr\/ib\/2021-01-28\/malans-debrunner-acifer-neu-im-grischa-center\/\" \/>\n<meta property=\"og:site_name\" content=\"IMMOBILIEN Business\" \/>\n<meta property=\"article:publisher\" content=\"https:\/\/www.facebook.com\/immobilienbusiness\/\" \/>\n<meta property=\"article:published_time\" content=\"2021-01-28T14:47:18+00:00\" \/>\n<meta property=\"article:modified_time\" content=\"2023-07-06T10:13:42+00:00\" \/>\n<meta name=\"author\" content=\"birgitt.wuest\" \/>\n<meta name=\"twitter:card\" content=\"summary_large_image\" \/>\n<script type=\"application\/ld+json\" class=\"yoast-schema-graph\">{\"@context\":\"https:\\\/\\\/schema.org\",\"@graph\":[{\"@type\":\"Article\",\"@id\":\"https:\\\/\\\/www.immobilienbusiness.ch\\\/de\\\/ib\\\/2021-01-28\\\/malans-debrunner-acifer-neu-im-grischa-center\\\/#article\",\"isPartOf\":{\"@id\":\"https:\\\/\\\/www.immobilienbusiness.ch\\\/de\\\/ib\\\/2021-01-28\\\/malans-debrunner-acifer-neu-im-grischa-center\\\/\"},\"author\":{\"name\":\"birgitt.wuest\",\"@id\":\"https:\\\/\\\/www.immobilienbusiness.ch\\\/#\\\/schema\\\/person\\\/9071de3b430793052e78768378adb039\"},\"headline\":\"Malans: Debrunner Acifer neu im Grischa Center\",\"datePublished\":\"2021-01-28T14:47:18+00:00\",\"dateModified\":\"2023-07-06T10:13:42+00:00\",\"mainEntityOfPage\":{\"@id\":\"https:\\\/\\\/www.immobilienbusiness.ch\\\/de\\\/ib\\\/2021-01-28\\\/malans-debrunner-acifer-neu-im-grischa-center\\\/\"},\"wordCount\":138,\"publisher\":{\"@id\":\"https:\\\/\\\/www.immobilienbusiness.ch\\\/#organization\"},\"keywords\":[\"GR\",\"Retail\",\"verf\u00fcgbare Fl\u00e4che\",\"Vermietung\"],\"articleSection\":[\"IB+\"],\"inLanguage\":\"fr-FR\"},{\"@type\":\"WebPage\",\"@id\":\"https:\\\/\\\/www.immobilienbusiness.ch\\\/de\\\/ib\\\/2021-01-28\\\/malans-debrunner-acifer-neu-im-grischa-center\\\/\",\"url\":\"https:\\\/\\\/www.immobilienbusiness.ch\\\/de\\\/ib\\\/2021-01-28\\\/malans-debrunner-acifer-neu-im-grischa-center\\\/\",\"name\":\"Malans: Debrunner Acifer neu im Grischa Center - IMMOBILIEN Business\",\"isPartOf\":{\"@id\":\"https:\\\/\\\/www.immobilienbusiness.ch\\\/#website\"},\"datePublished\":\"2021-01-28T14:47:18+00:00\",\"dateModified\":\"2023-07-06T10:13:42+00:00\",\"description\":\"Die Debrunner Acifer AG ist vom bisherigen Standort in Landquart ins Grischa Center gewechselt. Dort befinden sich das Handwerkerzentrum, Abhollager und Verkaufsb\u00fcros auf einer Ebene im Erdgeschoss.\",\"breadcrumb\":{\"@id\":\"https:\\\/\\\/www.immobilienbusiness.ch\\\/de\\\/ib\\\/2021-01-28\\\/malans-debrunner-acifer-neu-im-grischa-center\\\/#breadcrumb\"},\"inLanguage\":\"fr-FR\",\"potentialAction\":[{\"@type\":\"ReadAction\",\"target\":[\"https:\\\/\\\/www.immobilienbusiness.ch\\\/de\\\/ib\\\/2021-01-28\\\/malans-debrunner-acifer-neu-im-grischa-center\\\/\"]}]},{\"@type\":\"BreadcrumbList\",\"@id\":\"https:\\\/\\\/www.immobilienbusiness.ch\\\/de\\\/ib\\\/2021-01-28\\\/malans-debrunner-acifer-neu-im-grischa-center\\\/#breadcrumb\",\"itemListElement\":[{\"@type\":\"ListItem\",\"position\":1,\"name\":\"Home\",\"item\":\"https:\\\/\\\/www.immobilienbusiness.ch\\\/\"},{\"@type\":\"ListItem\",\"position\":2,\"name\":\"Malans: Debrunner Acifer neu im Grischa Center\"}]},{\"@type\":\"WebSite\",\"@id\":\"https:\\\/\\\/www.immobilienbusiness.ch\\\/#website\",\"url\":\"https:\\\/\\\/www.immobilienbusiness.ch\\\/\",\"name\":\"IMMOBILIEN Business\",\"description\":\"Unabh\u00e4ngiges Schweizer Wirtschaftsmagazin mit Fokus auf Immobilien, Architektur- und Bau sowie Investment- und Finanzierung.\",\"publisher\":{\"@id\":\"https:\\\/\\\/www.immobilienbusiness.ch\\\/#organization\"},\"potentialAction\":[{\"@type\":\"SearchAction\",\"target\":{\"@type\":\"EntryPoint\",\"urlTemplate\":\"https:\\\/\\\/www.immobilienbusiness.ch\\\/?s={search_term_string}\"},\"query-input\":{\"@type\":\"PropertyValueSpecification\",\"valueRequired\":true,\"valueName\":\"search_term_string\"}}],\"inLanguage\":\"fr-FR\"},{\"@type\":\"Organization\",\"@id\":\"https:\\\/\\\/www.immobilienbusiness.ch\\\/#organization\",\"name\":\"IMMOBILIEN Business\",\"url\":\"https:\\\/\\\/www.immobilienbusiness.ch\\\/\",\"logo\":{\"@type\":\"ImageObject\",\"inLanguage\":\"fr-FR\",\"@id\":\"https:\\\/\\\/www.immobilienbusiness.ch\\\/#\\\/schema\\\/logo\\\/image\\\/\",\"url\":\"https:\\\/\\\/www.immobilienbusiness.ch\\\/wp-content\\\/uploads\\\/2021\\\/07\\\/logo_ib.png\",\"contentUrl\":\"https:\\\/\\\/www.immobilienbusiness.ch\\\/wp-content\\\/uploads\\\/2021\\\/07\\\/logo_ib.png\",\"width\":800,\"height\":181,\"caption\":\"IMMOBILIEN Business\"},\"image\":{\"@id\":\"https:\\\/\\\/www.immobilienbusiness.ch\\\/#\\\/schema\\\/logo\\\/image\\\/\"},\"sameAs\":[\"https:\\\/\\\/www.facebook.com\\\/immobilienbusiness\\\/\"]},{\"@type\":\"Person\",\"@id\":\"https:\\\/\\\/www.immobilienbusiness.ch\\\/#\\\/schema\\\/person\\\/9071de3b430793052e78768378adb039\",\"name\":\"birgitt.wuest\",\"image\":{\"@type\":\"ImageObject\",\"inLanguage\":\"fr-FR\",\"@id\":\"https:\\\/\\\/secure.gravatar.com\\\/avatar\\\/938f7e46a2aa35420af239a36e5ed08a1034598c7d4a6d4dccff5f20b49eefca?s=96&d=mm&r=g\",\"url\":\"https:\\\/\\\/secure.gravatar.com\\\/avatar\\\/938f7e46a2aa35420af239a36e5ed08a1034598c7d4a6d4dccff5f20b49eefca?s=96&d=mm&r=g\",\"contentUrl\":\"https:\\\/\\\/secure.gravatar.com\\\/avatar\\\/938f7e46a2aa35420af239a36e5ed08a1034598c7d4a6d4dccff5f20b49eefca?s=96&d=mm&r=g\",\"caption\":\"birgitt.wuest\"},\"url\":\"https:\\\/\\\/www.immobilienbusiness.ch\\\/fr\\\/author\\\/birgitt-wuest\\\/\"}]}<\/script>\n<!-- \/ Yoast SEO plugin. -->","yoast_head_json":{"title":"Malans: Debrunner Acifer neu im Grischa Center - IMMOBILIEN Business","description":"Debrunner Acifer AG a quitt\u00e9 son ancien site de Landquart pour s'installer au Grischa Center. Le centre des artisans, l'entrep\u00f4t de retrait et les bureaux de vente s'y trouvent sur un seul niveau au rez-de-chauss\u00e9e.","robots":{"index":"index","follow":"follow","max-snippet":"max-snippet:-1","max-image-preview":"max-image-preview:large","max-video-preview":"max-video-preview:-1"},"canonical":"https:\/\/www.immobilienbusiness.ch\/fr\/ib\/2021-01-28\/malans-debrunner-acifer-neu-im-grischa-center\/","og_locale":"fr_FR","og_type":"article","og_title":"Malans: Debrunner Acifer neu im Grischa Center - IMMOBILIEN Business","og_description":"Die Debrunner Acifer AG ist vom bisherigen Standort in Landquart ins Grischa Center gewechselt. Dort befinden sich das Handwerkerzentrum, Abhollager und Verkaufsb\u00fcros auf einer Ebene im Erdgeschoss.","og_url":"https:\/\/www.immobilienbusiness.ch\/fr\/ib\/2021-01-28\/malans-debrunner-acifer-neu-im-grischa-center\/","og_site_name":"IMMOBILIEN Business","article_publisher":"https:\/\/www.facebook.com\/immobilienbusiness\/","article_published_time":"2021-01-28T14:47:18+00:00","article_modified_time":"2023-07-06T10:13:42+00:00","author":"birgitt.wuest","twitter_card":"summary_large_image","schema":{"@context":"https:\/\/schema.org","@graph":[{"@type":"Article","@id":"https:\/\/www.immobilienbusiness.ch\/de\/ib\/2021-01-28\/malans-debrunner-acifer-neu-im-grischa-center\/#article","isPartOf":{"@id":"https:\/\/www.immobilienbusiness.ch\/de\/ib\/2021-01-28\/malans-debrunner-acifer-neu-im-grischa-center\/"},"author":{"name":"birgitt.wuest","@id":"https:\/\/www.immobilienbusiness.ch\/#\/schema\/person\/9071de3b430793052e78768378adb039"},"headline":"Malans: Debrunner Acifer neu im Grischa Center","datePublished":"2021-01-28T14:47:18+00:00","dateModified":"2023-07-06T10:13:42+00:00","mainEntityOfPage":{"@id":"https:\/\/www.immobilienbusiness.ch\/de\/ib\/2021-01-28\/malans-debrunner-acifer-neu-im-grischa-center\/"},"wordCount":138,"publisher":{"@id":"https:\/\/www.immobilienbusiness.ch\/#organization"},"keywords":["GR","Retail","verf\u00fcgbare Fl\u00e4che","Vermietung"],"articleSection":["IB+"],"inLanguage":"fr-FR"},{"@type":"WebPage","@id":"https:\/\/www.immobilienbusiness.ch\/de\/ib\/2021-01-28\/malans-debrunner-acifer-neu-im-grischa-center\/","url":"https:\/\/www.immobilienbusiness.ch\/de\/ib\/2021-01-28\/malans-debrunner-acifer-neu-im-grischa-center\/","name":"Malans: Debrunner Acifer neu im Grischa Center - IMMOBILIEN Business","isPartOf":{"@id":"https:\/\/www.immobilienbusiness.ch\/#website"},"datePublished":"2021-01-28T14:47:18+00:00","dateModified":"2023-07-06T10:13:42+00:00","description":"Debrunner Acifer AG a quitt\u00e9 son ancien site de Landquart pour s'installer au Grischa Center. Le centre des artisans, l'entrep\u00f4t de retrait et les bureaux de vente s'y trouvent sur un seul niveau au rez-de-chauss\u00e9e.","breadcrumb":{"@id":"https:\/\/www.immobilienbusiness.ch\/de\/ib\/2021-01-28\/malans-debrunner-acifer-neu-im-grischa-center\/#breadcrumb"},"inLanguage":"fr-FR","potentialAction":[{"@type":"ReadAction","target":["https:\/\/www.immobilienbusiness.ch\/de\/ib\/2021-01-28\/malans-debrunner-acifer-neu-im-grischa-center\/"]}]},{"@type":"BreadcrumbList","@id":"https:\/\/www.immobilienbusiness.ch\/de\/ib\/2021-01-28\/malans-debrunner-acifer-neu-im-grischa-center\/#breadcrumb","itemListElement":[{"@type":"ListItem","position":1,"name":"Home","item":"https:\/\/www.immobilienbusiness.ch\/"},{"@type":"ListItem","position":2,"name":"Malans: Debrunner Acifer neu im Grischa Center"}]},{"@type":"WebSite","@id":"https:\/\/www.immobilienbusiness.ch\/#website","url":"https:\/\/www.immobilienbusiness.ch\/","name":"IMMOBILIER Business","description":"Magazine \u00e9conomique suisse ind\u00e9pendant ax\u00e9 sur l'immobilier, l'architecture et la construction ainsi que sur les investissements et le financement.","publisher":{"@id":"https:\/\/www.immobilienbusiness.ch\/#organization"},"potentialAction":[{"@type":"SearchAction","target":{"@type":"EntryPoint","urlTemplate":"https:\/\/www.immobilienbusiness.ch\/?s={search_term_string}"},"query-input":{"@type":"PropertyValueSpecification","valueRequired":true,"valueName":"search_term_string"}}],"inLanguage":"fr-FR"},{"@type":"Organization","@id":"https:\/\/www.immobilienbusiness.ch\/#organization","name":"IMMOBILIER Business","url":"https:\/\/www.immobilienbusiness.ch\/","logo":{"@type":"ImageObject","inLanguage":"fr-FR","@id":"https:\/\/www.immobilienbusiness.ch\/#\/schema\/logo\/image\/","url":"https:\/\/www.immobilienbusiness.ch\/wp-content\/uploads\/2021\/07\/logo_ib.png","contentUrl":"https:\/\/www.immobilienbusiness.ch\/wp-content\/uploads\/2021\/07\/logo_ib.png","width":800,"height":181,"caption":"IMMOBILIEN Business"},"image":{"@id":"https:\/\/www.immobilienbusiness.ch\/#\/schema\/logo\/image\/"},"sameAs":["https:\/\/www.facebook.com\/immobilienbusiness\/"]},{"@type":"Person","@id":"https:\/\/www.immobilienbusiness.ch\/#\/schema\/person\/9071de3b430793052e78768378adb039","name":"birgitt.wuest","image":{"@type":"ImageObject","inLanguage":"fr-FR","@id":"https:\/\/secure.gravatar.com\/avatar\/938f7e46a2aa35420af239a36e5ed08a1034598c7d4a6d4dccff5f20b49eefca?s=96&d=mm&r=g","url":"https:\/\/secure.gravatar.com\/avatar\/938f7e46a2aa35420af239a36e5ed08a1034598c7d4a6d4dccff5f20b49eefca?s=96&d=mm&r=g","contentUrl":"https:\/\/secure.gravatar.com\/avatar\/938f7e46a2aa35420af239a36e5ed08a1034598c7d4a6d4dccff5f20b49eefca?s=96&d=mm&r=g","caption":"birgitt.wuest"},"url":"https:\/\/www.immobilienbusiness.ch\/fr\/author\/birgitt-wuest\/"}]}},"_links":{"self":[{"href":"https:\/\/www.immobilienbusiness.ch\/fr\/wp-json\/wp\/v2\/posts\/40931","targetHints":{"allow":["GET"]}}],"collection":[{"href":"https:\/\/www.immobilienbusiness.ch\/fr\/wp-json\/wp\/v2\/posts"}],"about":[{"href":"https:\/\/www.immobilienbusiness.ch\/fr\/wp-json\/wp\/v2\/types\/post"}],"author":[{"embeddable":true,"href":"https:\/\/www.immobilienbusiness.ch\/fr\/wp-json\/wp\/v2\/users\/8"}],"replies":[{"embeddable":true,"href":"https:\/\/www.immobilienbusiness.ch\/fr\/wp-json\/wp\/v2\/comments?post=40931"}],"version-history":[{"count":1,"href":"https:\/\/www.immobilienbusiness.ch\/fr\/wp-json\/wp\/v2\/posts\/40931\/revisions"}],"predecessor-version":[{"id":49861,"href":"https:\/\/www.immobilienbusiness.ch\/fr\/wp-json\/wp\/v2\/posts\/40931\/revisions\/49861"}],"wp:attachment":[{"href":"https:\/\/www.immobilienbusiness.ch\/fr\/wp-json\/wp\/v2\/media?parent=40931"}],"wp:term":[{"taxonomy":"category","embeddable":true,"href":"https:\/\/www.immobilienbusiness.ch\/fr\/wp-json\/wp\/v2\/categories?post=40931"},{"taxonomy":"post_tag","embeddable":true,"href":"https:\/\/www.immobilienbusiness.ch\/fr\/wp-json\/wp\/v2\/tags?post=40931"}],"curies":[{"name":"wp","href":"https:\/\/api.w.org\/{rel}","templated":true}]}}