{"id":40873,"date":"2020-12-10T14:57:23","date_gmt":"2020-12-10T13:57:23","guid":{"rendered":"https:\/\/develop.immobilienbusiness.ch\/de\/allgemein\/2020-12-10\/afiaa-marco-bohi-wird-mitglied-der-geschaftsleitung\/"},"modified":"2023-07-06T15:42:29","modified_gmt":"2023-07-06T13:42:29","slug":"afiaa-marco-bohi-wird-mitglied-der-geschaftsleitung","status":"publish","type":"post","link":"https:\/\/www.immobilienbusiness.ch\/fr\/ib\/2020-12-10\/afiaa-marco-bohi-wird-mitglied-der-geschaftsleitung\/","title":{"rendered":"AFIAA : Marco B\u00f6hi devient membre de la direction"},"content":{"rendered":"<div class=\"swpm-post-not-logged-in-msg\">Vous devez \u00eatre connect\u00e9 pour voir ce contenu. Veuillez consulter <a class=\"swpm-login-link\" href=\"https:\/\/www.immobilienbusiness.ch\/fr\/login\/?swpm_redirect_to=https%3A%2F%2Fwww.immobilienbusiness.ch%2Ffr%2Fwp-json%2Fwp%2Fv2%2Fposts%2F40873\">Connexion<\/a>. Vous n'\u00eates pas membre ? <a href=\"https:\/\/www.immobilienbusiness.ch\/fr\/registrieren\/\">Nous Rejoindre<\/a><\/div>","protected":false},"excerpt":{"rendered":"<p><span><span>Marco B\u00f6hi wechselt von PwC Schweiz zur AFIAA Real Estate Investment AG.\u00a0 Wie die Tochtergesellschaft der Avadis Vorsorge AG mitteilt, wird B\u00f6hi zum 1. Mai 2021 in die Gesch\u00e4ftsleitung der AFIAA berufen.<\/span><\/span><\/p>\n<p>\u00a0<\/p>","protected":false},"author":8,"featured_media":0,"comment_status":"closed","ping_status":"closed","sticky":false,"template":"","format":"standard","meta":{"_acf_changed":false,"_yoast_wpseo_focuskw":"Marco B\u00f6hi","_yoast_wpseo_title":"","_yoast_wpseo_metadesc":"Marco B\u00f6hi wechselt von PwC Schweiz zur AFIAA Real Estate Investment AG. Wie die Tochtergesellschaft der Avadis Vorsorge AG mitteilt, wird B\u00f6hi zum 1. Mai 2021 in die Gesch\u00e4ftsleitung der AFIAA berufen.","_yoast_wpseo_linkdex":49,"pgc_sgb_lightbox_settings":"","footnotes":""},"categories":[1951],"tags":[1976,1563],"class_list":["post-40873","post","type-post","status-publish","format-standard","hentry","category-ib","tag-ast-und-anlagegruppen","tag-personalia"],"acf":[],"yoast_head":"<!-- This site is optimized with the Yoast SEO plugin v27.4 - https:\/\/yoast.com\/product\/yoast-seo-wordpress\/ -->\n<title>AFIAA: Marco B\u00f6hi wird Mitglied der Gesch\u00e4ftsleitung - IMMOBILIEN Business<\/title>\n<meta name=\"description\" content=\"Marco B\u00f6hi wechselt von PwC Schweiz zur AFIAA Real Estate Investment AG. Wie die Tochtergesellschaft der Avadis Vorsorge AG mitteilt, wird B\u00f6hi zum 1. Mai 2021 in die Gesch\u00e4ftsleitung der AFIAA berufen.\" \/>\n<meta name=\"robots\" content=\"index, follow, max-snippet:-1, max-image-preview:large, max-video-preview:-1\" \/>\n<link rel=\"canonical\" href=\"https:\/\/www.immobilienbusiness.ch\/fr\/ib\/2020-12-10\/afiaa-marco-bohi-wird-mitglied-der-geschaftsleitung\/\" \/>\n<meta property=\"og:locale\" content=\"fr_FR\" \/>\n<meta property=\"og:type\" content=\"article\" \/>\n<meta property=\"og:title\" content=\"AFIAA: Marco B\u00f6hi wird Mitglied der Gesch\u00e4ftsleitung - IMMOBILIEN Business\" \/>\n<meta property=\"og:description\" content=\"Marco B\u00f6hi wechselt von PwC Schweiz zur AFIAA Real Estate Investment AG. Wie die Tochtergesellschaft der Avadis Vorsorge AG mitteilt, wird B\u00f6hi zum 1. Mai 2021 in die Gesch\u00e4ftsleitung der AFIAA berufen.\" \/>\n<meta property=\"og:url\" content=\"https:\/\/www.immobilienbusiness.ch\/fr\/ib\/2020-12-10\/afiaa-marco-bohi-wird-mitglied-der-geschaftsleitung\/\" \/>\n<meta property=\"og:site_name\" content=\"IMMOBILIEN Business\" \/>\n<meta property=\"article:publisher\" content=\"https:\/\/www.facebook.com\/immobilienbusiness\/\" \/>\n<meta property=\"article:published_time\" content=\"2020-12-10T13:57:23+00:00\" \/>\n<meta property=\"article:modified_time\" content=\"2023-07-06T13:42:29+00:00\" \/>\n<meta name=\"author\" content=\"birgitt.wuest\" \/>\n<meta name=\"twitter:card\" content=\"summary_large_image\" \/>\n<script type=\"application\/ld+json\" class=\"yoast-schema-graph\">{\"@context\":\"https:\\\/\\\/schema.org\",\"@graph\":[{\"@type\":\"Article\",\"@id\":\"https:\\\/\\\/www.immobilienbusiness.ch\\\/it\\\/ib\\\/2020-12-10\\\/afiaa-marco-bohi-wird-mitglied-der-geschaftsleitung\\\/#article\",\"isPartOf\":{\"@id\":\"https:\\\/\\\/www.immobilienbusiness.ch\\\/it\\\/ib\\\/2020-12-10\\\/afiaa-marco-bohi-wird-mitglied-der-geschaftsleitung\\\/\"},\"author\":{\"name\":\"birgitt.wuest\",\"@id\":\"https:\\\/\\\/www.immobilienbusiness.ch\\\/#\\\/schema\\\/person\\\/9071de3b430793052e78768378adb039\"},\"headline\":\"AFIAA: Marco B\u00f6hi wird Mitglied der Gesch\u00e4ftsleitung\",\"datePublished\":\"2020-12-10T13:57:23+00:00\",\"dateModified\":\"2023-07-06T13:42:29+00:00\",\"mainEntityOfPage\":{\"@id\":\"https:\\\/\\\/www.immobilienbusiness.ch\\\/it\\\/ib\\\/2020-12-10\\\/afiaa-marco-bohi-wird-mitglied-der-geschaftsleitung\\\/\"},\"wordCount\":205,\"publisher\":{\"@id\":\"https:\\\/\\\/www.immobilienbusiness.ch\\\/#organization\"},\"keywords\":[\"AST und Anlagegruppen\",\"Personalia\"],\"articleSection\":[\"IB+\"],\"inLanguage\":\"fr-FR\"},{\"@type\":\"WebPage\",\"@id\":\"https:\\\/\\\/www.immobilienbusiness.ch\\\/it\\\/ib\\\/2020-12-10\\\/afiaa-marco-bohi-wird-mitglied-der-geschaftsleitung\\\/\",\"url\":\"https:\\\/\\\/www.immobilienbusiness.ch\\\/it\\\/ib\\\/2020-12-10\\\/afiaa-marco-bohi-wird-mitglied-der-geschaftsleitung\\\/\",\"name\":\"AFIAA: Marco B\u00f6hi wird Mitglied der Gesch\u00e4ftsleitung - IMMOBILIEN Business\",\"isPartOf\":{\"@id\":\"https:\\\/\\\/www.immobilienbusiness.ch\\\/#website\"},\"datePublished\":\"2020-12-10T13:57:23+00:00\",\"dateModified\":\"2023-07-06T13:42:29+00:00\",\"description\":\"Marco B\u00f6hi wechselt von PwC Schweiz zur AFIAA Real Estate Investment AG. Wie die Tochtergesellschaft der Avadis Vorsorge AG mitteilt, wird B\u00f6hi zum 1. Mai 2021 in die Gesch\u00e4ftsleitung der AFIAA berufen.\",\"breadcrumb\":{\"@id\":\"https:\\\/\\\/www.immobilienbusiness.ch\\\/it\\\/ib\\\/2020-12-10\\\/afiaa-marco-bohi-wird-mitglied-der-geschaftsleitung\\\/#breadcrumb\"},\"inLanguage\":\"fr-FR\",\"potentialAction\":[{\"@type\":\"ReadAction\",\"target\":[\"https:\\\/\\\/www.immobilienbusiness.ch\\\/it\\\/ib\\\/2020-12-10\\\/afiaa-marco-bohi-wird-mitglied-der-geschaftsleitung\\\/\"]}]},{\"@type\":\"BreadcrumbList\",\"@id\":\"https:\\\/\\\/www.immobilienbusiness.ch\\\/it\\\/ib\\\/2020-12-10\\\/afiaa-marco-bohi-wird-mitglied-der-geschaftsleitung\\\/#breadcrumb\",\"itemListElement\":[{\"@type\":\"ListItem\",\"position\":1,\"name\":\"Home\",\"item\":\"https:\\\/\\\/www.immobilienbusiness.ch\\\/\"},{\"@type\":\"ListItem\",\"position\":2,\"name\":\"AFIAA: Marco B\u00f6hi wird Mitglied der Gesch\u00e4ftsleitung\"}]},{\"@type\":\"WebSite\",\"@id\":\"https:\\\/\\\/www.immobilienbusiness.ch\\\/#website\",\"url\":\"https:\\\/\\\/www.immobilienbusiness.ch\\\/\",\"name\":\"IMMOBILIEN Business\",\"description\":\"Unabh\u00e4ngiges Schweizer Wirtschaftsmagazin mit Fokus auf Immobilien, Architektur- und Bau sowie Investment- und Finanzierung.\",\"publisher\":{\"@id\":\"https:\\\/\\\/www.immobilienbusiness.ch\\\/#organization\"},\"potentialAction\":[{\"@type\":\"SearchAction\",\"target\":{\"@type\":\"EntryPoint\",\"urlTemplate\":\"https:\\\/\\\/www.immobilienbusiness.ch\\\/?s={search_term_string}\"},\"query-input\":{\"@type\":\"PropertyValueSpecification\",\"valueRequired\":true,\"valueName\":\"search_term_string\"}}],\"inLanguage\":\"fr-FR\"},{\"@type\":\"Organization\",\"@id\":\"https:\\\/\\\/www.immobilienbusiness.ch\\\/#organization\",\"name\":\"IMMOBILIEN Business\",\"url\":\"https:\\\/\\\/www.immobilienbusiness.ch\\\/\",\"logo\":{\"@type\":\"ImageObject\",\"inLanguage\":\"fr-FR\",\"@id\":\"https:\\\/\\\/www.immobilienbusiness.ch\\\/#\\\/schema\\\/logo\\\/image\\\/\",\"url\":\"https:\\\/\\\/www.immobilienbusiness.ch\\\/wp-content\\\/uploads\\\/2021\\\/07\\\/logo_ib.png\",\"contentUrl\":\"https:\\\/\\\/www.immobilienbusiness.ch\\\/wp-content\\\/uploads\\\/2021\\\/07\\\/logo_ib.png\",\"width\":800,\"height\":181,\"caption\":\"IMMOBILIEN Business\"},\"image\":{\"@id\":\"https:\\\/\\\/www.immobilienbusiness.ch\\\/#\\\/schema\\\/logo\\\/image\\\/\"},\"sameAs\":[\"https:\\\/\\\/www.facebook.com\\\/immobilienbusiness\\\/\"]},{\"@type\":\"Person\",\"@id\":\"https:\\\/\\\/www.immobilienbusiness.ch\\\/#\\\/schema\\\/person\\\/9071de3b430793052e78768378adb039\",\"name\":\"birgitt.wuest\",\"image\":{\"@type\":\"ImageObject\",\"inLanguage\":\"fr-FR\",\"@id\":\"https:\\\/\\\/secure.gravatar.com\\\/avatar\\\/938f7e46a2aa35420af239a36e5ed08a1034598c7d4a6d4dccff5f20b49eefca?s=96&d=mm&r=g\",\"url\":\"https:\\\/\\\/secure.gravatar.com\\\/avatar\\\/938f7e46a2aa35420af239a36e5ed08a1034598c7d4a6d4dccff5f20b49eefca?s=96&d=mm&r=g\",\"contentUrl\":\"https:\\\/\\\/secure.gravatar.com\\\/avatar\\\/938f7e46a2aa35420af239a36e5ed08a1034598c7d4a6d4dccff5f20b49eefca?s=96&d=mm&r=g\",\"caption\":\"birgitt.wuest\"},\"url\":\"https:\\\/\\\/www.immobilienbusiness.ch\\\/fr\\\/author\\\/birgitt-wuest\\\/\"}]}<\/script>\n<!-- \/ Yoast SEO plugin. -->","yoast_head_json":{"title":"AFIAA: Marco B\u00f6hi wird Mitglied der Gesch\u00e4ftsleitung - IMMOBILIEN Business","description":"Marco B\u00f6hi wechselt von PwC Schweiz zur AFIAA Real Estate Investment AG. Wie die Tochtergesellschaft der Avadis Vorsorge AG mitteilt, wird B\u00f6hi zum 1. Mai 2021 in die Gesch\u00e4ftsleitung der AFIAA berufen.","robots":{"index":"index","follow":"follow","max-snippet":"max-snippet:-1","max-image-preview":"max-image-preview:large","max-video-preview":"max-video-preview:-1"},"canonical":"https:\/\/www.immobilienbusiness.ch\/fr\/ib\/2020-12-10\/afiaa-marco-bohi-wird-mitglied-der-geschaftsleitung\/","og_locale":"fr_FR","og_type":"article","og_title":"AFIAA: Marco B\u00f6hi wird Mitglied der Gesch\u00e4ftsleitung - IMMOBILIEN Business","og_description":"Marco B\u00f6hi wechselt von PwC Schweiz zur AFIAA Real Estate Investment AG. Wie die Tochtergesellschaft der Avadis Vorsorge AG mitteilt, wird B\u00f6hi zum 1. Mai 2021 in die Gesch\u00e4ftsleitung der AFIAA berufen.","og_url":"https:\/\/www.immobilienbusiness.ch\/fr\/ib\/2020-12-10\/afiaa-marco-bohi-wird-mitglied-der-geschaftsleitung\/","og_site_name":"IMMOBILIEN Business","article_publisher":"https:\/\/www.facebook.com\/immobilienbusiness\/","article_published_time":"2020-12-10T13:57:23+00:00","article_modified_time":"2023-07-06T13:42:29+00:00","author":"birgitt.wuest","twitter_card":"summary_large_image","schema":{"@context":"https:\/\/schema.org","@graph":[{"@type":"Article","@id":"https:\/\/www.immobilienbusiness.ch\/it\/ib\/2020-12-10\/afiaa-marco-bohi-wird-mitglied-der-geschaftsleitung\/#article","isPartOf":{"@id":"https:\/\/www.immobilienbusiness.ch\/it\/ib\/2020-12-10\/afiaa-marco-bohi-wird-mitglied-der-geschaftsleitung\/"},"author":{"name":"birgitt.wuest","@id":"https:\/\/www.immobilienbusiness.ch\/#\/schema\/person\/9071de3b430793052e78768378adb039"},"headline":"AFIAA: Marco B\u00f6hi wird Mitglied der Gesch\u00e4ftsleitung","datePublished":"2020-12-10T13:57:23+00:00","dateModified":"2023-07-06T13:42:29+00:00","mainEntityOfPage":{"@id":"https:\/\/www.immobilienbusiness.ch\/it\/ib\/2020-12-10\/afiaa-marco-bohi-wird-mitglied-der-geschaftsleitung\/"},"wordCount":205,"publisher":{"@id":"https:\/\/www.immobilienbusiness.ch\/#organization"},"keywords":["AST und Anlagegruppen","Personalia"],"articleSection":["IB+"],"inLanguage":"fr-FR"},{"@type":"WebPage","@id":"https:\/\/www.immobilienbusiness.ch\/it\/ib\/2020-12-10\/afiaa-marco-bohi-wird-mitglied-der-geschaftsleitung\/","url":"https:\/\/www.immobilienbusiness.ch\/it\/ib\/2020-12-10\/afiaa-marco-bohi-wird-mitglied-der-geschaftsleitung\/","name":"AFIAA: Marco B\u00f6hi wird Mitglied der Gesch\u00e4ftsleitung - IMMOBILIEN Business","isPartOf":{"@id":"https:\/\/www.immobilienbusiness.ch\/#website"},"datePublished":"2020-12-10T13:57:23+00:00","dateModified":"2023-07-06T13:42:29+00:00","description":"Marco B\u00f6hi wechselt von PwC Schweiz zur AFIAA Real Estate Investment AG. Wie die Tochtergesellschaft der Avadis Vorsorge AG mitteilt, wird B\u00f6hi zum 1. Mai 2021 in die Gesch\u00e4ftsleitung der AFIAA berufen.","breadcrumb":{"@id":"https:\/\/www.immobilienbusiness.ch\/it\/ib\/2020-12-10\/afiaa-marco-bohi-wird-mitglied-der-geschaftsleitung\/#breadcrumb"},"inLanguage":"fr-FR","potentialAction":[{"@type":"ReadAction","target":["https:\/\/www.immobilienbusiness.ch\/it\/ib\/2020-12-10\/afiaa-marco-bohi-wird-mitglied-der-geschaftsleitung\/"]}]},{"@type":"BreadcrumbList","@id":"https:\/\/www.immobilienbusiness.ch\/it\/ib\/2020-12-10\/afiaa-marco-bohi-wird-mitglied-der-geschaftsleitung\/#breadcrumb","itemListElement":[{"@type":"ListItem","position":1,"name":"Home","item":"https:\/\/www.immobilienbusiness.ch\/"},{"@type":"ListItem","position":2,"name":"AFIAA: Marco B\u00f6hi wird Mitglied der Gesch\u00e4ftsleitung"}]},{"@type":"WebSite","@id":"https:\/\/www.immobilienbusiness.ch\/#website","url":"https:\/\/www.immobilienbusiness.ch\/","name":"IMMOBILIER Business","description":"Magazine \u00e9conomique suisse ind\u00e9pendant ax\u00e9 sur l'immobilier, l'architecture et la construction ainsi que sur les investissements et le financement.","publisher":{"@id":"https:\/\/www.immobilienbusiness.ch\/#organization"},"potentialAction":[{"@type":"SearchAction","target":{"@type":"EntryPoint","urlTemplate":"https:\/\/www.immobilienbusiness.ch\/?s={search_term_string}"},"query-input":{"@type":"PropertyValueSpecification","valueRequired":true,"valueName":"search_term_string"}}],"inLanguage":"fr-FR"},{"@type":"Organization","@id":"https:\/\/www.immobilienbusiness.ch\/#organization","name":"IMMOBILIER Business","url":"https:\/\/www.immobilienbusiness.ch\/","logo":{"@type":"ImageObject","inLanguage":"fr-FR","@id":"https:\/\/www.immobilienbusiness.ch\/#\/schema\/logo\/image\/","url":"https:\/\/www.immobilienbusiness.ch\/wp-content\/uploads\/2021\/07\/logo_ib.png","contentUrl":"https:\/\/www.immobilienbusiness.ch\/wp-content\/uploads\/2021\/07\/logo_ib.png","width":800,"height":181,"caption":"IMMOBILIEN Business"},"image":{"@id":"https:\/\/www.immobilienbusiness.ch\/#\/schema\/logo\/image\/"},"sameAs":["https:\/\/www.facebook.com\/immobilienbusiness\/"]},{"@type":"Person","@id":"https:\/\/www.immobilienbusiness.ch\/#\/schema\/person\/9071de3b430793052e78768378adb039","name":"birgitt.wuest","image":{"@type":"ImageObject","inLanguage":"fr-FR","@id":"https:\/\/secure.gravatar.com\/avatar\/938f7e46a2aa35420af239a36e5ed08a1034598c7d4a6d4dccff5f20b49eefca?s=96&d=mm&r=g","url":"https:\/\/secure.gravatar.com\/avatar\/938f7e46a2aa35420af239a36e5ed08a1034598c7d4a6d4dccff5f20b49eefca?s=96&d=mm&r=g","contentUrl":"https:\/\/secure.gravatar.com\/avatar\/938f7e46a2aa35420af239a36e5ed08a1034598c7d4a6d4dccff5f20b49eefca?s=96&d=mm&r=g","caption":"birgitt.wuest"},"url":"https:\/\/www.immobilienbusiness.ch\/fr\/author\/birgitt-wuest\/"}]}},"_links":{"self":[{"href":"https:\/\/www.immobilienbusiness.ch\/fr\/wp-json\/wp\/v2\/posts\/40873","targetHints":{"allow":["GET"]}}],"collection":[{"href":"https:\/\/www.immobilienbusiness.ch\/fr\/wp-json\/wp\/v2\/posts"}],"about":[{"href":"https:\/\/www.immobilienbusiness.ch\/fr\/wp-json\/wp\/v2\/types\/post"}],"author":[{"embeddable":true,"href":"https:\/\/www.immobilienbusiness.ch\/fr\/wp-json\/wp\/v2\/users\/8"}],"replies":[{"embeddable":true,"href":"https:\/\/www.immobilienbusiness.ch\/fr\/wp-json\/wp\/v2\/comments?post=40873"}],"version-history":[{"count":1,"href":"https:\/\/www.immobilienbusiness.ch\/fr\/wp-json\/wp\/v2\/posts\/40873\/revisions"}],"predecessor-version":[{"id":50031,"href":"https:\/\/www.immobilienbusiness.ch\/fr\/wp-json\/wp\/v2\/posts\/40873\/revisions\/50031"}],"wp:attachment":[{"href":"https:\/\/www.immobilienbusiness.ch\/fr\/wp-json\/wp\/v2\/media?parent=40873"}],"wp:term":[{"taxonomy":"category","embeddable":true,"href":"https:\/\/www.immobilienbusiness.ch\/fr\/wp-json\/wp\/v2\/categories?post=40873"},{"taxonomy":"post_tag","embeddable":true,"href":"https:\/\/www.immobilienbusiness.ch\/fr\/wp-json\/wp\/v2\/tags?post=40873"}],"curies":[{"name":"wp","href":"https:\/\/api.w.org\/{rel}","templated":true}]}}