{"id":40867,"date":"2020-12-09T08:40:08","date_gmt":"2020-12-09T07:40:08","guid":{"rendered":"https:\/\/develop.immobilienbusiness.ch\/de\/allgemein\/2020-12-09\/ubs-am-verwaltet-kunftig-den-residentia-fonds\/"},"modified":"2023-07-06T18:23:44","modified_gmt":"2023-07-06T16:23:44","slug":"ubs-am-verwaltet-kunftig-den-residentia-fonds","status":"publish","type":"post","link":"https:\/\/www.immobilienbusiness.ch\/fr\/ib\/2020-12-09\/ubs-am-verwaltet-kunftig-den-residentia-fonds\/","title":{"rendered":"UBS AM g\u00e9rera le fonds Residentia \u00e0 l'avenir."},"content":{"rendered":"<div class=\"swpm-post-not-logged-in-msg\">Vous devez \u00eatre connect\u00e9 pour voir ce contenu. Veuillez consulter <a class=\"swpm-login-link\" href=\"https:\/\/www.immobilienbusiness.ch\/fr\/login\/?swpm_redirect_to=https%3A%2F%2Fwww.immobilienbusiness.ch%2Ffr%2Fwp-json%2Fwp%2Fv2%2Fposts%2F40867\">Connexion<\/a>. Vous n'\u00eates pas membre ? <a href=\"https:\/\/www.immobilienbusiness.ch\/fr\/registrieren\/\">Nous Rejoindre<\/a><\/div>","protected":false},"excerpt":{"rendered":"<p><span><span><span>UBS Asset Management reprend la gestion du fonds Residentia au 1er f\u00e9vrier 2021. Residentia est \u00e0 ce jour le seul fonds immobilier cot\u00e9 en bourse qui se concentre sur le sud de la Suisse.<\/span><\/span><\/span><\/p>","protected":false},"author":3,"featured_media":0,"comment_status":"closed","ping_status":"closed","sticky":false,"template":"","format":"standard","meta":{"_acf_changed":false,"_yoast_wpseo_focuskw":"UBS Asset Management","_yoast_wpseo_title":"","_yoast_wpseo_metadesc":"UBS Asset Management \u00fcbernimmt zum 1. Februar 2021 das Fondsmanagement von Residentia. Residentia ist der bislang einzige b\u00f6rsenkotierte Immobilienfonds mit Fokus auf der S\u00fcdschweiz.","_yoast_wpseo_linkdex":44,"pgc_sgb_lightbox_settings":"","footnotes":""},"categories":[1951],"tags":[1344,1955,1993],"class_list":["post-40867","post","type-post","status-publish","format-standard","hentry","category-ib","tag-immobilienfonds","tag-mehrfamilienhaus-miete","tag-ti"],"acf":[],"yoast_head":"<!-- This site is optimized with the Yoast SEO plugin v27.4 - https:\/\/yoast.com\/product\/yoast-seo-wordpress\/ -->\n<title>UBS AM verwaltet k\u00fcnftig den Residentia-Fonds - IMMOBILIEN Business<\/title>\n<meta name=\"description\" content=\"UBS Asset Management \u00fcbernimmt zum 1. Februar 2021 das Fondsmanagement von Residentia. Residentia ist der bislang einzige b\u00f6rsenkotierte Immobilienfonds mit Fokus auf der S\u00fcdschweiz.\" \/>\n<meta name=\"robots\" content=\"index, follow, max-snippet:-1, max-image-preview:large, max-video-preview:-1\" \/>\n<link rel=\"canonical\" href=\"https:\/\/www.immobilienbusiness.ch\/fr\/ib\/2020-12-09\/ubs-am-verwaltet-kunftig-den-residentia-fonds\/\" \/>\n<meta property=\"og:locale\" content=\"fr_FR\" \/>\n<meta property=\"og:type\" content=\"article\" \/>\n<meta property=\"og:title\" content=\"UBS AM verwaltet k\u00fcnftig den Residentia-Fonds - IMMOBILIEN Business\" \/>\n<meta property=\"og:description\" content=\"UBS Asset Management \u00fcbernimmt zum 1. Februar 2021 das Fondsmanagement von Residentia. Residentia ist der bislang einzige b\u00f6rsenkotierte Immobilienfonds mit Fokus auf der S\u00fcdschweiz.\" \/>\n<meta property=\"og:url\" content=\"https:\/\/www.immobilienbusiness.ch\/fr\/ib\/2020-12-09\/ubs-am-verwaltet-kunftig-den-residentia-fonds\/\" \/>\n<meta property=\"og:site_name\" content=\"IMMOBILIEN Business\" \/>\n<meta property=\"article:publisher\" content=\"https:\/\/www.facebook.com\/immobilienbusiness\/\" \/>\n<meta property=\"article:published_time\" content=\"2020-12-09T07:40:08+00:00\" \/>\n<meta property=\"article:modified_time\" content=\"2023-07-06T16:23:44+00:00\" \/>\n<meta name=\"author\" content=\"anja.hall\" \/>\n<meta name=\"twitter:card\" content=\"summary_large_image\" \/>\n<script type=\"application\/ld+json\" class=\"yoast-schema-graph\">{\"@context\":\"https:\\\/\\\/schema.org\",\"@graph\":[{\"@type\":\"Article\",\"@id\":\"https:\\\/\\\/www.immobilienbusiness.ch\\\/ib\\\/2020-12-09\\\/ubs-am-verwaltet-kunftig-den-residentia-fonds\\\/#article\",\"isPartOf\":{\"@id\":\"https:\\\/\\\/www.immobilienbusiness.ch\\\/ib\\\/2020-12-09\\\/ubs-am-verwaltet-kunftig-den-residentia-fonds\\\/\"},\"author\":{\"name\":\"anja.hall\",\"@id\":\"https:\\\/\\\/www.immobilienbusiness.ch\\\/#\\\/schema\\\/person\\\/3fc036297b10b9f42d6db5ee932af8c8\"},\"headline\":\"UBS AM verwaltet k\u00fcnftig den Residentia-Fonds\",\"datePublished\":\"2020-12-09T07:40:08+00:00\",\"dateModified\":\"2023-07-06T16:23:44+00:00\",\"mainEntityOfPage\":{\"@id\":\"https:\\\/\\\/www.immobilienbusiness.ch\\\/ib\\\/2020-12-09\\\/ubs-am-verwaltet-kunftig-den-residentia-fonds\\\/\"},\"wordCount\":211,\"publisher\":{\"@id\":\"https:\\\/\\\/www.immobilienbusiness.ch\\\/#organization\"},\"keywords\":[\"Immobilienfonds\",\"Mehrfamilienhaus Miete\",\"TI\"],\"articleSection\":[\"IB+\"],\"inLanguage\":\"fr-FR\"},{\"@type\":\"WebPage\",\"@id\":\"https:\\\/\\\/www.immobilienbusiness.ch\\\/ib\\\/2020-12-09\\\/ubs-am-verwaltet-kunftig-den-residentia-fonds\\\/\",\"url\":\"https:\\\/\\\/www.immobilienbusiness.ch\\\/ib\\\/2020-12-09\\\/ubs-am-verwaltet-kunftig-den-residentia-fonds\\\/\",\"name\":\"UBS AM verwaltet k\u00fcnftig den Residentia-Fonds - IMMOBILIEN Business\",\"isPartOf\":{\"@id\":\"https:\\\/\\\/www.immobilienbusiness.ch\\\/#website\"},\"datePublished\":\"2020-12-09T07:40:08+00:00\",\"dateModified\":\"2023-07-06T16:23:44+00:00\",\"description\":\"UBS Asset Management \u00fcbernimmt zum 1. Februar 2021 das Fondsmanagement von Residentia. Residentia ist der bislang einzige b\u00f6rsenkotierte Immobilienfonds mit Fokus auf der S\u00fcdschweiz.\",\"breadcrumb\":{\"@id\":\"https:\\\/\\\/www.immobilienbusiness.ch\\\/ib\\\/2020-12-09\\\/ubs-am-verwaltet-kunftig-den-residentia-fonds\\\/#breadcrumb\"},\"inLanguage\":\"fr-FR\",\"potentialAction\":[{\"@type\":\"ReadAction\",\"target\":[\"https:\\\/\\\/www.immobilienbusiness.ch\\\/ib\\\/2020-12-09\\\/ubs-am-verwaltet-kunftig-den-residentia-fonds\\\/\"]}]},{\"@type\":\"BreadcrumbList\",\"@id\":\"https:\\\/\\\/www.immobilienbusiness.ch\\\/ib\\\/2020-12-09\\\/ubs-am-verwaltet-kunftig-den-residentia-fonds\\\/#breadcrumb\",\"itemListElement\":[{\"@type\":\"ListItem\",\"position\":1,\"name\":\"Home\",\"item\":\"https:\\\/\\\/www.immobilienbusiness.ch\\\/\"},{\"@type\":\"ListItem\",\"position\":2,\"name\":\"UBS AM verwaltet k\u00fcnftig den Residentia-Fonds\"}]},{\"@type\":\"WebSite\",\"@id\":\"https:\\\/\\\/www.immobilienbusiness.ch\\\/#website\",\"url\":\"https:\\\/\\\/www.immobilienbusiness.ch\\\/\",\"name\":\"IMMOBILIEN Business\",\"description\":\"Unabh\u00e4ngiges Schweizer Wirtschaftsmagazin mit Fokus auf Immobilien, Architektur- und Bau sowie Investment- und Finanzierung.\",\"publisher\":{\"@id\":\"https:\\\/\\\/www.immobilienbusiness.ch\\\/#organization\"},\"potentialAction\":[{\"@type\":\"SearchAction\",\"target\":{\"@type\":\"EntryPoint\",\"urlTemplate\":\"https:\\\/\\\/www.immobilienbusiness.ch\\\/?s={search_term_string}\"},\"query-input\":{\"@type\":\"PropertyValueSpecification\",\"valueRequired\":true,\"valueName\":\"search_term_string\"}}],\"inLanguage\":\"fr-FR\"},{\"@type\":\"Organization\",\"@id\":\"https:\\\/\\\/www.immobilienbusiness.ch\\\/#organization\",\"name\":\"IMMOBILIEN Business\",\"url\":\"https:\\\/\\\/www.immobilienbusiness.ch\\\/\",\"logo\":{\"@type\":\"ImageObject\",\"inLanguage\":\"fr-FR\",\"@id\":\"https:\\\/\\\/www.immobilienbusiness.ch\\\/#\\\/schema\\\/logo\\\/image\\\/\",\"url\":\"https:\\\/\\\/www.immobilienbusiness.ch\\\/wp-content\\\/uploads\\\/2021\\\/07\\\/logo_ib.png\",\"contentUrl\":\"https:\\\/\\\/www.immobilienbusiness.ch\\\/wp-content\\\/uploads\\\/2021\\\/07\\\/logo_ib.png\",\"width\":800,\"height\":181,\"caption\":\"IMMOBILIEN Business\"},\"image\":{\"@id\":\"https:\\\/\\\/www.immobilienbusiness.ch\\\/#\\\/schema\\\/logo\\\/image\\\/\"},\"sameAs\":[\"https:\\\/\\\/www.facebook.com\\\/immobilienbusiness\\\/\"]},{\"@type\":\"Person\",\"@id\":\"https:\\\/\\\/www.immobilienbusiness.ch\\\/#\\\/schema\\\/person\\\/3fc036297b10b9f42d6db5ee932af8c8\",\"name\":\"anja.hall\",\"image\":{\"@type\":\"ImageObject\",\"inLanguage\":\"fr-FR\",\"@id\":\"https:\\\/\\\/secure.gravatar.com\\\/avatar\\\/066b5a0d447013502c71a5782f4f3469f03cfe595cc2329fb94652fe47511bfb?s=96&d=mm&r=g\",\"url\":\"https:\\\/\\\/secure.gravatar.com\\\/avatar\\\/066b5a0d447013502c71a5782f4f3469f03cfe595cc2329fb94652fe47511bfb?s=96&d=mm&r=g\",\"contentUrl\":\"https:\\\/\\\/secure.gravatar.com\\\/avatar\\\/066b5a0d447013502c71a5782f4f3469f03cfe595cc2329fb94652fe47511bfb?s=96&d=mm&r=g\",\"caption\":\"anja.hall\"},\"url\":\"https:\\\/\\\/www.immobilienbusiness.ch\\\/fr\\\/author\\\/anja-hall\\\/\"}]}<\/script>\n<!-- \/ Yoast SEO plugin. -->","yoast_head_json":{"title":"UBS AM verwaltet k\u00fcnftig den Residentia-Fonds - IMMOBILIEN Business","description":"UBS Asset Management reprend la gestion du fonds Residentia au 1er f\u00e9vrier 2021. Residentia est \u00e0 ce jour le seul fonds immobilier cot\u00e9 en bourse qui se concentre sur le sud de la Suisse.","robots":{"index":"index","follow":"follow","max-snippet":"max-snippet:-1","max-image-preview":"max-image-preview:large","max-video-preview":"max-video-preview:-1"},"canonical":"https:\/\/www.immobilienbusiness.ch\/fr\/ib\/2020-12-09\/ubs-am-verwaltet-kunftig-den-residentia-fonds\/","og_locale":"fr_FR","og_type":"article","og_title":"UBS AM verwaltet k\u00fcnftig den Residentia-Fonds - IMMOBILIEN Business","og_description":"UBS Asset Management \u00fcbernimmt zum 1. Februar 2021 das Fondsmanagement von Residentia. Residentia ist der bislang einzige b\u00f6rsenkotierte Immobilienfonds mit Fokus auf der S\u00fcdschweiz.","og_url":"https:\/\/www.immobilienbusiness.ch\/fr\/ib\/2020-12-09\/ubs-am-verwaltet-kunftig-den-residentia-fonds\/","og_site_name":"IMMOBILIEN Business","article_publisher":"https:\/\/www.facebook.com\/immobilienbusiness\/","article_published_time":"2020-12-09T07:40:08+00:00","article_modified_time":"2023-07-06T16:23:44+00:00","author":"anja.hall","twitter_card":"summary_large_image","schema":{"@context":"https:\/\/schema.org","@graph":[{"@type":"Article","@id":"https:\/\/www.immobilienbusiness.ch\/ib\/2020-12-09\/ubs-am-verwaltet-kunftig-den-residentia-fonds\/#article","isPartOf":{"@id":"https:\/\/www.immobilienbusiness.ch\/ib\/2020-12-09\/ubs-am-verwaltet-kunftig-den-residentia-fonds\/"},"author":{"name":"anja.hall","@id":"https:\/\/www.immobilienbusiness.ch\/#\/schema\/person\/3fc036297b10b9f42d6db5ee932af8c8"},"headline":"UBS AM verwaltet k\u00fcnftig den Residentia-Fonds","datePublished":"2020-12-09T07:40:08+00:00","dateModified":"2023-07-06T16:23:44+00:00","mainEntityOfPage":{"@id":"https:\/\/www.immobilienbusiness.ch\/ib\/2020-12-09\/ubs-am-verwaltet-kunftig-den-residentia-fonds\/"},"wordCount":211,"publisher":{"@id":"https:\/\/www.immobilienbusiness.ch\/#organization"},"keywords":["Immobilienfonds","Mehrfamilienhaus Miete","TI"],"articleSection":["IB+"],"inLanguage":"fr-FR"},{"@type":"WebPage","@id":"https:\/\/www.immobilienbusiness.ch\/ib\/2020-12-09\/ubs-am-verwaltet-kunftig-den-residentia-fonds\/","url":"https:\/\/www.immobilienbusiness.ch\/ib\/2020-12-09\/ubs-am-verwaltet-kunftig-den-residentia-fonds\/","name":"UBS AM verwaltet k\u00fcnftig den Residentia-Fonds - IMMOBILIEN Business","isPartOf":{"@id":"https:\/\/www.immobilienbusiness.ch\/#website"},"datePublished":"2020-12-09T07:40:08+00:00","dateModified":"2023-07-06T16:23:44+00:00","description":"UBS Asset Management reprend la gestion du fonds Residentia au 1er f\u00e9vrier 2021. Residentia est \u00e0 ce jour le seul fonds immobilier cot\u00e9 en bourse qui se concentre sur le sud de la Suisse.","breadcrumb":{"@id":"https:\/\/www.immobilienbusiness.ch\/ib\/2020-12-09\/ubs-am-verwaltet-kunftig-den-residentia-fonds\/#breadcrumb"},"inLanguage":"fr-FR","potentialAction":[{"@type":"ReadAction","target":["https:\/\/www.immobilienbusiness.ch\/ib\/2020-12-09\/ubs-am-verwaltet-kunftig-den-residentia-fonds\/"]}]},{"@type":"BreadcrumbList","@id":"https:\/\/www.immobilienbusiness.ch\/ib\/2020-12-09\/ubs-am-verwaltet-kunftig-den-residentia-fonds\/#breadcrumb","itemListElement":[{"@type":"ListItem","position":1,"name":"Home","item":"https:\/\/www.immobilienbusiness.ch\/"},{"@type":"ListItem","position":2,"name":"UBS AM verwaltet k\u00fcnftig den Residentia-Fonds"}]},{"@type":"WebSite","@id":"https:\/\/www.immobilienbusiness.ch\/#website","url":"https:\/\/www.immobilienbusiness.ch\/","name":"IMMOBILIER Business","description":"Magazine \u00e9conomique suisse ind\u00e9pendant ax\u00e9 sur l'immobilier, l'architecture et la construction ainsi que sur les investissements et le financement.","publisher":{"@id":"https:\/\/www.immobilienbusiness.ch\/#organization"},"potentialAction":[{"@type":"SearchAction","target":{"@type":"EntryPoint","urlTemplate":"https:\/\/www.immobilienbusiness.ch\/?s={search_term_string}"},"query-input":{"@type":"PropertyValueSpecification","valueRequired":true,"valueName":"search_term_string"}}],"inLanguage":"fr-FR"},{"@type":"Organization","@id":"https:\/\/www.immobilienbusiness.ch\/#organization","name":"IMMOBILIER Business","url":"https:\/\/www.immobilienbusiness.ch\/","logo":{"@type":"ImageObject","inLanguage":"fr-FR","@id":"https:\/\/www.immobilienbusiness.ch\/#\/schema\/logo\/image\/","url":"https:\/\/www.immobilienbusiness.ch\/wp-content\/uploads\/2021\/07\/logo_ib.png","contentUrl":"https:\/\/www.immobilienbusiness.ch\/wp-content\/uploads\/2021\/07\/logo_ib.png","width":800,"height":181,"caption":"IMMOBILIEN Business"},"image":{"@id":"https:\/\/www.immobilienbusiness.ch\/#\/schema\/logo\/image\/"},"sameAs":["https:\/\/www.facebook.com\/immobilienbusiness\/"]},{"@type":"Person","@id":"https:\/\/www.immobilienbusiness.ch\/#\/schema\/person\/3fc036297b10b9f42d6db5ee932af8c8","name":"anja.hall","image":{"@type":"ImageObject","inLanguage":"fr-FR","@id":"https:\/\/secure.gravatar.com\/avatar\/066b5a0d447013502c71a5782f4f3469f03cfe595cc2329fb94652fe47511bfb?s=96&d=mm&r=g","url":"https:\/\/secure.gravatar.com\/avatar\/066b5a0d447013502c71a5782f4f3469f03cfe595cc2329fb94652fe47511bfb?s=96&d=mm&r=g","contentUrl":"https:\/\/secure.gravatar.com\/avatar\/066b5a0d447013502c71a5782f4f3469f03cfe595cc2329fb94652fe47511bfb?s=96&d=mm&r=g","caption":"anja.hall"},"url":"https:\/\/www.immobilienbusiness.ch\/fr\/author\/anja-hall\/"}]}},"_links":{"self":[{"href":"https:\/\/www.immobilienbusiness.ch\/fr\/wp-json\/wp\/v2\/posts\/40867","targetHints":{"allow":["GET"]}}],"collection":[{"href":"https:\/\/www.immobilienbusiness.ch\/fr\/wp-json\/wp\/v2\/posts"}],"about":[{"href":"https:\/\/www.immobilienbusiness.ch\/fr\/wp-json\/wp\/v2\/types\/post"}],"author":[{"embeddable":true,"href":"https:\/\/www.immobilienbusiness.ch\/fr\/wp-json\/wp\/v2\/users\/3"}],"replies":[{"embeddable":true,"href":"https:\/\/www.immobilienbusiness.ch\/fr\/wp-json\/wp\/v2\/comments?post=40867"}],"version-history":[{"count":1,"href":"https:\/\/www.immobilienbusiness.ch\/fr\/wp-json\/wp\/v2\/posts\/40867\/revisions"}],"predecessor-version":[{"id":50053,"href":"https:\/\/www.immobilienbusiness.ch\/fr\/wp-json\/wp\/v2\/posts\/40867\/revisions\/50053"}],"wp:attachment":[{"href":"https:\/\/www.immobilienbusiness.ch\/fr\/wp-json\/wp\/v2\/media?parent=40867"}],"wp:term":[{"taxonomy":"category","embeddable":true,"href":"https:\/\/www.immobilienbusiness.ch\/fr\/wp-json\/wp\/v2\/categories?post=40867"},{"taxonomy":"post_tag","embeddable":true,"href":"https:\/\/www.immobilienbusiness.ch\/fr\/wp-json\/wp\/v2\/tags?post=40867"}],"curies":[{"name":"wp","href":"https:\/\/api.w.org\/{rel}","templated":true}]}}