{"id":4079,"date":"2016-06-08T08:33:07","date_gmt":"2016-06-08T06:33:07","guid":{"rendered":"http:\/\/dev.immobilienbusiness.ch\/?p=4079"},"modified":"2016-06-08T08:33:07","modified_gmt":"2016-06-08T06:33:07","slug":"ubs-re-opening-und-zukauf-fuer-anlagegruppe-ast-kis","status":"publish","type":"post","link":"https:\/\/www.immobilienbusiness.ch\/fr\/allgemein\/2016-06-08\/ubs-re-opening-und-zukauf-fuer-anlagegruppe-ast-kis\/","title":{"rendered":"UBS : r\u00e9ouverture et acquisition pour le groupe de placement AST-KIS"},"content":{"rendered":"<figure id=\"attachment_4083\" aria-describedby=\"caption-attachment-4083\" style=\"width: 680px\" class=\"wp-caption alignnone\"><img loading=\"lazy\" decoding=\"async\" class=\"size-medium wp-image-4083\" src=\"https:\/\/immobilienbusiness.ch\/wp-content\/uploads\/2016\/12\/UBS-Re-Opening-und-Zukauf-f\u00fcr-Anlagegruppe-AST-KIS-immobilien-business.jpg\" alt=\"Re-Opening f\u00fcr den UBS AST-KIS (Foto: Pixabay)\" width=\"680\" height=\"455\" \/><figcaption id=\"caption-attachment-4083\" class=\"wp-caption-text\">Re-ouverture pour le SIH AST d'UBS (photo : Pixabay)<\/figcaption><\/figure>\n<p>La r\u00e9ouverture se fait dans des conditions et selon une proc\u00e9dure particuli\u00e8res. Seules les institutions de pr\u00e9voyance en faveur du personnel suisses appartenant \u00e0 des groupes de placement de la Fondation de placement pour la pr\u00e9voyance en faveur du personnel d'UBS peuvent investir dans l'UBS AST-KIS1. Le produit de l'\u00e9mission servira au remboursement de financements externes, au financement de projets de construction ainsi qu'\u00e0 l'achat d'immeubles, fait savoir UBS.<\/p>\n<p>Le portefeuille du groupe de placement UBS AST-KIS comprend actuellement 38 immeubles et pr\u00e9sente un volume de valeur marchande d'environ 580 millions de CHF. Au 1er juin 2016, le groupe de placement a acquis un portefeuille de quatre immeubles en portefeuille \u00e0 B\u00e2le, Chiasso (TI), Muttenz (BL) et Reinach (BL). Les immeubles sont principalement utilis\u00e9s \u00e0 des fins commerciales (bureaux, commerce de d\u00e9tail, artisanat), deux immeubles disposent \u00e9galement d'une petite part de logements. Les quatre immeubles abritent une agence UBS. (ah)<\/p>","protected":false},"excerpt":{"rendered":"<p>Le groupe de placement UBS AST Immobilier commercial Suisse (UBS AST-KIS) de la Fondation de placement de l'UBS pour la pr\u00e9voyance en faveur du personnel est ouvert aux souscriptions jusqu'au 24 juin 2016. Il est pr\u00e9vu d'attribuer des souscriptions pour un montant d'environ 75 millions de CHF.<\/p>","protected":false},"author":1,"featured_media":4083,"comment_status":"open","ping_status":"open","sticky":false,"template":"","format":"standard","meta":{"_acf_changed":false,"_yoast_wpseo_focuskw":"Re-Opening","_yoast_wpseo_title":"","_yoast_wpseo_metadesc":"Re-Opening: Die Anlagegruppe UBS AST Kommerzielle Immobilien Schweiz der wird bis am 24. Juni 2016 f\u00fcr Zeichnungen ge\u00f6ffnet.","_yoast_wpseo_linkdex":71,"pgc_sgb_lightbox_settings":"","footnotes":""},"categories":[1],"tags":[1222,1362],"class_list":["post-4079","post","type-post","status-publish","format-standard","has-post-thumbnail","hentry","category-allgemein","tag-finanzierung","tag-indirekte-immobilienanlagen"],"acf":[],"yoast_head":"<!-- This site is optimized with the Yoast SEO plugin v27.5 - https:\/\/yoast.com\/product\/yoast-seo-wordpress\/ -->\n<title>UBS: Re-Opening und Zukauf f\u00fcr Anlagegruppe AST-KIS - IMMOBILIEN Business<\/title>\n<meta name=\"description\" content=\"Re-Opening: Die Anlagegruppe UBS AST Kommerzielle Immobilien Schweiz der wird bis am 24. Juni 2016 f\u00fcr Zeichnungen ge\u00f6ffnet.\" \/>\n<meta name=\"robots\" content=\"index, follow, max-snippet:-1, max-image-preview:large, max-video-preview:-1\" \/>\n<link rel=\"canonical\" href=\"https:\/\/www.immobilienbusiness.ch\/fr\/allgemein\/2016-06-08\/ubs-re-opening-und-zukauf-fuer-anlagegruppe-ast-kis\/\" \/>\n<meta property=\"og:locale\" content=\"fr_FR\" \/>\n<meta property=\"og:type\" content=\"article\" \/>\n<meta property=\"og:title\" content=\"UBS: Re-Opening und Zukauf f\u00fcr Anlagegruppe AST-KIS\" \/>\n<meta property=\"og:description\" content=\"Die Anlagegruppe UBS AST Kommerzielle Immobilien Schweiz (UBS AST-KIS) der Anlagestiftung der UBS f\u00fcr Personalvorsorge wird bis am 24. Juni 2016 f\u00fcr Zeichnungen ge\u00f6ffnet. Geplant ist, Zeichnungen im Umfang von rund 75 Millionen CHF zuzuteilen.\" \/>\n<meta property=\"og:url\" content=\"https:\/\/www.immobilienbusiness.ch\/fr\/allgemein\/2016-06-08\/ubs-re-opening-und-zukauf-fuer-anlagegruppe-ast-kis\/\" \/>\n<meta property=\"og:site_name\" content=\"IMMOBILIEN Business\" \/>\n<meta property=\"article:publisher\" content=\"https:\/\/www.facebook.com\/immobilienbusiness\/\" \/>\n<meta property=\"article:published_time\" content=\"2016-06-08T06:33:07+00:00\" \/>\n<meta name=\"author\" content=\"Redaktion\" \/>\n<meta name=\"twitter:card\" content=\"summary_large_image\" \/>\n<meta name=\"twitter:image\" content=\"https:\/\/www.immobilienbusiness.ch\/wp-content\/uploads\/2016\/12\/UBS-Re-Opening-und-Zukauf-fuer-Anlagegruppe-AST-KIS-immobilien-business.jpg\" \/>\n<script type=\"application\/ld+json\" class=\"yoast-schema-graph\">{\"@context\":\"https:\\\/\\\/schema.org\",\"@graph\":[{\"@type\":\"Article\",\"@id\":\"https:\\\/\\\/www.immobilienbusiness.ch\\\/en\\\/allgemein\\\/2016-06-08\\\/ubs-re-opening-und-zukauf-fuer-anlagegruppe-ast-kis\\\/#article\",\"isPartOf\":{\"@id\":\"https:\\\/\\\/www.immobilienbusiness.ch\\\/en\\\/allgemein\\\/2016-06-08\\\/ubs-re-opening-und-zukauf-fuer-anlagegruppe-ast-kis\\\/\"},\"author\":{\"name\":\"Redaktion\",\"@id\":\"https:\\\/\\\/www.immobilienbusiness.ch\\\/#\\\/schema\\\/person\\\/aa2bace6c5c5aad60102004a50c4eb1c\"},\"headline\":\"UBS: Re-Opening und Zukauf f\u00fcr Anlagegruppe AST-KIS\",\"datePublished\":\"2016-06-08T06:33:07+00:00\",\"mainEntityOfPage\":{\"@id\":\"https:\\\/\\\/www.immobilienbusiness.ch\\\/en\\\/allgemein\\\/2016-06-08\\\/ubs-re-opening-und-zukauf-fuer-anlagegruppe-ast-kis\\\/\"},\"wordCount\":141,\"commentCount\":0,\"publisher\":{\"@id\":\"https:\\\/\\\/www.immobilienbusiness.ch\\\/#organization\"},\"image\":{\"@id\":\"https:\\\/\\\/www.immobilienbusiness.ch\\\/en\\\/allgemein\\\/2016-06-08\\\/ubs-re-opening-und-zukauf-fuer-anlagegruppe-ast-kis\\\/#primaryimage\"},\"thumbnailUrl\":\"https:\\\/\\\/www.immobilienbusiness.ch\\\/wp-content\\\/uploads\\\/2016\\\/12\\\/UBS-Re-Opening-und-Zukauf-fuer-Anlagegruppe-AST-KIS-immobilien-business.jpg\",\"keywords\":[\"Finanzierung\",\"Indirekte Immobilienanlagen\"],\"articleSection\":[\"Allgemein\"],\"inLanguage\":\"fr-FR\"},{\"@type\":\"WebPage\",\"@id\":\"https:\\\/\\\/www.immobilienbusiness.ch\\\/en\\\/allgemein\\\/2016-06-08\\\/ubs-re-opening-und-zukauf-fuer-anlagegruppe-ast-kis\\\/\",\"url\":\"https:\\\/\\\/www.immobilienbusiness.ch\\\/en\\\/allgemein\\\/2016-06-08\\\/ubs-re-opening-und-zukauf-fuer-anlagegruppe-ast-kis\\\/\",\"name\":\"UBS: Re-Opening und Zukauf f\u00fcr Anlagegruppe AST-KIS - IMMOBILIEN Business\",\"isPartOf\":{\"@id\":\"https:\\\/\\\/www.immobilienbusiness.ch\\\/#website\"},\"primaryImageOfPage\":{\"@id\":\"https:\\\/\\\/www.immobilienbusiness.ch\\\/en\\\/allgemein\\\/2016-06-08\\\/ubs-re-opening-und-zukauf-fuer-anlagegruppe-ast-kis\\\/#primaryimage\"},\"image\":{\"@id\":\"https:\\\/\\\/www.immobilienbusiness.ch\\\/en\\\/allgemein\\\/2016-06-08\\\/ubs-re-opening-und-zukauf-fuer-anlagegruppe-ast-kis\\\/#primaryimage\"},\"thumbnailUrl\":\"https:\\\/\\\/www.immobilienbusiness.ch\\\/wp-content\\\/uploads\\\/2016\\\/12\\\/UBS-Re-Opening-und-Zukauf-fuer-Anlagegruppe-AST-KIS-immobilien-business.jpg\",\"datePublished\":\"2016-06-08T06:33:07+00:00\",\"description\":\"Re-Opening: Die Anlagegruppe UBS AST Kommerzielle Immobilien Schweiz der wird bis am 24. Juni 2016 f\u00fcr Zeichnungen ge\u00f6ffnet.\",\"breadcrumb\":{\"@id\":\"https:\\\/\\\/www.immobilienbusiness.ch\\\/en\\\/allgemein\\\/2016-06-08\\\/ubs-re-opening-und-zukauf-fuer-anlagegruppe-ast-kis\\\/#breadcrumb\"},\"inLanguage\":\"fr-FR\",\"potentialAction\":[{\"@type\":\"ReadAction\",\"target\":[\"https:\\\/\\\/www.immobilienbusiness.ch\\\/en\\\/allgemein\\\/2016-06-08\\\/ubs-re-opening-und-zukauf-fuer-anlagegruppe-ast-kis\\\/\"]}]},{\"@type\":\"ImageObject\",\"inLanguage\":\"fr-FR\",\"@id\":\"https:\\\/\\\/www.immobilienbusiness.ch\\\/en\\\/allgemein\\\/2016-06-08\\\/ubs-re-opening-und-zukauf-fuer-anlagegruppe-ast-kis\\\/#primaryimage\",\"url\":\"https:\\\/\\\/www.immobilienbusiness.ch\\\/wp-content\\\/uploads\\\/2016\\\/12\\\/UBS-Re-Opening-und-Zukauf-fuer-Anlagegruppe-AST-KIS-immobilien-business.jpg\",\"contentUrl\":\"https:\\\/\\\/www.immobilienbusiness.ch\\\/wp-content\\\/uploads\\\/2016\\\/12\\\/UBS-Re-Opening-und-Zukauf-fuer-Anlagegruppe-AST-KIS-immobilien-business.jpg\",\"width\":1280,\"height\":856,\"caption\":\"(Foto: Pixabay)\"},{\"@type\":\"BreadcrumbList\",\"@id\":\"https:\\\/\\\/www.immobilienbusiness.ch\\\/en\\\/allgemein\\\/2016-06-08\\\/ubs-re-opening-und-zukauf-fuer-anlagegruppe-ast-kis\\\/#breadcrumb\",\"itemListElement\":[{\"@type\":\"ListItem\",\"position\":1,\"name\":\"Home\",\"item\":\"https:\\\/\\\/www.immobilienbusiness.ch\\\/\"},{\"@type\":\"ListItem\",\"position\":2,\"name\":\"UBS: Re-Opening und Zukauf f\u00fcr Anlagegruppe AST-KIS\"}]},{\"@type\":\"WebSite\",\"@id\":\"https:\\\/\\\/www.immobilienbusiness.ch\\\/#website\",\"url\":\"https:\\\/\\\/www.immobilienbusiness.ch\\\/\",\"name\":\"IMMOBILIEN Business\",\"description\":\"Unabh\u00e4ngiges Schweizer Wirtschaftsmagazin mit Fokus auf Immobilien, Architektur- und Bau sowie Investment- und Finanzierung.\",\"publisher\":{\"@id\":\"https:\\\/\\\/www.immobilienbusiness.ch\\\/#organization\"},\"potentialAction\":[{\"@type\":\"SearchAction\",\"target\":{\"@type\":\"EntryPoint\",\"urlTemplate\":\"https:\\\/\\\/www.immobilienbusiness.ch\\\/?s={search_term_string}\"},\"query-input\":{\"@type\":\"PropertyValueSpecification\",\"valueRequired\":true,\"valueName\":\"search_term_string\"}}],\"inLanguage\":\"fr-FR\"},{\"@type\":\"Organization\",\"@id\":\"https:\\\/\\\/www.immobilienbusiness.ch\\\/#organization\",\"name\":\"IMMOBILIEN Business\",\"url\":\"https:\\\/\\\/www.immobilienbusiness.ch\\\/\",\"logo\":{\"@type\":\"ImageObject\",\"inLanguage\":\"fr-FR\",\"@id\":\"https:\\\/\\\/www.immobilienbusiness.ch\\\/#\\\/schema\\\/logo\\\/image\\\/\",\"url\":\"https:\\\/\\\/www.immobilienbusiness.ch\\\/wp-content\\\/uploads\\\/2021\\\/07\\\/logo_ib.png\",\"contentUrl\":\"https:\\\/\\\/www.immobilienbusiness.ch\\\/wp-content\\\/uploads\\\/2021\\\/07\\\/logo_ib.png\",\"width\":800,\"height\":181,\"caption\":\"IMMOBILIEN Business\"},\"image\":{\"@id\":\"https:\\\/\\\/www.immobilienbusiness.ch\\\/#\\\/schema\\\/logo\\\/image\\\/\"},\"sameAs\":[\"https:\\\/\\\/www.facebook.com\\\/immobilienbusiness\\\/\"]},{\"@type\":\"Person\",\"@id\":\"https:\\\/\\\/www.immobilienbusiness.ch\\\/#\\\/schema\\\/person\\\/aa2bace6c5c5aad60102004a50c4eb1c\",\"name\":\"Redaktion\",\"image\":{\"@type\":\"ImageObject\",\"inLanguage\":\"fr-FR\",\"@id\":\"https:\\\/\\\/secure.gravatar.com\\\/avatar\\\/ae2f4d718e6c49043e314ce431e7e645d646302a24a5ef5a8bc8e3f5a032e319?s=96&d=mm&r=g\",\"url\":\"https:\\\/\\\/secure.gravatar.com\\\/avatar\\\/ae2f4d718e6c49043e314ce431e7e645d646302a24a5ef5a8bc8e3f5a032e319?s=96&d=mm&r=g\",\"contentUrl\":\"https:\\\/\\\/secure.gravatar.com\\\/avatar\\\/ae2f4d718e6c49043e314ce431e7e645d646302a24a5ef5a8bc8e3f5a032e319?s=96&d=mm&r=g\",\"caption\":\"Redaktion\"},\"sameAs\":[\"http:\\\/\\\/develop.organisator.galledia.ch\"],\"url\":\"https:\\\/\\\/www.immobilienbusiness.ch\\\/fr\\\/author\\\/admin\\\/\"}]}<\/script>\n<!-- \/ Yoast SEO plugin. -->","yoast_head_json":{"title":"UBS : r\u00e9ouverture et acquisition pour le groupe de placement AST-KIS - IMMOBILIER Business","description":"Re-Opening : Le groupe de placement UBS AST Immobilier commercial Suisse est ouvert aux souscriptions jusqu'au 24 juin 2016.","robots":{"index":"index","follow":"follow","max-snippet":"max-snippet:-1","max-image-preview":"max-image-preview:large","max-video-preview":"max-video-preview:-1"},"canonical":"https:\/\/www.immobilienbusiness.ch\/fr\/allgemein\/2016-06-08\/ubs-re-opening-und-zukauf-fuer-anlagegruppe-ast-kis\/","og_locale":"fr_FR","og_type":"article","og_title":"UBS: Re-Opening und Zukauf f\u00fcr Anlagegruppe AST-KIS","og_description":"Die Anlagegruppe UBS AST Kommerzielle Immobilien Schweiz (UBS AST-KIS) der Anlagestiftung der UBS f\u00fcr Personalvorsorge wird bis am 24. Juni 2016 f\u00fcr Zeichnungen ge\u00f6ffnet. Geplant ist, Zeichnungen im Umfang von rund 75 Millionen CHF zuzuteilen.","og_url":"https:\/\/www.immobilienbusiness.ch\/fr\/allgemein\/2016-06-08\/ubs-re-opening-und-zukauf-fuer-anlagegruppe-ast-kis\/","og_site_name":"IMMOBILIEN Business","article_publisher":"https:\/\/www.facebook.com\/immobilienbusiness\/","article_published_time":"2016-06-08T06:33:07+00:00","author":"Redaktion","twitter_card":"summary_large_image","twitter_image":"https:\/\/www.immobilienbusiness.ch\/wp-content\/uploads\/2016\/12\/UBS-Re-Opening-und-Zukauf-fuer-Anlagegruppe-AST-KIS-immobilien-business.jpg","schema":{"@context":"https:\/\/schema.org","@graph":[{"@type":"Article","@id":"https:\/\/www.immobilienbusiness.ch\/en\/allgemein\/2016-06-08\/ubs-re-opening-und-zukauf-fuer-anlagegruppe-ast-kis\/#article","isPartOf":{"@id":"https:\/\/www.immobilienbusiness.ch\/en\/allgemein\/2016-06-08\/ubs-re-opening-und-zukauf-fuer-anlagegruppe-ast-kis\/"},"author":{"name":"Redaktion","@id":"https:\/\/www.immobilienbusiness.ch\/#\/schema\/person\/aa2bace6c5c5aad60102004a50c4eb1c"},"headline":"UBS: Re-Opening und Zukauf f\u00fcr Anlagegruppe AST-KIS","datePublished":"2016-06-08T06:33:07+00:00","mainEntityOfPage":{"@id":"https:\/\/www.immobilienbusiness.ch\/en\/allgemein\/2016-06-08\/ubs-re-opening-und-zukauf-fuer-anlagegruppe-ast-kis\/"},"wordCount":141,"commentCount":0,"publisher":{"@id":"https:\/\/www.immobilienbusiness.ch\/#organization"},"image":{"@id":"https:\/\/www.immobilienbusiness.ch\/en\/allgemein\/2016-06-08\/ubs-re-opening-und-zukauf-fuer-anlagegruppe-ast-kis\/#primaryimage"},"thumbnailUrl":"https:\/\/www.immobilienbusiness.ch\/wp-content\/uploads\/2016\/12\/UBS-Re-Opening-und-Zukauf-fuer-Anlagegruppe-AST-KIS-immobilien-business.jpg","keywords":["Finanzierung","Indirekte Immobilienanlagen"],"articleSection":["Allgemein"],"inLanguage":"fr-FR"},{"@type":"WebPage","@id":"https:\/\/www.immobilienbusiness.ch\/en\/allgemein\/2016-06-08\/ubs-re-opening-und-zukauf-fuer-anlagegruppe-ast-kis\/","url":"https:\/\/www.immobilienbusiness.ch\/en\/allgemein\/2016-06-08\/ubs-re-opening-und-zukauf-fuer-anlagegruppe-ast-kis\/","name":"UBS : r\u00e9ouverture et acquisition pour le groupe de placement AST-KIS - IMMOBILIER Business","isPartOf":{"@id":"https:\/\/www.immobilienbusiness.ch\/#website"},"primaryImageOfPage":{"@id":"https:\/\/www.immobilienbusiness.ch\/en\/allgemein\/2016-06-08\/ubs-re-opening-und-zukauf-fuer-anlagegruppe-ast-kis\/#primaryimage"},"image":{"@id":"https:\/\/www.immobilienbusiness.ch\/en\/allgemein\/2016-06-08\/ubs-re-opening-und-zukauf-fuer-anlagegruppe-ast-kis\/#primaryimage"},"thumbnailUrl":"https:\/\/www.immobilienbusiness.ch\/wp-content\/uploads\/2016\/12\/UBS-Re-Opening-und-Zukauf-fuer-Anlagegruppe-AST-KIS-immobilien-business.jpg","datePublished":"2016-06-08T06:33:07+00:00","description":"Re-Opening : Le groupe de placement UBS AST Immobilier commercial Suisse est ouvert aux souscriptions jusqu'au 24 juin 2016.","breadcrumb":{"@id":"https:\/\/www.immobilienbusiness.ch\/en\/allgemein\/2016-06-08\/ubs-re-opening-und-zukauf-fuer-anlagegruppe-ast-kis\/#breadcrumb"},"inLanguage":"fr-FR","potentialAction":[{"@type":"ReadAction","target":["https:\/\/www.immobilienbusiness.ch\/en\/allgemein\/2016-06-08\/ubs-re-opening-und-zukauf-fuer-anlagegruppe-ast-kis\/"]}]},{"@type":"ImageObject","inLanguage":"fr-FR","@id":"https:\/\/www.immobilienbusiness.ch\/en\/allgemein\/2016-06-08\/ubs-re-opening-und-zukauf-fuer-anlagegruppe-ast-kis\/#primaryimage","url":"https:\/\/www.immobilienbusiness.ch\/wp-content\/uploads\/2016\/12\/UBS-Re-Opening-und-Zukauf-fuer-Anlagegruppe-AST-KIS-immobilien-business.jpg","contentUrl":"https:\/\/www.immobilienbusiness.ch\/wp-content\/uploads\/2016\/12\/UBS-Re-Opening-und-Zukauf-fuer-Anlagegruppe-AST-KIS-immobilien-business.jpg","width":1280,"height":856,"caption":"(Foto: Pixabay)"},{"@type":"BreadcrumbList","@id":"https:\/\/www.immobilienbusiness.ch\/en\/allgemein\/2016-06-08\/ubs-re-opening-und-zukauf-fuer-anlagegruppe-ast-kis\/#breadcrumb","itemListElement":[{"@type":"ListItem","position":1,"name":"Home","item":"https:\/\/www.immobilienbusiness.ch\/"},{"@type":"ListItem","position":2,"name":"UBS: Re-Opening und Zukauf f\u00fcr Anlagegruppe AST-KIS"}]},{"@type":"WebSite","@id":"https:\/\/www.immobilienbusiness.ch\/#website","url":"https:\/\/www.immobilienbusiness.ch\/","name":"IMMOBILIER Business","description":"Magazine \u00e9conomique suisse ind\u00e9pendant ax\u00e9 sur l'immobilier, l'architecture et la construction ainsi que sur les investissements et le financement.","publisher":{"@id":"https:\/\/www.immobilienbusiness.ch\/#organization"},"potentialAction":[{"@type":"SearchAction","target":{"@type":"EntryPoint","urlTemplate":"https:\/\/www.immobilienbusiness.ch\/?s={search_term_string}"},"query-input":{"@type":"PropertyValueSpecification","valueRequired":true,"valueName":"search_term_string"}}],"inLanguage":"fr-FR"},{"@type":"Organization","@id":"https:\/\/www.immobilienbusiness.ch\/#organization","name":"IMMOBILIER Business","url":"https:\/\/www.immobilienbusiness.ch\/","logo":{"@type":"ImageObject","inLanguage":"fr-FR","@id":"https:\/\/www.immobilienbusiness.ch\/#\/schema\/logo\/image\/","url":"https:\/\/www.immobilienbusiness.ch\/wp-content\/uploads\/2021\/07\/logo_ib.png","contentUrl":"https:\/\/www.immobilienbusiness.ch\/wp-content\/uploads\/2021\/07\/logo_ib.png","width":800,"height":181,"caption":"IMMOBILIEN Business"},"image":{"@id":"https:\/\/www.immobilienbusiness.ch\/#\/schema\/logo\/image\/"},"sameAs":["https:\/\/www.facebook.com\/immobilienbusiness\/"]},{"@type":"Person","@id":"https:\/\/www.immobilienbusiness.ch\/#\/schema\/person\/aa2bace6c5c5aad60102004a50c4eb1c","name":"Editorial","image":{"@type":"ImageObject","inLanguage":"fr-FR","@id":"https:\/\/secure.gravatar.com\/avatar\/ae2f4d718e6c49043e314ce431e7e645d646302a24a5ef5a8bc8e3f5a032e319?s=96&d=mm&r=g","url":"https:\/\/secure.gravatar.com\/avatar\/ae2f4d718e6c49043e314ce431e7e645d646302a24a5ef5a8bc8e3f5a032e319?s=96&d=mm&r=g","contentUrl":"https:\/\/secure.gravatar.com\/avatar\/ae2f4d718e6c49043e314ce431e7e645d646302a24a5ef5a8bc8e3f5a032e319?s=96&d=mm&r=g","caption":"Redaktion"},"sameAs":["http:\/\/develop.organisator.galledia.ch"],"url":"https:\/\/www.immobilienbusiness.ch\/fr\/author\/admin\/"}]}},"_links":{"self":[{"href":"https:\/\/www.immobilienbusiness.ch\/fr\/wp-json\/wp\/v2\/posts\/4079","targetHints":{"allow":["GET"]}}],"collection":[{"href":"https:\/\/www.immobilienbusiness.ch\/fr\/wp-json\/wp\/v2\/posts"}],"about":[{"href":"https:\/\/www.immobilienbusiness.ch\/fr\/wp-json\/wp\/v2\/types\/post"}],"author":[{"embeddable":true,"href":"https:\/\/www.immobilienbusiness.ch\/fr\/wp-json\/wp\/v2\/users\/1"}],"replies":[{"embeddable":true,"href":"https:\/\/www.immobilienbusiness.ch\/fr\/wp-json\/wp\/v2\/comments?post=4079"}],"version-history":[{"count":0,"href":"https:\/\/www.immobilienbusiness.ch\/fr\/wp-json\/wp\/v2\/posts\/4079\/revisions"}],"wp:featuredmedia":[{"embeddable":true,"href":"https:\/\/www.immobilienbusiness.ch\/fr\/wp-json\/wp\/v2\/media\/4083"}],"wp:attachment":[{"href":"https:\/\/www.immobilienbusiness.ch\/fr\/wp-json\/wp\/v2\/media?parent=4079"}],"wp:term":[{"taxonomy":"category","embeddable":true,"href":"https:\/\/www.immobilienbusiness.ch\/fr\/wp-json\/wp\/v2\/categories?post=4079"},{"taxonomy":"post_tag","embeddable":true,"href":"https:\/\/www.immobilienbusiness.ch\/fr\/wp-json\/wp\/v2\/tags?post=4079"}],"curies":[{"name":"wp","href":"https:\/\/api.w.org\/{rel}","templated":true}]}}