{"id":40747,"date":"2020-08-03T22:40:00","date_gmt":"2020-08-03T20:40:00","guid":{"rendered":"https:\/\/develop.immobilienbusiness.ch\/de\/allgemein\/2020-08-03\/kanton-genf-coop-und-schindler-mieten-flachen-im-espace-tourbillon\/"},"modified":"2023-07-18T19:44:56","modified_gmt":"2023-07-18T17:44:56","slug":"kanton-genf-coop-und-schindler-mieten-flachen-im-espace-tourbillon","status":"publish","type":"post","link":"https:\/\/www.immobilienbusiness.ch\/fr\/ib\/2020-08-03\/kanton-genf-coop-und-schindler-mieten-flachen-im-espace-tourbillon\/","title":{"rendered":"Canton de Gen\u00e8ve : Coop et Schindler louent des surfaces \u00e0 l'Espace Tourbillon"},"content":{"rendered":"<div class=\"swpm-post-not-logged-in-msg\">Vous devez \u00eatre connect\u00e9 pour voir ce contenu. Veuillez consulter <a class=\"swpm-login-link\" href=\"https:\/\/www.immobilienbusiness.ch\/fr\/login\/?swpm_redirect_to=https%3A%2F%2Fwww.immobilienbusiness.ch%2Ffr%2Fwp-json%2Fwp%2Fv2%2Fposts%2F40747\">Connexion<\/a>. Vous n'\u00eates pas membre ? <a href=\"https:\/\/www.immobilienbusiness.ch\/fr\/registrieren\/\">Nous Rejoindre<\/a><\/div>","protected":false},"excerpt":{"rendered":"<p>Dans le projet Espace Tourbillon \u00e0 Plan-les-Ouates dans le canton de Gen\u00e8ve, les entreprises Coop et Schindler louent des surfaces commerciales. L'exploitant de supermarch\u00e9s utilisera 400 m\u00e8tres carr\u00e9s et le fabricant d'ascenseurs 1 200 m\u00e8tres carr\u00e9s dans le nouveau projet immobilier de Swiss Prime Site. SPG Intercity Gen\u00e8ve a servi d'interm\u00e9diaire.<\/p>","protected":false},"author":4,"featured_media":0,"comment_status":"closed","ping_status":"closed","sticky":false,"template":"","format":"standard","meta":{"_acf_changed":false,"_yoast_wpseo_focuskw":"Tourbillon","_yoast_wpseo_title":"","_yoast_wpseo_metadesc":"Im Projekt Espace Tourbillon in Plan-les-Ouates im Kanton Genf mieten die Unternehmen Coop und Schindler gewerbliche Fl\u00e4chen. Der Supermarktbetreiber wird in dem Neubauprojekt von Swiss Prime Site Immobilien 400 Quadratmeter, der Lifthersteller 1.200 Quadratmeter nutzen. Vermittelnd t\u00e4tig war SPG Intercity Genf.","_yoast_wpseo_linkdex":42,"pgc_sgb_lightbox_settings":"","footnotes":""},"categories":[1951],"tags":[1118,1988,1643,1962,1832],"class_list":["post-40747","post","type-post","status-publish","format-standard","hentry","category-ib","tag-buero","tag-ge","tag-retail","tag-verfugbare-flache","tag-vermietung"],"acf":[],"yoast_head":"<!-- This site is optimized with the Yoast SEO plugin v27.5 - https:\/\/yoast.com\/product\/yoast-seo-wordpress\/ -->\n<title>Kanton Genf: Coop und Schindler mieten Fl\u00e4chen im Espace Tourbillon - IMMOBILIEN Business<\/title>\n<meta name=\"description\" content=\"Im Projekt Espace Tourbillon in Plan-les-Ouates im Kanton Genf mieten die Unternehmen Coop und Schindler gewerbliche Fl\u00e4chen. Der Supermarktbetreiber wird in dem Neubauprojekt von Swiss Prime Site Immobilien 400 Quadratmeter, der Lifthersteller 1.200 Quadratmeter nutzen. Vermittelnd t\u00e4tig war SPG Intercity Genf.\" \/>\n<meta name=\"robots\" content=\"index, follow, max-snippet:-1, max-image-preview:large, max-video-preview:-1\" \/>\n<link rel=\"canonical\" href=\"https:\/\/www.immobilienbusiness.ch\/fr\/ib\/2020-08-03\/kanton-genf-coop-und-schindler-mieten-flachen-im-espace-tourbillon\/\" \/>\n<meta property=\"og:locale\" content=\"fr_FR\" \/>\n<meta property=\"og:type\" content=\"article\" \/>\n<meta property=\"og:title\" content=\"Kanton Genf: Coop und Schindler mieten Fl\u00e4chen im Espace Tourbillon - IMMOBILIEN Business\" \/>\n<meta property=\"og:description\" content=\"Im Projekt Espace Tourbillon in Plan-les-Ouates im Kanton Genf mieten die Unternehmen Coop und Schindler gewerbliche Fl\u00e4chen. Der Supermarktbetreiber wird in dem Neubauprojekt von Swiss Prime Site Immobilien 400 Quadratmeter, der Lifthersteller 1.200 Quadratmeter nutzen. Vermittelnd t\u00e4tig war SPG Intercity Genf.\" \/>\n<meta property=\"og:url\" content=\"https:\/\/www.immobilienbusiness.ch\/fr\/ib\/2020-08-03\/kanton-genf-coop-und-schindler-mieten-flachen-im-espace-tourbillon\/\" \/>\n<meta property=\"og:site_name\" content=\"IMMOBILIEN Business\" \/>\n<meta property=\"article:publisher\" content=\"https:\/\/www.facebook.com\/immobilienbusiness\/\" \/>\n<meta property=\"article:published_time\" content=\"2020-08-03T20:40:00+00:00\" \/>\n<meta property=\"article:modified_time\" content=\"2023-07-18T17:44:56+00:00\" \/>\n<meta name=\"author\" content=\"mathias.rinka\" \/>\n<meta name=\"twitter:card\" content=\"summary_large_image\" \/>\n<script type=\"application\/ld+json\" class=\"yoast-schema-graph\">{\"@context\":\"https:\\\/\\\/schema.org\",\"@graph\":[{\"@type\":\"Article\",\"@id\":\"https:\\\/\\\/www.immobilienbusiness.ch\\\/ib\\\/2020-08-03\\\/kanton-genf-coop-und-schindler-mieten-flachen-im-espace-tourbillon\\\/#article\",\"isPartOf\":{\"@id\":\"https:\\\/\\\/www.immobilienbusiness.ch\\\/ib\\\/2020-08-03\\\/kanton-genf-coop-und-schindler-mieten-flachen-im-espace-tourbillon\\\/\"},\"author\":{\"name\":\"mathias.rinka\",\"@id\":\"https:\\\/\\\/www.immobilienbusiness.ch\\\/#\\\/schema\\\/person\\\/31be7383261ea656cfe52cad71fdc211\"},\"headline\":\"Kanton Genf: Coop und Schindler mieten Fl\u00e4chen im Espace Tourbillon\",\"datePublished\":\"2020-08-03T20:40:00+00:00\",\"dateModified\":\"2023-07-18T17:44:56+00:00\",\"mainEntityOfPage\":{\"@id\":\"https:\\\/\\\/www.immobilienbusiness.ch\\\/ib\\\/2020-08-03\\\/kanton-genf-coop-und-schindler-mieten-flachen-im-espace-tourbillon\\\/\"},\"wordCount\":141,\"publisher\":{\"@id\":\"https:\\\/\\\/www.immobilienbusiness.ch\\\/#organization\"},\"keywords\":[\"B\u00fcro\",\"GE\",\"Retail\",\"verf\u00fcgbare Fl\u00e4che\",\"Vermietung\"],\"articleSection\":[\"IB+\"],\"inLanguage\":\"fr-FR\"},{\"@type\":\"WebPage\",\"@id\":\"https:\\\/\\\/www.immobilienbusiness.ch\\\/ib\\\/2020-08-03\\\/kanton-genf-coop-und-schindler-mieten-flachen-im-espace-tourbillon\\\/\",\"url\":\"https:\\\/\\\/www.immobilienbusiness.ch\\\/ib\\\/2020-08-03\\\/kanton-genf-coop-und-schindler-mieten-flachen-im-espace-tourbillon\\\/\",\"name\":\"Kanton Genf: Coop und Schindler mieten Fl\u00e4chen im Espace Tourbillon - IMMOBILIEN Business\",\"isPartOf\":{\"@id\":\"https:\\\/\\\/www.immobilienbusiness.ch\\\/#website\"},\"datePublished\":\"2020-08-03T20:40:00+00:00\",\"dateModified\":\"2023-07-18T17:44:56+00:00\",\"description\":\"Im Projekt Espace Tourbillon in Plan-les-Ouates im Kanton Genf mieten die Unternehmen Coop und Schindler gewerbliche Fl\u00e4chen. Der Supermarktbetreiber wird in dem Neubauprojekt von Swiss Prime Site Immobilien 400 Quadratmeter, der Lifthersteller 1.200 Quadratmeter nutzen. Vermittelnd t\u00e4tig war SPG Intercity Genf.\",\"breadcrumb\":{\"@id\":\"https:\\\/\\\/www.immobilienbusiness.ch\\\/ib\\\/2020-08-03\\\/kanton-genf-coop-und-schindler-mieten-flachen-im-espace-tourbillon\\\/#breadcrumb\"},\"inLanguage\":\"fr-FR\",\"potentialAction\":[{\"@type\":\"ReadAction\",\"target\":[\"https:\\\/\\\/www.immobilienbusiness.ch\\\/ib\\\/2020-08-03\\\/kanton-genf-coop-und-schindler-mieten-flachen-im-espace-tourbillon\\\/\"]}]},{\"@type\":\"BreadcrumbList\",\"@id\":\"https:\\\/\\\/www.immobilienbusiness.ch\\\/ib\\\/2020-08-03\\\/kanton-genf-coop-und-schindler-mieten-flachen-im-espace-tourbillon\\\/#breadcrumb\",\"itemListElement\":[{\"@type\":\"ListItem\",\"position\":1,\"name\":\"Home\",\"item\":\"https:\\\/\\\/www.immobilienbusiness.ch\\\/\"},{\"@type\":\"ListItem\",\"position\":2,\"name\":\"Kanton Genf: Coop und Schindler mieten Fl\u00e4chen im Espace Tourbillon\"}]},{\"@type\":\"WebSite\",\"@id\":\"https:\\\/\\\/www.immobilienbusiness.ch\\\/#website\",\"url\":\"https:\\\/\\\/www.immobilienbusiness.ch\\\/\",\"name\":\"IMMOBILIEN Business\",\"description\":\"Unabh\u00e4ngiges Schweizer Wirtschaftsmagazin mit Fokus auf Immobilien, Architektur- und Bau sowie Investment- und Finanzierung.\",\"publisher\":{\"@id\":\"https:\\\/\\\/www.immobilienbusiness.ch\\\/#organization\"},\"potentialAction\":[{\"@type\":\"SearchAction\",\"target\":{\"@type\":\"EntryPoint\",\"urlTemplate\":\"https:\\\/\\\/www.immobilienbusiness.ch\\\/?s={search_term_string}\"},\"query-input\":{\"@type\":\"PropertyValueSpecification\",\"valueRequired\":true,\"valueName\":\"search_term_string\"}}],\"inLanguage\":\"fr-FR\"},{\"@type\":\"Organization\",\"@id\":\"https:\\\/\\\/www.immobilienbusiness.ch\\\/#organization\",\"name\":\"IMMOBILIEN Business\",\"url\":\"https:\\\/\\\/www.immobilienbusiness.ch\\\/\",\"logo\":{\"@type\":\"ImageObject\",\"inLanguage\":\"fr-FR\",\"@id\":\"https:\\\/\\\/www.immobilienbusiness.ch\\\/#\\\/schema\\\/logo\\\/image\\\/\",\"url\":\"https:\\\/\\\/www.immobilienbusiness.ch\\\/wp-content\\\/uploads\\\/2021\\\/07\\\/logo_ib.png\",\"contentUrl\":\"https:\\\/\\\/www.immobilienbusiness.ch\\\/wp-content\\\/uploads\\\/2021\\\/07\\\/logo_ib.png\",\"width\":800,\"height\":181,\"caption\":\"IMMOBILIEN Business\"},\"image\":{\"@id\":\"https:\\\/\\\/www.immobilienbusiness.ch\\\/#\\\/schema\\\/logo\\\/image\\\/\"},\"sameAs\":[\"https:\\\/\\\/www.facebook.com\\\/immobilienbusiness\\\/\"]},{\"@type\":\"Person\",\"@id\":\"https:\\\/\\\/www.immobilienbusiness.ch\\\/#\\\/schema\\\/person\\\/31be7383261ea656cfe52cad71fdc211\",\"name\":\"mathias.rinka\",\"image\":{\"@type\":\"ImageObject\",\"inLanguage\":\"fr-FR\",\"@id\":\"https:\\\/\\\/secure.gravatar.com\\\/avatar\\\/?s=96&d=mm&r=g\",\"url\":\"https:\\\/\\\/secure.gravatar.com\\\/avatar\\\/?s=96&d=mm&r=g\",\"contentUrl\":\"https:\\\/\\\/secure.gravatar.com\\\/avatar\\\/?s=96&d=mm&r=g\",\"caption\":\"mathias.rinka\"},\"url\":\"https:\\\/\\\/www.immobilienbusiness.ch\\\/fr\\\/author\\\/mathias-rinka\\\/\"}]}<\/script>\n<!-- \/ Yoast SEO plugin. -->","yoast_head_json":{"title":"Canton de Gen\u00e8ve : Coop et Schindler louent des surfaces \u00e0 l'Espace Tourbillon - IMMOBILIER Business","description":"Dans le projet Espace Tourbillon \u00e0 Plan-les-Ouates dans le canton de Gen\u00e8ve, les entreprises Coop et Schindler louent des surfaces commerciales. L'exploitant de supermarch\u00e9s utilisera 400 m\u00e8tres carr\u00e9s et le fabricant d'ascenseurs 1 200 m\u00e8tres carr\u00e9s dans le nouveau projet immobilier de Swiss Prime Site. SPG Intercity Gen\u00e8ve a servi d'interm\u00e9diaire.","robots":{"index":"index","follow":"follow","max-snippet":"max-snippet:-1","max-image-preview":"max-image-preview:large","max-video-preview":"max-video-preview:-1"},"canonical":"https:\/\/www.immobilienbusiness.ch\/fr\/ib\/2020-08-03\/kanton-genf-coop-und-schindler-mieten-flachen-im-espace-tourbillon\/","og_locale":"fr_FR","og_type":"article","og_title":"Kanton Genf: Coop und Schindler mieten Fl\u00e4chen im Espace Tourbillon - IMMOBILIEN Business","og_description":"Im Projekt Espace Tourbillon in Plan-les-Ouates im Kanton Genf mieten die Unternehmen Coop und Schindler gewerbliche Fl\u00e4chen. Der Supermarktbetreiber wird in dem Neubauprojekt von Swiss Prime Site Immobilien 400 Quadratmeter, der Lifthersteller 1.200 Quadratmeter nutzen. Vermittelnd t\u00e4tig war SPG Intercity Genf.","og_url":"https:\/\/www.immobilienbusiness.ch\/fr\/ib\/2020-08-03\/kanton-genf-coop-und-schindler-mieten-flachen-im-espace-tourbillon\/","og_site_name":"IMMOBILIEN Business","article_publisher":"https:\/\/www.facebook.com\/immobilienbusiness\/","article_published_time":"2020-08-03T20:40:00+00:00","article_modified_time":"2023-07-18T17:44:56+00:00","author":"mathias.rinka","twitter_card":"summary_large_image","schema":{"@context":"https:\/\/schema.org","@graph":[{"@type":"Article","@id":"https:\/\/www.immobilienbusiness.ch\/ib\/2020-08-03\/kanton-genf-coop-und-schindler-mieten-flachen-im-espace-tourbillon\/#article","isPartOf":{"@id":"https:\/\/www.immobilienbusiness.ch\/ib\/2020-08-03\/kanton-genf-coop-und-schindler-mieten-flachen-im-espace-tourbillon\/"},"author":{"name":"mathias.rinka","@id":"https:\/\/www.immobilienbusiness.ch\/#\/schema\/person\/31be7383261ea656cfe52cad71fdc211"},"headline":"Kanton Genf: Coop und Schindler mieten Fl\u00e4chen im Espace Tourbillon","datePublished":"2020-08-03T20:40:00+00:00","dateModified":"2023-07-18T17:44:56+00:00","mainEntityOfPage":{"@id":"https:\/\/www.immobilienbusiness.ch\/ib\/2020-08-03\/kanton-genf-coop-und-schindler-mieten-flachen-im-espace-tourbillon\/"},"wordCount":141,"publisher":{"@id":"https:\/\/www.immobilienbusiness.ch\/#organization"},"keywords":["B\u00fcro","GE","Retail","verf\u00fcgbare Fl\u00e4che","Vermietung"],"articleSection":["IB+"],"inLanguage":"fr-FR"},{"@type":"WebPage","@id":"https:\/\/www.immobilienbusiness.ch\/ib\/2020-08-03\/kanton-genf-coop-und-schindler-mieten-flachen-im-espace-tourbillon\/","url":"https:\/\/www.immobilienbusiness.ch\/ib\/2020-08-03\/kanton-genf-coop-und-schindler-mieten-flachen-im-espace-tourbillon\/","name":"Canton de Gen\u00e8ve : Coop et Schindler louent des surfaces \u00e0 l'Espace Tourbillon - IMMOBILIER Business","isPartOf":{"@id":"https:\/\/www.immobilienbusiness.ch\/#website"},"datePublished":"2020-08-03T20:40:00+00:00","dateModified":"2023-07-18T17:44:56+00:00","description":"Dans le projet Espace Tourbillon \u00e0 Plan-les-Ouates dans le canton de Gen\u00e8ve, les entreprises Coop et Schindler louent des surfaces commerciales. L'exploitant de supermarch\u00e9s utilisera 400 m\u00e8tres carr\u00e9s et le fabricant d'ascenseurs 1 200 m\u00e8tres carr\u00e9s dans le nouveau projet immobilier de Swiss Prime Site. SPG Intercity Gen\u00e8ve a servi d'interm\u00e9diaire.","breadcrumb":{"@id":"https:\/\/www.immobilienbusiness.ch\/ib\/2020-08-03\/kanton-genf-coop-und-schindler-mieten-flachen-im-espace-tourbillon\/#breadcrumb"},"inLanguage":"fr-FR","potentialAction":[{"@type":"ReadAction","target":["https:\/\/www.immobilienbusiness.ch\/ib\/2020-08-03\/kanton-genf-coop-und-schindler-mieten-flachen-im-espace-tourbillon\/"]}]},{"@type":"BreadcrumbList","@id":"https:\/\/www.immobilienbusiness.ch\/ib\/2020-08-03\/kanton-genf-coop-und-schindler-mieten-flachen-im-espace-tourbillon\/#breadcrumb","itemListElement":[{"@type":"ListItem","position":1,"name":"Home","item":"https:\/\/www.immobilienbusiness.ch\/"},{"@type":"ListItem","position":2,"name":"Kanton Genf: Coop und Schindler mieten Fl\u00e4chen im Espace Tourbillon"}]},{"@type":"WebSite","@id":"https:\/\/www.immobilienbusiness.ch\/#website","url":"https:\/\/www.immobilienbusiness.ch\/","name":"IMMOBILIER Business","description":"Magazine \u00e9conomique suisse ind\u00e9pendant ax\u00e9 sur l'immobilier, l'architecture et la construction ainsi que sur les investissements et le financement.","publisher":{"@id":"https:\/\/www.immobilienbusiness.ch\/#organization"},"potentialAction":[{"@type":"SearchAction","target":{"@type":"EntryPoint","urlTemplate":"https:\/\/www.immobilienbusiness.ch\/?s={search_term_string}"},"query-input":{"@type":"PropertyValueSpecification","valueRequired":true,"valueName":"search_term_string"}}],"inLanguage":"fr-FR"},{"@type":"Organization","@id":"https:\/\/www.immobilienbusiness.ch\/#organization","name":"IMMOBILIER Business","url":"https:\/\/www.immobilienbusiness.ch\/","logo":{"@type":"ImageObject","inLanguage":"fr-FR","@id":"https:\/\/www.immobilienbusiness.ch\/#\/schema\/logo\/image\/","url":"https:\/\/www.immobilienbusiness.ch\/wp-content\/uploads\/2021\/07\/logo_ib.png","contentUrl":"https:\/\/www.immobilienbusiness.ch\/wp-content\/uploads\/2021\/07\/logo_ib.png","width":800,"height":181,"caption":"IMMOBILIEN Business"},"image":{"@id":"https:\/\/www.immobilienbusiness.ch\/#\/schema\/logo\/image\/"},"sameAs":["https:\/\/www.facebook.com\/immobilienbusiness\/"]},{"@type":"Person","@id":"https:\/\/www.immobilienbusiness.ch\/#\/schema\/person\/31be7383261ea656cfe52cad71fdc211","name":"mathias.rinka","image":{"@type":"ImageObject","inLanguage":"fr-FR","@id":"https:\/\/secure.gravatar.com\/avatar\/?s=96&d=mm&r=g","url":"https:\/\/secure.gravatar.com\/avatar\/?s=96&d=mm&r=g","contentUrl":"https:\/\/secure.gravatar.com\/avatar\/?s=96&d=mm&r=g","caption":"mathias.rinka"},"url":"https:\/\/www.immobilienbusiness.ch\/fr\/author\/mathias-rinka\/"}]}},"_links":{"self":[{"href":"https:\/\/www.immobilienbusiness.ch\/fr\/wp-json\/wp\/v2\/posts\/40747","targetHints":{"allow":["GET"]}}],"collection":[{"href":"https:\/\/www.immobilienbusiness.ch\/fr\/wp-json\/wp\/v2\/posts"}],"about":[{"href":"https:\/\/www.immobilienbusiness.ch\/fr\/wp-json\/wp\/v2\/types\/post"}],"author":[{"embeddable":true,"href":"https:\/\/www.immobilienbusiness.ch\/fr\/wp-json\/wp\/v2\/users\/4"}],"replies":[{"embeddable":true,"href":"https:\/\/www.immobilienbusiness.ch\/fr\/wp-json\/wp\/v2\/comments?post=40747"}],"version-history":[{"count":1,"href":"https:\/\/www.immobilienbusiness.ch\/fr\/wp-json\/wp\/v2\/posts\/40747\/revisions"}],"predecessor-version":[{"id":50604,"href":"https:\/\/www.immobilienbusiness.ch\/fr\/wp-json\/wp\/v2\/posts\/40747\/revisions\/50604"}],"wp:attachment":[{"href":"https:\/\/www.immobilienbusiness.ch\/fr\/wp-json\/wp\/v2\/media?parent=40747"}],"wp:term":[{"taxonomy":"category","embeddable":true,"href":"https:\/\/www.immobilienbusiness.ch\/fr\/wp-json\/wp\/v2\/categories?post=40747"},{"taxonomy":"post_tag","embeddable":true,"href":"https:\/\/www.immobilienbusiness.ch\/fr\/wp-json\/wp\/v2\/tags?post=40747"}],"curies":[{"name":"wp","href":"https:\/\/api.w.org\/{rel}","templated":true}]}}