{"id":4045,"date":"2016-09-22T09:11:21","date_gmt":"2016-09-22T07:11:21","guid":{"rendered":"http:\/\/dev.immobilienbusiness.ch\/?p=4045"},"modified":"2016-09-22T09:11:21","modified_gmt":"2016-09-22T07:11:21","slug":"allreal-thomas-wapp-folgt-auf-bernhard-marti","status":"publish","type":"post","link":"https:\/\/www.immobilienbusiness.ch\/fr\/unternehmen\/2016-09-22\/allreal-thomas-wapp-folgt-auf-bernhard-marti\/","title":{"rendered":"Allreal : Thomas Wapp succ\u00e8de \u00e0 Bernhard Marti"},"content":{"rendered":"<figure id=\"attachment_4048\" aria-describedby=\"caption-attachment-4048\" style=\"width: 680px\" class=\"wp-caption alignnone\"><img loading=\"lazy\" decoding=\"async\" class=\"size-medium wp-image-4048\" src=\"https:\/\/immobilienbusiness.ch\/wp-content\/uploads\/2016\/12\/Allreal-Thomas-Wapp-folgt-auf-Bernhard-Marti-immobilien-business.jpg\" alt=\"Thomas Wapp wechselt im April zu Allreal (Foto: Allreal Holding AG)\" width=\"680\" height=\"825\" srcset=\"https:\/\/www.immobilienbusiness.ch\/wp-content\/uploads\/2016\/12\/Allreal-Thomas-Wapp-folgt-auf-Bernhard-Marti-immobilien-business.jpg 945w, https:\/\/www.immobilienbusiness.ch\/wp-content\/uploads\/2016\/12\/Allreal-Thomas-Wapp-folgt-auf-Bernhard-Marti-immobilien-business-247x300.jpg 247w, https:\/\/www.immobilienbusiness.ch\/wp-content\/uploads\/2016\/12\/Allreal-Thomas-Wapp-folgt-auf-Bernhard-Marti-immobilien-business-844x1024.jpg 844w, https:\/\/www.immobilienbusiness.ch\/wp-content\/uploads\/2016\/12\/Allreal-Thomas-Wapp-folgt-auf-Bernhard-Marti-immobilien-business-768x931.jpg 768w, https:\/\/www.immobilienbusiness.ch\/wp-content\/uploads\/2016\/12\/Allreal-Thomas-Wapp-folgt-auf-Bernhard-Marti-immobilien-business-10x12.jpg 10w, https:\/\/www.immobilienbusiness.ch\/wp-content\/uploads\/2016\/12\/Allreal-Thomas-Wapp-folgt-auf-Bernhard-Marti-immobilien-business-144x175.jpg 144w, https:\/\/www.immobilienbusiness.ch\/wp-content\/uploads\/2016\/12\/Allreal-Thomas-Wapp-folgt-auf-Bernhard-Marti-immobilien-business-289x350.jpg 289w, https:\/\/www.immobilienbusiness.ch\/wp-content\/uploads\/2016\/12\/Allreal-Thomas-Wapp-folgt-auf-Bernhard-Marti-immobilien-business-660x800.jpg 660w, https:\/\/www.immobilienbusiness.ch\/wp-content\/uploads\/2016\/12\/Allreal-Thomas-Wapp-folgt-auf-Bernhard-Marti-immobilien-business-920x1116.jpg 920w, https:\/\/www.immobilienbusiness.ch\/wp-content\/uploads\/2016\/12\/Allreal-Thomas-Wapp-folgt-auf-Bernhard-Marti-immobilien-business-300x364.jpg 300w\" sizes=\"auto, (max-width: 680px) 100vw, 680px\" \/><figcaption id=\"caption-attachment-4048\" class=\"wp-caption-text\">Thomas Wapp rejoindra Allreal en avril (Photo : Allreal Holding AG)<\/figcaption><\/figure>\n<p>Thomas Wapp (n\u00e9 en 1972, de nationalit\u00e9 suisse) occupe depuis 2008 diff\u00e9rentes fonctions dirigeantes au sein de Z\u00fcblin Immobilien Holding AG, soci\u00e9t\u00e9 cot\u00e9e \u00e0 la SIX Swiss Exchange, et est depuis 2010 directeur financier. Auparavant, il a travaill\u00e9 pendant sept ans comme expert-comptable chez Ernst &amp; Young \u00e0 Zurich.<\/p>\n<p>Comme le communique Allreal, Bernhard Marti quitte l'entreprise apr\u00e8s douze mois afin de donner une nouvelle orientation \u00e0 sa carri\u00e8re. Jusqu'\u00e0 l'arriv\u00e9e de Wapp le 1er avril 2017, Roger Herzog assumera ad interim la fonction de directeur financier en plus de la pr\u00e9sidence de la direction du groupe. (ah)<\/p>","protected":false},"excerpt":{"rendered":"<p>Thomas Wapp sera le nouveau directeur financier d'Allreal et membre de la direction du groupe de l'entreprise \u00e0 partir d'avril 2017. Il succ\u00e8de \u00e0 Bernhard Marti, qui quitte l'entreprise apr\u00e8s seulement douze mois.<\/p>","protected":false},"author":1,"featured_media":4048,"comment_status":"open","ping_status":"open","sticky":false,"template":"","format":"standard","meta":{"_acf_changed":false,"_yoast_wpseo_focuskw":"Thomas Wapp","_yoast_wpseo_title":"","_yoast_wpseo_metadesc":"Thomas Wapp wird zum April 2017 neuer Leiter Finanzen der Allreal und Mitglied der Gruppenleitung des Unternehmens. Er folgt auf Bernhard Marti.","_yoast_wpseo_linkdex":60,"pgc_sgb_lightbox_settings":"","footnotes":""},"categories":[988],"tags":[1563,1807],"class_list":["post-4045","post","type-post","status-publish","format-standard","has-post-thumbnail","hentry","category-unternehmen","tag-personalia","tag-unternehmen"],"acf":[],"yoast_head":"<!-- This site is optimized with the Yoast SEO plugin v27.5 - https:\/\/yoast.com\/product\/yoast-seo-wordpress\/ -->\n<title>Allreal: Thomas Wapp folgt auf Bernhard Marti - IMMOBILIEN Business<\/title>\n<meta name=\"description\" content=\"Thomas Wapp wird zum April 2017 neuer Leiter Finanzen der Allreal und Mitglied der Gruppenleitung des Unternehmens. Er folgt auf Bernhard Marti.\" \/>\n<meta name=\"robots\" content=\"index, follow, max-snippet:-1, max-image-preview:large, max-video-preview:-1\" \/>\n<link rel=\"canonical\" href=\"https:\/\/www.immobilienbusiness.ch\/fr\/unternehmen\/2016-09-22\/allreal-thomas-wapp-folgt-auf-bernhard-marti\/\" \/>\n<meta property=\"og:locale\" content=\"fr_FR\" \/>\n<meta property=\"og:type\" content=\"article\" \/>\n<meta property=\"og:title\" content=\"Allreal: Thomas Wapp folgt auf Bernhard Marti\" \/>\n<meta property=\"og:description\" content=\"Thomas Wapp wird zum April 2017 neuer Leiter Finanzen der Allreal und Mitglied der Gruppenleitung des Unternehmens. Er folgt auf Bernhard Marti, der das Unternehmen nach nur zw\u00f6lf Monaten verl\u00e4sst.\" \/>\n<meta property=\"og:url\" content=\"https:\/\/www.immobilienbusiness.ch\/fr\/unternehmen\/2016-09-22\/allreal-thomas-wapp-folgt-auf-bernhard-marti\/\" \/>\n<meta property=\"og:site_name\" content=\"IMMOBILIEN Business\" \/>\n<meta property=\"article:publisher\" content=\"https:\/\/www.facebook.com\/immobilienbusiness\/\" \/>\n<meta property=\"article:published_time\" content=\"2016-09-22T07:11:21+00:00\" \/>\n<meta name=\"author\" content=\"Redaktion\" \/>\n<meta name=\"twitter:card\" content=\"summary_large_image\" \/>\n<meta name=\"twitter:image\" content=\"https:\/\/www.immobilienbusiness.ch\/wp-content\/uploads\/2016\/12\/Allreal-Thomas-Wapp-folgt-auf-Bernhard-Marti-immobilien-business.jpg\" \/>\n<script type=\"application\/ld+json\" class=\"yoast-schema-graph\">{\"@context\":\"https:\\\/\\\/schema.org\",\"@graph\":[{\"@type\":\"Article\",\"@id\":\"https:\\\/\\\/www.immobilienbusiness.ch\\\/unternehmen\\\/2016-09-22\\\/allreal-thomas-wapp-folgt-auf-bernhard-marti\\\/#article\",\"isPartOf\":{\"@id\":\"https:\\\/\\\/www.immobilienbusiness.ch\\\/unternehmen\\\/2016-09-22\\\/allreal-thomas-wapp-folgt-auf-bernhard-marti\\\/\"},\"author\":{\"name\":\"Redaktion\",\"@id\":\"https:\\\/\\\/www.immobilienbusiness.ch\\\/#\\\/schema\\\/person\\\/aa2bace6c5c5aad60102004a50c4eb1c\"},\"headline\":\"Allreal: Thomas Wapp folgt auf Bernhard Marti\",\"datePublished\":\"2016-09-22T07:11:21+00:00\",\"mainEntityOfPage\":{\"@id\":\"https:\\\/\\\/www.immobilienbusiness.ch\\\/unternehmen\\\/2016-09-22\\\/allreal-thomas-wapp-folgt-auf-bernhard-marti\\\/\"},\"wordCount\":115,\"commentCount\":0,\"publisher\":{\"@id\":\"https:\\\/\\\/www.immobilienbusiness.ch\\\/#organization\"},\"image\":{\"@id\":\"https:\\\/\\\/www.immobilienbusiness.ch\\\/unternehmen\\\/2016-09-22\\\/allreal-thomas-wapp-folgt-auf-bernhard-marti\\\/#primaryimage\"},\"thumbnailUrl\":\"https:\\\/\\\/www.immobilienbusiness.ch\\\/wp-content\\\/uploads\\\/2016\\\/12\\\/Allreal-Thomas-Wapp-folgt-auf-Bernhard-Marti-immobilien-business.jpg\",\"keywords\":[\"Personalia\",\"Unternehmen\"],\"articleSection\":[\"UNTERNEHMEN\"],\"inLanguage\":\"fr-FR\"},{\"@type\":\"WebPage\",\"@id\":\"https:\\\/\\\/www.immobilienbusiness.ch\\\/unternehmen\\\/2016-09-22\\\/allreal-thomas-wapp-folgt-auf-bernhard-marti\\\/\",\"url\":\"https:\\\/\\\/www.immobilienbusiness.ch\\\/unternehmen\\\/2016-09-22\\\/allreal-thomas-wapp-folgt-auf-bernhard-marti\\\/\",\"name\":\"Allreal: Thomas Wapp folgt auf Bernhard Marti - IMMOBILIEN Business\",\"isPartOf\":{\"@id\":\"https:\\\/\\\/www.immobilienbusiness.ch\\\/#website\"},\"primaryImageOfPage\":{\"@id\":\"https:\\\/\\\/www.immobilienbusiness.ch\\\/unternehmen\\\/2016-09-22\\\/allreal-thomas-wapp-folgt-auf-bernhard-marti\\\/#primaryimage\"},\"image\":{\"@id\":\"https:\\\/\\\/www.immobilienbusiness.ch\\\/unternehmen\\\/2016-09-22\\\/allreal-thomas-wapp-folgt-auf-bernhard-marti\\\/#primaryimage\"},\"thumbnailUrl\":\"https:\\\/\\\/www.immobilienbusiness.ch\\\/wp-content\\\/uploads\\\/2016\\\/12\\\/Allreal-Thomas-Wapp-folgt-auf-Bernhard-Marti-immobilien-business.jpg\",\"datePublished\":\"2016-09-22T07:11:21+00:00\",\"description\":\"Thomas Wapp wird zum April 2017 neuer Leiter Finanzen der Allreal und Mitglied der Gruppenleitung des Unternehmens. Er folgt auf Bernhard Marti.\",\"breadcrumb\":{\"@id\":\"https:\\\/\\\/www.immobilienbusiness.ch\\\/unternehmen\\\/2016-09-22\\\/allreal-thomas-wapp-folgt-auf-bernhard-marti\\\/#breadcrumb\"},\"inLanguage\":\"fr-FR\",\"potentialAction\":[{\"@type\":\"ReadAction\",\"target\":[\"https:\\\/\\\/www.immobilienbusiness.ch\\\/unternehmen\\\/2016-09-22\\\/allreal-thomas-wapp-folgt-auf-bernhard-marti\\\/\"]}]},{\"@type\":\"ImageObject\",\"inLanguage\":\"fr-FR\",\"@id\":\"https:\\\/\\\/www.immobilienbusiness.ch\\\/unternehmen\\\/2016-09-22\\\/allreal-thomas-wapp-folgt-auf-bernhard-marti\\\/#primaryimage\",\"url\":\"https:\\\/\\\/www.immobilienbusiness.ch\\\/wp-content\\\/uploads\\\/2016\\\/12\\\/Allreal-Thomas-Wapp-folgt-auf-Bernhard-Marti-immobilien-business.jpg\",\"contentUrl\":\"https:\\\/\\\/www.immobilienbusiness.ch\\\/wp-content\\\/uploads\\\/2016\\\/12\\\/Allreal-Thomas-Wapp-folgt-auf-Bernhard-Marti-immobilien-business.jpg\",\"width\":945,\"height\":1146,\"caption\":\"Thomas Wapp wechselt im April zu Allreal (Foto: Allreal Holding AG)\"},{\"@type\":\"BreadcrumbList\",\"@id\":\"https:\\\/\\\/www.immobilienbusiness.ch\\\/unternehmen\\\/2016-09-22\\\/allreal-thomas-wapp-folgt-auf-bernhard-marti\\\/#breadcrumb\",\"itemListElement\":[{\"@type\":\"ListItem\",\"position\":1,\"name\":\"Home\",\"item\":\"https:\\\/\\\/www.immobilienbusiness.ch\\\/\"},{\"@type\":\"ListItem\",\"position\":2,\"name\":\"Allreal: Thomas Wapp folgt auf Bernhard Marti\"}]},{\"@type\":\"WebSite\",\"@id\":\"https:\\\/\\\/www.immobilienbusiness.ch\\\/#website\",\"url\":\"https:\\\/\\\/www.immobilienbusiness.ch\\\/\",\"name\":\"IMMOBILIEN Business\",\"description\":\"Unabh\u00e4ngiges Schweizer Wirtschaftsmagazin mit Fokus auf Immobilien, Architektur- und Bau sowie Investment- und Finanzierung.\",\"publisher\":{\"@id\":\"https:\\\/\\\/www.immobilienbusiness.ch\\\/#organization\"},\"potentialAction\":[{\"@type\":\"SearchAction\",\"target\":{\"@type\":\"EntryPoint\",\"urlTemplate\":\"https:\\\/\\\/www.immobilienbusiness.ch\\\/?s={search_term_string}\"},\"query-input\":{\"@type\":\"PropertyValueSpecification\",\"valueRequired\":true,\"valueName\":\"search_term_string\"}}],\"inLanguage\":\"fr-FR\"},{\"@type\":\"Organization\",\"@id\":\"https:\\\/\\\/www.immobilienbusiness.ch\\\/#organization\",\"name\":\"IMMOBILIEN Business\",\"url\":\"https:\\\/\\\/www.immobilienbusiness.ch\\\/\",\"logo\":{\"@type\":\"ImageObject\",\"inLanguage\":\"fr-FR\",\"@id\":\"https:\\\/\\\/www.immobilienbusiness.ch\\\/#\\\/schema\\\/logo\\\/image\\\/\",\"url\":\"https:\\\/\\\/www.immobilienbusiness.ch\\\/wp-content\\\/uploads\\\/2021\\\/07\\\/logo_ib.png\",\"contentUrl\":\"https:\\\/\\\/www.immobilienbusiness.ch\\\/wp-content\\\/uploads\\\/2021\\\/07\\\/logo_ib.png\",\"width\":800,\"height\":181,\"caption\":\"IMMOBILIEN Business\"},\"image\":{\"@id\":\"https:\\\/\\\/www.immobilienbusiness.ch\\\/#\\\/schema\\\/logo\\\/image\\\/\"},\"sameAs\":[\"https:\\\/\\\/www.facebook.com\\\/immobilienbusiness\\\/\"]},{\"@type\":\"Person\",\"@id\":\"https:\\\/\\\/www.immobilienbusiness.ch\\\/#\\\/schema\\\/person\\\/aa2bace6c5c5aad60102004a50c4eb1c\",\"name\":\"Redaktion\",\"image\":{\"@type\":\"ImageObject\",\"inLanguage\":\"fr-FR\",\"@id\":\"https:\\\/\\\/secure.gravatar.com\\\/avatar\\\/ae2f4d718e6c49043e314ce431e7e645d646302a24a5ef5a8bc8e3f5a032e319?s=96&d=mm&r=g\",\"url\":\"https:\\\/\\\/secure.gravatar.com\\\/avatar\\\/ae2f4d718e6c49043e314ce431e7e645d646302a24a5ef5a8bc8e3f5a032e319?s=96&d=mm&r=g\",\"contentUrl\":\"https:\\\/\\\/secure.gravatar.com\\\/avatar\\\/ae2f4d718e6c49043e314ce431e7e645d646302a24a5ef5a8bc8e3f5a032e319?s=96&d=mm&r=g\",\"caption\":\"Redaktion\"},\"sameAs\":[\"http:\\\/\\\/develop.organisator.galledia.ch\"],\"url\":\"https:\\\/\\\/www.immobilienbusiness.ch\\\/fr\\\/author\\\/admin\\\/\"}]}<\/script>\n<!-- \/ Yoast SEO plugin. -->","yoast_head_json":{"title":"Allreal: Thomas Wapp folgt auf Bernhard Marti - IMMOBILIEN Business","description":"Thomas Wapp wird zum April 2017 neuer Leiter Finanzen der Allreal und Mitglied der Gruppenleitung des Unternehmens. Er folgt auf Bernhard Marti.","robots":{"index":"index","follow":"follow","max-snippet":"max-snippet:-1","max-image-preview":"max-image-preview:large","max-video-preview":"max-video-preview:-1"},"canonical":"https:\/\/www.immobilienbusiness.ch\/fr\/unternehmen\/2016-09-22\/allreal-thomas-wapp-folgt-auf-bernhard-marti\/","og_locale":"fr_FR","og_type":"article","og_title":"Allreal: Thomas Wapp folgt auf Bernhard Marti","og_description":"Thomas Wapp wird zum April 2017 neuer Leiter Finanzen der Allreal und Mitglied der Gruppenleitung des Unternehmens. Er folgt auf Bernhard Marti, der das Unternehmen nach nur zw\u00f6lf Monaten verl\u00e4sst.","og_url":"https:\/\/www.immobilienbusiness.ch\/fr\/unternehmen\/2016-09-22\/allreal-thomas-wapp-folgt-auf-bernhard-marti\/","og_site_name":"IMMOBILIEN Business","article_publisher":"https:\/\/www.facebook.com\/immobilienbusiness\/","article_published_time":"2016-09-22T07:11:21+00:00","author":"Redaktion","twitter_card":"summary_large_image","twitter_image":"https:\/\/www.immobilienbusiness.ch\/wp-content\/uploads\/2016\/12\/Allreal-Thomas-Wapp-folgt-auf-Bernhard-Marti-immobilien-business.jpg","schema":{"@context":"https:\/\/schema.org","@graph":[{"@type":"Article","@id":"https:\/\/www.immobilienbusiness.ch\/unternehmen\/2016-09-22\/allreal-thomas-wapp-folgt-auf-bernhard-marti\/#article","isPartOf":{"@id":"https:\/\/www.immobilienbusiness.ch\/unternehmen\/2016-09-22\/allreal-thomas-wapp-folgt-auf-bernhard-marti\/"},"author":{"name":"Redaktion","@id":"https:\/\/www.immobilienbusiness.ch\/#\/schema\/person\/aa2bace6c5c5aad60102004a50c4eb1c"},"headline":"Allreal: Thomas Wapp folgt auf Bernhard Marti","datePublished":"2016-09-22T07:11:21+00:00","mainEntityOfPage":{"@id":"https:\/\/www.immobilienbusiness.ch\/unternehmen\/2016-09-22\/allreal-thomas-wapp-folgt-auf-bernhard-marti\/"},"wordCount":115,"commentCount":0,"publisher":{"@id":"https:\/\/www.immobilienbusiness.ch\/#organization"},"image":{"@id":"https:\/\/www.immobilienbusiness.ch\/unternehmen\/2016-09-22\/allreal-thomas-wapp-folgt-auf-bernhard-marti\/#primaryimage"},"thumbnailUrl":"https:\/\/www.immobilienbusiness.ch\/wp-content\/uploads\/2016\/12\/Allreal-Thomas-Wapp-folgt-auf-Bernhard-Marti-immobilien-business.jpg","keywords":["Personalia","Unternehmen"],"articleSection":["UNTERNEHMEN"],"inLanguage":"fr-FR"},{"@type":"WebPage","@id":"https:\/\/www.immobilienbusiness.ch\/unternehmen\/2016-09-22\/allreal-thomas-wapp-folgt-auf-bernhard-marti\/","url":"https:\/\/www.immobilienbusiness.ch\/unternehmen\/2016-09-22\/allreal-thomas-wapp-folgt-auf-bernhard-marti\/","name":"Allreal: Thomas Wapp folgt auf Bernhard Marti - IMMOBILIEN Business","isPartOf":{"@id":"https:\/\/www.immobilienbusiness.ch\/#website"},"primaryImageOfPage":{"@id":"https:\/\/www.immobilienbusiness.ch\/unternehmen\/2016-09-22\/allreal-thomas-wapp-folgt-auf-bernhard-marti\/#primaryimage"},"image":{"@id":"https:\/\/www.immobilienbusiness.ch\/unternehmen\/2016-09-22\/allreal-thomas-wapp-folgt-auf-bernhard-marti\/#primaryimage"},"thumbnailUrl":"https:\/\/www.immobilienbusiness.ch\/wp-content\/uploads\/2016\/12\/Allreal-Thomas-Wapp-folgt-auf-Bernhard-Marti-immobilien-business.jpg","datePublished":"2016-09-22T07:11:21+00:00","description":"Thomas Wapp wird zum April 2017 neuer Leiter Finanzen der Allreal und Mitglied der Gruppenleitung des Unternehmens. Er folgt auf Bernhard Marti.","breadcrumb":{"@id":"https:\/\/www.immobilienbusiness.ch\/unternehmen\/2016-09-22\/allreal-thomas-wapp-folgt-auf-bernhard-marti\/#breadcrumb"},"inLanguage":"fr-FR","potentialAction":[{"@type":"ReadAction","target":["https:\/\/www.immobilienbusiness.ch\/unternehmen\/2016-09-22\/allreal-thomas-wapp-folgt-auf-bernhard-marti\/"]}]},{"@type":"ImageObject","inLanguage":"fr-FR","@id":"https:\/\/www.immobilienbusiness.ch\/unternehmen\/2016-09-22\/allreal-thomas-wapp-folgt-auf-bernhard-marti\/#primaryimage","url":"https:\/\/www.immobilienbusiness.ch\/wp-content\/uploads\/2016\/12\/Allreal-Thomas-Wapp-folgt-auf-Bernhard-Marti-immobilien-business.jpg","contentUrl":"https:\/\/www.immobilienbusiness.ch\/wp-content\/uploads\/2016\/12\/Allreal-Thomas-Wapp-folgt-auf-Bernhard-Marti-immobilien-business.jpg","width":945,"height":1146,"caption":"Thomas Wapp wechselt im April zu Allreal (Foto: Allreal Holding AG)"},{"@type":"BreadcrumbList","@id":"https:\/\/www.immobilienbusiness.ch\/unternehmen\/2016-09-22\/allreal-thomas-wapp-folgt-auf-bernhard-marti\/#breadcrumb","itemListElement":[{"@type":"ListItem","position":1,"name":"Home","item":"https:\/\/www.immobilienbusiness.ch\/"},{"@type":"ListItem","position":2,"name":"Allreal: Thomas Wapp folgt auf Bernhard Marti"}]},{"@type":"WebSite","@id":"https:\/\/www.immobilienbusiness.ch\/#website","url":"https:\/\/www.immobilienbusiness.ch\/","name":"IMMOBILIER Business","description":"Magazine \u00e9conomique suisse ind\u00e9pendant ax\u00e9 sur l'immobilier, l'architecture et la construction ainsi que sur les investissements et le financement.","publisher":{"@id":"https:\/\/www.immobilienbusiness.ch\/#organization"},"potentialAction":[{"@type":"SearchAction","target":{"@type":"EntryPoint","urlTemplate":"https:\/\/www.immobilienbusiness.ch\/?s={search_term_string}"},"query-input":{"@type":"PropertyValueSpecification","valueRequired":true,"valueName":"search_term_string"}}],"inLanguage":"fr-FR"},{"@type":"Organization","@id":"https:\/\/www.immobilienbusiness.ch\/#organization","name":"IMMOBILIER Business","url":"https:\/\/www.immobilienbusiness.ch\/","logo":{"@type":"ImageObject","inLanguage":"fr-FR","@id":"https:\/\/www.immobilienbusiness.ch\/#\/schema\/logo\/image\/","url":"https:\/\/www.immobilienbusiness.ch\/wp-content\/uploads\/2021\/07\/logo_ib.png","contentUrl":"https:\/\/www.immobilienbusiness.ch\/wp-content\/uploads\/2021\/07\/logo_ib.png","width":800,"height":181,"caption":"IMMOBILIEN Business"},"image":{"@id":"https:\/\/www.immobilienbusiness.ch\/#\/schema\/logo\/image\/"},"sameAs":["https:\/\/www.facebook.com\/immobilienbusiness\/"]},{"@type":"Person","@id":"https:\/\/www.immobilienbusiness.ch\/#\/schema\/person\/aa2bace6c5c5aad60102004a50c4eb1c","name":"Editorial","image":{"@type":"ImageObject","inLanguage":"fr-FR","@id":"https:\/\/secure.gravatar.com\/avatar\/ae2f4d718e6c49043e314ce431e7e645d646302a24a5ef5a8bc8e3f5a032e319?s=96&d=mm&r=g","url":"https:\/\/secure.gravatar.com\/avatar\/ae2f4d718e6c49043e314ce431e7e645d646302a24a5ef5a8bc8e3f5a032e319?s=96&d=mm&r=g","contentUrl":"https:\/\/secure.gravatar.com\/avatar\/ae2f4d718e6c49043e314ce431e7e645d646302a24a5ef5a8bc8e3f5a032e319?s=96&d=mm&r=g","caption":"Redaktion"},"sameAs":["http:\/\/develop.organisator.galledia.ch"],"url":"https:\/\/www.immobilienbusiness.ch\/fr\/author\/admin\/"}]}},"_links":{"self":[{"href":"https:\/\/www.immobilienbusiness.ch\/fr\/wp-json\/wp\/v2\/posts\/4045","targetHints":{"allow":["GET"]}}],"collection":[{"href":"https:\/\/www.immobilienbusiness.ch\/fr\/wp-json\/wp\/v2\/posts"}],"about":[{"href":"https:\/\/www.immobilienbusiness.ch\/fr\/wp-json\/wp\/v2\/types\/post"}],"author":[{"embeddable":true,"href":"https:\/\/www.immobilienbusiness.ch\/fr\/wp-json\/wp\/v2\/users\/1"}],"replies":[{"embeddable":true,"href":"https:\/\/www.immobilienbusiness.ch\/fr\/wp-json\/wp\/v2\/comments?post=4045"}],"version-history":[{"count":0,"href":"https:\/\/www.immobilienbusiness.ch\/fr\/wp-json\/wp\/v2\/posts\/4045\/revisions"}],"wp:featuredmedia":[{"embeddable":true,"href":"https:\/\/www.immobilienbusiness.ch\/fr\/wp-json\/wp\/v2\/media\/4048"}],"wp:attachment":[{"href":"https:\/\/www.immobilienbusiness.ch\/fr\/wp-json\/wp\/v2\/media?parent=4045"}],"wp:term":[{"taxonomy":"category","embeddable":true,"href":"https:\/\/www.immobilienbusiness.ch\/fr\/wp-json\/wp\/v2\/categories?post=4045"},{"taxonomy":"post_tag","embeddable":true,"href":"https:\/\/www.immobilienbusiness.ch\/fr\/wp-json\/wp\/v2\/tags?post=4045"}],"curies":[{"name":"wp","href":"https:\/\/api.w.org\/{rel}","templated":true}]}}