{"id":40349,"date":"2022-03-15T08:15:09","date_gmt":"2022-03-15T07:15:09","guid":{"rendered":"https:\/\/www.immobilienbusiness.ch\/?p=40349"},"modified":"2022-03-15T08:58:03","modified_gmt":"2022-03-15T07:58:03","slug":"genossenschaften-wollen-in-luzern-bauen","status":"publish","type":"post","link":"https:\/\/www.immobilienbusiness.ch\/fr\/regionen\/2022-03-15\/genossenschaften-wollen-in-luzern-bauen\/","title":{"rendered":"Les coop\u00e9ratives veulent construire \u00e0 Lucerne"},"content":{"rendered":"<figure id=\"attachment_40350\" aria-describedby=\"caption-attachment-40350\" style=\"width: 1275px\" class=\"wp-caption alignnone\"><a href=\"https:\/\/www.immobilienbusiness.ch\/wp-content\/uploads\/2022\/03\/Luzern.jpg\"><img loading=\"lazy\" decoding=\"async\" class=\"size-full wp-image-40350\" src=\"https:\/\/www.immobilienbusiness.ch\/wp-content\/uploads\/2022\/03\/Luzern.jpg\" alt=\"\" width=\"1275\" height=\"850\" srcset=\"https:\/\/www.immobilienbusiness.ch\/wp-content\/uploads\/2022\/03\/Luzern.jpg 1200w, https:\/\/www.immobilienbusiness.ch\/wp-content\/uploads\/2022\/03\/Luzern-300x200.jpg 300w, https:\/\/www.immobilienbusiness.ch\/wp-content\/uploads\/2022\/03\/Luzern-1024x683.jpg 1024w, https:\/\/www.immobilienbusiness.ch\/wp-content\/uploads\/2022\/03\/Luzern-768x512.jpg 768w, https:\/\/www.immobilienbusiness.ch\/wp-content\/uploads\/2022\/03\/Luzern-18x12.jpg 18w, https:\/\/www.immobilienbusiness.ch\/wp-content\/uploads\/2022\/03\/Luzern-263x175.jpg 263w, https:\/\/www.immobilienbusiness.ch\/wp-content\/uploads\/2022\/03\/Luzern-525x350.jpg 525w, https:\/\/www.immobilienbusiness.ch\/wp-content\/uploads\/2022\/03\/Luzern-920x613.jpg 920w\" sizes=\"auto, (max-width: 1275px) 100vw, 1275px\" \/><\/a><figcaption id=\"caption-attachment-40350\" class=\"wp-caption-text\">Un lotissement doit \u00eatre construit \u00e0 la Industriestrasse (source : ABL)<\/figcaption><\/figure>\n<p>Un lotissement durable doit voir le jour d'ici 2026 sur le site de l'Industriestrasse, \u00e0 proximit\u00e9 de la gare de Lucerne. Pour ce faire, cinq coop\u00e9ratives s'associent et forment l'association Kooperation Industriestrasse Luzern KIL. Derri\u00e8re KIL se trouvent la Allgemeine Baugenossenschaft Luzern ABL, la Baugenossenschaft Wohnwerk Luzern, la Liberale Baugenossenschaft Luzern, la Gemeinn\u00fctzige Wohnbaugenossenschaft Industriestrasse GWI et la Wogeno Luzern Genossenschaft. La coop\u00e9ration a repris le site en droit de superficie de la ville de Lucerne jusqu'en 2096.<\/p>\n<p>Il est pr\u00e9vu de m\u00e9langer des b\u00e2timents existants et des b\u00e2timents neufs, dans lesquels il y aura des logements et des espaces de travail abordables ainsi que des espaces communs. Concr\u00e8tement, 14 b\u00e2timents individuels, 145 appartements et pr\u00e8s de 3.000 m\u00b2 de surface commerciale sont pr\u00e9vus.<\/p>\n<p>L'ABL r\u00e9alise une partie du projet le long du Geissensteinring avec quatre b\u00e2timents de conception diff\u00e9rente. Il est pr\u00e9vu d'y construire 51 logements et 924 m\u00b2 de surfaces de services et de commerces, y compris un jardin d'enfants de la ville de Lucerne. Les membres de la coop\u00e9rative ont jusqu'au 7 avril pour voter sur le cr\u00e9dit-cadre de 28,4 millions de CHF n\u00e9cessaire \u00e0 cet effet. Les quatre autres coop\u00e9ratives tiendront \u00e9galement des assembl\u00e9es g\u00e9n\u00e9rales entre mars et mai, au cours desquelles elles se prononceront sur le projet.<\/p>\n<p>Au plus tard en mai, KIL d\u00e9posera la demande de permis de construire pour l'ensemble du projet aupr\u00e8s de la ville, et le permis de construire est attendu pour fin 2022. Si aucun recours n'est d\u00e9pos\u00e9, le calendrier pr\u00e9voit que la construction pourra commencer d\u00e9but 2023. Entre 2024 et 2026, le lotissement devrait \u00eatre pr\u00eat \u00e0 \u00eatre occup\u00e9 par \u00e9tapes. <em>(ah)<\/em><\/p>","protected":false},"excerpt":{"rendered":"<p>Sur l'Industriestrasse \u00e0 Lucerne, cinq coop\u00e9ratives pr\u00e9voient de construire un lotissement comprenant des logements \u00e0 prix mod\u00e9r\u00e9s ainsi que des surfaces commerciales et de services.<\/p>","protected":false},"author":3,"featured_media":40350,"comment_status":"closed","ping_status":"closed","sticky":false,"template":"","format":"standard","meta":{"_acf_changed":false,"_yoast_wpseo_focuskw":"Luzern","_yoast_wpseo_title":"","_yoast_wpseo_metadesc":"An der Industriestrasse in Luzern planen f\u00fcnf Genossenschaften eine Siedlung mit preisg\u00fcnstigem Wohnraum sowie Gewerbe- und Dienstleistungsfl\u00e4chen.","_yoast_wpseo_linkdex":48,"pgc_sgb_lightbox_settings":"","footnotes":""},"categories":[985],"tags":[1459,1600,1863],"class_list":["post-40349","post","type-post","status-publish","format-standard","has-post-thumbnail","hentry","category-regionen","tag-luzern","tag-projekt-in-planung","tag-wohnimmobilien"],"acf":[],"yoast_head":"<!-- This site is optimized with the Yoast SEO plugin v27.4 - https:\/\/yoast.com\/product\/yoast-seo-wordpress\/ -->\n<title>Genossenschaften wollen in Luzern bauen - IMMOBILIEN Business<\/title>\n<meta name=\"description\" content=\"An der Industriestrasse in Luzern planen f\u00fcnf Genossenschaften eine Siedlung mit preisg\u00fcnstigem Wohnraum sowie Gewerbe- und Dienstleistungsfl\u00e4chen.\" \/>\n<meta name=\"robots\" content=\"index, follow, max-snippet:-1, max-image-preview:large, max-video-preview:-1\" \/>\n<link rel=\"canonical\" href=\"https:\/\/www.immobilienbusiness.ch\/fr\/regionen\/2022-03-15\/genossenschaften-wollen-in-luzern-bauen\/\" \/>\n<meta property=\"og:locale\" content=\"fr_FR\" \/>\n<meta property=\"og:type\" content=\"article\" \/>\n<meta property=\"og:title\" content=\"Genossenschaften wollen in Luzern bauen - IMMOBILIEN Business\" \/>\n<meta property=\"og:description\" content=\"An der Industriestrasse in Luzern planen f\u00fcnf Genossenschaften eine Siedlung mit preisg\u00fcnstigem Wohnraum sowie Gewerbe- und Dienstleistungsfl\u00e4chen.\" \/>\n<meta property=\"og:url\" content=\"https:\/\/www.immobilienbusiness.ch\/fr\/regionen\/2022-03-15\/genossenschaften-wollen-in-luzern-bauen\/\" \/>\n<meta property=\"og:site_name\" content=\"IMMOBILIEN Business\" \/>\n<meta property=\"article:publisher\" content=\"https:\/\/www.facebook.com\/immobilienbusiness\/\" \/>\n<meta property=\"article:published_time\" content=\"2022-03-15T07:15:09+00:00\" \/>\n<meta property=\"article:modified_time\" content=\"2022-03-15T07:58:03+00:00\" \/>\n<meta property=\"og:image\" content=\"https:\/\/www.immobilienbusiness.ch\/wp-content\/uploads\/2022\/03\/Luzern.jpg\" \/>\n\t<meta property=\"og:image:width\" content=\"1200\" \/>\n\t<meta property=\"og:image:height\" content=\"800\" \/>\n\t<meta property=\"og:image:type\" content=\"image\/jpeg\" \/>\n<meta name=\"author\" content=\"anja.hall\" \/>\n<meta name=\"twitter:card\" content=\"summary_large_image\" \/>\n<meta name=\"twitter:image\" content=\"https:\/\/www.immobilienbusiness.ch\/wp-content\/uploads\/2022\/03\/Luzern.jpg\" \/>\n<script type=\"application\/ld+json\" class=\"yoast-schema-graph\">{\"@context\":\"https:\\\/\\\/schema.org\",\"@graph\":[{\"@type\":\"Article\",\"@id\":\"https:\\\/\\\/www.immobilienbusiness.ch\\\/de\\\/regionen\\\/2022-03-15\\\/genossenschaften-wollen-in-luzern-bauen\\\/#article\",\"isPartOf\":{\"@id\":\"https:\\\/\\\/www.immobilienbusiness.ch\\\/de\\\/regionen\\\/2022-03-15\\\/genossenschaften-wollen-in-luzern-bauen\\\/\"},\"author\":{\"name\":\"anja.hall\",\"@id\":\"https:\\\/\\\/www.immobilienbusiness.ch\\\/#\\\/schema\\\/person\\\/3fc036297b10b9f42d6db5ee932af8c8\"},\"headline\":\"Genossenschaften wollen in Luzern bauen\",\"datePublished\":\"2022-03-15T07:15:09+00:00\",\"dateModified\":\"2022-03-15T07:58:03+00:00\",\"mainEntityOfPage\":{\"@id\":\"https:\\\/\\\/www.immobilienbusiness.ch\\\/de\\\/regionen\\\/2022-03-15\\\/genossenschaften-wollen-in-luzern-bauen\\\/\"},\"wordCount\":240,\"publisher\":{\"@id\":\"https:\\\/\\\/www.immobilienbusiness.ch\\\/#organization\"},\"image\":{\"@id\":\"https:\\\/\\\/www.immobilienbusiness.ch\\\/de\\\/regionen\\\/2022-03-15\\\/genossenschaften-wollen-in-luzern-bauen\\\/#primaryimage\"},\"thumbnailUrl\":\"https:\\\/\\\/www.immobilienbusiness.ch\\\/wp-content\\\/uploads\\\/2022\\\/03\\\/Luzern.jpg\",\"keywords\":[\"Luzern\",\"Projekt in Planung\",\"Wohnimmobilien\"],\"articleSection\":[\"REGIONEN\"],\"inLanguage\":\"fr-FR\"},{\"@type\":\"WebPage\",\"@id\":\"https:\\\/\\\/www.immobilienbusiness.ch\\\/de\\\/regionen\\\/2022-03-15\\\/genossenschaften-wollen-in-luzern-bauen\\\/\",\"url\":\"https:\\\/\\\/www.immobilienbusiness.ch\\\/de\\\/regionen\\\/2022-03-15\\\/genossenschaften-wollen-in-luzern-bauen\\\/\",\"name\":\"Genossenschaften wollen in Luzern bauen - IMMOBILIEN Business\",\"isPartOf\":{\"@id\":\"https:\\\/\\\/www.immobilienbusiness.ch\\\/#website\"},\"primaryImageOfPage\":{\"@id\":\"https:\\\/\\\/www.immobilienbusiness.ch\\\/de\\\/regionen\\\/2022-03-15\\\/genossenschaften-wollen-in-luzern-bauen\\\/#primaryimage\"},\"image\":{\"@id\":\"https:\\\/\\\/www.immobilienbusiness.ch\\\/de\\\/regionen\\\/2022-03-15\\\/genossenschaften-wollen-in-luzern-bauen\\\/#primaryimage\"},\"thumbnailUrl\":\"https:\\\/\\\/www.immobilienbusiness.ch\\\/wp-content\\\/uploads\\\/2022\\\/03\\\/Luzern.jpg\",\"datePublished\":\"2022-03-15T07:15:09+00:00\",\"dateModified\":\"2022-03-15T07:58:03+00:00\",\"description\":\"An der Industriestrasse in Luzern planen f\u00fcnf Genossenschaften eine Siedlung mit preisg\u00fcnstigem Wohnraum sowie Gewerbe- und Dienstleistungsfl\u00e4chen.\",\"breadcrumb\":{\"@id\":\"https:\\\/\\\/www.immobilienbusiness.ch\\\/de\\\/regionen\\\/2022-03-15\\\/genossenschaften-wollen-in-luzern-bauen\\\/#breadcrumb\"},\"inLanguage\":\"fr-FR\",\"potentialAction\":[{\"@type\":\"ReadAction\",\"target\":[\"https:\\\/\\\/www.immobilienbusiness.ch\\\/de\\\/regionen\\\/2022-03-15\\\/genossenschaften-wollen-in-luzern-bauen\\\/\"]}]},{\"@type\":\"ImageObject\",\"inLanguage\":\"fr-FR\",\"@id\":\"https:\\\/\\\/www.immobilienbusiness.ch\\\/de\\\/regionen\\\/2022-03-15\\\/genossenschaften-wollen-in-luzern-bauen\\\/#primaryimage\",\"url\":\"https:\\\/\\\/www.immobilienbusiness.ch\\\/wp-content\\\/uploads\\\/2022\\\/03\\\/Luzern.jpg\",\"contentUrl\":\"https:\\\/\\\/www.immobilienbusiness.ch\\\/wp-content\\\/uploads\\\/2022\\\/03\\\/Luzern.jpg\",\"width\":1200,\"height\":800,\"caption\":\"An der Industriestrasse in Luzern soll eine Wohnsiedlung entstehen (Quelle: ABL)\"},{\"@type\":\"BreadcrumbList\",\"@id\":\"https:\\\/\\\/www.immobilienbusiness.ch\\\/de\\\/regionen\\\/2022-03-15\\\/genossenschaften-wollen-in-luzern-bauen\\\/#breadcrumb\",\"itemListElement\":[{\"@type\":\"ListItem\",\"position\":1,\"name\":\"Home\",\"item\":\"https:\\\/\\\/www.immobilienbusiness.ch\\\/\"},{\"@type\":\"ListItem\",\"position\":2,\"name\":\"Genossenschaften wollen in Luzern bauen\"}]},{\"@type\":\"WebSite\",\"@id\":\"https:\\\/\\\/www.immobilienbusiness.ch\\\/#website\",\"url\":\"https:\\\/\\\/www.immobilienbusiness.ch\\\/\",\"name\":\"IMMOBILIEN Business\",\"description\":\"Unabh\u00e4ngiges Schweizer Wirtschaftsmagazin mit Fokus auf Immobilien, Architektur- und Bau sowie Investment- und Finanzierung.\",\"publisher\":{\"@id\":\"https:\\\/\\\/www.immobilienbusiness.ch\\\/#organization\"},\"potentialAction\":[{\"@type\":\"SearchAction\",\"target\":{\"@type\":\"EntryPoint\",\"urlTemplate\":\"https:\\\/\\\/www.immobilienbusiness.ch\\\/?s={search_term_string}\"},\"query-input\":{\"@type\":\"PropertyValueSpecification\",\"valueRequired\":true,\"valueName\":\"search_term_string\"}}],\"inLanguage\":\"fr-FR\"},{\"@type\":\"Organization\",\"@id\":\"https:\\\/\\\/www.immobilienbusiness.ch\\\/#organization\",\"name\":\"IMMOBILIEN Business\",\"url\":\"https:\\\/\\\/www.immobilienbusiness.ch\\\/\",\"logo\":{\"@type\":\"ImageObject\",\"inLanguage\":\"fr-FR\",\"@id\":\"https:\\\/\\\/www.immobilienbusiness.ch\\\/#\\\/schema\\\/logo\\\/image\\\/\",\"url\":\"https:\\\/\\\/www.immobilienbusiness.ch\\\/wp-content\\\/uploads\\\/2021\\\/07\\\/logo_ib.png\",\"contentUrl\":\"https:\\\/\\\/www.immobilienbusiness.ch\\\/wp-content\\\/uploads\\\/2021\\\/07\\\/logo_ib.png\",\"width\":800,\"height\":181,\"caption\":\"IMMOBILIEN Business\"},\"image\":{\"@id\":\"https:\\\/\\\/www.immobilienbusiness.ch\\\/#\\\/schema\\\/logo\\\/image\\\/\"},\"sameAs\":[\"https:\\\/\\\/www.facebook.com\\\/immobilienbusiness\\\/\"]},{\"@type\":\"Person\",\"@id\":\"https:\\\/\\\/www.immobilienbusiness.ch\\\/#\\\/schema\\\/person\\\/3fc036297b10b9f42d6db5ee932af8c8\",\"name\":\"anja.hall\",\"image\":{\"@type\":\"ImageObject\",\"inLanguage\":\"fr-FR\",\"@id\":\"https:\\\/\\\/secure.gravatar.com\\\/avatar\\\/066b5a0d447013502c71a5782f4f3469f03cfe595cc2329fb94652fe47511bfb?s=96&d=mm&r=g\",\"url\":\"https:\\\/\\\/secure.gravatar.com\\\/avatar\\\/066b5a0d447013502c71a5782f4f3469f03cfe595cc2329fb94652fe47511bfb?s=96&d=mm&r=g\",\"contentUrl\":\"https:\\\/\\\/secure.gravatar.com\\\/avatar\\\/066b5a0d447013502c71a5782f4f3469f03cfe595cc2329fb94652fe47511bfb?s=96&d=mm&r=g\",\"caption\":\"anja.hall\"},\"url\":\"https:\\\/\\\/www.immobilienbusiness.ch\\\/fr\\\/author\\\/anja-hall\\\/\"}]}<\/script>\n<!-- \/ Yoast SEO plugin. -->","yoast_head_json":{"title":"Genossenschaften wollen in Luzern bauen - IMMOBILIEN Business","description":"Sur l'Industriestrasse \u00e0 Lucerne, cinq coop\u00e9ratives pr\u00e9voient de construire un lotissement comprenant des logements \u00e0 prix mod\u00e9r\u00e9s ainsi que des surfaces commerciales et de services.","robots":{"index":"index","follow":"follow","max-snippet":"max-snippet:-1","max-image-preview":"max-image-preview:large","max-video-preview":"max-video-preview:-1"},"canonical":"https:\/\/www.immobilienbusiness.ch\/fr\/regionen\/2022-03-15\/genossenschaften-wollen-in-luzern-bauen\/","og_locale":"fr_FR","og_type":"article","og_title":"Genossenschaften wollen in Luzern bauen - IMMOBILIEN Business","og_description":"An der Industriestrasse in Luzern planen f\u00fcnf Genossenschaften eine Siedlung mit preisg\u00fcnstigem Wohnraum sowie Gewerbe- und Dienstleistungsfl\u00e4chen.","og_url":"https:\/\/www.immobilienbusiness.ch\/fr\/regionen\/2022-03-15\/genossenschaften-wollen-in-luzern-bauen\/","og_site_name":"IMMOBILIEN Business","article_publisher":"https:\/\/www.facebook.com\/immobilienbusiness\/","article_published_time":"2022-03-15T07:15:09+00:00","article_modified_time":"2022-03-15T07:58:03+00:00","og_image":[{"width":1200,"height":800,"url":"https:\/\/www.immobilienbusiness.ch\/wp-content\/uploads\/2022\/03\/Luzern.jpg","type":"image\/jpeg"}],"author":"anja.hall","twitter_card":"summary_large_image","twitter_image":"https:\/\/www.immobilienbusiness.ch\/wp-content\/uploads\/2022\/03\/Luzern.jpg","schema":{"@context":"https:\/\/schema.org","@graph":[{"@type":"Article","@id":"https:\/\/www.immobilienbusiness.ch\/de\/regionen\/2022-03-15\/genossenschaften-wollen-in-luzern-bauen\/#article","isPartOf":{"@id":"https:\/\/www.immobilienbusiness.ch\/de\/regionen\/2022-03-15\/genossenschaften-wollen-in-luzern-bauen\/"},"author":{"name":"anja.hall","@id":"https:\/\/www.immobilienbusiness.ch\/#\/schema\/person\/3fc036297b10b9f42d6db5ee932af8c8"},"headline":"Genossenschaften wollen in Luzern bauen","datePublished":"2022-03-15T07:15:09+00:00","dateModified":"2022-03-15T07:58:03+00:00","mainEntityOfPage":{"@id":"https:\/\/www.immobilienbusiness.ch\/de\/regionen\/2022-03-15\/genossenschaften-wollen-in-luzern-bauen\/"},"wordCount":240,"publisher":{"@id":"https:\/\/www.immobilienbusiness.ch\/#organization"},"image":{"@id":"https:\/\/www.immobilienbusiness.ch\/de\/regionen\/2022-03-15\/genossenschaften-wollen-in-luzern-bauen\/#primaryimage"},"thumbnailUrl":"https:\/\/www.immobilienbusiness.ch\/wp-content\/uploads\/2022\/03\/Luzern.jpg","keywords":["Luzern","Projekt in Planung","Wohnimmobilien"],"articleSection":["REGIONEN"],"inLanguage":"fr-FR"},{"@type":"WebPage","@id":"https:\/\/www.immobilienbusiness.ch\/de\/regionen\/2022-03-15\/genossenschaften-wollen-in-luzern-bauen\/","url":"https:\/\/www.immobilienbusiness.ch\/de\/regionen\/2022-03-15\/genossenschaften-wollen-in-luzern-bauen\/","name":"Genossenschaften wollen in Luzern bauen - IMMOBILIEN Business","isPartOf":{"@id":"https:\/\/www.immobilienbusiness.ch\/#website"},"primaryImageOfPage":{"@id":"https:\/\/www.immobilienbusiness.ch\/de\/regionen\/2022-03-15\/genossenschaften-wollen-in-luzern-bauen\/#primaryimage"},"image":{"@id":"https:\/\/www.immobilienbusiness.ch\/de\/regionen\/2022-03-15\/genossenschaften-wollen-in-luzern-bauen\/#primaryimage"},"thumbnailUrl":"https:\/\/www.immobilienbusiness.ch\/wp-content\/uploads\/2022\/03\/Luzern.jpg","datePublished":"2022-03-15T07:15:09+00:00","dateModified":"2022-03-15T07:58:03+00:00","description":"Sur l'Industriestrasse \u00e0 Lucerne, cinq coop\u00e9ratives pr\u00e9voient de construire un lotissement comprenant des logements \u00e0 prix mod\u00e9r\u00e9s ainsi que des surfaces commerciales et de services.","breadcrumb":{"@id":"https:\/\/www.immobilienbusiness.ch\/de\/regionen\/2022-03-15\/genossenschaften-wollen-in-luzern-bauen\/#breadcrumb"},"inLanguage":"fr-FR","potentialAction":[{"@type":"ReadAction","target":["https:\/\/www.immobilienbusiness.ch\/de\/regionen\/2022-03-15\/genossenschaften-wollen-in-luzern-bauen\/"]}]},{"@type":"ImageObject","inLanguage":"fr-FR","@id":"https:\/\/www.immobilienbusiness.ch\/de\/regionen\/2022-03-15\/genossenschaften-wollen-in-luzern-bauen\/#primaryimage","url":"https:\/\/www.immobilienbusiness.ch\/wp-content\/uploads\/2022\/03\/Luzern.jpg","contentUrl":"https:\/\/www.immobilienbusiness.ch\/wp-content\/uploads\/2022\/03\/Luzern.jpg","width":1200,"height":800,"caption":"An der Industriestrasse in Luzern soll eine Wohnsiedlung entstehen (Quelle: ABL)"},{"@type":"BreadcrumbList","@id":"https:\/\/www.immobilienbusiness.ch\/de\/regionen\/2022-03-15\/genossenschaften-wollen-in-luzern-bauen\/#breadcrumb","itemListElement":[{"@type":"ListItem","position":1,"name":"Home","item":"https:\/\/www.immobilienbusiness.ch\/"},{"@type":"ListItem","position":2,"name":"Genossenschaften wollen in Luzern bauen"}]},{"@type":"WebSite","@id":"https:\/\/www.immobilienbusiness.ch\/#website","url":"https:\/\/www.immobilienbusiness.ch\/","name":"IMMOBILIER Business","description":"Magazine \u00e9conomique suisse ind\u00e9pendant ax\u00e9 sur l'immobilier, l'architecture et la construction ainsi que sur les investissements et le financement.","publisher":{"@id":"https:\/\/www.immobilienbusiness.ch\/#organization"},"potentialAction":[{"@type":"SearchAction","target":{"@type":"EntryPoint","urlTemplate":"https:\/\/www.immobilienbusiness.ch\/?s={search_term_string}"},"query-input":{"@type":"PropertyValueSpecification","valueRequired":true,"valueName":"search_term_string"}}],"inLanguage":"fr-FR"},{"@type":"Organization","@id":"https:\/\/www.immobilienbusiness.ch\/#organization","name":"IMMOBILIER Business","url":"https:\/\/www.immobilienbusiness.ch\/","logo":{"@type":"ImageObject","inLanguage":"fr-FR","@id":"https:\/\/www.immobilienbusiness.ch\/#\/schema\/logo\/image\/","url":"https:\/\/www.immobilienbusiness.ch\/wp-content\/uploads\/2021\/07\/logo_ib.png","contentUrl":"https:\/\/www.immobilienbusiness.ch\/wp-content\/uploads\/2021\/07\/logo_ib.png","width":800,"height":181,"caption":"IMMOBILIEN Business"},"image":{"@id":"https:\/\/www.immobilienbusiness.ch\/#\/schema\/logo\/image\/"},"sameAs":["https:\/\/www.facebook.com\/immobilienbusiness\/"]},{"@type":"Person","@id":"https:\/\/www.immobilienbusiness.ch\/#\/schema\/person\/3fc036297b10b9f42d6db5ee932af8c8","name":"anja.hall","image":{"@type":"ImageObject","inLanguage":"fr-FR","@id":"https:\/\/secure.gravatar.com\/avatar\/066b5a0d447013502c71a5782f4f3469f03cfe595cc2329fb94652fe47511bfb?s=96&d=mm&r=g","url":"https:\/\/secure.gravatar.com\/avatar\/066b5a0d447013502c71a5782f4f3469f03cfe595cc2329fb94652fe47511bfb?s=96&d=mm&r=g","contentUrl":"https:\/\/secure.gravatar.com\/avatar\/066b5a0d447013502c71a5782f4f3469f03cfe595cc2329fb94652fe47511bfb?s=96&d=mm&r=g","caption":"anja.hall"},"url":"https:\/\/www.immobilienbusiness.ch\/fr\/author\/anja-hall\/"}]}},"_links":{"self":[{"href":"https:\/\/www.immobilienbusiness.ch\/fr\/wp-json\/wp\/v2\/posts\/40349","targetHints":{"allow":["GET"]}}],"collection":[{"href":"https:\/\/www.immobilienbusiness.ch\/fr\/wp-json\/wp\/v2\/posts"}],"about":[{"href":"https:\/\/www.immobilienbusiness.ch\/fr\/wp-json\/wp\/v2\/types\/post"}],"author":[{"embeddable":true,"href":"https:\/\/www.immobilienbusiness.ch\/fr\/wp-json\/wp\/v2\/users\/3"}],"replies":[{"embeddable":true,"href":"https:\/\/www.immobilienbusiness.ch\/fr\/wp-json\/wp\/v2\/comments?post=40349"}],"version-history":[{"count":1,"href":"https:\/\/www.immobilienbusiness.ch\/fr\/wp-json\/wp\/v2\/posts\/40349\/revisions"}],"predecessor-version":[{"id":40351,"href":"https:\/\/www.immobilienbusiness.ch\/fr\/wp-json\/wp\/v2\/posts\/40349\/revisions\/40351"}],"wp:featuredmedia":[{"embeddable":true,"href":"https:\/\/www.immobilienbusiness.ch\/fr\/wp-json\/wp\/v2\/media\/40350"}],"wp:attachment":[{"href":"https:\/\/www.immobilienbusiness.ch\/fr\/wp-json\/wp\/v2\/media?parent=40349"}],"wp:term":[{"taxonomy":"category","embeddable":true,"href":"https:\/\/www.immobilienbusiness.ch\/fr\/wp-json\/wp\/v2\/categories?post=40349"},{"taxonomy":"post_tag","embeddable":true,"href":"https:\/\/www.immobilienbusiness.ch\/fr\/wp-json\/wp\/v2\/tags?post=40349"}],"curies":[{"name":"wp","href":"https:\/\/api.w.org\/{rel}","templated":true}]}}