{"id":40333,"date":"2022-03-11T08:59:43","date_gmt":"2022-03-11T07:59:43","guid":{"rendered":"https:\/\/www.immobilienbusiness.ch\/?p=40333"},"modified":"2022-03-17T09:53:02","modified_gmt":"2022-03-17T08:53:02","slug":"alfred-mueller-hat-neue-plaene-fuer-das-salesianum-areal-in-zug","status":"publish","type":"post","link":"https:\/\/www.immobilienbusiness.ch\/fr\/regionen\/2022-03-11\/alfred-mueller-hat-neue-plaene-fuer-das-salesianum-areal-in-zug\/","title":{"rendered":"Alfred M\u00fcller a de nouveaux projets pour le Salesianum \u00e0 Zoug"},"content":{"rendered":"<figure id=\"attachment_40334\" aria-describedby=\"caption-attachment-40334\" style=\"width: 1950px\" class=\"wp-caption alignnone\"><a href=\"https:\/\/www.immobilienbusiness.ch\/wp-content\/uploads\/2022\/03\/Salesianum.jpg\"><img loading=\"lazy\" decoding=\"async\" class=\"size-full wp-image-40334\" src=\"https:\/\/www.immobilienbusiness.ch\/wp-content\/uploads\/2022\/03\/Salesianum.jpg\" alt=\"\" width=\"1950\" height=\"1300\" srcset=\"https:\/\/www.immobilienbusiness.ch\/wp-content\/uploads\/2022\/03\/Salesianum.jpg 1200w, https:\/\/www.immobilienbusiness.ch\/wp-content\/uploads\/2022\/03\/Salesianum-300x200.jpg 300w, https:\/\/www.immobilienbusiness.ch\/wp-content\/uploads\/2022\/03\/Salesianum-1024x683.jpg 1024w, https:\/\/www.immobilienbusiness.ch\/wp-content\/uploads\/2022\/03\/Salesianum-768x512.jpg 768w, https:\/\/www.immobilienbusiness.ch\/wp-content\/uploads\/2022\/03\/Salesianum-1536x1024.jpg 1536w, https:\/\/www.immobilienbusiness.ch\/wp-content\/uploads\/2022\/03\/Salesianum-18x12.jpg 18w, https:\/\/www.immobilienbusiness.ch\/wp-content\/uploads\/2022\/03\/Salesianum-263x175.jpg 263w, https:\/\/www.immobilienbusiness.ch\/wp-content\/uploads\/2022\/03\/Salesianum-525x350.jpg 525w, https:\/\/www.immobilienbusiness.ch\/wp-content\/uploads\/2022\/03\/Salesianum-920x613.jpg 920w\" sizes=\"auto, (max-width: 1950px) 100vw, 1950px\" \/><\/a><figcaption id=\"caption-attachment-40334\" class=\"wp-caption-text\">Le site du Salesianum \u00e0 Zoug (source : Alfred M\u00fcller AG)<\/figcaption><\/figure>\n<p>Comme le fait savoir la soci\u00e9t\u00e9 Alfred M\u00fcller AG, elle ne veut pas poursuivre le projet d\u00e9pos\u00e9 il y a environ un an pour le site du Salesianum. Des oppositions ont \u00e9t\u00e9 d\u00e9pos\u00e9es contre le projet et il existe un risque que le projet soit retard\u00e9 plus longtemps en cas de passage par toutes les instances juridiques, fait savoir la soci\u00e9t\u00e9 immobili\u00e8re.<\/p>\n<p>Au lieu de longs d\u00e9bats juridiques, on aspire \u00e0 une mise en \u0153uvre rapide et \u00e0 la cr\u00e9ation de nouveaux logements, explique Christoph M\u00fcller, pr\u00e9sident du conseil d'administration d'Alfred M\u00fcller AG. On revient au projet initial, bas\u00e9 sur le projet directeur et le plan d'am\u00e9nagement approuv\u00e9 et juridiquement valable, poursuit M\u00fcller.<\/p>\n<p>Selon les indications de l'entreprise, une nouvelle demande de permis de construire est actuellement en cours d'\u00e9laboration et devrait \u00eatre d\u00e9pos\u00e9e cet \u00e9t\u00e9. Le projet pr\u00e9voit la construction de 56 nouveaux logements dans un endroit attrayant au bord du lac de Zoug. <em>(ah)<\/em><\/p>","protected":false},"excerpt":{"rendered":"<p>La soci\u00e9t\u00e9 Alfred M\u00fcller AG veut d\u00e9poser cet \u00e9t\u00e9 une nouvelle demande de permis de construire pour le site du Salesianum \u00e0 Zoug. De nouveaux logements devraient voir le jour directement au bord du lac de Zoug.<\/p>","protected":false},"author":3,"featured_media":40334,"comment_status":"closed","ping_status":"closed","sticky":false,"template":"","format":"standard","meta":{"_acf_changed":false,"_yoast_wpseo_focuskw":"Salesianum","_yoast_wpseo_title":"","_yoast_wpseo_metadesc":"Die Alfred M\u00fcller AG will diesen Sommer ein neues Baugesuch f\u00fcr das Salesianum-Areal in Zug einreichen. Direkt am Zugersee soll neuer Wohnraum entstehen.","_yoast_wpseo_linkdex":54,"pgc_sgb_lightbox_settings":"","footnotes":""},"categories":[985],"tags":[1011,1600,1863,1884],"class_list":["post-40333","post","type-post","status-publish","format-standard","has-post-thumbnail","hentry","category-regionen","tag-alfred-mueller-ag","tag-projekt-in-planung","tag-wohnimmobilien","tag-zug"],"acf":[],"yoast_head":"<!-- This site is optimized with the Yoast SEO plugin v27.5 - https:\/\/yoast.com\/product\/yoast-seo-wordpress\/ -->\n<title>Alfred M\u00fcller hat neue Pl\u00e4ne f\u00fcr das Salesianum in Zug - IMMOBILIEN Business<\/title>\n<meta name=\"description\" content=\"Die Alfred M\u00fcller AG will diesen Sommer ein neues Baugesuch f\u00fcr das Salesianum-Areal in Zug einreichen. Direkt am Zugersee soll neuer Wohnraum entstehen.\" \/>\n<meta name=\"robots\" content=\"index, follow, max-snippet:-1, max-image-preview:large, max-video-preview:-1\" \/>\n<link rel=\"canonical\" href=\"https:\/\/www.immobilienbusiness.ch\/fr\/regionen\/2022-03-11\/alfred-mueller-hat-neue-plaene-fuer-das-salesianum-areal-in-zug\/\" \/>\n<meta property=\"og:locale\" content=\"fr_FR\" \/>\n<meta property=\"og:type\" content=\"article\" \/>\n<meta property=\"og:title\" content=\"Alfred M\u00fcller hat neue Pl\u00e4ne f\u00fcr das Salesianum in Zug - IMMOBILIEN Business\" \/>\n<meta property=\"og:description\" content=\"Die Alfred M\u00fcller AG will diesen Sommer ein neues Baugesuch f\u00fcr das Salesianum-Areal in Zug einreichen. Direkt am Zugersee soll neuer Wohnraum entstehen.\" \/>\n<meta property=\"og:url\" content=\"https:\/\/www.immobilienbusiness.ch\/fr\/regionen\/2022-03-11\/alfred-mueller-hat-neue-plaene-fuer-das-salesianum-areal-in-zug\/\" \/>\n<meta property=\"og:site_name\" content=\"IMMOBILIEN Business\" \/>\n<meta property=\"article:publisher\" content=\"https:\/\/www.facebook.com\/immobilienbusiness\/\" \/>\n<meta property=\"article:published_time\" content=\"2022-03-11T07:59:43+00:00\" \/>\n<meta property=\"article:modified_time\" content=\"2022-03-17T08:53:02+00:00\" \/>\n<meta property=\"og:image\" content=\"https:\/\/www.immobilienbusiness.ch\/wp-content\/uploads\/2022\/03\/Salesianum.jpg\" \/>\n\t<meta property=\"og:image:width\" content=\"1200\" \/>\n\t<meta property=\"og:image:height\" content=\"800\" \/>\n\t<meta property=\"og:image:type\" content=\"image\/jpeg\" \/>\n<meta name=\"author\" content=\"anja.hall\" \/>\n<meta name=\"twitter:card\" content=\"summary_large_image\" \/>\n<meta name=\"twitter:image\" content=\"https:\/\/www.immobilienbusiness.ch\/wp-content\/uploads\/2022\/03\/Salesianum.jpg\" \/>\n<script type=\"application\/ld+json\" class=\"yoast-schema-graph\">{\"@context\":\"https:\\\/\\\/schema.org\",\"@graph\":[{\"@type\":\"Article\",\"@id\":\"https:\\\/\\\/www.immobilienbusiness.ch\\\/de\\\/regionen\\\/2022-03-11\\\/alfred-mueller-hat-neue-plaene-fuer-das-salesianum-areal-in-zug\\\/#article\",\"isPartOf\":{\"@id\":\"https:\\\/\\\/www.immobilienbusiness.ch\\\/de\\\/regionen\\\/2022-03-11\\\/alfred-mueller-hat-neue-plaene-fuer-das-salesianum-areal-in-zug\\\/\"},\"author\":{\"name\":\"anja.hall\",\"@id\":\"https:\\\/\\\/www.immobilienbusiness.ch\\\/#\\\/schema\\\/person\\\/3fc036297b10b9f42d6db5ee932af8c8\"},\"headline\":\"Alfred M\u00fcller hat neue Pl\u00e4ne f\u00fcr das Salesianum in Zug\",\"datePublished\":\"2022-03-11T07:59:43+00:00\",\"dateModified\":\"2022-03-17T08:53:02+00:00\",\"mainEntityOfPage\":{\"@id\":\"https:\\\/\\\/www.immobilienbusiness.ch\\\/de\\\/regionen\\\/2022-03-11\\\/alfred-mueller-hat-neue-plaene-fuer-das-salesianum-areal-in-zug\\\/\"},\"wordCount\":157,\"publisher\":{\"@id\":\"https:\\\/\\\/www.immobilienbusiness.ch\\\/#organization\"},\"image\":{\"@id\":\"https:\\\/\\\/www.immobilienbusiness.ch\\\/de\\\/regionen\\\/2022-03-11\\\/alfred-mueller-hat-neue-plaene-fuer-das-salesianum-areal-in-zug\\\/#primaryimage\"},\"thumbnailUrl\":\"https:\\\/\\\/www.immobilienbusiness.ch\\\/wp-content\\\/uploads\\\/2022\\\/03\\\/Salesianum.jpg\",\"keywords\":[\"Alfred M\u00fcller AG\",\"Projekt in Planung\",\"Wohnimmobilien\",\"Zug\"],\"articleSection\":[\"REGIONEN\"],\"inLanguage\":\"fr-FR\"},{\"@type\":\"WebPage\",\"@id\":\"https:\\\/\\\/www.immobilienbusiness.ch\\\/de\\\/regionen\\\/2022-03-11\\\/alfred-mueller-hat-neue-plaene-fuer-das-salesianum-areal-in-zug\\\/\",\"url\":\"https:\\\/\\\/www.immobilienbusiness.ch\\\/de\\\/regionen\\\/2022-03-11\\\/alfred-mueller-hat-neue-plaene-fuer-das-salesianum-areal-in-zug\\\/\",\"name\":\"Alfred M\u00fcller hat neue Pl\u00e4ne f\u00fcr das Salesianum in Zug - IMMOBILIEN Business\",\"isPartOf\":{\"@id\":\"https:\\\/\\\/www.immobilienbusiness.ch\\\/#website\"},\"primaryImageOfPage\":{\"@id\":\"https:\\\/\\\/www.immobilienbusiness.ch\\\/de\\\/regionen\\\/2022-03-11\\\/alfred-mueller-hat-neue-plaene-fuer-das-salesianum-areal-in-zug\\\/#primaryimage\"},\"image\":{\"@id\":\"https:\\\/\\\/www.immobilienbusiness.ch\\\/de\\\/regionen\\\/2022-03-11\\\/alfred-mueller-hat-neue-plaene-fuer-das-salesianum-areal-in-zug\\\/#primaryimage\"},\"thumbnailUrl\":\"https:\\\/\\\/www.immobilienbusiness.ch\\\/wp-content\\\/uploads\\\/2022\\\/03\\\/Salesianum.jpg\",\"datePublished\":\"2022-03-11T07:59:43+00:00\",\"dateModified\":\"2022-03-17T08:53:02+00:00\",\"description\":\"Die Alfred M\u00fcller AG will diesen Sommer ein neues Baugesuch f\u00fcr das Salesianum-Areal in Zug einreichen. Direkt am Zugersee soll neuer Wohnraum entstehen.\",\"breadcrumb\":{\"@id\":\"https:\\\/\\\/www.immobilienbusiness.ch\\\/de\\\/regionen\\\/2022-03-11\\\/alfred-mueller-hat-neue-plaene-fuer-das-salesianum-areal-in-zug\\\/#breadcrumb\"},\"inLanguage\":\"fr-FR\",\"potentialAction\":[{\"@type\":\"ReadAction\",\"target\":[\"https:\\\/\\\/www.immobilienbusiness.ch\\\/de\\\/regionen\\\/2022-03-11\\\/alfred-mueller-hat-neue-plaene-fuer-das-salesianum-areal-in-zug\\\/\"]}]},{\"@type\":\"ImageObject\",\"inLanguage\":\"fr-FR\",\"@id\":\"https:\\\/\\\/www.immobilienbusiness.ch\\\/de\\\/regionen\\\/2022-03-11\\\/alfred-mueller-hat-neue-plaene-fuer-das-salesianum-areal-in-zug\\\/#primaryimage\",\"url\":\"https:\\\/\\\/www.immobilienbusiness.ch\\\/wp-content\\\/uploads\\\/2022\\\/03\\\/Salesianum.jpg\",\"contentUrl\":\"https:\\\/\\\/www.immobilienbusiness.ch\\\/wp-content\\\/uploads\\\/2022\\\/03\\\/Salesianum.jpg\",\"width\":1200,\"height\":800,\"caption\":\"Das Salesianum-Areal in Zug (Quelle: Alfred M\u00fcller AG)\"},{\"@type\":\"BreadcrumbList\",\"@id\":\"https:\\\/\\\/www.immobilienbusiness.ch\\\/de\\\/regionen\\\/2022-03-11\\\/alfred-mueller-hat-neue-plaene-fuer-das-salesianum-areal-in-zug\\\/#breadcrumb\",\"itemListElement\":[{\"@type\":\"ListItem\",\"position\":1,\"name\":\"Home\",\"item\":\"https:\\\/\\\/www.immobilienbusiness.ch\\\/\"},{\"@type\":\"ListItem\",\"position\":2,\"name\":\"Alfred M\u00fcller hat neue Pl\u00e4ne f\u00fcr das Salesianum in Zug\"}]},{\"@type\":\"WebSite\",\"@id\":\"https:\\\/\\\/www.immobilienbusiness.ch\\\/#website\",\"url\":\"https:\\\/\\\/www.immobilienbusiness.ch\\\/\",\"name\":\"IMMOBILIEN Business\",\"description\":\"Unabh\u00e4ngiges Schweizer Wirtschaftsmagazin mit Fokus auf Immobilien, Architektur- und Bau sowie Investment- und Finanzierung.\",\"publisher\":{\"@id\":\"https:\\\/\\\/www.immobilienbusiness.ch\\\/#organization\"},\"potentialAction\":[{\"@type\":\"SearchAction\",\"target\":{\"@type\":\"EntryPoint\",\"urlTemplate\":\"https:\\\/\\\/www.immobilienbusiness.ch\\\/?s={search_term_string}\"},\"query-input\":{\"@type\":\"PropertyValueSpecification\",\"valueRequired\":true,\"valueName\":\"search_term_string\"}}],\"inLanguage\":\"fr-FR\"},{\"@type\":\"Organization\",\"@id\":\"https:\\\/\\\/www.immobilienbusiness.ch\\\/#organization\",\"name\":\"IMMOBILIEN Business\",\"url\":\"https:\\\/\\\/www.immobilienbusiness.ch\\\/\",\"logo\":{\"@type\":\"ImageObject\",\"inLanguage\":\"fr-FR\",\"@id\":\"https:\\\/\\\/www.immobilienbusiness.ch\\\/#\\\/schema\\\/logo\\\/image\\\/\",\"url\":\"https:\\\/\\\/www.immobilienbusiness.ch\\\/wp-content\\\/uploads\\\/2021\\\/07\\\/logo_ib.png\",\"contentUrl\":\"https:\\\/\\\/www.immobilienbusiness.ch\\\/wp-content\\\/uploads\\\/2021\\\/07\\\/logo_ib.png\",\"width\":800,\"height\":181,\"caption\":\"IMMOBILIEN Business\"},\"image\":{\"@id\":\"https:\\\/\\\/www.immobilienbusiness.ch\\\/#\\\/schema\\\/logo\\\/image\\\/\"},\"sameAs\":[\"https:\\\/\\\/www.facebook.com\\\/immobilienbusiness\\\/\"]},{\"@type\":\"Person\",\"@id\":\"https:\\\/\\\/www.immobilienbusiness.ch\\\/#\\\/schema\\\/person\\\/3fc036297b10b9f42d6db5ee932af8c8\",\"name\":\"anja.hall\",\"image\":{\"@type\":\"ImageObject\",\"inLanguage\":\"fr-FR\",\"@id\":\"https:\\\/\\\/secure.gravatar.com\\\/avatar\\\/066b5a0d447013502c71a5782f4f3469f03cfe595cc2329fb94652fe47511bfb?s=96&d=mm&r=g\",\"url\":\"https:\\\/\\\/secure.gravatar.com\\\/avatar\\\/066b5a0d447013502c71a5782f4f3469f03cfe595cc2329fb94652fe47511bfb?s=96&d=mm&r=g\",\"contentUrl\":\"https:\\\/\\\/secure.gravatar.com\\\/avatar\\\/066b5a0d447013502c71a5782f4f3469f03cfe595cc2329fb94652fe47511bfb?s=96&d=mm&r=g\",\"caption\":\"anja.hall\"},\"url\":\"https:\\\/\\\/www.immobilienbusiness.ch\\\/fr\\\/author\\\/anja-hall\\\/\"}]}<\/script>\n<!-- \/ Yoast SEO plugin. -->","yoast_head_json":{"title":"Alfred M\u00fcller hat neue Pl\u00e4ne f\u00fcr das Salesianum in Zug - IMMOBILIEN Business","description":"La soci\u00e9t\u00e9 Alfred M\u00fcller AG veut d\u00e9poser cet \u00e9t\u00e9 une nouvelle demande de permis de construire pour le site du Salesianum \u00e0 Zoug. De nouveaux logements devraient voir le jour directement au bord du lac de Zoug.","robots":{"index":"index","follow":"follow","max-snippet":"max-snippet:-1","max-image-preview":"max-image-preview:large","max-video-preview":"max-video-preview:-1"},"canonical":"https:\/\/www.immobilienbusiness.ch\/fr\/regionen\/2022-03-11\/alfred-mueller-hat-neue-plaene-fuer-das-salesianum-areal-in-zug\/","og_locale":"fr_FR","og_type":"article","og_title":"Alfred M\u00fcller hat neue Pl\u00e4ne f\u00fcr das Salesianum in Zug - IMMOBILIEN Business","og_description":"Die Alfred M\u00fcller AG will diesen Sommer ein neues Baugesuch f\u00fcr das Salesianum-Areal in Zug einreichen. Direkt am Zugersee soll neuer Wohnraum entstehen.","og_url":"https:\/\/www.immobilienbusiness.ch\/fr\/regionen\/2022-03-11\/alfred-mueller-hat-neue-plaene-fuer-das-salesianum-areal-in-zug\/","og_site_name":"IMMOBILIEN Business","article_publisher":"https:\/\/www.facebook.com\/immobilienbusiness\/","article_published_time":"2022-03-11T07:59:43+00:00","article_modified_time":"2022-03-17T08:53:02+00:00","og_image":[{"width":1200,"height":800,"url":"https:\/\/www.immobilienbusiness.ch\/wp-content\/uploads\/2022\/03\/Salesianum.jpg","type":"image\/jpeg"}],"author":"anja.hall","twitter_card":"summary_large_image","twitter_image":"https:\/\/www.immobilienbusiness.ch\/wp-content\/uploads\/2022\/03\/Salesianum.jpg","schema":{"@context":"https:\/\/schema.org","@graph":[{"@type":"Article","@id":"https:\/\/www.immobilienbusiness.ch\/de\/regionen\/2022-03-11\/alfred-mueller-hat-neue-plaene-fuer-das-salesianum-areal-in-zug\/#article","isPartOf":{"@id":"https:\/\/www.immobilienbusiness.ch\/de\/regionen\/2022-03-11\/alfred-mueller-hat-neue-plaene-fuer-das-salesianum-areal-in-zug\/"},"author":{"name":"anja.hall","@id":"https:\/\/www.immobilienbusiness.ch\/#\/schema\/person\/3fc036297b10b9f42d6db5ee932af8c8"},"headline":"Alfred M\u00fcller hat neue Pl\u00e4ne f\u00fcr das Salesianum in Zug","datePublished":"2022-03-11T07:59:43+00:00","dateModified":"2022-03-17T08:53:02+00:00","mainEntityOfPage":{"@id":"https:\/\/www.immobilienbusiness.ch\/de\/regionen\/2022-03-11\/alfred-mueller-hat-neue-plaene-fuer-das-salesianum-areal-in-zug\/"},"wordCount":157,"publisher":{"@id":"https:\/\/www.immobilienbusiness.ch\/#organization"},"image":{"@id":"https:\/\/www.immobilienbusiness.ch\/de\/regionen\/2022-03-11\/alfred-mueller-hat-neue-plaene-fuer-das-salesianum-areal-in-zug\/#primaryimage"},"thumbnailUrl":"https:\/\/www.immobilienbusiness.ch\/wp-content\/uploads\/2022\/03\/Salesianum.jpg","keywords":["Alfred M\u00fcller AG","Projekt in Planung","Wohnimmobilien","Zug"],"articleSection":["REGIONEN"],"inLanguage":"fr-FR"},{"@type":"WebPage","@id":"https:\/\/www.immobilienbusiness.ch\/de\/regionen\/2022-03-11\/alfred-mueller-hat-neue-plaene-fuer-das-salesianum-areal-in-zug\/","url":"https:\/\/www.immobilienbusiness.ch\/de\/regionen\/2022-03-11\/alfred-mueller-hat-neue-plaene-fuer-das-salesianum-areal-in-zug\/","name":"Alfred M\u00fcller hat neue Pl\u00e4ne f\u00fcr das Salesianum in Zug - IMMOBILIEN Business","isPartOf":{"@id":"https:\/\/www.immobilienbusiness.ch\/#website"},"primaryImageOfPage":{"@id":"https:\/\/www.immobilienbusiness.ch\/de\/regionen\/2022-03-11\/alfred-mueller-hat-neue-plaene-fuer-das-salesianum-areal-in-zug\/#primaryimage"},"image":{"@id":"https:\/\/www.immobilienbusiness.ch\/de\/regionen\/2022-03-11\/alfred-mueller-hat-neue-plaene-fuer-das-salesianum-areal-in-zug\/#primaryimage"},"thumbnailUrl":"https:\/\/www.immobilienbusiness.ch\/wp-content\/uploads\/2022\/03\/Salesianum.jpg","datePublished":"2022-03-11T07:59:43+00:00","dateModified":"2022-03-17T08:53:02+00:00","description":"La soci\u00e9t\u00e9 Alfred M\u00fcller AG veut d\u00e9poser cet \u00e9t\u00e9 une nouvelle demande de permis de construire pour le site du Salesianum \u00e0 Zoug. De nouveaux logements devraient voir le jour directement au bord du lac de Zoug.","breadcrumb":{"@id":"https:\/\/www.immobilienbusiness.ch\/de\/regionen\/2022-03-11\/alfred-mueller-hat-neue-plaene-fuer-das-salesianum-areal-in-zug\/#breadcrumb"},"inLanguage":"fr-FR","potentialAction":[{"@type":"ReadAction","target":["https:\/\/www.immobilienbusiness.ch\/de\/regionen\/2022-03-11\/alfred-mueller-hat-neue-plaene-fuer-das-salesianum-areal-in-zug\/"]}]},{"@type":"ImageObject","inLanguage":"fr-FR","@id":"https:\/\/www.immobilienbusiness.ch\/de\/regionen\/2022-03-11\/alfred-mueller-hat-neue-plaene-fuer-das-salesianum-areal-in-zug\/#primaryimage","url":"https:\/\/www.immobilienbusiness.ch\/wp-content\/uploads\/2022\/03\/Salesianum.jpg","contentUrl":"https:\/\/www.immobilienbusiness.ch\/wp-content\/uploads\/2022\/03\/Salesianum.jpg","width":1200,"height":800,"caption":"Das Salesianum-Areal in Zug (Quelle: Alfred M\u00fcller AG)"},{"@type":"BreadcrumbList","@id":"https:\/\/www.immobilienbusiness.ch\/de\/regionen\/2022-03-11\/alfred-mueller-hat-neue-plaene-fuer-das-salesianum-areal-in-zug\/#breadcrumb","itemListElement":[{"@type":"ListItem","position":1,"name":"Home","item":"https:\/\/www.immobilienbusiness.ch\/"},{"@type":"ListItem","position":2,"name":"Alfred M\u00fcller hat neue Pl\u00e4ne f\u00fcr das Salesianum in Zug"}]},{"@type":"WebSite","@id":"https:\/\/www.immobilienbusiness.ch\/#website","url":"https:\/\/www.immobilienbusiness.ch\/","name":"IMMOBILIER Business","description":"Magazine \u00e9conomique suisse ind\u00e9pendant ax\u00e9 sur l'immobilier, l'architecture et la construction ainsi que sur les investissements et le financement.","publisher":{"@id":"https:\/\/www.immobilienbusiness.ch\/#organization"},"potentialAction":[{"@type":"SearchAction","target":{"@type":"EntryPoint","urlTemplate":"https:\/\/www.immobilienbusiness.ch\/?s={search_term_string}"},"query-input":{"@type":"PropertyValueSpecification","valueRequired":true,"valueName":"search_term_string"}}],"inLanguage":"fr-FR"},{"@type":"Organization","@id":"https:\/\/www.immobilienbusiness.ch\/#organization","name":"IMMOBILIER Business","url":"https:\/\/www.immobilienbusiness.ch\/","logo":{"@type":"ImageObject","inLanguage":"fr-FR","@id":"https:\/\/www.immobilienbusiness.ch\/#\/schema\/logo\/image\/","url":"https:\/\/www.immobilienbusiness.ch\/wp-content\/uploads\/2021\/07\/logo_ib.png","contentUrl":"https:\/\/www.immobilienbusiness.ch\/wp-content\/uploads\/2021\/07\/logo_ib.png","width":800,"height":181,"caption":"IMMOBILIEN Business"},"image":{"@id":"https:\/\/www.immobilienbusiness.ch\/#\/schema\/logo\/image\/"},"sameAs":["https:\/\/www.facebook.com\/immobilienbusiness\/"]},{"@type":"Person","@id":"https:\/\/www.immobilienbusiness.ch\/#\/schema\/person\/3fc036297b10b9f42d6db5ee932af8c8","name":"anja.hall","image":{"@type":"ImageObject","inLanguage":"fr-FR","@id":"https:\/\/secure.gravatar.com\/avatar\/066b5a0d447013502c71a5782f4f3469f03cfe595cc2329fb94652fe47511bfb?s=96&d=mm&r=g","url":"https:\/\/secure.gravatar.com\/avatar\/066b5a0d447013502c71a5782f4f3469f03cfe595cc2329fb94652fe47511bfb?s=96&d=mm&r=g","contentUrl":"https:\/\/secure.gravatar.com\/avatar\/066b5a0d447013502c71a5782f4f3469f03cfe595cc2329fb94652fe47511bfb?s=96&d=mm&r=g","caption":"anja.hall"},"url":"https:\/\/www.immobilienbusiness.ch\/fr\/author\/anja-hall\/"}]}},"_links":{"self":[{"href":"https:\/\/www.immobilienbusiness.ch\/fr\/wp-json\/wp\/v2\/posts\/40333","targetHints":{"allow":["GET"]}}],"collection":[{"href":"https:\/\/www.immobilienbusiness.ch\/fr\/wp-json\/wp\/v2\/posts"}],"about":[{"href":"https:\/\/www.immobilienbusiness.ch\/fr\/wp-json\/wp\/v2\/types\/post"}],"author":[{"embeddable":true,"href":"https:\/\/www.immobilienbusiness.ch\/fr\/wp-json\/wp\/v2\/users\/3"}],"replies":[{"embeddable":true,"href":"https:\/\/www.immobilienbusiness.ch\/fr\/wp-json\/wp\/v2\/comments?post=40333"}],"version-history":[{"count":3,"href":"https:\/\/www.immobilienbusiness.ch\/fr\/wp-json\/wp\/v2\/posts\/40333\/revisions"}],"predecessor-version":[{"id":40376,"href":"https:\/\/www.immobilienbusiness.ch\/fr\/wp-json\/wp\/v2\/posts\/40333\/revisions\/40376"}],"wp:featuredmedia":[{"embeddable":true,"href":"https:\/\/www.immobilienbusiness.ch\/fr\/wp-json\/wp\/v2\/media\/40334"}],"wp:attachment":[{"href":"https:\/\/www.immobilienbusiness.ch\/fr\/wp-json\/wp\/v2\/media?parent=40333"}],"wp:term":[{"taxonomy":"category","embeddable":true,"href":"https:\/\/www.immobilienbusiness.ch\/fr\/wp-json\/wp\/v2\/categories?post=40333"},{"taxonomy":"post_tag","embeddable":true,"href":"https:\/\/www.immobilienbusiness.ch\/fr\/wp-json\/wp\/v2\/tags?post=40333"}],"curies":[{"name":"wp","href":"https:\/\/api.w.org\/{rel}","templated":true}]}}