{"id":40213,"date":"2022-03-03T09:20:52","date_gmt":"2022-03-03T08:20:52","guid":{"rendered":"https:\/\/www.immobilienbusiness.ch\/?p=40213"},"modified":"2022-03-03T09:33:19","modified_gmt":"2022-03-03T08:33:19","slug":"senn-kauft-baufelder-auf-dem-allschwiler-baselink-areal","status":"publish","type":"post","link":"https:\/\/www.immobilienbusiness.ch\/fr\/regionen\/2022-03-03\/senn-kauft-baufelder-auf-dem-allschwiler-baselink-areal\/","title":{"rendered":"Senn ach\u00e8te des terrains \u00e0 b\u00e2tir sur le site Baselink d'Allschwil"},"content":{"rendered":"<figure id=\"attachment_40215\" aria-describedby=\"caption-attachment-40215\" style=\"width: 1773px\" class=\"wp-caption alignnone\"><a href=\"https:\/\/www.immobilienbusiness.ch\/wp-content\/uploads\/2022\/03\/BaseLink-Areal-Allschwil.jpg\"><img loading=\"lazy\" decoding=\"async\" class=\"size-full wp-image-40215\" src=\"https:\/\/www.immobilienbusiness.ch\/wp-content\/uploads\/2022\/03\/BaseLink-Areal-Allschwil.jpg\" alt=\"\" width=\"1773\" height=\"1182\" srcset=\"https:\/\/www.immobilienbusiness.ch\/wp-content\/uploads\/2022\/03\/BaseLink-Areal-Allschwil.jpg 1200w, https:\/\/www.immobilienbusiness.ch\/wp-content\/uploads\/2022\/03\/BaseLink-Areal-Allschwil-300x200.jpg 300w, https:\/\/www.immobilienbusiness.ch\/wp-content\/uploads\/2022\/03\/BaseLink-Areal-Allschwil-1024x683.jpg 1024w, https:\/\/www.immobilienbusiness.ch\/wp-content\/uploads\/2022\/03\/BaseLink-Areal-Allschwil-768x512.jpg 768w, https:\/\/www.immobilienbusiness.ch\/wp-content\/uploads\/2022\/03\/BaseLink-Areal-Allschwil-1536x1024.jpg 1536w, https:\/\/www.immobilienbusiness.ch\/wp-content\/uploads\/2022\/03\/BaseLink-Areal-Allschwil-18x12.jpg 18w, https:\/\/www.immobilienbusiness.ch\/wp-content\/uploads\/2022\/03\/BaseLink-Areal-Allschwil-263x175.jpg 263w, https:\/\/www.immobilienbusiness.ch\/wp-content\/uploads\/2022\/03\/BaseLink-Areal-Allschwil-525x350.jpg 525w, https:\/\/www.immobilienbusiness.ch\/wp-content\/uploads\/2022\/03\/BaseLink-Areal-Allschwil-920x613.jpg 920w\" sizes=\"auto, (max-width: 1773px) 100vw, 1773px\" \/><\/a><figcaption id=\"caption-attachment-40215\" class=\"wp-caption-text\">Le site Baselink \u00e0 Allschwil (photo : Erich Meyer)<\/figcaption><\/figure>\n<p>Le site Baselink, situ\u00e9 dans la zone du Bachgraben \u00e0 Allschwil, comprend au total 16 parcelles constructibles ; ce sont surtout des entreprises et des institutions du secteur des sciences de la vie qui doivent s'y installer. Sur plus de 100.000 m\u00b2 de surface utile, 5.000 \u00e0 8.000 emplois seront cr\u00e9\u00e9s dans les prochaines ann\u00e9es. Des entreprises pharmaceutiques comme Abbott, Idorsia et Polyphor se sont d\u00e9j\u00e0 install\u00e9es sur le site de Baselink, d'autres suivront.<\/p>\n<p>Comme l'annonce le promoteur immobilier Senn, il a acquis les parcelles C en droit de superficie. Avec une surface utile de 40.000 m\u00b2, ceux-ci offrent un grand potentiel pour continuer \u00e0 penser le site, selon l'entreprise. Le directeur Johannes Senn indique que l'on est actuellement en train de r\u00e9aliser une planification test qui doit permettre de r\u00e9pondre \u00e0 la forte demande de locaux de laboratoire.<\/p>\n<p>Senn est d\u00e9j\u00e0 actif sur d'autres sites de construction sur le site. L'entreprise a ainsi d\u00e9velopp\u00e9 le Switzerland Innovation Park Basel Area Main Campus, qui, avec ses 50.000 m\u00b2, est consid\u00e9r\u00e9 comme l'\u00e9l\u00e9ment central du site Baselink. C'est dans ce b\u00e2timent con\u00e7u par Herzog &amp; de Meuron que le Switzerland Innovation Park Basel Area installera notamment son si\u00e8ge social. <a href=\"https:\/\/www.immobilienbusiness.ch\/fr\/regionen\/2021-08-31\/allschwil-nachhaltiger-buerobau-fuer-das-baselink-areal\/\">De plus, Senn participe au projet Hortus, un immeuble de bureaux durable qui vise \u00e0 rembourser l'\u00e9nergie grise de construction et \u00e0 \u00eatre positif en termes d'\u00e9nergie apr\u00e8s environ 30 ans.<\/a> Le terrain A4 a \u00e9t\u00e9 mis au concours par Senn. Les architectes Felippi Wyssen y r\u00e9alisent un centre de recherche proche des patients. <em>(ah)<\/em><\/p>","protected":false},"excerpt":{"rendered":"<p>Le d\u00e9veloppeur de projets Senn a acquis les parcelles de construction C du Baselink-Areal \u00e0 Allschwil. Ils comprennent une surface utile de 40.000 m\u00b2.<\/p>","protected":false},"author":3,"featured_media":40215,"comment_status":"closed","ping_status":"closed","sticky":false,"template":"","format":"standard","meta":{"_acf_changed":false,"_yoast_wpseo_focuskw":"Baselink","_yoast_wpseo_title":"","_yoast_wpseo_metadesc":"Der Projektentwickler Senn hat die Baufelder C im Baselink-Areal in Allschwil erworben. Sie umfassen eine Nutzfl\u00e4che von 40.000 qm.","_yoast_wpseo_linkdex":61,"pgc_sgb_lightbox_settings":"","footnotes":""},"categories":[985],"tags":[1070,1287,1600,1601],"class_list":["post-40213","post","type-post","status-publish","format-standard","has-post-thumbnail","hentry","category-regionen","tag-basel-landschaft","tag-grundstueckskauf","tag-projekt-in-planung","tag-projektentwicklung"],"acf":[],"yoast_head":"<!-- This site is optimized with the Yoast SEO plugin v27.5 - https:\/\/yoast.com\/product\/yoast-seo-wordpress\/ -->\n<title>Senn kauft Baufelder auf dem Allschwiler Baselink-Areal - IMMOBILIEN Business<\/title>\n<meta name=\"description\" content=\"Der Projektentwickler Senn hat die Baufelder C im Baselink-Areal in Allschwil erworben. Sie umfassen eine Nutzfl\u00e4che von 40.000 qm.\" \/>\n<meta name=\"robots\" content=\"index, follow, max-snippet:-1, max-image-preview:large, max-video-preview:-1\" \/>\n<link rel=\"canonical\" href=\"https:\/\/www.immobilienbusiness.ch\/fr\/regionen\/2022-03-03\/senn-kauft-baufelder-auf-dem-allschwiler-baselink-areal\/\" \/>\n<meta property=\"og:locale\" content=\"fr_FR\" \/>\n<meta property=\"og:type\" content=\"article\" \/>\n<meta property=\"og:title\" content=\"Senn kauft Baufelder auf dem Allschwiler Baselink-Areal - IMMOBILIEN Business\" \/>\n<meta property=\"og:description\" content=\"Der Projektentwickler Senn hat die Baufelder C im Baselink-Areal in Allschwil erworben. Sie umfassen eine Nutzfl\u00e4che von 40.000 qm.\" \/>\n<meta property=\"og:url\" content=\"https:\/\/www.immobilienbusiness.ch\/fr\/regionen\/2022-03-03\/senn-kauft-baufelder-auf-dem-allschwiler-baselink-areal\/\" \/>\n<meta property=\"og:site_name\" content=\"IMMOBILIEN Business\" \/>\n<meta property=\"article:publisher\" content=\"https:\/\/www.facebook.com\/immobilienbusiness\/\" \/>\n<meta property=\"article:published_time\" content=\"2022-03-03T08:20:52+00:00\" \/>\n<meta property=\"article:modified_time\" content=\"2022-03-03T08:33:19+00:00\" \/>\n<meta property=\"og:image\" content=\"https:\/\/www.immobilienbusiness.ch\/wp-content\/uploads\/2022\/03\/BaseLink-Areal-Allschwil.jpg\" \/>\n\t<meta property=\"og:image:width\" content=\"1200\" \/>\n\t<meta property=\"og:image:height\" content=\"800\" \/>\n\t<meta property=\"og:image:type\" content=\"image\/jpeg\" \/>\n<meta name=\"author\" content=\"anja.hall\" \/>\n<meta name=\"twitter:card\" content=\"summary_large_image\" \/>\n<meta name=\"twitter:image\" content=\"https:\/\/www.immobilienbusiness.ch\/wp-content\/uploads\/2022\/03\/BaseLink-Areal-Allschwil.jpg\" \/>\n<script type=\"application\/ld+json\" class=\"yoast-schema-graph\">{\"@context\":\"https:\\\/\\\/schema.org\",\"@graph\":[{\"@type\":\"Article\",\"@id\":\"https:\\\/\\\/www.immobilienbusiness.ch\\\/de\\\/regionen\\\/2022-03-03\\\/senn-kauft-baufelder-auf-dem-allschwiler-baselink-areal\\\/#article\",\"isPartOf\":{\"@id\":\"https:\\\/\\\/www.immobilienbusiness.ch\\\/de\\\/regionen\\\/2022-03-03\\\/senn-kauft-baufelder-auf-dem-allschwiler-baselink-areal\\\/\"},\"author\":{\"name\":\"anja.hall\",\"@id\":\"https:\\\/\\\/www.immobilienbusiness.ch\\\/#\\\/schema\\\/person\\\/3fc036297b10b9f42d6db5ee932af8c8\"},\"headline\":\"Senn kauft Baufelder auf dem Allschwiler Baselink-Areal\",\"datePublished\":\"2022-03-03T08:20:52+00:00\",\"dateModified\":\"2022-03-03T08:33:19+00:00\",\"mainEntityOfPage\":{\"@id\":\"https:\\\/\\\/www.immobilienbusiness.ch\\\/de\\\/regionen\\\/2022-03-03\\\/senn-kauft-baufelder-auf-dem-allschwiler-baselink-areal\\\/\"},\"wordCount\":226,\"publisher\":{\"@id\":\"https:\\\/\\\/www.immobilienbusiness.ch\\\/#organization\"},\"image\":{\"@id\":\"https:\\\/\\\/www.immobilienbusiness.ch\\\/de\\\/regionen\\\/2022-03-03\\\/senn-kauft-baufelder-auf-dem-allschwiler-baselink-areal\\\/#primaryimage\"},\"thumbnailUrl\":\"https:\\\/\\\/www.immobilienbusiness.ch\\\/wp-content\\\/uploads\\\/2022\\\/03\\\/BaseLink-Areal-Allschwil.jpg\",\"keywords\":[\"Basel-Landschaft\",\"Grundst\u00fcckskauf\",\"Projekt in Planung\",\"Projektentwicklung\"],\"articleSection\":[\"REGIONEN\"],\"inLanguage\":\"fr-FR\"},{\"@type\":\"WebPage\",\"@id\":\"https:\\\/\\\/www.immobilienbusiness.ch\\\/de\\\/regionen\\\/2022-03-03\\\/senn-kauft-baufelder-auf-dem-allschwiler-baselink-areal\\\/\",\"url\":\"https:\\\/\\\/www.immobilienbusiness.ch\\\/de\\\/regionen\\\/2022-03-03\\\/senn-kauft-baufelder-auf-dem-allschwiler-baselink-areal\\\/\",\"name\":\"Senn kauft Baufelder auf dem Allschwiler Baselink-Areal - IMMOBILIEN Business\",\"isPartOf\":{\"@id\":\"https:\\\/\\\/www.immobilienbusiness.ch\\\/#website\"},\"primaryImageOfPage\":{\"@id\":\"https:\\\/\\\/www.immobilienbusiness.ch\\\/de\\\/regionen\\\/2022-03-03\\\/senn-kauft-baufelder-auf-dem-allschwiler-baselink-areal\\\/#primaryimage\"},\"image\":{\"@id\":\"https:\\\/\\\/www.immobilienbusiness.ch\\\/de\\\/regionen\\\/2022-03-03\\\/senn-kauft-baufelder-auf-dem-allschwiler-baselink-areal\\\/#primaryimage\"},\"thumbnailUrl\":\"https:\\\/\\\/www.immobilienbusiness.ch\\\/wp-content\\\/uploads\\\/2022\\\/03\\\/BaseLink-Areal-Allschwil.jpg\",\"datePublished\":\"2022-03-03T08:20:52+00:00\",\"dateModified\":\"2022-03-03T08:33:19+00:00\",\"description\":\"Der Projektentwickler Senn hat die Baufelder C im Baselink-Areal in Allschwil erworben. Sie umfassen eine Nutzfl\u00e4che von 40.000 qm.\",\"breadcrumb\":{\"@id\":\"https:\\\/\\\/www.immobilienbusiness.ch\\\/de\\\/regionen\\\/2022-03-03\\\/senn-kauft-baufelder-auf-dem-allschwiler-baselink-areal\\\/#breadcrumb\"},\"inLanguage\":\"fr-FR\",\"potentialAction\":[{\"@type\":\"ReadAction\",\"target\":[\"https:\\\/\\\/www.immobilienbusiness.ch\\\/de\\\/regionen\\\/2022-03-03\\\/senn-kauft-baufelder-auf-dem-allschwiler-baselink-areal\\\/\"]}]},{\"@type\":\"ImageObject\",\"inLanguage\":\"fr-FR\",\"@id\":\"https:\\\/\\\/www.immobilienbusiness.ch\\\/de\\\/regionen\\\/2022-03-03\\\/senn-kauft-baufelder-auf-dem-allschwiler-baselink-areal\\\/#primaryimage\",\"url\":\"https:\\\/\\\/www.immobilienbusiness.ch\\\/wp-content\\\/uploads\\\/2022\\\/03\\\/BaseLink-Areal-Allschwil.jpg\",\"contentUrl\":\"https:\\\/\\\/www.immobilienbusiness.ch\\\/wp-content\\\/uploads\\\/2022\\\/03\\\/BaseLink-Areal-Allschwil.jpg\",\"width\":1200,\"height\":800,\"caption\":\"Das Baselink-Areal in Allschwil (Bild: Erich Meyer)\"},{\"@type\":\"BreadcrumbList\",\"@id\":\"https:\\\/\\\/www.immobilienbusiness.ch\\\/de\\\/regionen\\\/2022-03-03\\\/senn-kauft-baufelder-auf-dem-allschwiler-baselink-areal\\\/#breadcrumb\",\"itemListElement\":[{\"@type\":\"ListItem\",\"position\":1,\"name\":\"Home\",\"item\":\"https:\\\/\\\/www.immobilienbusiness.ch\\\/\"},{\"@type\":\"ListItem\",\"position\":2,\"name\":\"Senn kauft Baufelder auf dem Allschwiler Baselink-Areal\"}]},{\"@type\":\"WebSite\",\"@id\":\"https:\\\/\\\/www.immobilienbusiness.ch\\\/#website\",\"url\":\"https:\\\/\\\/www.immobilienbusiness.ch\\\/\",\"name\":\"IMMOBILIEN Business\",\"description\":\"Unabh\u00e4ngiges Schweizer Wirtschaftsmagazin mit Fokus auf Immobilien, Architektur- und Bau sowie Investment- und Finanzierung.\",\"publisher\":{\"@id\":\"https:\\\/\\\/www.immobilienbusiness.ch\\\/#organization\"},\"potentialAction\":[{\"@type\":\"SearchAction\",\"target\":{\"@type\":\"EntryPoint\",\"urlTemplate\":\"https:\\\/\\\/www.immobilienbusiness.ch\\\/?s={search_term_string}\"},\"query-input\":{\"@type\":\"PropertyValueSpecification\",\"valueRequired\":true,\"valueName\":\"search_term_string\"}}],\"inLanguage\":\"fr-FR\"},{\"@type\":\"Organization\",\"@id\":\"https:\\\/\\\/www.immobilienbusiness.ch\\\/#organization\",\"name\":\"IMMOBILIEN Business\",\"url\":\"https:\\\/\\\/www.immobilienbusiness.ch\\\/\",\"logo\":{\"@type\":\"ImageObject\",\"inLanguage\":\"fr-FR\",\"@id\":\"https:\\\/\\\/www.immobilienbusiness.ch\\\/#\\\/schema\\\/logo\\\/image\\\/\",\"url\":\"https:\\\/\\\/www.immobilienbusiness.ch\\\/wp-content\\\/uploads\\\/2021\\\/07\\\/logo_ib.png\",\"contentUrl\":\"https:\\\/\\\/www.immobilienbusiness.ch\\\/wp-content\\\/uploads\\\/2021\\\/07\\\/logo_ib.png\",\"width\":800,\"height\":181,\"caption\":\"IMMOBILIEN Business\"},\"image\":{\"@id\":\"https:\\\/\\\/www.immobilienbusiness.ch\\\/#\\\/schema\\\/logo\\\/image\\\/\"},\"sameAs\":[\"https:\\\/\\\/www.facebook.com\\\/immobilienbusiness\\\/\"]},{\"@type\":\"Person\",\"@id\":\"https:\\\/\\\/www.immobilienbusiness.ch\\\/#\\\/schema\\\/person\\\/3fc036297b10b9f42d6db5ee932af8c8\",\"name\":\"anja.hall\",\"image\":{\"@type\":\"ImageObject\",\"inLanguage\":\"fr-FR\",\"@id\":\"https:\\\/\\\/secure.gravatar.com\\\/avatar\\\/066b5a0d447013502c71a5782f4f3469f03cfe595cc2329fb94652fe47511bfb?s=96&d=mm&r=g\",\"url\":\"https:\\\/\\\/secure.gravatar.com\\\/avatar\\\/066b5a0d447013502c71a5782f4f3469f03cfe595cc2329fb94652fe47511bfb?s=96&d=mm&r=g\",\"contentUrl\":\"https:\\\/\\\/secure.gravatar.com\\\/avatar\\\/066b5a0d447013502c71a5782f4f3469f03cfe595cc2329fb94652fe47511bfb?s=96&d=mm&r=g\",\"caption\":\"anja.hall\"},\"url\":\"https:\\\/\\\/www.immobilienbusiness.ch\\\/fr\\\/author\\\/anja-hall\\\/\"}]}<\/script>\n<!-- \/ Yoast SEO plugin. -->","yoast_head_json":{"title":"Senn ach\u00e8te des terrains \u00e0 b\u00e2tir sur le site Baselink d'Allschwil - IMMOBILIER Business","description":"Le d\u00e9veloppeur de projets Senn a acquis les parcelles de construction C du Baselink-Areal \u00e0 Allschwil. Ils comprennent une surface utile de 40.000 m\u00b2.","robots":{"index":"index","follow":"follow","max-snippet":"max-snippet:-1","max-image-preview":"max-image-preview:large","max-video-preview":"max-video-preview:-1"},"canonical":"https:\/\/www.immobilienbusiness.ch\/fr\/regionen\/2022-03-03\/senn-kauft-baufelder-auf-dem-allschwiler-baselink-areal\/","og_locale":"fr_FR","og_type":"article","og_title":"Senn kauft Baufelder auf dem Allschwiler Baselink-Areal - IMMOBILIEN Business","og_description":"Der Projektentwickler Senn hat die Baufelder C im Baselink-Areal in Allschwil erworben. Sie umfassen eine Nutzfl\u00e4che von 40.000 qm.","og_url":"https:\/\/www.immobilienbusiness.ch\/fr\/regionen\/2022-03-03\/senn-kauft-baufelder-auf-dem-allschwiler-baselink-areal\/","og_site_name":"IMMOBILIEN Business","article_publisher":"https:\/\/www.facebook.com\/immobilienbusiness\/","article_published_time":"2022-03-03T08:20:52+00:00","article_modified_time":"2022-03-03T08:33:19+00:00","og_image":[{"width":1200,"height":800,"url":"https:\/\/www.immobilienbusiness.ch\/wp-content\/uploads\/2022\/03\/BaseLink-Areal-Allschwil.jpg","type":"image\/jpeg"}],"author":"anja.hall","twitter_card":"summary_large_image","twitter_image":"https:\/\/www.immobilienbusiness.ch\/wp-content\/uploads\/2022\/03\/BaseLink-Areal-Allschwil.jpg","schema":{"@context":"https:\/\/schema.org","@graph":[{"@type":"Article","@id":"https:\/\/www.immobilienbusiness.ch\/de\/regionen\/2022-03-03\/senn-kauft-baufelder-auf-dem-allschwiler-baselink-areal\/#article","isPartOf":{"@id":"https:\/\/www.immobilienbusiness.ch\/de\/regionen\/2022-03-03\/senn-kauft-baufelder-auf-dem-allschwiler-baselink-areal\/"},"author":{"name":"anja.hall","@id":"https:\/\/www.immobilienbusiness.ch\/#\/schema\/person\/3fc036297b10b9f42d6db5ee932af8c8"},"headline":"Senn kauft Baufelder auf dem Allschwiler Baselink-Areal","datePublished":"2022-03-03T08:20:52+00:00","dateModified":"2022-03-03T08:33:19+00:00","mainEntityOfPage":{"@id":"https:\/\/www.immobilienbusiness.ch\/de\/regionen\/2022-03-03\/senn-kauft-baufelder-auf-dem-allschwiler-baselink-areal\/"},"wordCount":226,"publisher":{"@id":"https:\/\/www.immobilienbusiness.ch\/#organization"},"image":{"@id":"https:\/\/www.immobilienbusiness.ch\/de\/regionen\/2022-03-03\/senn-kauft-baufelder-auf-dem-allschwiler-baselink-areal\/#primaryimage"},"thumbnailUrl":"https:\/\/www.immobilienbusiness.ch\/wp-content\/uploads\/2022\/03\/BaseLink-Areal-Allschwil.jpg","keywords":["Basel-Landschaft","Grundst\u00fcckskauf","Projekt in Planung","Projektentwicklung"],"articleSection":["REGIONEN"],"inLanguage":"fr-FR"},{"@type":"WebPage","@id":"https:\/\/www.immobilienbusiness.ch\/de\/regionen\/2022-03-03\/senn-kauft-baufelder-auf-dem-allschwiler-baselink-areal\/","url":"https:\/\/www.immobilienbusiness.ch\/de\/regionen\/2022-03-03\/senn-kauft-baufelder-auf-dem-allschwiler-baselink-areal\/","name":"Senn ach\u00e8te des terrains \u00e0 b\u00e2tir sur le site Baselink d'Allschwil - IMMOBILIER Business","isPartOf":{"@id":"https:\/\/www.immobilienbusiness.ch\/#website"},"primaryImageOfPage":{"@id":"https:\/\/www.immobilienbusiness.ch\/de\/regionen\/2022-03-03\/senn-kauft-baufelder-auf-dem-allschwiler-baselink-areal\/#primaryimage"},"image":{"@id":"https:\/\/www.immobilienbusiness.ch\/de\/regionen\/2022-03-03\/senn-kauft-baufelder-auf-dem-allschwiler-baselink-areal\/#primaryimage"},"thumbnailUrl":"https:\/\/www.immobilienbusiness.ch\/wp-content\/uploads\/2022\/03\/BaseLink-Areal-Allschwil.jpg","datePublished":"2022-03-03T08:20:52+00:00","dateModified":"2022-03-03T08:33:19+00:00","description":"Le d\u00e9veloppeur de projets Senn a acquis les parcelles de construction C du Baselink-Areal \u00e0 Allschwil. Ils comprennent une surface utile de 40.000 m\u00b2.","breadcrumb":{"@id":"https:\/\/www.immobilienbusiness.ch\/de\/regionen\/2022-03-03\/senn-kauft-baufelder-auf-dem-allschwiler-baselink-areal\/#breadcrumb"},"inLanguage":"fr-FR","potentialAction":[{"@type":"ReadAction","target":["https:\/\/www.immobilienbusiness.ch\/de\/regionen\/2022-03-03\/senn-kauft-baufelder-auf-dem-allschwiler-baselink-areal\/"]}]},{"@type":"ImageObject","inLanguage":"fr-FR","@id":"https:\/\/www.immobilienbusiness.ch\/de\/regionen\/2022-03-03\/senn-kauft-baufelder-auf-dem-allschwiler-baselink-areal\/#primaryimage","url":"https:\/\/www.immobilienbusiness.ch\/wp-content\/uploads\/2022\/03\/BaseLink-Areal-Allschwil.jpg","contentUrl":"https:\/\/www.immobilienbusiness.ch\/wp-content\/uploads\/2022\/03\/BaseLink-Areal-Allschwil.jpg","width":1200,"height":800,"caption":"Das Baselink-Areal in Allschwil (Bild: Erich Meyer)"},{"@type":"BreadcrumbList","@id":"https:\/\/www.immobilienbusiness.ch\/de\/regionen\/2022-03-03\/senn-kauft-baufelder-auf-dem-allschwiler-baselink-areal\/#breadcrumb","itemListElement":[{"@type":"ListItem","position":1,"name":"Home","item":"https:\/\/www.immobilienbusiness.ch\/"},{"@type":"ListItem","position":2,"name":"Senn kauft Baufelder auf dem Allschwiler Baselink-Areal"}]},{"@type":"WebSite","@id":"https:\/\/www.immobilienbusiness.ch\/#website","url":"https:\/\/www.immobilienbusiness.ch\/","name":"IMMOBILIER Business","description":"Magazine \u00e9conomique suisse ind\u00e9pendant ax\u00e9 sur l'immobilier, l'architecture et la construction ainsi que sur les investissements et le financement.","publisher":{"@id":"https:\/\/www.immobilienbusiness.ch\/#organization"},"potentialAction":[{"@type":"SearchAction","target":{"@type":"EntryPoint","urlTemplate":"https:\/\/www.immobilienbusiness.ch\/?s={search_term_string}"},"query-input":{"@type":"PropertyValueSpecification","valueRequired":true,"valueName":"search_term_string"}}],"inLanguage":"fr-FR"},{"@type":"Organization","@id":"https:\/\/www.immobilienbusiness.ch\/#organization","name":"IMMOBILIER Business","url":"https:\/\/www.immobilienbusiness.ch\/","logo":{"@type":"ImageObject","inLanguage":"fr-FR","@id":"https:\/\/www.immobilienbusiness.ch\/#\/schema\/logo\/image\/","url":"https:\/\/www.immobilienbusiness.ch\/wp-content\/uploads\/2021\/07\/logo_ib.png","contentUrl":"https:\/\/www.immobilienbusiness.ch\/wp-content\/uploads\/2021\/07\/logo_ib.png","width":800,"height":181,"caption":"IMMOBILIEN Business"},"image":{"@id":"https:\/\/www.immobilienbusiness.ch\/#\/schema\/logo\/image\/"},"sameAs":["https:\/\/www.facebook.com\/immobilienbusiness\/"]},{"@type":"Person","@id":"https:\/\/www.immobilienbusiness.ch\/#\/schema\/person\/3fc036297b10b9f42d6db5ee932af8c8","name":"anja.hall","image":{"@type":"ImageObject","inLanguage":"fr-FR","@id":"https:\/\/secure.gravatar.com\/avatar\/066b5a0d447013502c71a5782f4f3469f03cfe595cc2329fb94652fe47511bfb?s=96&d=mm&r=g","url":"https:\/\/secure.gravatar.com\/avatar\/066b5a0d447013502c71a5782f4f3469f03cfe595cc2329fb94652fe47511bfb?s=96&d=mm&r=g","contentUrl":"https:\/\/secure.gravatar.com\/avatar\/066b5a0d447013502c71a5782f4f3469f03cfe595cc2329fb94652fe47511bfb?s=96&d=mm&r=g","caption":"anja.hall"},"url":"https:\/\/www.immobilienbusiness.ch\/fr\/author\/anja-hall\/"}]}},"_links":{"self":[{"href":"https:\/\/www.immobilienbusiness.ch\/fr\/wp-json\/wp\/v2\/posts\/40213","targetHints":{"allow":["GET"]}}],"collection":[{"href":"https:\/\/www.immobilienbusiness.ch\/fr\/wp-json\/wp\/v2\/posts"}],"about":[{"href":"https:\/\/www.immobilienbusiness.ch\/fr\/wp-json\/wp\/v2\/types\/post"}],"author":[{"embeddable":true,"href":"https:\/\/www.immobilienbusiness.ch\/fr\/wp-json\/wp\/v2\/users\/3"}],"replies":[{"embeddable":true,"href":"https:\/\/www.immobilienbusiness.ch\/fr\/wp-json\/wp\/v2\/comments?post=40213"}],"version-history":[{"count":4,"href":"https:\/\/www.immobilienbusiness.ch\/fr\/wp-json\/wp\/v2\/posts\/40213\/revisions"}],"predecessor-version":[{"id":40225,"href":"https:\/\/www.immobilienbusiness.ch\/fr\/wp-json\/wp\/v2\/posts\/40213\/revisions\/40225"}],"wp:featuredmedia":[{"embeddable":true,"href":"https:\/\/www.immobilienbusiness.ch\/fr\/wp-json\/wp\/v2\/media\/40215"}],"wp:attachment":[{"href":"https:\/\/www.immobilienbusiness.ch\/fr\/wp-json\/wp\/v2\/media?parent=40213"}],"wp:term":[{"taxonomy":"category","embeddable":true,"href":"https:\/\/www.immobilienbusiness.ch\/fr\/wp-json\/wp\/v2\/categories?post=40213"},{"taxonomy":"post_tag","embeddable":true,"href":"https:\/\/www.immobilienbusiness.ch\/fr\/wp-json\/wp\/v2\/tags?post=40213"}],"curies":[{"name":"wp","href":"https:\/\/api.w.org\/{rel}","templated":true}]}}