{"id":40209,"date":"2022-03-03T08:00:54","date_gmt":"2022-03-03T07:00:54","guid":{"rendered":"https:\/\/www.immobilienbusiness.ch\/?p=40209"},"modified":"2022-03-03T09:40:54","modified_gmt":"2022-03-03T08:40:54","slug":"neuzugang-fuer-den-verwaltungsrat-von-allreal","status":"publish","type":"post","link":"https:\/\/www.immobilienbusiness.ch\/fr\/personalia\/2022-03-03\/neuzugang-fuer-den-verwaltungsrat-von-allreal\/","title":{"rendered":"Un nouveau venu au conseil d'administration d'Allreal"},"content":{"rendered":"<div class=\"quickedit-field\" data-quickedit-field-id=\"node\/6891\/field_content\/de\/full\">\n<div>\n<div class=\"paragraph paragraph--type--text paragraph--view-mode--default\" data-quickedit-entity-id=\"paragraph\/7075\" data-quickedit-entity-instance-id=\"0\">\n<div data-quickedit-field-id=\"paragraph\/7075\/field_text\/de\/default\">\n<figure id=\"attachment_19187\" aria-describedby=\"caption-attachment-19187\" style=\"width: 1000px\" class=\"wp-caption alignnone\"><a href=\"https:\/\/www.immobilienbusiness.ch\/wp-content\/uploads\/2019\/11\/Depositphotos_71529275_m-2015.jpg\"><img loading=\"lazy\" decoding=\"async\" class=\"size-full wp-image-19187\" src=\"https:\/\/www.immobilienbusiness.ch\/wp-content\/uploads\/2019\/11\/Depositphotos_71529275_m-2015.jpg\" alt=\"\" width=\"1000\" height=\"654\" srcset=\"https:\/\/www.immobilienbusiness.ch\/wp-content\/uploads\/2019\/11\/Depositphotos_71529275_m-2015.jpg 1000w, https:\/\/www.immobilienbusiness.ch\/wp-content\/uploads\/2019\/11\/Depositphotos_71529275_m-2015-300x196.jpg 300w, https:\/\/www.immobilienbusiness.ch\/wp-content\/uploads\/2019\/11\/Depositphotos_71529275_m-2015-768x502.jpg 768w, https:\/\/www.immobilienbusiness.ch\/wp-content\/uploads\/2019\/11\/Depositphotos_71529275_m-2015-16x10.jpg 16w, https:\/\/www.immobilienbusiness.ch\/wp-content\/uploads\/2019\/11\/Depositphotos_71529275_m-2015-268x175.jpg 268w, https:\/\/www.immobilienbusiness.ch\/wp-content\/uploads\/2019\/11\/Depositphotos_71529275_m-2015-535x350.jpg 535w, https:\/\/www.immobilienbusiness.ch\/wp-content\/uploads\/2019\/11\/Depositphotos_71529275_m-2015-920x602.jpg 920w\" sizes=\"auto, (max-width: 1000px) 100vw, 1000px\" \/><\/a><figcaption id=\"caption-attachment-19187\" class=\"wp-caption-text\">Allreal \u00e9largit son conseil d'administration (source : depositphotos)<\/figcaption><\/figure>\n<p>Le conseil d'administration d'Allreal Holding propose \u00e0 l'assembl\u00e9e g\u00e9n\u00e9rale du 8 avril 2022 d'\u00e9lire Anja Wyden Guelpa (n\u00e9e en 1973) en tant que membre du conseil d'administration. Elle est fondatrice et Chief Executive Officer de l'entreprise de conseil et de coaching Civic Lab. Outre ses connaissances en mati\u00e8re de d\u00e9veloppement du personnel et de l'organisation, elle dispose d'une longue exp\u00e9rience dans la gestion des processus de changement et le d\u00e9veloppement des cultures d'entreprise, pr\u00e9cise Allreal.<\/p>\n<p>En outre, en tant qu'ancienne chanceli\u00e8re d'\u00c9tat du canton de Gen\u00e8ve de 2009 \u00e0 2018, Anja Wyden Guelpa conna\u00eet parfaitement les processus politiques et les conditions-cadres en Suisse romande. Elle est membre du conseil d'administration de la Banque Cantonale du Valais ainsi que de la Mobili\u00e8re Suisse Soci\u00e9t\u00e9 Coop\u00e9rative et s'engage dans diff\u00e9rentes associations et fondations.<\/p>\n<p>L'\u00e9lection d'Anja Wyden Guelpa permet de \"compl\u00e9ter de mani\u00e8re optimale les comp\u00e9tences au sein du conseil d'administration et de souligner la pertinence strat\u00e9gique de l'expansion en Suisse romande\", communique Allreal. <a href=\"https:\/\/www.immobilienbusiness.ch\/fr\/unternehmen\/2021-09-17\/allreal-grossuebernahme-in-der-westschweiz\/\">La soci\u00e9t\u00e9 immobili\u00e8re avait rachet\u00e9 l'automne dernier Immosynergies et, avec elle, un important portefeuille d'immeubles de placement et de d\u00e9veloppement en Suisse romande. <\/a><em>(ah)<\/em><\/p>\n<\/div>\n<\/div>\n<\/div>\n<\/div>","protected":false},"excerpt":{"rendered":"<p>Anja Wyden Guelpa doit \u00eatre \u00e9lue au conseil d'administration d'Allreal. Cette d\u00e9cision est motiv\u00e9e par la r\u00e9cente expansion de l'entreprise immobili\u00e8re en Suisse romande.<\/p>","protected":false},"author":3,"featured_media":19187,"comment_status":"closed","ping_status":"closed","sticky":false,"template":"","format":"standard","meta":{"_acf_changed":false,"_yoast_wpseo_focuskw":"Allreal","_yoast_wpseo_title":"","_yoast_wpseo_metadesc":"Anja Wyden Guelpa soll in den Verwaltungsrat von Allreal gew\u00e4hlt werden. Hintergrund ist die Expansion des Immobilienunternehmens in die Westschweiz.","_yoast_wpseo_linkdex":55,"pgc_sgb_lightbox_settings":"","footnotes":""},"categories":[1912],"tags":[1014,1563,1834],"class_list":["post-40209","post","type-post","status-publish","format-standard","has-post-thumbnail","hentry","category-personalia","tag-allreal-holding","tag-personalia","tag-verwaltungsrat"],"acf":[],"yoast_head":"<!-- This site is optimized with the Yoast SEO plugin v27.4 - https:\/\/yoast.com\/product\/yoast-seo-wordpress\/ -->\n<title>Neuzugang f\u00fcr den Verwaltungsrat von Allreal - IMMOBILIEN Business<\/title>\n<meta name=\"description\" content=\"Anja Wyden Guelpa soll in den Verwaltungsrat von Allreal gew\u00e4hlt werden. Hintergrund ist die Expansion des Immobilienunternehmens in die Westschweiz.\" \/>\n<meta name=\"robots\" content=\"index, follow, max-snippet:-1, max-image-preview:large, max-video-preview:-1\" \/>\n<link rel=\"canonical\" href=\"https:\/\/www.immobilienbusiness.ch\/fr\/personalia\/2022-03-03\/neuzugang-fuer-den-verwaltungsrat-von-allreal\/\" \/>\n<meta property=\"og:locale\" content=\"fr_FR\" \/>\n<meta property=\"og:type\" content=\"article\" \/>\n<meta property=\"og:title\" content=\"Neuzugang f\u00fcr den Verwaltungsrat von Allreal - IMMOBILIEN Business\" \/>\n<meta property=\"og:description\" content=\"Anja Wyden Guelpa soll in den Verwaltungsrat von Allreal gew\u00e4hlt werden. Hintergrund ist die Expansion des Immobilienunternehmens in die Westschweiz.\" \/>\n<meta property=\"og:url\" content=\"https:\/\/www.immobilienbusiness.ch\/fr\/personalia\/2022-03-03\/neuzugang-fuer-den-verwaltungsrat-von-allreal\/\" \/>\n<meta property=\"og:site_name\" content=\"IMMOBILIEN Business\" \/>\n<meta property=\"article:publisher\" content=\"https:\/\/www.facebook.com\/immobilienbusiness\/\" \/>\n<meta property=\"article:published_time\" content=\"2022-03-03T07:00:54+00:00\" \/>\n<meta property=\"article:modified_time\" content=\"2022-03-03T08:40:54+00:00\" \/>\n<meta property=\"og:image\" content=\"https:\/\/www.immobilienbusiness.ch\/wp-content\/uploads\/2019\/11\/Depositphotos_71529275_m-2015.jpg\" \/>\n\t<meta property=\"og:image:width\" content=\"1000\" \/>\n\t<meta property=\"og:image:height\" content=\"654\" \/>\n\t<meta property=\"og:image:type\" content=\"image\/jpeg\" \/>\n<meta name=\"author\" content=\"anja.hall\" \/>\n<meta name=\"twitter:card\" content=\"summary_large_image\" \/>\n<meta name=\"twitter:image\" content=\"https:\/\/www.immobilienbusiness.ch\/wp-content\/uploads\/2019\/11\/Depositphotos_71529275_m-2015.jpg\" \/>\n<script type=\"application\/ld+json\" class=\"yoast-schema-graph\">{\"@context\":\"https:\\\/\\\/schema.org\",\"@graph\":[{\"@type\":\"Article\",\"@id\":\"https:\\\/\\\/www.immobilienbusiness.ch\\\/it\\\/personalia\\\/2022-03-03\\\/neuzugang-fuer-den-verwaltungsrat-von-allreal\\\/#article\",\"isPartOf\":{\"@id\":\"https:\\\/\\\/www.immobilienbusiness.ch\\\/it\\\/personalia\\\/2022-03-03\\\/neuzugang-fuer-den-verwaltungsrat-von-allreal\\\/\"},\"author\":{\"name\":\"anja.hall\",\"@id\":\"https:\\\/\\\/www.immobilienbusiness.ch\\\/#\\\/schema\\\/person\\\/3fc036297b10b9f42d6db5ee932af8c8\"},\"headline\":\"Neuzugang f\u00fcr den Verwaltungsrat von Allreal\",\"datePublished\":\"2022-03-03T07:00:54+00:00\",\"dateModified\":\"2022-03-03T08:40:54+00:00\",\"mainEntityOfPage\":{\"@id\":\"https:\\\/\\\/www.immobilienbusiness.ch\\\/it\\\/personalia\\\/2022-03-03\\\/neuzugang-fuer-den-verwaltungsrat-von-allreal\\\/\"},\"wordCount\":182,\"publisher\":{\"@id\":\"https:\\\/\\\/www.immobilienbusiness.ch\\\/#organization\"},\"image\":{\"@id\":\"https:\\\/\\\/www.immobilienbusiness.ch\\\/it\\\/personalia\\\/2022-03-03\\\/neuzugang-fuer-den-verwaltungsrat-von-allreal\\\/#primaryimage\"},\"thumbnailUrl\":\"https:\\\/\\\/www.immobilienbusiness.ch\\\/wp-content\\\/uploads\\\/2019\\\/11\\\/Depositphotos_71529275_m-2015.jpg\",\"keywords\":[\"Allreal Holding\",\"Personalia\",\"Verwaltungsrat\"],\"articleSection\":[\"PERSONALIA\"],\"inLanguage\":\"fr-FR\"},{\"@type\":\"WebPage\",\"@id\":\"https:\\\/\\\/www.immobilienbusiness.ch\\\/it\\\/personalia\\\/2022-03-03\\\/neuzugang-fuer-den-verwaltungsrat-von-allreal\\\/\",\"url\":\"https:\\\/\\\/www.immobilienbusiness.ch\\\/it\\\/personalia\\\/2022-03-03\\\/neuzugang-fuer-den-verwaltungsrat-von-allreal\\\/\",\"name\":\"Neuzugang f\u00fcr den Verwaltungsrat von Allreal - IMMOBILIEN Business\",\"isPartOf\":{\"@id\":\"https:\\\/\\\/www.immobilienbusiness.ch\\\/#website\"},\"primaryImageOfPage\":{\"@id\":\"https:\\\/\\\/www.immobilienbusiness.ch\\\/it\\\/personalia\\\/2022-03-03\\\/neuzugang-fuer-den-verwaltungsrat-von-allreal\\\/#primaryimage\"},\"image\":{\"@id\":\"https:\\\/\\\/www.immobilienbusiness.ch\\\/it\\\/personalia\\\/2022-03-03\\\/neuzugang-fuer-den-verwaltungsrat-von-allreal\\\/#primaryimage\"},\"thumbnailUrl\":\"https:\\\/\\\/www.immobilienbusiness.ch\\\/wp-content\\\/uploads\\\/2019\\\/11\\\/Depositphotos_71529275_m-2015.jpg\",\"datePublished\":\"2022-03-03T07:00:54+00:00\",\"dateModified\":\"2022-03-03T08:40:54+00:00\",\"description\":\"Anja Wyden Guelpa soll in den Verwaltungsrat von Allreal gew\u00e4hlt werden. Hintergrund ist die Expansion des Immobilienunternehmens in die Westschweiz.\",\"breadcrumb\":{\"@id\":\"https:\\\/\\\/www.immobilienbusiness.ch\\\/it\\\/personalia\\\/2022-03-03\\\/neuzugang-fuer-den-verwaltungsrat-von-allreal\\\/#breadcrumb\"},\"inLanguage\":\"fr-FR\",\"potentialAction\":[{\"@type\":\"ReadAction\",\"target\":[\"https:\\\/\\\/www.immobilienbusiness.ch\\\/it\\\/personalia\\\/2022-03-03\\\/neuzugang-fuer-den-verwaltungsrat-von-allreal\\\/\"]}]},{\"@type\":\"ImageObject\",\"inLanguage\":\"fr-FR\",\"@id\":\"https:\\\/\\\/www.immobilienbusiness.ch\\\/it\\\/personalia\\\/2022-03-03\\\/neuzugang-fuer-den-verwaltungsrat-von-allreal\\\/#primaryimage\",\"url\":\"https:\\\/\\\/www.immobilienbusiness.ch\\\/wp-content\\\/uploads\\\/2019\\\/11\\\/Depositphotos_71529275_m-2015.jpg\",\"contentUrl\":\"https:\\\/\\\/www.immobilienbusiness.ch\\\/wp-content\\\/uploads\\\/2019\\\/11\\\/Depositphotos_71529275_m-2015.jpg\",\"width\":1000,\"height\":654,\"caption\":\"Die Z\u00fcrich Anlagestiftung vermeldet eine personelle Ver\u00e4nderung (Bild: Depositphotos)\"},{\"@type\":\"BreadcrumbList\",\"@id\":\"https:\\\/\\\/www.immobilienbusiness.ch\\\/it\\\/personalia\\\/2022-03-03\\\/neuzugang-fuer-den-verwaltungsrat-von-allreal\\\/#breadcrumb\",\"itemListElement\":[{\"@type\":\"ListItem\",\"position\":1,\"name\":\"Home\",\"item\":\"https:\\\/\\\/www.immobilienbusiness.ch\\\/\"},{\"@type\":\"ListItem\",\"position\":2,\"name\":\"Neuzugang f\u00fcr den Verwaltungsrat von Allreal\"}]},{\"@type\":\"WebSite\",\"@id\":\"https:\\\/\\\/www.immobilienbusiness.ch\\\/#website\",\"url\":\"https:\\\/\\\/www.immobilienbusiness.ch\\\/\",\"name\":\"IMMOBILIEN Business\",\"description\":\"Unabh\u00e4ngiges Schweizer Wirtschaftsmagazin mit Fokus auf Immobilien, Architektur- und Bau sowie Investment- und Finanzierung.\",\"publisher\":{\"@id\":\"https:\\\/\\\/www.immobilienbusiness.ch\\\/#organization\"},\"potentialAction\":[{\"@type\":\"SearchAction\",\"target\":{\"@type\":\"EntryPoint\",\"urlTemplate\":\"https:\\\/\\\/www.immobilienbusiness.ch\\\/?s={search_term_string}\"},\"query-input\":{\"@type\":\"PropertyValueSpecification\",\"valueRequired\":true,\"valueName\":\"search_term_string\"}}],\"inLanguage\":\"fr-FR\"},{\"@type\":\"Organization\",\"@id\":\"https:\\\/\\\/www.immobilienbusiness.ch\\\/#organization\",\"name\":\"IMMOBILIEN Business\",\"url\":\"https:\\\/\\\/www.immobilienbusiness.ch\\\/\",\"logo\":{\"@type\":\"ImageObject\",\"inLanguage\":\"fr-FR\",\"@id\":\"https:\\\/\\\/www.immobilienbusiness.ch\\\/#\\\/schema\\\/logo\\\/image\\\/\",\"url\":\"https:\\\/\\\/www.immobilienbusiness.ch\\\/wp-content\\\/uploads\\\/2021\\\/07\\\/logo_ib.png\",\"contentUrl\":\"https:\\\/\\\/www.immobilienbusiness.ch\\\/wp-content\\\/uploads\\\/2021\\\/07\\\/logo_ib.png\",\"width\":800,\"height\":181,\"caption\":\"IMMOBILIEN Business\"},\"image\":{\"@id\":\"https:\\\/\\\/www.immobilienbusiness.ch\\\/#\\\/schema\\\/logo\\\/image\\\/\"},\"sameAs\":[\"https:\\\/\\\/www.facebook.com\\\/immobilienbusiness\\\/\"]},{\"@type\":\"Person\",\"@id\":\"https:\\\/\\\/www.immobilienbusiness.ch\\\/#\\\/schema\\\/person\\\/3fc036297b10b9f42d6db5ee932af8c8\",\"name\":\"anja.hall\",\"image\":{\"@type\":\"ImageObject\",\"inLanguage\":\"fr-FR\",\"@id\":\"https:\\\/\\\/secure.gravatar.com\\\/avatar\\\/066b5a0d447013502c71a5782f4f3469f03cfe595cc2329fb94652fe47511bfb?s=96&d=mm&r=g\",\"url\":\"https:\\\/\\\/secure.gravatar.com\\\/avatar\\\/066b5a0d447013502c71a5782f4f3469f03cfe595cc2329fb94652fe47511bfb?s=96&d=mm&r=g\",\"contentUrl\":\"https:\\\/\\\/secure.gravatar.com\\\/avatar\\\/066b5a0d447013502c71a5782f4f3469f03cfe595cc2329fb94652fe47511bfb?s=96&d=mm&r=g\",\"caption\":\"anja.hall\"},\"url\":\"https:\\\/\\\/www.immobilienbusiness.ch\\\/fr\\\/author\\\/anja-hall\\\/\"}]}<\/script>\n<!-- \/ Yoast SEO plugin. -->","yoast_head_json":{"title":"Neuzugang f\u00fcr den Verwaltungsrat von Allreal - IMMOBILIEN Business","description":"Anja Wyden Guelpa soll in den Verwaltungsrat von Allreal gew\u00e4hlt werden. Hintergrund ist die Expansion des Immobilienunternehmens in die Westschweiz.","robots":{"index":"index","follow":"follow","max-snippet":"max-snippet:-1","max-image-preview":"max-image-preview:large","max-video-preview":"max-video-preview:-1"},"canonical":"https:\/\/www.immobilienbusiness.ch\/fr\/personalia\/2022-03-03\/neuzugang-fuer-den-verwaltungsrat-von-allreal\/","og_locale":"fr_FR","og_type":"article","og_title":"Neuzugang f\u00fcr den Verwaltungsrat von Allreal - IMMOBILIEN Business","og_description":"Anja Wyden Guelpa soll in den Verwaltungsrat von Allreal gew\u00e4hlt werden. Hintergrund ist die Expansion des Immobilienunternehmens in die Westschweiz.","og_url":"https:\/\/www.immobilienbusiness.ch\/fr\/personalia\/2022-03-03\/neuzugang-fuer-den-verwaltungsrat-von-allreal\/","og_site_name":"IMMOBILIEN Business","article_publisher":"https:\/\/www.facebook.com\/immobilienbusiness\/","article_published_time":"2022-03-03T07:00:54+00:00","article_modified_time":"2022-03-03T08:40:54+00:00","og_image":[{"width":1000,"height":654,"url":"https:\/\/www.immobilienbusiness.ch\/wp-content\/uploads\/2019\/11\/Depositphotos_71529275_m-2015.jpg","type":"image\/jpeg"}],"author":"anja.hall","twitter_card":"summary_large_image","twitter_image":"https:\/\/www.immobilienbusiness.ch\/wp-content\/uploads\/2019\/11\/Depositphotos_71529275_m-2015.jpg","schema":{"@context":"https:\/\/schema.org","@graph":[{"@type":"Article","@id":"https:\/\/www.immobilienbusiness.ch\/it\/personalia\/2022-03-03\/neuzugang-fuer-den-verwaltungsrat-von-allreal\/#article","isPartOf":{"@id":"https:\/\/www.immobilienbusiness.ch\/it\/personalia\/2022-03-03\/neuzugang-fuer-den-verwaltungsrat-von-allreal\/"},"author":{"name":"anja.hall","@id":"https:\/\/www.immobilienbusiness.ch\/#\/schema\/person\/3fc036297b10b9f42d6db5ee932af8c8"},"headline":"Neuzugang f\u00fcr den Verwaltungsrat von Allreal","datePublished":"2022-03-03T07:00:54+00:00","dateModified":"2022-03-03T08:40:54+00:00","mainEntityOfPage":{"@id":"https:\/\/www.immobilienbusiness.ch\/it\/personalia\/2022-03-03\/neuzugang-fuer-den-verwaltungsrat-von-allreal\/"},"wordCount":182,"publisher":{"@id":"https:\/\/www.immobilienbusiness.ch\/#organization"},"image":{"@id":"https:\/\/www.immobilienbusiness.ch\/it\/personalia\/2022-03-03\/neuzugang-fuer-den-verwaltungsrat-von-allreal\/#primaryimage"},"thumbnailUrl":"https:\/\/www.immobilienbusiness.ch\/wp-content\/uploads\/2019\/11\/Depositphotos_71529275_m-2015.jpg","keywords":["Allreal Holding","Personalia","Verwaltungsrat"],"articleSection":["PERSONALIA"],"inLanguage":"fr-FR"},{"@type":"WebPage","@id":"https:\/\/www.immobilienbusiness.ch\/it\/personalia\/2022-03-03\/neuzugang-fuer-den-verwaltungsrat-von-allreal\/","url":"https:\/\/www.immobilienbusiness.ch\/it\/personalia\/2022-03-03\/neuzugang-fuer-den-verwaltungsrat-von-allreal\/","name":"Neuzugang f\u00fcr den Verwaltungsrat von Allreal - IMMOBILIEN Business","isPartOf":{"@id":"https:\/\/www.immobilienbusiness.ch\/#website"},"primaryImageOfPage":{"@id":"https:\/\/www.immobilienbusiness.ch\/it\/personalia\/2022-03-03\/neuzugang-fuer-den-verwaltungsrat-von-allreal\/#primaryimage"},"image":{"@id":"https:\/\/www.immobilienbusiness.ch\/it\/personalia\/2022-03-03\/neuzugang-fuer-den-verwaltungsrat-von-allreal\/#primaryimage"},"thumbnailUrl":"https:\/\/www.immobilienbusiness.ch\/wp-content\/uploads\/2019\/11\/Depositphotos_71529275_m-2015.jpg","datePublished":"2022-03-03T07:00:54+00:00","dateModified":"2022-03-03T08:40:54+00:00","description":"Anja Wyden Guelpa soll in den Verwaltungsrat von Allreal gew\u00e4hlt werden. Hintergrund ist die Expansion des Immobilienunternehmens in die Westschweiz.","breadcrumb":{"@id":"https:\/\/www.immobilienbusiness.ch\/it\/personalia\/2022-03-03\/neuzugang-fuer-den-verwaltungsrat-von-allreal\/#breadcrumb"},"inLanguage":"fr-FR","potentialAction":[{"@type":"ReadAction","target":["https:\/\/www.immobilienbusiness.ch\/it\/personalia\/2022-03-03\/neuzugang-fuer-den-verwaltungsrat-von-allreal\/"]}]},{"@type":"ImageObject","inLanguage":"fr-FR","@id":"https:\/\/www.immobilienbusiness.ch\/it\/personalia\/2022-03-03\/neuzugang-fuer-den-verwaltungsrat-von-allreal\/#primaryimage","url":"https:\/\/www.immobilienbusiness.ch\/wp-content\/uploads\/2019\/11\/Depositphotos_71529275_m-2015.jpg","contentUrl":"https:\/\/www.immobilienbusiness.ch\/wp-content\/uploads\/2019\/11\/Depositphotos_71529275_m-2015.jpg","width":1000,"height":654,"caption":"Die Z\u00fcrich Anlagestiftung vermeldet eine personelle Ver\u00e4nderung (Bild: Depositphotos)"},{"@type":"BreadcrumbList","@id":"https:\/\/www.immobilienbusiness.ch\/it\/personalia\/2022-03-03\/neuzugang-fuer-den-verwaltungsrat-von-allreal\/#breadcrumb","itemListElement":[{"@type":"ListItem","position":1,"name":"Home","item":"https:\/\/www.immobilienbusiness.ch\/"},{"@type":"ListItem","position":2,"name":"Neuzugang f\u00fcr den Verwaltungsrat von Allreal"}]},{"@type":"WebSite","@id":"https:\/\/www.immobilienbusiness.ch\/#website","url":"https:\/\/www.immobilienbusiness.ch\/","name":"IMMOBILIER Business","description":"Magazine \u00e9conomique suisse ind\u00e9pendant ax\u00e9 sur l'immobilier, l'architecture et la construction ainsi que sur les investissements et le financement.","publisher":{"@id":"https:\/\/www.immobilienbusiness.ch\/#organization"},"potentialAction":[{"@type":"SearchAction","target":{"@type":"EntryPoint","urlTemplate":"https:\/\/www.immobilienbusiness.ch\/?s={search_term_string}"},"query-input":{"@type":"PropertyValueSpecification","valueRequired":true,"valueName":"search_term_string"}}],"inLanguage":"fr-FR"},{"@type":"Organization","@id":"https:\/\/www.immobilienbusiness.ch\/#organization","name":"IMMOBILIER Business","url":"https:\/\/www.immobilienbusiness.ch\/","logo":{"@type":"ImageObject","inLanguage":"fr-FR","@id":"https:\/\/www.immobilienbusiness.ch\/#\/schema\/logo\/image\/","url":"https:\/\/www.immobilienbusiness.ch\/wp-content\/uploads\/2021\/07\/logo_ib.png","contentUrl":"https:\/\/www.immobilienbusiness.ch\/wp-content\/uploads\/2021\/07\/logo_ib.png","width":800,"height":181,"caption":"IMMOBILIEN Business"},"image":{"@id":"https:\/\/www.immobilienbusiness.ch\/#\/schema\/logo\/image\/"},"sameAs":["https:\/\/www.facebook.com\/immobilienbusiness\/"]},{"@type":"Person","@id":"https:\/\/www.immobilienbusiness.ch\/#\/schema\/person\/3fc036297b10b9f42d6db5ee932af8c8","name":"anja.hall","image":{"@type":"ImageObject","inLanguage":"fr-FR","@id":"https:\/\/secure.gravatar.com\/avatar\/066b5a0d447013502c71a5782f4f3469f03cfe595cc2329fb94652fe47511bfb?s=96&d=mm&r=g","url":"https:\/\/secure.gravatar.com\/avatar\/066b5a0d447013502c71a5782f4f3469f03cfe595cc2329fb94652fe47511bfb?s=96&d=mm&r=g","contentUrl":"https:\/\/secure.gravatar.com\/avatar\/066b5a0d447013502c71a5782f4f3469f03cfe595cc2329fb94652fe47511bfb?s=96&d=mm&r=g","caption":"anja.hall"},"url":"https:\/\/www.immobilienbusiness.ch\/fr\/author\/anja-hall\/"}]}},"_links":{"self":[{"href":"https:\/\/www.immobilienbusiness.ch\/fr\/wp-json\/wp\/v2\/posts\/40209","targetHints":{"allow":["GET"]}}],"collection":[{"href":"https:\/\/www.immobilienbusiness.ch\/fr\/wp-json\/wp\/v2\/posts"}],"about":[{"href":"https:\/\/www.immobilienbusiness.ch\/fr\/wp-json\/wp\/v2\/types\/post"}],"author":[{"embeddable":true,"href":"https:\/\/www.immobilienbusiness.ch\/fr\/wp-json\/wp\/v2\/users\/3"}],"replies":[{"embeddable":true,"href":"https:\/\/www.immobilienbusiness.ch\/fr\/wp-json\/wp\/v2\/comments?post=40209"}],"version-history":[{"count":2,"href":"https:\/\/www.immobilienbusiness.ch\/fr\/wp-json\/wp\/v2\/posts\/40209\/revisions"}],"predecessor-version":[{"id":40229,"href":"https:\/\/www.immobilienbusiness.ch\/fr\/wp-json\/wp\/v2\/posts\/40209\/revisions\/40229"}],"wp:featuredmedia":[{"embeddable":true,"href":"https:\/\/www.immobilienbusiness.ch\/fr\/wp-json\/wp\/v2\/media\/19187"}],"wp:attachment":[{"href":"https:\/\/www.immobilienbusiness.ch\/fr\/wp-json\/wp\/v2\/media?parent=40209"}],"wp:term":[{"taxonomy":"category","embeddable":true,"href":"https:\/\/www.immobilienbusiness.ch\/fr\/wp-json\/wp\/v2\/categories?post=40209"},{"taxonomy":"post_tag","embeddable":true,"href":"https:\/\/www.immobilienbusiness.ch\/fr\/wp-json\/wp\/v2\/tags?post=40209"}],"curies":[{"name":"wp","href":"https:\/\/api.w.org\/{rel}","templated":true}]}}