{"id":40190,"date":"2022-03-01T08:37:39","date_gmt":"2022-03-01T07:37:39","guid":{"rendered":"https:\/\/www.immobilienbusiness.ch\/?p=40190"},"modified":"2022-03-03T16:42:52","modified_gmt":"2022-03-03T15:42:52","slug":"erste-etappe-der-ueberbauung-bruggenwies-in-st-gallen-ist-fertig","status":"publish","type":"post","link":"https:\/\/www.immobilienbusiness.ch\/fr\/regionen\/2022-03-01\/erste-etappe-der-ueberbauung-bruggenwies-in-st-gallen-ist-fertig\/","title":{"rendered":"La premi\u00e8re \u00e9tape du lotissement Bruggenwies \u00e0 Saint-Gall est termin\u00e9e"},"content":{"rendered":"<figure id=\"attachment_40191\" aria-describedby=\"caption-attachment-40191\" style=\"width: 1200px\" class=\"wp-caption alignnone\"><a href=\"https:\/\/www.immobilienbusiness.ch\/wp-content\/uploads\/2022\/03\/Visu_aussen.jpg\"><img loading=\"lazy\" decoding=\"async\" class=\"size-full wp-image-40191\" src=\"https:\/\/www.immobilienbusiness.ch\/wp-content\/uploads\/2022\/03\/Visu_aussen.jpg\" alt=\"\" width=\"1200\" height=\"800\" srcset=\"https:\/\/www.immobilienbusiness.ch\/wp-content\/uploads\/2022\/03\/Visu_aussen.jpg 1200w, https:\/\/www.immobilienbusiness.ch\/wp-content\/uploads\/2022\/03\/Visu_aussen-300x200.jpg 300w, https:\/\/www.immobilienbusiness.ch\/wp-content\/uploads\/2022\/03\/Visu_aussen-1024x683.jpg 1024w, https:\/\/www.immobilienbusiness.ch\/wp-content\/uploads\/2022\/03\/Visu_aussen-768x512.jpg 768w, https:\/\/www.immobilienbusiness.ch\/wp-content\/uploads\/2022\/03\/Visu_aussen-18x12.jpg 18w, https:\/\/www.immobilienbusiness.ch\/wp-content\/uploads\/2022\/03\/Visu_aussen-263x175.jpg 263w, https:\/\/www.immobilienbusiness.ch\/wp-content\/uploads\/2022\/03\/Visu_aussen-525x350.jpg 525w, https:\/\/www.immobilienbusiness.ch\/wp-content\/uploads\/2022\/03\/Visu_aussen-920x613.jpg 920w\" sizes=\"auto, (max-width: 1200px) 100vw, 1200px\" \/><\/a><figcaption id=\"caption-attachment-40191\" class=\"wp-caption-text\">Azemos Property construit un complexe r\u00e9sidentiel \u00e0 Saint-Gall (source : Azemos Property)<\/figcaption><\/figure>\n<p>La soci\u00e9t\u00e9 Azemos Property AG de Frauenfeld a achev\u00e9 la premi\u00e8re \u00e9tape du lotissement Bruggenwies, situ\u00e9 \u00e0 la Z\u00fcrcherstrasse 242B \u00e0 Saint-Gall, qui comprend 24 appartements \u00e0 louer (de 1,5 \u00e0 3,5 pi\u00e8ces). Tous les appartements sont d\u00e9sormais lou\u00e9s, communique la soci\u00e9t\u00e9 immobili\u00e8re.<\/p>\n<p>L'investisseur final est Sustainable Real Estate Investments SICAV ; Edmond de Rotschild REIM a agi en tant que gestionnaire de la transaction pour la SICAV. Le mandat de fiduciaire du ma\u00eetre d'ouvrage ainsi que la premi\u00e8re location ont \u00e9t\u00e9 r\u00e9alis\u00e9s par Kuoni Mueller und Partner.<\/p>\n<p>Selon Azemos Property, les \u00e9tapes 2 et 3 du lotissement sont actuellement en phase d'autorisation. <em>(ah)<\/em><\/p>","protected":false},"excerpt":{"rendered":"<p>Dans le quartier saint-gallois de Bruggen, la premi\u00e8re \u00e9tape du lotissement Bruggenwies a \u00e9t\u00e9 achev\u00e9e. Azemos Property r\u00e9alise le projet.<\/p>","protected":false},"author":3,"featured_media":40191,"comment_status":"closed","ping_status":"closed","sticky":false,"template":"","format":"standard","meta":{"_acf_changed":false,"_yoast_wpseo_focuskw":"Bruggenwies","_yoast_wpseo_title":"","_yoast_wpseo_metadesc":"Im St. Galler Quartier Bruggen ist die erste Etappe der \u00dcberbauung Bruggenwies fertiggestellt worden. Azemos Property realisiert das Projekt.","_yoast_wpseo_linkdex":49,"pgc_sgb_lightbox_settings":"","footnotes":""},"categories":[985],"tags":[1219,1722,1863],"class_list":["post-40190","post","type-post","status-publish","format-standard","has-post-thumbnail","hentry","category-regionen","tag-fertigstellung","tag-st-gallen","tag-wohnimmobilien"],"acf":[],"yoast_head":"<!-- This site is optimized with the Yoast SEO plugin v27.5 - https:\/\/yoast.com\/product\/yoast-seo-wordpress\/ -->\n<title>Erste Etappe der \u00dcberbauung Bruggenwies in St. Gallen ist fertig - IMMOBILIEN Business<\/title>\n<meta name=\"description\" content=\"Im St. Galler Quartier Bruggen ist die erste Etappe der \u00dcberbauung Bruggenwies fertiggestellt worden. Azemos Property realisiert das Projekt.\" \/>\n<meta name=\"robots\" content=\"index, follow, max-snippet:-1, max-image-preview:large, max-video-preview:-1\" \/>\n<link rel=\"canonical\" href=\"https:\/\/www.immobilienbusiness.ch\/fr\/regionen\/2022-03-01\/erste-etappe-der-ueberbauung-bruggenwies-in-st-gallen-ist-fertig\/\" \/>\n<meta property=\"og:locale\" content=\"fr_FR\" \/>\n<meta property=\"og:type\" content=\"article\" \/>\n<meta property=\"og:title\" content=\"Erste Etappe der \u00dcberbauung Bruggenwies in St. Gallen ist fertig - IMMOBILIEN Business\" \/>\n<meta property=\"og:description\" content=\"Im St. Galler Quartier Bruggen ist die erste Etappe der \u00dcberbauung Bruggenwies fertiggestellt worden. Azemos Property realisiert das Projekt.\" \/>\n<meta property=\"og:url\" content=\"https:\/\/www.immobilienbusiness.ch\/fr\/regionen\/2022-03-01\/erste-etappe-der-ueberbauung-bruggenwies-in-st-gallen-ist-fertig\/\" \/>\n<meta property=\"og:site_name\" content=\"IMMOBILIEN Business\" \/>\n<meta property=\"article:publisher\" content=\"https:\/\/www.facebook.com\/immobilienbusiness\/\" \/>\n<meta property=\"article:published_time\" content=\"2022-03-01T07:37:39+00:00\" \/>\n<meta property=\"article:modified_time\" content=\"2022-03-03T15:42:52+00:00\" \/>\n<meta property=\"og:image\" content=\"https:\/\/www.immobilienbusiness.ch\/wp-content\/uploads\/2022\/03\/Visu_aussen.jpg\" \/>\n\t<meta property=\"og:image:width\" content=\"1200\" \/>\n\t<meta property=\"og:image:height\" content=\"800\" \/>\n\t<meta property=\"og:image:type\" content=\"image\/jpeg\" \/>\n<meta name=\"author\" content=\"anja.hall\" \/>\n<meta name=\"twitter:card\" content=\"summary_large_image\" \/>\n<meta name=\"twitter:image\" content=\"https:\/\/www.immobilienbusiness.ch\/wp-content\/uploads\/2022\/03\/Visu_aussen.jpg\" \/>\n<script type=\"application\/ld+json\" class=\"yoast-schema-graph\">{\"@context\":\"https:\\\/\\\/schema.org\",\"@graph\":[{\"@type\":\"Article\",\"@id\":\"https:\\\/\\\/www.immobilienbusiness.ch\\\/en\\\/regionen\\\/2022-03-01\\\/erste-etappe-der-ueberbauung-bruggenwies-in-st-gallen-ist-fertig\\\/#article\",\"isPartOf\":{\"@id\":\"https:\\\/\\\/www.immobilienbusiness.ch\\\/en\\\/regionen\\\/2022-03-01\\\/erste-etappe-der-ueberbauung-bruggenwies-in-st-gallen-ist-fertig\\\/\"},\"author\":{\"name\":\"anja.hall\",\"@id\":\"https:\\\/\\\/www.immobilienbusiness.ch\\\/#\\\/schema\\\/person\\\/3fc036297b10b9f42d6db5ee932af8c8\"},\"headline\":\"Erste Etappe der \u00dcberbauung Bruggenwies in St. Gallen ist fertig\",\"datePublished\":\"2022-03-01T07:37:39+00:00\",\"dateModified\":\"2022-03-03T15:42:52+00:00\",\"mainEntityOfPage\":{\"@id\":\"https:\\\/\\\/www.immobilienbusiness.ch\\\/en\\\/regionen\\\/2022-03-01\\\/erste-etappe-der-ueberbauung-bruggenwies-in-st-gallen-ist-fertig\\\/\"},\"wordCount\":113,\"publisher\":{\"@id\":\"https:\\\/\\\/www.immobilienbusiness.ch\\\/#organization\"},\"image\":{\"@id\":\"https:\\\/\\\/www.immobilienbusiness.ch\\\/en\\\/regionen\\\/2022-03-01\\\/erste-etappe-der-ueberbauung-bruggenwies-in-st-gallen-ist-fertig\\\/#primaryimage\"},\"thumbnailUrl\":\"https:\\\/\\\/www.immobilienbusiness.ch\\\/wp-content\\\/uploads\\\/2022\\\/03\\\/Visu_aussen.jpg\",\"keywords\":[\"Fertigstellung\",\"St. Gallen\",\"Wohnimmobilien\"],\"articleSection\":[\"REGIONEN\"],\"inLanguage\":\"fr-FR\"},{\"@type\":\"WebPage\",\"@id\":\"https:\\\/\\\/www.immobilienbusiness.ch\\\/en\\\/regionen\\\/2022-03-01\\\/erste-etappe-der-ueberbauung-bruggenwies-in-st-gallen-ist-fertig\\\/\",\"url\":\"https:\\\/\\\/www.immobilienbusiness.ch\\\/en\\\/regionen\\\/2022-03-01\\\/erste-etappe-der-ueberbauung-bruggenwies-in-st-gallen-ist-fertig\\\/\",\"name\":\"Erste Etappe der \u00dcberbauung Bruggenwies in St. Gallen ist fertig - IMMOBILIEN Business\",\"isPartOf\":{\"@id\":\"https:\\\/\\\/www.immobilienbusiness.ch\\\/#website\"},\"primaryImageOfPage\":{\"@id\":\"https:\\\/\\\/www.immobilienbusiness.ch\\\/en\\\/regionen\\\/2022-03-01\\\/erste-etappe-der-ueberbauung-bruggenwies-in-st-gallen-ist-fertig\\\/#primaryimage\"},\"image\":{\"@id\":\"https:\\\/\\\/www.immobilienbusiness.ch\\\/en\\\/regionen\\\/2022-03-01\\\/erste-etappe-der-ueberbauung-bruggenwies-in-st-gallen-ist-fertig\\\/#primaryimage\"},\"thumbnailUrl\":\"https:\\\/\\\/www.immobilienbusiness.ch\\\/wp-content\\\/uploads\\\/2022\\\/03\\\/Visu_aussen.jpg\",\"datePublished\":\"2022-03-01T07:37:39+00:00\",\"dateModified\":\"2022-03-03T15:42:52+00:00\",\"description\":\"Im St. Galler Quartier Bruggen ist die erste Etappe der \u00dcberbauung Bruggenwies fertiggestellt worden. Azemos Property realisiert das Projekt.\",\"breadcrumb\":{\"@id\":\"https:\\\/\\\/www.immobilienbusiness.ch\\\/en\\\/regionen\\\/2022-03-01\\\/erste-etappe-der-ueberbauung-bruggenwies-in-st-gallen-ist-fertig\\\/#breadcrumb\"},\"inLanguage\":\"fr-FR\",\"potentialAction\":[{\"@type\":\"ReadAction\",\"target\":[\"https:\\\/\\\/www.immobilienbusiness.ch\\\/en\\\/regionen\\\/2022-03-01\\\/erste-etappe-der-ueberbauung-bruggenwies-in-st-gallen-ist-fertig\\\/\"]}]},{\"@type\":\"ImageObject\",\"inLanguage\":\"fr-FR\",\"@id\":\"https:\\\/\\\/www.immobilienbusiness.ch\\\/en\\\/regionen\\\/2022-03-01\\\/erste-etappe-der-ueberbauung-bruggenwies-in-st-gallen-ist-fertig\\\/#primaryimage\",\"url\":\"https:\\\/\\\/www.immobilienbusiness.ch\\\/wp-content\\\/uploads\\\/2022\\\/03\\\/Visu_aussen.jpg\",\"contentUrl\":\"https:\\\/\\\/www.immobilienbusiness.ch\\\/wp-content\\\/uploads\\\/2022\\\/03\\\/Visu_aussen.jpg\",\"width\":1200,\"height\":800,\"caption\":\"Azemos Proprty erstellt in St. Gallen eine Wohn\u00fcberbauung (Quelle: Azemos Property)\"},{\"@type\":\"BreadcrumbList\",\"@id\":\"https:\\\/\\\/www.immobilienbusiness.ch\\\/en\\\/regionen\\\/2022-03-01\\\/erste-etappe-der-ueberbauung-bruggenwies-in-st-gallen-ist-fertig\\\/#breadcrumb\",\"itemListElement\":[{\"@type\":\"ListItem\",\"position\":1,\"name\":\"Home\",\"item\":\"https:\\\/\\\/www.immobilienbusiness.ch\\\/\"},{\"@type\":\"ListItem\",\"position\":2,\"name\":\"Erste Etappe der \u00dcberbauung Bruggenwies in St. Gallen ist fertig\"}]},{\"@type\":\"WebSite\",\"@id\":\"https:\\\/\\\/www.immobilienbusiness.ch\\\/#website\",\"url\":\"https:\\\/\\\/www.immobilienbusiness.ch\\\/\",\"name\":\"IMMOBILIEN Business\",\"description\":\"Unabh\u00e4ngiges Schweizer Wirtschaftsmagazin mit Fokus auf Immobilien, Architektur- und Bau sowie Investment- und Finanzierung.\",\"publisher\":{\"@id\":\"https:\\\/\\\/www.immobilienbusiness.ch\\\/#organization\"},\"potentialAction\":[{\"@type\":\"SearchAction\",\"target\":{\"@type\":\"EntryPoint\",\"urlTemplate\":\"https:\\\/\\\/www.immobilienbusiness.ch\\\/?s={search_term_string}\"},\"query-input\":{\"@type\":\"PropertyValueSpecification\",\"valueRequired\":true,\"valueName\":\"search_term_string\"}}],\"inLanguage\":\"fr-FR\"},{\"@type\":\"Organization\",\"@id\":\"https:\\\/\\\/www.immobilienbusiness.ch\\\/#organization\",\"name\":\"IMMOBILIEN Business\",\"url\":\"https:\\\/\\\/www.immobilienbusiness.ch\\\/\",\"logo\":{\"@type\":\"ImageObject\",\"inLanguage\":\"fr-FR\",\"@id\":\"https:\\\/\\\/www.immobilienbusiness.ch\\\/#\\\/schema\\\/logo\\\/image\\\/\",\"url\":\"https:\\\/\\\/www.immobilienbusiness.ch\\\/wp-content\\\/uploads\\\/2021\\\/07\\\/logo_ib.png\",\"contentUrl\":\"https:\\\/\\\/www.immobilienbusiness.ch\\\/wp-content\\\/uploads\\\/2021\\\/07\\\/logo_ib.png\",\"width\":800,\"height\":181,\"caption\":\"IMMOBILIEN Business\"},\"image\":{\"@id\":\"https:\\\/\\\/www.immobilienbusiness.ch\\\/#\\\/schema\\\/logo\\\/image\\\/\"},\"sameAs\":[\"https:\\\/\\\/www.facebook.com\\\/immobilienbusiness\\\/\"]},{\"@type\":\"Person\",\"@id\":\"https:\\\/\\\/www.immobilienbusiness.ch\\\/#\\\/schema\\\/person\\\/3fc036297b10b9f42d6db5ee932af8c8\",\"name\":\"anja.hall\",\"image\":{\"@type\":\"ImageObject\",\"inLanguage\":\"fr-FR\",\"@id\":\"https:\\\/\\\/secure.gravatar.com\\\/avatar\\\/066b5a0d447013502c71a5782f4f3469f03cfe595cc2329fb94652fe47511bfb?s=96&d=mm&r=g\",\"url\":\"https:\\\/\\\/secure.gravatar.com\\\/avatar\\\/066b5a0d447013502c71a5782f4f3469f03cfe595cc2329fb94652fe47511bfb?s=96&d=mm&r=g\",\"contentUrl\":\"https:\\\/\\\/secure.gravatar.com\\\/avatar\\\/066b5a0d447013502c71a5782f4f3469f03cfe595cc2329fb94652fe47511bfb?s=96&d=mm&r=g\",\"caption\":\"anja.hall\"},\"url\":\"https:\\\/\\\/www.immobilienbusiness.ch\\\/fr\\\/author\\\/anja-hall\\\/\"}]}<\/script>\n<!-- \/ Yoast SEO plugin. -->","yoast_head_json":{"title":"Erste Etappe der \u00dcberbauung Bruggenwies in St. Gallen ist fertig - IMMOBILIEN Business","description":"Dans le quartier saint-gallois de Bruggen, la premi\u00e8re \u00e9tape du lotissement Bruggenwies a \u00e9t\u00e9 achev\u00e9e. Azemos Property r\u00e9alise le projet.","robots":{"index":"index","follow":"follow","max-snippet":"max-snippet:-1","max-image-preview":"max-image-preview:large","max-video-preview":"max-video-preview:-1"},"canonical":"https:\/\/www.immobilienbusiness.ch\/fr\/regionen\/2022-03-01\/erste-etappe-der-ueberbauung-bruggenwies-in-st-gallen-ist-fertig\/","og_locale":"fr_FR","og_type":"article","og_title":"Erste Etappe der \u00dcberbauung Bruggenwies in St. Gallen ist fertig - IMMOBILIEN Business","og_description":"Im St. Galler Quartier Bruggen ist die erste Etappe der \u00dcberbauung Bruggenwies fertiggestellt worden. Azemos Property realisiert das Projekt.","og_url":"https:\/\/www.immobilienbusiness.ch\/fr\/regionen\/2022-03-01\/erste-etappe-der-ueberbauung-bruggenwies-in-st-gallen-ist-fertig\/","og_site_name":"IMMOBILIEN Business","article_publisher":"https:\/\/www.facebook.com\/immobilienbusiness\/","article_published_time":"2022-03-01T07:37:39+00:00","article_modified_time":"2022-03-03T15:42:52+00:00","og_image":[{"width":1200,"height":800,"url":"https:\/\/www.immobilienbusiness.ch\/wp-content\/uploads\/2022\/03\/Visu_aussen.jpg","type":"image\/jpeg"}],"author":"anja.hall","twitter_card":"summary_large_image","twitter_image":"https:\/\/www.immobilienbusiness.ch\/wp-content\/uploads\/2022\/03\/Visu_aussen.jpg","schema":{"@context":"https:\/\/schema.org","@graph":[{"@type":"Article","@id":"https:\/\/www.immobilienbusiness.ch\/en\/regionen\/2022-03-01\/erste-etappe-der-ueberbauung-bruggenwies-in-st-gallen-ist-fertig\/#article","isPartOf":{"@id":"https:\/\/www.immobilienbusiness.ch\/en\/regionen\/2022-03-01\/erste-etappe-der-ueberbauung-bruggenwies-in-st-gallen-ist-fertig\/"},"author":{"name":"anja.hall","@id":"https:\/\/www.immobilienbusiness.ch\/#\/schema\/person\/3fc036297b10b9f42d6db5ee932af8c8"},"headline":"Erste Etappe der \u00dcberbauung Bruggenwies in St. Gallen ist fertig","datePublished":"2022-03-01T07:37:39+00:00","dateModified":"2022-03-03T15:42:52+00:00","mainEntityOfPage":{"@id":"https:\/\/www.immobilienbusiness.ch\/en\/regionen\/2022-03-01\/erste-etappe-der-ueberbauung-bruggenwies-in-st-gallen-ist-fertig\/"},"wordCount":113,"publisher":{"@id":"https:\/\/www.immobilienbusiness.ch\/#organization"},"image":{"@id":"https:\/\/www.immobilienbusiness.ch\/en\/regionen\/2022-03-01\/erste-etappe-der-ueberbauung-bruggenwies-in-st-gallen-ist-fertig\/#primaryimage"},"thumbnailUrl":"https:\/\/www.immobilienbusiness.ch\/wp-content\/uploads\/2022\/03\/Visu_aussen.jpg","keywords":["Fertigstellung","St. Gallen","Wohnimmobilien"],"articleSection":["REGIONEN"],"inLanguage":"fr-FR"},{"@type":"WebPage","@id":"https:\/\/www.immobilienbusiness.ch\/en\/regionen\/2022-03-01\/erste-etappe-der-ueberbauung-bruggenwies-in-st-gallen-ist-fertig\/","url":"https:\/\/www.immobilienbusiness.ch\/en\/regionen\/2022-03-01\/erste-etappe-der-ueberbauung-bruggenwies-in-st-gallen-ist-fertig\/","name":"Erste Etappe der \u00dcberbauung Bruggenwies in St. Gallen ist fertig - IMMOBILIEN Business","isPartOf":{"@id":"https:\/\/www.immobilienbusiness.ch\/#website"},"primaryImageOfPage":{"@id":"https:\/\/www.immobilienbusiness.ch\/en\/regionen\/2022-03-01\/erste-etappe-der-ueberbauung-bruggenwies-in-st-gallen-ist-fertig\/#primaryimage"},"image":{"@id":"https:\/\/www.immobilienbusiness.ch\/en\/regionen\/2022-03-01\/erste-etappe-der-ueberbauung-bruggenwies-in-st-gallen-ist-fertig\/#primaryimage"},"thumbnailUrl":"https:\/\/www.immobilienbusiness.ch\/wp-content\/uploads\/2022\/03\/Visu_aussen.jpg","datePublished":"2022-03-01T07:37:39+00:00","dateModified":"2022-03-03T15:42:52+00:00","description":"Dans le quartier saint-gallois de Bruggen, la premi\u00e8re \u00e9tape du lotissement Bruggenwies a \u00e9t\u00e9 achev\u00e9e. Azemos Property r\u00e9alise le projet.","breadcrumb":{"@id":"https:\/\/www.immobilienbusiness.ch\/en\/regionen\/2022-03-01\/erste-etappe-der-ueberbauung-bruggenwies-in-st-gallen-ist-fertig\/#breadcrumb"},"inLanguage":"fr-FR","potentialAction":[{"@type":"ReadAction","target":["https:\/\/www.immobilienbusiness.ch\/en\/regionen\/2022-03-01\/erste-etappe-der-ueberbauung-bruggenwies-in-st-gallen-ist-fertig\/"]}]},{"@type":"ImageObject","inLanguage":"fr-FR","@id":"https:\/\/www.immobilienbusiness.ch\/en\/regionen\/2022-03-01\/erste-etappe-der-ueberbauung-bruggenwies-in-st-gallen-ist-fertig\/#primaryimage","url":"https:\/\/www.immobilienbusiness.ch\/wp-content\/uploads\/2022\/03\/Visu_aussen.jpg","contentUrl":"https:\/\/www.immobilienbusiness.ch\/wp-content\/uploads\/2022\/03\/Visu_aussen.jpg","width":1200,"height":800,"caption":"Azemos Proprty erstellt in St. Gallen eine Wohn\u00fcberbauung (Quelle: Azemos Property)"},{"@type":"BreadcrumbList","@id":"https:\/\/www.immobilienbusiness.ch\/en\/regionen\/2022-03-01\/erste-etappe-der-ueberbauung-bruggenwies-in-st-gallen-ist-fertig\/#breadcrumb","itemListElement":[{"@type":"ListItem","position":1,"name":"Home","item":"https:\/\/www.immobilienbusiness.ch\/"},{"@type":"ListItem","position":2,"name":"Erste Etappe der \u00dcberbauung Bruggenwies in St. Gallen ist fertig"}]},{"@type":"WebSite","@id":"https:\/\/www.immobilienbusiness.ch\/#website","url":"https:\/\/www.immobilienbusiness.ch\/","name":"IMMOBILIER Business","description":"Magazine \u00e9conomique suisse ind\u00e9pendant ax\u00e9 sur l'immobilier, l'architecture et la construction ainsi que sur les investissements et le financement.","publisher":{"@id":"https:\/\/www.immobilienbusiness.ch\/#organization"},"potentialAction":[{"@type":"SearchAction","target":{"@type":"EntryPoint","urlTemplate":"https:\/\/www.immobilienbusiness.ch\/?s={search_term_string}"},"query-input":{"@type":"PropertyValueSpecification","valueRequired":true,"valueName":"search_term_string"}}],"inLanguage":"fr-FR"},{"@type":"Organization","@id":"https:\/\/www.immobilienbusiness.ch\/#organization","name":"IMMOBILIER Business","url":"https:\/\/www.immobilienbusiness.ch\/","logo":{"@type":"ImageObject","inLanguage":"fr-FR","@id":"https:\/\/www.immobilienbusiness.ch\/#\/schema\/logo\/image\/","url":"https:\/\/www.immobilienbusiness.ch\/wp-content\/uploads\/2021\/07\/logo_ib.png","contentUrl":"https:\/\/www.immobilienbusiness.ch\/wp-content\/uploads\/2021\/07\/logo_ib.png","width":800,"height":181,"caption":"IMMOBILIEN Business"},"image":{"@id":"https:\/\/www.immobilienbusiness.ch\/#\/schema\/logo\/image\/"},"sameAs":["https:\/\/www.facebook.com\/immobilienbusiness\/"]},{"@type":"Person","@id":"https:\/\/www.immobilienbusiness.ch\/#\/schema\/person\/3fc036297b10b9f42d6db5ee932af8c8","name":"anja.hall","image":{"@type":"ImageObject","inLanguage":"fr-FR","@id":"https:\/\/secure.gravatar.com\/avatar\/066b5a0d447013502c71a5782f4f3469f03cfe595cc2329fb94652fe47511bfb?s=96&d=mm&r=g","url":"https:\/\/secure.gravatar.com\/avatar\/066b5a0d447013502c71a5782f4f3469f03cfe595cc2329fb94652fe47511bfb?s=96&d=mm&r=g","contentUrl":"https:\/\/secure.gravatar.com\/avatar\/066b5a0d447013502c71a5782f4f3469f03cfe595cc2329fb94652fe47511bfb?s=96&d=mm&r=g","caption":"anja.hall"},"url":"https:\/\/www.immobilienbusiness.ch\/fr\/author\/anja-hall\/"}]}},"_links":{"self":[{"href":"https:\/\/www.immobilienbusiness.ch\/fr\/wp-json\/wp\/v2\/posts\/40190","targetHints":{"allow":["GET"]}}],"collection":[{"href":"https:\/\/www.immobilienbusiness.ch\/fr\/wp-json\/wp\/v2\/posts"}],"about":[{"href":"https:\/\/www.immobilienbusiness.ch\/fr\/wp-json\/wp\/v2\/types\/post"}],"author":[{"embeddable":true,"href":"https:\/\/www.immobilienbusiness.ch\/fr\/wp-json\/wp\/v2\/users\/3"}],"replies":[{"embeddable":true,"href":"https:\/\/www.immobilienbusiness.ch\/fr\/wp-json\/wp\/v2\/comments?post=40190"}],"version-history":[{"count":2,"href":"https:\/\/www.immobilienbusiness.ch\/fr\/wp-json\/wp\/v2\/posts\/40190\/revisions"}],"predecessor-version":[{"id":40230,"href":"https:\/\/www.immobilienbusiness.ch\/fr\/wp-json\/wp\/v2\/posts\/40190\/revisions\/40230"}],"wp:featuredmedia":[{"embeddable":true,"href":"https:\/\/www.immobilienbusiness.ch\/fr\/wp-json\/wp\/v2\/media\/40191"}],"wp:attachment":[{"href":"https:\/\/www.immobilienbusiness.ch\/fr\/wp-json\/wp\/v2\/media?parent=40190"}],"wp:term":[{"taxonomy":"category","embeddable":true,"href":"https:\/\/www.immobilienbusiness.ch\/fr\/wp-json\/wp\/v2\/categories?post=40190"},{"taxonomy":"post_tag","embeddable":true,"href":"https:\/\/www.immobilienbusiness.ch\/fr\/wp-json\/wp\/v2\/tags?post=40190"}],"curies":[{"name":"wp","href":"https:\/\/api.w.org\/{rel}","templated":true}]}}