{"id":40106,"date":"2022-02-23T08:42:11","date_gmt":"2022-02-23T07:42:11","guid":{"rendered":"https:\/\/www.immobilienbusiness.ch\/?p=40106"},"modified":"2022-02-24T09:45:36","modified_gmt":"2022-02-24T08:45:36","slug":"assetimmo-erweitert-die-fuehrungsebene","status":"publish","type":"post","link":"https:\/\/www.immobilienbusiness.ch\/fr\/personalia\/2022-02-23\/assetimmo-erweitert-die-fuehrungsebene\/","title":{"rendered":"Assetimmo \u00e9largit son \u00e9quipe de direction"},"content":{"rendered":"<figure id=\"attachment_12988\" aria-describedby=\"caption-attachment-12988\" style=\"width: 999px\" class=\"wp-caption alignnone\"><a href=\"https:\/\/www.immobilienbusiness.ch\/wp-content\/uploads\/2018\/06\/Depositphotos_55016515_m-2015.jpg\"><img loading=\"lazy\" decoding=\"async\" class=\"size-full wp-image-12988\" src=\"https:\/\/www.immobilienbusiness.ch\/wp-content\/uploads\/2018\/06\/Depositphotos_55016515_m-2015.jpg\" alt=\"\" width=\"999\" height=\"662\" srcset=\"https:\/\/www.immobilienbusiness.ch\/wp-content\/uploads\/2018\/06\/Depositphotos_55016515_m-2015.jpg 999w, https:\/\/www.immobilienbusiness.ch\/wp-content\/uploads\/2018\/06\/Depositphotos_55016515_m-2015-300x199.jpg 300w, https:\/\/www.immobilienbusiness.ch\/wp-content\/uploads\/2018\/06\/Depositphotos_55016515_m-2015-768x509.jpg 768w, https:\/\/www.immobilienbusiness.ch\/wp-content\/uploads\/2018\/06\/Depositphotos_55016515_m-2015-16x12.jpg 16w, https:\/\/www.immobilienbusiness.ch\/wp-content\/uploads\/2018\/06\/Depositphotos_55016515_m-2015-264x175.jpg 264w, https:\/\/www.immobilienbusiness.ch\/wp-content\/uploads\/2018\/06\/Depositphotos_55016515_m-2015-528x350.jpg 528w, https:\/\/www.immobilienbusiness.ch\/wp-content\/uploads\/2018\/06\/Depositphotos_55016515_m-2015-920x610.jpg 920w\" sizes=\"auto, (max-width: 999px) 100vw, 999px\" \/><\/a><figcaption id=\"caption-attachment-12988\" class=\"wp-caption-text\">Assetimmo re\u00e7oit un divorce d'affaires (image : thodonol - depositphotos)<\/figcaption><\/figure>\n<p>La direction op\u00e9rationnelle de la fondation de placement Assetimmo Immobilien-Anlagestiftung se compose d\u00e9sormais de trois personnes : Outre l'actuel directeur Christian Germann, Thomas Brodmann et Sylke Wich-Glasen ont rejoint l'\u00e9quipe.<\/p>\n<p>Brodmann (57 ans) fait partie de la direction en tant que responsable des finances, communique Assetimmo. Ce sp\u00e9cialiste de la finance et de la comptabilit\u00e9, titulaire d'un brevet f\u00e9d\u00e9ral, travaille d\u00e9j\u00e0 depuis avril 2008 au sein du d\u00e9partement financier de la fondation de placement.<\/p>\n<p>Sylke Wich-Glasen (45 ans) a \u00e9t\u00e9 nomm\u00e9e membre de la direction en tant que responsable de la gestion de portefeuille, poursuit Assetimmo. Cette dipl\u00f4m\u00e9e en gestion d'entreprise a pris la responsabilit\u00e9 de la gestion de portefeuille en novembre 2021. Elle est titulaire d'un MAS in Real Estate (CUREM) et travaille depuis plus de 20 ans dans le secteur immobilier. Son dernier poste \u00e9tait celui de gestionnaire de portefeuille Commercial Real Estate chez Pensimo Management. <em>(ah)<\/em><\/p>","protected":false},"excerpt":{"rendered":"<p>La fondation de placement Assetimmo Immobilien-Anlagestiftung se dote d'une direction : Christian Germann en est le pr\u00e9sident, Thomas Brodmann et Sylke Wich-Glasen ont en outre \u00e9t\u00e9 nomm\u00e9s membres. <\/p>","protected":false},"author":3,"featured_media":12988,"comment_status":"closed","ping_status":"closed","sticky":false,"template":"","format":"standard","meta":{"_acf_changed":false,"_yoast_wpseo_focuskw":"Assetimmo","_yoast_wpseo_title":"","_yoast_wpseo_metadesc":"Die Assetimmo Immobilien-Anlagestiftung hat nun eine Gesch\u00e4ftsleitung: Sie besteht aus Christian Germann, Thomas Brodmann und Sylke Wich-Glasen.","_yoast_wpseo_linkdex":48,"pgc_sgb_lightbox_settings":"","footnotes":""},"categories":[1912],"tags":[1030,1563],"class_list":["post-40106","post","type-post","status-publish","format-standard","has-post-thumbnail","hentry","category-personalia","tag-anlagestiftung","tag-personalia"],"acf":[],"yoast_head":"<!-- This site is optimized with the Yoast SEO plugin v27.4 - https:\/\/yoast.com\/product\/yoast-seo-wordpress\/ -->\n<title>Assetimmo erweitert die F\u00fchrungsebene - IMMOBILIEN Business<\/title>\n<meta name=\"description\" content=\"Die Assetimmo Immobilien-Anlagestiftung hat nun eine Gesch\u00e4ftsleitung: Sie besteht aus Christian Germann, Thomas Brodmann und Sylke Wich-Glasen.\" \/>\n<meta name=\"robots\" content=\"index, follow, max-snippet:-1, max-image-preview:large, max-video-preview:-1\" \/>\n<link rel=\"canonical\" href=\"https:\/\/www.immobilienbusiness.ch\/fr\/personalia\/2022-02-23\/assetimmo-erweitert-die-fuehrungsebene\/\" \/>\n<meta property=\"og:locale\" content=\"fr_FR\" \/>\n<meta property=\"og:type\" content=\"article\" \/>\n<meta property=\"og:title\" content=\"Assetimmo erweitert die F\u00fchrungsebene - IMMOBILIEN Business\" \/>\n<meta property=\"og:description\" content=\"Die Assetimmo Immobilien-Anlagestiftung hat nun eine Gesch\u00e4ftsleitung: Sie besteht aus Christian Germann, Thomas Brodmann und Sylke Wich-Glasen.\" \/>\n<meta property=\"og:url\" content=\"https:\/\/www.immobilienbusiness.ch\/fr\/personalia\/2022-02-23\/assetimmo-erweitert-die-fuehrungsebene\/\" \/>\n<meta property=\"og:site_name\" content=\"IMMOBILIEN Business\" \/>\n<meta property=\"article:publisher\" content=\"https:\/\/www.facebook.com\/immobilienbusiness\/\" \/>\n<meta property=\"article:published_time\" content=\"2022-02-23T07:42:11+00:00\" \/>\n<meta property=\"article:modified_time\" content=\"2022-02-24T08:45:36+00:00\" \/>\n<meta property=\"og:image\" content=\"https:\/\/www.immobilienbusiness.ch\/wp-content\/uploads\/2018\/06\/Depositphotos_55016515_m-2015.jpg\" \/>\n\t<meta property=\"og:image:width\" content=\"999\" \/>\n\t<meta property=\"og:image:height\" content=\"662\" \/>\n\t<meta property=\"og:image:type\" content=\"image\/jpeg\" \/>\n<meta name=\"author\" content=\"anja.hall\" \/>\n<meta name=\"twitter:card\" content=\"summary_large_image\" \/>\n<meta name=\"twitter:image\" content=\"https:\/\/www.immobilienbusiness.ch\/wp-content\/uploads\/2018\/06\/Depositphotos_55016515_m-2015.jpg\" \/>\n<script type=\"application\/ld+json\" class=\"yoast-schema-graph\">{\"@context\":\"https:\\\/\\\/schema.org\",\"@graph\":[{\"@type\":\"Article\",\"@id\":\"https:\\\/\\\/www.immobilienbusiness.ch\\\/personalia\\\/2022-02-23\\\/assetimmo-erweitert-die-fuehrungsebene\\\/#article\",\"isPartOf\":{\"@id\":\"https:\\\/\\\/www.immobilienbusiness.ch\\\/personalia\\\/2022-02-23\\\/assetimmo-erweitert-die-fuehrungsebene\\\/\"},\"author\":{\"name\":\"anja.hall\",\"@id\":\"https:\\\/\\\/www.immobilienbusiness.ch\\\/#\\\/schema\\\/person\\\/3fc036297b10b9f42d6db5ee932af8c8\"},\"headline\":\"Assetimmo erweitert die F\u00fchrungsebene\",\"datePublished\":\"2022-02-23T07:42:11+00:00\",\"dateModified\":\"2022-02-24T08:45:36+00:00\",\"mainEntityOfPage\":{\"@id\":\"https:\\\/\\\/www.immobilienbusiness.ch\\\/personalia\\\/2022-02-23\\\/assetimmo-erweitert-die-fuehrungsebene\\\/\"},\"wordCount\":143,\"publisher\":{\"@id\":\"https:\\\/\\\/www.immobilienbusiness.ch\\\/#organization\"},\"image\":{\"@id\":\"https:\\\/\\\/www.immobilienbusiness.ch\\\/personalia\\\/2022-02-23\\\/assetimmo-erweitert-die-fuehrungsebene\\\/#primaryimage\"},\"thumbnailUrl\":\"https:\\\/\\\/www.immobilienbusiness.ch\\\/wp-content\\\/uploads\\\/2018\\\/06\\\/Depositphotos_55016515_m-2015.jpg\",\"keywords\":[\"Anlagestiftung\",\"Personalia\"],\"articleSection\":[\"PERSONALIA\"],\"inLanguage\":\"fr-FR\"},{\"@type\":\"WebPage\",\"@id\":\"https:\\\/\\\/www.immobilienbusiness.ch\\\/personalia\\\/2022-02-23\\\/assetimmo-erweitert-die-fuehrungsebene\\\/\",\"url\":\"https:\\\/\\\/www.immobilienbusiness.ch\\\/personalia\\\/2022-02-23\\\/assetimmo-erweitert-die-fuehrungsebene\\\/\",\"name\":\"Assetimmo erweitert die F\u00fchrungsebene - IMMOBILIEN Business\",\"isPartOf\":{\"@id\":\"https:\\\/\\\/www.immobilienbusiness.ch\\\/#website\"},\"primaryImageOfPage\":{\"@id\":\"https:\\\/\\\/www.immobilienbusiness.ch\\\/personalia\\\/2022-02-23\\\/assetimmo-erweitert-die-fuehrungsebene\\\/#primaryimage\"},\"image\":{\"@id\":\"https:\\\/\\\/www.immobilienbusiness.ch\\\/personalia\\\/2022-02-23\\\/assetimmo-erweitert-die-fuehrungsebene\\\/#primaryimage\"},\"thumbnailUrl\":\"https:\\\/\\\/www.immobilienbusiness.ch\\\/wp-content\\\/uploads\\\/2018\\\/06\\\/Depositphotos_55016515_m-2015.jpg\",\"datePublished\":\"2022-02-23T07:42:11+00:00\",\"dateModified\":\"2022-02-24T08:45:36+00:00\",\"description\":\"Die Assetimmo Immobilien-Anlagestiftung hat nun eine Gesch\u00e4ftsleitung: Sie besteht aus Christian Germann, Thomas Brodmann und Sylke Wich-Glasen.\",\"breadcrumb\":{\"@id\":\"https:\\\/\\\/www.immobilienbusiness.ch\\\/personalia\\\/2022-02-23\\\/assetimmo-erweitert-die-fuehrungsebene\\\/#breadcrumb\"},\"inLanguage\":\"fr-FR\",\"potentialAction\":[{\"@type\":\"ReadAction\",\"target\":[\"https:\\\/\\\/www.immobilienbusiness.ch\\\/personalia\\\/2022-02-23\\\/assetimmo-erweitert-die-fuehrungsebene\\\/\"]}]},{\"@type\":\"ImageObject\",\"inLanguage\":\"fr-FR\",\"@id\":\"https:\\\/\\\/www.immobilienbusiness.ch\\\/personalia\\\/2022-02-23\\\/assetimmo-erweitert-die-fuehrungsebene\\\/#primaryimage\",\"url\":\"https:\\\/\\\/www.immobilienbusiness.ch\\\/wp-content\\\/uploads\\\/2018\\\/06\\\/Depositphotos_55016515_m-2015.jpg\",\"contentUrl\":\"https:\\\/\\\/www.immobilienbusiness.ch\\\/wp-content\\\/uploads\\\/2018\\\/06\\\/Depositphotos_55016515_m-2015.jpg\",\"width\":999,\"height\":662,\"caption\":\"(Bild: thodonol - depositphotos)\"},{\"@type\":\"BreadcrumbList\",\"@id\":\"https:\\\/\\\/www.immobilienbusiness.ch\\\/personalia\\\/2022-02-23\\\/assetimmo-erweitert-die-fuehrungsebene\\\/#breadcrumb\",\"itemListElement\":[{\"@type\":\"ListItem\",\"position\":1,\"name\":\"Home\",\"item\":\"https:\\\/\\\/www.immobilienbusiness.ch\\\/\"},{\"@type\":\"ListItem\",\"position\":2,\"name\":\"Assetimmo erweitert die F\u00fchrungsebene\"}]},{\"@type\":\"WebSite\",\"@id\":\"https:\\\/\\\/www.immobilienbusiness.ch\\\/#website\",\"url\":\"https:\\\/\\\/www.immobilienbusiness.ch\\\/\",\"name\":\"IMMOBILIEN Business\",\"description\":\"Unabh\u00e4ngiges Schweizer Wirtschaftsmagazin mit Fokus auf Immobilien, Architektur- und Bau sowie Investment- und Finanzierung.\",\"publisher\":{\"@id\":\"https:\\\/\\\/www.immobilienbusiness.ch\\\/#organization\"},\"potentialAction\":[{\"@type\":\"SearchAction\",\"target\":{\"@type\":\"EntryPoint\",\"urlTemplate\":\"https:\\\/\\\/www.immobilienbusiness.ch\\\/?s={search_term_string}\"},\"query-input\":{\"@type\":\"PropertyValueSpecification\",\"valueRequired\":true,\"valueName\":\"search_term_string\"}}],\"inLanguage\":\"fr-FR\"},{\"@type\":\"Organization\",\"@id\":\"https:\\\/\\\/www.immobilienbusiness.ch\\\/#organization\",\"name\":\"IMMOBILIEN Business\",\"url\":\"https:\\\/\\\/www.immobilienbusiness.ch\\\/\",\"logo\":{\"@type\":\"ImageObject\",\"inLanguage\":\"fr-FR\",\"@id\":\"https:\\\/\\\/www.immobilienbusiness.ch\\\/#\\\/schema\\\/logo\\\/image\\\/\",\"url\":\"https:\\\/\\\/www.immobilienbusiness.ch\\\/wp-content\\\/uploads\\\/2021\\\/07\\\/logo_ib.png\",\"contentUrl\":\"https:\\\/\\\/www.immobilienbusiness.ch\\\/wp-content\\\/uploads\\\/2021\\\/07\\\/logo_ib.png\",\"width\":800,\"height\":181,\"caption\":\"IMMOBILIEN Business\"},\"image\":{\"@id\":\"https:\\\/\\\/www.immobilienbusiness.ch\\\/#\\\/schema\\\/logo\\\/image\\\/\"},\"sameAs\":[\"https:\\\/\\\/www.facebook.com\\\/immobilienbusiness\\\/\"]},{\"@type\":\"Person\",\"@id\":\"https:\\\/\\\/www.immobilienbusiness.ch\\\/#\\\/schema\\\/person\\\/3fc036297b10b9f42d6db5ee932af8c8\",\"name\":\"anja.hall\",\"image\":{\"@type\":\"ImageObject\",\"inLanguage\":\"fr-FR\",\"@id\":\"https:\\\/\\\/secure.gravatar.com\\\/avatar\\\/066b5a0d447013502c71a5782f4f3469f03cfe595cc2329fb94652fe47511bfb?s=96&d=mm&r=g\",\"url\":\"https:\\\/\\\/secure.gravatar.com\\\/avatar\\\/066b5a0d447013502c71a5782f4f3469f03cfe595cc2329fb94652fe47511bfb?s=96&d=mm&r=g\",\"contentUrl\":\"https:\\\/\\\/secure.gravatar.com\\\/avatar\\\/066b5a0d447013502c71a5782f4f3469f03cfe595cc2329fb94652fe47511bfb?s=96&d=mm&r=g\",\"caption\":\"anja.hall\"},\"url\":\"https:\\\/\\\/www.immobilienbusiness.ch\\\/fr\\\/author\\\/anja-hall\\\/\"}]}<\/script>\n<!-- \/ Yoast SEO plugin. -->","yoast_head_json":{"title":"Assetimmo erweitert die F\u00fchrungsebene - IMMOBILIEN Business","description":"Die Assetimmo Immobilien-Anlagestiftung hat nun eine Gesch\u00e4ftsleitung: Sie besteht aus Christian Germann, Thomas Brodmann und Sylke Wich-Glasen.","robots":{"index":"index","follow":"follow","max-snippet":"max-snippet:-1","max-image-preview":"max-image-preview:large","max-video-preview":"max-video-preview:-1"},"canonical":"https:\/\/www.immobilienbusiness.ch\/fr\/personalia\/2022-02-23\/assetimmo-erweitert-die-fuehrungsebene\/","og_locale":"fr_FR","og_type":"article","og_title":"Assetimmo erweitert die F\u00fchrungsebene - IMMOBILIEN Business","og_description":"Die Assetimmo Immobilien-Anlagestiftung hat nun eine Gesch\u00e4ftsleitung: Sie besteht aus Christian Germann, Thomas Brodmann und Sylke Wich-Glasen.","og_url":"https:\/\/www.immobilienbusiness.ch\/fr\/personalia\/2022-02-23\/assetimmo-erweitert-die-fuehrungsebene\/","og_site_name":"IMMOBILIEN Business","article_publisher":"https:\/\/www.facebook.com\/immobilienbusiness\/","article_published_time":"2022-02-23T07:42:11+00:00","article_modified_time":"2022-02-24T08:45:36+00:00","og_image":[{"width":999,"height":662,"url":"https:\/\/www.immobilienbusiness.ch\/wp-content\/uploads\/2018\/06\/Depositphotos_55016515_m-2015.jpg","type":"image\/jpeg"}],"author":"anja.hall","twitter_card":"summary_large_image","twitter_image":"https:\/\/www.immobilienbusiness.ch\/wp-content\/uploads\/2018\/06\/Depositphotos_55016515_m-2015.jpg","schema":{"@context":"https:\/\/schema.org","@graph":[{"@type":"Article","@id":"https:\/\/www.immobilienbusiness.ch\/personalia\/2022-02-23\/assetimmo-erweitert-die-fuehrungsebene\/#article","isPartOf":{"@id":"https:\/\/www.immobilienbusiness.ch\/personalia\/2022-02-23\/assetimmo-erweitert-die-fuehrungsebene\/"},"author":{"name":"anja.hall","@id":"https:\/\/www.immobilienbusiness.ch\/#\/schema\/person\/3fc036297b10b9f42d6db5ee932af8c8"},"headline":"Assetimmo erweitert die F\u00fchrungsebene","datePublished":"2022-02-23T07:42:11+00:00","dateModified":"2022-02-24T08:45:36+00:00","mainEntityOfPage":{"@id":"https:\/\/www.immobilienbusiness.ch\/personalia\/2022-02-23\/assetimmo-erweitert-die-fuehrungsebene\/"},"wordCount":143,"publisher":{"@id":"https:\/\/www.immobilienbusiness.ch\/#organization"},"image":{"@id":"https:\/\/www.immobilienbusiness.ch\/personalia\/2022-02-23\/assetimmo-erweitert-die-fuehrungsebene\/#primaryimage"},"thumbnailUrl":"https:\/\/www.immobilienbusiness.ch\/wp-content\/uploads\/2018\/06\/Depositphotos_55016515_m-2015.jpg","keywords":["Anlagestiftung","Personalia"],"articleSection":["PERSONALIA"],"inLanguage":"fr-FR"},{"@type":"WebPage","@id":"https:\/\/www.immobilienbusiness.ch\/personalia\/2022-02-23\/assetimmo-erweitert-die-fuehrungsebene\/","url":"https:\/\/www.immobilienbusiness.ch\/personalia\/2022-02-23\/assetimmo-erweitert-die-fuehrungsebene\/","name":"Assetimmo erweitert die F\u00fchrungsebene - IMMOBILIEN Business","isPartOf":{"@id":"https:\/\/www.immobilienbusiness.ch\/#website"},"primaryImageOfPage":{"@id":"https:\/\/www.immobilienbusiness.ch\/personalia\/2022-02-23\/assetimmo-erweitert-die-fuehrungsebene\/#primaryimage"},"image":{"@id":"https:\/\/www.immobilienbusiness.ch\/personalia\/2022-02-23\/assetimmo-erweitert-die-fuehrungsebene\/#primaryimage"},"thumbnailUrl":"https:\/\/www.immobilienbusiness.ch\/wp-content\/uploads\/2018\/06\/Depositphotos_55016515_m-2015.jpg","datePublished":"2022-02-23T07:42:11+00:00","dateModified":"2022-02-24T08:45:36+00:00","description":"Die Assetimmo Immobilien-Anlagestiftung hat nun eine Gesch\u00e4ftsleitung: Sie besteht aus Christian Germann, Thomas Brodmann und Sylke Wich-Glasen.","breadcrumb":{"@id":"https:\/\/www.immobilienbusiness.ch\/personalia\/2022-02-23\/assetimmo-erweitert-die-fuehrungsebene\/#breadcrumb"},"inLanguage":"fr-FR","potentialAction":[{"@type":"ReadAction","target":["https:\/\/www.immobilienbusiness.ch\/personalia\/2022-02-23\/assetimmo-erweitert-die-fuehrungsebene\/"]}]},{"@type":"ImageObject","inLanguage":"fr-FR","@id":"https:\/\/www.immobilienbusiness.ch\/personalia\/2022-02-23\/assetimmo-erweitert-die-fuehrungsebene\/#primaryimage","url":"https:\/\/www.immobilienbusiness.ch\/wp-content\/uploads\/2018\/06\/Depositphotos_55016515_m-2015.jpg","contentUrl":"https:\/\/www.immobilienbusiness.ch\/wp-content\/uploads\/2018\/06\/Depositphotos_55016515_m-2015.jpg","width":999,"height":662,"caption":"(Bild: thodonol - depositphotos)"},{"@type":"BreadcrumbList","@id":"https:\/\/www.immobilienbusiness.ch\/personalia\/2022-02-23\/assetimmo-erweitert-die-fuehrungsebene\/#breadcrumb","itemListElement":[{"@type":"ListItem","position":1,"name":"Home","item":"https:\/\/www.immobilienbusiness.ch\/"},{"@type":"ListItem","position":2,"name":"Assetimmo erweitert die F\u00fchrungsebene"}]},{"@type":"WebSite","@id":"https:\/\/www.immobilienbusiness.ch\/#website","url":"https:\/\/www.immobilienbusiness.ch\/","name":"IMMOBILIER Business","description":"Magazine \u00e9conomique suisse ind\u00e9pendant ax\u00e9 sur l'immobilier, l'architecture et la construction ainsi que sur les investissements et le financement.","publisher":{"@id":"https:\/\/www.immobilienbusiness.ch\/#organization"},"potentialAction":[{"@type":"SearchAction","target":{"@type":"EntryPoint","urlTemplate":"https:\/\/www.immobilienbusiness.ch\/?s={search_term_string}"},"query-input":{"@type":"PropertyValueSpecification","valueRequired":true,"valueName":"search_term_string"}}],"inLanguage":"fr-FR"},{"@type":"Organization","@id":"https:\/\/www.immobilienbusiness.ch\/#organization","name":"IMMOBILIER Business","url":"https:\/\/www.immobilienbusiness.ch\/","logo":{"@type":"ImageObject","inLanguage":"fr-FR","@id":"https:\/\/www.immobilienbusiness.ch\/#\/schema\/logo\/image\/","url":"https:\/\/www.immobilienbusiness.ch\/wp-content\/uploads\/2021\/07\/logo_ib.png","contentUrl":"https:\/\/www.immobilienbusiness.ch\/wp-content\/uploads\/2021\/07\/logo_ib.png","width":800,"height":181,"caption":"IMMOBILIEN Business"},"image":{"@id":"https:\/\/www.immobilienbusiness.ch\/#\/schema\/logo\/image\/"},"sameAs":["https:\/\/www.facebook.com\/immobilienbusiness\/"]},{"@type":"Person","@id":"https:\/\/www.immobilienbusiness.ch\/#\/schema\/person\/3fc036297b10b9f42d6db5ee932af8c8","name":"anja.hall","image":{"@type":"ImageObject","inLanguage":"fr-FR","@id":"https:\/\/secure.gravatar.com\/avatar\/066b5a0d447013502c71a5782f4f3469f03cfe595cc2329fb94652fe47511bfb?s=96&d=mm&r=g","url":"https:\/\/secure.gravatar.com\/avatar\/066b5a0d447013502c71a5782f4f3469f03cfe595cc2329fb94652fe47511bfb?s=96&d=mm&r=g","contentUrl":"https:\/\/secure.gravatar.com\/avatar\/066b5a0d447013502c71a5782f4f3469f03cfe595cc2329fb94652fe47511bfb?s=96&d=mm&r=g","caption":"anja.hall"},"url":"https:\/\/www.immobilienbusiness.ch\/fr\/author\/anja-hall\/"}]}},"_links":{"self":[{"href":"https:\/\/www.immobilienbusiness.ch\/fr\/wp-json\/wp\/v2\/posts\/40106","targetHints":{"allow":["GET"]}}],"collection":[{"href":"https:\/\/www.immobilienbusiness.ch\/fr\/wp-json\/wp\/v2\/posts"}],"about":[{"href":"https:\/\/www.immobilienbusiness.ch\/fr\/wp-json\/wp\/v2\/types\/post"}],"author":[{"embeddable":true,"href":"https:\/\/www.immobilienbusiness.ch\/fr\/wp-json\/wp\/v2\/users\/3"}],"replies":[{"embeddable":true,"href":"https:\/\/www.immobilienbusiness.ch\/fr\/wp-json\/wp\/v2\/comments?post=40106"}],"version-history":[{"count":4,"href":"https:\/\/www.immobilienbusiness.ch\/fr\/wp-json\/wp\/v2\/posts\/40106\/revisions"}],"predecessor-version":[{"id":40159,"href":"https:\/\/www.immobilienbusiness.ch\/fr\/wp-json\/wp\/v2\/posts\/40106\/revisions\/40159"}],"wp:featuredmedia":[{"embeddable":true,"href":"https:\/\/www.immobilienbusiness.ch\/fr\/wp-json\/wp\/v2\/media\/12988"}],"wp:attachment":[{"href":"https:\/\/www.immobilienbusiness.ch\/fr\/wp-json\/wp\/v2\/media?parent=40106"}],"wp:term":[{"taxonomy":"category","embeddable":true,"href":"https:\/\/www.immobilienbusiness.ch\/fr\/wp-json\/wp\/v2\/categories?post=40106"},{"taxonomy":"post_tag","embeddable":true,"href":"https:\/\/www.immobilienbusiness.ch\/fr\/wp-json\/wp\/v2\/tags?post=40106"}],"curies":[{"name":"wp","href":"https:\/\/api.w.org\/{rel}","templated":true}]}}