{"id":40037,"date":"2022-02-16T08:51:24","date_gmt":"2022-02-16T07:51:24","guid":{"rendered":"https:\/\/www.immobilienbusiness.ch\/?p=40037"},"modified":"2022-02-16T08:52:11","modified_gmt":"2022-02-16T07:52:11","slug":"sgpk-plant-naechste-bauetappe-im-wolfganghof","status":"publish","type":"post","link":"https:\/\/www.immobilienbusiness.ch\/fr\/regionen\/2022-02-16\/sgpk-plant-naechste-bauetappe-im-wolfganghof\/","title":{"rendered":"La SSPK pr\u00e9voit la prochaine \u00e9tape de construction au Wolfganghof"},"content":{"rendered":"<figure id=\"attachment_40038\" aria-describedby=\"caption-attachment-40038\" style=\"width: 2560px\" class=\"wp-caption alignnone\"><a href=\"https:\/\/www.immobilienbusiness.ch\/wp-content\/uploads\/2022\/02\/wolfganghof-sued-visualisierung-klein-scaled.jpg\"><img loading=\"lazy\" decoding=\"async\" class=\"size-full wp-image-40038\" src=\"https:\/\/www.immobilienbusiness.ch\/wp-content\/uploads\/2022\/02\/wolfganghof-sued-visualisierung-klein-scaled.jpg\" alt=\"\" width=\"2560\" height=\"1707\" srcset=\"https:\/\/www.immobilienbusiness.ch\/wp-content\/uploads\/2022\/02\/wolfganghof-sued-visualisierung-klein-scaled.jpg 1200w, https:\/\/www.immobilienbusiness.ch\/wp-content\/uploads\/2022\/02\/wolfganghof-sued-visualisierung-klein-300x200.jpg 300w, https:\/\/www.immobilienbusiness.ch\/wp-content\/uploads\/2022\/02\/wolfganghof-sued-visualisierung-klein-1024x683.jpg 1024w, https:\/\/www.immobilienbusiness.ch\/wp-content\/uploads\/2022\/02\/wolfganghof-sued-visualisierung-klein-768x512.jpg 768w, https:\/\/www.immobilienbusiness.ch\/wp-content\/uploads\/2022\/02\/wolfganghof-sued-visualisierung-klein-1536x1024.jpg 1536w, https:\/\/www.immobilienbusiness.ch\/wp-content\/uploads\/2022\/02\/wolfganghof-sued-visualisierung-klein-2048x1365.jpg 2048w, https:\/\/www.immobilienbusiness.ch\/wp-content\/uploads\/2022\/02\/wolfganghof-sued-visualisierung-klein-18x12.jpg 18w, https:\/\/www.immobilienbusiness.ch\/wp-content\/uploads\/2022\/02\/wolfganghof-sued-visualisierung-klein-263x175.jpg 263w, https:\/\/www.immobilienbusiness.ch\/wp-content\/uploads\/2022\/02\/wolfganghof-sued-visualisierung-klein-525x350.jpg 525w, https:\/\/www.immobilienbusiness.ch\/wp-content\/uploads\/2022\/02\/wolfganghof-sued-visualisierung-klein-920x613.jpg 920w\" sizes=\"auto, (max-width: 2560px) 100vw, 2560px\" \/><\/a><figcaption id=\"caption-attachment-40038\" class=\"wp-caption-text\">Visualisation de la cour Wolfgang sud (source : SGPK)<\/figcaption><\/figure>\n<p>Les visas de construction sont pos\u00e9s et la demande de permis de construire pour cinq nouveaux immeubles collectifs sera d\u00e9pos\u00e9e prochainement : la caisse de pension de Saint-Gall (SGPK) veut \u00e9largir son offre de logements au Wolfganghof et s'adresser en particulier aux personnes \u00e2g\u00e9es et aux personnes handicap\u00e9es avec de petits appartements sans obstacles. Le d\u00e9but de la construction est pr\u00e9vu pour fin 2022.<\/p>\n<p>Actuellement, l'offre de location au Wolfganghof se compose \u00e0 plus de 70% de grands appartements de 4,5 \u00e0 6 pi\u00e8ces. Avec la prochaine \u00e9tape de construction dans la partie sud du site, ce sont surtout des unit\u00e9s plus petites qui seront construites. Comme l'indique la SGPK, il est pr\u00e9vu de construire dans les cinq b\u00e2timents un total de 135 appartements de 2,5 \u00e0 4,5 pi\u00e8ces, accessibles sans seuil et avec un ascenseur, et disposant de grands balcons. La nouvelle partie du quartier restera sans voitures.<\/p>\n<p>Selon la SGPK, l'un des cinq b\u00e2timents, le b\u00e2timent A octogonal pr\u00e8s de la place de retournement des bus, sera dot\u00e9 au rez-de-chauss\u00e9e de locaux utilisables par le public, par exemple pour une cr\u00e8che, des restaurants ou un cabinet m\u00e9dical. En outre, des espaces de coworking et une salle commune seront am\u00e9nag\u00e9s et g\u00e9r\u00e9s par la SGPK. Des appartements de 2,5 pi\u00e8ces sans obstacles sont pr\u00e9vus aux \u00e9tages sup\u00e9rieurs. Les quatre autres maisons sont des b\u00e2timents purement r\u00e9sidentiels.<\/p>\n<p>Selon la caisse de pension, les nouveaux b\u00e2timents seront construits et certifi\u00e9s selon le standard de construction durable SNBS. Une ma\u00e7onnerie \u00e0 double paroi garantira la long\u00e9vit\u00e9 et une isolation maximale du b\u00e2timent. Des installations photovolta\u00efques sur les toits produiront de l'\u00e9lectricit\u00e9 solaire que les locataires pourront acheter \u00e0 des conditions pr\u00e9f\u00e9rentielles. Le chauffage sera assur\u00e9 par le chauffage urbain. <em>(ah)<\/em><\/p>","protected":false},"excerpt":{"rendered":"<p>La caisse de pension saint-galloise SGPK veut construire cinq immeubles d'habitation avec un total de 135 logements dans le quartier saint-gallois de Wolfganghof. <\/p>","protected":false},"author":3,"featured_media":40038,"comment_status":"closed","ping_status":"closed","sticky":false,"template":"","format":"standard","meta":{"_acf_changed":false,"_yoast_wpseo_focuskw":"SGPK","_yoast_wpseo_title":"","_yoast_wpseo_metadesc":"Die St.Galler Pensionskasse SGPK will im St.Galler Quartier Wolfganghof f\u00fcnf Wohnh\u00e4user mit insgesamt 135 Wohnungen erstellen.","_yoast_wpseo_linkdex":73,"pgc_sgb_lightbox_settings":"","footnotes":""},"categories":[985],"tags":[1561,1600,1722,1863],"class_list":["post-40037","post","type-post","status-publish","format-standard","has-post-thumbnail","hentry","category-regionen","tag-pensionskasse","tag-projekt-in-planung","tag-st-gallen","tag-wohnimmobilien"],"acf":[],"yoast_head":"<!-- This site is optimized with the Yoast SEO plugin v27.4 - https:\/\/yoast.com\/product\/yoast-seo-wordpress\/ -->\n<title>SGPK plant n\u00e4chste Bauetappe im Wolfganghof - IMMOBILIEN Business<\/title>\n<meta name=\"description\" content=\"Die St.Galler Pensionskasse SGPK will im St.Galler Quartier Wolfganghof f\u00fcnf Wohnh\u00e4user mit insgesamt 135 Wohnungen erstellen.\" \/>\n<meta name=\"robots\" content=\"index, follow, max-snippet:-1, max-image-preview:large, max-video-preview:-1\" \/>\n<link rel=\"canonical\" href=\"https:\/\/www.immobilienbusiness.ch\/fr\/regionen\/2022-02-16\/sgpk-plant-naechste-bauetappe-im-wolfganghof\/\" \/>\n<meta property=\"og:locale\" content=\"fr_FR\" \/>\n<meta property=\"og:type\" content=\"article\" \/>\n<meta property=\"og:title\" content=\"SGPK plant n\u00e4chste Bauetappe im Wolfganghof - IMMOBILIEN Business\" \/>\n<meta property=\"og:description\" content=\"Die St.Galler Pensionskasse SGPK will im St.Galler Quartier Wolfganghof f\u00fcnf Wohnh\u00e4user mit insgesamt 135 Wohnungen erstellen.\" \/>\n<meta property=\"og:url\" content=\"https:\/\/www.immobilienbusiness.ch\/fr\/regionen\/2022-02-16\/sgpk-plant-naechste-bauetappe-im-wolfganghof\/\" \/>\n<meta property=\"og:site_name\" content=\"IMMOBILIEN Business\" \/>\n<meta property=\"article:publisher\" content=\"https:\/\/www.facebook.com\/immobilienbusiness\/\" \/>\n<meta property=\"article:published_time\" content=\"2022-02-16T07:51:24+00:00\" \/>\n<meta property=\"article:modified_time\" content=\"2022-02-16T07:52:11+00:00\" \/>\n<meta property=\"og:image\" content=\"https:\/\/www.immobilienbusiness.ch\/wp-content\/uploads\/2022\/02\/wolfganghof-sued-visualisierung-klein-scaled.jpg\" \/>\n\t<meta property=\"og:image:width\" content=\"1200\" \/>\n\t<meta property=\"og:image:height\" content=\"800\" \/>\n\t<meta property=\"og:image:type\" content=\"image\/jpeg\" \/>\n<meta name=\"author\" content=\"anja.hall\" \/>\n<meta name=\"twitter:card\" content=\"summary_large_image\" \/>\n<meta name=\"twitter:image\" content=\"https:\/\/www.immobilienbusiness.ch\/wp-content\/uploads\/2022\/02\/wolfganghof-sued-visualisierung-klein-scaled.jpg\" \/>\n<script type=\"application\/ld+json\" class=\"yoast-schema-graph\">{\"@context\":\"https:\\\/\\\/schema.org\",\"@graph\":[{\"@type\":\"Article\",\"@id\":\"https:\\\/\\\/www.immobilienbusiness.ch\\\/de\\\/regionen\\\/2022-02-16\\\/sgpk-plant-naechste-bauetappe-im-wolfganghof\\\/#article\",\"isPartOf\":{\"@id\":\"https:\\\/\\\/www.immobilienbusiness.ch\\\/de\\\/regionen\\\/2022-02-16\\\/sgpk-plant-naechste-bauetappe-im-wolfganghof\\\/\"},\"author\":{\"name\":\"anja.hall\",\"@id\":\"https:\\\/\\\/www.immobilienbusiness.ch\\\/#\\\/schema\\\/person\\\/3fc036297b10b9f42d6db5ee932af8c8\"},\"headline\":\"SGPK plant n\u00e4chste Bauetappe im Wolfganghof\",\"datePublished\":\"2022-02-16T07:51:24+00:00\",\"dateModified\":\"2022-02-16T07:52:11+00:00\",\"mainEntityOfPage\":{\"@id\":\"https:\\\/\\\/www.immobilienbusiness.ch\\\/de\\\/regionen\\\/2022-02-16\\\/sgpk-plant-naechste-bauetappe-im-wolfganghof\\\/\"},\"wordCount\":248,\"publisher\":{\"@id\":\"https:\\\/\\\/www.immobilienbusiness.ch\\\/#organization\"},\"image\":{\"@id\":\"https:\\\/\\\/www.immobilienbusiness.ch\\\/de\\\/regionen\\\/2022-02-16\\\/sgpk-plant-naechste-bauetappe-im-wolfganghof\\\/#primaryimage\"},\"thumbnailUrl\":\"https:\\\/\\\/www.immobilienbusiness.ch\\\/wp-content\\\/uploads\\\/2022\\\/02\\\/wolfganghof-sued-visualisierung-klein-scaled.jpg\",\"keywords\":[\"Pensionskasse\",\"Projekt in Planung\",\"St. Gallen\",\"Wohnimmobilien\"],\"articleSection\":[\"REGIONEN\"],\"inLanguage\":\"fr-FR\"},{\"@type\":\"WebPage\",\"@id\":\"https:\\\/\\\/www.immobilienbusiness.ch\\\/de\\\/regionen\\\/2022-02-16\\\/sgpk-plant-naechste-bauetappe-im-wolfganghof\\\/\",\"url\":\"https:\\\/\\\/www.immobilienbusiness.ch\\\/de\\\/regionen\\\/2022-02-16\\\/sgpk-plant-naechste-bauetappe-im-wolfganghof\\\/\",\"name\":\"SGPK plant n\u00e4chste Bauetappe im Wolfganghof - IMMOBILIEN Business\",\"isPartOf\":{\"@id\":\"https:\\\/\\\/www.immobilienbusiness.ch\\\/#website\"},\"primaryImageOfPage\":{\"@id\":\"https:\\\/\\\/www.immobilienbusiness.ch\\\/de\\\/regionen\\\/2022-02-16\\\/sgpk-plant-naechste-bauetappe-im-wolfganghof\\\/#primaryimage\"},\"image\":{\"@id\":\"https:\\\/\\\/www.immobilienbusiness.ch\\\/de\\\/regionen\\\/2022-02-16\\\/sgpk-plant-naechste-bauetappe-im-wolfganghof\\\/#primaryimage\"},\"thumbnailUrl\":\"https:\\\/\\\/www.immobilienbusiness.ch\\\/wp-content\\\/uploads\\\/2022\\\/02\\\/wolfganghof-sued-visualisierung-klein-scaled.jpg\",\"datePublished\":\"2022-02-16T07:51:24+00:00\",\"dateModified\":\"2022-02-16T07:52:11+00:00\",\"description\":\"Die St.Galler Pensionskasse SGPK will im St.Galler Quartier Wolfganghof f\u00fcnf Wohnh\u00e4user mit insgesamt 135 Wohnungen erstellen.\",\"breadcrumb\":{\"@id\":\"https:\\\/\\\/www.immobilienbusiness.ch\\\/de\\\/regionen\\\/2022-02-16\\\/sgpk-plant-naechste-bauetappe-im-wolfganghof\\\/#breadcrumb\"},\"inLanguage\":\"fr-FR\",\"potentialAction\":[{\"@type\":\"ReadAction\",\"target\":[\"https:\\\/\\\/www.immobilienbusiness.ch\\\/de\\\/regionen\\\/2022-02-16\\\/sgpk-plant-naechste-bauetappe-im-wolfganghof\\\/\"]}]},{\"@type\":\"ImageObject\",\"inLanguage\":\"fr-FR\",\"@id\":\"https:\\\/\\\/www.immobilienbusiness.ch\\\/de\\\/regionen\\\/2022-02-16\\\/sgpk-plant-naechste-bauetappe-im-wolfganghof\\\/#primaryimage\",\"url\":\"https:\\\/\\\/www.immobilienbusiness.ch\\\/wp-content\\\/uploads\\\/2022\\\/02\\\/wolfganghof-sued-visualisierung-klein-scaled.jpg\",\"contentUrl\":\"https:\\\/\\\/www.immobilienbusiness.ch\\\/wp-content\\\/uploads\\\/2022\\\/02\\\/wolfganghof-sued-visualisierung-klein-scaled.jpg\",\"width\":1200,\"height\":800,\"caption\":\"Visualisierung des Wolfganghofs S\u00fcd (Quelle: SGPK)\"},{\"@type\":\"BreadcrumbList\",\"@id\":\"https:\\\/\\\/www.immobilienbusiness.ch\\\/de\\\/regionen\\\/2022-02-16\\\/sgpk-plant-naechste-bauetappe-im-wolfganghof\\\/#breadcrumb\",\"itemListElement\":[{\"@type\":\"ListItem\",\"position\":1,\"name\":\"Home\",\"item\":\"https:\\\/\\\/www.immobilienbusiness.ch\\\/\"},{\"@type\":\"ListItem\",\"position\":2,\"name\":\"SGPK plant n\u00e4chste Bauetappe im Wolfganghof\"}]},{\"@type\":\"WebSite\",\"@id\":\"https:\\\/\\\/www.immobilienbusiness.ch\\\/#website\",\"url\":\"https:\\\/\\\/www.immobilienbusiness.ch\\\/\",\"name\":\"IMMOBILIEN Business\",\"description\":\"Unabh\u00e4ngiges Schweizer Wirtschaftsmagazin mit Fokus auf Immobilien, Architektur- und Bau sowie Investment- und Finanzierung.\",\"publisher\":{\"@id\":\"https:\\\/\\\/www.immobilienbusiness.ch\\\/#organization\"},\"potentialAction\":[{\"@type\":\"SearchAction\",\"target\":{\"@type\":\"EntryPoint\",\"urlTemplate\":\"https:\\\/\\\/www.immobilienbusiness.ch\\\/?s={search_term_string}\"},\"query-input\":{\"@type\":\"PropertyValueSpecification\",\"valueRequired\":true,\"valueName\":\"search_term_string\"}}],\"inLanguage\":\"fr-FR\"},{\"@type\":\"Organization\",\"@id\":\"https:\\\/\\\/www.immobilienbusiness.ch\\\/#organization\",\"name\":\"IMMOBILIEN Business\",\"url\":\"https:\\\/\\\/www.immobilienbusiness.ch\\\/\",\"logo\":{\"@type\":\"ImageObject\",\"inLanguage\":\"fr-FR\",\"@id\":\"https:\\\/\\\/www.immobilienbusiness.ch\\\/#\\\/schema\\\/logo\\\/image\\\/\",\"url\":\"https:\\\/\\\/www.immobilienbusiness.ch\\\/wp-content\\\/uploads\\\/2021\\\/07\\\/logo_ib.png\",\"contentUrl\":\"https:\\\/\\\/www.immobilienbusiness.ch\\\/wp-content\\\/uploads\\\/2021\\\/07\\\/logo_ib.png\",\"width\":800,\"height\":181,\"caption\":\"IMMOBILIEN Business\"},\"image\":{\"@id\":\"https:\\\/\\\/www.immobilienbusiness.ch\\\/#\\\/schema\\\/logo\\\/image\\\/\"},\"sameAs\":[\"https:\\\/\\\/www.facebook.com\\\/immobilienbusiness\\\/\"]},{\"@type\":\"Person\",\"@id\":\"https:\\\/\\\/www.immobilienbusiness.ch\\\/#\\\/schema\\\/person\\\/3fc036297b10b9f42d6db5ee932af8c8\",\"name\":\"anja.hall\",\"image\":{\"@type\":\"ImageObject\",\"inLanguage\":\"fr-FR\",\"@id\":\"https:\\\/\\\/secure.gravatar.com\\\/avatar\\\/066b5a0d447013502c71a5782f4f3469f03cfe595cc2329fb94652fe47511bfb?s=96&d=mm&r=g\",\"url\":\"https:\\\/\\\/secure.gravatar.com\\\/avatar\\\/066b5a0d447013502c71a5782f4f3469f03cfe595cc2329fb94652fe47511bfb?s=96&d=mm&r=g\",\"contentUrl\":\"https:\\\/\\\/secure.gravatar.com\\\/avatar\\\/066b5a0d447013502c71a5782f4f3469f03cfe595cc2329fb94652fe47511bfb?s=96&d=mm&r=g\",\"caption\":\"anja.hall\"},\"url\":\"https:\\\/\\\/www.immobilienbusiness.ch\\\/fr\\\/author\\\/anja-hall\\\/\"}]}<\/script>\n<!-- \/ Yoast SEO plugin. -->","yoast_head_json":{"title":"La SGPK pr\u00e9voit la prochaine \u00e9tape de construction au Wolfganghof - IMMOBILIER Business","description":"La caisse de pension saint-galloise SGPK veut construire cinq immeubles d'habitation avec un total de 135 logements dans le quartier saint-gallois de Wolfganghof.","robots":{"index":"index","follow":"follow","max-snippet":"max-snippet:-1","max-image-preview":"max-image-preview:large","max-video-preview":"max-video-preview:-1"},"canonical":"https:\/\/www.immobilienbusiness.ch\/fr\/regionen\/2022-02-16\/sgpk-plant-naechste-bauetappe-im-wolfganghof\/","og_locale":"fr_FR","og_type":"article","og_title":"SGPK plant n\u00e4chste Bauetappe im Wolfganghof - IMMOBILIEN Business","og_description":"Die St.Galler Pensionskasse SGPK will im St.Galler Quartier Wolfganghof f\u00fcnf Wohnh\u00e4user mit insgesamt 135 Wohnungen erstellen.","og_url":"https:\/\/www.immobilienbusiness.ch\/fr\/regionen\/2022-02-16\/sgpk-plant-naechste-bauetappe-im-wolfganghof\/","og_site_name":"IMMOBILIEN Business","article_publisher":"https:\/\/www.facebook.com\/immobilienbusiness\/","article_published_time":"2022-02-16T07:51:24+00:00","article_modified_time":"2022-02-16T07:52:11+00:00","og_image":[{"width":1200,"height":800,"url":"https:\/\/www.immobilienbusiness.ch\/wp-content\/uploads\/2022\/02\/wolfganghof-sued-visualisierung-klein-scaled.jpg","type":"image\/jpeg"}],"author":"anja.hall","twitter_card":"summary_large_image","twitter_image":"https:\/\/www.immobilienbusiness.ch\/wp-content\/uploads\/2022\/02\/wolfganghof-sued-visualisierung-klein-scaled.jpg","schema":{"@context":"https:\/\/schema.org","@graph":[{"@type":"Article","@id":"https:\/\/www.immobilienbusiness.ch\/de\/regionen\/2022-02-16\/sgpk-plant-naechste-bauetappe-im-wolfganghof\/#article","isPartOf":{"@id":"https:\/\/www.immobilienbusiness.ch\/de\/regionen\/2022-02-16\/sgpk-plant-naechste-bauetappe-im-wolfganghof\/"},"author":{"name":"anja.hall","@id":"https:\/\/www.immobilienbusiness.ch\/#\/schema\/person\/3fc036297b10b9f42d6db5ee932af8c8"},"headline":"SGPK plant n\u00e4chste Bauetappe im Wolfganghof","datePublished":"2022-02-16T07:51:24+00:00","dateModified":"2022-02-16T07:52:11+00:00","mainEntityOfPage":{"@id":"https:\/\/www.immobilienbusiness.ch\/de\/regionen\/2022-02-16\/sgpk-plant-naechste-bauetappe-im-wolfganghof\/"},"wordCount":248,"publisher":{"@id":"https:\/\/www.immobilienbusiness.ch\/#organization"},"image":{"@id":"https:\/\/www.immobilienbusiness.ch\/de\/regionen\/2022-02-16\/sgpk-plant-naechste-bauetappe-im-wolfganghof\/#primaryimage"},"thumbnailUrl":"https:\/\/www.immobilienbusiness.ch\/wp-content\/uploads\/2022\/02\/wolfganghof-sued-visualisierung-klein-scaled.jpg","keywords":["Pensionskasse","Projekt in Planung","St. Gallen","Wohnimmobilien"],"articleSection":["REGIONEN"],"inLanguage":"fr-FR"},{"@type":"WebPage","@id":"https:\/\/www.immobilienbusiness.ch\/de\/regionen\/2022-02-16\/sgpk-plant-naechste-bauetappe-im-wolfganghof\/","url":"https:\/\/www.immobilienbusiness.ch\/de\/regionen\/2022-02-16\/sgpk-plant-naechste-bauetappe-im-wolfganghof\/","name":"La SGPK pr\u00e9voit la prochaine \u00e9tape de construction au Wolfganghof - IMMOBILIER Business","isPartOf":{"@id":"https:\/\/www.immobilienbusiness.ch\/#website"},"primaryImageOfPage":{"@id":"https:\/\/www.immobilienbusiness.ch\/de\/regionen\/2022-02-16\/sgpk-plant-naechste-bauetappe-im-wolfganghof\/#primaryimage"},"image":{"@id":"https:\/\/www.immobilienbusiness.ch\/de\/regionen\/2022-02-16\/sgpk-plant-naechste-bauetappe-im-wolfganghof\/#primaryimage"},"thumbnailUrl":"https:\/\/www.immobilienbusiness.ch\/wp-content\/uploads\/2022\/02\/wolfganghof-sued-visualisierung-klein-scaled.jpg","datePublished":"2022-02-16T07:51:24+00:00","dateModified":"2022-02-16T07:52:11+00:00","description":"La caisse de pension saint-galloise SGPK veut construire cinq immeubles d'habitation avec un total de 135 logements dans le quartier saint-gallois de Wolfganghof.","breadcrumb":{"@id":"https:\/\/www.immobilienbusiness.ch\/de\/regionen\/2022-02-16\/sgpk-plant-naechste-bauetappe-im-wolfganghof\/#breadcrumb"},"inLanguage":"fr-FR","potentialAction":[{"@type":"ReadAction","target":["https:\/\/www.immobilienbusiness.ch\/de\/regionen\/2022-02-16\/sgpk-plant-naechste-bauetappe-im-wolfganghof\/"]}]},{"@type":"ImageObject","inLanguage":"fr-FR","@id":"https:\/\/www.immobilienbusiness.ch\/de\/regionen\/2022-02-16\/sgpk-plant-naechste-bauetappe-im-wolfganghof\/#primaryimage","url":"https:\/\/www.immobilienbusiness.ch\/wp-content\/uploads\/2022\/02\/wolfganghof-sued-visualisierung-klein-scaled.jpg","contentUrl":"https:\/\/www.immobilienbusiness.ch\/wp-content\/uploads\/2022\/02\/wolfganghof-sued-visualisierung-klein-scaled.jpg","width":1200,"height":800,"caption":"Visualisierung des Wolfganghofs S\u00fcd (Quelle: SGPK)"},{"@type":"BreadcrumbList","@id":"https:\/\/www.immobilienbusiness.ch\/de\/regionen\/2022-02-16\/sgpk-plant-naechste-bauetappe-im-wolfganghof\/#breadcrumb","itemListElement":[{"@type":"ListItem","position":1,"name":"Home","item":"https:\/\/www.immobilienbusiness.ch\/"},{"@type":"ListItem","position":2,"name":"SGPK plant n\u00e4chste Bauetappe im Wolfganghof"}]},{"@type":"WebSite","@id":"https:\/\/www.immobilienbusiness.ch\/#website","url":"https:\/\/www.immobilienbusiness.ch\/","name":"IMMOBILIER Business","description":"Magazine \u00e9conomique suisse ind\u00e9pendant ax\u00e9 sur l'immobilier, l'architecture et la construction ainsi que sur les investissements et le financement.","publisher":{"@id":"https:\/\/www.immobilienbusiness.ch\/#organization"},"potentialAction":[{"@type":"SearchAction","target":{"@type":"EntryPoint","urlTemplate":"https:\/\/www.immobilienbusiness.ch\/?s={search_term_string}"},"query-input":{"@type":"PropertyValueSpecification","valueRequired":true,"valueName":"search_term_string"}}],"inLanguage":"fr-FR"},{"@type":"Organization","@id":"https:\/\/www.immobilienbusiness.ch\/#organization","name":"IMMOBILIER Business","url":"https:\/\/www.immobilienbusiness.ch\/","logo":{"@type":"ImageObject","inLanguage":"fr-FR","@id":"https:\/\/www.immobilienbusiness.ch\/#\/schema\/logo\/image\/","url":"https:\/\/www.immobilienbusiness.ch\/wp-content\/uploads\/2021\/07\/logo_ib.png","contentUrl":"https:\/\/www.immobilienbusiness.ch\/wp-content\/uploads\/2021\/07\/logo_ib.png","width":800,"height":181,"caption":"IMMOBILIEN Business"},"image":{"@id":"https:\/\/www.immobilienbusiness.ch\/#\/schema\/logo\/image\/"},"sameAs":["https:\/\/www.facebook.com\/immobilienbusiness\/"]},{"@type":"Person","@id":"https:\/\/www.immobilienbusiness.ch\/#\/schema\/person\/3fc036297b10b9f42d6db5ee932af8c8","name":"anja.hall","image":{"@type":"ImageObject","inLanguage":"fr-FR","@id":"https:\/\/secure.gravatar.com\/avatar\/066b5a0d447013502c71a5782f4f3469f03cfe595cc2329fb94652fe47511bfb?s=96&d=mm&r=g","url":"https:\/\/secure.gravatar.com\/avatar\/066b5a0d447013502c71a5782f4f3469f03cfe595cc2329fb94652fe47511bfb?s=96&d=mm&r=g","contentUrl":"https:\/\/secure.gravatar.com\/avatar\/066b5a0d447013502c71a5782f4f3469f03cfe595cc2329fb94652fe47511bfb?s=96&d=mm&r=g","caption":"anja.hall"},"url":"https:\/\/www.immobilienbusiness.ch\/fr\/author\/anja-hall\/"}]}},"_links":{"self":[{"href":"https:\/\/www.immobilienbusiness.ch\/fr\/wp-json\/wp\/v2\/posts\/40037","targetHints":{"allow":["GET"]}}],"collection":[{"href":"https:\/\/www.immobilienbusiness.ch\/fr\/wp-json\/wp\/v2\/posts"}],"about":[{"href":"https:\/\/www.immobilienbusiness.ch\/fr\/wp-json\/wp\/v2\/types\/post"}],"author":[{"embeddable":true,"href":"https:\/\/www.immobilienbusiness.ch\/fr\/wp-json\/wp\/v2\/users\/3"}],"replies":[{"embeddable":true,"href":"https:\/\/www.immobilienbusiness.ch\/fr\/wp-json\/wp\/v2\/comments?post=40037"}],"version-history":[{"count":1,"href":"https:\/\/www.immobilienbusiness.ch\/fr\/wp-json\/wp\/v2\/posts\/40037\/revisions"}],"predecessor-version":[{"id":40039,"href":"https:\/\/www.immobilienbusiness.ch\/fr\/wp-json\/wp\/v2\/posts\/40037\/revisions\/40039"}],"wp:featuredmedia":[{"embeddable":true,"href":"https:\/\/www.immobilienbusiness.ch\/fr\/wp-json\/wp\/v2\/media\/40038"}],"wp:attachment":[{"href":"https:\/\/www.immobilienbusiness.ch\/fr\/wp-json\/wp\/v2\/media?parent=40037"}],"wp:term":[{"taxonomy":"category","embeddable":true,"href":"https:\/\/www.immobilienbusiness.ch\/fr\/wp-json\/wp\/v2\/categories?post=40037"},{"taxonomy":"post_tag","embeddable":true,"href":"https:\/\/www.immobilienbusiness.ch\/fr\/wp-json\/wp\/v2\/tags?post=40037"}],"curies":[{"name":"wp","href":"https:\/\/api.w.org\/{rel}","templated":true}]}}