{"id":39979,"date":"2022-02-09T08:40:50","date_gmt":"2022-02-09T07:40:50","guid":{"rendered":"https:\/\/www.immobilienbusiness.ch\/?p=39979"},"modified":"2022-02-09T08:40:50","modified_gmt":"2022-02-09T07:40:50","slug":"hotel-ascot-in-zuerich-unter-neuer-flagge","status":"publish","type":"post","link":"https:\/\/www.immobilienbusiness.ch\/fr\/regionen\/2022-02-09\/hotel-ascot-in-zuerich-unter-neuer-flagge\/","title":{"rendered":"L'h\u00f4tel Ascot de Zurich sous un nouveau drapeau"},"content":{"rendered":"<figure id=\"attachment_39980\" aria-describedby=\"caption-attachment-39980\" style=\"width: 1200px\" class=\"wp-caption alignnone\"><a href=\"https:\/\/www.immobilienbusiness.ch\/wp-content\/uploads\/2022\/02\/Hotel-Ascot-Photo-1.jpg\"><img loading=\"lazy\" decoding=\"async\" class=\"size-full wp-image-39980\" src=\"https:\/\/www.immobilienbusiness.ch\/wp-content\/uploads\/2022\/02\/Hotel-Ascot-Photo-1.jpg\" alt=\"\" width=\"1200\" height=\"800\" srcset=\"https:\/\/www.immobilienbusiness.ch\/wp-content\/uploads\/2022\/02\/Hotel-Ascot-Photo-1.jpg 1200w, https:\/\/www.immobilienbusiness.ch\/wp-content\/uploads\/2022\/02\/Hotel-Ascot-Photo-1-300x200.jpg 300w, https:\/\/www.immobilienbusiness.ch\/wp-content\/uploads\/2022\/02\/Hotel-Ascot-Photo-1-1024x683.jpg 1024w, https:\/\/www.immobilienbusiness.ch\/wp-content\/uploads\/2022\/02\/Hotel-Ascot-Photo-1-768x512.jpg 768w, https:\/\/www.immobilienbusiness.ch\/wp-content\/uploads\/2022\/02\/Hotel-Ascot-Photo-1-18x12.jpg 18w, https:\/\/www.immobilienbusiness.ch\/wp-content\/uploads\/2022\/02\/Hotel-Ascot-Photo-1-263x175.jpg 263w, https:\/\/www.immobilienbusiness.ch\/wp-content\/uploads\/2022\/02\/Hotel-Ascot-Photo-1-525x350.jpg 525w, https:\/\/www.immobilienbusiness.ch\/wp-content\/uploads\/2022\/02\/Hotel-Ascot-Photo-1-920x613.jpg 920w\" sizes=\"auto, (max-width: 1200px) 100vw, 1200px\" \/><\/a><figcaption id=\"caption-attachment-39980\" class=\"wp-caption-text\">L'h\u00f4tel Ascot \u00e0 Zurich (source : Edyn Ltd.)<\/figcaption><\/figure>\n<p>La cha\u00eene d'h\u00f4tels britannique Edyn Ltd, Londres, qui se concentre sur le segment des extended stay et des serviced apartments, a r\u00e9cemment fait son entr\u00e9e sur le march\u00e9 suisse avec sa marque lifestyle Locke : \u00c0 Zurich, la soci\u00e9t\u00e9 a repris l'h\u00f4tel Ascot, qui devrait rouvrir ses portes en tant qu'h\u00f4tel Extended Stay \u00e0 l'\u00e9t\u00e9 2023, une fois les travaux de r\u00e9novation pr\u00e9vus termin\u00e9s. Construit dans les ann\u00e9es 1950 dans le quartier de l'Enge, ce b\u00e2timent de six \u00e9tages (3.700 m\u00b2) devrait \u00e0 l'avenir offrir 80 chambres (studios et suites \u00e0 un lit) ainsi qu'un restaurant, un bar et un caf\u00e9.<\/p>\n<p>L'acquisition r\u00e9cente du march\u00e9 Locke est l'une des \"rares occasions de s'implanter sur le march\u00e9 strat\u00e9gique de Zurich\", a d\u00e9clar\u00e9 Stephen McCall, CEO d'Edyn. Le moment semble propice pour l'entr\u00e9e de Locke sur le march\u00e9, d'autant plus que le secteur de l'h\u00f4tellerie et de la restauration hybrides a r\u00e9cemment connu une croissance consid\u00e9rable en raison de l'\u00e9volution des exigences des voyageurs et des nouvelles tendances de consommation.<\/p>\n<p>Le prix d'achat de l'h\u00f4tel Ascot, qui a d\u00fb fermer ses portes en octobre 2020 suite \u00e0 la pand\u00e9mie, n'est pas connu. Comme l'indique Edyn, Blackstone Mortgage Trust et KSL Capital Partners ont \u00e9tendu le financement existant, une facilit\u00e9 de financement multi-actifs de 195 millions de livres sterling, afin de permettre l'acquisition. Avec cette acquisition, Edyn poursuit l'expansion europ\u00e9enne rapide de la marque Locke, qui a ouvert de nouveaux \u00e9tablissements en 2021 dans six nouvelles villes, dont Londres, Cambridge, Dublin et Munich. <em>(M.ARR.)<\/em><\/p>","protected":false},"excerpt":{"rendered":"<p>Une premi\u00e8re suisse pour la marque lifestyle Locke : la cha\u00eene h\u00f4teli\u00e8re britannique Edyn a acquis l'h\u00f4tel Ascot dans le quartier zurichois d'Enge. <\/p>","protected":false},"author":3,"featured_media":39980,"comment_status":"closed","ping_status":"closed","sticky":false,"template":"","format":"standard","meta":{"_acf_changed":false,"_yoast_wpseo_focuskw":"Ascot","_yoast_wpseo_title":"","_yoast_wpseo_metadesc":"Schweizer Premiere f\u00fcr die Lifestyle-Marke Locke: Die britische Hotelkette Edyn hat das Hotel Ascot im Z\u00fcrcher Stadtquartier Enge erworben.","_yoast_wpseo_linkdex":71,"pgc_sgb_lightbox_settings":"","footnotes":""},"categories":[985],"tags":[1313,1355,1888],"class_list":["post-39979","post","type-post","status-publish","format-standard","has-post-thumbnail","hentry","category-regionen","tag-hotel","tag-immobilienverkauf","tag-zuerich"],"acf":[],"yoast_head":"<!-- This site is optimized with the Yoast SEO plugin v27.4 - https:\/\/yoast.com\/product\/yoast-seo-wordpress\/ -->\n<title>Hotel Ascot in Z\u00fcrich unter neuer Flagge - IMMOBILIEN Business<\/title>\n<meta name=\"description\" content=\"Schweizer Premiere f\u00fcr die Lifestyle-Marke Locke: Die britische Hotelkette Edyn hat das Hotel Ascot im Z\u00fcrcher Stadtquartier Enge erworben.\" \/>\n<meta name=\"robots\" content=\"index, follow, max-snippet:-1, max-image-preview:large, max-video-preview:-1\" \/>\n<link rel=\"canonical\" href=\"https:\/\/www.immobilienbusiness.ch\/fr\/regionen\/2022-02-09\/hotel-ascot-in-zuerich-unter-neuer-flagge\/\" \/>\n<meta property=\"og:locale\" content=\"fr_FR\" \/>\n<meta property=\"og:type\" content=\"article\" \/>\n<meta property=\"og:title\" content=\"Hotel Ascot in Z\u00fcrich unter neuer Flagge - IMMOBILIEN Business\" \/>\n<meta property=\"og:description\" content=\"Schweizer Premiere f\u00fcr die Lifestyle-Marke Locke: Die britische Hotelkette Edyn hat das Hotel Ascot im Z\u00fcrcher Stadtquartier Enge erworben.\" \/>\n<meta property=\"og:url\" content=\"https:\/\/www.immobilienbusiness.ch\/fr\/regionen\/2022-02-09\/hotel-ascot-in-zuerich-unter-neuer-flagge\/\" \/>\n<meta property=\"og:site_name\" content=\"IMMOBILIEN Business\" \/>\n<meta property=\"article:publisher\" content=\"https:\/\/www.facebook.com\/immobilienbusiness\/\" \/>\n<meta property=\"article:published_time\" content=\"2022-02-09T07:40:50+00:00\" \/>\n<meta property=\"og:image\" content=\"https:\/\/www.immobilienbusiness.ch\/wp-content\/uploads\/2022\/02\/Hotel-Ascot-Photo-1.jpg\" \/>\n\t<meta property=\"og:image:width\" content=\"1200\" \/>\n\t<meta property=\"og:image:height\" content=\"800\" \/>\n\t<meta property=\"og:image:type\" content=\"image\/jpeg\" \/>\n<meta name=\"author\" content=\"anja.hall\" \/>\n<meta name=\"twitter:card\" content=\"summary_large_image\" \/>\n<meta name=\"twitter:image\" content=\"https:\/\/www.immobilienbusiness.ch\/wp-content\/uploads\/2022\/02\/Hotel-Ascot-Photo-1.jpg\" \/>\n<script type=\"application\/ld+json\" class=\"yoast-schema-graph\">{\"@context\":\"https:\\\/\\\/schema.org\",\"@graph\":[{\"@type\":\"Article\",\"@id\":\"https:\\\/\\\/www.immobilienbusiness.ch\\\/fr\\\/regionen\\\/2022-02-09\\\/hotel-ascot-in-zuerich-unter-neuer-flagge\\\/#article\",\"isPartOf\":{\"@id\":\"https:\\\/\\\/www.immobilienbusiness.ch\\\/fr\\\/regionen\\\/2022-02-09\\\/hotel-ascot-in-zuerich-unter-neuer-flagge\\\/\"},\"author\":{\"name\":\"anja.hall\",\"@id\":\"https:\\\/\\\/www.immobilienbusiness.ch\\\/#\\\/schema\\\/person\\\/3fc036297b10b9f42d6db5ee932af8c8\"},\"headline\":\"Hotel Ascot in Z\u00fcrich unter neuer Flagge\",\"datePublished\":\"2022-02-09T07:40:50+00:00\",\"mainEntityOfPage\":{\"@id\":\"https:\\\/\\\/www.immobilienbusiness.ch\\\/fr\\\/regionen\\\/2022-02-09\\\/hotel-ascot-in-zuerich-unter-neuer-flagge\\\/\"},\"wordCount\":252,\"publisher\":{\"@id\":\"https:\\\/\\\/www.immobilienbusiness.ch\\\/#organization\"},\"image\":{\"@id\":\"https:\\\/\\\/www.immobilienbusiness.ch\\\/fr\\\/regionen\\\/2022-02-09\\\/hotel-ascot-in-zuerich-unter-neuer-flagge\\\/#primaryimage\"},\"thumbnailUrl\":\"https:\\\/\\\/www.immobilienbusiness.ch\\\/wp-content\\\/uploads\\\/2022\\\/02\\\/Hotel-Ascot-Photo-1.jpg\",\"keywords\":[\"Hotel\",\"Immobilienverkauf\",\"Z\u00fcrich\"],\"articleSection\":[\"REGIONEN\"],\"inLanguage\":\"fr-FR\"},{\"@type\":\"WebPage\",\"@id\":\"https:\\\/\\\/www.immobilienbusiness.ch\\\/fr\\\/regionen\\\/2022-02-09\\\/hotel-ascot-in-zuerich-unter-neuer-flagge\\\/\",\"url\":\"https:\\\/\\\/www.immobilienbusiness.ch\\\/fr\\\/regionen\\\/2022-02-09\\\/hotel-ascot-in-zuerich-unter-neuer-flagge\\\/\",\"name\":\"Hotel Ascot in Z\u00fcrich unter neuer Flagge - IMMOBILIEN Business\",\"isPartOf\":{\"@id\":\"https:\\\/\\\/www.immobilienbusiness.ch\\\/#website\"},\"primaryImageOfPage\":{\"@id\":\"https:\\\/\\\/www.immobilienbusiness.ch\\\/fr\\\/regionen\\\/2022-02-09\\\/hotel-ascot-in-zuerich-unter-neuer-flagge\\\/#primaryimage\"},\"image\":{\"@id\":\"https:\\\/\\\/www.immobilienbusiness.ch\\\/fr\\\/regionen\\\/2022-02-09\\\/hotel-ascot-in-zuerich-unter-neuer-flagge\\\/#primaryimage\"},\"thumbnailUrl\":\"https:\\\/\\\/www.immobilienbusiness.ch\\\/wp-content\\\/uploads\\\/2022\\\/02\\\/Hotel-Ascot-Photo-1.jpg\",\"datePublished\":\"2022-02-09T07:40:50+00:00\",\"description\":\"Schweizer Premiere f\u00fcr die Lifestyle-Marke Locke: Die britische Hotelkette Edyn hat das Hotel Ascot im Z\u00fcrcher Stadtquartier Enge erworben.\",\"breadcrumb\":{\"@id\":\"https:\\\/\\\/www.immobilienbusiness.ch\\\/fr\\\/regionen\\\/2022-02-09\\\/hotel-ascot-in-zuerich-unter-neuer-flagge\\\/#breadcrumb\"},\"inLanguage\":\"fr-FR\",\"potentialAction\":[{\"@type\":\"ReadAction\",\"target\":[\"https:\\\/\\\/www.immobilienbusiness.ch\\\/fr\\\/regionen\\\/2022-02-09\\\/hotel-ascot-in-zuerich-unter-neuer-flagge\\\/\"]}]},{\"@type\":\"ImageObject\",\"inLanguage\":\"fr-FR\",\"@id\":\"https:\\\/\\\/www.immobilienbusiness.ch\\\/fr\\\/regionen\\\/2022-02-09\\\/hotel-ascot-in-zuerich-unter-neuer-flagge\\\/#primaryimage\",\"url\":\"https:\\\/\\\/www.immobilienbusiness.ch\\\/wp-content\\\/uploads\\\/2022\\\/02\\\/Hotel-Ascot-Photo-1.jpg\",\"contentUrl\":\"https:\\\/\\\/www.immobilienbusiness.ch\\\/wp-content\\\/uploads\\\/2022\\\/02\\\/Hotel-Ascot-Photo-1.jpg\",\"width\":1200,\"height\":800,\"caption\":\"Das Hotel Ascot in Z\u00fcrich (Quelle: Edyn Ltd.)\"},{\"@type\":\"BreadcrumbList\",\"@id\":\"https:\\\/\\\/www.immobilienbusiness.ch\\\/fr\\\/regionen\\\/2022-02-09\\\/hotel-ascot-in-zuerich-unter-neuer-flagge\\\/#breadcrumb\",\"itemListElement\":[{\"@type\":\"ListItem\",\"position\":1,\"name\":\"Home\",\"item\":\"https:\\\/\\\/www.immobilienbusiness.ch\\\/\"},{\"@type\":\"ListItem\",\"position\":2,\"name\":\"Hotel Ascot in Z\u00fcrich unter neuer Flagge\"}]},{\"@type\":\"WebSite\",\"@id\":\"https:\\\/\\\/www.immobilienbusiness.ch\\\/#website\",\"url\":\"https:\\\/\\\/www.immobilienbusiness.ch\\\/\",\"name\":\"IMMOBILIEN Business\",\"description\":\"Unabh\u00e4ngiges Schweizer Wirtschaftsmagazin mit Fokus auf Immobilien, Architektur- und Bau sowie Investment- und Finanzierung.\",\"publisher\":{\"@id\":\"https:\\\/\\\/www.immobilienbusiness.ch\\\/#organization\"},\"potentialAction\":[{\"@type\":\"SearchAction\",\"target\":{\"@type\":\"EntryPoint\",\"urlTemplate\":\"https:\\\/\\\/www.immobilienbusiness.ch\\\/?s={search_term_string}\"},\"query-input\":{\"@type\":\"PropertyValueSpecification\",\"valueRequired\":true,\"valueName\":\"search_term_string\"}}],\"inLanguage\":\"fr-FR\"},{\"@type\":\"Organization\",\"@id\":\"https:\\\/\\\/www.immobilienbusiness.ch\\\/#organization\",\"name\":\"IMMOBILIEN Business\",\"url\":\"https:\\\/\\\/www.immobilienbusiness.ch\\\/\",\"logo\":{\"@type\":\"ImageObject\",\"inLanguage\":\"fr-FR\",\"@id\":\"https:\\\/\\\/www.immobilienbusiness.ch\\\/#\\\/schema\\\/logo\\\/image\\\/\",\"url\":\"https:\\\/\\\/www.immobilienbusiness.ch\\\/wp-content\\\/uploads\\\/2021\\\/07\\\/logo_ib.png\",\"contentUrl\":\"https:\\\/\\\/www.immobilienbusiness.ch\\\/wp-content\\\/uploads\\\/2021\\\/07\\\/logo_ib.png\",\"width\":800,\"height\":181,\"caption\":\"IMMOBILIEN Business\"},\"image\":{\"@id\":\"https:\\\/\\\/www.immobilienbusiness.ch\\\/#\\\/schema\\\/logo\\\/image\\\/\"},\"sameAs\":[\"https:\\\/\\\/www.facebook.com\\\/immobilienbusiness\\\/\"]},{\"@type\":\"Person\",\"@id\":\"https:\\\/\\\/www.immobilienbusiness.ch\\\/#\\\/schema\\\/person\\\/3fc036297b10b9f42d6db5ee932af8c8\",\"name\":\"anja.hall\",\"image\":{\"@type\":\"ImageObject\",\"inLanguage\":\"fr-FR\",\"@id\":\"https:\\\/\\\/secure.gravatar.com\\\/avatar\\\/066b5a0d447013502c71a5782f4f3469f03cfe595cc2329fb94652fe47511bfb?s=96&d=mm&r=g\",\"url\":\"https:\\\/\\\/secure.gravatar.com\\\/avatar\\\/066b5a0d447013502c71a5782f4f3469f03cfe595cc2329fb94652fe47511bfb?s=96&d=mm&r=g\",\"contentUrl\":\"https:\\\/\\\/secure.gravatar.com\\\/avatar\\\/066b5a0d447013502c71a5782f4f3469f03cfe595cc2329fb94652fe47511bfb?s=96&d=mm&r=g\",\"caption\":\"anja.hall\"},\"url\":\"https:\\\/\\\/www.immobilienbusiness.ch\\\/fr\\\/author\\\/anja-hall\\\/\"}]}<\/script>\n<!-- \/ Yoast SEO plugin. -->","yoast_head_json":{"title":"L'h\u00f4tel Ascot de Zurich sous un nouveau drapeau - IMMOBILIER Business","description":"Une premi\u00e8re suisse pour la marque lifestyle Locke : la cha\u00eene h\u00f4teli\u00e8re britannique Edyn a acquis l'h\u00f4tel Ascot dans le quartier zurichois d'Enge.","robots":{"index":"index","follow":"follow","max-snippet":"max-snippet:-1","max-image-preview":"max-image-preview:large","max-video-preview":"max-video-preview:-1"},"canonical":"https:\/\/www.immobilienbusiness.ch\/fr\/regionen\/2022-02-09\/hotel-ascot-in-zuerich-unter-neuer-flagge\/","og_locale":"fr_FR","og_type":"article","og_title":"Hotel Ascot in Z\u00fcrich unter neuer Flagge - IMMOBILIEN Business","og_description":"Schweizer Premiere f\u00fcr die Lifestyle-Marke Locke: Die britische Hotelkette Edyn hat das Hotel Ascot im Z\u00fcrcher Stadtquartier Enge erworben.","og_url":"https:\/\/www.immobilienbusiness.ch\/fr\/regionen\/2022-02-09\/hotel-ascot-in-zuerich-unter-neuer-flagge\/","og_site_name":"IMMOBILIEN Business","article_publisher":"https:\/\/www.facebook.com\/immobilienbusiness\/","article_published_time":"2022-02-09T07:40:50+00:00","og_image":[{"width":1200,"height":800,"url":"https:\/\/www.immobilienbusiness.ch\/wp-content\/uploads\/2022\/02\/Hotel-Ascot-Photo-1.jpg","type":"image\/jpeg"}],"author":"anja.hall","twitter_card":"summary_large_image","twitter_image":"https:\/\/www.immobilienbusiness.ch\/wp-content\/uploads\/2022\/02\/Hotel-Ascot-Photo-1.jpg","schema":{"@context":"https:\/\/schema.org","@graph":[{"@type":"Article","@id":"https:\/\/www.immobilienbusiness.ch\/fr\/regionen\/2022-02-09\/hotel-ascot-in-zuerich-unter-neuer-flagge\/#article","isPartOf":{"@id":"https:\/\/www.immobilienbusiness.ch\/fr\/regionen\/2022-02-09\/hotel-ascot-in-zuerich-unter-neuer-flagge\/"},"author":{"name":"anja.hall","@id":"https:\/\/www.immobilienbusiness.ch\/#\/schema\/person\/3fc036297b10b9f42d6db5ee932af8c8"},"headline":"Hotel Ascot in Z\u00fcrich unter neuer Flagge","datePublished":"2022-02-09T07:40:50+00:00","mainEntityOfPage":{"@id":"https:\/\/www.immobilienbusiness.ch\/fr\/regionen\/2022-02-09\/hotel-ascot-in-zuerich-unter-neuer-flagge\/"},"wordCount":252,"publisher":{"@id":"https:\/\/www.immobilienbusiness.ch\/#organization"},"image":{"@id":"https:\/\/www.immobilienbusiness.ch\/fr\/regionen\/2022-02-09\/hotel-ascot-in-zuerich-unter-neuer-flagge\/#primaryimage"},"thumbnailUrl":"https:\/\/www.immobilienbusiness.ch\/wp-content\/uploads\/2022\/02\/Hotel-Ascot-Photo-1.jpg","keywords":["Hotel","Immobilienverkauf","Z\u00fcrich"],"articleSection":["REGIONEN"],"inLanguage":"fr-FR"},{"@type":"WebPage","@id":"https:\/\/www.immobilienbusiness.ch\/fr\/regionen\/2022-02-09\/hotel-ascot-in-zuerich-unter-neuer-flagge\/","url":"https:\/\/www.immobilienbusiness.ch\/fr\/regionen\/2022-02-09\/hotel-ascot-in-zuerich-unter-neuer-flagge\/","name":"L'h\u00f4tel Ascot de Zurich sous un nouveau drapeau - IMMOBILIER Business","isPartOf":{"@id":"https:\/\/www.immobilienbusiness.ch\/#website"},"primaryImageOfPage":{"@id":"https:\/\/www.immobilienbusiness.ch\/fr\/regionen\/2022-02-09\/hotel-ascot-in-zuerich-unter-neuer-flagge\/#primaryimage"},"image":{"@id":"https:\/\/www.immobilienbusiness.ch\/fr\/regionen\/2022-02-09\/hotel-ascot-in-zuerich-unter-neuer-flagge\/#primaryimage"},"thumbnailUrl":"https:\/\/www.immobilienbusiness.ch\/wp-content\/uploads\/2022\/02\/Hotel-Ascot-Photo-1.jpg","datePublished":"2022-02-09T07:40:50+00:00","description":"Une premi\u00e8re suisse pour la marque lifestyle Locke : la cha\u00eene h\u00f4teli\u00e8re britannique Edyn a acquis l'h\u00f4tel Ascot dans le quartier zurichois d'Enge.","breadcrumb":{"@id":"https:\/\/www.immobilienbusiness.ch\/fr\/regionen\/2022-02-09\/hotel-ascot-in-zuerich-unter-neuer-flagge\/#breadcrumb"},"inLanguage":"fr-FR","potentialAction":[{"@type":"ReadAction","target":["https:\/\/www.immobilienbusiness.ch\/fr\/regionen\/2022-02-09\/hotel-ascot-in-zuerich-unter-neuer-flagge\/"]}]},{"@type":"ImageObject","inLanguage":"fr-FR","@id":"https:\/\/www.immobilienbusiness.ch\/fr\/regionen\/2022-02-09\/hotel-ascot-in-zuerich-unter-neuer-flagge\/#primaryimage","url":"https:\/\/www.immobilienbusiness.ch\/wp-content\/uploads\/2022\/02\/Hotel-Ascot-Photo-1.jpg","contentUrl":"https:\/\/www.immobilienbusiness.ch\/wp-content\/uploads\/2022\/02\/Hotel-Ascot-Photo-1.jpg","width":1200,"height":800,"caption":"Das Hotel Ascot in Z\u00fcrich (Quelle: Edyn Ltd.)"},{"@type":"BreadcrumbList","@id":"https:\/\/www.immobilienbusiness.ch\/fr\/regionen\/2022-02-09\/hotel-ascot-in-zuerich-unter-neuer-flagge\/#breadcrumb","itemListElement":[{"@type":"ListItem","position":1,"name":"Home","item":"https:\/\/www.immobilienbusiness.ch\/"},{"@type":"ListItem","position":2,"name":"Hotel Ascot in Z\u00fcrich unter neuer Flagge"}]},{"@type":"WebSite","@id":"https:\/\/www.immobilienbusiness.ch\/#website","url":"https:\/\/www.immobilienbusiness.ch\/","name":"IMMOBILIER Business","description":"Magazine \u00e9conomique suisse ind\u00e9pendant ax\u00e9 sur l'immobilier, l'architecture et la construction ainsi que sur les investissements et le financement.","publisher":{"@id":"https:\/\/www.immobilienbusiness.ch\/#organization"},"potentialAction":[{"@type":"SearchAction","target":{"@type":"EntryPoint","urlTemplate":"https:\/\/www.immobilienbusiness.ch\/?s={search_term_string}"},"query-input":{"@type":"PropertyValueSpecification","valueRequired":true,"valueName":"search_term_string"}}],"inLanguage":"fr-FR"},{"@type":"Organization","@id":"https:\/\/www.immobilienbusiness.ch\/#organization","name":"IMMOBILIER Business","url":"https:\/\/www.immobilienbusiness.ch\/","logo":{"@type":"ImageObject","inLanguage":"fr-FR","@id":"https:\/\/www.immobilienbusiness.ch\/#\/schema\/logo\/image\/","url":"https:\/\/www.immobilienbusiness.ch\/wp-content\/uploads\/2021\/07\/logo_ib.png","contentUrl":"https:\/\/www.immobilienbusiness.ch\/wp-content\/uploads\/2021\/07\/logo_ib.png","width":800,"height":181,"caption":"IMMOBILIEN Business"},"image":{"@id":"https:\/\/www.immobilienbusiness.ch\/#\/schema\/logo\/image\/"},"sameAs":["https:\/\/www.facebook.com\/immobilienbusiness\/"]},{"@type":"Person","@id":"https:\/\/www.immobilienbusiness.ch\/#\/schema\/person\/3fc036297b10b9f42d6db5ee932af8c8","name":"anja.hall","image":{"@type":"ImageObject","inLanguage":"fr-FR","@id":"https:\/\/secure.gravatar.com\/avatar\/066b5a0d447013502c71a5782f4f3469f03cfe595cc2329fb94652fe47511bfb?s=96&d=mm&r=g","url":"https:\/\/secure.gravatar.com\/avatar\/066b5a0d447013502c71a5782f4f3469f03cfe595cc2329fb94652fe47511bfb?s=96&d=mm&r=g","contentUrl":"https:\/\/secure.gravatar.com\/avatar\/066b5a0d447013502c71a5782f4f3469f03cfe595cc2329fb94652fe47511bfb?s=96&d=mm&r=g","caption":"anja.hall"},"url":"https:\/\/www.immobilienbusiness.ch\/fr\/author\/anja-hall\/"}]}},"_links":{"self":[{"href":"https:\/\/www.immobilienbusiness.ch\/fr\/wp-json\/wp\/v2\/posts\/39979","targetHints":{"allow":["GET"]}}],"collection":[{"href":"https:\/\/www.immobilienbusiness.ch\/fr\/wp-json\/wp\/v2\/posts"}],"about":[{"href":"https:\/\/www.immobilienbusiness.ch\/fr\/wp-json\/wp\/v2\/types\/post"}],"author":[{"embeddable":true,"href":"https:\/\/www.immobilienbusiness.ch\/fr\/wp-json\/wp\/v2\/users\/3"}],"replies":[{"embeddable":true,"href":"https:\/\/www.immobilienbusiness.ch\/fr\/wp-json\/wp\/v2\/comments?post=39979"}],"version-history":[{"count":2,"href":"https:\/\/www.immobilienbusiness.ch\/fr\/wp-json\/wp\/v2\/posts\/39979\/revisions"}],"predecessor-version":[{"id":40002,"href":"https:\/\/www.immobilienbusiness.ch\/fr\/wp-json\/wp\/v2\/posts\/39979\/revisions\/40002"}],"wp:featuredmedia":[{"embeddable":true,"href":"https:\/\/www.immobilienbusiness.ch\/fr\/wp-json\/wp\/v2\/media\/39980"}],"wp:attachment":[{"href":"https:\/\/www.immobilienbusiness.ch\/fr\/wp-json\/wp\/v2\/media?parent=39979"}],"wp:term":[{"taxonomy":"category","embeddable":true,"href":"https:\/\/www.immobilienbusiness.ch\/fr\/wp-json\/wp\/v2\/categories?post=39979"},{"taxonomy":"post_tag","embeddable":true,"href":"https:\/\/www.immobilienbusiness.ch\/fr\/wp-json\/wp\/v2\/tags?post=39979"}],"curies":[{"name":"wp","href":"https:\/\/api.w.org\/{rel}","templated":true}]}}