{"id":3990,"date":"2016-09-16T08:35:29","date_gmt":"2016-09-16T06:35:29","guid":{"rendered":"http:\/\/dev.immobilienbusiness.ch\/?p=3990"},"modified":"2016-09-16T08:35:29","modified_gmt":"2016-09-16T06:35:29","slug":"kriens-grundsteinlegung-fuer-zentrum-pilatus","status":"publish","type":"post","link":"https:\/\/www.immobilienbusiness.ch\/fr\/allgemein\/2016-09-16\/kriens-grundsteinlegung-fuer-zentrum-pilatus\/","title":{"rendered":"Kriens : pose de la premi\u00e8re pierre du \"Centre Pilatus"},"content":{"rendered":"<figure id=\"attachment_3991\" aria-describedby=\"caption-attachment-3991\" style=\"width: 680px\" class=\"wp-caption alignnone\"><img loading=\"lazy\" decoding=\"async\" class=\"size-medium wp-image-3991\" src=\"https:\/\/immobilienbusiness.ch\/wp-content\/uploads\/2016\/12\/Kriens-Grundsteinlegung-f\u00fcr-Zentrum-Pilatus-immobilien-business.jpg\" alt=\"Der Grundstein f\u00fcr das \u00abZentrum Pilatus\u00bb in Kriens ist gelegt (Visualisierung: www.zukunft-kriens.ch)\" width=\"680\" height=\"394\" \/><figcaption id=\"caption-attachment-3991\" class=\"wp-caption-text\">La premi\u00e8re pierre du \"Centre Pilatus\" \u00e0 Kriens est pos\u00e9e (visualisation : www.zukunft-kriens.ch)<\/figcaption><\/figure>\n<p>Le nouveau b\u00e2timent de six \u00e9tages au centre de Kriens comprend des surfaces pour l'administration, une salle communale ainsi que des commerces et des appartements et devrait \u00eatre pr\u00eat \u00e0 \u00eatre occup\u00e9 fin 2018.<\/p>\n<p>Les travaux de gros \u0153uvre devraient \u00eatre termin\u00e9s vers le mois d'ao\u00fbt 2017. Alfred M\u00fcller AG commencera en outre la commercialisation des surfaces commerciales et de services d\u00e9but 2017. Le d\u00e9but de la commercialisation des logements locatifs est pr\u00e9vu pour mi-2018.<\/p>\n<p>Lors de la pose de la premi\u00e8re pierre, le pr\u00e9sident de la commune de Kriens, Cyrill Wiget, a soulign\u00e9 la grande importance du projet pour le centre de Kriens : le nouveau b\u00e2timent, avec son architecture marquante et sa grande place, marquera de mani\u00e8re d\u00e9terminante le visage du futur Kriens. Les diverses utilisations pour la culture, les magasins, les bureaux et les logements ainsi que comme point de contact central pour les habitants sont une contribution pr\u00e9cieuse \u00e0 l'animation et \u00e0 la revalorisation du centre.<\/p>\n<p>La soci\u00e9t\u00e9 Alfred M\u00fcller AG n'est pas seulement l'entrepreneur total du centre Pilatus, mais aussi l'investisseur. \"En tant qu'investisseur, nous avons pu dire rapidement oui \u00e0 ce projet\", a d\u00e9clar\u00e9 David Hossli, pr\u00e9sident de la direction d'Alfred M\u00fcller AG. La bonne situation du terrain au c\u0153ur de Kriens et \u00e0 proximit\u00e9 de la ville de Lucerne, la grande qualit\u00e9 du projet et le partenariat avec la commune ont \u00e9t\u00e9 autant de raisons de s'engager financi\u00e8rement.<\/p>\n<p>La soci\u00e9t\u00e9 Alfred M\u00fcller AG et la commune de Kriens consacrent chacune environ 25 millions de CHF au centre Pilatus. (ah)<\/p>","protected":false},"excerpt":{"rendered":"<p>Le 15 septembre, la commune de Kriens et la soci\u00e9t\u00e9 Alfred M\u00fcller AG, ma\u00eetres d'ouvrage, ont pos\u00e9 la premi\u00e8re pierre du \"Centre Pilatus\".<\/p>","protected":false},"author":1,"featured_media":3991,"comment_status":"open","ping_status":"open","sticky":false,"template":"","format":"standard","meta":{"_acf_changed":false,"_yoast_wpseo_focuskw":"Zentrum Pilatus","_yoast_wpseo_title":"","_yoast_wpseo_metadesc":"Am 15. September haben die Gemeinde Kriens und die Alfred M\u00fcller AG als Bauherrschaften den Grundstein f\u00fcr das \u00abZentrum Pilatus\u00bb gelegt.","_yoast_wpseo_linkdex":89,"pgc_sgb_lightbox_settings":"","footnotes":""},"categories":[1],"tags":[1459,1601],"class_list":["post-3990","post","type-post","status-publish","format-standard","has-post-thumbnail","hentry","category-allgemein","tag-luzern","tag-projektentwicklung"],"acf":[],"yoast_head":"<!-- This site is optimized with the Yoast SEO plugin v27.5 - https:\/\/yoast.com\/product\/yoast-seo-wordpress\/ -->\n<title>Kriens: Grundsteinlegung f\u00fcr \u00abZentrum Pilatus\u00bb - IMMOBILIEN Business<\/title>\n<meta name=\"description\" content=\"Am 15. September haben die Gemeinde Kriens und die Alfred M\u00fcller AG als Bauherrschaften den Grundstein f\u00fcr das \u00abZentrum Pilatus\u00bb gelegt.\" \/>\n<meta name=\"robots\" content=\"index, follow, max-snippet:-1, max-image-preview:large, max-video-preview:-1\" \/>\n<link rel=\"canonical\" href=\"https:\/\/www.immobilienbusiness.ch\/fr\/allgemein\/2016-09-16\/kriens-grundsteinlegung-fuer-zentrum-pilatus\/\" \/>\n<meta property=\"og:locale\" content=\"fr_FR\" \/>\n<meta property=\"og:type\" content=\"article\" \/>\n<meta property=\"og:title\" content=\"Kriens: Grundsteinlegung f\u00fcr \u00abZentrum Pilatus\u00bb\" \/>\n<meta property=\"og:description\" content=\"Am 15. September haben die Gemeinde Kriens und die Alfred M\u00fcller AG als Bauherrschaften den Grundstein f\u00fcr das \u00abZentrum Pilatus\u00bb gelegt.\" \/>\n<meta property=\"og:url\" content=\"https:\/\/www.immobilienbusiness.ch\/fr\/allgemein\/2016-09-16\/kriens-grundsteinlegung-fuer-zentrum-pilatus\/\" \/>\n<meta property=\"og:site_name\" content=\"IMMOBILIEN Business\" \/>\n<meta property=\"article:publisher\" content=\"https:\/\/www.facebook.com\/immobilienbusiness\/\" \/>\n<meta property=\"article:published_time\" content=\"2016-09-16T06:35:29+00:00\" \/>\n<meta name=\"author\" content=\"Redaktion\" \/>\n<meta name=\"twitter:card\" content=\"summary_large_image\" \/>\n<meta name=\"twitter:image\" content=\"https:\/\/www.immobilienbusiness.ch\/wp-content\/uploads\/2016\/12\/Kriens-Grundsteinlegung-fuer-Zentrum-Pilatus-immobilien-business.jpg\" \/>\n<script type=\"application\/ld+json\" class=\"yoast-schema-graph\">{\"@context\":\"https:\\\/\\\/schema.org\",\"@graph\":[{\"@type\":\"Article\",\"@id\":\"https:\\\/\\\/www.immobilienbusiness.ch\\\/allgemein\\\/2016-09-16\\\/kriens-grundsteinlegung-fuer-zentrum-pilatus\\\/#article\",\"isPartOf\":{\"@id\":\"https:\\\/\\\/www.immobilienbusiness.ch\\\/allgemein\\\/2016-09-16\\\/kriens-grundsteinlegung-fuer-zentrum-pilatus\\\/\"},\"author\":{\"name\":\"Redaktion\",\"@id\":\"https:\\\/\\\/www.immobilienbusiness.ch\\\/#\\\/schema\\\/person\\\/aa2bace6c5c5aad60102004a50c4eb1c\"},\"headline\":\"Kriens: Grundsteinlegung f\u00fcr \u00abZentrum Pilatus\u00bb\",\"datePublished\":\"2016-09-16T06:35:29+00:00\",\"mainEntityOfPage\":{\"@id\":\"https:\\\/\\\/www.immobilienbusiness.ch\\\/allgemein\\\/2016-09-16\\\/kriens-grundsteinlegung-fuer-zentrum-pilatus\\\/\"},\"wordCount\":257,\"commentCount\":0,\"publisher\":{\"@id\":\"https:\\\/\\\/www.immobilienbusiness.ch\\\/#organization\"},\"image\":{\"@id\":\"https:\\\/\\\/www.immobilienbusiness.ch\\\/allgemein\\\/2016-09-16\\\/kriens-grundsteinlegung-fuer-zentrum-pilatus\\\/#primaryimage\"},\"thumbnailUrl\":\"https:\\\/\\\/www.immobilienbusiness.ch\\\/wp-content\\\/uploads\\\/2016\\\/12\\\/Kriens-Grundsteinlegung-fuer-Zentrum-Pilatus-immobilien-business.jpg\",\"keywords\":[\"Luzern\",\"Projektentwicklung\"],\"articleSection\":[\"Allgemein\"],\"inLanguage\":\"fr-FR\"},{\"@type\":\"WebPage\",\"@id\":\"https:\\\/\\\/www.immobilienbusiness.ch\\\/allgemein\\\/2016-09-16\\\/kriens-grundsteinlegung-fuer-zentrum-pilatus\\\/\",\"url\":\"https:\\\/\\\/www.immobilienbusiness.ch\\\/allgemein\\\/2016-09-16\\\/kriens-grundsteinlegung-fuer-zentrum-pilatus\\\/\",\"name\":\"Kriens: Grundsteinlegung f\u00fcr \u00abZentrum Pilatus\u00bb - IMMOBILIEN Business\",\"isPartOf\":{\"@id\":\"https:\\\/\\\/www.immobilienbusiness.ch\\\/#website\"},\"primaryImageOfPage\":{\"@id\":\"https:\\\/\\\/www.immobilienbusiness.ch\\\/allgemein\\\/2016-09-16\\\/kriens-grundsteinlegung-fuer-zentrum-pilatus\\\/#primaryimage\"},\"image\":{\"@id\":\"https:\\\/\\\/www.immobilienbusiness.ch\\\/allgemein\\\/2016-09-16\\\/kriens-grundsteinlegung-fuer-zentrum-pilatus\\\/#primaryimage\"},\"thumbnailUrl\":\"https:\\\/\\\/www.immobilienbusiness.ch\\\/wp-content\\\/uploads\\\/2016\\\/12\\\/Kriens-Grundsteinlegung-fuer-Zentrum-Pilatus-immobilien-business.jpg\",\"datePublished\":\"2016-09-16T06:35:29+00:00\",\"description\":\"Am 15. September haben die Gemeinde Kriens und die Alfred M\u00fcller AG als Bauherrschaften den Grundstein f\u00fcr das \u00abZentrum Pilatus\u00bb gelegt.\",\"breadcrumb\":{\"@id\":\"https:\\\/\\\/www.immobilienbusiness.ch\\\/allgemein\\\/2016-09-16\\\/kriens-grundsteinlegung-fuer-zentrum-pilatus\\\/#breadcrumb\"},\"inLanguage\":\"fr-FR\",\"potentialAction\":[{\"@type\":\"ReadAction\",\"target\":[\"https:\\\/\\\/www.immobilienbusiness.ch\\\/allgemein\\\/2016-09-16\\\/kriens-grundsteinlegung-fuer-zentrum-pilatus\\\/\"]}]},{\"@type\":\"ImageObject\",\"inLanguage\":\"fr-FR\",\"@id\":\"https:\\\/\\\/www.immobilienbusiness.ch\\\/allgemein\\\/2016-09-16\\\/kriens-grundsteinlegung-fuer-zentrum-pilatus\\\/#primaryimage\",\"url\":\"https:\\\/\\\/www.immobilienbusiness.ch\\\/wp-content\\\/uploads\\\/2016\\\/12\\\/Kriens-Grundsteinlegung-fuer-Zentrum-Pilatus-immobilien-business.jpg\",\"contentUrl\":\"https:\\\/\\\/www.immobilienbusiness.ch\\\/wp-content\\\/uploads\\\/2016\\\/12\\\/Kriens-Grundsteinlegung-fuer-Zentrum-Pilatus-immobilien-business.jpg\",\"width\":1080,\"height\":625,\"caption\":\"Der Grundstein f\u00fcr das \u00abZentrum Pilatus\u00bb in Kriens ist gelegt (Visualisierung: www.zukunft-kriens.ch)\"},{\"@type\":\"BreadcrumbList\",\"@id\":\"https:\\\/\\\/www.immobilienbusiness.ch\\\/allgemein\\\/2016-09-16\\\/kriens-grundsteinlegung-fuer-zentrum-pilatus\\\/#breadcrumb\",\"itemListElement\":[{\"@type\":\"ListItem\",\"position\":1,\"name\":\"Home\",\"item\":\"https:\\\/\\\/www.immobilienbusiness.ch\\\/\"},{\"@type\":\"ListItem\",\"position\":2,\"name\":\"Kriens: Grundsteinlegung f\u00fcr \u00abZentrum Pilatus\u00bb\"}]},{\"@type\":\"WebSite\",\"@id\":\"https:\\\/\\\/www.immobilienbusiness.ch\\\/#website\",\"url\":\"https:\\\/\\\/www.immobilienbusiness.ch\\\/\",\"name\":\"IMMOBILIEN Business\",\"description\":\"Unabh\u00e4ngiges Schweizer Wirtschaftsmagazin mit Fokus auf Immobilien, Architektur- und Bau sowie Investment- und Finanzierung.\",\"publisher\":{\"@id\":\"https:\\\/\\\/www.immobilienbusiness.ch\\\/#organization\"},\"potentialAction\":[{\"@type\":\"SearchAction\",\"target\":{\"@type\":\"EntryPoint\",\"urlTemplate\":\"https:\\\/\\\/www.immobilienbusiness.ch\\\/?s={search_term_string}\"},\"query-input\":{\"@type\":\"PropertyValueSpecification\",\"valueRequired\":true,\"valueName\":\"search_term_string\"}}],\"inLanguage\":\"fr-FR\"},{\"@type\":\"Organization\",\"@id\":\"https:\\\/\\\/www.immobilienbusiness.ch\\\/#organization\",\"name\":\"IMMOBILIEN Business\",\"url\":\"https:\\\/\\\/www.immobilienbusiness.ch\\\/\",\"logo\":{\"@type\":\"ImageObject\",\"inLanguage\":\"fr-FR\",\"@id\":\"https:\\\/\\\/www.immobilienbusiness.ch\\\/#\\\/schema\\\/logo\\\/image\\\/\",\"url\":\"https:\\\/\\\/www.immobilienbusiness.ch\\\/wp-content\\\/uploads\\\/2021\\\/07\\\/logo_ib.png\",\"contentUrl\":\"https:\\\/\\\/www.immobilienbusiness.ch\\\/wp-content\\\/uploads\\\/2021\\\/07\\\/logo_ib.png\",\"width\":800,\"height\":181,\"caption\":\"IMMOBILIEN Business\"},\"image\":{\"@id\":\"https:\\\/\\\/www.immobilienbusiness.ch\\\/#\\\/schema\\\/logo\\\/image\\\/\"},\"sameAs\":[\"https:\\\/\\\/www.facebook.com\\\/immobilienbusiness\\\/\"]},{\"@type\":\"Person\",\"@id\":\"https:\\\/\\\/www.immobilienbusiness.ch\\\/#\\\/schema\\\/person\\\/aa2bace6c5c5aad60102004a50c4eb1c\",\"name\":\"Redaktion\",\"image\":{\"@type\":\"ImageObject\",\"inLanguage\":\"fr-FR\",\"@id\":\"https:\\\/\\\/secure.gravatar.com\\\/avatar\\\/ae2f4d718e6c49043e314ce431e7e645d646302a24a5ef5a8bc8e3f5a032e319?s=96&d=mm&r=g\",\"url\":\"https:\\\/\\\/secure.gravatar.com\\\/avatar\\\/ae2f4d718e6c49043e314ce431e7e645d646302a24a5ef5a8bc8e3f5a032e319?s=96&d=mm&r=g\",\"contentUrl\":\"https:\\\/\\\/secure.gravatar.com\\\/avatar\\\/ae2f4d718e6c49043e314ce431e7e645d646302a24a5ef5a8bc8e3f5a032e319?s=96&d=mm&r=g\",\"caption\":\"Redaktion\"},\"sameAs\":[\"http:\\\/\\\/develop.organisator.galledia.ch\"],\"url\":\"https:\\\/\\\/www.immobilienbusiness.ch\\\/fr\\\/author\\\/admin\\\/\"}]}<\/script>\n<!-- \/ Yoast SEO plugin. -->","yoast_head_json":{"title":"Kriens: Grundsteinlegung f\u00fcr \u00abZentrum Pilatus\u00bb - IMMOBILIEN Business","description":"Le 15 septembre, la commune de Kriens et la soci\u00e9t\u00e9 Alfred M\u00fcller AG, ma\u00eetres d'ouvrage, ont pos\u00e9 la premi\u00e8re pierre du \"Centre Pilatus\".","robots":{"index":"index","follow":"follow","max-snippet":"max-snippet:-1","max-image-preview":"max-image-preview:large","max-video-preview":"max-video-preview:-1"},"canonical":"https:\/\/www.immobilienbusiness.ch\/fr\/allgemein\/2016-09-16\/kriens-grundsteinlegung-fuer-zentrum-pilatus\/","og_locale":"fr_FR","og_type":"article","og_title":"Kriens: Grundsteinlegung f\u00fcr \u00abZentrum Pilatus\u00bb","og_description":"Am 15. September haben die Gemeinde Kriens und die Alfred M\u00fcller AG als Bauherrschaften den Grundstein f\u00fcr das \u00abZentrum Pilatus\u00bb gelegt.","og_url":"https:\/\/www.immobilienbusiness.ch\/fr\/allgemein\/2016-09-16\/kriens-grundsteinlegung-fuer-zentrum-pilatus\/","og_site_name":"IMMOBILIEN Business","article_publisher":"https:\/\/www.facebook.com\/immobilienbusiness\/","article_published_time":"2016-09-16T06:35:29+00:00","author":"Redaktion","twitter_card":"summary_large_image","twitter_image":"https:\/\/www.immobilienbusiness.ch\/wp-content\/uploads\/2016\/12\/Kriens-Grundsteinlegung-fuer-Zentrum-Pilatus-immobilien-business.jpg","schema":{"@context":"https:\/\/schema.org","@graph":[{"@type":"Article","@id":"https:\/\/www.immobilienbusiness.ch\/allgemein\/2016-09-16\/kriens-grundsteinlegung-fuer-zentrum-pilatus\/#article","isPartOf":{"@id":"https:\/\/www.immobilienbusiness.ch\/allgemein\/2016-09-16\/kriens-grundsteinlegung-fuer-zentrum-pilatus\/"},"author":{"name":"Redaktion","@id":"https:\/\/www.immobilienbusiness.ch\/#\/schema\/person\/aa2bace6c5c5aad60102004a50c4eb1c"},"headline":"Kriens: Grundsteinlegung f\u00fcr \u00abZentrum Pilatus\u00bb","datePublished":"2016-09-16T06:35:29+00:00","mainEntityOfPage":{"@id":"https:\/\/www.immobilienbusiness.ch\/allgemein\/2016-09-16\/kriens-grundsteinlegung-fuer-zentrum-pilatus\/"},"wordCount":257,"commentCount":0,"publisher":{"@id":"https:\/\/www.immobilienbusiness.ch\/#organization"},"image":{"@id":"https:\/\/www.immobilienbusiness.ch\/allgemein\/2016-09-16\/kriens-grundsteinlegung-fuer-zentrum-pilatus\/#primaryimage"},"thumbnailUrl":"https:\/\/www.immobilienbusiness.ch\/wp-content\/uploads\/2016\/12\/Kriens-Grundsteinlegung-fuer-Zentrum-Pilatus-immobilien-business.jpg","keywords":["Luzern","Projektentwicklung"],"articleSection":["Allgemein"],"inLanguage":"fr-FR"},{"@type":"WebPage","@id":"https:\/\/www.immobilienbusiness.ch\/allgemein\/2016-09-16\/kriens-grundsteinlegung-fuer-zentrum-pilatus\/","url":"https:\/\/www.immobilienbusiness.ch\/allgemein\/2016-09-16\/kriens-grundsteinlegung-fuer-zentrum-pilatus\/","name":"Kriens: Grundsteinlegung f\u00fcr \u00abZentrum Pilatus\u00bb - IMMOBILIEN Business","isPartOf":{"@id":"https:\/\/www.immobilienbusiness.ch\/#website"},"primaryImageOfPage":{"@id":"https:\/\/www.immobilienbusiness.ch\/allgemein\/2016-09-16\/kriens-grundsteinlegung-fuer-zentrum-pilatus\/#primaryimage"},"image":{"@id":"https:\/\/www.immobilienbusiness.ch\/allgemein\/2016-09-16\/kriens-grundsteinlegung-fuer-zentrum-pilatus\/#primaryimage"},"thumbnailUrl":"https:\/\/www.immobilienbusiness.ch\/wp-content\/uploads\/2016\/12\/Kriens-Grundsteinlegung-fuer-Zentrum-Pilatus-immobilien-business.jpg","datePublished":"2016-09-16T06:35:29+00:00","description":"Le 15 septembre, la commune de Kriens et la soci\u00e9t\u00e9 Alfred M\u00fcller AG, ma\u00eetres d'ouvrage, ont pos\u00e9 la premi\u00e8re pierre du \"Centre Pilatus\".","breadcrumb":{"@id":"https:\/\/www.immobilienbusiness.ch\/allgemein\/2016-09-16\/kriens-grundsteinlegung-fuer-zentrum-pilatus\/#breadcrumb"},"inLanguage":"fr-FR","potentialAction":[{"@type":"ReadAction","target":["https:\/\/www.immobilienbusiness.ch\/allgemein\/2016-09-16\/kriens-grundsteinlegung-fuer-zentrum-pilatus\/"]}]},{"@type":"ImageObject","inLanguage":"fr-FR","@id":"https:\/\/www.immobilienbusiness.ch\/allgemein\/2016-09-16\/kriens-grundsteinlegung-fuer-zentrum-pilatus\/#primaryimage","url":"https:\/\/www.immobilienbusiness.ch\/wp-content\/uploads\/2016\/12\/Kriens-Grundsteinlegung-fuer-Zentrum-Pilatus-immobilien-business.jpg","contentUrl":"https:\/\/www.immobilienbusiness.ch\/wp-content\/uploads\/2016\/12\/Kriens-Grundsteinlegung-fuer-Zentrum-Pilatus-immobilien-business.jpg","width":1080,"height":625,"caption":"Der Grundstein f\u00fcr das \u00abZentrum Pilatus\u00bb in Kriens ist gelegt (Visualisierung: www.zukunft-kriens.ch)"},{"@type":"BreadcrumbList","@id":"https:\/\/www.immobilienbusiness.ch\/allgemein\/2016-09-16\/kriens-grundsteinlegung-fuer-zentrum-pilatus\/#breadcrumb","itemListElement":[{"@type":"ListItem","position":1,"name":"Home","item":"https:\/\/www.immobilienbusiness.ch\/"},{"@type":"ListItem","position":2,"name":"Kriens: Grundsteinlegung f\u00fcr \u00abZentrum Pilatus\u00bb"}]},{"@type":"WebSite","@id":"https:\/\/www.immobilienbusiness.ch\/#website","url":"https:\/\/www.immobilienbusiness.ch\/","name":"IMMOBILIER Business","description":"Magazine \u00e9conomique suisse ind\u00e9pendant ax\u00e9 sur l'immobilier, l'architecture et la construction ainsi que sur les investissements et le financement.","publisher":{"@id":"https:\/\/www.immobilienbusiness.ch\/#organization"},"potentialAction":[{"@type":"SearchAction","target":{"@type":"EntryPoint","urlTemplate":"https:\/\/www.immobilienbusiness.ch\/?s={search_term_string}"},"query-input":{"@type":"PropertyValueSpecification","valueRequired":true,"valueName":"search_term_string"}}],"inLanguage":"fr-FR"},{"@type":"Organization","@id":"https:\/\/www.immobilienbusiness.ch\/#organization","name":"IMMOBILIER Business","url":"https:\/\/www.immobilienbusiness.ch\/","logo":{"@type":"ImageObject","inLanguage":"fr-FR","@id":"https:\/\/www.immobilienbusiness.ch\/#\/schema\/logo\/image\/","url":"https:\/\/www.immobilienbusiness.ch\/wp-content\/uploads\/2021\/07\/logo_ib.png","contentUrl":"https:\/\/www.immobilienbusiness.ch\/wp-content\/uploads\/2021\/07\/logo_ib.png","width":800,"height":181,"caption":"IMMOBILIEN Business"},"image":{"@id":"https:\/\/www.immobilienbusiness.ch\/#\/schema\/logo\/image\/"},"sameAs":["https:\/\/www.facebook.com\/immobilienbusiness\/"]},{"@type":"Person","@id":"https:\/\/www.immobilienbusiness.ch\/#\/schema\/person\/aa2bace6c5c5aad60102004a50c4eb1c","name":"Editorial","image":{"@type":"ImageObject","inLanguage":"fr-FR","@id":"https:\/\/secure.gravatar.com\/avatar\/ae2f4d718e6c49043e314ce431e7e645d646302a24a5ef5a8bc8e3f5a032e319?s=96&d=mm&r=g","url":"https:\/\/secure.gravatar.com\/avatar\/ae2f4d718e6c49043e314ce431e7e645d646302a24a5ef5a8bc8e3f5a032e319?s=96&d=mm&r=g","contentUrl":"https:\/\/secure.gravatar.com\/avatar\/ae2f4d718e6c49043e314ce431e7e645d646302a24a5ef5a8bc8e3f5a032e319?s=96&d=mm&r=g","caption":"Redaktion"},"sameAs":["http:\/\/develop.organisator.galledia.ch"],"url":"https:\/\/www.immobilienbusiness.ch\/fr\/author\/admin\/"}]}},"_links":{"self":[{"href":"https:\/\/www.immobilienbusiness.ch\/fr\/wp-json\/wp\/v2\/posts\/3990","targetHints":{"allow":["GET"]}}],"collection":[{"href":"https:\/\/www.immobilienbusiness.ch\/fr\/wp-json\/wp\/v2\/posts"}],"about":[{"href":"https:\/\/www.immobilienbusiness.ch\/fr\/wp-json\/wp\/v2\/types\/post"}],"author":[{"embeddable":true,"href":"https:\/\/www.immobilienbusiness.ch\/fr\/wp-json\/wp\/v2\/users\/1"}],"replies":[{"embeddable":true,"href":"https:\/\/www.immobilienbusiness.ch\/fr\/wp-json\/wp\/v2\/comments?post=3990"}],"version-history":[{"count":0,"href":"https:\/\/www.immobilienbusiness.ch\/fr\/wp-json\/wp\/v2\/posts\/3990\/revisions"}],"wp:featuredmedia":[{"embeddable":true,"href":"https:\/\/www.immobilienbusiness.ch\/fr\/wp-json\/wp\/v2\/media\/3991"}],"wp:attachment":[{"href":"https:\/\/www.immobilienbusiness.ch\/fr\/wp-json\/wp\/v2\/media?parent=3990"}],"wp:term":[{"taxonomy":"category","embeddable":true,"href":"https:\/\/www.immobilienbusiness.ch\/fr\/wp-json\/wp\/v2\/categories?post=3990"},{"taxonomy":"post_tag","embeddable":true,"href":"https:\/\/www.immobilienbusiness.ch\/fr\/wp-json\/wp\/v2\/tags?post=3990"}],"curies":[{"name":"wp","href":"https:\/\/api.w.org\/{rel}","templated":true}]}}