{"id":399,"date":"2020-05-27T08:35:57","date_gmt":"2020-05-27T06:35:57","guid":{"rendered":"https:\/\/develop.immobilienbusiness.ch\/de\/allgemein\/2020-05-27\/zurich-neue-eigentumer-fur-zwei-traditionshotels\/"},"modified":"2023-07-21T20:40:01","modified_gmt":"2023-07-21T18:40:01","slug":"zurich-neue-eigentumer-fur-zwei-traditionshotels","status":"publish","type":"post","link":"https:\/\/www.immobilienbusiness.ch\/fr\/ib\/2020-05-27\/zurich-neue-eigentumer-fur-zwei-traditionshotels\/","title":{"rendered":"Zurich - Nouveaux propri\u00e9taires pour deux h\u00f4tels de tradition"},"content":{"rendered":"<div class=\"swpm-post-not-logged-in-msg\">Vous devez \u00eatre connect\u00e9 pour voir ce contenu. Veuillez consulter <a class=\"swpm-login-link\" href=\"https:\/\/www.immobilienbusiness.ch\/fr\/login\/?swpm_redirect_to=https%3A%2F%2Fwww.immobilienbusiness.ch%2Ffr%2Fwp-json%2Fwp%2Fv2%2Fposts%2F399\">Connexion<\/a>. Vous n'\u00eates pas membre ? <a href=\"https:\/\/www.immobilienbusiness.ch\/fr\/registrieren\/\">Nous Rejoindre<\/a><\/div>","protected":false},"excerpt":{"rendered":"<p>Meili-Unternehmungen, dont le si\u00e8ge est \u00e0 Zollikon, s'est assur\u00e9 l'acquisition de l'\"Ambassador\" et de l'\"Op\u00e9ra\" dans le Seefeld zurichois. Avec l'acquisition de ces deux \u00e9tablissements, l'entreprise immobili\u00e8re poss\u00e8de d\u00e9sormais cinq h\u00f4tels-boutiques dans la ville de la Limmat.<\/p>","protected":false},"author":8,"featured_media":0,"comment_status":"closed","ping_status":"closed","sticky":false,"template":"","format":"standard","meta":{"_acf_changed":false,"_yoast_wpseo_focuskw":"Hotels Op\u00e9ra","_yoast_wpseo_title":"","_yoast_wpseo_metadesc":"Meili-Unternehmungen mit Sitz in Zollikon haben sich das \u00abAmbassador\u00bb und das \u00abOp\u00e9ra\u00bb im Z\u00fcrcher Seefeld gesichert. Mit dem Erwerb der beiden H\u00e4user geh\u00f6ren dem Immobilienunternehmen inzwischen f\u00fcnf Boutiquehotels in der Limmatstadt.","_yoast_wpseo_linkdex":51,"pgc_sgb_lightbox_settings":"","footnotes":""},"categories":[1951],"tags":[1317,1830,1978],"class_list":["post-399","post","type-post","status-publish","format-standard","hentry","category-ib","tag-hotels","tag-verkauf","tag-zh"],"acf":[],"yoast_head":"<!-- This site is optimized with the Yoast SEO plugin v27.5 - https:\/\/yoast.com\/product\/yoast-seo-wordpress\/ -->\n<title>Z\u00fcrich \u2013 Neue Eigent\u00fcmer f\u00fcr zwei Traditionshotels - IMMOBILIEN Business<\/title>\n<meta name=\"description\" content=\"Meili-Unternehmungen mit Sitz in Zollikon haben sich das \u00abAmbassador\u00bb und das \u00abOp\u00e9ra\u00bb im Z\u00fcrcher Seefeld gesichert. Mit dem Erwerb der beiden H\u00e4user geh\u00f6ren dem Immobilienunternehmen inzwischen f\u00fcnf Boutiquehotels in der Limmatstadt.\" \/>\n<meta name=\"robots\" content=\"index, follow, max-snippet:-1, max-image-preview:large, max-video-preview:-1\" \/>\n<link rel=\"canonical\" href=\"https:\/\/www.immobilienbusiness.ch\/fr\/ib\/2020-05-27\/zurich-neue-eigentumer-fur-zwei-traditionshotels\/\" \/>\n<meta property=\"og:locale\" content=\"fr_FR\" \/>\n<meta property=\"og:type\" content=\"article\" \/>\n<meta property=\"og:title\" content=\"Z\u00fcrich \u2013 Neue Eigent\u00fcmer f\u00fcr zwei Traditionshotels - IMMOBILIEN Business\" \/>\n<meta property=\"og:description\" content=\"Meili-Unternehmungen mit Sitz in Zollikon haben sich das \u00abAmbassador\u00bb und das \u00abOp\u00e9ra\u00bb im Z\u00fcrcher Seefeld gesichert. Mit dem Erwerb der beiden H\u00e4user geh\u00f6ren dem Immobilienunternehmen inzwischen f\u00fcnf Boutiquehotels in der Limmatstadt.\" \/>\n<meta property=\"og:url\" content=\"https:\/\/www.immobilienbusiness.ch\/fr\/ib\/2020-05-27\/zurich-neue-eigentumer-fur-zwei-traditionshotels\/\" \/>\n<meta property=\"og:site_name\" content=\"IMMOBILIEN Business\" \/>\n<meta property=\"article:publisher\" content=\"https:\/\/www.facebook.com\/immobilienbusiness\/\" \/>\n<meta property=\"article:published_time\" content=\"2020-05-27T06:35:57+00:00\" \/>\n<meta property=\"article:modified_time\" content=\"2023-07-21T18:40:01+00:00\" \/>\n<meta name=\"author\" content=\"birgitt.wuest\" \/>\n<meta name=\"twitter:card\" content=\"summary_large_image\" \/>\n<script type=\"application\/ld+json\" class=\"yoast-schema-graph\">{\"@context\":\"https:\\\/\\\/schema.org\",\"@graph\":[{\"@type\":\"Article\",\"@id\":\"https:\\\/\\\/www.immobilienbusiness.ch\\\/en\\\/ib\\\/2020-05-27\\\/zurich-neue-eigentumer-fur-zwei-traditionshotels\\\/#article\",\"isPartOf\":{\"@id\":\"https:\\\/\\\/www.immobilienbusiness.ch\\\/en\\\/ib\\\/2020-05-27\\\/zurich-neue-eigentumer-fur-zwei-traditionshotels\\\/\"},\"author\":{\"name\":\"birgitt.wuest\",\"@id\":\"https:\\\/\\\/www.immobilienbusiness.ch\\\/#\\\/schema\\\/person\\\/9071de3b430793052e78768378adb039\"},\"headline\":\"Z\u00fcrich \u2013 Neue Eigent\u00fcmer f\u00fcr zwei Traditionshotels\",\"datePublished\":\"2020-05-27T06:35:57+00:00\",\"dateModified\":\"2023-07-21T18:40:01+00:00\",\"mainEntityOfPage\":{\"@id\":\"https:\\\/\\\/www.immobilienbusiness.ch\\\/en\\\/ib\\\/2020-05-27\\\/zurich-neue-eigentumer-fur-zwei-traditionshotels\\\/\"},\"wordCount\":246,\"publisher\":{\"@id\":\"https:\\\/\\\/www.immobilienbusiness.ch\\\/#organization\"},\"keywords\":[\"Hotels\",\"Verkauf\",\"ZH\"],\"articleSection\":[\"IB+\"],\"inLanguage\":\"fr-FR\"},{\"@type\":\"WebPage\",\"@id\":\"https:\\\/\\\/www.immobilienbusiness.ch\\\/en\\\/ib\\\/2020-05-27\\\/zurich-neue-eigentumer-fur-zwei-traditionshotels\\\/\",\"url\":\"https:\\\/\\\/www.immobilienbusiness.ch\\\/en\\\/ib\\\/2020-05-27\\\/zurich-neue-eigentumer-fur-zwei-traditionshotels\\\/\",\"name\":\"Z\u00fcrich \u2013 Neue Eigent\u00fcmer f\u00fcr zwei Traditionshotels - IMMOBILIEN Business\",\"isPartOf\":{\"@id\":\"https:\\\/\\\/www.immobilienbusiness.ch\\\/#website\"},\"datePublished\":\"2020-05-27T06:35:57+00:00\",\"dateModified\":\"2023-07-21T18:40:01+00:00\",\"description\":\"Meili-Unternehmungen mit Sitz in Zollikon haben sich das \u00abAmbassador\u00bb und das \u00abOp\u00e9ra\u00bb im Z\u00fcrcher Seefeld gesichert. Mit dem Erwerb der beiden H\u00e4user geh\u00f6ren dem Immobilienunternehmen inzwischen f\u00fcnf Boutiquehotels in der Limmatstadt.\",\"breadcrumb\":{\"@id\":\"https:\\\/\\\/www.immobilienbusiness.ch\\\/en\\\/ib\\\/2020-05-27\\\/zurich-neue-eigentumer-fur-zwei-traditionshotels\\\/#breadcrumb\"},\"inLanguage\":\"fr-FR\",\"potentialAction\":[{\"@type\":\"ReadAction\",\"target\":[\"https:\\\/\\\/www.immobilienbusiness.ch\\\/en\\\/ib\\\/2020-05-27\\\/zurich-neue-eigentumer-fur-zwei-traditionshotels\\\/\"]}]},{\"@type\":\"BreadcrumbList\",\"@id\":\"https:\\\/\\\/www.immobilienbusiness.ch\\\/en\\\/ib\\\/2020-05-27\\\/zurich-neue-eigentumer-fur-zwei-traditionshotels\\\/#breadcrumb\",\"itemListElement\":[{\"@type\":\"ListItem\",\"position\":1,\"name\":\"Home\",\"item\":\"https:\\\/\\\/www.immobilienbusiness.ch\\\/\"},{\"@type\":\"ListItem\",\"position\":2,\"name\":\"Z\u00fcrich \u2013 Neue Eigent\u00fcmer f\u00fcr zwei Traditionshotels\"}]},{\"@type\":\"WebSite\",\"@id\":\"https:\\\/\\\/www.immobilienbusiness.ch\\\/#website\",\"url\":\"https:\\\/\\\/www.immobilienbusiness.ch\\\/\",\"name\":\"IMMOBILIEN Business\",\"description\":\"Unabh\u00e4ngiges Schweizer Wirtschaftsmagazin mit Fokus auf Immobilien, Architektur- und Bau sowie Investment- und Finanzierung.\",\"publisher\":{\"@id\":\"https:\\\/\\\/www.immobilienbusiness.ch\\\/#organization\"},\"potentialAction\":[{\"@type\":\"SearchAction\",\"target\":{\"@type\":\"EntryPoint\",\"urlTemplate\":\"https:\\\/\\\/www.immobilienbusiness.ch\\\/?s={search_term_string}\"},\"query-input\":{\"@type\":\"PropertyValueSpecification\",\"valueRequired\":true,\"valueName\":\"search_term_string\"}}],\"inLanguage\":\"fr-FR\"},{\"@type\":\"Organization\",\"@id\":\"https:\\\/\\\/www.immobilienbusiness.ch\\\/#organization\",\"name\":\"IMMOBILIEN Business\",\"url\":\"https:\\\/\\\/www.immobilienbusiness.ch\\\/\",\"logo\":{\"@type\":\"ImageObject\",\"inLanguage\":\"fr-FR\",\"@id\":\"https:\\\/\\\/www.immobilienbusiness.ch\\\/#\\\/schema\\\/logo\\\/image\\\/\",\"url\":\"https:\\\/\\\/www.immobilienbusiness.ch\\\/wp-content\\\/uploads\\\/2021\\\/07\\\/logo_ib.png\",\"contentUrl\":\"https:\\\/\\\/www.immobilienbusiness.ch\\\/wp-content\\\/uploads\\\/2021\\\/07\\\/logo_ib.png\",\"width\":800,\"height\":181,\"caption\":\"IMMOBILIEN Business\"},\"image\":{\"@id\":\"https:\\\/\\\/www.immobilienbusiness.ch\\\/#\\\/schema\\\/logo\\\/image\\\/\"},\"sameAs\":[\"https:\\\/\\\/www.facebook.com\\\/immobilienbusiness\\\/\"]},{\"@type\":\"Person\",\"@id\":\"https:\\\/\\\/www.immobilienbusiness.ch\\\/#\\\/schema\\\/person\\\/9071de3b430793052e78768378adb039\",\"name\":\"birgitt.wuest\",\"image\":{\"@type\":\"ImageObject\",\"inLanguage\":\"fr-FR\",\"@id\":\"https:\\\/\\\/secure.gravatar.com\\\/avatar\\\/938f7e46a2aa35420af239a36e5ed08a1034598c7d4a6d4dccff5f20b49eefca?s=96&d=mm&r=g\",\"url\":\"https:\\\/\\\/secure.gravatar.com\\\/avatar\\\/938f7e46a2aa35420af239a36e5ed08a1034598c7d4a6d4dccff5f20b49eefca?s=96&d=mm&r=g\",\"contentUrl\":\"https:\\\/\\\/secure.gravatar.com\\\/avatar\\\/938f7e46a2aa35420af239a36e5ed08a1034598c7d4a6d4dccff5f20b49eefca?s=96&d=mm&r=g\",\"caption\":\"birgitt.wuest\"},\"url\":\"https:\\\/\\\/www.immobilienbusiness.ch\\\/fr\\\/author\\\/birgitt-wuest\\\/\"}]}<\/script>\n<!-- \/ Yoast SEO plugin. -->","yoast_head_json":{"title":"Zurich - Nouveaux propri\u00e9taires pour deux h\u00f4tels de tradition - IMMOBILIER Business","description":"Meili-Unternehmungen, dont le si\u00e8ge est \u00e0 Zollikon, s'est assur\u00e9 l'acquisition de l'\"Ambassador\" et de l'\"Op\u00e9ra\" dans le Seefeld zurichois. Avec l'acquisition de ces deux \u00e9tablissements, l'entreprise immobili\u00e8re poss\u00e8de d\u00e9sormais cinq h\u00f4tels-boutiques dans la ville de la Limmat.","robots":{"index":"index","follow":"follow","max-snippet":"max-snippet:-1","max-image-preview":"max-image-preview:large","max-video-preview":"max-video-preview:-1"},"canonical":"https:\/\/www.immobilienbusiness.ch\/fr\/ib\/2020-05-27\/zurich-neue-eigentumer-fur-zwei-traditionshotels\/","og_locale":"fr_FR","og_type":"article","og_title":"Z\u00fcrich \u2013 Neue Eigent\u00fcmer f\u00fcr zwei Traditionshotels - IMMOBILIEN Business","og_description":"Meili-Unternehmungen mit Sitz in Zollikon haben sich das \u00abAmbassador\u00bb und das \u00abOp\u00e9ra\u00bb im Z\u00fcrcher Seefeld gesichert. Mit dem Erwerb der beiden H\u00e4user geh\u00f6ren dem Immobilienunternehmen inzwischen f\u00fcnf Boutiquehotels in der Limmatstadt.","og_url":"https:\/\/www.immobilienbusiness.ch\/fr\/ib\/2020-05-27\/zurich-neue-eigentumer-fur-zwei-traditionshotels\/","og_site_name":"IMMOBILIEN Business","article_publisher":"https:\/\/www.facebook.com\/immobilienbusiness\/","article_published_time":"2020-05-27T06:35:57+00:00","article_modified_time":"2023-07-21T18:40:01+00:00","author":"birgitt.wuest","twitter_card":"summary_large_image","schema":{"@context":"https:\/\/schema.org","@graph":[{"@type":"Article","@id":"https:\/\/www.immobilienbusiness.ch\/en\/ib\/2020-05-27\/zurich-neue-eigentumer-fur-zwei-traditionshotels\/#article","isPartOf":{"@id":"https:\/\/www.immobilienbusiness.ch\/en\/ib\/2020-05-27\/zurich-neue-eigentumer-fur-zwei-traditionshotels\/"},"author":{"name":"birgitt.wuest","@id":"https:\/\/www.immobilienbusiness.ch\/#\/schema\/person\/9071de3b430793052e78768378adb039"},"headline":"Z\u00fcrich \u2013 Neue Eigent\u00fcmer f\u00fcr zwei Traditionshotels","datePublished":"2020-05-27T06:35:57+00:00","dateModified":"2023-07-21T18:40:01+00:00","mainEntityOfPage":{"@id":"https:\/\/www.immobilienbusiness.ch\/en\/ib\/2020-05-27\/zurich-neue-eigentumer-fur-zwei-traditionshotels\/"},"wordCount":246,"publisher":{"@id":"https:\/\/www.immobilienbusiness.ch\/#organization"},"keywords":["Hotels","Verkauf","ZH"],"articleSection":["IB+"],"inLanguage":"fr-FR"},{"@type":"WebPage","@id":"https:\/\/www.immobilienbusiness.ch\/en\/ib\/2020-05-27\/zurich-neue-eigentumer-fur-zwei-traditionshotels\/","url":"https:\/\/www.immobilienbusiness.ch\/en\/ib\/2020-05-27\/zurich-neue-eigentumer-fur-zwei-traditionshotels\/","name":"Zurich - Nouveaux propri\u00e9taires pour deux h\u00f4tels de tradition - IMMOBILIER Business","isPartOf":{"@id":"https:\/\/www.immobilienbusiness.ch\/#website"},"datePublished":"2020-05-27T06:35:57+00:00","dateModified":"2023-07-21T18:40:01+00:00","description":"Meili-Unternehmungen, dont le si\u00e8ge est \u00e0 Zollikon, s'est assur\u00e9 l'acquisition de l'\"Ambassador\" et de l'\"Op\u00e9ra\" dans le Seefeld zurichois. Avec l'acquisition de ces deux \u00e9tablissements, l'entreprise immobili\u00e8re poss\u00e8de d\u00e9sormais cinq h\u00f4tels-boutiques dans la ville de la Limmat.","breadcrumb":{"@id":"https:\/\/www.immobilienbusiness.ch\/en\/ib\/2020-05-27\/zurich-neue-eigentumer-fur-zwei-traditionshotels\/#breadcrumb"},"inLanguage":"fr-FR","potentialAction":[{"@type":"ReadAction","target":["https:\/\/www.immobilienbusiness.ch\/en\/ib\/2020-05-27\/zurich-neue-eigentumer-fur-zwei-traditionshotels\/"]}]},{"@type":"BreadcrumbList","@id":"https:\/\/www.immobilienbusiness.ch\/en\/ib\/2020-05-27\/zurich-neue-eigentumer-fur-zwei-traditionshotels\/#breadcrumb","itemListElement":[{"@type":"ListItem","position":1,"name":"Home","item":"https:\/\/www.immobilienbusiness.ch\/"},{"@type":"ListItem","position":2,"name":"Z\u00fcrich \u2013 Neue Eigent\u00fcmer f\u00fcr zwei Traditionshotels"}]},{"@type":"WebSite","@id":"https:\/\/www.immobilienbusiness.ch\/#website","url":"https:\/\/www.immobilienbusiness.ch\/","name":"IMMOBILIER Business","description":"Magazine \u00e9conomique suisse ind\u00e9pendant ax\u00e9 sur l'immobilier, l'architecture et la construction ainsi que sur les investissements et le financement.","publisher":{"@id":"https:\/\/www.immobilienbusiness.ch\/#organization"},"potentialAction":[{"@type":"SearchAction","target":{"@type":"EntryPoint","urlTemplate":"https:\/\/www.immobilienbusiness.ch\/?s={search_term_string}"},"query-input":{"@type":"PropertyValueSpecification","valueRequired":true,"valueName":"search_term_string"}}],"inLanguage":"fr-FR"},{"@type":"Organization","@id":"https:\/\/www.immobilienbusiness.ch\/#organization","name":"IMMOBILIER Business","url":"https:\/\/www.immobilienbusiness.ch\/","logo":{"@type":"ImageObject","inLanguage":"fr-FR","@id":"https:\/\/www.immobilienbusiness.ch\/#\/schema\/logo\/image\/","url":"https:\/\/www.immobilienbusiness.ch\/wp-content\/uploads\/2021\/07\/logo_ib.png","contentUrl":"https:\/\/www.immobilienbusiness.ch\/wp-content\/uploads\/2021\/07\/logo_ib.png","width":800,"height":181,"caption":"IMMOBILIEN Business"},"image":{"@id":"https:\/\/www.immobilienbusiness.ch\/#\/schema\/logo\/image\/"},"sameAs":["https:\/\/www.facebook.com\/immobilienbusiness\/"]},{"@type":"Person","@id":"https:\/\/www.immobilienbusiness.ch\/#\/schema\/person\/9071de3b430793052e78768378adb039","name":"birgitt.wuest","image":{"@type":"ImageObject","inLanguage":"fr-FR","@id":"https:\/\/secure.gravatar.com\/avatar\/938f7e46a2aa35420af239a36e5ed08a1034598c7d4a6d4dccff5f20b49eefca?s=96&d=mm&r=g","url":"https:\/\/secure.gravatar.com\/avatar\/938f7e46a2aa35420af239a36e5ed08a1034598c7d4a6d4dccff5f20b49eefca?s=96&d=mm&r=g","contentUrl":"https:\/\/secure.gravatar.com\/avatar\/938f7e46a2aa35420af239a36e5ed08a1034598c7d4a6d4dccff5f20b49eefca?s=96&d=mm&r=g","caption":"birgitt.wuest"},"url":"https:\/\/www.immobilienbusiness.ch\/fr\/author\/birgitt-wuest\/"}]}},"_links":{"self":[{"href":"https:\/\/www.immobilienbusiness.ch\/fr\/wp-json\/wp\/v2\/posts\/399","targetHints":{"allow":["GET"]}}],"collection":[{"href":"https:\/\/www.immobilienbusiness.ch\/fr\/wp-json\/wp\/v2\/posts"}],"about":[{"href":"https:\/\/www.immobilienbusiness.ch\/fr\/wp-json\/wp\/v2\/types\/post"}],"author":[{"embeddable":true,"href":"https:\/\/www.immobilienbusiness.ch\/fr\/wp-json\/wp\/v2\/users\/8"}],"replies":[{"embeddable":true,"href":"https:\/\/www.immobilienbusiness.ch\/fr\/wp-json\/wp\/v2\/comments?post=399"}],"version-history":[{"count":1,"href":"https:\/\/www.immobilienbusiness.ch\/fr\/wp-json\/wp\/v2\/posts\/399\/revisions"}],"predecessor-version":[{"id":50945,"href":"https:\/\/www.immobilienbusiness.ch\/fr\/wp-json\/wp\/v2\/posts\/399\/revisions\/50945"}],"wp:attachment":[{"href":"https:\/\/www.immobilienbusiness.ch\/fr\/wp-json\/wp\/v2\/media?parent=399"}],"wp:term":[{"taxonomy":"category","embeddable":true,"href":"https:\/\/www.immobilienbusiness.ch\/fr\/wp-json\/wp\/v2\/categories?post=399"},{"taxonomy":"post_tag","embeddable":true,"href":"https:\/\/www.immobilienbusiness.ch\/fr\/wp-json\/wp\/v2\/tags?post=399"}],"curies":[{"name":"wp","href":"https:\/\/api.w.org\/{rel}","templated":true}]}}