{"id":3976,"date":"2016-09-15T08:27:50","date_gmt":"2016-09-15T06:27:50","guid":{"rendered":"http:\/\/dev.immobilienbusiness.ch\/?p=3976"},"modified":"2016-09-15T08:27:50","modified_gmt":"2016-09-15T06:27:50","slug":"zuerich-grundsteinlegung-fuer-letztes-baufeld-der-europaallee","status":"publish","type":"post","link":"https:\/\/www.immobilienbusiness.ch\/fr\/buero\/2016-09-15\/zuerich-grundsteinlegung-fuer-letztes-baufeld-der-europaallee\/","title":{"rendered":"Zurich : Pose de la premi\u00e8re pierre du dernier chantier de l'Europaallee"},"content":{"rendered":"<figure id=\"attachment_3977\" aria-describedby=\"caption-attachment-3977\" style=\"width: 680px\" class=\"wp-caption alignnone\"><img loading=\"lazy\" decoding=\"async\" class=\"size-medium wp-image-3977\" src=\"https:\/\/immobilienbusiness.ch\/wp-content\/uploads\/2016\/12\/Z\u00fcrich-Grundsteinlegung-f\u00fcr-letztes-Baufeld-der-Europaallee-immobilien-business.jpg\" alt=\"Der Grundstein f\u00fcr das Baufeld F der Europaallee ist gelegt (Visualisierung: SBB Immobilien)\" width=\"680\" height=\"383\" \/><figcaption id=\"caption-attachment-3977\" class=\"wp-caption-text\">La premi\u00e8re pierre de l'\u00eelot F de l'Europaallee est pos\u00e9e (Visualisation : CFF Immobilier)<\/figcaption><\/figure>\n<p>La zone de construction F est la derni\u00e8re des huit \u00e9tapes du projet gigantesque de CFF Immobilier. Le volume d'investissement s'\u00e9l\u00e8ve \u00e0 200 millions de CHF.<\/p>\n<p>L'\u00eelot F se compose de deux parties : Une tour principale ind\u00e9pendante de 50 m\u00e8tres de haut sera construite \u00e0 c\u00f4t\u00e9 de la Gustav-Gull-Platz. Le long de l'Europaallee, un b\u00e2timent compos\u00e9 de deux tours de 34 et 43 m\u00e8tres de haut, pos\u00e9es sur un socle, sera \u00e9rig\u00e9. La cour int\u00e9rieure publique de ce b\u00e2timent sera accessible depuis l'Europaallee et le nouveau Stephensonweg. Ce nouveau chemin pi\u00e9tonnier m\u00e8nera directement de la voie 3 de la gare centrale de Zurich \u00e0 la Langstrasse \u00e0 partir de l'\u00e9t\u00e9 2019.<\/p>\n<p>Sur la place Gustav-Gull, qui s'\u00e9tend sur plus de 5 000 m\u00b2, des arbres seront plant\u00e9s, des si\u00e8ges et des restaurants ext\u00e9rieurs seront install\u00e9s, ainsi qu'un plan d'eau sur lequel on pourra jouer.<\/p>\n<p>Les 170 logements locatifs se r\u00e9partissent entre la tour principale et les deux tours situ\u00e9es au-dessus du socle. La tour principale accueillera \u00e9galement une cr\u00e8che de 36 places. Les bureaux sont situ\u00e9s dans les \u00e9tages du socle, les commerces et les locaux de restauration dans les rez-de-chauss\u00e9e. Les 9 000 m\u00b2 de bureaux seront utilis\u00e9s par Google - l'entreprise s'installe dans l'Europaallee sur une surface totale de 50 000 m\u00b2 afin de renforcer encore le site de Zurich. A peine quatre ans avant l'ach\u00e8vement de l'Europaallee, toutes les surfaces de services sont donc d\u00e9j\u00e0 lou\u00e9es, indique CFF Immobilier.<\/p>\n<p>Les immeubles de l'\u00eelot F r\u00e9pondent aux exigences du \"label de qualit\u00e9 pour la construction durable Gold\". Le bureau d'architectes Boltshauser Architekten de Zurich est responsable de l'architecture. La r\u00e9alisation est assur\u00e9e par Porr Suisse AG. Les b\u00e2timents devraient \u00eatre pr\u00eats \u00e0 \u00eatre occup\u00e9s au printemps 2019.<\/p>\n<p><strong>La moiti\u00e9 de l'Europaallee est termin\u00e9e<\/strong><\/p>\n<p>Actuellement, quatre des huit \u00e9tapes - les \u00eelots A, C, E et G - sont construites et occup\u00e9es. Outre l'\u00eelot F, les \u00eelots B, D et H sont \u00e9galement en cours de construction.<\/p>\n<p>L'ach\u00e8vement de l'ensemble du site est pr\u00e9vu pour 2020. Selon CFF Immobilier, quelque 13 000 personnes fr\u00e9quenteront alors quotidiennement l'Europaallee : Les \u00e9tudiants de la Haute \u00e9cole p\u00e9dagogique de Zurich, de Juventus et de la KV Business School, les collaborateurs de Google, UBS, CS et Leonteq ainsi que les habitants des 400 appartements. S'y ajoutent les visiteurs de plus de 60 magasins, restaurants et bars, du cin\u00e9ma et de la maison de la culture \"Kosmos\", de l'h\u00f4tel design \"25hours\" avec 170 chambres, de la r\u00e9sidence \"Gustav\" du groupe Di Gallo et du centre d'affaires d'OBC Suisse. (ah)<\/p>","protected":false},"excerpt":{"rendered":"<p>Le 14 septembre, la premi\u00e8re pierre de la derni\u00e8re \u00e9tape de construction de l'Europaallee de Zurich a \u00e9t\u00e9 pos\u00e9e. Sur une surface d'environ 25 000 m\u00e8tres carr\u00e9s, 170 logements locatifs, des bureaux pour Google ainsi que des magasins et des \u00e9tablissements de restauration seront construits.<\/p>","protected":false},"author":1,"featured_media":3977,"comment_status":"open","ping_status":"open","sticky":false,"template":"","format":"standard","meta":{"_acf_changed":false,"_yoast_wpseo_focuskw":"Europaallee","_yoast_wpseo_title":"","_yoast_wpseo_metadesc":"Grundsteinlegung f\u00fcr die letzte Bauetappe der Europaallee: Auf 25.000 qm entstehen 170 Mietwohnungen, Google-B\u00fcrofl\u00e4chen sowie L\u00e4den und Gastronomiebetriebe","_yoast_wpseo_linkdex":90,"pgc_sgb_lightbox_settings":"","footnotes":""},"categories":[983,985,986],"tags":[1118,1601,1629,1639,1862,1888],"class_list":["post-3976","post","type-post","status-publish","format-standard","has-post-thumbnail","hentry","category-buero","category-regionen","category-residential","tag-buero","tag-projektentwicklung","tag-regionen","tag-residential","tag-wohnen","tag-zuerich"],"acf":[],"yoast_head":"<!-- This site is optimized with the Yoast SEO plugin v27.4 - https:\/\/yoast.com\/product\/yoast-seo-wordpress\/ -->\n<title>Z\u00fcrich: Grundsteinlegung f\u00fcr letztes Baufeld der Europaallee - IMMOBILIEN Business<\/title>\n<meta name=\"description\" content=\"Grundsteinlegung f\u00fcr die letzte Bauetappe der Europaallee: Auf 25.000 qm entstehen 170 Mietwohnungen, Google-B\u00fcrofl\u00e4chen sowie L\u00e4den und Gastronomiebetriebe\" \/>\n<meta name=\"robots\" content=\"index, follow, max-snippet:-1, max-image-preview:large, max-video-preview:-1\" \/>\n<link rel=\"canonical\" href=\"https:\/\/www.immobilienbusiness.ch\/fr\/buero\/2016-09-15\/zuerich-grundsteinlegung-fuer-letztes-baufeld-der-europaallee\/\" \/>\n<meta property=\"og:locale\" content=\"fr_FR\" \/>\n<meta property=\"og:type\" content=\"article\" \/>\n<meta property=\"og:title\" content=\"Z\u00fcrich: Grundsteinlegung f\u00fcr letztes Baufeld der Europaallee\" \/>\n<meta property=\"og:description\" content=\"Am 14. September wurde der Grundstein f\u00fcr die letzte Bauetappe der Z\u00fcrcher Europaallee gelegt. Auf rund 25.000 qm entstehen 170 Mietwohnungen, B\u00fcrofl\u00e4chen f\u00fcr Google sowie L\u00e4den und Gastronomiebetriebe.\" \/>\n<meta property=\"og:url\" content=\"https:\/\/www.immobilienbusiness.ch\/fr\/buero\/2016-09-15\/zuerich-grundsteinlegung-fuer-letztes-baufeld-der-europaallee\/\" \/>\n<meta property=\"og:site_name\" content=\"IMMOBILIEN Business\" \/>\n<meta property=\"article:publisher\" content=\"https:\/\/www.facebook.com\/immobilienbusiness\/\" \/>\n<meta property=\"article:published_time\" content=\"2016-09-15T06:27:50+00:00\" \/>\n<meta name=\"author\" content=\"Redaktion\" \/>\n<meta name=\"twitter:card\" content=\"summary_large_image\" \/>\n<meta name=\"twitter:image\" content=\"https:\/\/www.immobilienbusiness.ch\/wp-content\/uploads\/2016\/12\/Zuerich-Grundsteinlegung-fuer-letztes-Baufeld-der-Europaallee-immobilien-business.jpg\" \/>\n<script type=\"application\/ld+json\" class=\"yoast-schema-graph\">{\"@context\":\"https:\\\/\\\/schema.org\",\"@graph\":[{\"@type\":\"Article\",\"@id\":\"https:\\\/\\\/www.immobilienbusiness.ch\\\/buero\\\/2016-09-15\\\/zuerich-grundsteinlegung-fuer-letztes-baufeld-der-europaallee\\\/#article\",\"isPartOf\":{\"@id\":\"https:\\\/\\\/www.immobilienbusiness.ch\\\/buero\\\/2016-09-15\\\/zuerich-grundsteinlegung-fuer-letztes-baufeld-der-europaallee\\\/\"},\"author\":{\"name\":\"Redaktion\",\"@id\":\"https:\\\/\\\/www.immobilienbusiness.ch\\\/#\\\/schema\\\/person\\\/aa2bace6c5c5aad60102004a50c4eb1c\"},\"headline\":\"Z\u00fcrich: Grundsteinlegung f\u00fcr letztes Baufeld der Europaallee\",\"datePublished\":\"2016-09-15T06:27:50+00:00\",\"mainEntityOfPage\":{\"@id\":\"https:\\\/\\\/www.immobilienbusiness.ch\\\/buero\\\/2016-09-15\\\/zuerich-grundsteinlegung-fuer-letztes-baufeld-der-europaallee\\\/\"},\"wordCount\":398,\"commentCount\":0,\"publisher\":{\"@id\":\"https:\\\/\\\/www.immobilienbusiness.ch\\\/#organization\"},\"image\":{\"@id\":\"https:\\\/\\\/www.immobilienbusiness.ch\\\/buero\\\/2016-09-15\\\/zuerich-grundsteinlegung-fuer-letztes-baufeld-der-europaallee\\\/#primaryimage\"},\"thumbnailUrl\":\"https:\\\/\\\/www.immobilienbusiness.ch\\\/wp-content\\\/uploads\\\/2016\\\/12\\\/Zuerich-Grundsteinlegung-fuer-letztes-Baufeld-der-Europaallee-immobilien-business.jpg\",\"keywords\":[\"B\u00fcro\",\"Projektentwicklung\",\"Regionen\",\"Residential\",\"Wohnen\",\"Z\u00fcrich\"],\"articleSection\":[\"B\u00dcRO\",\"REGIONEN\",\"RESIDENTIAL\"],\"inLanguage\":\"fr-FR\"},{\"@type\":\"WebPage\",\"@id\":\"https:\\\/\\\/www.immobilienbusiness.ch\\\/buero\\\/2016-09-15\\\/zuerich-grundsteinlegung-fuer-letztes-baufeld-der-europaallee\\\/\",\"url\":\"https:\\\/\\\/www.immobilienbusiness.ch\\\/buero\\\/2016-09-15\\\/zuerich-grundsteinlegung-fuer-letztes-baufeld-der-europaallee\\\/\",\"name\":\"Z\u00fcrich: Grundsteinlegung f\u00fcr letztes Baufeld der Europaallee - IMMOBILIEN Business\",\"isPartOf\":{\"@id\":\"https:\\\/\\\/www.immobilienbusiness.ch\\\/#website\"},\"primaryImageOfPage\":{\"@id\":\"https:\\\/\\\/www.immobilienbusiness.ch\\\/buero\\\/2016-09-15\\\/zuerich-grundsteinlegung-fuer-letztes-baufeld-der-europaallee\\\/#primaryimage\"},\"image\":{\"@id\":\"https:\\\/\\\/www.immobilienbusiness.ch\\\/buero\\\/2016-09-15\\\/zuerich-grundsteinlegung-fuer-letztes-baufeld-der-europaallee\\\/#primaryimage\"},\"thumbnailUrl\":\"https:\\\/\\\/www.immobilienbusiness.ch\\\/wp-content\\\/uploads\\\/2016\\\/12\\\/Zuerich-Grundsteinlegung-fuer-letztes-Baufeld-der-Europaallee-immobilien-business.jpg\",\"datePublished\":\"2016-09-15T06:27:50+00:00\",\"description\":\"Grundsteinlegung f\u00fcr die letzte Bauetappe der Europaallee: Auf 25.000 qm entstehen 170 Mietwohnungen, Google-B\u00fcrofl\u00e4chen sowie L\u00e4den und Gastronomiebetriebe\",\"breadcrumb\":{\"@id\":\"https:\\\/\\\/www.immobilienbusiness.ch\\\/buero\\\/2016-09-15\\\/zuerich-grundsteinlegung-fuer-letztes-baufeld-der-europaallee\\\/#breadcrumb\"},\"inLanguage\":\"fr-FR\",\"potentialAction\":[{\"@type\":\"ReadAction\",\"target\":[\"https:\\\/\\\/www.immobilienbusiness.ch\\\/buero\\\/2016-09-15\\\/zuerich-grundsteinlegung-fuer-letztes-baufeld-der-europaallee\\\/\"]}]},{\"@type\":\"ImageObject\",\"inLanguage\":\"fr-FR\",\"@id\":\"https:\\\/\\\/www.immobilienbusiness.ch\\\/buero\\\/2016-09-15\\\/zuerich-grundsteinlegung-fuer-letztes-baufeld-der-europaallee\\\/#primaryimage\",\"url\":\"https:\\\/\\\/www.immobilienbusiness.ch\\\/wp-content\\\/uploads\\\/2016\\\/12\\\/Zuerich-Grundsteinlegung-fuer-letztes-Baufeld-der-Europaallee-immobilien-business.jpg\",\"contentUrl\":\"https:\\\/\\\/www.immobilienbusiness.ch\\\/wp-content\\\/uploads\\\/2016\\\/12\\\/Zuerich-Grundsteinlegung-fuer-letztes-Baufeld-der-Europaallee-immobilien-business.jpg\",\"width\":1280,\"height\":720,\"caption\":\"Der Grundstein f\u00fcr das Baufeld F der Europaallee ist gelegt (Visualisierung: SBB Immobilien)\"},{\"@type\":\"BreadcrumbList\",\"@id\":\"https:\\\/\\\/www.immobilienbusiness.ch\\\/buero\\\/2016-09-15\\\/zuerich-grundsteinlegung-fuer-letztes-baufeld-der-europaallee\\\/#breadcrumb\",\"itemListElement\":[{\"@type\":\"ListItem\",\"position\":1,\"name\":\"Home\",\"item\":\"https:\\\/\\\/www.immobilienbusiness.ch\\\/\"},{\"@type\":\"ListItem\",\"position\":2,\"name\":\"Z\u00fcrich: Grundsteinlegung f\u00fcr letztes Baufeld der Europaallee\"}]},{\"@type\":\"WebSite\",\"@id\":\"https:\\\/\\\/www.immobilienbusiness.ch\\\/#website\",\"url\":\"https:\\\/\\\/www.immobilienbusiness.ch\\\/\",\"name\":\"IMMOBILIEN Business\",\"description\":\"Unabh\u00e4ngiges Schweizer Wirtschaftsmagazin mit Fokus auf Immobilien, Architektur- und Bau sowie Investment- und Finanzierung.\",\"publisher\":{\"@id\":\"https:\\\/\\\/www.immobilienbusiness.ch\\\/#organization\"},\"potentialAction\":[{\"@type\":\"SearchAction\",\"target\":{\"@type\":\"EntryPoint\",\"urlTemplate\":\"https:\\\/\\\/www.immobilienbusiness.ch\\\/?s={search_term_string}\"},\"query-input\":{\"@type\":\"PropertyValueSpecification\",\"valueRequired\":true,\"valueName\":\"search_term_string\"}}],\"inLanguage\":\"fr-FR\"},{\"@type\":\"Organization\",\"@id\":\"https:\\\/\\\/www.immobilienbusiness.ch\\\/#organization\",\"name\":\"IMMOBILIEN Business\",\"url\":\"https:\\\/\\\/www.immobilienbusiness.ch\\\/\",\"logo\":{\"@type\":\"ImageObject\",\"inLanguage\":\"fr-FR\",\"@id\":\"https:\\\/\\\/www.immobilienbusiness.ch\\\/#\\\/schema\\\/logo\\\/image\\\/\",\"url\":\"https:\\\/\\\/www.immobilienbusiness.ch\\\/wp-content\\\/uploads\\\/2021\\\/07\\\/logo_ib.png\",\"contentUrl\":\"https:\\\/\\\/www.immobilienbusiness.ch\\\/wp-content\\\/uploads\\\/2021\\\/07\\\/logo_ib.png\",\"width\":800,\"height\":181,\"caption\":\"IMMOBILIEN Business\"},\"image\":{\"@id\":\"https:\\\/\\\/www.immobilienbusiness.ch\\\/#\\\/schema\\\/logo\\\/image\\\/\"},\"sameAs\":[\"https:\\\/\\\/www.facebook.com\\\/immobilienbusiness\\\/\"]},{\"@type\":\"Person\",\"@id\":\"https:\\\/\\\/www.immobilienbusiness.ch\\\/#\\\/schema\\\/person\\\/aa2bace6c5c5aad60102004a50c4eb1c\",\"name\":\"Redaktion\",\"image\":{\"@type\":\"ImageObject\",\"inLanguage\":\"fr-FR\",\"@id\":\"https:\\\/\\\/secure.gravatar.com\\\/avatar\\\/ae2f4d718e6c49043e314ce431e7e645d646302a24a5ef5a8bc8e3f5a032e319?s=96&d=mm&r=g\",\"url\":\"https:\\\/\\\/secure.gravatar.com\\\/avatar\\\/ae2f4d718e6c49043e314ce431e7e645d646302a24a5ef5a8bc8e3f5a032e319?s=96&d=mm&r=g\",\"contentUrl\":\"https:\\\/\\\/secure.gravatar.com\\\/avatar\\\/ae2f4d718e6c49043e314ce431e7e645d646302a24a5ef5a8bc8e3f5a032e319?s=96&d=mm&r=g\",\"caption\":\"Redaktion\"},\"sameAs\":[\"http:\\\/\\\/develop.organisator.galledia.ch\"],\"url\":\"https:\\\/\\\/www.immobilienbusiness.ch\\\/fr\\\/author\\\/admin\\\/\"}]}<\/script>\n<!-- \/ Yoast SEO plugin. -->","yoast_head_json":{"title":"Z\u00fcrich: Grundsteinlegung f\u00fcr letztes Baufeld der Europaallee - IMMOBILIEN Business","description":"Grundsteinlegung f\u00fcr die letzte Bauetappe der Europaallee: Auf 25.000 qm entstehen 170 Mietwohnungen, Google-B\u00fcrofl\u00e4chen sowie L\u00e4den und Gastronomiebetriebe","robots":{"index":"index","follow":"follow","max-snippet":"max-snippet:-1","max-image-preview":"max-image-preview:large","max-video-preview":"max-video-preview:-1"},"canonical":"https:\/\/www.immobilienbusiness.ch\/fr\/buero\/2016-09-15\/zuerich-grundsteinlegung-fuer-letztes-baufeld-der-europaallee\/","og_locale":"fr_FR","og_type":"article","og_title":"Z\u00fcrich: Grundsteinlegung f\u00fcr letztes Baufeld der Europaallee","og_description":"Am 14. September wurde der Grundstein f\u00fcr die letzte Bauetappe der Z\u00fcrcher Europaallee gelegt. Auf rund 25.000 qm entstehen 170 Mietwohnungen, B\u00fcrofl\u00e4chen f\u00fcr Google sowie L\u00e4den und Gastronomiebetriebe.","og_url":"https:\/\/www.immobilienbusiness.ch\/fr\/buero\/2016-09-15\/zuerich-grundsteinlegung-fuer-letztes-baufeld-der-europaallee\/","og_site_name":"IMMOBILIEN Business","article_publisher":"https:\/\/www.facebook.com\/immobilienbusiness\/","article_published_time":"2016-09-15T06:27:50+00:00","author":"Redaktion","twitter_card":"summary_large_image","twitter_image":"https:\/\/www.immobilienbusiness.ch\/wp-content\/uploads\/2016\/12\/Zuerich-Grundsteinlegung-fuer-letztes-Baufeld-der-Europaallee-immobilien-business.jpg","schema":{"@context":"https:\/\/schema.org","@graph":[{"@type":"Article","@id":"https:\/\/www.immobilienbusiness.ch\/buero\/2016-09-15\/zuerich-grundsteinlegung-fuer-letztes-baufeld-der-europaallee\/#article","isPartOf":{"@id":"https:\/\/www.immobilienbusiness.ch\/buero\/2016-09-15\/zuerich-grundsteinlegung-fuer-letztes-baufeld-der-europaallee\/"},"author":{"name":"Redaktion","@id":"https:\/\/www.immobilienbusiness.ch\/#\/schema\/person\/aa2bace6c5c5aad60102004a50c4eb1c"},"headline":"Z\u00fcrich: Grundsteinlegung f\u00fcr letztes Baufeld der Europaallee","datePublished":"2016-09-15T06:27:50+00:00","mainEntityOfPage":{"@id":"https:\/\/www.immobilienbusiness.ch\/buero\/2016-09-15\/zuerich-grundsteinlegung-fuer-letztes-baufeld-der-europaallee\/"},"wordCount":398,"commentCount":0,"publisher":{"@id":"https:\/\/www.immobilienbusiness.ch\/#organization"},"image":{"@id":"https:\/\/www.immobilienbusiness.ch\/buero\/2016-09-15\/zuerich-grundsteinlegung-fuer-letztes-baufeld-der-europaallee\/#primaryimage"},"thumbnailUrl":"https:\/\/www.immobilienbusiness.ch\/wp-content\/uploads\/2016\/12\/Zuerich-Grundsteinlegung-fuer-letztes-Baufeld-der-Europaallee-immobilien-business.jpg","keywords":["B\u00fcro","Projektentwicklung","Regionen","Residential","Wohnen","Z\u00fcrich"],"articleSection":["B\u00dcRO","REGIONEN","RESIDENTIAL"],"inLanguage":"fr-FR"},{"@type":"WebPage","@id":"https:\/\/www.immobilienbusiness.ch\/buero\/2016-09-15\/zuerich-grundsteinlegung-fuer-letztes-baufeld-der-europaallee\/","url":"https:\/\/www.immobilienbusiness.ch\/buero\/2016-09-15\/zuerich-grundsteinlegung-fuer-letztes-baufeld-der-europaallee\/","name":"Z\u00fcrich: Grundsteinlegung f\u00fcr letztes Baufeld der Europaallee - IMMOBILIEN Business","isPartOf":{"@id":"https:\/\/www.immobilienbusiness.ch\/#website"},"primaryImageOfPage":{"@id":"https:\/\/www.immobilienbusiness.ch\/buero\/2016-09-15\/zuerich-grundsteinlegung-fuer-letztes-baufeld-der-europaallee\/#primaryimage"},"image":{"@id":"https:\/\/www.immobilienbusiness.ch\/buero\/2016-09-15\/zuerich-grundsteinlegung-fuer-letztes-baufeld-der-europaallee\/#primaryimage"},"thumbnailUrl":"https:\/\/www.immobilienbusiness.ch\/wp-content\/uploads\/2016\/12\/Zuerich-Grundsteinlegung-fuer-letztes-Baufeld-der-Europaallee-immobilien-business.jpg","datePublished":"2016-09-15T06:27:50+00:00","description":"Grundsteinlegung f\u00fcr die letzte Bauetappe der Europaallee: Auf 25.000 qm entstehen 170 Mietwohnungen, Google-B\u00fcrofl\u00e4chen sowie L\u00e4den und Gastronomiebetriebe","breadcrumb":{"@id":"https:\/\/www.immobilienbusiness.ch\/buero\/2016-09-15\/zuerich-grundsteinlegung-fuer-letztes-baufeld-der-europaallee\/#breadcrumb"},"inLanguage":"fr-FR","potentialAction":[{"@type":"ReadAction","target":["https:\/\/www.immobilienbusiness.ch\/buero\/2016-09-15\/zuerich-grundsteinlegung-fuer-letztes-baufeld-der-europaallee\/"]}]},{"@type":"ImageObject","inLanguage":"fr-FR","@id":"https:\/\/www.immobilienbusiness.ch\/buero\/2016-09-15\/zuerich-grundsteinlegung-fuer-letztes-baufeld-der-europaallee\/#primaryimage","url":"https:\/\/www.immobilienbusiness.ch\/wp-content\/uploads\/2016\/12\/Zuerich-Grundsteinlegung-fuer-letztes-Baufeld-der-Europaallee-immobilien-business.jpg","contentUrl":"https:\/\/www.immobilienbusiness.ch\/wp-content\/uploads\/2016\/12\/Zuerich-Grundsteinlegung-fuer-letztes-Baufeld-der-Europaallee-immobilien-business.jpg","width":1280,"height":720,"caption":"Der Grundstein f\u00fcr das Baufeld F der Europaallee ist gelegt (Visualisierung: SBB Immobilien)"},{"@type":"BreadcrumbList","@id":"https:\/\/www.immobilienbusiness.ch\/buero\/2016-09-15\/zuerich-grundsteinlegung-fuer-letztes-baufeld-der-europaallee\/#breadcrumb","itemListElement":[{"@type":"ListItem","position":1,"name":"Home","item":"https:\/\/www.immobilienbusiness.ch\/"},{"@type":"ListItem","position":2,"name":"Z\u00fcrich: Grundsteinlegung f\u00fcr letztes Baufeld der Europaallee"}]},{"@type":"WebSite","@id":"https:\/\/www.immobilienbusiness.ch\/#website","url":"https:\/\/www.immobilienbusiness.ch\/","name":"IMMOBILIER Business","description":"Magazine \u00e9conomique suisse ind\u00e9pendant ax\u00e9 sur l'immobilier, l'architecture et la construction ainsi que sur les investissements et le financement.","publisher":{"@id":"https:\/\/www.immobilienbusiness.ch\/#organization"},"potentialAction":[{"@type":"SearchAction","target":{"@type":"EntryPoint","urlTemplate":"https:\/\/www.immobilienbusiness.ch\/?s={search_term_string}"},"query-input":{"@type":"PropertyValueSpecification","valueRequired":true,"valueName":"search_term_string"}}],"inLanguage":"fr-FR"},{"@type":"Organization","@id":"https:\/\/www.immobilienbusiness.ch\/#organization","name":"IMMOBILIER Business","url":"https:\/\/www.immobilienbusiness.ch\/","logo":{"@type":"ImageObject","inLanguage":"fr-FR","@id":"https:\/\/www.immobilienbusiness.ch\/#\/schema\/logo\/image\/","url":"https:\/\/www.immobilienbusiness.ch\/wp-content\/uploads\/2021\/07\/logo_ib.png","contentUrl":"https:\/\/www.immobilienbusiness.ch\/wp-content\/uploads\/2021\/07\/logo_ib.png","width":800,"height":181,"caption":"IMMOBILIEN Business"},"image":{"@id":"https:\/\/www.immobilienbusiness.ch\/#\/schema\/logo\/image\/"},"sameAs":["https:\/\/www.facebook.com\/immobilienbusiness\/"]},{"@type":"Person","@id":"https:\/\/www.immobilienbusiness.ch\/#\/schema\/person\/aa2bace6c5c5aad60102004a50c4eb1c","name":"Editorial","image":{"@type":"ImageObject","inLanguage":"fr-FR","@id":"https:\/\/secure.gravatar.com\/avatar\/ae2f4d718e6c49043e314ce431e7e645d646302a24a5ef5a8bc8e3f5a032e319?s=96&d=mm&r=g","url":"https:\/\/secure.gravatar.com\/avatar\/ae2f4d718e6c49043e314ce431e7e645d646302a24a5ef5a8bc8e3f5a032e319?s=96&d=mm&r=g","contentUrl":"https:\/\/secure.gravatar.com\/avatar\/ae2f4d718e6c49043e314ce431e7e645d646302a24a5ef5a8bc8e3f5a032e319?s=96&d=mm&r=g","caption":"Redaktion"},"sameAs":["http:\/\/develop.organisator.galledia.ch"],"url":"https:\/\/www.immobilienbusiness.ch\/fr\/author\/admin\/"}]}},"_links":{"self":[{"href":"https:\/\/www.immobilienbusiness.ch\/fr\/wp-json\/wp\/v2\/posts\/3976","targetHints":{"allow":["GET"]}}],"collection":[{"href":"https:\/\/www.immobilienbusiness.ch\/fr\/wp-json\/wp\/v2\/posts"}],"about":[{"href":"https:\/\/www.immobilienbusiness.ch\/fr\/wp-json\/wp\/v2\/types\/post"}],"author":[{"embeddable":true,"href":"https:\/\/www.immobilienbusiness.ch\/fr\/wp-json\/wp\/v2\/users\/1"}],"replies":[{"embeddable":true,"href":"https:\/\/www.immobilienbusiness.ch\/fr\/wp-json\/wp\/v2\/comments?post=3976"}],"version-history":[{"count":0,"href":"https:\/\/www.immobilienbusiness.ch\/fr\/wp-json\/wp\/v2\/posts\/3976\/revisions"}],"wp:featuredmedia":[{"embeddable":true,"href":"https:\/\/www.immobilienbusiness.ch\/fr\/wp-json\/wp\/v2\/media\/3977"}],"wp:attachment":[{"href":"https:\/\/www.immobilienbusiness.ch\/fr\/wp-json\/wp\/v2\/media?parent=3976"}],"wp:term":[{"taxonomy":"category","embeddable":true,"href":"https:\/\/www.immobilienbusiness.ch\/fr\/wp-json\/wp\/v2\/categories?post=3976"},{"taxonomy":"post_tag","embeddable":true,"href":"https:\/\/www.immobilienbusiness.ch\/fr\/wp-json\/wp\/v2\/tags?post=3976"}],"curies":[{"name":"wp","href":"https:\/\/api.w.org\/{rel}","templated":true}]}}