{"id":39712,"date":"2022-01-18T08:05:12","date_gmt":"2022-01-18T07:05:12","guid":{"rendered":"https:\/\/www.immobilienbusiness.ch\/?p=39712"},"modified":"2023-08-07T20:45:45","modified_gmt":"2023-08-07T18:45:45","slug":"wechsel-an-der-spitze-der-alfred-mueller-ag","status":"publish","type":"post","link":"https:\/\/www.immobilienbusiness.ch\/fr\/personalia\/2022-01-18\/wechsel-an-der-spitze-der-alfred-mueller-ag\/","title":{"rendered":"Changement \u00e0 la t\u00eate d'Alfred M\u00fcller AG"},"content":{"rendered":"<figure id=\"attachment_39713\" aria-describedby=\"caption-attachment-39713\" style=\"width: 2048px\" class=\"wp-caption alignnone\"><img loading=\"lazy\" decoding=\"async\" class=\"wp-image-39713 size-full\" src=\"https:\/\/www.immobilienbusiness.ch\/wp-content\/uploads\/2022\/01\/Simone_Findeis.jpg\" alt=\"\" width=\"2048\" height=\"1366\" srcset=\"https:\/\/www.immobilienbusiness.ch\/wp-content\/uploads\/2022\/01\/Simone_Findeis.jpg 1200w, https:\/\/www.immobilienbusiness.ch\/wp-content\/uploads\/2022\/01\/Simone_Findeis-300x200.jpg 300w, https:\/\/www.immobilienbusiness.ch\/wp-content\/uploads\/2022\/01\/Simone_Findeis-1024x683.jpg 1024w, https:\/\/www.immobilienbusiness.ch\/wp-content\/uploads\/2022\/01\/Simone_Findeis-768x512.jpg 768w, https:\/\/www.immobilienbusiness.ch\/wp-content\/uploads\/2022\/01\/Simone_Findeis-1536x1025.jpg 1536w, https:\/\/www.immobilienbusiness.ch\/wp-content\/uploads\/2022\/01\/Simone_Findeis-16x12.jpg 16w, https:\/\/www.immobilienbusiness.ch\/wp-content\/uploads\/2022\/01\/Simone_Findeis-262x175.jpg 262w, https:\/\/www.immobilienbusiness.ch\/wp-content\/uploads\/2022\/01\/Simone_Findeis-525x350.jpg 525w, https:\/\/www.immobilienbusiness.ch\/wp-content\/uploads\/2022\/01\/Simone_Findeis-1199x800.jpg 1199w, https:\/\/www.immobilienbusiness.ch\/wp-content\/uploads\/2022\/01\/Simone_Findeis-920x614.jpg 920w\" sizes=\"auto, (max-width: 2048px) 100vw, 2048px\" \/><figcaption id=\"caption-attachment-39713\" class=\"wp-caption-text\">Simone Findeis (Source : Alfred M\u00fcller AG)<\/figcaption><\/figure>\n<p>Simone Findeis prendra ses nouvelles fonctions \u00e0 la t\u00eate d'Alfred M\u00fcller AG au plus tard le 1er juillet 2022, d\u00e9clare Christoph M\u00fcller, pr\u00e9sident du conseil d'administration. Elle dispose des comp\u00e9tences n\u00e9cessaires pour \"poursuivre le d\u00e9veloppement durable et r\u00e9ussi\" de l'entreprise immobili\u00e8re.<\/p>\n<p>Simone Findeis \u00e9tait jusqu'\u00e0 pr\u00e9sent CEO et propri\u00e9taire de SF Bauconsulting et COO adjointe de ARS Architektur Rolf Stalder AG. Auparavant, cette femme de 44 ans a travaill\u00e9 plusieurs ann\u00e9es chez Implenia Suisse o\u00f9, en tant que membre de la direction Buildings pour la r\u00e9gion Nord-Ouest de la Suisse, elle \u00e9tait responsable de divers projets de construction neuve dans le b\u00e2timent en tant qu'entrepreneur g\u00e9n\u00e9ral et total. Auparavant, elle a travaill\u00e9 pendant 15 ans au sein du groupe Strabag, en dernier lieu en tant que membre de la direction de Strabag Suisse.<\/p>\n<p>En tant que pr\u00e9sidente de la direction d'Alfred M\u00fcller AG, Findeis succ\u00e8de \u00e0 David Hossli, qui a travaill\u00e9 neuf ans pour l'entreprise. Il a d\u00e9cid\u00e9 de relever un nouveau d\u00e9fi dans sa r\u00e9gion de r\u00e9sidence, les Grisons, indique Alfred M\u00fcller AG.<em> (ah)<\/em><\/p>","protected":false},"excerpt":{"rendered":"<p>Simone Findeis est la nouvelle pr\u00e9sidente de la direction de l'entreprise immobili\u00e8re Alfred M\u00fcller. Elle succ\u00e8de \u00e0 David Hossli.<\/p>","protected":false},"author":3,"featured_media":39713,"comment_status":"closed","ping_status":"closed","sticky":false,"template":"","format":"standard","meta":{"_acf_changed":false,"_yoast_wpseo_focuskw":"Alfred M\u00fcller","_yoast_wpseo_title":"","_yoast_wpseo_metadesc":"Simone Findeis wird neue Vorsitzende der Gesch\u00e4ftsleitung bei dem Immobilienunternehmen Alfred M\u00fcller AG. Sie folgt auf David Hossli.","_yoast_wpseo_linkdex":41,"pgc_sgb_lightbox_settings":"","footnotes":""},"categories":[1912],"tags":[1011,1563],"class_list":["post-39712","post","type-post","status-publish","format-standard","has-post-thumbnail","hentry","category-personalia","tag-alfred-mueller-ag","tag-personalia"],"acf":[],"yoast_head":"<!-- This site is optimized with the Yoast SEO plugin v27.4 - https:\/\/yoast.com\/product\/yoast-seo-wordpress\/ -->\n<title>Wechsel an der Spitze der Alfred M\u00fcller AG - IMMOBILIEN Business<\/title>\n<meta name=\"description\" content=\"Simone Findeis wird neue Vorsitzende der Gesch\u00e4ftsleitung bei dem Immobilienunternehmen Alfred M\u00fcller AG. Sie folgt auf David Hossli.\" \/>\n<meta name=\"robots\" content=\"index, follow, max-snippet:-1, max-image-preview:large, max-video-preview:-1\" \/>\n<link rel=\"canonical\" href=\"https:\/\/www.immobilienbusiness.ch\/fr\/personalia\/2022-01-18\/wechsel-an-der-spitze-der-alfred-mueller-ag\/\" \/>\n<meta property=\"og:locale\" content=\"fr_FR\" \/>\n<meta property=\"og:type\" content=\"article\" \/>\n<meta property=\"og:title\" content=\"Wechsel an der Spitze der Alfred M\u00fcller AG - IMMOBILIEN Business\" \/>\n<meta property=\"og:description\" content=\"Simone Findeis wird neue Vorsitzende der Gesch\u00e4ftsleitung bei dem Immobilienunternehmen Alfred M\u00fcller AG. Sie folgt auf David Hossli.\" \/>\n<meta property=\"og:url\" content=\"https:\/\/www.immobilienbusiness.ch\/fr\/personalia\/2022-01-18\/wechsel-an-der-spitze-der-alfred-mueller-ag\/\" \/>\n<meta property=\"og:site_name\" content=\"IMMOBILIEN Business\" \/>\n<meta property=\"article:publisher\" content=\"https:\/\/www.facebook.com\/immobilienbusiness\/\" \/>\n<meta property=\"article:published_time\" content=\"2022-01-18T07:05:12+00:00\" \/>\n<meta property=\"article:modified_time\" content=\"2023-08-07T18:45:45+00:00\" \/>\n<meta property=\"og:image\" content=\"https:\/\/www.immobilienbusiness.ch\/wp-content\/uploads\/2022\/01\/Simone_Findeis.jpg\" \/>\n\t<meta property=\"og:image:width\" content=\"1200\" \/>\n\t<meta property=\"og:image:height\" content=\"800\" \/>\n\t<meta property=\"og:image:type\" content=\"image\/jpeg\" \/>\n<meta name=\"author\" content=\"anja.hall\" \/>\n<meta name=\"twitter:card\" content=\"summary_large_image\" \/>\n<meta name=\"twitter:image\" content=\"https:\/\/www.immobilienbusiness.ch\/wp-content\/uploads\/2022\/01\/Simone_Findeis.jpg\" \/>\n<script type=\"application\/ld+json\" class=\"yoast-schema-graph\">{\"@context\":\"https:\\\/\\\/schema.org\",\"@graph\":[{\"@type\":\"Article\",\"@id\":\"https:\\\/\\\/www.immobilienbusiness.ch\\\/en\\\/personalia\\\/2022-01-18\\\/wechsel-an-der-spitze-der-alfred-mueller-ag\\\/#article\",\"isPartOf\":{\"@id\":\"https:\\\/\\\/www.immobilienbusiness.ch\\\/en\\\/personalia\\\/2022-01-18\\\/wechsel-an-der-spitze-der-alfred-mueller-ag\\\/\"},\"author\":{\"name\":\"anja.hall\",\"@id\":\"https:\\\/\\\/www.immobilienbusiness.ch\\\/#\\\/schema\\\/person\\\/3fc036297b10b9f42d6db5ee932af8c8\"},\"headline\":\"Wechsel an der Spitze der Alfred M\u00fcller AG\",\"datePublished\":\"2022-01-18T07:05:12+00:00\",\"dateModified\":\"2023-08-07T18:45:45+00:00\",\"mainEntityOfPage\":{\"@id\":\"https:\\\/\\\/www.immobilienbusiness.ch\\\/en\\\/personalia\\\/2022-01-18\\\/wechsel-an-der-spitze-der-alfred-mueller-ag\\\/\"},\"wordCount\":184,\"publisher\":{\"@id\":\"https:\\\/\\\/www.immobilienbusiness.ch\\\/#organization\"},\"image\":{\"@id\":\"https:\\\/\\\/www.immobilienbusiness.ch\\\/en\\\/personalia\\\/2022-01-18\\\/wechsel-an-der-spitze-der-alfred-mueller-ag\\\/#primaryimage\"},\"thumbnailUrl\":\"https:\\\/\\\/www.immobilienbusiness.ch\\\/wp-content\\\/uploads\\\/2022\\\/01\\\/Simone_Findeis.jpg\",\"keywords\":[\"Alfred M\u00fcller AG\",\"Personalia\"],\"articleSection\":[\"PERSONALIA\"],\"inLanguage\":\"fr-FR\"},{\"@type\":\"WebPage\",\"@id\":\"https:\\\/\\\/www.immobilienbusiness.ch\\\/en\\\/personalia\\\/2022-01-18\\\/wechsel-an-der-spitze-der-alfred-mueller-ag\\\/\",\"url\":\"https:\\\/\\\/www.immobilienbusiness.ch\\\/en\\\/personalia\\\/2022-01-18\\\/wechsel-an-der-spitze-der-alfred-mueller-ag\\\/\",\"name\":\"Wechsel an der Spitze der Alfred M\u00fcller AG - IMMOBILIEN Business\",\"isPartOf\":{\"@id\":\"https:\\\/\\\/www.immobilienbusiness.ch\\\/#website\"},\"primaryImageOfPage\":{\"@id\":\"https:\\\/\\\/www.immobilienbusiness.ch\\\/en\\\/personalia\\\/2022-01-18\\\/wechsel-an-der-spitze-der-alfred-mueller-ag\\\/#primaryimage\"},\"image\":{\"@id\":\"https:\\\/\\\/www.immobilienbusiness.ch\\\/en\\\/personalia\\\/2022-01-18\\\/wechsel-an-der-spitze-der-alfred-mueller-ag\\\/#primaryimage\"},\"thumbnailUrl\":\"https:\\\/\\\/www.immobilienbusiness.ch\\\/wp-content\\\/uploads\\\/2022\\\/01\\\/Simone_Findeis.jpg\",\"datePublished\":\"2022-01-18T07:05:12+00:00\",\"dateModified\":\"2023-08-07T18:45:45+00:00\",\"description\":\"Simone Findeis wird neue Vorsitzende der Gesch\u00e4ftsleitung bei dem Immobilienunternehmen Alfred M\u00fcller AG. Sie folgt auf David Hossli.\",\"breadcrumb\":{\"@id\":\"https:\\\/\\\/www.immobilienbusiness.ch\\\/en\\\/personalia\\\/2022-01-18\\\/wechsel-an-der-spitze-der-alfred-mueller-ag\\\/#breadcrumb\"},\"inLanguage\":\"fr-FR\",\"potentialAction\":[{\"@type\":\"ReadAction\",\"target\":[\"https:\\\/\\\/www.immobilienbusiness.ch\\\/en\\\/personalia\\\/2022-01-18\\\/wechsel-an-der-spitze-der-alfred-mueller-ag\\\/\"]}]},{\"@type\":\"ImageObject\",\"inLanguage\":\"fr-FR\",\"@id\":\"https:\\\/\\\/www.immobilienbusiness.ch\\\/en\\\/personalia\\\/2022-01-18\\\/wechsel-an-der-spitze-der-alfred-mueller-ag\\\/#primaryimage\",\"url\":\"https:\\\/\\\/www.immobilienbusiness.ch\\\/wp-content\\\/uploads\\\/2022\\\/01\\\/Simone_Findeis.jpg\",\"contentUrl\":\"https:\\\/\\\/www.immobilienbusiness.ch\\\/wp-content\\\/uploads\\\/2022\\\/01\\\/Simone_Findeis.jpg\",\"width\":1200,\"height\":800,\"caption\":\"Simone Findeis (Quelle: Alfred M\u00fcller AG)\"},{\"@type\":\"BreadcrumbList\",\"@id\":\"https:\\\/\\\/www.immobilienbusiness.ch\\\/en\\\/personalia\\\/2022-01-18\\\/wechsel-an-der-spitze-der-alfred-mueller-ag\\\/#breadcrumb\",\"itemListElement\":[{\"@type\":\"ListItem\",\"position\":1,\"name\":\"Home\",\"item\":\"https:\\\/\\\/www.immobilienbusiness.ch\\\/\"},{\"@type\":\"ListItem\",\"position\":2,\"name\":\"Wechsel an der Spitze der Alfred M\u00fcller AG\"}]},{\"@type\":\"WebSite\",\"@id\":\"https:\\\/\\\/www.immobilienbusiness.ch\\\/#website\",\"url\":\"https:\\\/\\\/www.immobilienbusiness.ch\\\/\",\"name\":\"IMMOBILIEN Business\",\"description\":\"Unabh\u00e4ngiges Schweizer Wirtschaftsmagazin mit Fokus auf Immobilien, Architektur- und Bau sowie Investment- und Finanzierung.\",\"publisher\":{\"@id\":\"https:\\\/\\\/www.immobilienbusiness.ch\\\/#organization\"},\"potentialAction\":[{\"@type\":\"SearchAction\",\"target\":{\"@type\":\"EntryPoint\",\"urlTemplate\":\"https:\\\/\\\/www.immobilienbusiness.ch\\\/?s={search_term_string}\"},\"query-input\":{\"@type\":\"PropertyValueSpecification\",\"valueRequired\":true,\"valueName\":\"search_term_string\"}}],\"inLanguage\":\"fr-FR\"},{\"@type\":\"Organization\",\"@id\":\"https:\\\/\\\/www.immobilienbusiness.ch\\\/#organization\",\"name\":\"IMMOBILIEN Business\",\"url\":\"https:\\\/\\\/www.immobilienbusiness.ch\\\/\",\"logo\":{\"@type\":\"ImageObject\",\"inLanguage\":\"fr-FR\",\"@id\":\"https:\\\/\\\/www.immobilienbusiness.ch\\\/#\\\/schema\\\/logo\\\/image\\\/\",\"url\":\"https:\\\/\\\/www.immobilienbusiness.ch\\\/wp-content\\\/uploads\\\/2021\\\/07\\\/logo_ib.png\",\"contentUrl\":\"https:\\\/\\\/www.immobilienbusiness.ch\\\/wp-content\\\/uploads\\\/2021\\\/07\\\/logo_ib.png\",\"width\":800,\"height\":181,\"caption\":\"IMMOBILIEN Business\"},\"image\":{\"@id\":\"https:\\\/\\\/www.immobilienbusiness.ch\\\/#\\\/schema\\\/logo\\\/image\\\/\"},\"sameAs\":[\"https:\\\/\\\/www.facebook.com\\\/immobilienbusiness\\\/\"]},{\"@type\":\"Person\",\"@id\":\"https:\\\/\\\/www.immobilienbusiness.ch\\\/#\\\/schema\\\/person\\\/3fc036297b10b9f42d6db5ee932af8c8\",\"name\":\"anja.hall\",\"image\":{\"@type\":\"ImageObject\",\"inLanguage\":\"fr-FR\",\"@id\":\"https:\\\/\\\/secure.gravatar.com\\\/avatar\\\/066b5a0d447013502c71a5782f4f3469f03cfe595cc2329fb94652fe47511bfb?s=96&d=mm&r=g\",\"url\":\"https:\\\/\\\/secure.gravatar.com\\\/avatar\\\/066b5a0d447013502c71a5782f4f3469f03cfe595cc2329fb94652fe47511bfb?s=96&d=mm&r=g\",\"contentUrl\":\"https:\\\/\\\/secure.gravatar.com\\\/avatar\\\/066b5a0d447013502c71a5782f4f3469f03cfe595cc2329fb94652fe47511bfb?s=96&d=mm&r=g\",\"caption\":\"anja.hall\"},\"url\":\"https:\\\/\\\/www.immobilienbusiness.ch\\\/fr\\\/author\\\/anja-hall\\\/\"}]}<\/script>\n<!-- \/ Yoast SEO plugin. -->","yoast_head_json":{"title":"Wechsel an der Spitze der Alfred M\u00fcller AG - IMMOBILIEN Business","description":"Simone Findeis est la nouvelle pr\u00e9sidente de la direction de l'entreprise immobili\u00e8re Alfred M\u00fcller AG. Elle succ\u00e8de \u00e0 David Hossli.","robots":{"index":"index","follow":"follow","max-snippet":"max-snippet:-1","max-image-preview":"max-image-preview:large","max-video-preview":"max-video-preview:-1"},"canonical":"https:\/\/www.immobilienbusiness.ch\/fr\/personalia\/2022-01-18\/wechsel-an-der-spitze-der-alfred-mueller-ag\/","og_locale":"fr_FR","og_type":"article","og_title":"Wechsel an der Spitze der Alfred M\u00fcller AG - IMMOBILIEN Business","og_description":"Simone Findeis wird neue Vorsitzende der Gesch\u00e4ftsleitung bei dem Immobilienunternehmen Alfred M\u00fcller AG. Sie folgt auf David Hossli.","og_url":"https:\/\/www.immobilienbusiness.ch\/fr\/personalia\/2022-01-18\/wechsel-an-der-spitze-der-alfred-mueller-ag\/","og_site_name":"IMMOBILIEN Business","article_publisher":"https:\/\/www.facebook.com\/immobilienbusiness\/","article_published_time":"2022-01-18T07:05:12+00:00","article_modified_time":"2023-08-07T18:45:45+00:00","og_image":[{"width":1200,"height":800,"url":"https:\/\/www.immobilienbusiness.ch\/wp-content\/uploads\/2022\/01\/Simone_Findeis.jpg","type":"image\/jpeg"}],"author":"anja.hall","twitter_card":"summary_large_image","twitter_image":"https:\/\/www.immobilienbusiness.ch\/wp-content\/uploads\/2022\/01\/Simone_Findeis.jpg","schema":{"@context":"https:\/\/schema.org","@graph":[{"@type":"Article","@id":"https:\/\/www.immobilienbusiness.ch\/en\/personalia\/2022-01-18\/wechsel-an-der-spitze-der-alfred-mueller-ag\/#article","isPartOf":{"@id":"https:\/\/www.immobilienbusiness.ch\/en\/personalia\/2022-01-18\/wechsel-an-der-spitze-der-alfred-mueller-ag\/"},"author":{"name":"anja.hall","@id":"https:\/\/www.immobilienbusiness.ch\/#\/schema\/person\/3fc036297b10b9f42d6db5ee932af8c8"},"headline":"Wechsel an der Spitze der Alfred M\u00fcller AG","datePublished":"2022-01-18T07:05:12+00:00","dateModified":"2023-08-07T18:45:45+00:00","mainEntityOfPage":{"@id":"https:\/\/www.immobilienbusiness.ch\/en\/personalia\/2022-01-18\/wechsel-an-der-spitze-der-alfred-mueller-ag\/"},"wordCount":184,"publisher":{"@id":"https:\/\/www.immobilienbusiness.ch\/#organization"},"image":{"@id":"https:\/\/www.immobilienbusiness.ch\/en\/personalia\/2022-01-18\/wechsel-an-der-spitze-der-alfred-mueller-ag\/#primaryimage"},"thumbnailUrl":"https:\/\/www.immobilienbusiness.ch\/wp-content\/uploads\/2022\/01\/Simone_Findeis.jpg","keywords":["Alfred M\u00fcller AG","Personalia"],"articleSection":["PERSONALIA"],"inLanguage":"fr-FR"},{"@type":"WebPage","@id":"https:\/\/www.immobilienbusiness.ch\/en\/personalia\/2022-01-18\/wechsel-an-der-spitze-der-alfred-mueller-ag\/","url":"https:\/\/www.immobilienbusiness.ch\/en\/personalia\/2022-01-18\/wechsel-an-der-spitze-der-alfred-mueller-ag\/","name":"Wechsel an der Spitze der Alfred M\u00fcller AG - IMMOBILIEN Business","isPartOf":{"@id":"https:\/\/www.immobilienbusiness.ch\/#website"},"primaryImageOfPage":{"@id":"https:\/\/www.immobilienbusiness.ch\/en\/personalia\/2022-01-18\/wechsel-an-der-spitze-der-alfred-mueller-ag\/#primaryimage"},"image":{"@id":"https:\/\/www.immobilienbusiness.ch\/en\/personalia\/2022-01-18\/wechsel-an-der-spitze-der-alfred-mueller-ag\/#primaryimage"},"thumbnailUrl":"https:\/\/www.immobilienbusiness.ch\/wp-content\/uploads\/2022\/01\/Simone_Findeis.jpg","datePublished":"2022-01-18T07:05:12+00:00","dateModified":"2023-08-07T18:45:45+00:00","description":"Simone Findeis est la nouvelle pr\u00e9sidente de la direction de l'entreprise immobili\u00e8re Alfred M\u00fcller AG. Elle succ\u00e8de \u00e0 David Hossli.","breadcrumb":{"@id":"https:\/\/www.immobilienbusiness.ch\/en\/personalia\/2022-01-18\/wechsel-an-der-spitze-der-alfred-mueller-ag\/#breadcrumb"},"inLanguage":"fr-FR","potentialAction":[{"@type":"ReadAction","target":["https:\/\/www.immobilienbusiness.ch\/en\/personalia\/2022-01-18\/wechsel-an-der-spitze-der-alfred-mueller-ag\/"]}]},{"@type":"ImageObject","inLanguage":"fr-FR","@id":"https:\/\/www.immobilienbusiness.ch\/en\/personalia\/2022-01-18\/wechsel-an-der-spitze-der-alfred-mueller-ag\/#primaryimage","url":"https:\/\/www.immobilienbusiness.ch\/wp-content\/uploads\/2022\/01\/Simone_Findeis.jpg","contentUrl":"https:\/\/www.immobilienbusiness.ch\/wp-content\/uploads\/2022\/01\/Simone_Findeis.jpg","width":1200,"height":800,"caption":"Simone Findeis (Quelle: Alfred M\u00fcller AG)"},{"@type":"BreadcrumbList","@id":"https:\/\/www.immobilienbusiness.ch\/en\/personalia\/2022-01-18\/wechsel-an-der-spitze-der-alfred-mueller-ag\/#breadcrumb","itemListElement":[{"@type":"ListItem","position":1,"name":"Home","item":"https:\/\/www.immobilienbusiness.ch\/"},{"@type":"ListItem","position":2,"name":"Wechsel an der Spitze der Alfred M\u00fcller AG"}]},{"@type":"WebSite","@id":"https:\/\/www.immobilienbusiness.ch\/#website","url":"https:\/\/www.immobilienbusiness.ch\/","name":"IMMOBILIER Business","description":"Magazine \u00e9conomique suisse ind\u00e9pendant ax\u00e9 sur l'immobilier, l'architecture et la construction ainsi que sur les investissements et le financement.","publisher":{"@id":"https:\/\/www.immobilienbusiness.ch\/#organization"},"potentialAction":[{"@type":"SearchAction","target":{"@type":"EntryPoint","urlTemplate":"https:\/\/www.immobilienbusiness.ch\/?s={search_term_string}"},"query-input":{"@type":"PropertyValueSpecification","valueRequired":true,"valueName":"search_term_string"}}],"inLanguage":"fr-FR"},{"@type":"Organization","@id":"https:\/\/www.immobilienbusiness.ch\/#organization","name":"IMMOBILIER Business","url":"https:\/\/www.immobilienbusiness.ch\/","logo":{"@type":"ImageObject","inLanguage":"fr-FR","@id":"https:\/\/www.immobilienbusiness.ch\/#\/schema\/logo\/image\/","url":"https:\/\/www.immobilienbusiness.ch\/wp-content\/uploads\/2021\/07\/logo_ib.png","contentUrl":"https:\/\/www.immobilienbusiness.ch\/wp-content\/uploads\/2021\/07\/logo_ib.png","width":800,"height":181,"caption":"IMMOBILIEN Business"},"image":{"@id":"https:\/\/www.immobilienbusiness.ch\/#\/schema\/logo\/image\/"},"sameAs":["https:\/\/www.facebook.com\/immobilienbusiness\/"]},{"@type":"Person","@id":"https:\/\/www.immobilienbusiness.ch\/#\/schema\/person\/3fc036297b10b9f42d6db5ee932af8c8","name":"anja.hall","image":{"@type":"ImageObject","inLanguage":"fr-FR","@id":"https:\/\/secure.gravatar.com\/avatar\/066b5a0d447013502c71a5782f4f3469f03cfe595cc2329fb94652fe47511bfb?s=96&d=mm&r=g","url":"https:\/\/secure.gravatar.com\/avatar\/066b5a0d447013502c71a5782f4f3469f03cfe595cc2329fb94652fe47511bfb?s=96&d=mm&r=g","contentUrl":"https:\/\/secure.gravatar.com\/avatar\/066b5a0d447013502c71a5782f4f3469f03cfe595cc2329fb94652fe47511bfb?s=96&d=mm&r=g","caption":"anja.hall"},"url":"https:\/\/www.immobilienbusiness.ch\/fr\/author\/anja-hall\/"}]}},"_links":{"self":[{"href":"https:\/\/www.immobilienbusiness.ch\/fr\/wp-json\/wp\/v2\/posts\/39712","targetHints":{"allow":["GET"]}}],"collection":[{"href":"https:\/\/www.immobilienbusiness.ch\/fr\/wp-json\/wp\/v2\/posts"}],"about":[{"href":"https:\/\/www.immobilienbusiness.ch\/fr\/wp-json\/wp\/v2\/types\/post"}],"author":[{"embeddable":true,"href":"https:\/\/www.immobilienbusiness.ch\/fr\/wp-json\/wp\/v2\/users\/3"}],"replies":[{"embeddable":true,"href":"https:\/\/www.immobilienbusiness.ch\/fr\/wp-json\/wp\/v2\/comments?post=39712"}],"version-history":[{"count":3,"href":"https:\/\/www.immobilienbusiness.ch\/fr\/wp-json\/wp\/v2\/posts\/39712\/revisions"}],"predecessor-version":[{"id":39739,"href":"https:\/\/www.immobilienbusiness.ch\/fr\/wp-json\/wp\/v2\/posts\/39712\/revisions\/39739"}],"wp:featuredmedia":[{"embeddable":true,"href":"https:\/\/www.immobilienbusiness.ch\/fr\/wp-json\/wp\/v2\/media\/39713"}],"wp:attachment":[{"href":"https:\/\/www.immobilienbusiness.ch\/fr\/wp-json\/wp\/v2\/media?parent=39712"}],"wp:term":[{"taxonomy":"category","embeddable":true,"href":"https:\/\/www.immobilienbusiness.ch\/fr\/wp-json\/wp\/v2\/categories?post=39712"},{"taxonomy":"post_tag","embeddable":true,"href":"https:\/\/www.immobilienbusiness.ch\/fr\/wp-json\/wp\/v2\/tags?post=39712"}],"curies":[{"name":"wp","href":"https:\/\/api.w.org\/{rel}","templated":true}]}}