{"id":39643,"date":"2022-01-11T08:15:02","date_gmt":"2022-01-11T07:15:02","guid":{"rendered":"https:\/\/www.immobilienbusiness.ch\/?p=39643"},"modified":"2022-01-13T09:49:44","modified_gmt":"2022-01-13T08:49:44","slug":"credit-suisse-1a-immo-pk-mit-neuem-fondsmanager","status":"publish","type":"post","link":"https:\/\/www.immobilienbusiness.ch\/fr\/personalia\/2022-01-11\/credit-suisse-1a-immo-pk-mit-neuem-fondsmanager\/","title":{"rendered":"Credit Suisse 1a Immo PK a un nouveau gestionnaire de fonds"},"content":{"rendered":"<figure id=\"attachment_39644\" aria-describedby=\"caption-attachment-39644\" style=\"width: 929px\" class=\"wp-caption alignnone\"><img loading=\"lazy\" decoding=\"async\" class=\"wp-image-39644 size-full\" src=\"https:\/\/www.immobilienbusiness.ch\/wp-content\/uploads\/2022\/01\/Sascha-Paul.jpg\" alt=\"\" width=\"929\" height=\"620\" srcset=\"https:\/\/www.immobilienbusiness.ch\/wp-content\/uploads\/2022\/01\/Sascha-Paul.jpg 929w, https:\/\/www.immobilienbusiness.ch\/wp-content\/uploads\/2022\/01\/Sascha-Paul-300x200.jpg 300w, https:\/\/www.immobilienbusiness.ch\/wp-content\/uploads\/2022\/01\/Sascha-Paul-768x513.jpg 768w, https:\/\/www.immobilienbusiness.ch\/wp-content\/uploads\/2022\/01\/Sascha-Paul-16x12.jpg 16w, https:\/\/www.immobilienbusiness.ch\/wp-content\/uploads\/2022\/01\/Sascha-Paul-262x175.jpg 262w, https:\/\/www.immobilienbusiness.ch\/wp-content\/uploads\/2022\/01\/Sascha-Paul-524x350.jpg 524w, https:\/\/www.immobilienbusiness.ch\/wp-content\/uploads\/2022\/01\/Sascha-Paul-920x614.jpg 920w\" sizes=\"auto, (max-width: 929px) 100vw, 929px\" \/><figcaption id=\"caption-attachment-39644\" class=\"wp-caption-text\">Sascha Paul (Source : Credit Suisse Asset Management)<\/figcaption><\/figure>\n<p>Sascha Paul est d\u00e9j\u00e0 gestionnaire du fonds Credit Suisse Real Estate Fund Logisticsplus depuis avril 2017 et g\u00e9rera en plus le Credit Suisse 1a Immo PK \u00e0 partir du 1er mars 2022. Il succ\u00e8de ainsi \u00e0 Marcel Denner, qui est gestionnaire du fonds 1a Immo PK depuis mars 2019 et qui quittera Credit Suisse Asset Management fin f\u00e9vrier. <a href=\"https:\/\/www.immobilienbusiness.ch\/fr\/personalia\/2022-01-10\/neuer-coo-fuer-nova-property-fund-management\/\">Denner deviendra Chief Operating Officer (COO) de Nova Property Fund Management \u00e0 partir du mois d'avril.<\/a><\/p>\n<p>Sascha Paul travaille chez Credit Suisse Asset Management depuis 2011 et a d'abord \u00e9t\u00e9 responsable de la gestion de deux fonds immobiliers internationaux et d'une fondation de placement. A partir de 2014, il a dirig\u00e9, en tant que gestionnaire de transactions au sein du d\u00e9partement Acquisition Suisse, le processus de n\u00e9gociation et d'achat lors de l'acquisition de nouveaux immeubles pour les v\u00e9hicules de placement immobilier suisses de la banque, en mettant l'accent sur la logistique. De 2020 \u00e0 2021, il a en outre \u00e9t\u00e9 responsable de la gestion de mandats et de portefeuilles pour le portefeuille d'une caisse de pension suisse.<\/p>\n<p>Avant de rejoindre le Credit Suisse, Paul a travaill\u00e9 chez Ernst &amp; Young Real Estate \u00e0 Francfort et Ernst &amp; Young \u00e0 Zurich. Il est titulaire d'un dipl\u00f4me de commerce de l'universit\u00e9 de Mannheim et d'un dipl\u00f4me en \u00e9conomie immobili\u00e8re de l'International Real Estate Business School de l'universit\u00e9 de Regensburg. Il est en outre membre de la Royal Institution of Chartered Surveyors (RICS). <em>(ah)<\/em><\/p>","protected":false},"excerpt":{"rendered":"<p>Sascha Paul est le nouveau gestionnaire du fonds Credit Suisse 1a Immo PK. Il succ\u00e8de \u00e0 Marcel Denner, qui rejoint Nova Property Fund Management. <\/p>","protected":false},"author":3,"featured_media":39644,"comment_status":"closed","ping_status":"closed","sticky":false,"template":"","format":"standard","meta":{"_acf_changed":false,"_yoast_wpseo_focuskw":"1a Immo PK","_yoast_wpseo_title":"","_yoast_wpseo_metadesc":"Sascha Paul wird neuer Fondsmanager des Credit Suisse 1a Immo PK. Er folgt auf Marcel Denner, der zu Nova Property Fund Management wechselt.","_yoast_wpseo_linkdex":63,"pgc_sgb_lightbox_settings":"","footnotes":""},"categories":[1912],"tags":[1146,1344,1563],"class_list":["post-39643","post","type-post","status-publish","format-standard","has-post-thumbnail","hentry","category-personalia","tag-credit-suisse","tag-immobilienfonds","tag-personalia"],"acf":[],"yoast_head":"<!-- This site is optimized with the Yoast SEO plugin v27.4 - https:\/\/yoast.com\/product\/yoast-seo-wordpress\/ -->\n<title>Credit Suisse 1a Immo PK bekommt neuen Fondsmanager - IMMOBILIEN Business<\/title>\n<meta name=\"description\" content=\"Sascha Paul wird neuer Fondsmanager des Credit Suisse 1a Immo PK. Er folgt auf Marcel Denner, der zu Nova Property Fund Management wechselt.\" \/>\n<meta name=\"robots\" content=\"index, follow, max-snippet:-1, max-image-preview:large, max-video-preview:-1\" \/>\n<link rel=\"canonical\" href=\"https:\/\/www.immobilienbusiness.ch\/fr\/personalia\/2022-01-11\/credit-suisse-1a-immo-pk-mit-neuem-fondsmanager\/\" \/>\n<meta property=\"og:locale\" content=\"fr_FR\" \/>\n<meta property=\"og:type\" content=\"article\" \/>\n<meta property=\"og:title\" content=\"Credit Suisse 1a Immo PK bekommt neuen Fondsmanager - IMMOBILIEN Business\" \/>\n<meta property=\"og:description\" content=\"Sascha Paul wird neuer Fondsmanager des Credit Suisse 1a Immo PK. Er folgt auf Marcel Denner, der zu Nova Property Fund Management wechselt.\" \/>\n<meta property=\"og:url\" content=\"https:\/\/www.immobilienbusiness.ch\/fr\/personalia\/2022-01-11\/credit-suisse-1a-immo-pk-mit-neuem-fondsmanager\/\" \/>\n<meta property=\"og:site_name\" content=\"IMMOBILIEN Business\" \/>\n<meta property=\"article:publisher\" content=\"https:\/\/www.facebook.com\/immobilienbusiness\/\" \/>\n<meta property=\"article:published_time\" content=\"2022-01-11T07:15:02+00:00\" \/>\n<meta property=\"article:modified_time\" content=\"2022-01-13T08:49:44+00:00\" \/>\n<meta property=\"og:image\" content=\"https:\/\/www.immobilienbusiness.ch\/wp-content\/uploads\/2022\/01\/Sascha-Paul.jpg\" \/>\n\t<meta property=\"og:image:width\" content=\"929\" \/>\n\t<meta property=\"og:image:height\" content=\"620\" \/>\n\t<meta property=\"og:image:type\" content=\"image\/jpeg\" \/>\n<meta name=\"author\" content=\"anja.hall\" \/>\n<meta name=\"twitter:card\" content=\"summary_large_image\" \/>\n<meta name=\"twitter:image\" content=\"https:\/\/www.immobilienbusiness.ch\/wp-content\/uploads\/2022\/01\/Sascha-Paul.jpg\" \/>\n<script type=\"application\/ld+json\" class=\"yoast-schema-graph\">{\"@context\":\"https:\\\/\\\/schema.org\",\"@graph\":[{\"@type\":\"Article\",\"@id\":\"https:\\\/\\\/www.immobilienbusiness.ch\\\/en\\\/personalia\\\/2022-01-11\\\/credit-suisse-1a-immo-pk-mit-neuem-fondsmanager\\\/#article\",\"isPartOf\":{\"@id\":\"https:\\\/\\\/www.immobilienbusiness.ch\\\/en\\\/personalia\\\/2022-01-11\\\/credit-suisse-1a-immo-pk-mit-neuem-fondsmanager\\\/\"},\"author\":{\"name\":\"anja.hall\",\"@id\":\"https:\\\/\\\/www.immobilienbusiness.ch\\\/#\\\/schema\\\/person\\\/3fc036297b10b9f42d6db5ee932af8c8\"},\"headline\":\"Credit Suisse 1a Immo PK bekommt neuen Fondsmanager\",\"datePublished\":\"2022-01-11T07:15:02+00:00\",\"dateModified\":\"2022-01-13T08:49:44+00:00\",\"mainEntityOfPage\":{\"@id\":\"https:\\\/\\\/www.immobilienbusiness.ch\\\/en\\\/personalia\\\/2022-01-11\\\/credit-suisse-1a-immo-pk-mit-neuem-fondsmanager\\\/\"},\"wordCount\":231,\"publisher\":{\"@id\":\"https:\\\/\\\/www.immobilienbusiness.ch\\\/#organization\"},\"image\":{\"@id\":\"https:\\\/\\\/www.immobilienbusiness.ch\\\/en\\\/personalia\\\/2022-01-11\\\/credit-suisse-1a-immo-pk-mit-neuem-fondsmanager\\\/#primaryimage\"},\"thumbnailUrl\":\"https:\\\/\\\/www.immobilienbusiness.ch\\\/wp-content\\\/uploads\\\/2022\\\/01\\\/Sascha-Paul.jpg\",\"keywords\":[\"Credit Suisse\",\"Immobilienfonds\",\"Personalia\"],\"articleSection\":[\"PERSONALIA\"],\"inLanguage\":\"fr-FR\"},{\"@type\":\"WebPage\",\"@id\":\"https:\\\/\\\/www.immobilienbusiness.ch\\\/en\\\/personalia\\\/2022-01-11\\\/credit-suisse-1a-immo-pk-mit-neuem-fondsmanager\\\/\",\"url\":\"https:\\\/\\\/www.immobilienbusiness.ch\\\/en\\\/personalia\\\/2022-01-11\\\/credit-suisse-1a-immo-pk-mit-neuem-fondsmanager\\\/\",\"name\":\"Credit Suisse 1a Immo PK bekommt neuen Fondsmanager - IMMOBILIEN Business\",\"isPartOf\":{\"@id\":\"https:\\\/\\\/www.immobilienbusiness.ch\\\/#website\"},\"primaryImageOfPage\":{\"@id\":\"https:\\\/\\\/www.immobilienbusiness.ch\\\/en\\\/personalia\\\/2022-01-11\\\/credit-suisse-1a-immo-pk-mit-neuem-fondsmanager\\\/#primaryimage\"},\"image\":{\"@id\":\"https:\\\/\\\/www.immobilienbusiness.ch\\\/en\\\/personalia\\\/2022-01-11\\\/credit-suisse-1a-immo-pk-mit-neuem-fondsmanager\\\/#primaryimage\"},\"thumbnailUrl\":\"https:\\\/\\\/www.immobilienbusiness.ch\\\/wp-content\\\/uploads\\\/2022\\\/01\\\/Sascha-Paul.jpg\",\"datePublished\":\"2022-01-11T07:15:02+00:00\",\"dateModified\":\"2022-01-13T08:49:44+00:00\",\"description\":\"Sascha Paul wird neuer Fondsmanager des Credit Suisse 1a Immo PK. Er folgt auf Marcel Denner, der zu Nova Property Fund Management wechselt.\",\"breadcrumb\":{\"@id\":\"https:\\\/\\\/www.immobilienbusiness.ch\\\/en\\\/personalia\\\/2022-01-11\\\/credit-suisse-1a-immo-pk-mit-neuem-fondsmanager\\\/#breadcrumb\"},\"inLanguage\":\"fr-FR\",\"potentialAction\":[{\"@type\":\"ReadAction\",\"target\":[\"https:\\\/\\\/www.immobilienbusiness.ch\\\/en\\\/personalia\\\/2022-01-11\\\/credit-suisse-1a-immo-pk-mit-neuem-fondsmanager\\\/\"]}]},{\"@type\":\"ImageObject\",\"inLanguage\":\"fr-FR\",\"@id\":\"https:\\\/\\\/www.immobilienbusiness.ch\\\/en\\\/personalia\\\/2022-01-11\\\/credit-suisse-1a-immo-pk-mit-neuem-fondsmanager\\\/#primaryimage\",\"url\":\"https:\\\/\\\/www.immobilienbusiness.ch\\\/wp-content\\\/uploads\\\/2022\\\/01\\\/Sascha-Paul.jpg\",\"contentUrl\":\"https:\\\/\\\/www.immobilienbusiness.ch\\\/wp-content\\\/uploads\\\/2022\\\/01\\\/Sascha-Paul.jpg\",\"width\":929,\"height\":620,\"caption\":\"Sascha Paul (Quelle: Credit Suisse Asset Management)\"},{\"@type\":\"BreadcrumbList\",\"@id\":\"https:\\\/\\\/www.immobilienbusiness.ch\\\/en\\\/personalia\\\/2022-01-11\\\/credit-suisse-1a-immo-pk-mit-neuem-fondsmanager\\\/#breadcrumb\",\"itemListElement\":[{\"@type\":\"ListItem\",\"position\":1,\"name\":\"Home\",\"item\":\"https:\\\/\\\/www.immobilienbusiness.ch\\\/\"},{\"@type\":\"ListItem\",\"position\":2,\"name\":\"Credit Suisse 1a Immo PK bekommt neuen Fondsmanager\"}]},{\"@type\":\"WebSite\",\"@id\":\"https:\\\/\\\/www.immobilienbusiness.ch\\\/#website\",\"url\":\"https:\\\/\\\/www.immobilienbusiness.ch\\\/\",\"name\":\"IMMOBILIEN Business\",\"description\":\"Unabh\u00e4ngiges Schweizer Wirtschaftsmagazin mit Fokus auf Immobilien, Architektur- und Bau sowie Investment- und Finanzierung.\",\"publisher\":{\"@id\":\"https:\\\/\\\/www.immobilienbusiness.ch\\\/#organization\"},\"potentialAction\":[{\"@type\":\"SearchAction\",\"target\":{\"@type\":\"EntryPoint\",\"urlTemplate\":\"https:\\\/\\\/www.immobilienbusiness.ch\\\/?s={search_term_string}\"},\"query-input\":{\"@type\":\"PropertyValueSpecification\",\"valueRequired\":true,\"valueName\":\"search_term_string\"}}],\"inLanguage\":\"fr-FR\"},{\"@type\":\"Organization\",\"@id\":\"https:\\\/\\\/www.immobilienbusiness.ch\\\/#organization\",\"name\":\"IMMOBILIEN Business\",\"url\":\"https:\\\/\\\/www.immobilienbusiness.ch\\\/\",\"logo\":{\"@type\":\"ImageObject\",\"inLanguage\":\"fr-FR\",\"@id\":\"https:\\\/\\\/www.immobilienbusiness.ch\\\/#\\\/schema\\\/logo\\\/image\\\/\",\"url\":\"https:\\\/\\\/www.immobilienbusiness.ch\\\/wp-content\\\/uploads\\\/2021\\\/07\\\/logo_ib.png\",\"contentUrl\":\"https:\\\/\\\/www.immobilienbusiness.ch\\\/wp-content\\\/uploads\\\/2021\\\/07\\\/logo_ib.png\",\"width\":800,\"height\":181,\"caption\":\"IMMOBILIEN Business\"},\"image\":{\"@id\":\"https:\\\/\\\/www.immobilienbusiness.ch\\\/#\\\/schema\\\/logo\\\/image\\\/\"},\"sameAs\":[\"https:\\\/\\\/www.facebook.com\\\/immobilienbusiness\\\/\"]},{\"@type\":\"Person\",\"@id\":\"https:\\\/\\\/www.immobilienbusiness.ch\\\/#\\\/schema\\\/person\\\/3fc036297b10b9f42d6db5ee932af8c8\",\"name\":\"anja.hall\",\"image\":{\"@type\":\"ImageObject\",\"inLanguage\":\"fr-FR\",\"@id\":\"https:\\\/\\\/secure.gravatar.com\\\/avatar\\\/066b5a0d447013502c71a5782f4f3469f03cfe595cc2329fb94652fe47511bfb?s=96&d=mm&r=g\",\"url\":\"https:\\\/\\\/secure.gravatar.com\\\/avatar\\\/066b5a0d447013502c71a5782f4f3469f03cfe595cc2329fb94652fe47511bfb?s=96&d=mm&r=g\",\"contentUrl\":\"https:\\\/\\\/secure.gravatar.com\\\/avatar\\\/066b5a0d447013502c71a5782f4f3469f03cfe595cc2329fb94652fe47511bfb?s=96&d=mm&r=g\",\"caption\":\"anja.hall\"},\"url\":\"https:\\\/\\\/www.immobilienbusiness.ch\\\/fr\\\/author\\\/anja-hall\\\/\"}]}<\/script>\n<!-- \/ Yoast SEO plugin. -->","yoast_head_json":{"title":"Credit Suisse 1a Immo PK bekommt neuen Fondsmanager - IMMOBILIEN Business","description":"Sascha Paul est le nouveau gestionnaire du fonds Credit Suisse 1a Immo PK. Il succ\u00e8de \u00e0 Marcel Denner, qui rejoint Nova Property Fund Management.","robots":{"index":"index","follow":"follow","max-snippet":"max-snippet:-1","max-image-preview":"max-image-preview:large","max-video-preview":"max-video-preview:-1"},"canonical":"https:\/\/www.immobilienbusiness.ch\/fr\/personalia\/2022-01-11\/credit-suisse-1a-immo-pk-mit-neuem-fondsmanager\/","og_locale":"fr_FR","og_type":"article","og_title":"Credit Suisse 1a Immo PK bekommt neuen Fondsmanager - IMMOBILIEN Business","og_description":"Sascha Paul wird neuer Fondsmanager des Credit Suisse 1a Immo PK. Er folgt auf Marcel Denner, der zu Nova Property Fund Management wechselt.","og_url":"https:\/\/www.immobilienbusiness.ch\/fr\/personalia\/2022-01-11\/credit-suisse-1a-immo-pk-mit-neuem-fondsmanager\/","og_site_name":"IMMOBILIEN Business","article_publisher":"https:\/\/www.facebook.com\/immobilienbusiness\/","article_published_time":"2022-01-11T07:15:02+00:00","article_modified_time":"2022-01-13T08:49:44+00:00","og_image":[{"width":929,"height":620,"url":"https:\/\/www.immobilienbusiness.ch\/wp-content\/uploads\/2022\/01\/Sascha-Paul.jpg","type":"image\/jpeg"}],"author":"anja.hall","twitter_card":"summary_large_image","twitter_image":"https:\/\/www.immobilienbusiness.ch\/wp-content\/uploads\/2022\/01\/Sascha-Paul.jpg","schema":{"@context":"https:\/\/schema.org","@graph":[{"@type":"Article","@id":"https:\/\/www.immobilienbusiness.ch\/en\/personalia\/2022-01-11\/credit-suisse-1a-immo-pk-mit-neuem-fondsmanager\/#article","isPartOf":{"@id":"https:\/\/www.immobilienbusiness.ch\/en\/personalia\/2022-01-11\/credit-suisse-1a-immo-pk-mit-neuem-fondsmanager\/"},"author":{"name":"anja.hall","@id":"https:\/\/www.immobilienbusiness.ch\/#\/schema\/person\/3fc036297b10b9f42d6db5ee932af8c8"},"headline":"Credit Suisse 1a Immo PK bekommt neuen Fondsmanager","datePublished":"2022-01-11T07:15:02+00:00","dateModified":"2022-01-13T08:49:44+00:00","mainEntityOfPage":{"@id":"https:\/\/www.immobilienbusiness.ch\/en\/personalia\/2022-01-11\/credit-suisse-1a-immo-pk-mit-neuem-fondsmanager\/"},"wordCount":231,"publisher":{"@id":"https:\/\/www.immobilienbusiness.ch\/#organization"},"image":{"@id":"https:\/\/www.immobilienbusiness.ch\/en\/personalia\/2022-01-11\/credit-suisse-1a-immo-pk-mit-neuem-fondsmanager\/#primaryimage"},"thumbnailUrl":"https:\/\/www.immobilienbusiness.ch\/wp-content\/uploads\/2022\/01\/Sascha-Paul.jpg","keywords":["Credit Suisse","Immobilienfonds","Personalia"],"articleSection":["PERSONALIA"],"inLanguage":"fr-FR"},{"@type":"WebPage","@id":"https:\/\/www.immobilienbusiness.ch\/en\/personalia\/2022-01-11\/credit-suisse-1a-immo-pk-mit-neuem-fondsmanager\/","url":"https:\/\/www.immobilienbusiness.ch\/en\/personalia\/2022-01-11\/credit-suisse-1a-immo-pk-mit-neuem-fondsmanager\/","name":"Credit Suisse 1a Immo PK bekommt neuen Fondsmanager - IMMOBILIEN Business","isPartOf":{"@id":"https:\/\/www.immobilienbusiness.ch\/#website"},"primaryImageOfPage":{"@id":"https:\/\/www.immobilienbusiness.ch\/en\/personalia\/2022-01-11\/credit-suisse-1a-immo-pk-mit-neuem-fondsmanager\/#primaryimage"},"image":{"@id":"https:\/\/www.immobilienbusiness.ch\/en\/personalia\/2022-01-11\/credit-suisse-1a-immo-pk-mit-neuem-fondsmanager\/#primaryimage"},"thumbnailUrl":"https:\/\/www.immobilienbusiness.ch\/wp-content\/uploads\/2022\/01\/Sascha-Paul.jpg","datePublished":"2022-01-11T07:15:02+00:00","dateModified":"2022-01-13T08:49:44+00:00","description":"Sascha Paul est le nouveau gestionnaire du fonds Credit Suisse 1a Immo PK. Il succ\u00e8de \u00e0 Marcel Denner, qui rejoint Nova Property Fund Management.","breadcrumb":{"@id":"https:\/\/www.immobilienbusiness.ch\/en\/personalia\/2022-01-11\/credit-suisse-1a-immo-pk-mit-neuem-fondsmanager\/#breadcrumb"},"inLanguage":"fr-FR","potentialAction":[{"@type":"ReadAction","target":["https:\/\/www.immobilienbusiness.ch\/en\/personalia\/2022-01-11\/credit-suisse-1a-immo-pk-mit-neuem-fondsmanager\/"]}]},{"@type":"ImageObject","inLanguage":"fr-FR","@id":"https:\/\/www.immobilienbusiness.ch\/en\/personalia\/2022-01-11\/credit-suisse-1a-immo-pk-mit-neuem-fondsmanager\/#primaryimage","url":"https:\/\/www.immobilienbusiness.ch\/wp-content\/uploads\/2022\/01\/Sascha-Paul.jpg","contentUrl":"https:\/\/www.immobilienbusiness.ch\/wp-content\/uploads\/2022\/01\/Sascha-Paul.jpg","width":929,"height":620,"caption":"Sascha Paul (Quelle: Credit Suisse Asset Management)"},{"@type":"BreadcrumbList","@id":"https:\/\/www.immobilienbusiness.ch\/en\/personalia\/2022-01-11\/credit-suisse-1a-immo-pk-mit-neuem-fondsmanager\/#breadcrumb","itemListElement":[{"@type":"ListItem","position":1,"name":"Home","item":"https:\/\/www.immobilienbusiness.ch\/"},{"@type":"ListItem","position":2,"name":"Credit Suisse 1a Immo PK bekommt neuen Fondsmanager"}]},{"@type":"WebSite","@id":"https:\/\/www.immobilienbusiness.ch\/#website","url":"https:\/\/www.immobilienbusiness.ch\/","name":"IMMOBILIER Business","description":"Magazine \u00e9conomique suisse ind\u00e9pendant ax\u00e9 sur l'immobilier, l'architecture et la construction ainsi que sur les investissements et le financement.","publisher":{"@id":"https:\/\/www.immobilienbusiness.ch\/#organization"},"potentialAction":[{"@type":"SearchAction","target":{"@type":"EntryPoint","urlTemplate":"https:\/\/www.immobilienbusiness.ch\/?s={search_term_string}"},"query-input":{"@type":"PropertyValueSpecification","valueRequired":true,"valueName":"search_term_string"}}],"inLanguage":"fr-FR"},{"@type":"Organization","@id":"https:\/\/www.immobilienbusiness.ch\/#organization","name":"IMMOBILIER Business","url":"https:\/\/www.immobilienbusiness.ch\/","logo":{"@type":"ImageObject","inLanguage":"fr-FR","@id":"https:\/\/www.immobilienbusiness.ch\/#\/schema\/logo\/image\/","url":"https:\/\/www.immobilienbusiness.ch\/wp-content\/uploads\/2021\/07\/logo_ib.png","contentUrl":"https:\/\/www.immobilienbusiness.ch\/wp-content\/uploads\/2021\/07\/logo_ib.png","width":800,"height":181,"caption":"IMMOBILIEN Business"},"image":{"@id":"https:\/\/www.immobilienbusiness.ch\/#\/schema\/logo\/image\/"},"sameAs":["https:\/\/www.facebook.com\/immobilienbusiness\/"]},{"@type":"Person","@id":"https:\/\/www.immobilienbusiness.ch\/#\/schema\/person\/3fc036297b10b9f42d6db5ee932af8c8","name":"anja.hall","image":{"@type":"ImageObject","inLanguage":"fr-FR","@id":"https:\/\/secure.gravatar.com\/avatar\/066b5a0d447013502c71a5782f4f3469f03cfe595cc2329fb94652fe47511bfb?s=96&d=mm&r=g","url":"https:\/\/secure.gravatar.com\/avatar\/066b5a0d447013502c71a5782f4f3469f03cfe595cc2329fb94652fe47511bfb?s=96&d=mm&r=g","contentUrl":"https:\/\/secure.gravatar.com\/avatar\/066b5a0d447013502c71a5782f4f3469f03cfe595cc2329fb94652fe47511bfb?s=96&d=mm&r=g","caption":"anja.hall"},"url":"https:\/\/www.immobilienbusiness.ch\/fr\/author\/anja-hall\/"}]}},"_links":{"self":[{"href":"https:\/\/www.immobilienbusiness.ch\/fr\/wp-json\/wp\/v2\/posts\/39643","targetHints":{"allow":["GET"]}}],"collection":[{"href":"https:\/\/www.immobilienbusiness.ch\/fr\/wp-json\/wp\/v2\/posts"}],"about":[{"href":"https:\/\/www.immobilienbusiness.ch\/fr\/wp-json\/wp\/v2\/types\/post"}],"author":[{"embeddable":true,"href":"https:\/\/www.immobilienbusiness.ch\/fr\/wp-json\/wp\/v2\/users\/3"}],"replies":[{"embeddable":true,"href":"https:\/\/www.immobilienbusiness.ch\/fr\/wp-json\/wp\/v2\/comments?post=39643"}],"version-history":[{"count":3,"href":"https:\/\/www.immobilienbusiness.ch\/fr\/wp-json\/wp\/v2\/posts\/39643\/revisions"}],"predecessor-version":[{"id":39670,"href":"https:\/\/www.immobilienbusiness.ch\/fr\/wp-json\/wp\/v2\/posts\/39643\/revisions\/39670"}],"wp:featuredmedia":[{"embeddable":true,"href":"https:\/\/www.immobilienbusiness.ch\/fr\/wp-json\/wp\/v2\/media\/39644"}],"wp:attachment":[{"href":"https:\/\/www.immobilienbusiness.ch\/fr\/wp-json\/wp\/v2\/media?parent=39643"}],"wp:term":[{"taxonomy":"category","embeddable":true,"href":"https:\/\/www.immobilienbusiness.ch\/fr\/wp-json\/wp\/v2\/categories?post=39643"},{"taxonomy":"post_tag","embeddable":true,"href":"https:\/\/www.immobilienbusiness.ch\/fr\/wp-json\/wp\/v2\/tags?post=39643"}],"curies":[{"name":"wp","href":"https:\/\/api.w.org\/{rel}","templated":true}]}}