{"id":39627,"date":"2022-01-10T08:54:02","date_gmt":"2022-01-10T07:54:02","guid":{"rendered":"https:\/\/www.immobilienbusiness.ch\/?p=39627"},"modified":"2022-01-13T09:51:13","modified_gmt":"2022-01-13T08:51:13","slug":"neuer-coo-fuer-nova-property-fund-management","status":"publish","type":"post","link":"https:\/\/www.immobilienbusiness.ch\/fr\/personalia\/2022-01-10\/neuer-coo-fuer-nova-property-fund-management\/","title":{"rendered":"Nouveau COO pour Nova Property Fund Management"},"content":{"rendered":"<figure id=\"attachment_39665\" aria-describedby=\"caption-attachment-39665\" style=\"width: 2048px\" class=\"wp-caption alignnone\"><img loading=\"lazy\" decoding=\"async\" class=\"wp-image-39665 size-full\" src=\"https:\/\/www.immobilienbusiness.ch\/wp-content\/uploads\/2022\/01\/denner.jpg\" alt=\"\" width=\"2048\" height=\"1366\" srcset=\"https:\/\/www.immobilienbusiness.ch\/wp-content\/uploads\/2022\/01\/denner.jpg 1200w, https:\/\/www.immobilienbusiness.ch\/wp-content\/uploads\/2022\/01\/denner-300x200.jpg 300w, https:\/\/www.immobilienbusiness.ch\/wp-content\/uploads\/2022\/01\/denner-1024x683.jpg 1024w, https:\/\/www.immobilienbusiness.ch\/wp-content\/uploads\/2022\/01\/denner-768x512.jpg 768w, https:\/\/www.immobilienbusiness.ch\/wp-content\/uploads\/2022\/01\/denner-1536x1025.jpg 1536w, https:\/\/www.immobilienbusiness.ch\/wp-content\/uploads\/2022\/01\/denner-16x12.jpg 16w, https:\/\/www.immobilienbusiness.ch\/wp-content\/uploads\/2022\/01\/denner-262x175.jpg 262w, https:\/\/www.immobilienbusiness.ch\/wp-content\/uploads\/2022\/01\/denner-525x350.jpg 525w, https:\/\/www.immobilienbusiness.ch\/wp-content\/uploads\/2022\/01\/denner-1199x800.jpg 1199w, https:\/\/www.immobilienbusiness.ch\/wp-content\/uploads\/2022\/01\/denner-920x614.jpg 920w\" sizes=\"auto, (max-width: 2048px) 100vw, 2048px\" \/><figcaption id=\"caption-attachment-39665\" class=\"wp-caption-text\">Marcel Denner (source. Nova Property Fund Management)<\/figcaption><\/figure>\n<p>Marcel Denner doit prendre ses nouvelles fonctions le 1er avril et assumer alors la responsabilit\u00e9 op\u00e9rationnelle des domaines Gestion de portefeuille, Strat\u00e9gie, Projets &amp; Nouveaux march\u00e9s ainsi que Num\u00e9risation &amp; IT, communique Nova Property Fund Management AG. L'autorit\u00e9 de surveillance financi\u00e8re Finma doit encore approuver sa nomination. La direction de la soci\u00e9t\u00e9 de fonds sera donc \u00e0 l'avenir compos\u00e9e de quatre personnes : Marcel Schneider (CEO), Roger Bosshard (CFO), Roland S\u00fcsstrunk (CIO) et Marcel Denner (COO).<\/p>\n<p>Denner travaillait depuis 2018 pour Credit Suisse Asset Management au sein de la division Real Estate Switzerland. Il occupait derni\u00e8rement la fonction de Head of Strategy &amp; Projects et \u00e9tait membre de l'Executive Board Global Real Estate ainsi que Fund Manager du CS 1a Immo PK, qui, avec un portefeuille immobilier de 4,8 milliards de CHF, compte parmi les plus grands fonds immobiliers suisses. Auparavant, Denner a travaill\u00e9 pendant plus de six ans dans diff\u00e9rentes fonctions de direction pour Swiss Prime Site, notamment en tant que Head Corporate Ventures &amp; Development. <em>(ah)<\/em><\/p>","protected":false},"excerpt":{"rendered":"<p>Marcel Denner est le nouveau Chief Operating Officer (COO) et membre de la direction de Nova Property Fund Management. Il quitte Credit Suisse Asset Management.<\/p>","protected":false},"author":3,"featured_media":39665,"comment_status":"closed","ping_status":"closed","sticky":false,"template":"","format":"standard","meta":{"_acf_changed":false,"_yoast_wpseo_focuskw":"Nova","_yoast_wpseo_title":"","_yoast_wpseo_metadesc":"Marcel Denner wird neuer Chief Operating Officer (COO) und Mitglied der Gesch\u00e4ftsleitung von Nova Property Fund Management.","_yoast_wpseo_linkdex":53,"pgc_sgb_lightbox_settings":"","footnotes":""},"categories":[1912],"tags":[1146,1532,1563,1807],"class_list":["post-39627","post","type-post","status-publish","format-standard","has-post-thumbnail","hentry","category-personalia","tag-credit-suisse","tag-nova-property-fund-management","tag-personalia","tag-unternehmen"],"acf":[],"yoast_head":"<!-- This site is optimized with the Yoast SEO plugin v27.4 - https:\/\/yoast.com\/product\/yoast-seo-wordpress\/ -->\n<title>Neuer COO f\u00fcr Nova Property Fund Management - IMMOBILIEN Business<\/title>\n<meta name=\"description\" content=\"Marcel Denner wird neuer Chief Operating Officer (COO) und Mitglied der Gesch\u00e4ftsleitung von Nova Property Fund Management.\" \/>\n<meta name=\"robots\" content=\"index, follow, max-snippet:-1, max-image-preview:large, max-video-preview:-1\" \/>\n<link rel=\"canonical\" href=\"https:\/\/www.immobilienbusiness.ch\/fr\/personalia\/2022-01-10\/neuer-coo-fuer-nova-property-fund-management\/\" \/>\n<meta property=\"og:locale\" content=\"fr_FR\" \/>\n<meta property=\"og:type\" content=\"article\" \/>\n<meta property=\"og:title\" content=\"Neuer COO f\u00fcr Nova Property Fund Management - IMMOBILIEN Business\" \/>\n<meta property=\"og:description\" content=\"Marcel Denner wird neuer Chief Operating Officer (COO) und Mitglied der Gesch\u00e4ftsleitung von Nova Property Fund Management.\" \/>\n<meta property=\"og:url\" content=\"https:\/\/www.immobilienbusiness.ch\/fr\/personalia\/2022-01-10\/neuer-coo-fuer-nova-property-fund-management\/\" \/>\n<meta property=\"og:site_name\" content=\"IMMOBILIEN Business\" \/>\n<meta property=\"article:publisher\" content=\"https:\/\/www.facebook.com\/immobilienbusiness\/\" \/>\n<meta property=\"article:published_time\" content=\"2022-01-10T07:54:02+00:00\" \/>\n<meta property=\"article:modified_time\" content=\"2022-01-13T08:51:13+00:00\" \/>\n<meta property=\"og:image\" content=\"https:\/\/www.immobilienbusiness.ch\/wp-content\/uploads\/2022\/01\/denner.jpg\" \/>\n\t<meta property=\"og:image:width\" content=\"1200\" \/>\n\t<meta property=\"og:image:height\" content=\"800\" \/>\n\t<meta property=\"og:image:type\" content=\"image\/jpeg\" \/>\n<meta name=\"author\" content=\"anja.hall\" \/>\n<meta name=\"twitter:card\" content=\"summary_large_image\" \/>\n<meta name=\"twitter:image\" content=\"https:\/\/www.immobilienbusiness.ch\/wp-content\/uploads\/2022\/01\/denner.jpg\" \/>\n<script type=\"application\/ld+json\" class=\"yoast-schema-graph\">{\"@context\":\"https:\\\/\\\/schema.org\",\"@graph\":[{\"@type\":\"Article\",\"@id\":\"https:\\\/\\\/www.immobilienbusiness.ch\\\/fr\\\/personalia\\\/2022-01-10\\\/neuer-coo-fuer-nova-property-fund-management\\\/#article\",\"isPartOf\":{\"@id\":\"https:\\\/\\\/www.immobilienbusiness.ch\\\/fr\\\/personalia\\\/2022-01-10\\\/neuer-coo-fuer-nova-property-fund-management\\\/\"},\"author\":{\"name\":\"anja.hall\",\"@id\":\"https:\\\/\\\/www.immobilienbusiness.ch\\\/#\\\/schema\\\/person\\\/3fc036297b10b9f42d6db5ee932af8c8\"},\"headline\":\"Neuer COO f\u00fcr Nova Property Fund Management\",\"datePublished\":\"2022-01-10T07:54:02+00:00\",\"dateModified\":\"2022-01-13T08:51:13+00:00\",\"mainEntityOfPage\":{\"@id\":\"https:\\\/\\\/www.immobilienbusiness.ch\\\/fr\\\/personalia\\\/2022-01-10\\\/neuer-coo-fuer-nova-property-fund-management\\\/\"},\"wordCount\":183,\"publisher\":{\"@id\":\"https:\\\/\\\/www.immobilienbusiness.ch\\\/#organization\"},\"image\":{\"@id\":\"https:\\\/\\\/www.immobilienbusiness.ch\\\/fr\\\/personalia\\\/2022-01-10\\\/neuer-coo-fuer-nova-property-fund-management\\\/#primaryimage\"},\"thumbnailUrl\":\"https:\\\/\\\/www.immobilienbusiness.ch\\\/wp-content\\\/uploads\\\/2022\\\/01\\\/denner.jpg\",\"keywords\":[\"Credit Suisse\",\"Nova Property Fund Management\",\"Personalia\",\"Unternehmen\"],\"articleSection\":[\"PERSONALIA\"],\"inLanguage\":\"fr-FR\"},{\"@type\":\"WebPage\",\"@id\":\"https:\\\/\\\/www.immobilienbusiness.ch\\\/fr\\\/personalia\\\/2022-01-10\\\/neuer-coo-fuer-nova-property-fund-management\\\/\",\"url\":\"https:\\\/\\\/www.immobilienbusiness.ch\\\/fr\\\/personalia\\\/2022-01-10\\\/neuer-coo-fuer-nova-property-fund-management\\\/\",\"name\":\"Neuer COO f\u00fcr Nova Property Fund Management - IMMOBILIEN Business\",\"isPartOf\":{\"@id\":\"https:\\\/\\\/www.immobilienbusiness.ch\\\/#website\"},\"primaryImageOfPage\":{\"@id\":\"https:\\\/\\\/www.immobilienbusiness.ch\\\/fr\\\/personalia\\\/2022-01-10\\\/neuer-coo-fuer-nova-property-fund-management\\\/#primaryimage\"},\"image\":{\"@id\":\"https:\\\/\\\/www.immobilienbusiness.ch\\\/fr\\\/personalia\\\/2022-01-10\\\/neuer-coo-fuer-nova-property-fund-management\\\/#primaryimage\"},\"thumbnailUrl\":\"https:\\\/\\\/www.immobilienbusiness.ch\\\/wp-content\\\/uploads\\\/2022\\\/01\\\/denner.jpg\",\"datePublished\":\"2022-01-10T07:54:02+00:00\",\"dateModified\":\"2022-01-13T08:51:13+00:00\",\"description\":\"Marcel Denner wird neuer Chief Operating Officer (COO) und Mitglied der Gesch\u00e4ftsleitung von Nova Property Fund Management.\",\"breadcrumb\":{\"@id\":\"https:\\\/\\\/www.immobilienbusiness.ch\\\/fr\\\/personalia\\\/2022-01-10\\\/neuer-coo-fuer-nova-property-fund-management\\\/#breadcrumb\"},\"inLanguage\":\"fr-FR\",\"potentialAction\":[{\"@type\":\"ReadAction\",\"target\":[\"https:\\\/\\\/www.immobilienbusiness.ch\\\/fr\\\/personalia\\\/2022-01-10\\\/neuer-coo-fuer-nova-property-fund-management\\\/\"]}]},{\"@type\":\"ImageObject\",\"inLanguage\":\"fr-FR\",\"@id\":\"https:\\\/\\\/www.immobilienbusiness.ch\\\/fr\\\/personalia\\\/2022-01-10\\\/neuer-coo-fuer-nova-property-fund-management\\\/#primaryimage\",\"url\":\"https:\\\/\\\/www.immobilienbusiness.ch\\\/wp-content\\\/uploads\\\/2022\\\/01\\\/denner.jpg\",\"contentUrl\":\"https:\\\/\\\/www.immobilienbusiness.ch\\\/wp-content\\\/uploads\\\/2022\\\/01\\\/denner.jpg\",\"width\":1200,\"height\":800,\"caption\":\"Marcel Denner (Quelle. Nova Property Fund Management)\"},{\"@type\":\"BreadcrumbList\",\"@id\":\"https:\\\/\\\/www.immobilienbusiness.ch\\\/fr\\\/personalia\\\/2022-01-10\\\/neuer-coo-fuer-nova-property-fund-management\\\/#breadcrumb\",\"itemListElement\":[{\"@type\":\"ListItem\",\"position\":1,\"name\":\"Home\",\"item\":\"https:\\\/\\\/www.immobilienbusiness.ch\\\/\"},{\"@type\":\"ListItem\",\"position\":2,\"name\":\"Neuer COO f\u00fcr Nova Property Fund Management\"}]},{\"@type\":\"WebSite\",\"@id\":\"https:\\\/\\\/www.immobilienbusiness.ch\\\/#website\",\"url\":\"https:\\\/\\\/www.immobilienbusiness.ch\\\/\",\"name\":\"IMMOBILIEN Business\",\"description\":\"Unabh\u00e4ngiges Schweizer Wirtschaftsmagazin mit Fokus auf Immobilien, Architektur- und Bau sowie Investment- und Finanzierung.\",\"publisher\":{\"@id\":\"https:\\\/\\\/www.immobilienbusiness.ch\\\/#organization\"},\"potentialAction\":[{\"@type\":\"SearchAction\",\"target\":{\"@type\":\"EntryPoint\",\"urlTemplate\":\"https:\\\/\\\/www.immobilienbusiness.ch\\\/?s={search_term_string}\"},\"query-input\":{\"@type\":\"PropertyValueSpecification\",\"valueRequired\":true,\"valueName\":\"search_term_string\"}}],\"inLanguage\":\"fr-FR\"},{\"@type\":\"Organization\",\"@id\":\"https:\\\/\\\/www.immobilienbusiness.ch\\\/#organization\",\"name\":\"IMMOBILIEN Business\",\"url\":\"https:\\\/\\\/www.immobilienbusiness.ch\\\/\",\"logo\":{\"@type\":\"ImageObject\",\"inLanguage\":\"fr-FR\",\"@id\":\"https:\\\/\\\/www.immobilienbusiness.ch\\\/#\\\/schema\\\/logo\\\/image\\\/\",\"url\":\"https:\\\/\\\/www.immobilienbusiness.ch\\\/wp-content\\\/uploads\\\/2021\\\/07\\\/logo_ib.png\",\"contentUrl\":\"https:\\\/\\\/www.immobilienbusiness.ch\\\/wp-content\\\/uploads\\\/2021\\\/07\\\/logo_ib.png\",\"width\":800,\"height\":181,\"caption\":\"IMMOBILIEN Business\"},\"image\":{\"@id\":\"https:\\\/\\\/www.immobilienbusiness.ch\\\/#\\\/schema\\\/logo\\\/image\\\/\"},\"sameAs\":[\"https:\\\/\\\/www.facebook.com\\\/immobilienbusiness\\\/\"]},{\"@type\":\"Person\",\"@id\":\"https:\\\/\\\/www.immobilienbusiness.ch\\\/#\\\/schema\\\/person\\\/3fc036297b10b9f42d6db5ee932af8c8\",\"name\":\"anja.hall\",\"image\":{\"@type\":\"ImageObject\",\"inLanguage\":\"fr-FR\",\"@id\":\"https:\\\/\\\/secure.gravatar.com\\\/avatar\\\/066b5a0d447013502c71a5782f4f3469f03cfe595cc2329fb94652fe47511bfb?s=96&d=mm&r=g\",\"url\":\"https:\\\/\\\/secure.gravatar.com\\\/avatar\\\/066b5a0d447013502c71a5782f4f3469f03cfe595cc2329fb94652fe47511bfb?s=96&d=mm&r=g\",\"contentUrl\":\"https:\\\/\\\/secure.gravatar.com\\\/avatar\\\/066b5a0d447013502c71a5782f4f3469f03cfe595cc2329fb94652fe47511bfb?s=96&d=mm&r=g\",\"caption\":\"anja.hall\"},\"url\":\"https:\\\/\\\/www.immobilienbusiness.ch\\\/fr\\\/author\\\/anja-hall\\\/\"}]}<\/script>\n<!-- \/ Yoast SEO plugin. -->","yoast_head_json":{"title":"Nouveau COO pour Nova Property Fund Management - IMMOBILIER Business","description":"Marcel Denner devient le nouveau Chief Operating Officer (COO) et membre de la direction de Nova Property Fund Management.","robots":{"index":"index","follow":"follow","max-snippet":"max-snippet:-1","max-image-preview":"max-image-preview:large","max-video-preview":"max-video-preview:-1"},"canonical":"https:\/\/www.immobilienbusiness.ch\/fr\/personalia\/2022-01-10\/neuer-coo-fuer-nova-property-fund-management\/","og_locale":"fr_FR","og_type":"article","og_title":"Neuer COO f\u00fcr Nova Property Fund Management - IMMOBILIEN Business","og_description":"Marcel Denner wird neuer Chief Operating Officer (COO) und Mitglied der Gesch\u00e4ftsleitung von Nova Property Fund Management.","og_url":"https:\/\/www.immobilienbusiness.ch\/fr\/personalia\/2022-01-10\/neuer-coo-fuer-nova-property-fund-management\/","og_site_name":"IMMOBILIEN Business","article_publisher":"https:\/\/www.facebook.com\/immobilienbusiness\/","article_published_time":"2022-01-10T07:54:02+00:00","article_modified_time":"2022-01-13T08:51:13+00:00","og_image":[{"width":1200,"height":800,"url":"https:\/\/www.immobilienbusiness.ch\/wp-content\/uploads\/2022\/01\/denner.jpg","type":"image\/jpeg"}],"author":"anja.hall","twitter_card":"summary_large_image","twitter_image":"https:\/\/www.immobilienbusiness.ch\/wp-content\/uploads\/2022\/01\/denner.jpg","schema":{"@context":"https:\/\/schema.org","@graph":[{"@type":"Article","@id":"https:\/\/www.immobilienbusiness.ch\/fr\/personalia\/2022-01-10\/neuer-coo-fuer-nova-property-fund-management\/#article","isPartOf":{"@id":"https:\/\/www.immobilienbusiness.ch\/fr\/personalia\/2022-01-10\/neuer-coo-fuer-nova-property-fund-management\/"},"author":{"name":"anja.hall","@id":"https:\/\/www.immobilienbusiness.ch\/#\/schema\/person\/3fc036297b10b9f42d6db5ee932af8c8"},"headline":"Neuer COO f\u00fcr Nova Property Fund Management","datePublished":"2022-01-10T07:54:02+00:00","dateModified":"2022-01-13T08:51:13+00:00","mainEntityOfPage":{"@id":"https:\/\/www.immobilienbusiness.ch\/fr\/personalia\/2022-01-10\/neuer-coo-fuer-nova-property-fund-management\/"},"wordCount":183,"publisher":{"@id":"https:\/\/www.immobilienbusiness.ch\/#organization"},"image":{"@id":"https:\/\/www.immobilienbusiness.ch\/fr\/personalia\/2022-01-10\/neuer-coo-fuer-nova-property-fund-management\/#primaryimage"},"thumbnailUrl":"https:\/\/www.immobilienbusiness.ch\/wp-content\/uploads\/2022\/01\/denner.jpg","keywords":["Credit Suisse","Nova Property Fund Management","Personalia","Unternehmen"],"articleSection":["PERSONALIA"],"inLanguage":"fr-FR"},{"@type":"WebPage","@id":"https:\/\/www.immobilienbusiness.ch\/fr\/personalia\/2022-01-10\/neuer-coo-fuer-nova-property-fund-management\/","url":"https:\/\/www.immobilienbusiness.ch\/fr\/personalia\/2022-01-10\/neuer-coo-fuer-nova-property-fund-management\/","name":"Nouveau COO pour Nova Property Fund Management - IMMOBILIER Business","isPartOf":{"@id":"https:\/\/www.immobilienbusiness.ch\/#website"},"primaryImageOfPage":{"@id":"https:\/\/www.immobilienbusiness.ch\/fr\/personalia\/2022-01-10\/neuer-coo-fuer-nova-property-fund-management\/#primaryimage"},"image":{"@id":"https:\/\/www.immobilienbusiness.ch\/fr\/personalia\/2022-01-10\/neuer-coo-fuer-nova-property-fund-management\/#primaryimage"},"thumbnailUrl":"https:\/\/www.immobilienbusiness.ch\/wp-content\/uploads\/2022\/01\/denner.jpg","datePublished":"2022-01-10T07:54:02+00:00","dateModified":"2022-01-13T08:51:13+00:00","description":"Marcel Denner devient le nouveau Chief Operating Officer (COO) et membre de la direction de Nova Property Fund Management.","breadcrumb":{"@id":"https:\/\/www.immobilienbusiness.ch\/fr\/personalia\/2022-01-10\/neuer-coo-fuer-nova-property-fund-management\/#breadcrumb"},"inLanguage":"fr-FR","potentialAction":[{"@type":"ReadAction","target":["https:\/\/www.immobilienbusiness.ch\/fr\/personalia\/2022-01-10\/neuer-coo-fuer-nova-property-fund-management\/"]}]},{"@type":"ImageObject","inLanguage":"fr-FR","@id":"https:\/\/www.immobilienbusiness.ch\/fr\/personalia\/2022-01-10\/neuer-coo-fuer-nova-property-fund-management\/#primaryimage","url":"https:\/\/www.immobilienbusiness.ch\/wp-content\/uploads\/2022\/01\/denner.jpg","contentUrl":"https:\/\/www.immobilienbusiness.ch\/wp-content\/uploads\/2022\/01\/denner.jpg","width":1200,"height":800,"caption":"Marcel Denner (Quelle. Nova Property Fund Management)"},{"@type":"BreadcrumbList","@id":"https:\/\/www.immobilienbusiness.ch\/fr\/personalia\/2022-01-10\/neuer-coo-fuer-nova-property-fund-management\/#breadcrumb","itemListElement":[{"@type":"ListItem","position":1,"name":"Home","item":"https:\/\/www.immobilienbusiness.ch\/"},{"@type":"ListItem","position":2,"name":"Neuer COO f\u00fcr Nova Property Fund Management"}]},{"@type":"WebSite","@id":"https:\/\/www.immobilienbusiness.ch\/#website","url":"https:\/\/www.immobilienbusiness.ch\/","name":"IMMOBILIER Business","description":"Magazine \u00e9conomique suisse ind\u00e9pendant ax\u00e9 sur l'immobilier, l'architecture et la construction ainsi que sur les investissements et le financement.","publisher":{"@id":"https:\/\/www.immobilienbusiness.ch\/#organization"},"potentialAction":[{"@type":"SearchAction","target":{"@type":"EntryPoint","urlTemplate":"https:\/\/www.immobilienbusiness.ch\/?s={search_term_string}"},"query-input":{"@type":"PropertyValueSpecification","valueRequired":true,"valueName":"search_term_string"}}],"inLanguage":"fr-FR"},{"@type":"Organization","@id":"https:\/\/www.immobilienbusiness.ch\/#organization","name":"IMMOBILIER Business","url":"https:\/\/www.immobilienbusiness.ch\/","logo":{"@type":"ImageObject","inLanguage":"fr-FR","@id":"https:\/\/www.immobilienbusiness.ch\/#\/schema\/logo\/image\/","url":"https:\/\/www.immobilienbusiness.ch\/wp-content\/uploads\/2021\/07\/logo_ib.png","contentUrl":"https:\/\/www.immobilienbusiness.ch\/wp-content\/uploads\/2021\/07\/logo_ib.png","width":800,"height":181,"caption":"IMMOBILIEN Business"},"image":{"@id":"https:\/\/www.immobilienbusiness.ch\/#\/schema\/logo\/image\/"},"sameAs":["https:\/\/www.facebook.com\/immobilienbusiness\/"]},{"@type":"Person","@id":"https:\/\/www.immobilienbusiness.ch\/#\/schema\/person\/3fc036297b10b9f42d6db5ee932af8c8","name":"anja.hall","image":{"@type":"ImageObject","inLanguage":"fr-FR","@id":"https:\/\/secure.gravatar.com\/avatar\/066b5a0d447013502c71a5782f4f3469f03cfe595cc2329fb94652fe47511bfb?s=96&d=mm&r=g","url":"https:\/\/secure.gravatar.com\/avatar\/066b5a0d447013502c71a5782f4f3469f03cfe595cc2329fb94652fe47511bfb?s=96&d=mm&r=g","contentUrl":"https:\/\/secure.gravatar.com\/avatar\/066b5a0d447013502c71a5782f4f3469f03cfe595cc2329fb94652fe47511bfb?s=96&d=mm&r=g","caption":"anja.hall"},"url":"https:\/\/www.immobilienbusiness.ch\/fr\/author\/anja-hall\/"}]}},"_links":{"self":[{"href":"https:\/\/www.immobilienbusiness.ch\/fr\/wp-json\/wp\/v2\/posts\/39627","targetHints":{"allow":["GET"]}}],"collection":[{"href":"https:\/\/www.immobilienbusiness.ch\/fr\/wp-json\/wp\/v2\/posts"}],"about":[{"href":"https:\/\/www.immobilienbusiness.ch\/fr\/wp-json\/wp\/v2\/types\/post"}],"author":[{"embeddable":true,"href":"https:\/\/www.immobilienbusiness.ch\/fr\/wp-json\/wp\/v2\/users\/3"}],"replies":[{"embeddable":true,"href":"https:\/\/www.immobilienbusiness.ch\/fr\/wp-json\/wp\/v2\/comments?post=39627"}],"version-history":[{"count":4,"href":"https:\/\/www.immobilienbusiness.ch\/fr\/wp-json\/wp\/v2\/posts\/39627\/revisions"}],"predecessor-version":[{"id":39671,"href":"https:\/\/www.immobilienbusiness.ch\/fr\/wp-json\/wp\/v2\/posts\/39627\/revisions\/39671"}],"wp:featuredmedia":[{"embeddable":true,"href":"https:\/\/www.immobilienbusiness.ch\/fr\/wp-json\/wp\/v2\/media\/39665"}],"wp:attachment":[{"href":"https:\/\/www.immobilienbusiness.ch\/fr\/wp-json\/wp\/v2\/media?parent=39627"}],"wp:term":[{"taxonomy":"category","embeddable":true,"href":"https:\/\/www.immobilienbusiness.ch\/fr\/wp-json\/wp\/v2\/categories?post=39627"},{"taxonomy":"post_tag","embeddable":true,"href":"https:\/\/www.immobilienbusiness.ch\/fr\/wp-json\/wp\/v2\/tags?post=39627"}],"curies":[{"name":"wp","href":"https:\/\/api.w.org\/{rel}","templated":true}]}}