{"id":3962,"date":"2016-09-14T09:04:42","date_gmt":"2016-09-14T07:04:42","guid":{"rendered":"http:\/\/dev.immobilienbusiness.ch\/?p=3962"},"modified":"2016-09-14T09:04:42","modified_gmt":"2016-09-14T07:04:42","slug":"acron-erweitert-das-management","status":"publish","type":"post","link":"https:\/\/www.immobilienbusiness.ch\/fr\/allgemein\/2016-09-14\/acron-erweitert-das-management\/","title":{"rendered":"Acron \u00e9largit sa gestion"},"content":{"rendered":"<figure id=\"attachment_3963\" aria-describedby=\"caption-attachment-3963\" style=\"width: 680px\" class=\"wp-caption alignnone\"><img loading=\"lazy\" decoding=\"async\" class=\"size-medium wp-image-3963\" src=\"https:\/\/immobilienbusiness.ch\/wp-content\/uploads\/2016\/12\/Acron-erweitert-das-Management-immobilien-business.jpg\" alt=\"Acron erweitert das Management-Team (Grafik: Pixabay)\" width=\"680\" height=\"453\" srcset=\"https:\/\/www.immobilienbusiness.ch\/wp-content\/uploads\/2016\/12\/Acron-erweitert-das-Management-immobilien-business.jpg 1280w, https:\/\/www.immobilienbusiness.ch\/wp-content\/uploads\/2016\/12\/Acron-erweitert-das-Management-immobilien-business-300x200.jpg 300w, https:\/\/www.immobilienbusiness.ch\/wp-content\/uploads\/2016\/12\/Acron-erweitert-das-Management-immobilien-business-1024x682.jpg 1024w, https:\/\/www.immobilienbusiness.ch\/wp-content\/uploads\/2016\/12\/Acron-erweitert-das-Management-immobilien-business-768x512.jpg 768w, https:\/\/www.immobilienbusiness.ch\/wp-content\/uploads\/2016\/12\/Acron-erweitert-das-Management-immobilien-business-16x12.jpg 16w, https:\/\/www.immobilienbusiness.ch\/wp-content\/uploads\/2016\/12\/Acron-erweitert-das-Management-immobilien-business-263x175.jpg 263w, https:\/\/www.immobilienbusiness.ch\/wp-content\/uploads\/2016\/12\/Acron-erweitert-das-Management-immobilien-business-525x350.jpg 525w, https:\/\/www.immobilienbusiness.ch\/wp-content\/uploads\/2016\/12\/Acron-erweitert-das-Management-immobilien-business-1200x800.jpg 1200w, https:\/\/www.immobilienbusiness.ch\/wp-content\/uploads\/2016\/12\/Acron-erweitert-das-Management-immobilien-business-920x613.jpg 920w\" sizes=\"auto, (max-width: 680px) 100vw, 680px\" \/><figcaption id=\"caption-attachment-3963\" class=\"wp-caption-text\">Acron \u00e9largit son \u00e9quipe de direction (graphique : Pixabay)<\/figcaption><\/figure>\n<p>Depuis le 1er septembre 2016, Michael Teperski est responsable des secteurs Marketing, Business Development et Client Relationship Management chez Acron. \u00c2g\u00e9 de 49 ans, il vient de la soci\u00e9t\u00e9 de gestion d'actifs allemande DJE Kapital AG, Munich, o\u00f9 il \u00e9tait responsable du d\u00e9partement Marketing &amp; Relations publiques. Auparavant, il \u00e9tait directeur adjoint du marketing de l'Investment Banking \u00e0 la banque Vontobel \u00e0 Zurich.<\/p>\n<p>Paul Soblik a pris la fonction de Head of Hospitality le 1er ao\u00fbt 2016. \u00c2g\u00e9 de 35 ans, il \u00e9tait auparavant Founding Partner de Macun Capital Partners \u00e0 Pf\u00e4ffikon, Vice President Acquisitions Hotels au Credit Suisse \u00e0 Zurich et Senior Associate Consulting &amp; Valuation chez HVS \u00e0 New York. La nomination de Soblik vise \u00e0 souligner l'importance croissante de l'immobilier h\u00f4telier en tant que priorit\u00e9 d'investissement, indique Acron. Actuellement, les h\u00f4tels repr\u00e9sentent 40 pour cent des investissements actuels du groupe.<\/p>\n<p>\"Le renforcement du management souligne l'importance du site suisse et nous aidera \u00e0 poursuivre la croissance de notre entreprise\", d\u00e9clare Klaus W. Bender, pr\u00e9sident du conseil d'administration. Le groupe Acron a son si\u00e8ge principal \u00e0 Zurich et poss\u00e8de des filiales au Luxembourg, \u00e0 D\u00fcsseldorf, \u00e0 Dallas et \u00e0 S\u00e2o Paulo. (ah)<\/p>","protected":false},"excerpt":{"rendered":"<p>La soci\u00e9t\u00e9 d'investissement immobilier Acron a \u00e9toff\u00e9 son \u00e9quipe de direction avec Michael Teperski et Paul Soblik. Tous deux occupent le poste de Managing Director et rapportent au CEO Kai Bender.<\/p>","protected":false},"author":1,"featured_media":3963,"comment_status":"open","ping_status":"open","sticky":false,"template":"","format":"standard","meta":{"_acf_changed":false,"_yoast_wpseo_focuskw":"Acron erweitert das Management","_yoast_wpseo_title":"","_yoast_wpseo_metadesc":"Acron erweitert das Management-Team um Michael Teperski und Paul Soblik erweitert. Beide nehmen den Rang eines Managing Directors ein.","_yoast_wpseo_linkdex":76,"pgc_sgb_lightbox_settings":"","footnotes":""},"categories":[1],"tags":[1564],"class_list":["post-3962","post","type-post","status-publish","format-standard","has-post-thumbnail","hentry","category-allgemein","tag-personalien"],"acf":[],"yoast_head":"<!-- This site is optimized with the Yoast SEO plugin v27.5 - https:\/\/yoast.com\/product\/yoast-seo-wordpress\/ -->\n<title>Acron erweitert das Management - IMMOBILIEN Business<\/title>\n<meta name=\"description\" content=\"Acron erweitert das Management-Team um Michael Teperski und Paul Soblik erweitert. Beide nehmen den Rang eines Managing Directors ein.\" \/>\n<meta name=\"robots\" content=\"index, follow, max-snippet:-1, max-image-preview:large, max-video-preview:-1\" \/>\n<link rel=\"canonical\" href=\"https:\/\/www.immobilienbusiness.ch\/fr\/allgemein\/2016-09-14\/acron-erweitert-das-management\/\" \/>\n<meta property=\"og:locale\" content=\"fr_FR\" \/>\n<meta property=\"og:type\" content=\"article\" \/>\n<meta property=\"og:title\" content=\"Acron erweitert das Management\" \/>\n<meta property=\"og:description\" content=\"Die Immobilieninvestmentgesellschaft Acron hat ihr Management-Team um Michael Teperski und Paul Soblik erweitert. Beide nehmen den Rang eines Managing Directors ein und berichten an den CEO Kai Bender.\" \/>\n<meta property=\"og:url\" content=\"https:\/\/www.immobilienbusiness.ch\/fr\/allgemein\/2016-09-14\/acron-erweitert-das-management\/\" \/>\n<meta property=\"og:site_name\" content=\"IMMOBILIEN Business\" \/>\n<meta property=\"article:publisher\" content=\"https:\/\/www.facebook.com\/immobilienbusiness\/\" \/>\n<meta property=\"article:published_time\" content=\"2016-09-14T07:04:42+00:00\" \/>\n<meta name=\"author\" content=\"Redaktion\" \/>\n<meta name=\"twitter:card\" content=\"summary_large_image\" \/>\n<meta name=\"twitter:image\" content=\"https:\/\/www.immobilienbusiness.ch\/wp-content\/uploads\/2016\/12\/Acron-erweitert-das-Management-immobilien-business.jpg\" \/>\n<script type=\"application\/ld+json\" class=\"yoast-schema-graph\">{\"@context\":\"https:\\\/\\\/schema.org\",\"@graph\":[{\"@type\":\"Article\",\"@id\":\"https:\\\/\\\/www.immobilienbusiness.ch\\\/en\\\/allgemein\\\/2016-09-14\\\/acron-erweitert-das-management\\\/#article\",\"isPartOf\":{\"@id\":\"https:\\\/\\\/www.immobilienbusiness.ch\\\/en\\\/allgemein\\\/2016-09-14\\\/acron-erweitert-das-management\\\/\"},\"author\":{\"name\":\"Redaktion\",\"@id\":\"https:\\\/\\\/www.immobilienbusiness.ch\\\/#\\\/schema\\\/person\\\/aa2bace6c5c5aad60102004a50c4eb1c\"},\"headline\":\"Acron erweitert das Management\",\"datePublished\":\"2016-09-14T07:04:42+00:00\",\"mainEntityOfPage\":{\"@id\":\"https:\\\/\\\/www.immobilienbusiness.ch\\\/en\\\/allgemein\\\/2016-09-14\\\/acron-erweitert-das-management\\\/\"},\"wordCount\":194,\"commentCount\":0,\"publisher\":{\"@id\":\"https:\\\/\\\/www.immobilienbusiness.ch\\\/#organization\"},\"image\":{\"@id\":\"https:\\\/\\\/www.immobilienbusiness.ch\\\/en\\\/allgemein\\\/2016-09-14\\\/acron-erweitert-das-management\\\/#primaryimage\"},\"thumbnailUrl\":\"https:\\\/\\\/www.immobilienbusiness.ch\\\/wp-content\\\/uploads\\\/2016\\\/12\\\/Acron-erweitert-das-Management-immobilien-business.jpg\",\"keywords\":[\"Personalien\"],\"articleSection\":[\"Allgemein\"],\"inLanguage\":\"fr-FR\"},{\"@type\":\"WebPage\",\"@id\":\"https:\\\/\\\/www.immobilienbusiness.ch\\\/en\\\/allgemein\\\/2016-09-14\\\/acron-erweitert-das-management\\\/\",\"url\":\"https:\\\/\\\/www.immobilienbusiness.ch\\\/en\\\/allgemein\\\/2016-09-14\\\/acron-erweitert-das-management\\\/\",\"name\":\"Acron erweitert das Management - IMMOBILIEN Business\",\"isPartOf\":{\"@id\":\"https:\\\/\\\/www.immobilienbusiness.ch\\\/#website\"},\"primaryImageOfPage\":{\"@id\":\"https:\\\/\\\/www.immobilienbusiness.ch\\\/en\\\/allgemein\\\/2016-09-14\\\/acron-erweitert-das-management\\\/#primaryimage\"},\"image\":{\"@id\":\"https:\\\/\\\/www.immobilienbusiness.ch\\\/en\\\/allgemein\\\/2016-09-14\\\/acron-erweitert-das-management\\\/#primaryimage\"},\"thumbnailUrl\":\"https:\\\/\\\/www.immobilienbusiness.ch\\\/wp-content\\\/uploads\\\/2016\\\/12\\\/Acron-erweitert-das-Management-immobilien-business.jpg\",\"datePublished\":\"2016-09-14T07:04:42+00:00\",\"description\":\"Acron erweitert das Management-Team um Michael Teperski und Paul Soblik erweitert. Beide nehmen den Rang eines Managing Directors ein.\",\"breadcrumb\":{\"@id\":\"https:\\\/\\\/www.immobilienbusiness.ch\\\/en\\\/allgemein\\\/2016-09-14\\\/acron-erweitert-das-management\\\/#breadcrumb\"},\"inLanguage\":\"fr-FR\",\"potentialAction\":[{\"@type\":\"ReadAction\",\"target\":[\"https:\\\/\\\/www.immobilienbusiness.ch\\\/en\\\/allgemein\\\/2016-09-14\\\/acron-erweitert-das-management\\\/\"]}]},{\"@type\":\"ImageObject\",\"inLanguage\":\"fr-FR\",\"@id\":\"https:\\\/\\\/www.immobilienbusiness.ch\\\/en\\\/allgemein\\\/2016-09-14\\\/acron-erweitert-das-management\\\/#primaryimage\",\"url\":\"https:\\\/\\\/www.immobilienbusiness.ch\\\/wp-content\\\/uploads\\\/2016\\\/12\\\/Acron-erweitert-das-Management-immobilien-business.jpg\",\"contentUrl\":\"https:\\\/\\\/www.immobilienbusiness.ch\\\/wp-content\\\/uploads\\\/2016\\\/12\\\/Acron-erweitert-das-Management-immobilien-business.jpg\",\"width\":1280,\"height\":853,\"caption\":\"Das Business-Development-Team bei SPS Solutions w\u00e4chst (Grafik: Pixabay)\"},{\"@type\":\"BreadcrumbList\",\"@id\":\"https:\\\/\\\/www.immobilienbusiness.ch\\\/en\\\/allgemein\\\/2016-09-14\\\/acron-erweitert-das-management\\\/#breadcrumb\",\"itemListElement\":[{\"@type\":\"ListItem\",\"position\":1,\"name\":\"Home\",\"item\":\"https:\\\/\\\/www.immobilienbusiness.ch\\\/\"},{\"@type\":\"ListItem\",\"position\":2,\"name\":\"Acron erweitert das Management\"}]},{\"@type\":\"WebSite\",\"@id\":\"https:\\\/\\\/www.immobilienbusiness.ch\\\/#website\",\"url\":\"https:\\\/\\\/www.immobilienbusiness.ch\\\/\",\"name\":\"IMMOBILIEN Business\",\"description\":\"Unabh\u00e4ngiges Schweizer Wirtschaftsmagazin mit Fokus auf Immobilien, Architektur- und Bau sowie Investment- und Finanzierung.\",\"publisher\":{\"@id\":\"https:\\\/\\\/www.immobilienbusiness.ch\\\/#organization\"},\"potentialAction\":[{\"@type\":\"SearchAction\",\"target\":{\"@type\":\"EntryPoint\",\"urlTemplate\":\"https:\\\/\\\/www.immobilienbusiness.ch\\\/?s={search_term_string}\"},\"query-input\":{\"@type\":\"PropertyValueSpecification\",\"valueRequired\":true,\"valueName\":\"search_term_string\"}}],\"inLanguage\":\"fr-FR\"},{\"@type\":\"Organization\",\"@id\":\"https:\\\/\\\/www.immobilienbusiness.ch\\\/#organization\",\"name\":\"IMMOBILIEN Business\",\"url\":\"https:\\\/\\\/www.immobilienbusiness.ch\\\/\",\"logo\":{\"@type\":\"ImageObject\",\"inLanguage\":\"fr-FR\",\"@id\":\"https:\\\/\\\/www.immobilienbusiness.ch\\\/#\\\/schema\\\/logo\\\/image\\\/\",\"url\":\"https:\\\/\\\/www.immobilienbusiness.ch\\\/wp-content\\\/uploads\\\/2021\\\/07\\\/logo_ib.png\",\"contentUrl\":\"https:\\\/\\\/www.immobilienbusiness.ch\\\/wp-content\\\/uploads\\\/2021\\\/07\\\/logo_ib.png\",\"width\":800,\"height\":181,\"caption\":\"IMMOBILIEN Business\"},\"image\":{\"@id\":\"https:\\\/\\\/www.immobilienbusiness.ch\\\/#\\\/schema\\\/logo\\\/image\\\/\"},\"sameAs\":[\"https:\\\/\\\/www.facebook.com\\\/immobilienbusiness\\\/\"]},{\"@type\":\"Person\",\"@id\":\"https:\\\/\\\/www.immobilienbusiness.ch\\\/#\\\/schema\\\/person\\\/aa2bace6c5c5aad60102004a50c4eb1c\",\"name\":\"Redaktion\",\"image\":{\"@type\":\"ImageObject\",\"inLanguage\":\"fr-FR\",\"@id\":\"https:\\\/\\\/secure.gravatar.com\\\/avatar\\\/ae2f4d718e6c49043e314ce431e7e645d646302a24a5ef5a8bc8e3f5a032e319?s=96&d=mm&r=g\",\"url\":\"https:\\\/\\\/secure.gravatar.com\\\/avatar\\\/ae2f4d718e6c49043e314ce431e7e645d646302a24a5ef5a8bc8e3f5a032e319?s=96&d=mm&r=g\",\"contentUrl\":\"https:\\\/\\\/secure.gravatar.com\\\/avatar\\\/ae2f4d718e6c49043e314ce431e7e645d646302a24a5ef5a8bc8e3f5a032e319?s=96&d=mm&r=g\",\"caption\":\"Redaktion\"},\"sameAs\":[\"http:\\\/\\\/develop.organisator.galledia.ch\"],\"url\":\"https:\\\/\\\/www.immobilienbusiness.ch\\\/fr\\\/author\\\/admin\\\/\"}]}<\/script>\n<!-- \/ Yoast SEO plugin. -->","yoast_head_json":{"title":"Acron erweitert das Management - IMMOBILIEN Business","description":"Acron erweitert das Management-Team um Michael Teperski und Paul Soblik erweitert. Beide nehmen den Rang eines Managing Directors ein.","robots":{"index":"index","follow":"follow","max-snippet":"max-snippet:-1","max-image-preview":"max-image-preview:large","max-video-preview":"max-video-preview:-1"},"canonical":"https:\/\/www.immobilienbusiness.ch\/fr\/allgemein\/2016-09-14\/acron-erweitert-das-management\/","og_locale":"fr_FR","og_type":"article","og_title":"Acron erweitert das Management","og_description":"Die Immobilieninvestmentgesellschaft Acron hat ihr Management-Team um Michael Teperski und Paul Soblik erweitert. Beide nehmen den Rang eines Managing Directors ein und berichten an den CEO Kai Bender.","og_url":"https:\/\/www.immobilienbusiness.ch\/fr\/allgemein\/2016-09-14\/acron-erweitert-das-management\/","og_site_name":"IMMOBILIEN Business","article_publisher":"https:\/\/www.facebook.com\/immobilienbusiness\/","article_published_time":"2016-09-14T07:04:42+00:00","author":"Redaktion","twitter_card":"summary_large_image","twitter_image":"https:\/\/www.immobilienbusiness.ch\/wp-content\/uploads\/2016\/12\/Acron-erweitert-das-Management-immobilien-business.jpg","schema":{"@context":"https:\/\/schema.org","@graph":[{"@type":"Article","@id":"https:\/\/www.immobilienbusiness.ch\/en\/allgemein\/2016-09-14\/acron-erweitert-das-management\/#article","isPartOf":{"@id":"https:\/\/www.immobilienbusiness.ch\/en\/allgemein\/2016-09-14\/acron-erweitert-das-management\/"},"author":{"name":"Redaktion","@id":"https:\/\/www.immobilienbusiness.ch\/#\/schema\/person\/aa2bace6c5c5aad60102004a50c4eb1c"},"headline":"Acron erweitert das Management","datePublished":"2016-09-14T07:04:42+00:00","mainEntityOfPage":{"@id":"https:\/\/www.immobilienbusiness.ch\/en\/allgemein\/2016-09-14\/acron-erweitert-das-management\/"},"wordCount":194,"commentCount":0,"publisher":{"@id":"https:\/\/www.immobilienbusiness.ch\/#organization"},"image":{"@id":"https:\/\/www.immobilienbusiness.ch\/en\/allgemein\/2016-09-14\/acron-erweitert-das-management\/#primaryimage"},"thumbnailUrl":"https:\/\/www.immobilienbusiness.ch\/wp-content\/uploads\/2016\/12\/Acron-erweitert-das-Management-immobilien-business.jpg","keywords":["Personalien"],"articleSection":["Allgemein"],"inLanguage":"fr-FR"},{"@type":"WebPage","@id":"https:\/\/www.immobilienbusiness.ch\/en\/allgemein\/2016-09-14\/acron-erweitert-das-management\/","url":"https:\/\/www.immobilienbusiness.ch\/en\/allgemein\/2016-09-14\/acron-erweitert-das-management\/","name":"Acron erweitert das Management - IMMOBILIEN Business","isPartOf":{"@id":"https:\/\/www.immobilienbusiness.ch\/#website"},"primaryImageOfPage":{"@id":"https:\/\/www.immobilienbusiness.ch\/en\/allgemein\/2016-09-14\/acron-erweitert-das-management\/#primaryimage"},"image":{"@id":"https:\/\/www.immobilienbusiness.ch\/en\/allgemein\/2016-09-14\/acron-erweitert-das-management\/#primaryimage"},"thumbnailUrl":"https:\/\/www.immobilienbusiness.ch\/wp-content\/uploads\/2016\/12\/Acron-erweitert-das-Management-immobilien-business.jpg","datePublished":"2016-09-14T07:04:42+00:00","description":"Acron erweitert das Management-Team um Michael Teperski und Paul Soblik erweitert. Beide nehmen den Rang eines Managing Directors ein.","breadcrumb":{"@id":"https:\/\/www.immobilienbusiness.ch\/en\/allgemein\/2016-09-14\/acron-erweitert-das-management\/#breadcrumb"},"inLanguage":"fr-FR","potentialAction":[{"@type":"ReadAction","target":["https:\/\/www.immobilienbusiness.ch\/en\/allgemein\/2016-09-14\/acron-erweitert-das-management\/"]}]},{"@type":"ImageObject","inLanguage":"fr-FR","@id":"https:\/\/www.immobilienbusiness.ch\/en\/allgemein\/2016-09-14\/acron-erweitert-das-management\/#primaryimage","url":"https:\/\/www.immobilienbusiness.ch\/wp-content\/uploads\/2016\/12\/Acron-erweitert-das-Management-immobilien-business.jpg","contentUrl":"https:\/\/www.immobilienbusiness.ch\/wp-content\/uploads\/2016\/12\/Acron-erweitert-das-Management-immobilien-business.jpg","width":1280,"height":853,"caption":"Das Business-Development-Team bei SPS Solutions w\u00e4chst (Grafik: Pixabay)"},{"@type":"BreadcrumbList","@id":"https:\/\/www.immobilienbusiness.ch\/en\/allgemein\/2016-09-14\/acron-erweitert-das-management\/#breadcrumb","itemListElement":[{"@type":"ListItem","position":1,"name":"Home","item":"https:\/\/www.immobilienbusiness.ch\/"},{"@type":"ListItem","position":2,"name":"Acron erweitert das Management"}]},{"@type":"WebSite","@id":"https:\/\/www.immobilienbusiness.ch\/#website","url":"https:\/\/www.immobilienbusiness.ch\/","name":"IMMOBILIER Business","description":"Magazine \u00e9conomique suisse ind\u00e9pendant ax\u00e9 sur l'immobilier, l'architecture et la construction ainsi que sur les investissements et le financement.","publisher":{"@id":"https:\/\/www.immobilienbusiness.ch\/#organization"},"potentialAction":[{"@type":"SearchAction","target":{"@type":"EntryPoint","urlTemplate":"https:\/\/www.immobilienbusiness.ch\/?s={search_term_string}"},"query-input":{"@type":"PropertyValueSpecification","valueRequired":true,"valueName":"search_term_string"}}],"inLanguage":"fr-FR"},{"@type":"Organization","@id":"https:\/\/www.immobilienbusiness.ch\/#organization","name":"IMMOBILIER Business","url":"https:\/\/www.immobilienbusiness.ch\/","logo":{"@type":"ImageObject","inLanguage":"fr-FR","@id":"https:\/\/www.immobilienbusiness.ch\/#\/schema\/logo\/image\/","url":"https:\/\/www.immobilienbusiness.ch\/wp-content\/uploads\/2021\/07\/logo_ib.png","contentUrl":"https:\/\/www.immobilienbusiness.ch\/wp-content\/uploads\/2021\/07\/logo_ib.png","width":800,"height":181,"caption":"IMMOBILIEN Business"},"image":{"@id":"https:\/\/www.immobilienbusiness.ch\/#\/schema\/logo\/image\/"},"sameAs":["https:\/\/www.facebook.com\/immobilienbusiness\/"]},{"@type":"Person","@id":"https:\/\/www.immobilienbusiness.ch\/#\/schema\/person\/aa2bace6c5c5aad60102004a50c4eb1c","name":"Editorial","image":{"@type":"ImageObject","inLanguage":"fr-FR","@id":"https:\/\/secure.gravatar.com\/avatar\/ae2f4d718e6c49043e314ce431e7e645d646302a24a5ef5a8bc8e3f5a032e319?s=96&d=mm&r=g","url":"https:\/\/secure.gravatar.com\/avatar\/ae2f4d718e6c49043e314ce431e7e645d646302a24a5ef5a8bc8e3f5a032e319?s=96&d=mm&r=g","contentUrl":"https:\/\/secure.gravatar.com\/avatar\/ae2f4d718e6c49043e314ce431e7e645d646302a24a5ef5a8bc8e3f5a032e319?s=96&d=mm&r=g","caption":"Redaktion"},"sameAs":["http:\/\/develop.organisator.galledia.ch"],"url":"https:\/\/www.immobilienbusiness.ch\/fr\/author\/admin\/"}]}},"_links":{"self":[{"href":"https:\/\/www.immobilienbusiness.ch\/fr\/wp-json\/wp\/v2\/posts\/3962","targetHints":{"allow":["GET"]}}],"collection":[{"href":"https:\/\/www.immobilienbusiness.ch\/fr\/wp-json\/wp\/v2\/posts"}],"about":[{"href":"https:\/\/www.immobilienbusiness.ch\/fr\/wp-json\/wp\/v2\/types\/post"}],"author":[{"embeddable":true,"href":"https:\/\/www.immobilienbusiness.ch\/fr\/wp-json\/wp\/v2\/users\/1"}],"replies":[{"embeddable":true,"href":"https:\/\/www.immobilienbusiness.ch\/fr\/wp-json\/wp\/v2\/comments?post=3962"}],"version-history":[{"count":0,"href":"https:\/\/www.immobilienbusiness.ch\/fr\/wp-json\/wp\/v2\/posts\/3962\/revisions"}],"wp:featuredmedia":[{"embeddable":true,"href":"https:\/\/www.immobilienbusiness.ch\/fr\/wp-json\/wp\/v2\/media\/3963"}],"wp:attachment":[{"href":"https:\/\/www.immobilienbusiness.ch\/fr\/wp-json\/wp\/v2\/media?parent=3962"}],"wp:term":[{"taxonomy":"category","embeddable":true,"href":"https:\/\/www.immobilienbusiness.ch\/fr\/wp-json\/wp\/v2\/categories?post=3962"},{"taxonomy":"post_tag","embeddable":true,"href":"https:\/\/www.immobilienbusiness.ch\/fr\/wp-json\/wp\/v2\/tags?post=3962"}],"curies":[{"name":"wp","href":"https:\/\/api.w.org\/{rel}","templated":true}]}}