{"id":3957,"date":"2016-09-13T10:39:18","date_gmt":"2016-09-13T08:39:18","guid":{"rendered":"http:\/\/dev.immobilienbusiness.ch\/?p=3957"},"modified":"2016-09-13T10:39:18","modified_gmt":"2016-09-13T08:39:18","slug":"aarau-grundsteinlegung-fuer-baufeld-2-im-aeschbachquartier","status":"publish","type":"post","link":"https:\/\/www.immobilienbusiness.ch\/fr\/allgemein\/2016-09-13\/aarau-grundsteinlegung-fuer-baufeld-2-im-aeschbachquartier\/","title":{"rendered":"Aarau : Pose de la premi\u00e8re pierre du chantier 2 dans le quartier d'Aeschbach"},"content":{"rendered":"<figure id=\"attachment_3958\" aria-describedby=\"caption-attachment-3958\" style=\"width: 680px\" class=\"wp-caption alignnone\"><img loading=\"lazy\" decoding=\"async\" class=\"size-medium wp-image-3958\" src=\"https:\/\/immobilienbusiness.ch\/wp-content\/uploads\/2016\/12\/Aarau-Grundsteinlegung-f\u00fcr-Baufeld-2-im-Aeschbachquartier-immobilien-business.jpg\" alt=\"Auf dem Baufeld 2 im Aarauer Aeschbachquartier starten die Bauarbeiten (Foto: Mobimo)\" width=\"680\" height=\"383\" \/><figcaption id=\"caption-attachment-3958\" class=\"wp-caption-text\">Les travaux de construction d\u00e9butent sur l'\u00eelot 2 dans le quartier Aeschbach d'Aarau (photo : Mobimo)<\/figcaption><\/figure>\n<p>L'Aeschbachhalle, un b\u00e2timent industriel historique et le centre du quartier, sera restaur\u00e9 au cours des deux prochaines ann\u00e9es et agrandi par deux annexes. Il est pr\u00e9vu de cr\u00e9er quatre restaurants ainsi qu'une grande partie ouverte de la halle pour les manifestations.<\/p>\n<p>Autour de l'Aeschbachhalle, Mobimo construit des immeubles d'habitation et commerciaux comprenant au total 167 logements locatifs et 4 600 m\u00b2 de surfaces commerciales. Les rez-de-chauss\u00e9e des b\u00e2timents seront anim\u00e9s par une vingtaine de petites boutiques et de prestataires de services. La villa Oehler, une usine de style Art nouveau, accueillera une cr\u00e8che.<\/p>\n<p>\"Nous avons attendu longtemps ce beau moment\", a d\u00e9clar\u00e9 Christoph Caviezel, CEO de Mobimo, lors de la pose de la premi\u00e8re pierre. La soci\u00e9t\u00e9 immobili\u00e8re avait d\u00e9j\u00e0 achet\u00e9 en 2002 les premi\u00e8res parcelles sur le site de cinq hectares pr\u00e8s du giratoire de Gais \u00e0 Aarau. L'\u00eelot 3 (site industriel avec le nouveau b\u00e2timent Rockwell) et l'\u00eelot 1 avec la tour GastroSocial sont d\u00e9j\u00e0 construits. Les travaux sur l'\u00eelot 4, o\u00f9 92 appartements en copropri\u00e9t\u00e9 seront construits, sont bien avanc\u00e9s. Soixante pour cent des appartements ont d\u00e9j\u00e0 \u00e9t\u00e9 vendus. (ah)<\/p>","protected":false},"excerpt":{"rendered":"<p>Le 9 septembre, la premi\u00e8re pierre de l'immeuble situ\u00e9 sur l'\u00eelot 2 du quartier Aeschbach \u00e0 Aarau a \u00e9t\u00e9 pos\u00e9e. Le ma\u00eetre d'ouvrage est Mobimo, l'entreprise totale est le groupe Frutiger.<\/p>","protected":false},"author":1,"featured_media":3958,"comment_status":"open","ping_status":"open","sticky":false,"template":"","format":"standard","meta":{"_acf_changed":false,"_yoast_wpseo_focuskw":"Aeschbachquartier","_yoast_wpseo_title":"","_yoast_wpseo_metadesc":"Aeschbachquartier in Aarau: Am 9. September wurde der Grundstein f\u00fcr die \u00dcberbauung auf dem Baufeld 2 gelegt. Bauherrin ist Mobimo.","_yoast_wpseo_linkdex":71,"pgc_sgb_lightbox_settings":"","footnotes":""},"categories":[1],"tags":[1529,1601],"class_list":["post-3957","post","type-post","status-publish","format-standard","has-post-thumbnail","hentry","category-allgemein","tag-nord-west-schweiz","tag-projektentwicklung"],"acf":[],"yoast_head":"<!-- This site is optimized with the Yoast SEO plugin v27.4 - https:\/\/yoast.com\/product\/yoast-seo-wordpress\/ -->\n<title>Aarau: Grundsteinlegung f\u00fcr Baufeld 2 im Aeschbachquartier - IMMOBILIEN Business<\/title>\n<meta name=\"description\" content=\"Aeschbachquartier in Aarau: Am 9. September wurde der Grundstein f\u00fcr die \u00dcberbauung auf dem Baufeld 2 gelegt. Bauherrin ist Mobimo.\" \/>\n<meta name=\"robots\" content=\"index, follow, max-snippet:-1, max-image-preview:large, max-video-preview:-1\" \/>\n<link rel=\"canonical\" href=\"https:\/\/www.immobilienbusiness.ch\/fr\/allgemein\/2016-09-13\/aarau-grundsteinlegung-fuer-baufeld-2-im-aeschbachquartier\/\" \/>\n<meta property=\"og:locale\" content=\"fr_FR\" \/>\n<meta property=\"og:type\" content=\"article\" \/>\n<meta property=\"og:title\" content=\"Aarau: Grundsteinlegung f\u00fcr Baufeld 2 im Aeschbachquartier\" \/>\n<meta property=\"og:description\" content=\"Am 9. September wurde der Grundstein f\u00fcr die \u00dcberbauung auf dem Baufeld 2 des Aeschbachquartiers in Aarau gelegt. Bauherrin ist Mobimo, als Totalunternehmer tritt die Frutiger-Gruppe auf.\" \/>\n<meta property=\"og:url\" content=\"https:\/\/www.immobilienbusiness.ch\/fr\/allgemein\/2016-09-13\/aarau-grundsteinlegung-fuer-baufeld-2-im-aeschbachquartier\/\" \/>\n<meta property=\"og:site_name\" content=\"IMMOBILIEN Business\" \/>\n<meta property=\"article:publisher\" content=\"https:\/\/www.facebook.com\/immobilienbusiness\/\" \/>\n<meta property=\"article:published_time\" content=\"2016-09-13T08:39:18+00:00\" \/>\n<meta name=\"author\" content=\"Redaktion\" \/>\n<meta name=\"twitter:card\" content=\"summary_large_image\" \/>\n<meta name=\"twitter:image\" content=\"https:\/\/www.immobilienbusiness.ch\/wp-content\/uploads\/2016\/12\/Aarau-Grundsteinlegung-fuer-Baufeld-2-im-Aeschbachquartier-immobilien-business.jpg\" \/>\n<script type=\"application\/ld+json\" class=\"yoast-schema-graph\">{\"@context\":\"https:\\\/\\\/schema.org\",\"@graph\":[{\"@type\":\"Article\",\"@id\":\"https:\\\/\\\/www.immobilienbusiness.ch\\\/de\\\/allgemein\\\/2016-09-13\\\/aarau-grundsteinlegung-fuer-baufeld-2-im-aeschbachquartier\\\/#article\",\"isPartOf\":{\"@id\":\"https:\\\/\\\/www.immobilienbusiness.ch\\\/de\\\/allgemein\\\/2016-09-13\\\/aarau-grundsteinlegung-fuer-baufeld-2-im-aeschbachquartier\\\/\"},\"author\":{\"name\":\"Redaktion\",\"@id\":\"https:\\\/\\\/www.immobilienbusiness.ch\\\/#\\\/schema\\\/person\\\/aa2bace6c5c5aad60102004a50c4eb1c\"},\"headline\":\"Aarau: Grundsteinlegung f\u00fcr Baufeld 2 im Aeschbachquartier\",\"datePublished\":\"2016-09-13T08:39:18+00:00\",\"mainEntityOfPage\":{\"@id\":\"https:\\\/\\\/www.immobilienbusiness.ch\\\/de\\\/allgemein\\\/2016-09-13\\\/aarau-grundsteinlegung-fuer-baufeld-2-im-aeschbachquartier\\\/\"},\"wordCount\":169,\"commentCount\":0,\"publisher\":{\"@id\":\"https:\\\/\\\/www.immobilienbusiness.ch\\\/#organization\"},\"image\":{\"@id\":\"https:\\\/\\\/www.immobilienbusiness.ch\\\/de\\\/allgemein\\\/2016-09-13\\\/aarau-grundsteinlegung-fuer-baufeld-2-im-aeschbachquartier\\\/#primaryimage\"},\"thumbnailUrl\":\"https:\\\/\\\/www.immobilienbusiness.ch\\\/wp-content\\\/uploads\\\/2016\\\/12\\\/Aarau-Grundsteinlegung-fuer-Baufeld-2-im-Aeschbachquartier-immobilien-business.jpg\",\"keywords\":[\"Nord-West-Schweiz\",\"Projektentwicklung\"],\"articleSection\":[\"Allgemein\"],\"inLanguage\":\"fr-FR\"},{\"@type\":\"WebPage\",\"@id\":\"https:\\\/\\\/www.immobilienbusiness.ch\\\/de\\\/allgemein\\\/2016-09-13\\\/aarau-grundsteinlegung-fuer-baufeld-2-im-aeschbachquartier\\\/\",\"url\":\"https:\\\/\\\/www.immobilienbusiness.ch\\\/de\\\/allgemein\\\/2016-09-13\\\/aarau-grundsteinlegung-fuer-baufeld-2-im-aeschbachquartier\\\/\",\"name\":\"Aarau: Grundsteinlegung f\u00fcr Baufeld 2 im Aeschbachquartier - IMMOBILIEN Business\",\"isPartOf\":{\"@id\":\"https:\\\/\\\/www.immobilienbusiness.ch\\\/#website\"},\"primaryImageOfPage\":{\"@id\":\"https:\\\/\\\/www.immobilienbusiness.ch\\\/de\\\/allgemein\\\/2016-09-13\\\/aarau-grundsteinlegung-fuer-baufeld-2-im-aeschbachquartier\\\/#primaryimage\"},\"image\":{\"@id\":\"https:\\\/\\\/www.immobilienbusiness.ch\\\/de\\\/allgemein\\\/2016-09-13\\\/aarau-grundsteinlegung-fuer-baufeld-2-im-aeschbachquartier\\\/#primaryimage\"},\"thumbnailUrl\":\"https:\\\/\\\/www.immobilienbusiness.ch\\\/wp-content\\\/uploads\\\/2016\\\/12\\\/Aarau-Grundsteinlegung-fuer-Baufeld-2-im-Aeschbachquartier-immobilien-business.jpg\",\"datePublished\":\"2016-09-13T08:39:18+00:00\",\"description\":\"Aeschbachquartier in Aarau: Am 9. September wurde der Grundstein f\u00fcr die \u00dcberbauung auf dem Baufeld 2 gelegt. Bauherrin ist Mobimo.\",\"breadcrumb\":{\"@id\":\"https:\\\/\\\/www.immobilienbusiness.ch\\\/de\\\/allgemein\\\/2016-09-13\\\/aarau-grundsteinlegung-fuer-baufeld-2-im-aeschbachquartier\\\/#breadcrumb\"},\"inLanguage\":\"fr-FR\",\"potentialAction\":[{\"@type\":\"ReadAction\",\"target\":[\"https:\\\/\\\/www.immobilienbusiness.ch\\\/de\\\/allgemein\\\/2016-09-13\\\/aarau-grundsteinlegung-fuer-baufeld-2-im-aeschbachquartier\\\/\"]}]},{\"@type\":\"ImageObject\",\"inLanguage\":\"fr-FR\",\"@id\":\"https:\\\/\\\/www.immobilienbusiness.ch\\\/de\\\/allgemein\\\/2016-09-13\\\/aarau-grundsteinlegung-fuer-baufeld-2-im-aeschbachquartier\\\/#primaryimage\",\"url\":\"https:\\\/\\\/www.immobilienbusiness.ch\\\/wp-content\\\/uploads\\\/2016\\\/12\\\/Aarau-Grundsteinlegung-fuer-Baufeld-2-im-Aeschbachquartier-immobilien-business.jpg\",\"contentUrl\":\"https:\\\/\\\/www.immobilienbusiness.ch\\\/wp-content\\\/uploads\\\/2016\\\/12\\\/Aarau-Grundsteinlegung-fuer-Baufeld-2-im-Aeschbachquartier-immobilien-business.jpg\",\"width\":1400,\"height\":788,\"caption\":\"Auf dem Baufeld 2 im Aarauer Aeschbachquartier starten die Bauarbeiten (Foto: Mobimo)\"},{\"@type\":\"BreadcrumbList\",\"@id\":\"https:\\\/\\\/www.immobilienbusiness.ch\\\/de\\\/allgemein\\\/2016-09-13\\\/aarau-grundsteinlegung-fuer-baufeld-2-im-aeschbachquartier\\\/#breadcrumb\",\"itemListElement\":[{\"@type\":\"ListItem\",\"position\":1,\"name\":\"Home\",\"item\":\"https:\\\/\\\/www.immobilienbusiness.ch\\\/\"},{\"@type\":\"ListItem\",\"position\":2,\"name\":\"Aarau: Grundsteinlegung f\u00fcr Baufeld 2 im Aeschbachquartier\"}]},{\"@type\":\"WebSite\",\"@id\":\"https:\\\/\\\/www.immobilienbusiness.ch\\\/#website\",\"url\":\"https:\\\/\\\/www.immobilienbusiness.ch\\\/\",\"name\":\"IMMOBILIEN Business\",\"description\":\"Unabh\u00e4ngiges Schweizer Wirtschaftsmagazin mit Fokus auf Immobilien, Architektur- und Bau sowie Investment- und Finanzierung.\",\"publisher\":{\"@id\":\"https:\\\/\\\/www.immobilienbusiness.ch\\\/#organization\"},\"potentialAction\":[{\"@type\":\"SearchAction\",\"target\":{\"@type\":\"EntryPoint\",\"urlTemplate\":\"https:\\\/\\\/www.immobilienbusiness.ch\\\/?s={search_term_string}\"},\"query-input\":{\"@type\":\"PropertyValueSpecification\",\"valueRequired\":true,\"valueName\":\"search_term_string\"}}],\"inLanguage\":\"fr-FR\"},{\"@type\":\"Organization\",\"@id\":\"https:\\\/\\\/www.immobilienbusiness.ch\\\/#organization\",\"name\":\"IMMOBILIEN Business\",\"url\":\"https:\\\/\\\/www.immobilienbusiness.ch\\\/\",\"logo\":{\"@type\":\"ImageObject\",\"inLanguage\":\"fr-FR\",\"@id\":\"https:\\\/\\\/www.immobilienbusiness.ch\\\/#\\\/schema\\\/logo\\\/image\\\/\",\"url\":\"https:\\\/\\\/www.immobilienbusiness.ch\\\/wp-content\\\/uploads\\\/2021\\\/07\\\/logo_ib.png\",\"contentUrl\":\"https:\\\/\\\/www.immobilienbusiness.ch\\\/wp-content\\\/uploads\\\/2021\\\/07\\\/logo_ib.png\",\"width\":800,\"height\":181,\"caption\":\"IMMOBILIEN Business\"},\"image\":{\"@id\":\"https:\\\/\\\/www.immobilienbusiness.ch\\\/#\\\/schema\\\/logo\\\/image\\\/\"},\"sameAs\":[\"https:\\\/\\\/www.facebook.com\\\/immobilienbusiness\\\/\"]},{\"@type\":\"Person\",\"@id\":\"https:\\\/\\\/www.immobilienbusiness.ch\\\/#\\\/schema\\\/person\\\/aa2bace6c5c5aad60102004a50c4eb1c\",\"name\":\"Redaktion\",\"image\":{\"@type\":\"ImageObject\",\"inLanguage\":\"fr-FR\",\"@id\":\"https:\\\/\\\/secure.gravatar.com\\\/avatar\\\/ae2f4d718e6c49043e314ce431e7e645d646302a24a5ef5a8bc8e3f5a032e319?s=96&d=mm&r=g\",\"url\":\"https:\\\/\\\/secure.gravatar.com\\\/avatar\\\/ae2f4d718e6c49043e314ce431e7e645d646302a24a5ef5a8bc8e3f5a032e319?s=96&d=mm&r=g\",\"contentUrl\":\"https:\\\/\\\/secure.gravatar.com\\\/avatar\\\/ae2f4d718e6c49043e314ce431e7e645d646302a24a5ef5a8bc8e3f5a032e319?s=96&d=mm&r=g\",\"caption\":\"Redaktion\"},\"sameAs\":[\"http:\\\/\\\/develop.organisator.galledia.ch\"],\"url\":\"https:\\\/\\\/www.immobilienbusiness.ch\\\/fr\\\/author\\\/admin\\\/\"}]}<\/script>\n<!-- \/ Yoast SEO plugin. -->","yoast_head_json":{"title":"Aarau: Grundsteinlegung f\u00fcr Baufeld 2 im Aeschbachquartier - IMMOBILIEN Business","description":"Aeschbachquartier in Aarau: Am 9. September wurde der Grundstein f\u00fcr die \u00dcberbauung auf dem Baufeld 2 gelegt. Bauherrin ist Mobimo.","robots":{"index":"index","follow":"follow","max-snippet":"max-snippet:-1","max-image-preview":"max-image-preview:large","max-video-preview":"max-video-preview:-1"},"canonical":"https:\/\/www.immobilienbusiness.ch\/fr\/allgemein\/2016-09-13\/aarau-grundsteinlegung-fuer-baufeld-2-im-aeschbachquartier\/","og_locale":"fr_FR","og_type":"article","og_title":"Aarau: Grundsteinlegung f\u00fcr Baufeld 2 im Aeschbachquartier","og_description":"Am 9. September wurde der Grundstein f\u00fcr die \u00dcberbauung auf dem Baufeld 2 des Aeschbachquartiers in Aarau gelegt. Bauherrin ist Mobimo, als Totalunternehmer tritt die Frutiger-Gruppe auf.","og_url":"https:\/\/www.immobilienbusiness.ch\/fr\/allgemein\/2016-09-13\/aarau-grundsteinlegung-fuer-baufeld-2-im-aeschbachquartier\/","og_site_name":"IMMOBILIEN Business","article_publisher":"https:\/\/www.facebook.com\/immobilienbusiness\/","article_published_time":"2016-09-13T08:39:18+00:00","author":"Redaktion","twitter_card":"summary_large_image","twitter_image":"https:\/\/www.immobilienbusiness.ch\/wp-content\/uploads\/2016\/12\/Aarau-Grundsteinlegung-fuer-Baufeld-2-im-Aeschbachquartier-immobilien-business.jpg","schema":{"@context":"https:\/\/schema.org","@graph":[{"@type":"Article","@id":"https:\/\/www.immobilienbusiness.ch\/de\/allgemein\/2016-09-13\/aarau-grundsteinlegung-fuer-baufeld-2-im-aeschbachquartier\/#article","isPartOf":{"@id":"https:\/\/www.immobilienbusiness.ch\/de\/allgemein\/2016-09-13\/aarau-grundsteinlegung-fuer-baufeld-2-im-aeschbachquartier\/"},"author":{"name":"Redaktion","@id":"https:\/\/www.immobilienbusiness.ch\/#\/schema\/person\/aa2bace6c5c5aad60102004a50c4eb1c"},"headline":"Aarau: Grundsteinlegung f\u00fcr Baufeld 2 im Aeschbachquartier","datePublished":"2016-09-13T08:39:18+00:00","mainEntityOfPage":{"@id":"https:\/\/www.immobilienbusiness.ch\/de\/allgemein\/2016-09-13\/aarau-grundsteinlegung-fuer-baufeld-2-im-aeschbachquartier\/"},"wordCount":169,"commentCount":0,"publisher":{"@id":"https:\/\/www.immobilienbusiness.ch\/#organization"},"image":{"@id":"https:\/\/www.immobilienbusiness.ch\/de\/allgemein\/2016-09-13\/aarau-grundsteinlegung-fuer-baufeld-2-im-aeschbachquartier\/#primaryimage"},"thumbnailUrl":"https:\/\/www.immobilienbusiness.ch\/wp-content\/uploads\/2016\/12\/Aarau-Grundsteinlegung-fuer-Baufeld-2-im-Aeschbachquartier-immobilien-business.jpg","keywords":["Nord-West-Schweiz","Projektentwicklung"],"articleSection":["Allgemein"],"inLanguage":"fr-FR"},{"@type":"WebPage","@id":"https:\/\/www.immobilienbusiness.ch\/de\/allgemein\/2016-09-13\/aarau-grundsteinlegung-fuer-baufeld-2-im-aeschbachquartier\/","url":"https:\/\/www.immobilienbusiness.ch\/de\/allgemein\/2016-09-13\/aarau-grundsteinlegung-fuer-baufeld-2-im-aeschbachquartier\/","name":"Aarau: Grundsteinlegung f\u00fcr Baufeld 2 im Aeschbachquartier - IMMOBILIEN Business","isPartOf":{"@id":"https:\/\/www.immobilienbusiness.ch\/#website"},"primaryImageOfPage":{"@id":"https:\/\/www.immobilienbusiness.ch\/de\/allgemein\/2016-09-13\/aarau-grundsteinlegung-fuer-baufeld-2-im-aeschbachquartier\/#primaryimage"},"image":{"@id":"https:\/\/www.immobilienbusiness.ch\/de\/allgemein\/2016-09-13\/aarau-grundsteinlegung-fuer-baufeld-2-im-aeschbachquartier\/#primaryimage"},"thumbnailUrl":"https:\/\/www.immobilienbusiness.ch\/wp-content\/uploads\/2016\/12\/Aarau-Grundsteinlegung-fuer-Baufeld-2-im-Aeschbachquartier-immobilien-business.jpg","datePublished":"2016-09-13T08:39:18+00:00","description":"Aeschbachquartier in Aarau: Am 9. September wurde der Grundstein f\u00fcr die \u00dcberbauung auf dem Baufeld 2 gelegt. Bauherrin ist Mobimo.","breadcrumb":{"@id":"https:\/\/www.immobilienbusiness.ch\/de\/allgemein\/2016-09-13\/aarau-grundsteinlegung-fuer-baufeld-2-im-aeschbachquartier\/#breadcrumb"},"inLanguage":"fr-FR","potentialAction":[{"@type":"ReadAction","target":["https:\/\/www.immobilienbusiness.ch\/de\/allgemein\/2016-09-13\/aarau-grundsteinlegung-fuer-baufeld-2-im-aeschbachquartier\/"]}]},{"@type":"ImageObject","inLanguage":"fr-FR","@id":"https:\/\/www.immobilienbusiness.ch\/de\/allgemein\/2016-09-13\/aarau-grundsteinlegung-fuer-baufeld-2-im-aeschbachquartier\/#primaryimage","url":"https:\/\/www.immobilienbusiness.ch\/wp-content\/uploads\/2016\/12\/Aarau-Grundsteinlegung-fuer-Baufeld-2-im-Aeschbachquartier-immobilien-business.jpg","contentUrl":"https:\/\/www.immobilienbusiness.ch\/wp-content\/uploads\/2016\/12\/Aarau-Grundsteinlegung-fuer-Baufeld-2-im-Aeschbachquartier-immobilien-business.jpg","width":1400,"height":788,"caption":"Auf dem Baufeld 2 im Aarauer Aeschbachquartier starten die Bauarbeiten (Foto: Mobimo)"},{"@type":"BreadcrumbList","@id":"https:\/\/www.immobilienbusiness.ch\/de\/allgemein\/2016-09-13\/aarau-grundsteinlegung-fuer-baufeld-2-im-aeschbachquartier\/#breadcrumb","itemListElement":[{"@type":"ListItem","position":1,"name":"Home","item":"https:\/\/www.immobilienbusiness.ch\/"},{"@type":"ListItem","position":2,"name":"Aarau: Grundsteinlegung f\u00fcr Baufeld 2 im Aeschbachquartier"}]},{"@type":"WebSite","@id":"https:\/\/www.immobilienbusiness.ch\/#website","url":"https:\/\/www.immobilienbusiness.ch\/","name":"IMMOBILIER Business","description":"Magazine \u00e9conomique suisse ind\u00e9pendant ax\u00e9 sur l'immobilier, l'architecture et la construction ainsi que sur les investissements et le financement.","publisher":{"@id":"https:\/\/www.immobilienbusiness.ch\/#organization"},"potentialAction":[{"@type":"SearchAction","target":{"@type":"EntryPoint","urlTemplate":"https:\/\/www.immobilienbusiness.ch\/?s={search_term_string}"},"query-input":{"@type":"PropertyValueSpecification","valueRequired":true,"valueName":"search_term_string"}}],"inLanguage":"fr-FR"},{"@type":"Organization","@id":"https:\/\/www.immobilienbusiness.ch\/#organization","name":"IMMOBILIER Business","url":"https:\/\/www.immobilienbusiness.ch\/","logo":{"@type":"ImageObject","inLanguage":"fr-FR","@id":"https:\/\/www.immobilienbusiness.ch\/#\/schema\/logo\/image\/","url":"https:\/\/www.immobilienbusiness.ch\/wp-content\/uploads\/2021\/07\/logo_ib.png","contentUrl":"https:\/\/www.immobilienbusiness.ch\/wp-content\/uploads\/2021\/07\/logo_ib.png","width":800,"height":181,"caption":"IMMOBILIEN Business"},"image":{"@id":"https:\/\/www.immobilienbusiness.ch\/#\/schema\/logo\/image\/"},"sameAs":["https:\/\/www.facebook.com\/immobilienbusiness\/"]},{"@type":"Person","@id":"https:\/\/www.immobilienbusiness.ch\/#\/schema\/person\/aa2bace6c5c5aad60102004a50c4eb1c","name":"Editorial","image":{"@type":"ImageObject","inLanguage":"fr-FR","@id":"https:\/\/secure.gravatar.com\/avatar\/ae2f4d718e6c49043e314ce431e7e645d646302a24a5ef5a8bc8e3f5a032e319?s=96&d=mm&r=g","url":"https:\/\/secure.gravatar.com\/avatar\/ae2f4d718e6c49043e314ce431e7e645d646302a24a5ef5a8bc8e3f5a032e319?s=96&d=mm&r=g","contentUrl":"https:\/\/secure.gravatar.com\/avatar\/ae2f4d718e6c49043e314ce431e7e645d646302a24a5ef5a8bc8e3f5a032e319?s=96&d=mm&r=g","caption":"Redaktion"},"sameAs":["http:\/\/develop.organisator.galledia.ch"],"url":"https:\/\/www.immobilienbusiness.ch\/fr\/author\/admin\/"}]}},"_links":{"self":[{"href":"https:\/\/www.immobilienbusiness.ch\/fr\/wp-json\/wp\/v2\/posts\/3957","targetHints":{"allow":["GET"]}}],"collection":[{"href":"https:\/\/www.immobilienbusiness.ch\/fr\/wp-json\/wp\/v2\/posts"}],"about":[{"href":"https:\/\/www.immobilienbusiness.ch\/fr\/wp-json\/wp\/v2\/types\/post"}],"author":[{"embeddable":true,"href":"https:\/\/www.immobilienbusiness.ch\/fr\/wp-json\/wp\/v2\/users\/1"}],"replies":[{"embeddable":true,"href":"https:\/\/www.immobilienbusiness.ch\/fr\/wp-json\/wp\/v2\/comments?post=3957"}],"version-history":[{"count":0,"href":"https:\/\/www.immobilienbusiness.ch\/fr\/wp-json\/wp\/v2\/posts\/3957\/revisions"}],"wp:featuredmedia":[{"embeddable":true,"href":"https:\/\/www.immobilienbusiness.ch\/fr\/wp-json\/wp\/v2\/media\/3958"}],"wp:attachment":[{"href":"https:\/\/www.immobilienbusiness.ch\/fr\/wp-json\/wp\/v2\/media?parent=3957"}],"wp:term":[{"taxonomy":"category","embeddable":true,"href":"https:\/\/www.immobilienbusiness.ch\/fr\/wp-json\/wp\/v2\/categories?post=3957"},{"taxonomy":"post_tag","embeddable":true,"href":"https:\/\/www.immobilienbusiness.ch\/fr\/wp-json\/wp\/v2\/tags?post=3957"}],"curies":[{"name":"wp","href":"https:\/\/api.w.org\/{rel}","templated":true}]}}