{"id":3955,"date":"2016-06-03T08:29:38","date_gmt":"2016-06-03T06:29:38","guid":{"rendered":"http:\/\/dev.immobilienbusiness.ch\/?p=3955"},"modified":"2016-06-03T08:29:38","modified_gmt":"2016-06-03T06:29:38","slug":"kapitalerhoehung-fuer-den-sf-retail-properties-fund","status":"publish","type":"post","link":"https:\/\/www.immobilienbusiness.ch\/fr\/allgemein\/2016-06-03\/kapitalerhoehung-fuer-den-sf-retail-properties-fund\/","title":{"rendered":"Augmentation de capital pour le Fonds SF Retail Properties"},"content":{"rendered":"<figure id=\"attachment_3956\" aria-describedby=\"caption-attachment-3956\" style=\"width: 680px\" class=\"wp-caption alignnone\"><img loading=\"lazy\" decoding=\"async\" class=\"size-medium wp-image-3956\" src=\"https:\/\/immobilienbusiness.ch\/wp-content\/uploads\/2016\/12\/Kapitalerh\u00f6hung-f\u00fcr-den-SF-Retail-Properties-Fund-immobilien-business.jpg\" alt=\"Der SF Retail Properties Fund plant eine Kapitalerh\u00f6hung (Foto: Pixabay)\" width=\"680\" height=\"453\" \/><figcaption id=\"caption-attachment-3956\" class=\"wp-caption-text\">Le SF Retail Properties Fund pr\u00e9voit une augmentation de capital (Photo : Pixabay)<\/figcaption><\/figure>\n<p>Comme le communique Swiss Finance &amp; Property Funds, l'\u00e9mission doit se faire \u00e0 la commission (\"best effort basis\") dans le cadre d'une offre publique de souscription en Suisse. Il n'y aura pas de n\u00e9goce officiel des droits de souscription. (ah)<\/p>","protected":false},"excerpt":{"rendered":"<p>Le conseil d'administration de Swiss Finance &amp; Property Funds pr\u00e9voit une augmentation de capital de 200 millions de CHF pour le SF Retail Properties Fund. L'op\u00e9ration devrait avoir lieu entre le 22 juin et le 8 juillet 2016 et se d\u00e9rouler dans un rapport de 4:3.<\/p>","protected":false},"author":1,"featured_media":3956,"comment_status":"open","ping_status":"open","sticky":false,"template":"","format":"standard","meta":{"_acf_changed":false,"_yoast_wpseo_focuskw":"Kapitalerh\u00f6hung","_yoast_wpseo_title":"","_yoast_wpseo_metadesc":"Der Verwaltungsrat der Swiss Finance & Property Funds plant eine Kapitalerh\u00f6hung von 200 Millionen CHF f\u00fcr den SF Retail Properties Fund.","_yoast_wpseo_linkdex":48,"pgc_sgb_lightbox_settings":"","footnotes":""},"categories":[1],"tags":[1362],"class_list":["post-3955","post","type-post","status-publish","format-standard","has-post-thumbnail","hentry","category-allgemein","tag-indirekte-immobilienanlagen"],"acf":[],"yoast_head":"<!-- This site is optimized with the Yoast SEO plugin v27.4 - https:\/\/yoast.com\/product\/yoast-seo-wordpress\/ -->\n<title>Kapitalerh\u00f6hung f\u00fcr den SF Retail Properties Fund - IMMOBILIEN Business<\/title>\n<meta name=\"description\" content=\"Der Verwaltungsrat der Swiss Finance &amp; Property Funds plant eine Kapitalerh\u00f6hung von 200 Millionen CHF f\u00fcr den SF Retail Properties Fund.\" \/>\n<meta name=\"robots\" content=\"index, follow, max-snippet:-1, max-image-preview:large, max-video-preview:-1\" \/>\n<link rel=\"canonical\" href=\"https:\/\/www.immobilienbusiness.ch\/fr\/allgemein\/2016-06-03\/kapitalerhoehung-fuer-den-sf-retail-properties-fund\/\" \/>\n<meta property=\"og:locale\" content=\"fr_FR\" \/>\n<meta property=\"og:type\" content=\"article\" \/>\n<meta property=\"og:title\" content=\"Kapitalerh\u00f6hung f\u00fcr den SF Retail Properties Fund\" \/>\n<meta property=\"og:description\" content=\"Der Verwaltungsrat der Swiss Finance &amp; Property Funds plant eine Kapitalerh\u00f6hung von 200 Millionen CHF f\u00fcr den SF Retail Properties Fund. Die Transaktion soll vom 22. Juni bis 8. Juli 2016 stattfinden und im Verh\u00e4ltnis 4:3 durchgef\u00fchrt werden.\" \/>\n<meta property=\"og:url\" content=\"https:\/\/www.immobilienbusiness.ch\/fr\/allgemein\/2016-06-03\/kapitalerhoehung-fuer-den-sf-retail-properties-fund\/\" \/>\n<meta property=\"og:site_name\" content=\"IMMOBILIEN Business\" \/>\n<meta property=\"article:publisher\" content=\"https:\/\/www.facebook.com\/immobilienbusiness\/\" \/>\n<meta property=\"article:published_time\" content=\"2016-06-03T06:29:38+00:00\" \/>\n<meta name=\"author\" content=\"Redaktion\" \/>\n<meta name=\"twitter:card\" content=\"summary_large_image\" \/>\n<meta name=\"twitter:image\" content=\"https:\/\/www.immobilienbusiness.ch\/wp-content\/uploads\/2016\/12\/Kapitalerhoehung-fuer-den-SF-Retail-Properties-Fund-immobilien-business.jpg\" \/>\n<script type=\"application\/ld+json\" class=\"yoast-schema-graph\">{\"@context\":\"https:\\\/\\\/schema.org\",\"@graph\":[{\"@type\":\"Article\",\"@id\":\"https:\\\/\\\/www.immobilienbusiness.ch\\\/allgemein\\\/2016-06-03\\\/kapitalerhoehung-fuer-den-sf-retail-properties-fund\\\/#article\",\"isPartOf\":{\"@id\":\"https:\\\/\\\/www.immobilienbusiness.ch\\\/allgemein\\\/2016-06-03\\\/kapitalerhoehung-fuer-den-sf-retail-properties-fund\\\/\"},\"author\":{\"name\":\"Redaktion\",\"@id\":\"https:\\\/\\\/www.immobilienbusiness.ch\\\/#\\\/schema\\\/person\\\/aa2bace6c5c5aad60102004a50c4eb1c\"},\"headline\":\"Kapitalerh\u00f6hung f\u00fcr den SF Retail Properties Fund\",\"datePublished\":\"2016-06-03T06:29:38+00:00\",\"mainEntityOfPage\":{\"@id\":\"https:\\\/\\\/www.immobilienbusiness.ch\\\/allgemein\\\/2016-06-03\\\/kapitalerhoehung-fuer-den-sf-retail-properties-fund\\\/\"},\"wordCount\":59,\"commentCount\":0,\"publisher\":{\"@id\":\"https:\\\/\\\/www.immobilienbusiness.ch\\\/#organization\"},\"image\":{\"@id\":\"https:\\\/\\\/www.immobilienbusiness.ch\\\/allgemein\\\/2016-06-03\\\/kapitalerhoehung-fuer-den-sf-retail-properties-fund\\\/#primaryimage\"},\"thumbnailUrl\":\"https:\\\/\\\/www.immobilienbusiness.ch\\\/wp-content\\\/uploads\\\/2016\\\/12\\\/Kapitalerhoehung-fuer-den-SF-Retail-Properties-Fund-immobilien-business.jpg\",\"keywords\":[\"Indirekte Immobilienanlagen\"],\"articleSection\":[\"Allgemein\"],\"inLanguage\":\"fr-FR\"},{\"@type\":\"WebPage\",\"@id\":\"https:\\\/\\\/www.immobilienbusiness.ch\\\/allgemein\\\/2016-06-03\\\/kapitalerhoehung-fuer-den-sf-retail-properties-fund\\\/\",\"url\":\"https:\\\/\\\/www.immobilienbusiness.ch\\\/allgemein\\\/2016-06-03\\\/kapitalerhoehung-fuer-den-sf-retail-properties-fund\\\/\",\"name\":\"Kapitalerh\u00f6hung f\u00fcr den SF Retail Properties Fund - IMMOBILIEN Business\",\"isPartOf\":{\"@id\":\"https:\\\/\\\/www.immobilienbusiness.ch\\\/#website\"},\"primaryImageOfPage\":{\"@id\":\"https:\\\/\\\/www.immobilienbusiness.ch\\\/allgemein\\\/2016-06-03\\\/kapitalerhoehung-fuer-den-sf-retail-properties-fund\\\/#primaryimage\"},\"image\":{\"@id\":\"https:\\\/\\\/www.immobilienbusiness.ch\\\/allgemein\\\/2016-06-03\\\/kapitalerhoehung-fuer-den-sf-retail-properties-fund\\\/#primaryimage\"},\"thumbnailUrl\":\"https:\\\/\\\/www.immobilienbusiness.ch\\\/wp-content\\\/uploads\\\/2016\\\/12\\\/Kapitalerhoehung-fuer-den-SF-Retail-Properties-Fund-immobilien-business.jpg\",\"datePublished\":\"2016-06-03T06:29:38+00:00\",\"description\":\"Der Verwaltungsrat der Swiss Finance & Property Funds plant eine Kapitalerh\u00f6hung von 200 Millionen CHF f\u00fcr den SF Retail Properties Fund.\",\"breadcrumb\":{\"@id\":\"https:\\\/\\\/www.immobilienbusiness.ch\\\/allgemein\\\/2016-06-03\\\/kapitalerhoehung-fuer-den-sf-retail-properties-fund\\\/#breadcrumb\"},\"inLanguage\":\"fr-FR\",\"potentialAction\":[{\"@type\":\"ReadAction\",\"target\":[\"https:\\\/\\\/www.immobilienbusiness.ch\\\/allgemein\\\/2016-06-03\\\/kapitalerhoehung-fuer-den-sf-retail-properties-fund\\\/\"]}]},{\"@type\":\"ImageObject\",\"inLanguage\":\"fr-FR\",\"@id\":\"https:\\\/\\\/www.immobilienbusiness.ch\\\/allgemein\\\/2016-06-03\\\/kapitalerhoehung-fuer-den-sf-retail-properties-fund\\\/#primaryimage\",\"url\":\"https:\\\/\\\/www.immobilienbusiness.ch\\\/wp-content\\\/uploads\\\/2016\\\/12\\\/Kapitalerhoehung-fuer-den-SF-Retail-Properties-Fund-immobilien-business.jpg\",\"contentUrl\":\"https:\\\/\\\/www.immobilienbusiness.ch\\\/wp-content\\\/uploads\\\/2016\\\/12\\\/Kapitalerhoehung-fuer-den-SF-Retail-Properties-Fund-immobilien-business.jpg\",\"width\":1280,\"height\":853,\"caption\":\"Der SF Retail Properties Fund hat frische Mittel f\u00fcr Investitionen gewonnen (Foto: Pixabay)\"},{\"@type\":\"BreadcrumbList\",\"@id\":\"https:\\\/\\\/www.immobilienbusiness.ch\\\/allgemein\\\/2016-06-03\\\/kapitalerhoehung-fuer-den-sf-retail-properties-fund\\\/#breadcrumb\",\"itemListElement\":[{\"@type\":\"ListItem\",\"position\":1,\"name\":\"Home\",\"item\":\"https:\\\/\\\/www.immobilienbusiness.ch\\\/\"},{\"@type\":\"ListItem\",\"position\":2,\"name\":\"Kapitalerh\u00f6hung f\u00fcr den SF Retail Properties Fund\"}]},{\"@type\":\"WebSite\",\"@id\":\"https:\\\/\\\/www.immobilienbusiness.ch\\\/#website\",\"url\":\"https:\\\/\\\/www.immobilienbusiness.ch\\\/\",\"name\":\"IMMOBILIEN Business\",\"description\":\"Unabh\u00e4ngiges Schweizer Wirtschaftsmagazin mit Fokus auf Immobilien, Architektur- und Bau sowie Investment- und Finanzierung.\",\"publisher\":{\"@id\":\"https:\\\/\\\/www.immobilienbusiness.ch\\\/#organization\"},\"potentialAction\":[{\"@type\":\"SearchAction\",\"target\":{\"@type\":\"EntryPoint\",\"urlTemplate\":\"https:\\\/\\\/www.immobilienbusiness.ch\\\/?s={search_term_string}\"},\"query-input\":{\"@type\":\"PropertyValueSpecification\",\"valueRequired\":true,\"valueName\":\"search_term_string\"}}],\"inLanguage\":\"fr-FR\"},{\"@type\":\"Organization\",\"@id\":\"https:\\\/\\\/www.immobilienbusiness.ch\\\/#organization\",\"name\":\"IMMOBILIEN Business\",\"url\":\"https:\\\/\\\/www.immobilienbusiness.ch\\\/\",\"logo\":{\"@type\":\"ImageObject\",\"inLanguage\":\"fr-FR\",\"@id\":\"https:\\\/\\\/www.immobilienbusiness.ch\\\/#\\\/schema\\\/logo\\\/image\\\/\",\"url\":\"https:\\\/\\\/www.immobilienbusiness.ch\\\/wp-content\\\/uploads\\\/2021\\\/07\\\/logo_ib.png\",\"contentUrl\":\"https:\\\/\\\/www.immobilienbusiness.ch\\\/wp-content\\\/uploads\\\/2021\\\/07\\\/logo_ib.png\",\"width\":800,\"height\":181,\"caption\":\"IMMOBILIEN Business\"},\"image\":{\"@id\":\"https:\\\/\\\/www.immobilienbusiness.ch\\\/#\\\/schema\\\/logo\\\/image\\\/\"},\"sameAs\":[\"https:\\\/\\\/www.facebook.com\\\/immobilienbusiness\\\/\"]},{\"@type\":\"Person\",\"@id\":\"https:\\\/\\\/www.immobilienbusiness.ch\\\/#\\\/schema\\\/person\\\/aa2bace6c5c5aad60102004a50c4eb1c\",\"name\":\"Redaktion\",\"image\":{\"@type\":\"ImageObject\",\"inLanguage\":\"fr-FR\",\"@id\":\"https:\\\/\\\/secure.gravatar.com\\\/avatar\\\/ae2f4d718e6c49043e314ce431e7e645d646302a24a5ef5a8bc8e3f5a032e319?s=96&d=mm&r=g\",\"url\":\"https:\\\/\\\/secure.gravatar.com\\\/avatar\\\/ae2f4d718e6c49043e314ce431e7e645d646302a24a5ef5a8bc8e3f5a032e319?s=96&d=mm&r=g\",\"contentUrl\":\"https:\\\/\\\/secure.gravatar.com\\\/avatar\\\/ae2f4d718e6c49043e314ce431e7e645d646302a24a5ef5a8bc8e3f5a032e319?s=96&d=mm&r=g\",\"caption\":\"Redaktion\"},\"sameAs\":[\"http:\\\/\\\/develop.organisator.galledia.ch\"],\"url\":\"https:\\\/\\\/www.immobilienbusiness.ch\\\/fr\\\/author\\\/admin\\\/\"}]}<\/script>\n<!-- \/ Yoast SEO plugin. -->","yoast_head_json":{"title":"Augmentation de capital pour le SF Retail Properties Fund - IMMOBILIER Business","description":"Le conseil d'administration de Swiss Finance &amp; Property Funds pr\u00e9voit une augmentation de capital de 200 millions de CHF pour le SF Retail Properties Fund.","robots":{"index":"index","follow":"follow","max-snippet":"max-snippet:-1","max-image-preview":"max-image-preview:large","max-video-preview":"max-video-preview:-1"},"canonical":"https:\/\/www.immobilienbusiness.ch\/fr\/allgemein\/2016-06-03\/kapitalerhoehung-fuer-den-sf-retail-properties-fund\/","og_locale":"fr_FR","og_type":"article","og_title":"Kapitalerh\u00f6hung f\u00fcr den SF Retail Properties Fund","og_description":"Der Verwaltungsrat der Swiss Finance & Property Funds plant eine Kapitalerh\u00f6hung von 200 Millionen CHF f\u00fcr den SF Retail Properties Fund. Die Transaktion soll vom 22. Juni bis 8. Juli 2016 stattfinden und im Verh\u00e4ltnis 4:3 durchgef\u00fchrt werden.","og_url":"https:\/\/www.immobilienbusiness.ch\/fr\/allgemein\/2016-06-03\/kapitalerhoehung-fuer-den-sf-retail-properties-fund\/","og_site_name":"IMMOBILIEN Business","article_publisher":"https:\/\/www.facebook.com\/immobilienbusiness\/","article_published_time":"2016-06-03T06:29:38+00:00","author":"Redaktion","twitter_card":"summary_large_image","twitter_image":"https:\/\/www.immobilienbusiness.ch\/wp-content\/uploads\/2016\/12\/Kapitalerhoehung-fuer-den-SF-Retail-Properties-Fund-immobilien-business.jpg","schema":{"@context":"https:\/\/schema.org","@graph":[{"@type":"Article","@id":"https:\/\/www.immobilienbusiness.ch\/allgemein\/2016-06-03\/kapitalerhoehung-fuer-den-sf-retail-properties-fund\/#article","isPartOf":{"@id":"https:\/\/www.immobilienbusiness.ch\/allgemein\/2016-06-03\/kapitalerhoehung-fuer-den-sf-retail-properties-fund\/"},"author":{"name":"Redaktion","@id":"https:\/\/www.immobilienbusiness.ch\/#\/schema\/person\/aa2bace6c5c5aad60102004a50c4eb1c"},"headline":"Kapitalerh\u00f6hung f\u00fcr den SF Retail Properties Fund","datePublished":"2016-06-03T06:29:38+00:00","mainEntityOfPage":{"@id":"https:\/\/www.immobilienbusiness.ch\/allgemein\/2016-06-03\/kapitalerhoehung-fuer-den-sf-retail-properties-fund\/"},"wordCount":59,"commentCount":0,"publisher":{"@id":"https:\/\/www.immobilienbusiness.ch\/#organization"},"image":{"@id":"https:\/\/www.immobilienbusiness.ch\/allgemein\/2016-06-03\/kapitalerhoehung-fuer-den-sf-retail-properties-fund\/#primaryimage"},"thumbnailUrl":"https:\/\/www.immobilienbusiness.ch\/wp-content\/uploads\/2016\/12\/Kapitalerhoehung-fuer-den-SF-Retail-Properties-Fund-immobilien-business.jpg","keywords":["Indirekte Immobilienanlagen"],"articleSection":["Allgemein"],"inLanguage":"fr-FR"},{"@type":"WebPage","@id":"https:\/\/www.immobilienbusiness.ch\/allgemein\/2016-06-03\/kapitalerhoehung-fuer-den-sf-retail-properties-fund\/","url":"https:\/\/www.immobilienbusiness.ch\/allgemein\/2016-06-03\/kapitalerhoehung-fuer-den-sf-retail-properties-fund\/","name":"Augmentation de capital pour le SF Retail Properties Fund - IMMOBILIER Business","isPartOf":{"@id":"https:\/\/www.immobilienbusiness.ch\/#website"},"primaryImageOfPage":{"@id":"https:\/\/www.immobilienbusiness.ch\/allgemein\/2016-06-03\/kapitalerhoehung-fuer-den-sf-retail-properties-fund\/#primaryimage"},"image":{"@id":"https:\/\/www.immobilienbusiness.ch\/allgemein\/2016-06-03\/kapitalerhoehung-fuer-den-sf-retail-properties-fund\/#primaryimage"},"thumbnailUrl":"https:\/\/www.immobilienbusiness.ch\/wp-content\/uploads\/2016\/12\/Kapitalerhoehung-fuer-den-SF-Retail-Properties-Fund-immobilien-business.jpg","datePublished":"2016-06-03T06:29:38+00:00","description":"Le conseil d'administration de Swiss Finance &amp; Property Funds pr\u00e9voit une augmentation de capital de 200 millions de CHF pour le SF Retail Properties Fund.","breadcrumb":{"@id":"https:\/\/www.immobilienbusiness.ch\/allgemein\/2016-06-03\/kapitalerhoehung-fuer-den-sf-retail-properties-fund\/#breadcrumb"},"inLanguage":"fr-FR","potentialAction":[{"@type":"ReadAction","target":["https:\/\/www.immobilienbusiness.ch\/allgemein\/2016-06-03\/kapitalerhoehung-fuer-den-sf-retail-properties-fund\/"]}]},{"@type":"ImageObject","inLanguage":"fr-FR","@id":"https:\/\/www.immobilienbusiness.ch\/allgemein\/2016-06-03\/kapitalerhoehung-fuer-den-sf-retail-properties-fund\/#primaryimage","url":"https:\/\/www.immobilienbusiness.ch\/wp-content\/uploads\/2016\/12\/Kapitalerhoehung-fuer-den-SF-Retail-Properties-Fund-immobilien-business.jpg","contentUrl":"https:\/\/www.immobilienbusiness.ch\/wp-content\/uploads\/2016\/12\/Kapitalerhoehung-fuer-den-SF-Retail-Properties-Fund-immobilien-business.jpg","width":1280,"height":853,"caption":"Der SF Retail Properties Fund hat frische Mittel f\u00fcr Investitionen gewonnen (Foto: Pixabay)"},{"@type":"BreadcrumbList","@id":"https:\/\/www.immobilienbusiness.ch\/allgemein\/2016-06-03\/kapitalerhoehung-fuer-den-sf-retail-properties-fund\/#breadcrumb","itemListElement":[{"@type":"ListItem","position":1,"name":"Home","item":"https:\/\/www.immobilienbusiness.ch\/"},{"@type":"ListItem","position":2,"name":"Kapitalerh\u00f6hung f\u00fcr den SF Retail Properties Fund"}]},{"@type":"WebSite","@id":"https:\/\/www.immobilienbusiness.ch\/#website","url":"https:\/\/www.immobilienbusiness.ch\/","name":"IMMOBILIER Business","description":"Magazine \u00e9conomique suisse ind\u00e9pendant ax\u00e9 sur l'immobilier, l'architecture et la construction ainsi que sur les investissements et le financement.","publisher":{"@id":"https:\/\/www.immobilienbusiness.ch\/#organization"},"potentialAction":[{"@type":"SearchAction","target":{"@type":"EntryPoint","urlTemplate":"https:\/\/www.immobilienbusiness.ch\/?s={search_term_string}"},"query-input":{"@type":"PropertyValueSpecification","valueRequired":true,"valueName":"search_term_string"}}],"inLanguage":"fr-FR"},{"@type":"Organization","@id":"https:\/\/www.immobilienbusiness.ch\/#organization","name":"IMMOBILIER Business","url":"https:\/\/www.immobilienbusiness.ch\/","logo":{"@type":"ImageObject","inLanguage":"fr-FR","@id":"https:\/\/www.immobilienbusiness.ch\/#\/schema\/logo\/image\/","url":"https:\/\/www.immobilienbusiness.ch\/wp-content\/uploads\/2021\/07\/logo_ib.png","contentUrl":"https:\/\/www.immobilienbusiness.ch\/wp-content\/uploads\/2021\/07\/logo_ib.png","width":800,"height":181,"caption":"IMMOBILIEN Business"},"image":{"@id":"https:\/\/www.immobilienbusiness.ch\/#\/schema\/logo\/image\/"},"sameAs":["https:\/\/www.facebook.com\/immobilienbusiness\/"]},{"@type":"Person","@id":"https:\/\/www.immobilienbusiness.ch\/#\/schema\/person\/aa2bace6c5c5aad60102004a50c4eb1c","name":"Editorial","image":{"@type":"ImageObject","inLanguage":"fr-FR","@id":"https:\/\/secure.gravatar.com\/avatar\/ae2f4d718e6c49043e314ce431e7e645d646302a24a5ef5a8bc8e3f5a032e319?s=96&d=mm&r=g","url":"https:\/\/secure.gravatar.com\/avatar\/ae2f4d718e6c49043e314ce431e7e645d646302a24a5ef5a8bc8e3f5a032e319?s=96&d=mm&r=g","contentUrl":"https:\/\/secure.gravatar.com\/avatar\/ae2f4d718e6c49043e314ce431e7e645d646302a24a5ef5a8bc8e3f5a032e319?s=96&d=mm&r=g","caption":"Redaktion"},"sameAs":["http:\/\/develop.organisator.galledia.ch"],"url":"https:\/\/www.immobilienbusiness.ch\/fr\/author\/admin\/"}]}},"_links":{"self":[{"href":"https:\/\/www.immobilienbusiness.ch\/fr\/wp-json\/wp\/v2\/posts\/3955","targetHints":{"allow":["GET"]}}],"collection":[{"href":"https:\/\/www.immobilienbusiness.ch\/fr\/wp-json\/wp\/v2\/posts"}],"about":[{"href":"https:\/\/www.immobilienbusiness.ch\/fr\/wp-json\/wp\/v2\/types\/post"}],"author":[{"embeddable":true,"href":"https:\/\/www.immobilienbusiness.ch\/fr\/wp-json\/wp\/v2\/users\/1"}],"replies":[{"embeddable":true,"href":"https:\/\/www.immobilienbusiness.ch\/fr\/wp-json\/wp\/v2\/comments?post=3955"}],"version-history":[{"count":0,"href":"https:\/\/www.immobilienbusiness.ch\/fr\/wp-json\/wp\/v2\/posts\/3955\/revisions"}],"wp:featuredmedia":[{"embeddable":true,"href":"https:\/\/www.immobilienbusiness.ch\/fr\/wp-json\/wp\/v2\/media\/3956"}],"wp:attachment":[{"href":"https:\/\/www.immobilienbusiness.ch\/fr\/wp-json\/wp\/v2\/media?parent=3955"}],"wp:term":[{"taxonomy":"category","embeddable":true,"href":"https:\/\/www.immobilienbusiness.ch\/fr\/wp-json\/wp\/v2\/categories?post=3955"},{"taxonomy":"post_tag","embeddable":true,"href":"https:\/\/www.immobilienbusiness.ch\/fr\/wp-json\/wp\/v2\/tags?post=3955"}],"curies":[{"name":"wp","href":"https:\/\/api.w.org\/{rel}","templated":true}]}}