{"id":39456,"date":"2021-12-14T08:46:34","date_gmt":"2021-12-14T07:46:34","guid":{"rendered":"https:\/\/www.immobilienbusiness.ch\/?p=39456"},"modified":"2021-12-16T09:59:52","modified_gmt":"2021-12-16T08:59:52","slug":"luzern-stadt-sucht-investor-fuer-areal-bodenhof","status":"publish","type":"post","link":"https:\/\/www.immobilienbusiness.ch\/fr\/regionen\/2021-12-14\/luzern-stadt-sucht-investor-fuer-areal-bodenhof\/","title":{"rendered":"Lucerne : la ville cherche un investisseur pour le site de Bodenhof"},"content":{"rendered":"<figure id=\"attachment_13266\" aria-describedby=\"caption-attachment-13266\" style=\"width: 1000px\" class=\"wp-caption alignnone\"><img loading=\"lazy\" decoding=\"async\" class=\"wp-image-13266 size-full\" src=\"https:\/\/www.immobilienbusiness.ch\/wp-content\/uploads\/2018\/07\/Depositphotos_10731714_m-2015.jpg\" alt=\"\" width=\"1000\" height=\"667\" srcset=\"https:\/\/www.immobilienbusiness.ch\/wp-content\/uploads\/2018\/07\/Depositphotos_10731714_m-2015.jpg 1000w, https:\/\/www.immobilienbusiness.ch\/wp-content\/uploads\/2018\/07\/Depositphotos_10731714_m-2015-300x200.jpg 300w, https:\/\/www.immobilienbusiness.ch\/wp-content\/uploads\/2018\/07\/Depositphotos_10731714_m-2015-768x512.jpg 768w, https:\/\/www.immobilienbusiness.ch\/wp-content\/uploads\/2018\/07\/Depositphotos_10731714_m-2015-16x12.jpg 16w, https:\/\/www.immobilienbusiness.ch\/wp-content\/uploads\/2018\/07\/Depositphotos_10731714_m-2015-262x175.jpg 262w, https:\/\/www.immobilienbusiness.ch\/wp-content\/uploads\/2018\/07\/Depositphotos_10731714_m-2015-525x350.jpg 525w, https:\/\/www.immobilienbusiness.ch\/wp-content\/uploads\/2018\/07\/Depositphotos_10731714_m-2015-920x614.jpg 920w\" sizes=\"auto, (max-width: 1000px) 100vw, 1000px\" \/><figcaption id=\"caption-attachment-13266\" class=\"wp-caption-text\">La ville de Lucerne veut d\u00e9velopper le site de Bodenhof (Image : pressmaster - depositphotos)<\/figcaption><\/figure>\n<p>La ville de Lucerne souhaite c\u00e9der en droit de superficie, d'ici 2024, le terrain de 11 130 m\u00b2 situ\u00e9 dans la zone industrielle de Bodenhof. Elle a acquis ce terrain en 2013 en tant que r\u00e9serve fonci\u00e8re strat\u00e9gique. La ville esp\u00e8re y attirer des entreprises de production, d'artisanat et de services. Selon une \u00e9tude de volume, une surface brute de plancher d'environ 25.000 m\u00b2 est possible sur le terrain. Il serait possible de cr\u00e9er des constructions avec des plans flexibles qui conviendraient aussi bien \u00e0 des locaux commerciaux qu'\u00e0 des bureaux, fait savoir la ville.<\/p>\n<p>L'estimation de la valeur du terrain a donn\u00e9 une valeur fonci\u00e8re de 7,96 millions de CHF, ce qui, selon le calcul des int\u00e9r\u00eats de la ville, donne une rente annuelle minimale du droit de superficie de 218 900 CHF, pr\u00e9cise la ville de Lucerne. Les personnes int\u00e9ress\u00e9es peuvent soumettre une offre pour la rente du droit de superficie et un concept de d\u00e9veloppement jusqu'\u00e0 fin ao\u00fbt 2022. <em>(ah)<\/em><\/p>","protected":false},"excerpt":{"rendered":"<p>La ville de Lucerne veut c\u00e9der en droit de superficie le site de Bodenhof dans le Littauerboden. Des entreprises de production, d'artisanat ou de services devraient s'y installer.<\/p>","protected":false},"author":3,"featured_media":13266,"comment_status":"closed","ping_status":"closed","sticky":false,"template":"","format":"standard","meta":{"_acf_changed":false,"_yoast_wpseo_focuskw":"Bodenhof","_yoast_wpseo_title":"","_yoast_wpseo_metadesc":"Die Stadt Luzern will das Areal Bodenhof im Littauerboden im Baurecht abgeben. Dort sollen sich Gewerbe- oder Dienstleistungsunternehmen ansiedeln.","_yoast_wpseo_linkdex":56,"pgc_sgb_lightbox_settings":"","footnotes":""},"categories":[985],"tags":[1459,1827],"class_list":["post-39456","post","type-post","status-publish","format-standard","has-post-thumbnail","hentry","category-regionen","tag-luzern","tag-verfuegbare-flaechen"],"acf":[],"yoast_head":"<!-- This site is optimized with the Yoast SEO plugin v27.4 - https:\/\/yoast.com\/product\/yoast-seo-wordpress\/ -->\n<title>Luzern: Stadt sucht Investor f\u00fcr Areal Bodenhof - IMMOBILIEN Business<\/title>\n<meta name=\"description\" content=\"Die Stadt Luzern will das Areal Bodenhof im Littauerboden im Baurecht abgeben. Dort sollen sich Gewerbe- oder Dienstleistungsunternehmen ansiedeln.\" \/>\n<meta name=\"robots\" content=\"index, follow, max-snippet:-1, max-image-preview:large, max-video-preview:-1\" \/>\n<link rel=\"canonical\" href=\"https:\/\/www.immobilienbusiness.ch\/fr\/regionen\/2021-12-14\/luzern-stadt-sucht-investor-fuer-areal-bodenhof\/\" \/>\n<meta property=\"og:locale\" content=\"fr_FR\" \/>\n<meta property=\"og:type\" content=\"article\" \/>\n<meta property=\"og:title\" content=\"Luzern: Stadt sucht Investor f\u00fcr Areal Bodenhof - IMMOBILIEN Business\" \/>\n<meta property=\"og:description\" content=\"Die Stadt Luzern will das Areal Bodenhof im Littauerboden im Baurecht abgeben. Dort sollen sich Gewerbe- oder Dienstleistungsunternehmen ansiedeln.\" \/>\n<meta property=\"og:url\" content=\"https:\/\/www.immobilienbusiness.ch\/fr\/regionen\/2021-12-14\/luzern-stadt-sucht-investor-fuer-areal-bodenhof\/\" \/>\n<meta property=\"og:site_name\" content=\"IMMOBILIEN Business\" \/>\n<meta property=\"article:publisher\" content=\"https:\/\/www.facebook.com\/immobilienbusiness\/\" \/>\n<meta property=\"article:published_time\" content=\"2021-12-14T07:46:34+00:00\" \/>\n<meta property=\"article:modified_time\" content=\"2021-12-16T08:59:52+00:00\" \/>\n<meta property=\"og:image\" content=\"https:\/\/www.immobilienbusiness.ch\/wp-content\/uploads\/2018\/07\/Depositphotos_10731714_m-2015.jpg\" \/>\n\t<meta property=\"og:image:width\" content=\"1000\" \/>\n\t<meta property=\"og:image:height\" content=\"667\" \/>\n\t<meta property=\"og:image:type\" content=\"image\/jpeg\" \/>\n<meta name=\"author\" content=\"anja.hall\" \/>\n<meta name=\"twitter:card\" content=\"summary_large_image\" \/>\n<meta name=\"twitter:image\" content=\"https:\/\/www.immobilienbusiness.ch\/wp-content\/uploads\/2018\/07\/Depositphotos_10731714_m-2015.jpg\" \/>\n<script type=\"application\/ld+json\" class=\"yoast-schema-graph\">{\"@context\":\"https:\\\/\\\/schema.org\",\"@graph\":[{\"@type\":\"Article\",\"@id\":\"https:\\\/\\\/www.immobilienbusiness.ch\\\/en\\\/regionen\\\/2021-12-14\\\/luzern-stadt-sucht-investor-fuer-areal-bodenhof\\\/#article\",\"isPartOf\":{\"@id\":\"https:\\\/\\\/www.immobilienbusiness.ch\\\/en\\\/regionen\\\/2021-12-14\\\/luzern-stadt-sucht-investor-fuer-areal-bodenhof\\\/\"},\"author\":{\"name\":\"anja.hall\",\"@id\":\"https:\\\/\\\/www.immobilienbusiness.ch\\\/#\\\/schema\\\/person\\\/3fc036297b10b9f42d6db5ee932af8c8\"},\"headline\":\"Luzern: Stadt sucht Investor f\u00fcr Areal Bodenhof\",\"datePublished\":\"2021-12-14T07:46:34+00:00\",\"dateModified\":\"2021-12-16T08:59:52+00:00\",\"mainEntityOfPage\":{\"@id\":\"https:\\\/\\\/www.immobilienbusiness.ch\\\/en\\\/regionen\\\/2021-12-14\\\/luzern-stadt-sucht-investor-fuer-areal-bodenhof\\\/\"},\"wordCount\":152,\"publisher\":{\"@id\":\"https:\\\/\\\/www.immobilienbusiness.ch\\\/#organization\"},\"image\":{\"@id\":\"https:\\\/\\\/www.immobilienbusiness.ch\\\/en\\\/regionen\\\/2021-12-14\\\/luzern-stadt-sucht-investor-fuer-areal-bodenhof\\\/#primaryimage\"},\"thumbnailUrl\":\"https:\\\/\\\/www.immobilienbusiness.ch\\\/wp-content\\\/uploads\\\/2018\\\/07\\\/Depositphotos_10731714_m-2015.jpg\",\"keywords\":[\"Luzern\",\"Verf\u00fcgbare Fl\u00e4chen\"],\"articleSection\":[\"REGIONEN\"],\"inLanguage\":\"fr-FR\"},{\"@type\":\"WebPage\",\"@id\":\"https:\\\/\\\/www.immobilienbusiness.ch\\\/en\\\/regionen\\\/2021-12-14\\\/luzern-stadt-sucht-investor-fuer-areal-bodenhof\\\/\",\"url\":\"https:\\\/\\\/www.immobilienbusiness.ch\\\/en\\\/regionen\\\/2021-12-14\\\/luzern-stadt-sucht-investor-fuer-areal-bodenhof\\\/\",\"name\":\"Luzern: Stadt sucht Investor f\u00fcr Areal Bodenhof - IMMOBILIEN Business\",\"isPartOf\":{\"@id\":\"https:\\\/\\\/www.immobilienbusiness.ch\\\/#website\"},\"primaryImageOfPage\":{\"@id\":\"https:\\\/\\\/www.immobilienbusiness.ch\\\/en\\\/regionen\\\/2021-12-14\\\/luzern-stadt-sucht-investor-fuer-areal-bodenhof\\\/#primaryimage\"},\"image\":{\"@id\":\"https:\\\/\\\/www.immobilienbusiness.ch\\\/en\\\/regionen\\\/2021-12-14\\\/luzern-stadt-sucht-investor-fuer-areal-bodenhof\\\/#primaryimage\"},\"thumbnailUrl\":\"https:\\\/\\\/www.immobilienbusiness.ch\\\/wp-content\\\/uploads\\\/2018\\\/07\\\/Depositphotos_10731714_m-2015.jpg\",\"datePublished\":\"2021-12-14T07:46:34+00:00\",\"dateModified\":\"2021-12-16T08:59:52+00:00\",\"description\":\"Die Stadt Luzern will das Areal Bodenhof im Littauerboden im Baurecht abgeben. Dort sollen sich Gewerbe- oder Dienstleistungsunternehmen ansiedeln.\",\"breadcrumb\":{\"@id\":\"https:\\\/\\\/www.immobilienbusiness.ch\\\/en\\\/regionen\\\/2021-12-14\\\/luzern-stadt-sucht-investor-fuer-areal-bodenhof\\\/#breadcrumb\"},\"inLanguage\":\"fr-FR\",\"potentialAction\":[{\"@type\":\"ReadAction\",\"target\":[\"https:\\\/\\\/www.immobilienbusiness.ch\\\/en\\\/regionen\\\/2021-12-14\\\/luzern-stadt-sucht-investor-fuer-areal-bodenhof\\\/\"]}]},{\"@type\":\"ImageObject\",\"inLanguage\":\"fr-FR\",\"@id\":\"https:\\\/\\\/www.immobilienbusiness.ch\\\/en\\\/regionen\\\/2021-12-14\\\/luzern-stadt-sucht-investor-fuer-areal-bodenhof\\\/#primaryimage\",\"url\":\"https:\\\/\\\/www.immobilienbusiness.ch\\\/wp-content\\\/uploads\\\/2018\\\/07\\\/Depositphotos_10731714_m-2015.jpg\",\"contentUrl\":\"https:\\\/\\\/www.immobilienbusiness.ch\\\/wp-content\\\/uploads\\\/2018\\\/07\\\/Depositphotos_10731714_m-2015.jpg\",\"width\":1000,\"height\":667,\"caption\":\"(Bild: pressmaster - depositphotos)\"},{\"@type\":\"BreadcrumbList\",\"@id\":\"https:\\\/\\\/www.immobilienbusiness.ch\\\/en\\\/regionen\\\/2021-12-14\\\/luzern-stadt-sucht-investor-fuer-areal-bodenhof\\\/#breadcrumb\",\"itemListElement\":[{\"@type\":\"ListItem\",\"position\":1,\"name\":\"Home\",\"item\":\"https:\\\/\\\/www.immobilienbusiness.ch\\\/\"},{\"@type\":\"ListItem\",\"position\":2,\"name\":\"Luzern: Stadt sucht Investor f\u00fcr Areal Bodenhof\"}]},{\"@type\":\"WebSite\",\"@id\":\"https:\\\/\\\/www.immobilienbusiness.ch\\\/#website\",\"url\":\"https:\\\/\\\/www.immobilienbusiness.ch\\\/\",\"name\":\"IMMOBILIEN Business\",\"description\":\"Unabh\u00e4ngiges Schweizer Wirtschaftsmagazin mit Fokus auf Immobilien, Architektur- und Bau sowie Investment- und Finanzierung.\",\"publisher\":{\"@id\":\"https:\\\/\\\/www.immobilienbusiness.ch\\\/#organization\"},\"potentialAction\":[{\"@type\":\"SearchAction\",\"target\":{\"@type\":\"EntryPoint\",\"urlTemplate\":\"https:\\\/\\\/www.immobilienbusiness.ch\\\/?s={search_term_string}\"},\"query-input\":{\"@type\":\"PropertyValueSpecification\",\"valueRequired\":true,\"valueName\":\"search_term_string\"}}],\"inLanguage\":\"fr-FR\"},{\"@type\":\"Organization\",\"@id\":\"https:\\\/\\\/www.immobilienbusiness.ch\\\/#organization\",\"name\":\"IMMOBILIEN Business\",\"url\":\"https:\\\/\\\/www.immobilienbusiness.ch\\\/\",\"logo\":{\"@type\":\"ImageObject\",\"inLanguage\":\"fr-FR\",\"@id\":\"https:\\\/\\\/www.immobilienbusiness.ch\\\/#\\\/schema\\\/logo\\\/image\\\/\",\"url\":\"https:\\\/\\\/www.immobilienbusiness.ch\\\/wp-content\\\/uploads\\\/2021\\\/07\\\/logo_ib.png\",\"contentUrl\":\"https:\\\/\\\/www.immobilienbusiness.ch\\\/wp-content\\\/uploads\\\/2021\\\/07\\\/logo_ib.png\",\"width\":800,\"height\":181,\"caption\":\"IMMOBILIEN Business\"},\"image\":{\"@id\":\"https:\\\/\\\/www.immobilienbusiness.ch\\\/#\\\/schema\\\/logo\\\/image\\\/\"},\"sameAs\":[\"https:\\\/\\\/www.facebook.com\\\/immobilienbusiness\\\/\"]},{\"@type\":\"Person\",\"@id\":\"https:\\\/\\\/www.immobilienbusiness.ch\\\/#\\\/schema\\\/person\\\/3fc036297b10b9f42d6db5ee932af8c8\",\"name\":\"anja.hall\",\"image\":{\"@type\":\"ImageObject\",\"inLanguage\":\"fr-FR\",\"@id\":\"https:\\\/\\\/secure.gravatar.com\\\/avatar\\\/066b5a0d447013502c71a5782f4f3469f03cfe595cc2329fb94652fe47511bfb?s=96&d=mm&r=g\",\"url\":\"https:\\\/\\\/secure.gravatar.com\\\/avatar\\\/066b5a0d447013502c71a5782f4f3469f03cfe595cc2329fb94652fe47511bfb?s=96&d=mm&r=g\",\"contentUrl\":\"https:\\\/\\\/secure.gravatar.com\\\/avatar\\\/066b5a0d447013502c71a5782f4f3469f03cfe595cc2329fb94652fe47511bfb?s=96&d=mm&r=g\",\"caption\":\"anja.hall\"},\"url\":\"https:\\\/\\\/www.immobilienbusiness.ch\\\/fr\\\/author\\\/anja-hall\\\/\"}]}<\/script>\n<!-- \/ Yoast SEO plugin. -->","yoast_head_json":{"title":"Luzern: Stadt sucht Investor f\u00fcr Areal Bodenhof - IMMOBILIEN Business","description":"Die Stadt Luzern will das Areal Bodenhof im Littauerboden im Baurecht abgeben. Dort sollen sich Gewerbe- oder Dienstleistungsunternehmen ansiedeln.","robots":{"index":"index","follow":"follow","max-snippet":"max-snippet:-1","max-image-preview":"max-image-preview:large","max-video-preview":"max-video-preview:-1"},"canonical":"https:\/\/www.immobilienbusiness.ch\/fr\/regionen\/2021-12-14\/luzern-stadt-sucht-investor-fuer-areal-bodenhof\/","og_locale":"fr_FR","og_type":"article","og_title":"Luzern: Stadt sucht Investor f\u00fcr Areal Bodenhof - IMMOBILIEN Business","og_description":"Die Stadt Luzern will das Areal Bodenhof im Littauerboden im Baurecht abgeben. Dort sollen sich Gewerbe- oder Dienstleistungsunternehmen ansiedeln.","og_url":"https:\/\/www.immobilienbusiness.ch\/fr\/regionen\/2021-12-14\/luzern-stadt-sucht-investor-fuer-areal-bodenhof\/","og_site_name":"IMMOBILIEN Business","article_publisher":"https:\/\/www.facebook.com\/immobilienbusiness\/","article_published_time":"2021-12-14T07:46:34+00:00","article_modified_time":"2021-12-16T08:59:52+00:00","og_image":[{"width":1000,"height":667,"url":"https:\/\/www.immobilienbusiness.ch\/wp-content\/uploads\/2018\/07\/Depositphotos_10731714_m-2015.jpg","type":"image\/jpeg"}],"author":"anja.hall","twitter_card":"summary_large_image","twitter_image":"https:\/\/www.immobilienbusiness.ch\/wp-content\/uploads\/2018\/07\/Depositphotos_10731714_m-2015.jpg","schema":{"@context":"https:\/\/schema.org","@graph":[{"@type":"Article","@id":"https:\/\/www.immobilienbusiness.ch\/en\/regionen\/2021-12-14\/luzern-stadt-sucht-investor-fuer-areal-bodenhof\/#article","isPartOf":{"@id":"https:\/\/www.immobilienbusiness.ch\/en\/regionen\/2021-12-14\/luzern-stadt-sucht-investor-fuer-areal-bodenhof\/"},"author":{"name":"anja.hall","@id":"https:\/\/www.immobilienbusiness.ch\/#\/schema\/person\/3fc036297b10b9f42d6db5ee932af8c8"},"headline":"Luzern: Stadt sucht Investor f\u00fcr Areal Bodenhof","datePublished":"2021-12-14T07:46:34+00:00","dateModified":"2021-12-16T08:59:52+00:00","mainEntityOfPage":{"@id":"https:\/\/www.immobilienbusiness.ch\/en\/regionen\/2021-12-14\/luzern-stadt-sucht-investor-fuer-areal-bodenhof\/"},"wordCount":152,"publisher":{"@id":"https:\/\/www.immobilienbusiness.ch\/#organization"},"image":{"@id":"https:\/\/www.immobilienbusiness.ch\/en\/regionen\/2021-12-14\/luzern-stadt-sucht-investor-fuer-areal-bodenhof\/#primaryimage"},"thumbnailUrl":"https:\/\/www.immobilienbusiness.ch\/wp-content\/uploads\/2018\/07\/Depositphotos_10731714_m-2015.jpg","keywords":["Luzern","Verf\u00fcgbare Fl\u00e4chen"],"articleSection":["REGIONEN"],"inLanguage":"fr-FR"},{"@type":"WebPage","@id":"https:\/\/www.immobilienbusiness.ch\/en\/regionen\/2021-12-14\/luzern-stadt-sucht-investor-fuer-areal-bodenhof\/","url":"https:\/\/www.immobilienbusiness.ch\/en\/regionen\/2021-12-14\/luzern-stadt-sucht-investor-fuer-areal-bodenhof\/","name":"Luzern: Stadt sucht Investor f\u00fcr Areal Bodenhof - IMMOBILIEN Business","isPartOf":{"@id":"https:\/\/www.immobilienbusiness.ch\/#website"},"primaryImageOfPage":{"@id":"https:\/\/www.immobilienbusiness.ch\/en\/regionen\/2021-12-14\/luzern-stadt-sucht-investor-fuer-areal-bodenhof\/#primaryimage"},"image":{"@id":"https:\/\/www.immobilienbusiness.ch\/en\/regionen\/2021-12-14\/luzern-stadt-sucht-investor-fuer-areal-bodenhof\/#primaryimage"},"thumbnailUrl":"https:\/\/www.immobilienbusiness.ch\/wp-content\/uploads\/2018\/07\/Depositphotos_10731714_m-2015.jpg","datePublished":"2021-12-14T07:46:34+00:00","dateModified":"2021-12-16T08:59:52+00:00","description":"Die Stadt Luzern will das Areal Bodenhof im Littauerboden im Baurecht abgeben. Dort sollen sich Gewerbe- oder Dienstleistungsunternehmen ansiedeln.","breadcrumb":{"@id":"https:\/\/www.immobilienbusiness.ch\/en\/regionen\/2021-12-14\/luzern-stadt-sucht-investor-fuer-areal-bodenhof\/#breadcrumb"},"inLanguage":"fr-FR","potentialAction":[{"@type":"ReadAction","target":["https:\/\/www.immobilienbusiness.ch\/en\/regionen\/2021-12-14\/luzern-stadt-sucht-investor-fuer-areal-bodenhof\/"]}]},{"@type":"ImageObject","inLanguage":"fr-FR","@id":"https:\/\/www.immobilienbusiness.ch\/en\/regionen\/2021-12-14\/luzern-stadt-sucht-investor-fuer-areal-bodenhof\/#primaryimage","url":"https:\/\/www.immobilienbusiness.ch\/wp-content\/uploads\/2018\/07\/Depositphotos_10731714_m-2015.jpg","contentUrl":"https:\/\/www.immobilienbusiness.ch\/wp-content\/uploads\/2018\/07\/Depositphotos_10731714_m-2015.jpg","width":1000,"height":667,"caption":"(Bild: pressmaster - depositphotos)"},{"@type":"BreadcrumbList","@id":"https:\/\/www.immobilienbusiness.ch\/en\/regionen\/2021-12-14\/luzern-stadt-sucht-investor-fuer-areal-bodenhof\/#breadcrumb","itemListElement":[{"@type":"ListItem","position":1,"name":"Home","item":"https:\/\/www.immobilienbusiness.ch\/"},{"@type":"ListItem","position":2,"name":"Luzern: Stadt sucht Investor f\u00fcr Areal Bodenhof"}]},{"@type":"WebSite","@id":"https:\/\/www.immobilienbusiness.ch\/#website","url":"https:\/\/www.immobilienbusiness.ch\/","name":"IMMOBILIER Business","description":"Magazine \u00e9conomique suisse ind\u00e9pendant ax\u00e9 sur l'immobilier, l'architecture et la construction ainsi que sur les investissements et le financement.","publisher":{"@id":"https:\/\/www.immobilienbusiness.ch\/#organization"},"potentialAction":[{"@type":"SearchAction","target":{"@type":"EntryPoint","urlTemplate":"https:\/\/www.immobilienbusiness.ch\/?s={search_term_string}"},"query-input":{"@type":"PropertyValueSpecification","valueRequired":true,"valueName":"search_term_string"}}],"inLanguage":"fr-FR"},{"@type":"Organization","@id":"https:\/\/www.immobilienbusiness.ch\/#organization","name":"IMMOBILIER Business","url":"https:\/\/www.immobilienbusiness.ch\/","logo":{"@type":"ImageObject","inLanguage":"fr-FR","@id":"https:\/\/www.immobilienbusiness.ch\/#\/schema\/logo\/image\/","url":"https:\/\/www.immobilienbusiness.ch\/wp-content\/uploads\/2021\/07\/logo_ib.png","contentUrl":"https:\/\/www.immobilienbusiness.ch\/wp-content\/uploads\/2021\/07\/logo_ib.png","width":800,"height":181,"caption":"IMMOBILIEN Business"},"image":{"@id":"https:\/\/www.immobilienbusiness.ch\/#\/schema\/logo\/image\/"},"sameAs":["https:\/\/www.facebook.com\/immobilienbusiness\/"]},{"@type":"Person","@id":"https:\/\/www.immobilienbusiness.ch\/#\/schema\/person\/3fc036297b10b9f42d6db5ee932af8c8","name":"anja.hall","image":{"@type":"ImageObject","inLanguage":"fr-FR","@id":"https:\/\/secure.gravatar.com\/avatar\/066b5a0d447013502c71a5782f4f3469f03cfe595cc2329fb94652fe47511bfb?s=96&d=mm&r=g","url":"https:\/\/secure.gravatar.com\/avatar\/066b5a0d447013502c71a5782f4f3469f03cfe595cc2329fb94652fe47511bfb?s=96&d=mm&r=g","contentUrl":"https:\/\/secure.gravatar.com\/avatar\/066b5a0d447013502c71a5782f4f3469f03cfe595cc2329fb94652fe47511bfb?s=96&d=mm&r=g","caption":"anja.hall"},"url":"https:\/\/www.immobilienbusiness.ch\/fr\/author\/anja-hall\/"}]}},"_links":{"self":[{"href":"https:\/\/www.immobilienbusiness.ch\/fr\/wp-json\/wp\/v2\/posts\/39456","targetHints":{"allow":["GET"]}}],"collection":[{"href":"https:\/\/www.immobilienbusiness.ch\/fr\/wp-json\/wp\/v2\/posts"}],"about":[{"href":"https:\/\/www.immobilienbusiness.ch\/fr\/wp-json\/wp\/v2\/types\/post"}],"author":[{"embeddable":true,"href":"https:\/\/www.immobilienbusiness.ch\/fr\/wp-json\/wp\/v2\/users\/3"}],"replies":[{"embeddable":true,"href":"https:\/\/www.immobilienbusiness.ch\/fr\/wp-json\/wp\/v2\/comments?post=39456"}],"version-history":[{"count":2,"href":"https:\/\/www.immobilienbusiness.ch\/fr\/wp-json\/wp\/v2\/posts\/39456\/revisions"}],"predecessor-version":[{"id":39483,"href":"https:\/\/www.immobilienbusiness.ch\/fr\/wp-json\/wp\/v2\/posts\/39456\/revisions\/39483"}],"wp:featuredmedia":[{"embeddable":true,"href":"https:\/\/www.immobilienbusiness.ch\/fr\/wp-json\/wp\/v2\/media\/13266"}],"wp:attachment":[{"href":"https:\/\/www.immobilienbusiness.ch\/fr\/wp-json\/wp\/v2\/media?parent=39456"}],"wp:term":[{"taxonomy":"category","embeddable":true,"href":"https:\/\/www.immobilienbusiness.ch\/fr\/wp-json\/wp\/v2\/categories?post=39456"},{"taxonomy":"post_tag","embeddable":true,"href":"https:\/\/www.immobilienbusiness.ch\/fr\/wp-json\/wp\/v2\/tags?post=39456"}],"curies":[{"name":"wp","href":"https:\/\/api.w.org\/{rel}","templated":true}]}}