{"id":39451,"date":"2021-12-14T08:59:42","date_gmt":"2021-12-14T07:59:42","guid":{"rendered":"https:\/\/www.immobilienbusiness.ch\/?p=39451"},"modified":"2023-08-08T19:53:27","modified_gmt":"2023-08-08T17:53:27","slug":"zuerich-erres-kauft-entwicklungsgrundstueck","status":"publish","type":"post","link":"https:\/\/www.immobilienbusiness.ch\/fr\/regionen\/2021-12-14\/zuerich-erres-kauft-entwicklungsgrundstueck\/","title":{"rendered":"Zurich : Erres ach\u00e8te un terrain de d\u00e9veloppement"},"content":{"rendered":"<div class=\"quickedit-field\" data-quickedit-field-id=\"node\/6619\/field_content\/de\/full\">\n<div>\n<div class=\"paragraph paragraph--type--text paragraph--view-mode--default\" data-quickedit-entity-id=\"paragraph\/6799\" data-quickedit-entity-instance-id=\"0\">\n<div data-quickedit-field-id=\"paragraph\/6799\/field_text\/de\/default\">\n<figure id=\"attachment_8094\" aria-describedby=\"caption-attachment-8094\" style=\"width: 1000px\" class=\"wp-caption alignnone\"><img loading=\"lazy\" decoding=\"async\" class=\"wp-image-8094 size-full\" src=\"https:\/\/www.immobilienbusiness.ch\/wp-content\/uploads\/2017\/06\/Depositphotos_53801155_m-2015.jpg\" alt=\"Erres Z\u00fcrich\" width=\"1000\" height=\"667\" srcset=\"https:\/\/www.immobilienbusiness.ch\/wp-content\/uploads\/2017\/06\/Depositphotos_53801155_m-2015.jpg 1000w, https:\/\/www.immobilienbusiness.ch\/wp-content\/uploads\/2017\/06\/Depositphotos_53801155_m-2015-300x200.jpg 300w, https:\/\/www.immobilienbusiness.ch\/wp-content\/uploads\/2017\/06\/Depositphotos_53801155_m-2015-768x512.jpg 768w, https:\/\/www.immobilienbusiness.ch\/wp-content\/uploads\/2017\/06\/Depositphotos_53801155_m-2015-16x12.jpg 16w, https:\/\/www.immobilienbusiness.ch\/wp-content\/uploads\/2017\/06\/Depositphotos_53801155_m-2015-262x175.jpg 262w, https:\/\/www.immobilienbusiness.ch\/wp-content\/uploads\/2017\/06\/Depositphotos_53801155_m-2015-525x350.jpg 525w, https:\/\/www.immobilienbusiness.ch\/wp-content\/uploads\/2017\/06\/Depositphotos_53801155_m-2015-920x614.jpg 920w\" sizes=\"auto, (max-width: 1000px) 100vw, 1000px\" \/><figcaption id=\"caption-attachment-8094\" class=\"wp-caption-text\">Erres ach\u00e8te \u00e0 Zurich (photo : pressmaster - depositphotos)<\/figcaption><\/figure>\n<p>Les immeubles acquis par Edmond de Rothschild Real Estate SICAV (Erres) \u00e0 Zurich sont les terrains de la Hohlstrasse 176 et 186-188. Le fonds souhaite transformer les b\u00e2timents commerciaux existants en un ensemble r\u00e9sidentiel.<\/p>\n<p>Selon Erres, cet achat repr\u00e9sente une \"excellente opportunit\u00e9\" de se positionner strat\u00e9giquement sur le march\u00e9 du logement zurichois. L'emplacement au sein du Kreis 4 est tr\u00e8s bien situ\u00e9, la zone est en pleine mutation et la revitalisation contribuera \u00e0 l'augmentation de la popularit\u00e9 de ce quartier, est-on convaincu.<\/p>\n<p>Les immeubles commerciaux existants sont enti\u00e8rement lou\u00e9s jusqu'\u00e0 fin 2024, apr\u00e8s quoi le projet de d\u00e9veloppement doit \u00eatre lanc\u00e9. Erres pr\u00e9voit un investissement total d'environ 200 millions de CHF sur une p\u00e9riode de trois \u00e0 six ans. <em>(ah)<\/em><\/p>\n<\/div>\n<\/div>\n<\/div>\n<\/div>","protected":false},"excerpt":{"rendered":"<p>La SICAV Edmond de Rothschild Real Estate a acquis deux parcelles dans le Kreis 4 de Zurich afin d'y r\u00e9aliser un projet de logements. <\/p>","protected":false},"author":3,"featured_media":8094,"comment_status":"closed","ping_status":"closed","sticky":false,"template":"","format":"standard","meta":{"_acf_changed":false,"_yoast_wpseo_focuskw":"Erres Z\u00fcrich","_yoast_wpseo_title":"","_yoast_wpseo_metadesc":"Die Edmond de Rothschild Real Estate SICAV Erres hat zwei Parzellen im Z\u00fcrcher Kreis 4 erworben, um dort eine Wohnprojektentwicklung zu realisieren.","_yoast_wpseo_linkdex":54,"pgc_sgb_lightbox_settings":"","footnotes":""},"categories":[985],"tags":[1182,1600,1800,1888],"class_list":["post-39451","post","type-post","status-publish","format-standard","has-post-thumbnail","hentry","category-regionen","tag-edmond-de-rothschild","tag-projekt-in-planung","tag-umnutzung","tag-zuerich"],"acf":[],"yoast_head":"<!-- This site is optimized with the Yoast SEO plugin v27.5 - https:\/\/yoast.com\/product\/yoast-seo-wordpress\/ -->\n<title>Z\u00fcrich: Erres kauft Entwicklungsgrundst\u00fcck - IMMOBILIEN Business<\/title>\n<meta name=\"description\" content=\"Die Edmond de Rothschild Real Estate SICAV Erres hat zwei Parzellen im Z\u00fcrcher Kreis 4 erworben, um dort eine Wohnprojektentwicklung zu realisieren.\" \/>\n<meta name=\"robots\" content=\"index, follow, max-snippet:-1, max-image-preview:large, max-video-preview:-1\" \/>\n<link rel=\"canonical\" href=\"https:\/\/www.immobilienbusiness.ch\/fr\/regionen\/2021-12-14\/zuerich-erres-kauft-entwicklungsgrundstueck\/\" \/>\n<meta property=\"og:locale\" content=\"fr_FR\" \/>\n<meta property=\"og:type\" content=\"article\" \/>\n<meta property=\"og:title\" content=\"Z\u00fcrich: Erres kauft Entwicklungsgrundst\u00fcck - IMMOBILIEN Business\" \/>\n<meta property=\"og:description\" content=\"Die Edmond de Rothschild Real Estate SICAV Erres hat zwei Parzellen im Z\u00fcrcher Kreis 4 erworben, um dort eine Wohnprojektentwicklung zu realisieren.\" \/>\n<meta property=\"og:url\" content=\"https:\/\/www.immobilienbusiness.ch\/fr\/regionen\/2021-12-14\/zuerich-erres-kauft-entwicklungsgrundstueck\/\" \/>\n<meta property=\"og:site_name\" content=\"IMMOBILIEN Business\" \/>\n<meta property=\"article:publisher\" content=\"https:\/\/www.facebook.com\/immobilienbusiness\/\" \/>\n<meta property=\"article:published_time\" content=\"2021-12-14T07:59:42+00:00\" \/>\n<meta property=\"article:modified_time\" content=\"2023-08-08T17:53:27+00:00\" \/>\n<meta property=\"og:image\" content=\"https:\/\/www.immobilienbusiness.ch\/wp-content\/uploads\/2017\/06\/Depositphotos_53801155_m-2015.jpg\" \/>\n\t<meta property=\"og:image:width\" content=\"1000\" \/>\n\t<meta property=\"og:image:height\" content=\"667\" \/>\n\t<meta property=\"og:image:type\" content=\"image\/jpeg\" \/>\n<meta name=\"author\" content=\"anja.hall\" \/>\n<meta name=\"twitter:card\" content=\"summary_large_image\" \/>\n<meta name=\"twitter:image\" content=\"https:\/\/www.immobilienbusiness.ch\/wp-content\/uploads\/2017\/06\/Depositphotos_53801155_m-2015.jpg\" \/>\n<script type=\"application\/ld+json\" class=\"yoast-schema-graph\">{\"@context\":\"https:\\\/\\\/schema.org\",\"@graph\":[{\"@type\":\"Article\",\"@id\":\"https:\\\/\\\/www.immobilienbusiness.ch\\\/de\\\/regionen\\\/2021-12-14\\\/zuerich-erres-kauft-entwicklungsgrundstueck\\\/#article\",\"isPartOf\":{\"@id\":\"https:\\\/\\\/www.immobilienbusiness.ch\\\/de\\\/regionen\\\/2021-12-14\\\/zuerich-erres-kauft-entwicklungsgrundstueck\\\/\"},\"author\":{\"name\":\"anja.hall\",\"@id\":\"https:\\\/\\\/www.immobilienbusiness.ch\\\/#\\\/schema\\\/person\\\/3fc036297b10b9f42d6db5ee932af8c8\"},\"headline\":\"Z\u00fcrich: Erres kauft Entwicklungsgrundst\u00fcck\",\"datePublished\":\"2021-12-14T07:59:42+00:00\",\"dateModified\":\"2023-08-08T17:53:27+00:00\",\"mainEntityOfPage\":{\"@id\":\"https:\\\/\\\/www.immobilienbusiness.ch\\\/de\\\/regionen\\\/2021-12-14\\\/zuerich-erres-kauft-entwicklungsgrundstueck\\\/\"},\"wordCount\":141,\"publisher\":{\"@id\":\"https:\\\/\\\/www.immobilienbusiness.ch\\\/#organization\"},\"image\":{\"@id\":\"https:\\\/\\\/www.immobilienbusiness.ch\\\/de\\\/regionen\\\/2021-12-14\\\/zuerich-erres-kauft-entwicklungsgrundstueck\\\/#primaryimage\"},\"thumbnailUrl\":\"https:\\\/\\\/www.immobilienbusiness.ch\\\/wp-content\\\/uploads\\\/2017\\\/06\\\/Depositphotos_53801155_m-2015.jpg\",\"keywords\":[\"Edmond de Rothschild\",\"Projekt in Planung\",\"Umnutzung\",\"Z\u00fcrich\"],\"articleSection\":[\"REGIONEN\"],\"inLanguage\":\"fr-FR\"},{\"@type\":\"WebPage\",\"@id\":\"https:\\\/\\\/www.immobilienbusiness.ch\\\/de\\\/regionen\\\/2021-12-14\\\/zuerich-erres-kauft-entwicklungsgrundstueck\\\/\",\"url\":\"https:\\\/\\\/www.immobilienbusiness.ch\\\/de\\\/regionen\\\/2021-12-14\\\/zuerich-erres-kauft-entwicklungsgrundstueck\\\/\",\"name\":\"Z\u00fcrich: Erres kauft Entwicklungsgrundst\u00fcck - IMMOBILIEN Business\",\"isPartOf\":{\"@id\":\"https:\\\/\\\/www.immobilienbusiness.ch\\\/#website\"},\"primaryImageOfPage\":{\"@id\":\"https:\\\/\\\/www.immobilienbusiness.ch\\\/de\\\/regionen\\\/2021-12-14\\\/zuerich-erres-kauft-entwicklungsgrundstueck\\\/#primaryimage\"},\"image\":{\"@id\":\"https:\\\/\\\/www.immobilienbusiness.ch\\\/de\\\/regionen\\\/2021-12-14\\\/zuerich-erres-kauft-entwicklungsgrundstueck\\\/#primaryimage\"},\"thumbnailUrl\":\"https:\\\/\\\/www.immobilienbusiness.ch\\\/wp-content\\\/uploads\\\/2017\\\/06\\\/Depositphotos_53801155_m-2015.jpg\",\"datePublished\":\"2021-12-14T07:59:42+00:00\",\"dateModified\":\"2023-08-08T17:53:27+00:00\",\"description\":\"Die Edmond de Rothschild Real Estate SICAV Erres hat zwei Parzellen im Z\u00fcrcher Kreis 4 erworben, um dort eine Wohnprojektentwicklung zu realisieren.\",\"breadcrumb\":{\"@id\":\"https:\\\/\\\/www.immobilienbusiness.ch\\\/de\\\/regionen\\\/2021-12-14\\\/zuerich-erres-kauft-entwicklungsgrundstueck\\\/#breadcrumb\"},\"inLanguage\":\"fr-FR\",\"potentialAction\":[{\"@type\":\"ReadAction\",\"target\":[\"https:\\\/\\\/www.immobilienbusiness.ch\\\/de\\\/regionen\\\/2021-12-14\\\/zuerich-erres-kauft-entwicklungsgrundstueck\\\/\"]}]},{\"@type\":\"ImageObject\",\"inLanguage\":\"fr-FR\",\"@id\":\"https:\\\/\\\/www.immobilienbusiness.ch\\\/de\\\/regionen\\\/2021-12-14\\\/zuerich-erres-kauft-entwicklungsgrundstueck\\\/#primaryimage\",\"url\":\"https:\\\/\\\/www.immobilienbusiness.ch\\\/wp-content\\\/uploads\\\/2017\\\/06\\\/Depositphotos_53801155_m-2015.jpg\",\"contentUrl\":\"https:\\\/\\\/www.immobilienbusiness.ch\\\/wp-content\\\/uploads\\\/2017\\\/06\\\/Depositphotos_53801155_m-2015.jpg\",\"width\":1000,\"height\":667,\"caption\":\"(Foto: pressmaster - depositphotos)\"},{\"@type\":\"BreadcrumbList\",\"@id\":\"https:\\\/\\\/www.immobilienbusiness.ch\\\/de\\\/regionen\\\/2021-12-14\\\/zuerich-erres-kauft-entwicklungsgrundstueck\\\/#breadcrumb\",\"itemListElement\":[{\"@type\":\"ListItem\",\"position\":1,\"name\":\"Home\",\"item\":\"https:\\\/\\\/www.immobilienbusiness.ch\\\/\"},{\"@type\":\"ListItem\",\"position\":2,\"name\":\"Z\u00fcrich: Erres kauft Entwicklungsgrundst\u00fcck\"}]},{\"@type\":\"WebSite\",\"@id\":\"https:\\\/\\\/www.immobilienbusiness.ch\\\/#website\",\"url\":\"https:\\\/\\\/www.immobilienbusiness.ch\\\/\",\"name\":\"IMMOBILIEN Business\",\"description\":\"Unabh\u00e4ngiges Schweizer Wirtschaftsmagazin mit Fokus auf Immobilien, Architektur- und Bau sowie Investment- und Finanzierung.\",\"publisher\":{\"@id\":\"https:\\\/\\\/www.immobilienbusiness.ch\\\/#organization\"},\"potentialAction\":[{\"@type\":\"SearchAction\",\"target\":{\"@type\":\"EntryPoint\",\"urlTemplate\":\"https:\\\/\\\/www.immobilienbusiness.ch\\\/?s={search_term_string}\"},\"query-input\":{\"@type\":\"PropertyValueSpecification\",\"valueRequired\":true,\"valueName\":\"search_term_string\"}}],\"inLanguage\":\"fr-FR\"},{\"@type\":\"Organization\",\"@id\":\"https:\\\/\\\/www.immobilienbusiness.ch\\\/#organization\",\"name\":\"IMMOBILIEN Business\",\"url\":\"https:\\\/\\\/www.immobilienbusiness.ch\\\/\",\"logo\":{\"@type\":\"ImageObject\",\"inLanguage\":\"fr-FR\",\"@id\":\"https:\\\/\\\/www.immobilienbusiness.ch\\\/#\\\/schema\\\/logo\\\/image\\\/\",\"url\":\"https:\\\/\\\/www.immobilienbusiness.ch\\\/wp-content\\\/uploads\\\/2021\\\/07\\\/logo_ib.png\",\"contentUrl\":\"https:\\\/\\\/www.immobilienbusiness.ch\\\/wp-content\\\/uploads\\\/2021\\\/07\\\/logo_ib.png\",\"width\":800,\"height\":181,\"caption\":\"IMMOBILIEN Business\"},\"image\":{\"@id\":\"https:\\\/\\\/www.immobilienbusiness.ch\\\/#\\\/schema\\\/logo\\\/image\\\/\"},\"sameAs\":[\"https:\\\/\\\/www.facebook.com\\\/immobilienbusiness\\\/\"]},{\"@type\":\"Person\",\"@id\":\"https:\\\/\\\/www.immobilienbusiness.ch\\\/#\\\/schema\\\/person\\\/3fc036297b10b9f42d6db5ee932af8c8\",\"name\":\"anja.hall\",\"image\":{\"@type\":\"ImageObject\",\"inLanguage\":\"fr-FR\",\"@id\":\"https:\\\/\\\/secure.gravatar.com\\\/avatar\\\/066b5a0d447013502c71a5782f4f3469f03cfe595cc2329fb94652fe47511bfb?s=96&d=mm&r=g\",\"url\":\"https:\\\/\\\/secure.gravatar.com\\\/avatar\\\/066b5a0d447013502c71a5782f4f3469f03cfe595cc2329fb94652fe47511bfb?s=96&d=mm&r=g\",\"contentUrl\":\"https:\\\/\\\/secure.gravatar.com\\\/avatar\\\/066b5a0d447013502c71a5782f4f3469f03cfe595cc2329fb94652fe47511bfb?s=96&d=mm&r=g\",\"caption\":\"anja.hall\"},\"url\":\"https:\\\/\\\/www.immobilienbusiness.ch\\\/fr\\\/author\\\/anja-hall\\\/\"}]}<\/script>\n<!-- \/ Yoast SEO plugin. -->","yoast_head_json":{"title":"Zurich : Erres ach\u00e8te un terrain de d\u00e9veloppement - IMMOBILIER Business","description":"La SICAV Edmond de Rothschild Real Estate Erres a acquis deux parcelles dans le Kreis 4 de Zurich afin d'y r\u00e9aliser un projet de logements.","robots":{"index":"index","follow":"follow","max-snippet":"max-snippet:-1","max-image-preview":"max-image-preview:large","max-video-preview":"max-video-preview:-1"},"canonical":"https:\/\/www.immobilienbusiness.ch\/fr\/regionen\/2021-12-14\/zuerich-erres-kauft-entwicklungsgrundstueck\/","og_locale":"fr_FR","og_type":"article","og_title":"Z\u00fcrich: Erres kauft Entwicklungsgrundst\u00fcck - IMMOBILIEN Business","og_description":"Die Edmond de Rothschild Real Estate SICAV Erres hat zwei Parzellen im Z\u00fcrcher Kreis 4 erworben, um dort eine Wohnprojektentwicklung zu realisieren.","og_url":"https:\/\/www.immobilienbusiness.ch\/fr\/regionen\/2021-12-14\/zuerich-erres-kauft-entwicklungsgrundstueck\/","og_site_name":"IMMOBILIEN Business","article_publisher":"https:\/\/www.facebook.com\/immobilienbusiness\/","article_published_time":"2021-12-14T07:59:42+00:00","article_modified_time":"2023-08-08T17:53:27+00:00","og_image":[{"width":1000,"height":667,"url":"https:\/\/www.immobilienbusiness.ch\/wp-content\/uploads\/2017\/06\/Depositphotos_53801155_m-2015.jpg","type":"image\/jpeg"}],"author":"anja.hall","twitter_card":"summary_large_image","twitter_image":"https:\/\/www.immobilienbusiness.ch\/wp-content\/uploads\/2017\/06\/Depositphotos_53801155_m-2015.jpg","schema":{"@context":"https:\/\/schema.org","@graph":[{"@type":"Article","@id":"https:\/\/www.immobilienbusiness.ch\/de\/regionen\/2021-12-14\/zuerich-erres-kauft-entwicklungsgrundstueck\/#article","isPartOf":{"@id":"https:\/\/www.immobilienbusiness.ch\/de\/regionen\/2021-12-14\/zuerich-erres-kauft-entwicklungsgrundstueck\/"},"author":{"name":"anja.hall","@id":"https:\/\/www.immobilienbusiness.ch\/#\/schema\/person\/3fc036297b10b9f42d6db5ee932af8c8"},"headline":"Z\u00fcrich: Erres kauft Entwicklungsgrundst\u00fcck","datePublished":"2021-12-14T07:59:42+00:00","dateModified":"2023-08-08T17:53:27+00:00","mainEntityOfPage":{"@id":"https:\/\/www.immobilienbusiness.ch\/de\/regionen\/2021-12-14\/zuerich-erres-kauft-entwicklungsgrundstueck\/"},"wordCount":141,"publisher":{"@id":"https:\/\/www.immobilienbusiness.ch\/#organization"},"image":{"@id":"https:\/\/www.immobilienbusiness.ch\/de\/regionen\/2021-12-14\/zuerich-erres-kauft-entwicklungsgrundstueck\/#primaryimage"},"thumbnailUrl":"https:\/\/www.immobilienbusiness.ch\/wp-content\/uploads\/2017\/06\/Depositphotos_53801155_m-2015.jpg","keywords":["Edmond de Rothschild","Projekt in Planung","Umnutzung","Z\u00fcrich"],"articleSection":["REGIONEN"],"inLanguage":"fr-FR"},{"@type":"WebPage","@id":"https:\/\/www.immobilienbusiness.ch\/de\/regionen\/2021-12-14\/zuerich-erres-kauft-entwicklungsgrundstueck\/","url":"https:\/\/www.immobilienbusiness.ch\/de\/regionen\/2021-12-14\/zuerich-erres-kauft-entwicklungsgrundstueck\/","name":"Zurich : Erres ach\u00e8te un terrain de d\u00e9veloppement - IMMOBILIER Business","isPartOf":{"@id":"https:\/\/www.immobilienbusiness.ch\/#website"},"primaryImageOfPage":{"@id":"https:\/\/www.immobilienbusiness.ch\/de\/regionen\/2021-12-14\/zuerich-erres-kauft-entwicklungsgrundstueck\/#primaryimage"},"image":{"@id":"https:\/\/www.immobilienbusiness.ch\/de\/regionen\/2021-12-14\/zuerich-erres-kauft-entwicklungsgrundstueck\/#primaryimage"},"thumbnailUrl":"https:\/\/www.immobilienbusiness.ch\/wp-content\/uploads\/2017\/06\/Depositphotos_53801155_m-2015.jpg","datePublished":"2021-12-14T07:59:42+00:00","dateModified":"2023-08-08T17:53:27+00:00","description":"La SICAV Edmond de Rothschild Real Estate Erres a acquis deux parcelles dans le Kreis 4 de Zurich afin d'y r\u00e9aliser un projet de logements.","breadcrumb":{"@id":"https:\/\/www.immobilienbusiness.ch\/de\/regionen\/2021-12-14\/zuerich-erres-kauft-entwicklungsgrundstueck\/#breadcrumb"},"inLanguage":"fr-FR","potentialAction":[{"@type":"ReadAction","target":["https:\/\/www.immobilienbusiness.ch\/de\/regionen\/2021-12-14\/zuerich-erres-kauft-entwicklungsgrundstueck\/"]}]},{"@type":"ImageObject","inLanguage":"fr-FR","@id":"https:\/\/www.immobilienbusiness.ch\/de\/regionen\/2021-12-14\/zuerich-erres-kauft-entwicklungsgrundstueck\/#primaryimage","url":"https:\/\/www.immobilienbusiness.ch\/wp-content\/uploads\/2017\/06\/Depositphotos_53801155_m-2015.jpg","contentUrl":"https:\/\/www.immobilienbusiness.ch\/wp-content\/uploads\/2017\/06\/Depositphotos_53801155_m-2015.jpg","width":1000,"height":667,"caption":"(Foto: pressmaster - depositphotos)"},{"@type":"BreadcrumbList","@id":"https:\/\/www.immobilienbusiness.ch\/de\/regionen\/2021-12-14\/zuerich-erres-kauft-entwicklungsgrundstueck\/#breadcrumb","itemListElement":[{"@type":"ListItem","position":1,"name":"Home","item":"https:\/\/www.immobilienbusiness.ch\/"},{"@type":"ListItem","position":2,"name":"Z\u00fcrich: Erres kauft Entwicklungsgrundst\u00fcck"}]},{"@type":"WebSite","@id":"https:\/\/www.immobilienbusiness.ch\/#website","url":"https:\/\/www.immobilienbusiness.ch\/","name":"IMMOBILIER Business","description":"Magazine \u00e9conomique suisse ind\u00e9pendant ax\u00e9 sur l'immobilier, l'architecture et la construction ainsi que sur les investissements et le financement.","publisher":{"@id":"https:\/\/www.immobilienbusiness.ch\/#organization"},"potentialAction":[{"@type":"SearchAction","target":{"@type":"EntryPoint","urlTemplate":"https:\/\/www.immobilienbusiness.ch\/?s={search_term_string}"},"query-input":{"@type":"PropertyValueSpecification","valueRequired":true,"valueName":"search_term_string"}}],"inLanguage":"fr-FR"},{"@type":"Organization","@id":"https:\/\/www.immobilienbusiness.ch\/#organization","name":"IMMOBILIER Business","url":"https:\/\/www.immobilienbusiness.ch\/","logo":{"@type":"ImageObject","inLanguage":"fr-FR","@id":"https:\/\/www.immobilienbusiness.ch\/#\/schema\/logo\/image\/","url":"https:\/\/www.immobilienbusiness.ch\/wp-content\/uploads\/2021\/07\/logo_ib.png","contentUrl":"https:\/\/www.immobilienbusiness.ch\/wp-content\/uploads\/2021\/07\/logo_ib.png","width":800,"height":181,"caption":"IMMOBILIEN Business"},"image":{"@id":"https:\/\/www.immobilienbusiness.ch\/#\/schema\/logo\/image\/"},"sameAs":["https:\/\/www.facebook.com\/immobilienbusiness\/"]},{"@type":"Person","@id":"https:\/\/www.immobilienbusiness.ch\/#\/schema\/person\/3fc036297b10b9f42d6db5ee932af8c8","name":"anja.hall","image":{"@type":"ImageObject","inLanguage":"fr-FR","@id":"https:\/\/secure.gravatar.com\/avatar\/066b5a0d447013502c71a5782f4f3469f03cfe595cc2329fb94652fe47511bfb?s=96&d=mm&r=g","url":"https:\/\/secure.gravatar.com\/avatar\/066b5a0d447013502c71a5782f4f3469f03cfe595cc2329fb94652fe47511bfb?s=96&d=mm&r=g","contentUrl":"https:\/\/secure.gravatar.com\/avatar\/066b5a0d447013502c71a5782f4f3469f03cfe595cc2329fb94652fe47511bfb?s=96&d=mm&r=g","caption":"anja.hall"},"url":"https:\/\/www.immobilienbusiness.ch\/fr\/author\/anja-hall\/"}]}},"_links":{"self":[{"href":"https:\/\/www.immobilienbusiness.ch\/fr\/wp-json\/wp\/v2\/posts\/39451","targetHints":{"allow":["GET"]}}],"collection":[{"href":"https:\/\/www.immobilienbusiness.ch\/fr\/wp-json\/wp\/v2\/posts"}],"about":[{"href":"https:\/\/www.immobilienbusiness.ch\/fr\/wp-json\/wp\/v2\/types\/post"}],"author":[{"embeddable":true,"href":"https:\/\/www.immobilienbusiness.ch\/fr\/wp-json\/wp\/v2\/users\/3"}],"replies":[{"embeddable":true,"href":"https:\/\/www.immobilienbusiness.ch\/fr\/wp-json\/wp\/v2\/comments?post=39451"}],"version-history":[{"count":3,"href":"https:\/\/www.immobilienbusiness.ch\/fr\/wp-json\/wp\/v2\/posts\/39451\/revisions"}],"predecessor-version":[{"id":51626,"href":"https:\/\/www.immobilienbusiness.ch\/fr\/wp-json\/wp\/v2\/posts\/39451\/revisions\/51626"}],"wp:featuredmedia":[{"embeddable":true,"href":"https:\/\/www.immobilienbusiness.ch\/fr\/wp-json\/wp\/v2\/media\/8094"}],"wp:attachment":[{"href":"https:\/\/www.immobilienbusiness.ch\/fr\/wp-json\/wp\/v2\/media?parent=39451"}],"wp:term":[{"taxonomy":"category","embeddable":true,"href":"https:\/\/www.immobilienbusiness.ch\/fr\/wp-json\/wp\/v2\/categories?post=39451"},{"taxonomy":"post_tag","embeddable":true,"href":"https:\/\/www.immobilienbusiness.ch\/fr\/wp-json\/wp\/v2\/tags?post=39451"}],"curies":[{"name":"wp","href":"https:\/\/api.w.org\/{rel}","templated":true}]}}