{"id":39441,"date":"2021-12-10T08:40:15","date_gmt":"2021-12-10T07:40:15","guid":{"rendered":"https:\/\/www.immobilienbusiness.ch\/?p=39441"},"modified":"2021-12-16T09:58:42","modified_gmt":"2021-12-16T08:58:42","slug":"regionen-altenrhein-swisscanto-verkauf-werkplatz","status":"publish","type":"post","link":"https:\/\/www.immobilienbusiness.ch\/fr\/regionen\/2021-12-10\/regionen-altenrhein-swisscanto-verkauf-werkplatz\/","title":{"rendered":"Altenrhein : Swisscanto vend le \"Werkplatz"},"content":{"rendered":"<figure id=\"attachment_21949\" aria-describedby=\"caption-attachment-21949\" style=\"width: 505px\" class=\"wp-caption alignnone\"><img loading=\"lazy\" decoding=\"async\" class=\"wp-image-21949 size-full\" src=\"https:\/\/www.immobilienbusiness.ch\/wp-content\/uploads\/2020\/07\/stadler.jpg\" alt=\"\" width=\"505\" height=\"338\" srcset=\"https:\/\/www.immobilienbusiness.ch\/wp-content\/uploads\/2020\/07\/stadler.jpg 505w, https:\/\/www.immobilienbusiness.ch\/wp-content\/uploads\/2020\/07\/stadler-300x201.jpg 300w, https:\/\/www.immobilienbusiness.ch\/wp-content\/uploads\/2020\/07\/stadler-16x12.jpg 16w, https:\/\/www.immobilienbusiness.ch\/wp-content\/uploads\/2020\/07\/stadler-261x175.jpg 261w\" sizes=\"auto, (max-width: 505px) 100vw, 505px\" \/><figcaption id=\"caption-attachment-21949\" class=\"wp-caption-text\">Le site de production d'Altenrhein (Image : Swisscanto Invest)<\/figcaption><\/figure>\n<p>Le Werkplatz Altenrhein, Dorfstrasse 1-3 \u00e0 Altenrhein (SG), remonte \u00e0 1926. Le site abritait autrefois une usine d'avions Dornier. Depuis, il n'a cess\u00e9 de s'agrandir et aujourd'hui, le site industriel et commercial dispose de 25 b\u00e2timents avec 62 700 m\u00b2 de surface utile ainsi que de son propre embranchement ferroviaire. Les b\u00e2timents sont en grande partie utilis\u00e9s \u00e0 des fins de production et comme ateliers, mais il y a aussi des bureaux et des entrep\u00f4ts. Depuis des ann\u00e9es, l'utilisateur le plus important du site est Stadler Rheintal AG. L'ann\u00e9e derni\u00e8re, Swisscanto (CH) Real Estate Fund Responsible Swiss Commercial a prolong\u00e9 le contrat de location avec Stadler de dix ans, jusqu'en 2030. L'entreprise utilise 32 000 m\u00b2 de surfaces industrielles et commerciales.<\/p>\n<p>Comme le communique Swisscanto, la vente du Werkplatz Altenrhein a \u00e9t\u00e9 authentifi\u00e9e le 9 d\u00e9cembre 2021 ; le transfert de propri\u00e9t\u00e9 devrait \u00eatre effectif au plus tard \u00e0 la fin du mois. La valeur v\u00e9nale de l'immeuble est estim\u00e9e \u00e0 71 millions de CHF. Le fonds entend r\u00e9investir le produit de la transaction dans plusieurs immeubles commerciaux. Le cabinet d'avocats Baker McKenzie a conseill\u00e9 Swisscanto sur le plan juridique et fiscal lors de la vente.\u00a0 <em>(ah)<\/em><\/p>","protected":false},"excerpt":{"rendered":"<p>Le fonds immobilier Swisscanto Responsible Swiss Commercial se s\u00e9pare du Werkplatz Altenrhein, l'un des plus grands objets de son portefeuille. L'utilisateur le plus important est Stadler.<\/p>","protected":false},"author":3,"featured_media":21949,"comment_status":"closed","ping_status":"closed","sticky":false,"template":"","format":"standard","meta":{"_acf_changed":false,"_yoast_wpseo_focuskw":"Werkplatz","_yoast_wpseo_title":"","_yoast_wpseo_metadesc":"Der Immobilienfonds Swisscanto Responsible Swiss Commercial trennt sich vom Werkplatz Altenrhein, einem der gr\u00f6ssten Objekte in seinem Portfolio.","_yoast_wpseo_linkdex":53,"pgc_sgb_lightbox_settings":"","footnotes":""},"categories":[985],"tags":[1271,1344,1355,1405,1765],"class_list":["post-39441","post","type-post","status-publish","format-standard","has-post-thumbnail","hentry","category-regionen","tag-gewerbeimmobilie","tag-immobilienfonds","tag-immobilienverkauf","tag-kanton-st-gallen","tag-swisscanto"],"acf":[],"yoast_head":"<!-- This site is optimized with the Yoast SEO plugin v27.4 - https:\/\/yoast.com\/product\/yoast-seo-wordpress\/ -->\n<title>Altenrhein: Swisscanto verkauft den \u00abWerkplatz\u00bb - IMMOBILIEN Business<\/title>\n<meta name=\"description\" content=\"Der Immobilienfonds Swisscanto Responsible Swiss Commercial trennt sich vom Werkplatz Altenrhein, einem der gr\u00f6ssten Objekte in seinem Portfolio.\" \/>\n<meta name=\"robots\" content=\"index, follow, max-snippet:-1, max-image-preview:large, max-video-preview:-1\" \/>\n<link rel=\"canonical\" href=\"https:\/\/www.immobilienbusiness.ch\/fr\/regionen\/2021-12-10\/regionen-altenrhein-swisscanto-verkauf-werkplatz\/\" \/>\n<meta property=\"og:locale\" content=\"fr_FR\" \/>\n<meta property=\"og:type\" content=\"article\" \/>\n<meta property=\"og:title\" content=\"Altenrhein: Swisscanto verkauft den \u00abWerkplatz\u00bb - IMMOBILIEN Business\" \/>\n<meta property=\"og:description\" content=\"Der Immobilienfonds Swisscanto Responsible Swiss Commercial trennt sich vom Werkplatz Altenrhein, einem der gr\u00f6ssten Objekte in seinem Portfolio.\" \/>\n<meta property=\"og:url\" content=\"https:\/\/www.immobilienbusiness.ch\/fr\/regionen\/2021-12-10\/regionen-altenrhein-swisscanto-verkauf-werkplatz\/\" \/>\n<meta property=\"og:site_name\" content=\"IMMOBILIEN Business\" \/>\n<meta property=\"article:publisher\" content=\"https:\/\/www.facebook.com\/immobilienbusiness\/\" \/>\n<meta property=\"article:published_time\" content=\"2021-12-10T07:40:15+00:00\" \/>\n<meta property=\"article:modified_time\" content=\"2021-12-16T08:58:42+00:00\" \/>\n<meta property=\"og:image\" content=\"https:\/\/www.immobilienbusiness.ch\/wp-content\/uploads\/2020\/07\/stadler.jpg\" \/>\n\t<meta property=\"og:image:width\" content=\"505\" \/>\n\t<meta property=\"og:image:height\" content=\"338\" \/>\n\t<meta property=\"og:image:type\" content=\"image\/jpeg\" \/>\n<meta name=\"author\" content=\"anja.hall\" \/>\n<meta name=\"twitter:card\" content=\"summary_large_image\" \/>\n<meta name=\"twitter:image\" content=\"https:\/\/www.immobilienbusiness.ch\/wp-content\/uploads\/2020\/07\/stadler.jpg\" \/>\n<script type=\"application\/ld+json\" class=\"yoast-schema-graph\">{\"@context\":\"https:\\\/\\\/schema.org\",\"@graph\":[{\"@type\":\"Article\",\"@id\":\"https:\\\/\\\/www.immobilienbusiness.ch\\\/en\\\/regionen\\\/2021-12-10\\\/regionen-altenrhein-swisscanto-verkauf-werkplatz\\\/#article\",\"isPartOf\":{\"@id\":\"https:\\\/\\\/www.immobilienbusiness.ch\\\/en\\\/regionen\\\/2021-12-10\\\/regionen-altenrhein-swisscanto-verkauf-werkplatz\\\/\"},\"author\":{\"name\":\"anja.hall\",\"@id\":\"https:\\\/\\\/www.immobilienbusiness.ch\\\/#\\\/schema\\\/person\\\/3fc036297b10b9f42d6db5ee932af8c8\"},\"headline\":\"Altenrhein: Swisscanto verkauft den \u00abWerkplatz\u00bb\",\"datePublished\":\"2021-12-10T07:40:15+00:00\",\"dateModified\":\"2021-12-16T08:58:42+00:00\",\"mainEntityOfPage\":{\"@id\":\"https:\\\/\\\/www.immobilienbusiness.ch\\\/en\\\/regionen\\\/2021-12-10\\\/regionen-altenrhein-swisscanto-verkauf-werkplatz\\\/\"},\"wordCount\":189,\"publisher\":{\"@id\":\"https:\\\/\\\/www.immobilienbusiness.ch\\\/#organization\"},\"image\":{\"@id\":\"https:\\\/\\\/www.immobilienbusiness.ch\\\/en\\\/regionen\\\/2021-12-10\\\/regionen-altenrhein-swisscanto-verkauf-werkplatz\\\/#primaryimage\"},\"thumbnailUrl\":\"https:\\\/\\\/www.immobilienbusiness.ch\\\/wp-content\\\/uploads\\\/2020\\\/07\\\/stadler.jpg\",\"keywords\":[\"Gewerbeimmobilie\",\"Immobilienfonds\",\"Immobilienverkauf\",\"Kanton St. Gallen\",\"Swisscanto\"],\"articleSection\":[\"REGIONEN\"],\"inLanguage\":\"fr-FR\"},{\"@type\":\"WebPage\",\"@id\":\"https:\\\/\\\/www.immobilienbusiness.ch\\\/en\\\/regionen\\\/2021-12-10\\\/regionen-altenrhein-swisscanto-verkauf-werkplatz\\\/\",\"url\":\"https:\\\/\\\/www.immobilienbusiness.ch\\\/en\\\/regionen\\\/2021-12-10\\\/regionen-altenrhein-swisscanto-verkauf-werkplatz\\\/\",\"name\":\"Altenrhein: Swisscanto verkauft den \u00abWerkplatz\u00bb - IMMOBILIEN Business\",\"isPartOf\":{\"@id\":\"https:\\\/\\\/www.immobilienbusiness.ch\\\/#website\"},\"primaryImageOfPage\":{\"@id\":\"https:\\\/\\\/www.immobilienbusiness.ch\\\/en\\\/regionen\\\/2021-12-10\\\/regionen-altenrhein-swisscanto-verkauf-werkplatz\\\/#primaryimage\"},\"image\":{\"@id\":\"https:\\\/\\\/www.immobilienbusiness.ch\\\/en\\\/regionen\\\/2021-12-10\\\/regionen-altenrhein-swisscanto-verkauf-werkplatz\\\/#primaryimage\"},\"thumbnailUrl\":\"https:\\\/\\\/www.immobilienbusiness.ch\\\/wp-content\\\/uploads\\\/2020\\\/07\\\/stadler.jpg\",\"datePublished\":\"2021-12-10T07:40:15+00:00\",\"dateModified\":\"2021-12-16T08:58:42+00:00\",\"description\":\"Der Immobilienfonds Swisscanto Responsible Swiss Commercial trennt sich vom Werkplatz Altenrhein, einem der gr\u00f6ssten Objekte in seinem Portfolio.\",\"breadcrumb\":{\"@id\":\"https:\\\/\\\/www.immobilienbusiness.ch\\\/en\\\/regionen\\\/2021-12-10\\\/regionen-altenrhein-swisscanto-verkauf-werkplatz\\\/#breadcrumb\"},\"inLanguage\":\"fr-FR\",\"potentialAction\":[{\"@type\":\"ReadAction\",\"target\":[\"https:\\\/\\\/www.immobilienbusiness.ch\\\/en\\\/regionen\\\/2021-12-10\\\/regionen-altenrhein-swisscanto-verkauf-werkplatz\\\/\"]}]},{\"@type\":\"ImageObject\",\"inLanguage\":\"fr-FR\",\"@id\":\"https:\\\/\\\/www.immobilienbusiness.ch\\\/en\\\/regionen\\\/2021-12-10\\\/regionen-altenrhein-swisscanto-verkauf-werkplatz\\\/#primaryimage\",\"url\":\"https:\\\/\\\/www.immobilienbusiness.ch\\\/wp-content\\\/uploads\\\/2020\\\/07\\\/stadler.jpg\",\"contentUrl\":\"https:\\\/\\\/www.immobilienbusiness.ch\\\/wp-content\\\/uploads\\\/2020\\\/07\\\/stadler.jpg\",\"width\":505,\"height\":338,\"caption\":\"Der Werkplatz Altenrhein (Bild: Swisscanto Invest)\"},{\"@type\":\"BreadcrumbList\",\"@id\":\"https:\\\/\\\/www.immobilienbusiness.ch\\\/en\\\/regionen\\\/2021-12-10\\\/regionen-altenrhein-swisscanto-verkauf-werkplatz\\\/#breadcrumb\",\"itemListElement\":[{\"@type\":\"ListItem\",\"position\":1,\"name\":\"Home\",\"item\":\"https:\\\/\\\/www.immobilienbusiness.ch\\\/\"},{\"@type\":\"ListItem\",\"position\":2,\"name\":\"Altenrhein: Swisscanto verkauft den \u00abWerkplatz\u00bb\"}]},{\"@type\":\"WebSite\",\"@id\":\"https:\\\/\\\/www.immobilienbusiness.ch\\\/#website\",\"url\":\"https:\\\/\\\/www.immobilienbusiness.ch\\\/\",\"name\":\"IMMOBILIEN Business\",\"description\":\"Unabh\u00e4ngiges Schweizer Wirtschaftsmagazin mit Fokus auf Immobilien, Architektur- und Bau sowie Investment- und Finanzierung.\",\"publisher\":{\"@id\":\"https:\\\/\\\/www.immobilienbusiness.ch\\\/#organization\"},\"potentialAction\":[{\"@type\":\"SearchAction\",\"target\":{\"@type\":\"EntryPoint\",\"urlTemplate\":\"https:\\\/\\\/www.immobilienbusiness.ch\\\/?s={search_term_string}\"},\"query-input\":{\"@type\":\"PropertyValueSpecification\",\"valueRequired\":true,\"valueName\":\"search_term_string\"}}],\"inLanguage\":\"fr-FR\"},{\"@type\":\"Organization\",\"@id\":\"https:\\\/\\\/www.immobilienbusiness.ch\\\/#organization\",\"name\":\"IMMOBILIEN Business\",\"url\":\"https:\\\/\\\/www.immobilienbusiness.ch\\\/\",\"logo\":{\"@type\":\"ImageObject\",\"inLanguage\":\"fr-FR\",\"@id\":\"https:\\\/\\\/www.immobilienbusiness.ch\\\/#\\\/schema\\\/logo\\\/image\\\/\",\"url\":\"https:\\\/\\\/www.immobilienbusiness.ch\\\/wp-content\\\/uploads\\\/2021\\\/07\\\/logo_ib.png\",\"contentUrl\":\"https:\\\/\\\/www.immobilienbusiness.ch\\\/wp-content\\\/uploads\\\/2021\\\/07\\\/logo_ib.png\",\"width\":800,\"height\":181,\"caption\":\"IMMOBILIEN Business\"},\"image\":{\"@id\":\"https:\\\/\\\/www.immobilienbusiness.ch\\\/#\\\/schema\\\/logo\\\/image\\\/\"},\"sameAs\":[\"https:\\\/\\\/www.facebook.com\\\/immobilienbusiness\\\/\"]},{\"@type\":\"Person\",\"@id\":\"https:\\\/\\\/www.immobilienbusiness.ch\\\/#\\\/schema\\\/person\\\/3fc036297b10b9f42d6db5ee932af8c8\",\"name\":\"anja.hall\",\"image\":{\"@type\":\"ImageObject\",\"inLanguage\":\"fr-FR\",\"@id\":\"https:\\\/\\\/secure.gravatar.com\\\/avatar\\\/066b5a0d447013502c71a5782f4f3469f03cfe595cc2329fb94652fe47511bfb?s=96&d=mm&r=g\",\"url\":\"https:\\\/\\\/secure.gravatar.com\\\/avatar\\\/066b5a0d447013502c71a5782f4f3469f03cfe595cc2329fb94652fe47511bfb?s=96&d=mm&r=g\",\"contentUrl\":\"https:\\\/\\\/secure.gravatar.com\\\/avatar\\\/066b5a0d447013502c71a5782f4f3469f03cfe595cc2329fb94652fe47511bfb?s=96&d=mm&r=g\",\"caption\":\"anja.hall\"},\"url\":\"https:\\\/\\\/www.immobilienbusiness.ch\\\/fr\\\/author\\\/anja-hall\\\/\"}]}<\/script>\n<!-- \/ Yoast SEO plugin. -->","yoast_head_json":{"title":"Altenrhein: Swisscanto verkauft den \u00abWerkplatz\u00bb - IMMOBILIEN Business","description":"Der Immobilienfonds Swisscanto Responsible Swiss Commercial trennt sich vom Werkplatz Altenrhein, einem der gr\u00f6ssten Objekte in seinem Portfolio.","robots":{"index":"index","follow":"follow","max-snippet":"max-snippet:-1","max-image-preview":"max-image-preview:large","max-video-preview":"max-video-preview:-1"},"canonical":"https:\/\/www.immobilienbusiness.ch\/fr\/regionen\/2021-12-10\/regionen-altenrhein-swisscanto-verkauf-werkplatz\/","og_locale":"fr_FR","og_type":"article","og_title":"Altenrhein: Swisscanto verkauft den \u00abWerkplatz\u00bb - IMMOBILIEN Business","og_description":"Der Immobilienfonds Swisscanto Responsible Swiss Commercial trennt sich vom Werkplatz Altenrhein, einem der gr\u00f6ssten Objekte in seinem Portfolio.","og_url":"https:\/\/www.immobilienbusiness.ch\/fr\/regionen\/2021-12-10\/regionen-altenrhein-swisscanto-verkauf-werkplatz\/","og_site_name":"IMMOBILIEN Business","article_publisher":"https:\/\/www.facebook.com\/immobilienbusiness\/","article_published_time":"2021-12-10T07:40:15+00:00","article_modified_time":"2021-12-16T08:58:42+00:00","og_image":[{"width":505,"height":338,"url":"https:\/\/www.immobilienbusiness.ch\/wp-content\/uploads\/2020\/07\/stadler.jpg","type":"image\/jpeg"}],"author":"anja.hall","twitter_card":"summary_large_image","twitter_image":"https:\/\/www.immobilienbusiness.ch\/wp-content\/uploads\/2020\/07\/stadler.jpg","schema":{"@context":"https:\/\/schema.org","@graph":[{"@type":"Article","@id":"https:\/\/www.immobilienbusiness.ch\/en\/regionen\/2021-12-10\/regionen-altenrhein-swisscanto-verkauf-werkplatz\/#article","isPartOf":{"@id":"https:\/\/www.immobilienbusiness.ch\/en\/regionen\/2021-12-10\/regionen-altenrhein-swisscanto-verkauf-werkplatz\/"},"author":{"name":"anja.hall","@id":"https:\/\/www.immobilienbusiness.ch\/#\/schema\/person\/3fc036297b10b9f42d6db5ee932af8c8"},"headline":"Altenrhein: Swisscanto verkauft den \u00abWerkplatz\u00bb","datePublished":"2021-12-10T07:40:15+00:00","dateModified":"2021-12-16T08:58:42+00:00","mainEntityOfPage":{"@id":"https:\/\/www.immobilienbusiness.ch\/en\/regionen\/2021-12-10\/regionen-altenrhein-swisscanto-verkauf-werkplatz\/"},"wordCount":189,"publisher":{"@id":"https:\/\/www.immobilienbusiness.ch\/#organization"},"image":{"@id":"https:\/\/www.immobilienbusiness.ch\/en\/regionen\/2021-12-10\/regionen-altenrhein-swisscanto-verkauf-werkplatz\/#primaryimage"},"thumbnailUrl":"https:\/\/www.immobilienbusiness.ch\/wp-content\/uploads\/2020\/07\/stadler.jpg","keywords":["Gewerbeimmobilie","Immobilienfonds","Immobilienverkauf","Kanton St. Gallen","Swisscanto"],"articleSection":["REGIONEN"],"inLanguage":"fr-FR"},{"@type":"WebPage","@id":"https:\/\/www.immobilienbusiness.ch\/en\/regionen\/2021-12-10\/regionen-altenrhein-swisscanto-verkauf-werkplatz\/","url":"https:\/\/www.immobilienbusiness.ch\/en\/regionen\/2021-12-10\/regionen-altenrhein-swisscanto-verkauf-werkplatz\/","name":"Altenrhein: Swisscanto verkauft den \u00abWerkplatz\u00bb - IMMOBILIEN Business","isPartOf":{"@id":"https:\/\/www.immobilienbusiness.ch\/#website"},"primaryImageOfPage":{"@id":"https:\/\/www.immobilienbusiness.ch\/en\/regionen\/2021-12-10\/regionen-altenrhein-swisscanto-verkauf-werkplatz\/#primaryimage"},"image":{"@id":"https:\/\/www.immobilienbusiness.ch\/en\/regionen\/2021-12-10\/regionen-altenrhein-swisscanto-verkauf-werkplatz\/#primaryimage"},"thumbnailUrl":"https:\/\/www.immobilienbusiness.ch\/wp-content\/uploads\/2020\/07\/stadler.jpg","datePublished":"2021-12-10T07:40:15+00:00","dateModified":"2021-12-16T08:58:42+00:00","description":"Der Immobilienfonds Swisscanto Responsible Swiss Commercial trennt sich vom Werkplatz Altenrhein, einem der gr\u00f6ssten Objekte in seinem Portfolio.","breadcrumb":{"@id":"https:\/\/www.immobilienbusiness.ch\/en\/regionen\/2021-12-10\/regionen-altenrhein-swisscanto-verkauf-werkplatz\/#breadcrumb"},"inLanguage":"fr-FR","potentialAction":[{"@type":"ReadAction","target":["https:\/\/www.immobilienbusiness.ch\/en\/regionen\/2021-12-10\/regionen-altenrhein-swisscanto-verkauf-werkplatz\/"]}]},{"@type":"ImageObject","inLanguage":"fr-FR","@id":"https:\/\/www.immobilienbusiness.ch\/en\/regionen\/2021-12-10\/regionen-altenrhein-swisscanto-verkauf-werkplatz\/#primaryimage","url":"https:\/\/www.immobilienbusiness.ch\/wp-content\/uploads\/2020\/07\/stadler.jpg","contentUrl":"https:\/\/www.immobilienbusiness.ch\/wp-content\/uploads\/2020\/07\/stadler.jpg","width":505,"height":338,"caption":"Der Werkplatz Altenrhein (Bild: Swisscanto Invest)"},{"@type":"BreadcrumbList","@id":"https:\/\/www.immobilienbusiness.ch\/en\/regionen\/2021-12-10\/regionen-altenrhein-swisscanto-verkauf-werkplatz\/#breadcrumb","itemListElement":[{"@type":"ListItem","position":1,"name":"Home","item":"https:\/\/www.immobilienbusiness.ch\/"},{"@type":"ListItem","position":2,"name":"Altenrhein: Swisscanto verkauft den \u00abWerkplatz\u00bb"}]},{"@type":"WebSite","@id":"https:\/\/www.immobilienbusiness.ch\/#website","url":"https:\/\/www.immobilienbusiness.ch\/","name":"IMMOBILIER Business","description":"Magazine \u00e9conomique suisse ind\u00e9pendant ax\u00e9 sur l'immobilier, l'architecture et la construction ainsi que sur les investissements et le financement.","publisher":{"@id":"https:\/\/www.immobilienbusiness.ch\/#organization"},"potentialAction":[{"@type":"SearchAction","target":{"@type":"EntryPoint","urlTemplate":"https:\/\/www.immobilienbusiness.ch\/?s={search_term_string}"},"query-input":{"@type":"PropertyValueSpecification","valueRequired":true,"valueName":"search_term_string"}}],"inLanguage":"fr-FR"},{"@type":"Organization","@id":"https:\/\/www.immobilienbusiness.ch\/#organization","name":"IMMOBILIER Business","url":"https:\/\/www.immobilienbusiness.ch\/","logo":{"@type":"ImageObject","inLanguage":"fr-FR","@id":"https:\/\/www.immobilienbusiness.ch\/#\/schema\/logo\/image\/","url":"https:\/\/www.immobilienbusiness.ch\/wp-content\/uploads\/2021\/07\/logo_ib.png","contentUrl":"https:\/\/www.immobilienbusiness.ch\/wp-content\/uploads\/2021\/07\/logo_ib.png","width":800,"height":181,"caption":"IMMOBILIEN Business"},"image":{"@id":"https:\/\/www.immobilienbusiness.ch\/#\/schema\/logo\/image\/"},"sameAs":["https:\/\/www.facebook.com\/immobilienbusiness\/"]},{"@type":"Person","@id":"https:\/\/www.immobilienbusiness.ch\/#\/schema\/person\/3fc036297b10b9f42d6db5ee932af8c8","name":"anja.hall","image":{"@type":"ImageObject","inLanguage":"fr-FR","@id":"https:\/\/secure.gravatar.com\/avatar\/066b5a0d447013502c71a5782f4f3469f03cfe595cc2329fb94652fe47511bfb?s=96&d=mm&r=g","url":"https:\/\/secure.gravatar.com\/avatar\/066b5a0d447013502c71a5782f4f3469f03cfe595cc2329fb94652fe47511bfb?s=96&d=mm&r=g","contentUrl":"https:\/\/secure.gravatar.com\/avatar\/066b5a0d447013502c71a5782f4f3469f03cfe595cc2329fb94652fe47511bfb?s=96&d=mm&r=g","caption":"anja.hall"},"url":"https:\/\/www.immobilienbusiness.ch\/fr\/author\/anja-hall\/"}]}},"_links":{"self":[{"href":"https:\/\/www.immobilienbusiness.ch\/fr\/wp-json\/wp\/v2\/posts\/39441","targetHints":{"allow":["GET"]}}],"collection":[{"href":"https:\/\/www.immobilienbusiness.ch\/fr\/wp-json\/wp\/v2\/posts"}],"about":[{"href":"https:\/\/www.immobilienbusiness.ch\/fr\/wp-json\/wp\/v2\/types\/post"}],"author":[{"embeddable":true,"href":"https:\/\/www.immobilienbusiness.ch\/fr\/wp-json\/wp\/v2\/users\/3"}],"replies":[{"embeddable":true,"href":"https:\/\/www.immobilienbusiness.ch\/fr\/wp-json\/wp\/v2\/comments?post=39441"}],"version-history":[{"count":4,"href":"https:\/\/www.immobilienbusiness.ch\/fr\/wp-json\/wp\/v2\/posts\/39441\/revisions"}],"predecessor-version":[{"id":39482,"href":"https:\/\/www.immobilienbusiness.ch\/fr\/wp-json\/wp\/v2\/posts\/39441\/revisions\/39482"}],"wp:featuredmedia":[{"embeddable":true,"href":"https:\/\/www.immobilienbusiness.ch\/fr\/wp-json\/wp\/v2\/media\/21949"}],"wp:attachment":[{"href":"https:\/\/www.immobilienbusiness.ch\/fr\/wp-json\/wp\/v2\/media?parent=39441"}],"wp:term":[{"taxonomy":"category","embeddable":true,"href":"https:\/\/www.immobilienbusiness.ch\/fr\/wp-json\/wp\/v2\/categories?post=39441"},{"taxonomy":"post_tag","embeddable":true,"href":"https:\/\/www.immobilienbusiness.ch\/fr\/wp-json\/wp\/v2\/tags?post=39441"}],"curies":[{"name":"wp","href":"https:\/\/api.w.org\/{rel}","templated":true}]}}