{"id":39435,"date":"2021-12-13T08:57:28","date_gmt":"2021-12-13T07:57:28","guid":{"rendered":"https:\/\/www.immobilienbusiness.ch\/?p=39435"},"modified":"2021-12-13T08:57:28","modified_gmt":"2021-12-13T07:57:28","slug":"edmond-de-rothschild-reim-debt-fonds-finanziert-pariser-projektentwicklung","status":"publish","type":"post","link":"https:\/\/www.immobilienbusiness.ch\/fr\/residential\/2021-12-13\/edmond-de-rothschild-reim-debt-fonds-finanziert-pariser-projektentwicklung\/","title":{"rendered":"Edmond de Rothschild REIM : un fonds de dette finance le d\u00e9veloppement d'un projet parisien"},"content":{"rendered":"<figure id=\"attachment_39436\" aria-describedby=\"caption-attachment-39436\" style=\"width: 2560px\" class=\"wp-caption alignnone\"><img loading=\"lazy\" decoding=\"async\" class=\"wp-image-39436 size-full\" src=\"https:\/\/www.immobilienbusiness.ch\/wp-content\/uploads\/2021\/12\/Paris-Quai-de-Grenelle-Copyright-Archikubik-scaled.jpg\" alt=\"\" width=\"2560\" height=\"1707\" srcset=\"https:\/\/www.immobilienbusiness.ch\/wp-content\/uploads\/2021\/12\/Paris-Quai-de-Grenelle-Copyright-Archikubik-scaled.jpg 1200w, https:\/\/www.immobilienbusiness.ch\/wp-content\/uploads\/2021\/12\/Paris-Quai-de-Grenelle-Copyright-Archikubik-300x200.jpg 300w, https:\/\/www.immobilienbusiness.ch\/wp-content\/uploads\/2021\/12\/Paris-Quai-de-Grenelle-Copyright-Archikubik-1024x683.jpg 1024w, https:\/\/www.immobilienbusiness.ch\/wp-content\/uploads\/2021\/12\/Paris-Quai-de-Grenelle-Copyright-Archikubik-768x512.jpg 768w, https:\/\/www.immobilienbusiness.ch\/wp-content\/uploads\/2021\/12\/Paris-Quai-de-Grenelle-Copyright-Archikubik-1536x1024.jpg 1536w, https:\/\/www.immobilienbusiness.ch\/wp-content\/uploads\/2021\/12\/Paris-Quai-de-Grenelle-Copyright-Archikubik-2048x1365.jpg 2048w, https:\/\/www.immobilienbusiness.ch\/wp-content\/uploads\/2021\/12\/Paris-Quai-de-Grenelle-Copyright-Archikubik-16x12.jpg 16w, https:\/\/www.immobilienbusiness.ch\/wp-content\/uploads\/2021\/12\/Paris-Quai-de-Grenelle-Copyright-Archikubik-263x175.jpg 263w, https:\/\/www.immobilienbusiness.ch\/wp-content\/uploads\/2021\/12\/Paris-Quai-de-Grenelle-Copyright-Archikubik-525x350.jpg 525w, https:\/\/www.immobilienbusiness.ch\/wp-content\/uploads\/2021\/12\/Paris-Quai-de-Grenelle-Copyright-Archikubik-920x613.jpg 920w\" sizes=\"auto, (max-width: 2560px) 100vw, 2560px\" \/><figcaption id=\"caption-attachment-39436\" class=\"wp-caption-text\">Le projet du Quai de Grenelle \u00e0 Paris Copyright : Archikubik)<\/figcaption><\/figure>\n<p>Le fonds European Real Estate Debt Fund d'Edmond de Rothschild REIM met en place un financement mezzanine pour l'acquisition et la transformation d'une ancienne concession automobile Renault situ\u00e9e en bord de Seine dans le 15\u00e8me arrondissement de Paris. L'immeuble se trouve \u00e0 650 m\u00e8tres de la Tour Eiffel et doit \u00eatre transform\u00e9 en immeuble d'habitation. Le promoteur Capelli et le co-promoteur Imm'Extenso ont achet\u00e9 le bien \u00e0 la suite d'un appel d'offres organis\u00e9 par le vendeur Renault et la Ville de Paris.<\/p>\n<p>Le projet s'inscrit dans le cadre du programme R\u00e9inventer Paris 3 ; il est pr\u00e9vu de transformer le b\u00e2timent commercial existant en un immeuble d'habitation d'une superficie totale de 7.310 m\u00b2 r\u00e9pondant aux normes \u00e9nerg\u00e9tiques les plus strictes. Deux tiers de la surface sont pr\u00e9vus pour des logements priv\u00e9s et sociaux et un tiers pour une \u00e9cole au rez-de-chauss\u00e9e ainsi qu'au premier \u00e9tage. La transformation devrait \u00eatre achev\u00e9e en 2024. \u00c0 cette occasion, le b\u00e2timent existant de sept \u00e9tages sera \u00e9galement dot\u00e9 d'une superstructure qui offrira une vue panoramique sur la Tour Eiffel, la Seine et la ville de Paris. <em>(ah)<\/em><\/p>","protected":false},"excerpt":{"rendered":"<p>Edmond de Rothschild REIM finance, via son fonds European Real Estate Debt Fund, l'acquisition et la transformation d'un immeuble commercial situ\u00e9 au centre de Paris.<\/p>","protected":false},"author":3,"featured_media":39436,"comment_status":"closed","ping_status":"closed","sticky":false,"template":"","format":"standard","meta":{"_acf_changed":false,"_yoast_wpseo_focuskw":"Rothschild","_yoast_wpseo_title":"","_yoast_wpseo_metadesc":"Edmond de Rothschild REIM finanziert \u00fcber seinen European Real Estate Debt Fund den Erwerb und die Umwandlung einer Gewerbeimmobilie im Zentrum von Paris.","_yoast_wpseo_linkdex":42,"pgc_sgb_lightbox_settings":"","footnotes":""},"categories":[986],"tags":[1182,1331,1553,1800],"class_list":["post-39435","post","type-post","status-publish","format-standard","has-post-thumbnail","hentry","category-residential","tag-edmond-de-rothschild","tag-immobilien-finanzierung","tag-paris","tag-umnutzung"],"acf":[],"yoast_head":"<!-- This site is optimized with the Yoast SEO plugin v27.5 - https:\/\/yoast.com\/product\/yoast-seo-wordpress\/ -->\n<title>Edmond de Rothschild REIM: Debt-Fonds finanziert Pariser Projektentwicklung - IMMOBILIEN Business<\/title>\n<meta name=\"description\" content=\"Edmond de Rothschild REIM finanziert \u00fcber seinen European Real Estate Debt Fund den Erwerb und die Umwandlung einer Gewerbeimmobilie im Zentrum von Paris.\" \/>\n<meta name=\"robots\" content=\"index, follow, max-snippet:-1, max-image-preview:large, max-video-preview:-1\" \/>\n<link rel=\"canonical\" href=\"https:\/\/www.immobilienbusiness.ch\/fr\/residential\/2021-12-13\/edmond-de-rothschild-reim-debt-fonds-finanziert-pariser-projektentwicklung\/\" \/>\n<meta property=\"og:locale\" content=\"fr_FR\" \/>\n<meta property=\"og:type\" content=\"article\" \/>\n<meta property=\"og:title\" content=\"Edmond de Rothschild REIM: Debt-Fonds finanziert Pariser Projektentwicklung - IMMOBILIEN Business\" \/>\n<meta property=\"og:description\" content=\"Edmond de Rothschild REIM finanziert \u00fcber seinen European Real Estate Debt Fund den Erwerb und die Umwandlung einer Gewerbeimmobilie im Zentrum von Paris.\" \/>\n<meta property=\"og:url\" content=\"https:\/\/www.immobilienbusiness.ch\/fr\/residential\/2021-12-13\/edmond-de-rothschild-reim-debt-fonds-finanziert-pariser-projektentwicklung\/\" \/>\n<meta property=\"og:site_name\" content=\"IMMOBILIEN Business\" \/>\n<meta property=\"article:publisher\" content=\"https:\/\/www.facebook.com\/immobilienbusiness\/\" \/>\n<meta property=\"article:published_time\" content=\"2021-12-13T07:57:28+00:00\" \/>\n<meta property=\"og:image\" content=\"https:\/\/www.immobilienbusiness.ch\/wp-content\/uploads\/2021\/12\/Paris-Quai-de-Grenelle-Copyright-Archikubik-scaled.jpg\" \/>\n\t<meta property=\"og:image:width\" content=\"1200\" \/>\n\t<meta property=\"og:image:height\" content=\"800\" \/>\n\t<meta property=\"og:image:type\" content=\"image\/jpeg\" \/>\n<meta name=\"author\" content=\"anja.hall\" \/>\n<meta name=\"twitter:card\" content=\"summary_large_image\" \/>\n<meta name=\"twitter:image\" content=\"https:\/\/www.immobilienbusiness.ch\/wp-content\/uploads\/2021\/12\/Paris-Quai-de-Grenelle-Copyright-Archikubik-scaled.jpg\" \/>\n<script type=\"application\/ld+json\" class=\"yoast-schema-graph\">{\"@context\":\"https:\\\/\\\/schema.org\",\"@graph\":[{\"@type\":\"Article\",\"@id\":\"https:\\\/\\\/www.immobilienbusiness.ch\\\/de\\\/residential\\\/2021-12-13\\\/edmond-de-rothschild-reim-debt-fonds-finanziert-pariser-projektentwicklung\\\/#article\",\"isPartOf\":{\"@id\":\"https:\\\/\\\/www.immobilienbusiness.ch\\\/de\\\/residential\\\/2021-12-13\\\/edmond-de-rothschild-reim-debt-fonds-finanziert-pariser-projektentwicklung\\\/\"},\"author\":{\"name\":\"anja.hall\",\"@id\":\"https:\\\/\\\/www.immobilienbusiness.ch\\\/#\\\/schema\\\/person\\\/3fc036297b10b9f42d6db5ee932af8c8\"},\"headline\":\"Edmond de Rothschild REIM: Debt-Fonds finanziert Pariser Projektentwicklung\",\"datePublished\":\"2021-12-13T07:57:28+00:00\",\"mainEntityOfPage\":{\"@id\":\"https:\\\/\\\/www.immobilienbusiness.ch\\\/de\\\/residential\\\/2021-12-13\\\/edmond-de-rothschild-reim-debt-fonds-finanziert-pariser-projektentwicklung\\\/\"},\"wordCount\":187,\"publisher\":{\"@id\":\"https:\\\/\\\/www.immobilienbusiness.ch\\\/#organization\"},\"image\":{\"@id\":\"https:\\\/\\\/www.immobilienbusiness.ch\\\/de\\\/residential\\\/2021-12-13\\\/edmond-de-rothschild-reim-debt-fonds-finanziert-pariser-projektentwicklung\\\/#primaryimage\"},\"thumbnailUrl\":\"https:\\\/\\\/www.immobilienbusiness.ch\\\/wp-content\\\/uploads\\\/2021\\\/12\\\/Paris-Quai-de-Grenelle-Copyright-Archikubik-scaled.jpg\",\"keywords\":[\"Edmond de Rothschild\",\"Immobilien-Finanzierung\",\"Paris\",\"Umnutzung\"],\"articleSection\":[\"RESIDENTIAL\"],\"inLanguage\":\"fr-FR\"},{\"@type\":\"WebPage\",\"@id\":\"https:\\\/\\\/www.immobilienbusiness.ch\\\/de\\\/residential\\\/2021-12-13\\\/edmond-de-rothschild-reim-debt-fonds-finanziert-pariser-projektentwicklung\\\/\",\"url\":\"https:\\\/\\\/www.immobilienbusiness.ch\\\/de\\\/residential\\\/2021-12-13\\\/edmond-de-rothschild-reim-debt-fonds-finanziert-pariser-projektentwicklung\\\/\",\"name\":\"Edmond de Rothschild REIM: Debt-Fonds finanziert Pariser Projektentwicklung - IMMOBILIEN Business\",\"isPartOf\":{\"@id\":\"https:\\\/\\\/www.immobilienbusiness.ch\\\/#website\"},\"primaryImageOfPage\":{\"@id\":\"https:\\\/\\\/www.immobilienbusiness.ch\\\/de\\\/residential\\\/2021-12-13\\\/edmond-de-rothschild-reim-debt-fonds-finanziert-pariser-projektentwicklung\\\/#primaryimage\"},\"image\":{\"@id\":\"https:\\\/\\\/www.immobilienbusiness.ch\\\/de\\\/residential\\\/2021-12-13\\\/edmond-de-rothschild-reim-debt-fonds-finanziert-pariser-projektentwicklung\\\/#primaryimage\"},\"thumbnailUrl\":\"https:\\\/\\\/www.immobilienbusiness.ch\\\/wp-content\\\/uploads\\\/2021\\\/12\\\/Paris-Quai-de-Grenelle-Copyright-Archikubik-scaled.jpg\",\"datePublished\":\"2021-12-13T07:57:28+00:00\",\"description\":\"Edmond de Rothschild REIM finanziert \u00fcber seinen European Real Estate Debt Fund den Erwerb und die Umwandlung einer Gewerbeimmobilie im Zentrum von Paris.\",\"breadcrumb\":{\"@id\":\"https:\\\/\\\/www.immobilienbusiness.ch\\\/de\\\/residential\\\/2021-12-13\\\/edmond-de-rothschild-reim-debt-fonds-finanziert-pariser-projektentwicklung\\\/#breadcrumb\"},\"inLanguage\":\"fr-FR\",\"potentialAction\":[{\"@type\":\"ReadAction\",\"target\":[\"https:\\\/\\\/www.immobilienbusiness.ch\\\/de\\\/residential\\\/2021-12-13\\\/edmond-de-rothschild-reim-debt-fonds-finanziert-pariser-projektentwicklung\\\/\"]}]},{\"@type\":\"ImageObject\",\"inLanguage\":\"fr-FR\",\"@id\":\"https:\\\/\\\/www.immobilienbusiness.ch\\\/de\\\/residential\\\/2021-12-13\\\/edmond-de-rothschild-reim-debt-fonds-finanziert-pariser-projektentwicklung\\\/#primaryimage\",\"url\":\"https:\\\/\\\/www.immobilienbusiness.ch\\\/wp-content\\\/uploads\\\/2021\\\/12\\\/Paris-Quai-de-Grenelle-Copyright-Archikubik-scaled.jpg\",\"contentUrl\":\"https:\\\/\\\/www.immobilienbusiness.ch\\\/wp-content\\\/uploads\\\/2021\\\/12\\\/Paris-Quai-de-Grenelle-Copyright-Archikubik-scaled.jpg\",\"width\":1200,\"height\":800,\"caption\":\"Das Projekt Quai de Grenelle in Paris Copyright: Archikubik)\"},{\"@type\":\"BreadcrumbList\",\"@id\":\"https:\\\/\\\/www.immobilienbusiness.ch\\\/de\\\/residential\\\/2021-12-13\\\/edmond-de-rothschild-reim-debt-fonds-finanziert-pariser-projektentwicklung\\\/#breadcrumb\",\"itemListElement\":[{\"@type\":\"ListItem\",\"position\":1,\"name\":\"Home\",\"item\":\"https:\\\/\\\/www.immobilienbusiness.ch\\\/\"},{\"@type\":\"ListItem\",\"position\":2,\"name\":\"Edmond de Rothschild REIM: Debt-Fonds finanziert Pariser Projektentwicklung\"}]},{\"@type\":\"WebSite\",\"@id\":\"https:\\\/\\\/www.immobilienbusiness.ch\\\/#website\",\"url\":\"https:\\\/\\\/www.immobilienbusiness.ch\\\/\",\"name\":\"IMMOBILIEN Business\",\"description\":\"Unabh\u00e4ngiges Schweizer Wirtschaftsmagazin mit Fokus auf Immobilien, Architektur- und Bau sowie Investment- und Finanzierung.\",\"publisher\":{\"@id\":\"https:\\\/\\\/www.immobilienbusiness.ch\\\/#organization\"},\"potentialAction\":[{\"@type\":\"SearchAction\",\"target\":{\"@type\":\"EntryPoint\",\"urlTemplate\":\"https:\\\/\\\/www.immobilienbusiness.ch\\\/?s={search_term_string}\"},\"query-input\":{\"@type\":\"PropertyValueSpecification\",\"valueRequired\":true,\"valueName\":\"search_term_string\"}}],\"inLanguage\":\"fr-FR\"},{\"@type\":\"Organization\",\"@id\":\"https:\\\/\\\/www.immobilienbusiness.ch\\\/#organization\",\"name\":\"IMMOBILIEN Business\",\"url\":\"https:\\\/\\\/www.immobilienbusiness.ch\\\/\",\"logo\":{\"@type\":\"ImageObject\",\"inLanguage\":\"fr-FR\",\"@id\":\"https:\\\/\\\/www.immobilienbusiness.ch\\\/#\\\/schema\\\/logo\\\/image\\\/\",\"url\":\"https:\\\/\\\/www.immobilienbusiness.ch\\\/wp-content\\\/uploads\\\/2021\\\/07\\\/logo_ib.png\",\"contentUrl\":\"https:\\\/\\\/www.immobilienbusiness.ch\\\/wp-content\\\/uploads\\\/2021\\\/07\\\/logo_ib.png\",\"width\":800,\"height\":181,\"caption\":\"IMMOBILIEN Business\"},\"image\":{\"@id\":\"https:\\\/\\\/www.immobilienbusiness.ch\\\/#\\\/schema\\\/logo\\\/image\\\/\"},\"sameAs\":[\"https:\\\/\\\/www.facebook.com\\\/immobilienbusiness\\\/\"]},{\"@type\":\"Person\",\"@id\":\"https:\\\/\\\/www.immobilienbusiness.ch\\\/#\\\/schema\\\/person\\\/3fc036297b10b9f42d6db5ee932af8c8\",\"name\":\"anja.hall\",\"image\":{\"@type\":\"ImageObject\",\"inLanguage\":\"fr-FR\",\"@id\":\"https:\\\/\\\/secure.gravatar.com\\\/avatar\\\/066b5a0d447013502c71a5782f4f3469f03cfe595cc2329fb94652fe47511bfb?s=96&d=mm&r=g\",\"url\":\"https:\\\/\\\/secure.gravatar.com\\\/avatar\\\/066b5a0d447013502c71a5782f4f3469f03cfe595cc2329fb94652fe47511bfb?s=96&d=mm&r=g\",\"contentUrl\":\"https:\\\/\\\/secure.gravatar.com\\\/avatar\\\/066b5a0d447013502c71a5782f4f3469f03cfe595cc2329fb94652fe47511bfb?s=96&d=mm&r=g\",\"caption\":\"anja.hall\"},\"url\":\"https:\\\/\\\/www.immobilienbusiness.ch\\\/fr\\\/author\\\/anja-hall\\\/\"}]}<\/script>\n<!-- \/ Yoast SEO plugin. -->","yoast_head_json":{"title":"Edmond de Rothschild REIM: Debt-Fonds finanziert Pariser Projektentwicklung - IMMOBILIEN Business","description":"Edmond de Rothschild REIM finance, via son fonds European Real Estate Debt Fund, l'acquisition et la transformation d'un immeuble commercial situ\u00e9 au centre de Paris.","robots":{"index":"index","follow":"follow","max-snippet":"max-snippet:-1","max-image-preview":"max-image-preview:large","max-video-preview":"max-video-preview:-1"},"canonical":"https:\/\/www.immobilienbusiness.ch\/fr\/residential\/2021-12-13\/edmond-de-rothschild-reim-debt-fonds-finanziert-pariser-projektentwicklung\/","og_locale":"fr_FR","og_type":"article","og_title":"Edmond de Rothschild REIM: Debt-Fonds finanziert Pariser Projektentwicklung - IMMOBILIEN Business","og_description":"Edmond de Rothschild REIM finanziert \u00fcber seinen European Real Estate Debt Fund den Erwerb und die Umwandlung einer Gewerbeimmobilie im Zentrum von Paris.","og_url":"https:\/\/www.immobilienbusiness.ch\/fr\/residential\/2021-12-13\/edmond-de-rothschild-reim-debt-fonds-finanziert-pariser-projektentwicklung\/","og_site_name":"IMMOBILIEN Business","article_publisher":"https:\/\/www.facebook.com\/immobilienbusiness\/","article_published_time":"2021-12-13T07:57:28+00:00","og_image":[{"width":1200,"height":800,"url":"https:\/\/www.immobilienbusiness.ch\/wp-content\/uploads\/2021\/12\/Paris-Quai-de-Grenelle-Copyright-Archikubik-scaled.jpg","type":"image\/jpeg"}],"author":"anja.hall","twitter_card":"summary_large_image","twitter_image":"https:\/\/www.immobilienbusiness.ch\/wp-content\/uploads\/2021\/12\/Paris-Quai-de-Grenelle-Copyright-Archikubik-scaled.jpg","schema":{"@context":"https:\/\/schema.org","@graph":[{"@type":"Article","@id":"https:\/\/www.immobilienbusiness.ch\/de\/residential\/2021-12-13\/edmond-de-rothschild-reim-debt-fonds-finanziert-pariser-projektentwicklung\/#article","isPartOf":{"@id":"https:\/\/www.immobilienbusiness.ch\/de\/residential\/2021-12-13\/edmond-de-rothschild-reim-debt-fonds-finanziert-pariser-projektentwicklung\/"},"author":{"name":"anja.hall","@id":"https:\/\/www.immobilienbusiness.ch\/#\/schema\/person\/3fc036297b10b9f42d6db5ee932af8c8"},"headline":"Edmond de Rothschild REIM: Debt-Fonds finanziert Pariser Projektentwicklung","datePublished":"2021-12-13T07:57:28+00:00","mainEntityOfPage":{"@id":"https:\/\/www.immobilienbusiness.ch\/de\/residential\/2021-12-13\/edmond-de-rothschild-reim-debt-fonds-finanziert-pariser-projektentwicklung\/"},"wordCount":187,"publisher":{"@id":"https:\/\/www.immobilienbusiness.ch\/#organization"},"image":{"@id":"https:\/\/www.immobilienbusiness.ch\/de\/residential\/2021-12-13\/edmond-de-rothschild-reim-debt-fonds-finanziert-pariser-projektentwicklung\/#primaryimage"},"thumbnailUrl":"https:\/\/www.immobilienbusiness.ch\/wp-content\/uploads\/2021\/12\/Paris-Quai-de-Grenelle-Copyright-Archikubik-scaled.jpg","keywords":["Edmond de Rothschild","Immobilien-Finanzierung","Paris","Umnutzung"],"articleSection":["RESIDENTIAL"],"inLanguage":"fr-FR"},{"@type":"WebPage","@id":"https:\/\/www.immobilienbusiness.ch\/de\/residential\/2021-12-13\/edmond-de-rothschild-reim-debt-fonds-finanziert-pariser-projektentwicklung\/","url":"https:\/\/www.immobilienbusiness.ch\/de\/residential\/2021-12-13\/edmond-de-rothschild-reim-debt-fonds-finanziert-pariser-projektentwicklung\/","name":"Edmond de Rothschild REIM: Debt-Fonds finanziert Pariser Projektentwicklung - IMMOBILIEN Business","isPartOf":{"@id":"https:\/\/www.immobilienbusiness.ch\/#website"},"primaryImageOfPage":{"@id":"https:\/\/www.immobilienbusiness.ch\/de\/residential\/2021-12-13\/edmond-de-rothschild-reim-debt-fonds-finanziert-pariser-projektentwicklung\/#primaryimage"},"image":{"@id":"https:\/\/www.immobilienbusiness.ch\/de\/residential\/2021-12-13\/edmond-de-rothschild-reim-debt-fonds-finanziert-pariser-projektentwicklung\/#primaryimage"},"thumbnailUrl":"https:\/\/www.immobilienbusiness.ch\/wp-content\/uploads\/2021\/12\/Paris-Quai-de-Grenelle-Copyright-Archikubik-scaled.jpg","datePublished":"2021-12-13T07:57:28+00:00","description":"Edmond de Rothschild REIM finance, via son fonds European Real Estate Debt Fund, l'acquisition et la transformation d'un immeuble commercial situ\u00e9 au centre de Paris.","breadcrumb":{"@id":"https:\/\/www.immobilienbusiness.ch\/de\/residential\/2021-12-13\/edmond-de-rothschild-reim-debt-fonds-finanziert-pariser-projektentwicklung\/#breadcrumb"},"inLanguage":"fr-FR","potentialAction":[{"@type":"ReadAction","target":["https:\/\/www.immobilienbusiness.ch\/de\/residential\/2021-12-13\/edmond-de-rothschild-reim-debt-fonds-finanziert-pariser-projektentwicklung\/"]}]},{"@type":"ImageObject","inLanguage":"fr-FR","@id":"https:\/\/www.immobilienbusiness.ch\/de\/residential\/2021-12-13\/edmond-de-rothschild-reim-debt-fonds-finanziert-pariser-projektentwicklung\/#primaryimage","url":"https:\/\/www.immobilienbusiness.ch\/wp-content\/uploads\/2021\/12\/Paris-Quai-de-Grenelle-Copyright-Archikubik-scaled.jpg","contentUrl":"https:\/\/www.immobilienbusiness.ch\/wp-content\/uploads\/2021\/12\/Paris-Quai-de-Grenelle-Copyright-Archikubik-scaled.jpg","width":1200,"height":800,"caption":"Das Projekt Quai de Grenelle in Paris Copyright: Archikubik)"},{"@type":"BreadcrumbList","@id":"https:\/\/www.immobilienbusiness.ch\/de\/residential\/2021-12-13\/edmond-de-rothschild-reim-debt-fonds-finanziert-pariser-projektentwicklung\/#breadcrumb","itemListElement":[{"@type":"ListItem","position":1,"name":"Home","item":"https:\/\/www.immobilienbusiness.ch\/"},{"@type":"ListItem","position":2,"name":"Edmond de Rothschild REIM: Debt-Fonds finanziert Pariser Projektentwicklung"}]},{"@type":"WebSite","@id":"https:\/\/www.immobilienbusiness.ch\/#website","url":"https:\/\/www.immobilienbusiness.ch\/","name":"IMMOBILIER Business","description":"Magazine \u00e9conomique suisse ind\u00e9pendant ax\u00e9 sur l'immobilier, l'architecture et la construction ainsi que sur les investissements et le financement.","publisher":{"@id":"https:\/\/www.immobilienbusiness.ch\/#organization"},"potentialAction":[{"@type":"SearchAction","target":{"@type":"EntryPoint","urlTemplate":"https:\/\/www.immobilienbusiness.ch\/?s={search_term_string}"},"query-input":{"@type":"PropertyValueSpecification","valueRequired":true,"valueName":"search_term_string"}}],"inLanguage":"fr-FR"},{"@type":"Organization","@id":"https:\/\/www.immobilienbusiness.ch\/#organization","name":"IMMOBILIER Business","url":"https:\/\/www.immobilienbusiness.ch\/","logo":{"@type":"ImageObject","inLanguage":"fr-FR","@id":"https:\/\/www.immobilienbusiness.ch\/#\/schema\/logo\/image\/","url":"https:\/\/www.immobilienbusiness.ch\/wp-content\/uploads\/2021\/07\/logo_ib.png","contentUrl":"https:\/\/www.immobilienbusiness.ch\/wp-content\/uploads\/2021\/07\/logo_ib.png","width":800,"height":181,"caption":"IMMOBILIEN Business"},"image":{"@id":"https:\/\/www.immobilienbusiness.ch\/#\/schema\/logo\/image\/"},"sameAs":["https:\/\/www.facebook.com\/immobilienbusiness\/"]},{"@type":"Person","@id":"https:\/\/www.immobilienbusiness.ch\/#\/schema\/person\/3fc036297b10b9f42d6db5ee932af8c8","name":"anja.hall","image":{"@type":"ImageObject","inLanguage":"fr-FR","@id":"https:\/\/secure.gravatar.com\/avatar\/066b5a0d447013502c71a5782f4f3469f03cfe595cc2329fb94652fe47511bfb?s=96&d=mm&r=g","url":"https:\/\/secure.gravatar.com\/avatar\/066b5a0d447013502c71a5782f4f3469f03cfe595cc2329fb94652fe47511bfb?s=96&d=mm&r=g","contentUrl":"https:\/\/secure.gravatar.com\/avatar\/066b5a0d447013502c71a5782f4f3469f03cfe595cc2329fb94652fe47511bfb?s=96&d=mm&r=g","caption":"anja.hall"},"url":"https:\/\/www.immobilienbusiness.ch\/fr\/author\/anja-hall\/"}]}},"_links":{"self":[{"href":"https:\/\/www.immobilienbusiness.ch\/fr\/wp-json\/wp\/v2\/posts\/39435","targetHints":{"allow":["GET"]}}],"collection":[{"href":"https:\/\/www.immobilienbusiness.ch\/fr\/wp-json\/wp\/v2\/posts"}],"about":[{"href":"https:\/\/www.immobilienbusiness.ch\/fr\/wp-json\/wp\/v2\/types\/post"}],"author":[{"embeddable":true,"href":"https:\/\/www.immobilienbusiness.ch\/fr\/wp-json\/wp\/v2\/users\/3"}],"replies":[{"embeddable":true,"href":"https:\/\/www.immobilienbusiness.ch\/fr\/wp-json\/wp\/v2\/comments?post=39435"}],"version-history":[{"count":2,"href":"https:\/\/www.immobilienbusiness.ch\/fr\/wp-json\/wp\/v2\/posts\/39435\/revisions"}],"predecessor-version":[{"id":39447,"href":"https:\/\/www.immobilienbusiness.ch\/fr\/wp-json\/wp\/v2\/posts\/39435\/revisions\/39447"}],"wp:featuredmedia":[{"embeddable":true,"href":"https:\/\/www.immobilienbusiness.ch\/fr\/wp-json\/wp\/v2\/media\/39436"}],"wp:attachment":[{"href":"https:\/\/www.immobilienbusiness.ch\/fr\/wp-json\/wp\/v2\/media?parent=39435"}],"wp:term":[{"taxonomy":"category","embeddable":true,"href":"https:\/\/www.immobilienbusiness.ch\/fr\/wp-json\/wp\/v2\/categories?post=39435"},{"taxonomy":"post_tag","embeddable":true,"href":"https:\/\/www.immobilienbusiness.ch\/fr\/wp-json\/wp\/v2\/tags?post=39435"}],"curies":[{"name":"wp","href":"https:\/\/api.w.org\/{rel}","templated":true}]}}