{"id":39300,"date":"2021-11-30T07:57:16","date_gmt":"2021-11-30T06:57:16","guid":{"rendered":"https:\/\/www.immobilienbusiness.ch\/?p=39300"},"modified":"2021-11-30T09:03:26","modified_gmt":"2021-11-30T08:03:26","slug":"zuerich-pflegezentrum-bachwiesen-soll-ausgebaut-werden","status":"publish","type":"post","link":"https:\/\/www.immobilienbusiness.ch\/fr\/regionen\/2021-11-30\/zuerich-pflegezentrum-bachwiesen-soll-ausgebaut-werden\/","title":{"rendered":"Zurich : le centre de soins Bachwiesen doit \u00eatre agrandi"},"content":{"rendered":"<figure id=\"attachment_39301\" aria-describedby=\"caption-attachment-39301\" style=\"width: 1772px\" class=\"wp-caption alignnone\"><img loading=\"lazy\" decoding=\"async\" class=\"wp-image-39301 size-full\" src=\"https:\/\/www.immobilienbusiness.ch\/wp-content\/uploads\/2021\/11\/GZA-Bachwiesen-Visualisierung-Siegerprojekt-WANDALON-Ansicht-Ersatzneubau-von-der-Parkanlage.jpg\" alt=\"\" width=\"1772\" height=\"1181\" srcset=\"https:\/\/www.immobilienbusiness.ch\/wp-content\/uploads\/2021\/11\/GZA-Bachwiesen-Visualisierung-Siegerprojekt-WANDALON-Ansicht-Ersatzneubau-von-der-Parkanlage.jpg 1200w, https:\/\/www.immobilienbusiness.ch\/wp-content\/uploads\/2021\/11\/GZA-Bachwiesen-Visualisierung-Siegerprojekt-WANDALON-Ansicht-Ersatzneubau-von-der-Parkanlage-300x200.jpg 300w, https:\/\/www.immobilienbusiness.ch\/wp-content\/uploads\/2021\/11\/GZA-Bachwiesen-Visualisierung-Siegerprojekt-WANDALON-Ansicht-Ersatzneubau-von-der-Parkanlage-1024x682.jpg 1024w, https:\/\/www.immobilienbusiness.ch\/wp-content\/uploads\/2021\/11\/GZA-Bachwiesen-Visualisierung-Siegerprojekt-WANDALON-Ansicht-Ersatzneubau-von-der-Parkanlage-768x512.jpg 768w, https:\/\/www.immobilienbusiness.ch\/wp-content\/uploads\/2021\/11\/GZA-Bachwiesen-Visualisierung-Siegerprojekt-WANDALON-Ansicht-Ersatzneubau-von-der-Parkanlage-1536x1024.jpg 1536w, https:\/\/www.immobilienbusiness.ch\/wp-content\/uploads\/2021\/11\/GZA-Bachwiesen-Visualisierung-Siegerprojekt-WANDALON-Ansicht-Ersatzneubau-von-der-Parkanlage-16x12.jpg 16w, https:\/\/www.immobilienbusiness.ch\/wp-content\/uploads\/2021\/11\/GZA-Bachwiesen-Visualisierung-Siegerprojekt-WANDALON-Ansicht-Ersatzneubau-von-der-Parkanlage-263x175.jpg 263w, https:\/\/www.immobilienbusiness.ch\/wp-content\/uploads\/2021\/11\/GZA-Bachwiesen-Visualisierung-Siegerprojekt-WANDALON-Ansicht-Ersatzneubau-von-der-Parkanlage-525x350.jpg 525w, https:\/\/www.immobilienbusiness.ch\/wp-content\/uploads\/2021\/11\/GZA-Bachwiesen-Visualisierung-Siegerprojekt-WANDALON-Ansicht-Ersatzneubau-von-der-Parkanlage-920x613.jpg 920w\" sizes=\"auto, (max-width: 1772px) 100vw, 1772px\" \/><figcaption id=\"caption-attachment-39301\" class=\"wp-caption-text\">Visualisation du projet gagnant pour le centre de soins Bachwiesen (\u00a9 Piertzovanis Toews, B\u00e2le)<\/figcaption><\/figure>\n<p>D'ici 2029, le centre de soins Bachwiesen \u00e0 Zurich-Albisrieden doit \u00eatre agrandi pour devenir un centre de sant\u00e9 pour personnes \u00e2g\u00e9es (GZA) avec 184 lits. Le complexe se compose de deux maisons A et B ainsi que d'une aile centrale. La maison B (64 lits) et l'aile centrale ont \u00e9t\u00e9 r\u00e9alis\u00e9es en 2003 selon les plans du cabinet d'architectes Althammer Hochuli et doivent rester en place. Le b\u00e2timent A, vieux de 60 ans et qui compte aujourd'hui 72 lits, sera en revanche d\u00e9moli et remplac\u00e9 par un nouveau b\u00e2timent. Le nouveau b\u00e2timent A comprendra \u00e0 l'avenir 120 lits et un centre de jour avec des services ambulatoires. L'\u00e9quipe d'architectes de Piertzovanis Toews de B\u00e2le a remport\u00e9 le concours de projet pour ce projet, en collaboration avec le bureau d'architectes paysagistes Zwahlen + Zwahlen de Cham.<\/p>\n<p>Le nouveau b\u00e2timent de sept \u00e9tages doit \u00eatre l\u00e9g\u00e8rement d\u00e9cal\u00e9 par rapport \u00e0 la limite nord de la parcelle et accol\u00e9 \u00e0 l'aile centrale. De cette mani\u00e8re, on obtient un ensemble de b\u00e2timents coh\u00e9rent avec le b\u00e2timent B et une grande surface de parking d'un seul tenant. Le nouveau centre de jour est situ\u00e9 au rez-de-chauss\u00e9e, o\u00f9 se trouvent \u00e9galement l'entr\u00e9e, le restaurant et d'autres espaces et zones accessibles au public.<\/p>\n<p>La ville de Zurich estime les co\u00fbts de construction du nouveau b\u00e2timent de remplacement \u00e0 61 millions de CHF (sans les r\u00e9serves ; pr\u00e9cision +\/-25%). La votation populaire sur le projet de construction devrait avoir lieu en 2024. Le d\u00e9but des travaux pourrait alors avoir lieu en 2025 et l'emm\u00e9nagement en 2029. <em>(ah)<\/em><\/p>","protected":false},"excerpt":{"rendered":"<p>Le centre de soins Bachwiesen \u00e0 Zurich-Albisrieden doit devenir un centre de sant\u00e9 pour personnes \u00e2g\u00e9es (GZA). Pour ce faire, il est pr\u00e9vu de remplacer le b\u00e2timent A par un nouveau b\u00e2timent. <\/p>","protected":false},"author":3,"featured_media":39301,"comment_status":"closed","ping_status":"closed","sticky":false,"template":"","format":"standard","meta":{"_acf_changed":false,"_yoast_wpseo_focuskw":"Bachwiesen","_yoast_wpseo_title":"","_yoast_wpseo_metadesc":"Das Pflegezentrum Bachwiesen in Z\u00fcrich-Albisrieden soll zu einem Gesundheitszentrum f\u00fcr das Alter (GZA) werden. Dazu ist ein Ersatzneubau geplant.","_yoast_wpseo_linkdex":60,"pgc_sgb_lightbox_settings":"","footnotes":""},"categories":[985],"tags":[1269,1600,1888],"class_list":["post-39300","post","type-post","status-publish","format-standard","has-post-thumbnail","hentry","category-regionen","tag-gesundheitsimmobilien","tag-projekt-in-planung","tag-zuerich"],"acf":[],"yoast_head":"<!-- This site is optimized with the Yoast SEO plugin v27.4 - https:\/\/yoast.com\/product\/yoast-seo-wordpress\/ -->\n<title>Z\u00fcrich: Pflegezentrum Bachwiesen soll ausgebaut werden - IMMOBILIEN Business<\/title>\n<meta name=\"description\" content=\"Das Pflegezentrum Bachwiesen in Z\u00fcrich-Albisrieden soll zu einem Gesundheitszentrum f\u00fcr das Alter (GZA) werden. Dazu ist ein Ersatzneubau geplant.\" \/>\n<meta name=\"robots\" content=\"index, follow, max-snippet:-1, max-image-preview:large, max-video-preview:-1\" \/>\n<link rel=\"canonical\" href=\"https:\/\/www.immobilienbusiness.ch\/fr\/regionen\/2021-11-30\/zuerich-pflegezentrum-bachwiesen-soll-ausgebaut-werden\/\" \/>\n<meta property=\"og:locale\" content=\"fr_FR\" \/>\n<meta property=\"og:type\" content=\"article\" \/>\n<meta property=\"og:title\" content=\"Z\u00fcrich: Pflegezentrum Bachwiesen soll ausgebaut werden - IMMOBILIEN Business\" \/>\n<meta property=\"og:description\" content=\"Das Pflegezentrum Bachwiesen in Z\u00fcrich-Albisrieden soll zu einem Gesundheitszentrum f\u00fcr das Alter (GZA) werden. Dazu ist ein Ersatzneubau geplant.\" \/>\n<meta property=\"og:url\" content=\"https:\/\/www.immobilienbusiness.ch\/fr\/regionen\/2021-11-30\/zuerich-pflegezentrum-bachwiesen-soll-ausgebaut-werden\/\" \/>\n<meta property=\"og:site_name\" content=\"IMMOBILIEN Business\" \/>\n<meta property=\"article:publisher\" content=\"https:\/\/www.facebook.com\/immobilienbusiness\/\" \/>\n<meta property=\"article:published_time\" content=\"2021-11-30T06:57:16+00:00\" \/>\n<meta property=\"article:modified_time\" content=\"2021-11-30T08:03:26+00:00\" \/>\n<meta property=\"og:image\" content=\"https:\/\/www.immobilienbusiness.ch\/wp-content\/uploads\/2021\/11\/GZA-Bachwiesen-Visualisierung-Siegerprojekt-WANDALON-Ansicht-Ersatzneubau-von-der-Parkanlage.jpg\" \/>\n\t<meta property=\"og:image:width\" content=\"1200\" \/>\n\t<meta property=\"og:image:height\" content=\"800\" \/>\n\t<meta property=\"og:image:type\" content=\"image\/jpeg\" \/>\n<meta name=\"author\" content=\"anja.hall\" \/>\n<meta name=\"twitter:card\" content=\"summary_large_image\" \/>\n<meta name=\"twitter:image\" content=\"https:\/\/www.immobilienbusiness.ch\/wp-content\/uploads\/2021\/11\/GZA-Bachwiesen-Visualisierung-Siegerprojekt-WANDALON-Ansicht-Ersatzneubau-von-der-Parkanlage.jpg\" \/>\n<script type=\"application\/ld+json\" class=\"yoast-schema-graph\">{\"@context\":\"https:\\\/\\\/schema.org\",\"@graph\":[{\"@type\":\"Article\",\"@id\":\"https:\\\/\\\/www.immobilienbusiness.ch\\\/it\\\/regionen\\\/2021-11-30\\\/zuerich-pflegezentrum-bachwiesen-soll-ausgebaut-werden\\\/#article\",\"isPartOf\":{\"@id\":\"https:\\\/\\\/www.immobilienbusiness.ch\\\/it\\\/regionen\\\/2021-11-30\\\/zuerich-pflegezentrum-bachwiesen-soll-ausgebaut-werden\\\/\"},\"author\":{\"name\":\"anja.hall\",\"@id\":\"https:\\\/\\\/www.immobilienbusiness.ch\\\/#\\\/schema\\\/person\\\/3fc036297b10b9f42d6db5ee932af8c8\"},\"headline\":\"Z\u00fcrich: Pflegezentrum Bachwiesen soll ausgebaut werden\",\"datePublished\":\"2021-11-30T06:57:16+00:00\",\"dateModified\":\"2021-11-30T08:03:26+00:00\",\"mainEntityOfPage\":{\"@id\":\"https:\\\/\\\/www.immobilienbusiness.ch\\\/it\\\/regionen\\\/2021-11-30\\\/zuerich-pflegezentrum-bachwiesen-soll-ausgebaut-werden\\\/\"},\"wordCount\":241,\"publisher\":{\"@id\":\"https:\\\/\\\/www.immobilienbusiness.ch\\\/#organization\"},\"image\":{\"@id\":\"https:\\\/\\\/www.immobilienbusiness.ch\\\/it\\\/regionen\\\/2021-11-30\\\/zuerich-pflegezentrum-bachwiesen-soll-ausgebaut-werden\\\/#primaryimage\"},\"thumbnailUrl\":\"https:\\\/\\\/www.immobilienbusiness.ch\\\/wp-content\\\/uploads\\\/2021\\\/11\\\/GZA-Bachwiesen-Visualisierung-Siegerprojekt-WANDALON-Ansicht-Ersatzneubau-von-der-Parkanlage.jpg\",\"keywords\":[\"Gesundheitsimmobilien\",\"Projekt in Planung\",\"Z\u00fcrich\"],\"articleSection\":[\"REGIONEN\"],\"inLanguage\":\"fr-FR\"},{\"@type\":\"WebPage\",\"@id\":\"https:\\\/\\\/www.immobilienbusiness.ch\\\/it\\\/regionen\\\/2021-11-30\\\/zuerich-pflegezentrum-bachwiesen-soll-ausgebaut-werden\\\/\",\"url\":\"https:\\\/\\\/www.immobilienbusiness.ch\\\/it\\\/regionen\\\/2021-11-30\\\/zuerich-pflegezentrum-bachwiesen-soll-ausgebaut-werden\\\/\",\"name\":\"Z\u00fcrich: Pflegezentrum Bachwiesen soll ausgebaut werden - IMMOBILIEN Business\",\"isPartOf\":{\"@id\":\"https:\\\/\\\/www.immobilienbusiness.ch\\\/#website\"},\"primaryImageOfPage\":{\"@id\":\"https:\\\/\\\/www.immobilienbusiness.ch\\\/it\\\/regionen\\\/2021-11-30\\\/zuerich-pflegezentrum-bachwiesen-soll-ausgebaut-werden\\\/#primaryimage\"},\"image\":{\"@id\":\"https:\\\/\\\/www.immobilienbusiness.ch\\\/it\\\/regionen\\\/2021-11-30\\\/zuerich-pflegezentrum-bachwiesen-soll-ausgebaut-werden\\\/#primaryimage\"},\"thumbnailUrl\":\"https:\\\/\\\/www.immobilienbusiness.ch\\\/wp-content\\\/uploads\\\/2021\\\/11\\\/GZA-Bachwiesen-Visualisierung-Siegerprojekt-WANDALON-Ansicht-Ersatzneubau-von-der-Parkanlage.jpg\",\"datePublished\":\"2021-11-30T06:57:16+00:00\",\"dateModified\":\"2021-11-30T08:03:26+00:00\",\"description\":\"Das Pflegezentrum Bachwiesen in Z\u00fcrich-Albisrieden soll zu einem Gesundheitszentrum f\u00fcr das Alter (GZA) werden. Dazu ist ein Ersatzneubau geplant.\",\"breadcrumb\":{\"@id\":\"https:\\\/\\\/www.immobilienbusiness.ch\\\/it\\\/regionen\\\/2021-11-30\\\/zuerich-pflegezentrum-bachwiesen-soll-ausgebaut-werden\\\/#breadcrumb\"},\"inLanguage\":\"fr-FR\",\"potentialAction\":[{\"@type\":\"ReadAction\",\"target\":[\"https:\\\/\\\/www.immobilienbusiness.ch\\\/it\\\/regionen\\\/2021-11-30\\\/zuerich-pflegezentrum-bachwiesen-soll-ausgebaut-werden\\\/\"]}]},{\"@type\":\"ImageObject\",\"inLanguage\":\"fr-FR\",\"@id\":\"https:\\\/\\\/www.immobilienbusiness.ch\\\/it\\\/regionen\\\/2021-11-30\\\/zuerich-pflegezentrum-bachwiesen-soll-ausgebaut-werden\\\/#primaryimage\",\"url\":\"https:\\\/\\\/www.immobilienbusiness.ch\\\/wp-content\\\/uploads\\\/2021\\\/11\\\/GZA-Bachwiesen-Visualisierung-Siegerprojekt-WANDALON-Ansicht-Ersatzneubau-von-der-Parkanlage.jpg\",\"contentUrl\":\"https:\\\/\\\/www.immobilienbusiness.ch\\\/wp-content\\\/uploads\\\/2021\\\/11\\\/GZA-Bachwiesen-Visualisierung-Siegerprojekt-WANDALON-Ansicht-Ersatzneubau-von-der-Parkanlage.jpg\",\"width\":1200,\"height\":800,\"caption\":\"GZA Bachwiesen Visualisierung Siegerprojekt WANDALON Ansicht Ersatzneubau von der Parkanlage\"},{\"@type\":\"BreadcrumbList\",\"@id\":\"https:\\\/\\\/www.immobilienbusiness.ch\\\/it\\\/regionen\\\/2021-11-30\\\/zuerich-pflegezentrum-bachwiesen-soll-ausgebaut-werden\\\/#breadcrumb\",\"itemListElement\":[{\"@type\":\"ListItem\",\"position\":1,\"name\":\"Home\",\"item\":\"https:\\\/\\\/www.immobilienbusiness.ch\\\/\"},{\"@type\":\"ListItem\",\"position\":2,\"name\":\"Z\u00fcrich: Pflegezentrum Bachwiesen soll ausgebaut werden\"}]},{\"@type\":\"WebSite\",\"@id\":\"https:\\\/\\\/www.immobilienbusiness.ch\\\/#website\",\"url\":\"https:\\\/\\\/www.immobilienbusiness.ch\\\/\",\"name\":\"IMMOBILIEN Business\",\"description\":\"Unabh\u00e4ngiges Schweizer Wirtschaftsmagazin mit Fokus auf Immobilien, Architektur- und Bau sowie Investment- und Finanzierung.\",\"publisher\":{\"@id\":\"https:\\\/\\\/www.immobilienbusiness.ch\\\/#organization\"},\"potentialAction\":[{\"@type\":\"SearchAction\",\"target\":{\"@type\":\"EntryPoint\",\"urlTemplate\":\"https:\\\/\\\/www.immobilienbusiness.ch\\\/?s={search_term_string}\"},\"query-input\":{\"@type\":\"PropertyValueSpecification\",\"valueRequired\":true,\"valueName\":\"search_term_string\"}}],\"inLanguage\":\"fr-FR\"},{\"@type\":\"Organization\",\"@id\":\"https:\\\/\\\/www.immobilienbusiness.ch\\\/#organization\",\"name\":\"IMMOBILIEN Business\",\"url\":\"https:\\\/\\\/www.immobilienbusiness.ch\\\/\",\"logo\":{\"@type\":\"ImageObject\",\"inLanguage\":\"fr-FR\",\"@id\":\"https:\\\/\\\/www.immobilienbusiness.ch\\\/#\\\/schema\\\/logo\\\/image\\\/\",\"url\":\"https:\\\/\\\/www.immobilienbusiness.ch\\\/wp-content\\\/uploads\\\/2021\\\/07\\\/logo_ib.png\",\"contentUrl\":\"https:\\\/\\\/www.immobilienbusiness.ch\\\/wp-content\\\/uploads\\\/2021\\\/07\\\/logo_ib.png\",\"width\":800,\"height\":181,\"caption\":\"IMMOBILIEN Business\"},\"image\":{\"@id\":\"https:\\\/\\\/www.immobilienbusiness.ch\\\/#\\\/schema\\\/logo\\\/image\\\/\"},\"sameAs\":[\"https:\\\/\\\/www.facebook.com\\\/immobilienbusiness\\\/\"]},{\"@type\":\"Person\",\"@id\":\"https:\\\/\\\/www.immobilienbusiness.ch\\\/#\\\/schema\\\/person\\\/3fc036297b10b9f42d6db5ee932af8c8\",\"name\":\"anja.hall\",\"image\":{\"@type\":\"ImageObject\",\"inLanguage\":\"fr-FR\",\"@id\":\"https:\\\/\\\/secure.gravatar.com\\\/avatar\\\/066b5a0d447013502c71a5782f4f3469f03cfe595cc2329fb94652fe47511bfb?s=96&d=mm&r=g\",\"url\":\"https:\\\/\\\/secure.gravatar.com\\\/avatar\\\/066b5a0d447013502c71a5782f4f3469f03cfe595cc2329fb94652fe47511bfb?s=96&d=mm&r=g\",\"contentUrl\":\"https:\\\/\\\/secure.gravatar.com\\\/avatar\\\/066b5a0d447013502c71a5782f4f3469f03cfe595cc2329fb94652fe47511bfb?s=96&d=mm&r=g\",\"caption\":\"anja.hall\"},\"url\":\"https:\\\/\\\/www.immobilienbusiness.ch\\\/fr\\\/author\\\/anja-hall\\\/\"}]}<\/script>\n<!-- \/ Yoast SEO plugin. -->","yoast_head_json":{"title":"Z\u00fcrich: Pflegezentrum Bachwiesen soll ausgebaut werden - IMMOBILIEN Business","description":"Das Pflegezentrum Bachwiesen in Z\u00fcrich-Albisrieden soll zu einem Gesundheitszentrum f\u00fcr das Alter (GZA) werden. Dazu ist ein Ersatzneubau geplant.","robots":{"index":"index","follow":"follow","max-snippet":"max-snippet:-1","max-image-preview":"max-image-preview:large","max-video-preview":"max-video-preview:-1"},"canonical":"https:\/\/www.immobilienbusiness.ch\/fr\/regionen\/2021-11-30\/zuerich-pflegezentrum-bachwiesen-soll-ausgebaut-werden\/","og_locale":"fr_FR","og_type":"article","og_title":"Z\u00fcrich: Pflegezentrum Bachwiesen soll ausgebaut werden - IMMOBILIEN Business","og_description":"Das Pflegezentrum Bachwiesen in Z\u00fcrich-Albisrieden soll zu einem Gesundheitszentrum f\u00fcr das Alter (GZA) werden. Dazu ist ein Ersatzneubau geplant.","og_url":"https:\/\/www.immobilienbusiness.ch\/fr\/regionen\/2021-11-30\/zuerich-pflegezentrum-bachwiesen-soll-ausgebaut-werden\/","og_site_name":"IMMOBILIEN Business","article_publisher":"https:\/\/www.facebook.com\/immobilienbusiness\/","article_published_time":"2021-11-30T06:57:16+00:00","article_modified_time":"2021-11-30T08:03:26+00:00","og_image":[{"width":1200,"height":800,"url":"https:\/\/www.immobilienbusiness.ch\/wp-content\/uploads\/2021\/11\/GZA-Bachwiesen-Visualisierung-Siegerprojekt-WANDALON-Ansicht-Ersatzneubau-von-der-Parkanlage.jpg","type":"image\/jpeg"}],"author":"anja.hall","twitter_card":"summary_large_image","twitter_image":"https:\/\/www.immobilienbusiness.ch\/wp-content\/uploads\/2021\/11\/GZA-Bachwiesen-Visualisierung-Siegerprojekt-WANDALON-Ansicht-Ersatzneubau-von-der-Parkanlage.jpg","schema":{"@context":"https:\/\/schema.org","@graph":[{"@type":"Article","@id":"https:\/\/www.immobilienbusiness.ch\/it\/regionen\/2021-11-30\/zuerich-pflegezentrum-bachwiesen-soll-ausgebaut-werden\/#article","isPartOf":{"@id":"https:\/\/www.immobilienbusiness.ch\/it\/regionen\/2021-11-30\/zuerich-pflegezentrum-bachwiesen-soll-ausgebaut-werden\/"},"author":{"name":"anja.hall","@id":"https:\/\/www.immobilienbusiness.ch\/#\/schema\/person\/3fc036297b10b9f42d6db5ee932af8c8"},"headline":"Z\u00fcrich: Pflegezentrum Bachwiesen soll ausgebaut werden","datePublished":"2021-11-30T06:57:16+00:00","dateModified":"2021-11-30T08:03:26+00:00","mainEntityOfPage":{"@id":"https:\/\/www.immobilienbusiness.ch\/it\/regionen\/2021-11-30\/zuerich-pflegezentrum-bachwiesen-soll-ausgebaut-werden\/"},"wordCount":241,"publisher":{"@id":"https:\/\/www.immobilienbusiness.ch\/#organization"},"image":{"@id":"https:\/\/www.immobilienbusiness.ch\/it\/regionen\/2021-11-30\/zuerich-pflegezentrum-bachwiesen-soll-ausgebaut-werden\/#primaryimage"},"thumbnailUrl":"https:\/\/www.immobilienbusiness.ch\/wp-content\/uploads\/2021\/11\/GZA-Bachwiesen-Visualisierung-Siegerprojekt-WANDALON-Ansicht-Ersatzneubau-von-der-Parkanlage.jpg","keywords":["Gesundheitsimmobilien","Projekt in Planung","Z\u00fcrich"],"articleSection":["REGIONEN"],"inLanguage":"fr-FR"},{"@type":"WebPage","@id":"https:\/\/www.immobilienbusiness.ch\/it\/regionen\/2021-11-30\/zuerich-pflegezentrum-bachwiesen-soll-ausgebaut-werden\/","url":"https:\/\/www.immobilienbusiness.ch\/it\/regionen\/2021-11-30\/zuerich-pflegezentrum-bachwiesen-soll-ausgebaut-werden\/","name":"Z\u00fcrich: Pflegezentrum Bachwiesen soll ausgebaut werden - IMMOBILIEN Business","isPartOf":{"@id":"https:\/\/www.immobilienbusiness.ch\/#website"},"primaryImageOfPage":{"@id":"https:\/\/www.immobilienbusiness.ch\/it\/regionen\/2021-11-30\/zuerich-pflegezentrum-bachwiesen-soll-ausgebaut-werden\/#primaryimage"},"image":{"@id":"https:\/\/www.immobilienbusiness.ch\/it\/regionen\/2021-11-30\/zuerich-pflegezentrum-bachwiesen-soll-ausgebaut-werden\/#primaryimage"},"thumbnailUrl":"https:\/\/www.immobilienbusiness.ch\/wp-content\/uploads\/2021\/11\/GZA-Bachwiesen-Visualisierung-Siegerprojekt-WANDALON-Ansicht-Ersatzneubau-von-der-Parkanlage.jpg","datePublished":"2021-11-30T06:57:16+00:00","dateModified":"2021-11-30T08:03:26+00:00","description":"Das Pflegezentrum Bachwiesen in Z\u00fcrich-Albisrieden soll zu einem Gesundheitszentrum f\u00fcr das Alter (GZA) werden. Dazu ist ein Ersatzneubau geplant.","breadcrumb":{"@id":"https:\/\/www.immobilienbusiness.ch\/it\/regionen\/2021-11-30\/zuerich-pflegezentrum-bachwiesen-soll-ausgebaut-werden\/#breadcrumb"},"inLanguage":"fr-FR","potentialAction":[{"@type":"ReadAction","target":["https:\/\/www.immobilienbusiness.ch\/it\/regionen\/2021-11-30\/zuerich-pflegezentrum-bachwiesen-soll-ausgebaut-werden\/"]}]},{"@type":"ImageObject","inLanguage":"fr-FR","@id":"https:\/\/www.immobilienbusiness.ch\/it\/regionen\/2021-11-30\/zuerich-pflegezentrum-bachwiesen-soll-ausgebaut-werden\/#primaryimage","url":"https:\/\/www.immobilienbusiness.ch\/wp-content\/uploads\/2021\/11\/GZA-Bachwiesen-Visualisierung-Siegerprojekt-WANDALON-Ansicht-Ersatzneubau-von-der-Parkanlage.jpg","contentUrl":"https:\/\/www.immobilienbusiness.ch\/wp-content\/uploads\/2021\/11\/GZA-Bachwiesen-Visualisierung-Siegerprojekt-WANDALON-Ansicht-Ersatzneubau-von-der-Parkanlage.jpg","width":1200,"height":800,"caption":"GZA Bachwiesen Visualisierung Siegerprojekt WANDALON Ansicht Ersatzneubau von der Parkanlage"},{"@type":"BreadcrumbList","@id":"https:\/\/www.immobilienbusiness.ch\/it\/regionen\/2021-11-30\/zuerich-pflegezentrum-bachwiesen-soll-ausgebaut-werden\/#breadcrumb","itemListElement":[{"@type":"ListItem","position":1,"name":"Home","item":"https:\/\/www.immobilienbusiness.ch\/"},{"@type":"ListItem","position":2,"name":"Z\u00fcrich: Pflegezentrum Bachwiesen soll ausgebaut werden"}]},{"@type":"WebSite","@id":"https:\/\/www.immobilienbusiness.ch\/#website","url":"https:\/\/www.immobilienbusiness.ch\/","name":"IMMOBILIER Business","description":"Magazine \u00e9conomique suisse ind\u00e9pendant ax\u00e9 sur l'immobilier, l'architecture et la construction ainsi que sur les investissements et le financement.","publisher":{"@id":"https:\/\/www.immobilienbusiness.ch\/#organization"},"potentialAction":[{"@type":"SearchAction","target":{"@type":"EntryPoint","urlTemplate":"https:\/\/www.immobilienbusiness.ch\/?s={search_term_string}"},"query-input":{"@type":"PropertyValueSpecification","valueRequired":true,"valueName":"search_term_string"}}],"inLanguage":"fr-FR"},{"@type":"Organization","@id":"https:\/\/www.immobilienbusiness.ch\/#organization","name":"IMMOBILIER Business","url":"https:\/\/www.immobilienbusiness.ch\/","logo":{"@type":"ImageObject","inLanguage":"fr-FR","@id":"https:\/\/www.immobilienbusiness.ch\/#\/schema\/logo\/image\/","url":"https:\/\/www.immobilienbusiness.ch\/wp-content\/uploads\/2021\/07\/logo_ib.png","contentUrl":"https:\/\/www.immobilienbusiness.ch\/wp-content\/uploads\/2021\/07\/logo_ib.png","width":800,"height":181,"caption":"IMMOBILIEN Business"},"image":{"@id":"https:\/\/www.immobilienbusiness.ch\/#\/schema\/logo\/image\/"},"sameAs":["https:\/\/www.facebook.com\/immobilienbusiness\/"]},{"@type":"Person","@id":"https:\/\/www.immobilienbusiness.ch\/#\/schema\/person\/3fc036297b10b9f42d6db5ee932af8c8","name":"anja.hall","image":{"@type":"ImageObject","inLanguage":"fr-FR","@id":"https:\/\/secure.gravatar.com\/avatar\/066b5a0d447013502c71a5782f4f3469f03cfe595cc2329fb94652fe47511bfb?s=96&d=mm&r=g","url":"https:\/\/secure.gravatar.com\/avatar\/066b5a0d447013502c71a5782f4f3469f03cfe595cc2329fb94652fe47511bfb?s=96&d=mm&r=g","contentUrl":"https:\/\/secure.gravatar.com\/avatar\/066b5a0d447013502c71a5782f4f3469f03cfe595cc2329fb94652fe47511bfb?s=96&d=mm&r=g","caption":"anja.hall"},"url":"https:\/\/www.immobilienbusiness.ch\/fr\/author\/anja-hall\/"}]}},"_links":{"self":[{"href":"https:\/\/www.immobilienbusiness.ch\/fr\/wp-json\/wp\/v2\/posts\/39300","targetHints":{"allow":["GET"]}}],"collection":[{"href":"https:\/\/www.immobilienbusiness.ch\/fr\/wp-json\/wp\/v2\/posts"}],"about":[{"href":"https:\/\/www.immobilienbusiness.ch\/fr\/wp-json\/wp\/v2\/types\/post"}],"author":[{"embeddable":true,"href":"https:\/\/www.immobilienbusiness.ch\/fr\/wp-json\/wp\/v2\/users\/3"}],"replies":[{"embeddable":true,"href":"https:\/\/www.immobilienbusiness.ch\/fr\/wp-json\/wp\/v2\/comments?post=39300"}],"version-history":[{"count":2,"href":"https:\/\/www.immobilienbusiness.ch\/fr\/wp-json\/wp\/v2\/posts\/39300\/revisions"}],"predecessor-version":[{"id":39303,"href":"https:\/\/www.immobilienbusiness.ch\/fr\/wp-json\/wp\/v2\/posts\/39300\/revisions\/39303"}],"wp:featuredmedia":[{"embeddable":true,"href":"https:\/\/www.immobilienbusiness.ch\/fr\/wp-json\/wp\/v2\/media\/39301"}],"wp:attachment":[{"href":"https:\/\/www.immobilienbusiness.ch\/fr\/wp-json\/wp\/v2\/media?parent=39300"}],"wp:term":[{"taxonomy":"category","embeddable":true,"href":"https:\/\/www.immobilienbusiness.ch\/fr\/wp-json\/wp\/v2\/categories?post=39300"},{"taxonomy":"post_tag","embeddable":true,"href":"https:\/\/www.immobilienbusiness.ch\/fr\/wp-json\/wp\/v2\/tags?post=39300"}],"curies":[{"name":"wp","href":"https:\/\/api.w.org\/{rel}","templated":true}]}}