{"id":39240,"date":"2021-11-29T08:47:23","date_gmt":"2021-11-29T07:47:23","guid":{"rendered":"https:\/\/www.immobilienbusiness.ch\/?p=39240"},"modified":"2021-11-29T09:27:18","modified_gmt":"2021-11-29T08:27:18","slug":"zuerich-careum-campus-soll-erweitert-werden","status":"publish","type":"post","link":"https:\/\/www.immobilienbusiness.ch\/fr\/regionen\/2021-11-29\/zuerich-careum-campus-soll-erweitert-werden\/","title":{"rendered":"Zurich : le campus Careum doit \u00eatre agrandi"},"content":{"rendered":"<figure id=\"attachment_17423\" aria-describedby=\"caption-attachment-17423\" style=\"width: 648px\" class=\"wp-caption alignnone\"><img loading=\"lazy\" decoding=\"async\" class=\"wp-image-17423 size-full\" src=\"https:\/\/www.immobilienbusiness.ch\/wp-content\/uploads\/2019\/06\/Coverbild-neu-Schweizer-Immobilienbrief-282.jpg\" alt=\"\" width=\"648\" height=\"432\" srcset=\"https:\/\/www.immobilienbusiness.ch\/wp-content\/uploads\/2019\/06\/Coverbild-neu-Schweizer-Immobilienbrief-282.jpg 648w, https:\/\/www.immobilienbusiness.ch\/wp-content\/uploads\/2019\/06\/Coverbild-neu-Schweizer-Immobilienbrief-282-300x200.jpg 300w, https:\/\/www.immobilienbusiness.ch\/wp-content\/uploads\/2019\/06\/Coverbild-neu-Schweizer-Immobilienbrief-282-16x12.jpg 16w, https:\/\/www.immobilienbusiness.ch\/wp-content\/uploads\/2019\/06\/Coverbild-neu-Schweizer-Immobilienbrief-282-263x175.jpg 263w, https:\/\/www.immobilienbusiness.ch\/wp-content\/uploads\/2019\/06\/Coverbild-neu-Schweizer-Immobilienbrief-282-525x350.jpg 525w\" sizes=\"auto, (max-width: 648px) 100vw, 648px\" \/><figcaption id=\"caption-attachment-17423\" class=\"wp-caption-text\">La fondation Careum veut agrandir son campus et pr\u00e9voit une sur\u00e9l\u00e9vation du b\u00e2timent principal (Image : Minervastock\/Depositphotos)<\/figcaption><\/figure>\n<p>La fondation Careum et son campus de la Gloriastrasse \u00e0 Zurich atteignent leurs limites en termes d'espace, communique la ville de Zurich. C'est pourquoi le plan d'am\u00e9nagement priv\u00e9 \"Areal Careum\" a \u00e9t\u00e9 d\u00e9velopp\u00e9, qui doit cr\u00e9er les conditions de planification pour l'extension du site et ainsi une plus grande offre de formation initiale et continue dans le domaine de la sant\u00e9 et du social. Le conseil municipal a approuv\u00e9 le plan d'am\u00e9nagement et l'a transmis au conseil communal.<\/p>\n<p>Il est pr\u00e9vu de sur\u00e9lever le b\u00e2timent principal de quatre \u00e9tages pour atteindre un maximum de 34 m\u00e8tres. Cette solution s'est av\u00e9r\u00e9e convaincante lors de l'\u00e9tude de faisabilit\u00e9 pr\u00e9c\u00e9dente, tant du point de vue de l'urbanisme que de l'exploitation. Les possibilit\u00e9s d'utilisation par rapport au r\u00e8glement de construction et de zone en vigueur ne sont pas augment\u00e9es. Il est en outre pr\u00e9vu de v\u00e9g\u00e9taliser les espaces ext\u00e9rieurs du site Careum et de d\u00e9velopper les \u00e9nergies renouvelables au moyen d'installations solaires. <em>(a.o.)<\/em><\/p>","protected":false},"excerpt":{"rendered":"<p>Le campus Careum \u00e0 Zurich doit \u00eatre agrandi. Il est pr\u00e9vu de sur\u00e9lever le b\u00e2timent principal.<\/p>","protected":false},"author":3,"featured_media":17423,"comment_status":"closed","ping_status":"closed","sticky":false,"template":"","format":"standard","meta":{"_acf_changed":false,"_yoast_wpseo_focuskw":"Careum","_yoast_wpseo_title":"","_yoast_wpseo_metadesc":"Der Careum-Campus in Z\u00fcrich soll ausgebaut werden. Vorgesehen ist eine Aufstockung des Hauptgeb\u00e4udes.","_yoast_wpseo_linkdex":53,"pgc_sgb_lightbox_settings":"","footnotes":""},"categories":[985],"tags":[1600,1888],"class_list":["post-39240","post","type-post","status-publish","format-standard","has-post-thumbnail","hentry","category-regionen","tag-projekt-in-planung","tag-zuerich"],"acf":[],"yoast_head":"<!-- This site is optimized with the Yoast SEO plugin v27.4 - https:\/\/yoast.com\/product\/yoast-seo-wordpress\/ -->\n<title>Z\u00fcrich: Der Careum-Campus soll erweitert werden - IMMOBILIEN Business<\/title>\n<meta name=\"description\" content=\"Der Careum-Campus in Z\u00fcrich soll ausgebaut werden. Vorgesehen ist eine Aufstockung des Hauptgeb\u00e4udes.\" \/>\n<meta name=\"robots\" content=\"index, follow, max-snippet:-1, max-image-preview:large, max-video-preview:-1\" \/>\n<link rel=\"canonical\" href=\"https:\/\/www.immobilienbusiness.ch\/fr\/regionen\/2021-11-29\/zuerich-careum-campus-soll-erweitert-werden\/\" \/>\n<meta property=\"og:locale\" content=\"fr_FR\" \/>\n<meta property=\"og:type\" content=\"article\" \/>\n<meta property=\"og:title\" content=\"Z\u00fcrich: Der Careum-Campus soll erweitert werden - IMMOBILIEN Business\" \/>\n<meta property=\"og:description\" content=\"Der Careum-Campus in Z\u00fcrich soll ausgebaut werden. Vorgesehen ist eine Aufstockung des Hauptgeb\u00e4udes.\" \/>\n<meta property=\"og:url\" content=\"https:\/\/www.immobilienbusiness.ch\/fr\/regionen\/2021-11-29\/zuerich-careum-campus-soll-erweitert-werden\/\" \/>\n<meta property=\"og:site_name\" content=\"IMMOBILIEN Business\" \/>\n<meta property=\"article:publisher\" content=\"https:\/\/www.facebook.com\/immobilienbusiness\/\" \/>\n<meta property=\"article:published_time\" content=\"2021-11-29T07:47:23+00:00\" \/>\n<meta property=\"article:modified_time\" content=\"2021-11-29T08:27:18+00:00\" \/>\n<meta property=\"og:image\" content=\"https:\/\/www.immobilienbusiness.ch\/wp-content\/uploads\/2019\/06\/Coverbild-neu-Schweizer-Immobilienbrief-282.jpg\" \/>\n\t<meta property=\"og:image:width\" content=\"648\" \/>\n\t<meta property=\"og:image:height\" content=\"432\" \/>\n\t<meta property=\"og:image:type\" content=\"image\/jpeg\" \/>\n<meta name=\"author\" content=\"anja.hall\" \/>\n<meta name=\"twitter:card\" content=\"summary_large_image\" \/>\n<meta name=\"twitter:image\" content=\"https:\/\/www.immobilienbusiness.ch\/wp-content\/uploads\/2019\/06\/Coverbild-neu-Schweizer-Immobilienbrief-282.jpg\" \/>\n<script type=\"application\/ld+json\" class=\"yoast-schema-graph\">{\"@context\":\"https:\\\/\\\/schema.org\",\"@graph\":[{\"@type\":\"Article\",\"@id\":\"https:\\\/\\\/www.immobilienbusiness.ch\\\/it\\\/regionen\\\/2021-11-29\\\/zuerich-careum-campus-soll-erweitert-werden\\\/#article\",\"isPartOf\":{\"@id\":\"https:\\\/\\\/www.immobilienbusiness.ch\\\/it\\\/regionen\\\/2021-11-29\\\/zuerich-careum-campus-soll-erweitert-werden\\\/\"},\"author\":{\"name\":\"anja.hall\",\"@id\":\"https:\\\/\\\/www.immobilienbusiness.ch\\\/#\\\/schema\\\/person\\\/3fc036297b10b9f42d6db5ee932af8c8\"},\"headline\":\"Z\u00fcrich: Der Careum-Campus soll erweitert werden\",\"datePublished\":\"2021-11-29T07:47:23+00:00\",\"dateModified\":\"2021-11-29T08:27:18+00:00\",\"mainEntityOfPage\":{\"@id\":\"https:\\\/\\\/www.immobilienbusiness.ch\\\/it\\\/regionen\\\/2021-11-29\\\/zuerich-careum-campus-soll-erweitert-werden\\\/\"},\"wordCount\":169,\"publisher\":{\"@id\":\"https:\\\/\\\/www.immobilienbusiness.ch\\\/#organization\"},\"image\":{\"@id\":\"https:\\\/\\\/www.immobilienbusiness.ch\\\/it\\\/regionen\\\/2021-11-29\\\/zuerich-careum-campus-soll-erweitert-werden\\\/#primaryimage\"},\"thumbnailUrl\":\"https:\\\/\\\/www.immobilienbusiness.ch\\\/wp-content\\\/uploads\\\/2019\\\/06\\\/Coverbild-neu-Schweizer-Immobilienbrief-282.jpg\",\"keywords\":[\"Projekt in Planung\",\"Z\u00fcrich\"],\"articleSection\":[\"REGIONEN\"],\"inLanguage\":\"fr-FR\"},{\"@type\":\"WebPage\",\"@id\":\"https:\\\/\\\/www.immobilienbusiness.ch\\\/it\\\/regionen\\\/2021-11-29\\\/zuerich-careum-campus-soll-erweitert-werden\\\/\",\"url\":\"https:\\\/\\\/www.immobilienbusiness.ch\\\/it\\\/regionen\\\/2021-11-29\\\/zuerich-careum-campus-soll-erweitert-werden\\\/\",\"name\":\"Z\u00fcrich: Der Careum-Campus soll erweitert werden - IMMOBILIEN Business\",\"isPartOf\":{\"@id\":\"https:\\\/\\\/www.immobilienbusiness.ch\\\/#website\"},\"primaryImageOfPage\":{\"@id\":\"https:\\\/\\\/www.immobilienbusiness.ch\\\/it\\\/regionen\\\/2021-11-29\\\/zuerich-careum-campus-soll-erweitert-werden\\\/#primaryimage\"},\"image\":{\"@id\":\"https:\\\/\\\/www.immobilienbusiness.ch\\\/it\\\/regionen\\\/2021-11-29\\\/zuerich-careum-campus-soll-erweitert-werden\\\/#primaryimage\"},\"thumbnailUrl\":\"https:\\\/\\\/www.immobilienbusiness.ch\\\/wp-content\\\/uploads\\\/2019\\\/06\\\/Coverbild-neu-Schweizer-Immobilienbrief-282.jpg\",\"datePublished\":\"2021-11-29T07:47:23+00:00\",\"dateModified\":\"2021-11-29T08:27:18+00:00\",\"description\":\"Der Careum-Campus in Z\u00fcrich soll ausgebaut werden. Vorgesehen ist eine Aufstockung des Hauptgeb\u00e4udes.\",\"breadcrumb\":{\"@id\":\"https:\\\/\\\/www.immobilienbusiness.ch\\\/it\\\/regionen\\\/2021-11-29\\\/zuerich-careum-campus-soll-erweitert-werden\\\/#breadcrumb\"},\"inLanguage\":\"fr-FR\",\"potentialAction\":[{\"@type\":\"ReadAction\",\"target\":[\"https:\\\/\\\/www.immobilienbusiness.ch\\\/it\\\/regionen\\\/2021-11-29\\\/zuerich-careum-campus-soll-erweitert-werden\\\/\"]}]},{\"@type\":\"ImageObject\",\"inLanguage\":\"fr-FR\",\"@id\":\"https:\\\/\\\/www.immobilienbusiness.ch\\\/it\\\/regionen\\\/2021-11-29\\\/zuerich-careum-campus-soll-erweitert-werden\\\/#primaryimage\",\"url\":\"https:\\\/\\\/www.immobilienbusiness.ch\\\/wp-content\\\/uploads\\\/2019\\\/06\\\/Coverbild-neu-Schweizer-Immobilienbrief-282.jpg\",\"contentUrl\":\"https:\\\/\\\/www.immobilienbusiness.ch\\\/wp-content\\\/uploads\\\/2019\\\/06\\\/Coverbild-neu-Schweizer-Immobilienbrief-282.jpg\",\"width\":648,\"height\":432,\"caption\":\"In Bern beginnt die n\u00e4chste Phase f\u00fcr ein geplantes Wohngebiet (Bild: Minervastock\\\/Depositphotos)\"},{\"@type\":\"BreadcrumbList\",\"@id\":\"https:\\\/\\\/www.immobilienbusiness.ch\\\/it\\\/regionen\\\/2021-11-29\\\/zuerich-careum-campus-soll-erweitert-werden\\\/#breadcrumb\",\"itemListElement\":[{\"@type\":\"ListItem\",\"position\":1,\"name\":\"Home\",\"item\":\"https:\\\/\\\/www.immobilienbusiness.ch\\\/\"},{\"@type\":\"ListItem\",\"position\":2,\"name\":\"Z\u00fcrich: Der Careum-Campus soll erweitert werden\"}]},{\"@type\":\"WebSite\",\"@id\":\"https:\\\/\\\/www.immobilienbusiness.ch\\\/#website\",\"url\":\"https:\\\/\\\/www.immobilienbusiness.ch\\\/\",\"name\":\"IMMOBILIEN Business\",\"description\":\"Unabh\u00e4ngiges Schweizer Wirtschaftsmagazin mit Fokus auf Immobilien, Architektur- und Bau sowie Investment- und Finanzierung.\",\"publisher\":{\"@id\":\"https:\\\/\\\/www.immobilienbusiness.ch\\\/#organization\"},\"potentialAction\":[{\"@type\":\"SearchAction\",\"target\":{\"@type\":\"EntryPoint\",\"urlTemplate\":\"https:\\\/\\\/www.immobilienbusiness.ch\\\/?s={search_term_string}\"},\"query-input\":{\"@type\":\"PropertyValueSpecification\",\"valueRequired\":true,\"valueName\":\"search_term_string\"}}],\"inLanguage\":\"fr-FR\"},{\"@type\":\"Organization\",\"@id\":\"https:\\\/\\\/www.immobilienbusiness.ch\\\/#organization\",\"name\":\"IMMOBILIEN Business\",\"url\":\"https:\\\/\\\/www.immobilienbusiness.ch\\\/\",\"logo\":{\"@type\":\"ImageObject\",\"inLanguage\":\"fr-FR\",\"@id\":\"https:\\\/\\\/www.immobilienbusiness.ch\\\/#\\\/schema\\\/logo\\\/image\\\/\",\"url\":\"https:\\\/\\\/www.immobilienbusiness.ch\\\/wp-content\\\/uploads\\\/2021\\\/07\\\/logo_ib.png\",\"contentUrl\":\"https:\\\/\\\/www.immobilienbusiness.ch\\\/wp-content\\\/uploads\\\/2021\\\/07\\\/logo_ib.png\",\"width\":800,\"height\":181,\"caption\":\"IMMOBILIEN Business\"},\"image\":{\"@id\":\"https:\\\/\\\/www.immobilienbusiness.ch\\\/#\\\/schema\\\/logo\\\/image\\\/\"},\"sameAs\":[\"https:\\\/\\\/www.facebook.com\\\/immobilienbusiness\\\/\"]},{\"@type\":\"Person\",\"@id\":\"https:\\\/\\\/www.immobilienbusiness.ch\\\/#\\\/schema\\\/person\\\/3fc036297b10b9f42d6db5ee932af8c8\",\"name\":\"anja.hall\",\"image\":{\"@type\":\"ImageObject\",\"inLanguage\":\"fr-FR\",\"@id\":\"https:\\\/\\\/secure.gravatar.com\\\/avatar\\\/066b5a0d447013502c71a5782f4f3469f03cfe595cc2329fb94652fe47511bfb?s=96&d=mm&r=g\",\"url\":\"https:\\\/\\\/secure.gravatar.com\\\/avatar\\\/066b5a0d447013502c71a5782f4f3469f03cfe595cc2329fb94652fe47511bfb?s=96&d=mm&r=g\",\"contentUrl\":\"https:\\\/\\\/secure.gravatar.com\\\/avatar\\\/066b5a0d447013502c71a5782f4f3469f03cfe595cc2329fb94652fe47511bfb?s=96&d=mm&r=g\",\"caption\":\"anja.hall\"},\"url\":\"https:\\\/\\\/www.immobilienbusiness.ch\\\/fr\\\/author\\\/anja-hall\\\/\"}]}<\/script>\n<!-- \/ Yoast SEO plugin. -->","yoast_head_json":{"title":"Z\u00fcrich: Der Careum-Campus soll erweitert werden - IMMOBILIEN Business","description":"Le campus Careum \u00e0 Zurich doit \u00eatre agrandi. Il est pr\u00e9vu de sur\u00e9lever le b\u00e2timent principal.","robots":{"index":"index","follow":"follow","max-snippet":"max-snippet:-1","max-image-preview":"max-image-preview:large","max-video-preview":"max-video-preview:-1"},"canonical":"https:\/\/www.immobilienbusiness.ch\/fr\/regionen\/2021-11-29\/zuerich-careum-campus-soll-erweitert-werden\/","og_locale":"fr_FR","og_type":"article","og_title":"Z\u00fcrich: Der Careum-Campus soll erweitert werden - IMMOBILIEN Business","og_description":"Der Careum-Campus in Z\u00fcrich soll ausgebaut werden. Vorgesehen ist eine Aufstockung des Hauptgeb\u00e4udes.","og_url":"https:\/\/www.immobilienbusiness.ch\/fr\/regionen\/2021-11-29\/zuerich-careum-campus-soll-erweitert-werden\/","og_site_name":"IMMOBILIEN Business","article_publisher":"https:\/\/www.facebook.com\/immobilienbusiness\/","article_published_time":"2021-11-29T07:47:23+00:00","article_modified_time":"2021-11-29T08:27:18+00:00","og_image":[{"width":648,"height":432,"url":"https:\/\/www.immobilienbusiness.ch\/wp-content\/uploads\/2019\/06\/Coverbild-neu-Schweizer-Immobilienbrief-282.jpg","type":"image\/jpeg"}],"author":"anja.hall","twitter_card":"summary_large_image","twitter_image":"https:\/\/www.immobilienbusiness.ch\/wp-content\/uploads\/2019\/06\/Coverbild-neu-Schweizer-Immobilienbrief-282.jpg","schema":{"@context":"https:\/\/schema.org","@graph":[{"@type":"Article","@id":"https:\/\/www.immobilienbusiness.ch\/it\/regionen\/2021-11-29\/zuerich-careum-campus-soll-erweitert-werden\/#article","isPartOf":{"@id":"https:\/\/www.immobilienbusiness.ch\/it\/regionen\/2021-11-29\/zuerich-careum-campus-soll-erweitert-werden\/"},"author":{"name":"anja.hall","@id":"https:\/\/www.immobilienbusiness.ch\/#\/schema\/person\/3fc036297b10b9f42d6db5ee932af8c8"},"headline":"Z\u00fcrich: Der Careum-Campus soll erweitert werden","datePublished":"2021-11-29T07:47:23+00:00","dateModified":"2021-11-29T08:27:18+00:00","mainEntityOfPage":{"@id":"https:\/\/www.immobilienbusiness.ch\/it\/regionen\/2021-11-29\/zuerich-careum-campus-soll-erweitert-werden\/"},"wordCount":169,"publisher":{"@id":"https:\/\/www.immobilienbusiness.ch\/#organization"},"image":{"@id":"https:\/\/www.immobilienbusiness.ch\/it\/regionen\/2021-11-29\/zuerich-careum-campus-soll-erweitert-werden\/#primaryimage"},"thumbnailUrl":"https:\/\/www.immobilienbusiness.ch\/wp-content\/uploads\/2019\/06\/Coverbild-neu-Schweizer-Immobilienbrief-282.jpg","keywords":["Projekt in Planung","Z\u00fcrich"],"articleSection":["REGIONEN"],"inLanguage":"fr-FR"},{"@type":"WebPage","@id":"https:\/\/www.immobilienbusiness.ch\/it\/regionen\/2021-11-29\/zuerich-careum-campus-soll-erweitert-werden\/","url":"https:\/\/www.immobilienbusiness.ch\/it\/regionen\/2021-11-29\/zuerich-careum-campus-soll-erweitert-werden\/","name":"Z\u00fcrich: Der Careum-Campus soll erweitert werden - IMMOBILIEN Business","isPartOf":{"@id":"https:\/\/www.immobilienbusiness.ch\/#website"},"primaryImageOfPage":{"@id":"https:\/\/www.immobilienbusiness.ch\/it\/regionen\/2021-11-29\/zuerich-careum-campus-soll-erweitert-werden\/#primaryimage"},"image":{"@id":"https:\/\/www.immobilienbusiness.ch\/it\/regionen\/2021-11-29\/zuerich-careum-campus-soll-erweitert-werden\/#primaryimage"},"thumbnailUrl":"https:\/\/www.immobilienbusiness.ch\/wp-content\/uploads\/2019\/06\/Coverbild-neu-Schweizer-Immobilienbrief-282.jpg","datePublished":"2021-11-29T07:47:23+00:00","dateModified":"2021-11-29T08:27:18+00:00","description":"Le campus Careum \u00e0 Zurich doit \u00eatre agrandi. Il est pr\u00e9vu de sur\u00e9lever le b\u00e2timent principal.","breadcrumb":{"@id":"https:\/\/www.immobilienbusiness.ch\/it\/regionen\/2021-11-29\/zuerich-careum-campus-soll-erweitert-werden\/#breadcrumb"},"inLanguage":"fr-FR","potentialAction":[{"@type":"ReadAction","target":["https:\/\/www.immobilienbusiness.ch\/it\/regionen\/2021-11-29\/zuerich-careum-campus-soll-erweitert-werden\/"]}]},{"@type":"ImageObject","inLanguage":"fr-FR","@id":"https:\/\/www.immobilienbusiness.ch\/it\/regionen\/2021-11-29\/zuerich-careum-campus-soll-erweitert-werden\/#primaryimage","url":"https:\/\/www.immobilienbusiness.ch\/wp-content\/uploads\/2019\/06\/Coverbild-neu-Schweizer-Immobilienbrief-282.jpg","contentUrl":"https:\/\/www.immobilienbusiness.ch\/wp-content\/uploads\/2019\/06\/Coverbild-neu-Schweizer-Immobilienbrief-282.jpg","width":648,"height":432,"caption":"In Bern beginnt die n\u00e4chste Phase f\u00fcr ein geplantes Wohngebiet (Bild: Minervastock\/Depositphotos)"},{"@type":"BreadcrumbList","@id":"https:\/\/www.immobilienbusiness.ch\/it\/regionen\/2021-11-29\/zuerich-careum-campus-soll-erweitert-werden\/#breadcrumb","itemListElement":[{"@type":"ListItem","position":1,"name":"Home","item":"https:\/\/www.immobilienbusiness.ch\/"},{"@type":"ListItem","position":2,"name":"Z\u00fcrich: Der Careum-Campus soll erweitert werden"}]},{"@type":"WebSite","@id":"https:\/\/www.immobilienbusiness.ch\/#website","url":"https:\/\/www.immobilienbusiness.ch\/","name":"IMMOBILIER Business","description":"Magazine \u00e9conomique suisse ind\u00e9pendant ax\u00e9 sur l'immobilier, l'architecture et la construction ainsi que sur les investissements et le financement.","publisher":{"@id":"https:\/\/www.immobilienbusiness.ch\/#organization"},"potentialAction":[{"@type":"SearchAction","target":{"@type":"EntryPoint","urlTemplate":"https:\/\/www.immobilienbusiness.ch\/?s={search_term_string}"},"query-input":{"@type":"PropertyValueSpecification","valueRequired":true,"valueName":"search_term_string"}}],"inLanguage":"fr-FR"},{"@type":"Organization","@id":"https:\/\/www.immobilienbusiness.ch\/#organization","name":"IMMOBILIER Business","url":"https:\/\/www.immobilienbusiness.ch\/","logo":{"@type":"ImageObject","inLanguage":"fr-FR","@id":"https:\/\/www.immobilienbusiness.ch\/#\/schema\/logo\/image\/","url":"https:\/\/www.immobilienbusiness.ch\/wp-content\/uploads\/2021\/07\/logo_ib.png","contentUrl":"https:\/\/www.immobilienbusiness.ch\/wp-content\/uploads\/2021\/07\/logo_ib.png","width":800,"height":181,"caption":"IMMOBILIEN Business"},"image":{"@id":"https:\/\/www.immobilienbusiness.ch\/#\/schema\/logo\/image\/"},"sameAs":["https:\/\/www.facebook.com\/immobilienbusiness\/"]},{"@type":"Person","@id":"https:\/\/www.immobilienbusiness.ch\/#\/schema\/person\/3fc036297b10b9f42d6db5ee932af8c8","name":"anja.hall","image":{"@type":"ImageObject","inLanguage":"fr-FR","@id":"https:\/\/secure.gravatar.com\/avatar\/066b5a0d447013502c71a5782f4f3469f03cfe595cc2329fb94652fe47511bfb?s=96&d=mm&r=g","url":"https:\/\/secure.gravatar.com\/avatar\/066b5a0d447013502c71a5782f4f3469f03cfe595cc2329fb94652fe47511bfb?s=96&d=mm&r=g","contentUrl":"https:\/\/secure.gravatar.com\/avatar\/066b5a0d447013502c71a5782f4f3469f03cfe595cc2329fb94652fe47511bfb?s=96&d=mm&r=g","caption":"anja.hall"},"url":"https:\/\/www.immobilienbusiness.ch\/fr\/author\/anja-hall\/"}]}},"_links":{"self":[{"href":"https:\/\/www.immobilienbusiness.ch\/fr\/wp-json\/wp\/v2\/posts\/39240","targetHints":{"allow":["GET"]}}],"collection":[{"href":"https:\/\/www.immobilienbusiness.ch\/fr\/wp-json\/wp\/v2\/posts"}],"about":[{"href":"https:\/\/www.immobilienbusiness.ch\/fr\/wp-json\/wp\/v2\/types\/post"}],"author":[{"embeddable":true,"href":"https:\/\/www.immobilienbusiness.ch\/fr\/wp-json\/wp\/v2\/users\/3"}],"replies":[{"embeddable":true,"href":"https:\/\/www.immobilienbusiness.ch\/fr\/wp-json\/wp\/v2\/comments?post=39240"}],"version-history":[{"count":4,"href":"https:\/\/www.immobilienbusiness.ch\/fr\/wp-json\/wp\/v2\/posts\/39240\/revisions"}],"predecessor-version":[{"id":39293,"href":"https:\/\/www.immobilienbusiness.ch\/fr\/wp-json\/wp\/v2\/posts\/39240\/revisions\/39293"}],"wp:featuredmedia":[{"embeddable":true,"href":"https:\/\/www.immobilienbusiness.ch\/fr\/wp-json\/wp\/v2\/media\/17423"}],"wp:attachment":[{"href":"https:\/\/www.immobilienbusiness.ch\/fr\/wp-json\/wp\/v2\/media?parent=39240"}],"wp:term":[{"taxonomy":"category","embeddable":true,"href":"https:\/\/www.immobilienbusiness.ch\/fr\/wp-json\/wp\/v2\/categories?post=39240"},{"taxonomy":"post_tag","embeddable":true,"href":"https:\/\/www.immobilienbusiness.ch\/fr\/wp-json\/wp\/v2\/tags?post=39240"}],"curies":[{"name":"wp","href":"https:\/\/api.w.org\/{rel}","templated":true}]}}