{"id":39223,"date":"2021-11-25T08:32:47","date_gmt":"2021-11-25T07:32:47","guid":{"rendered":"https:\/\/www.immobilienbusiness.ch\/?p=39223"},"modified":"2021-11-25T09:22:26","modified_gmt":"2021-11-25T08:22:26","slug":"aargau-fortimo-kauft-steiner-wohnprojekt-widacher","status":"publish","type":"post","link":"https:\/\/www.immobilienbusiness.ch\/fr\/regionen\/2021-11-25\/aargau-fortimo-kauft-steiner-wohnprojekt-widacher\/","title":{"rendered":"Argovie : Fortimo ach\u00e8te le projet d'habitation Steiner Widacher"},"content":{"rendered":"<figure id=\"attachment_39224\" aria-describedby=\"caption-attachment-39224\" style=\"width: 800px\" class=\"wp-caption alignnone\"><img loading=\"lazy\" decoding=\"async\" class=\"wp-image-39224 size-full\" src=\"https:\/\/www.immobilienbusiness.ch\/wp-content\/uploads\/2021\/11\/csm_202106_Widacher_Fischbach_Goeslikon_06_3b29911509.jpg\" alt=\"\" width=\"800\" height=\"533\" srcset=\"https:\/\/www.immobilienbusiness.ch\/wp-content\/uploads\/2021\/11\/csm_202106_Widacher_Fischbach_Goeslikon_06_3b29911509.jpg 800w, https:\/\/www.immobilienbusiness.ch\/wp-content\/uploads\/2021\/11\/csm_202106_Widacher_Fischbach_Goeslikon_06_3b29911509-300x200.jpg 300w, https:\/\/www.immobilienbusiness.ch\/wp-content\/uploads\/2021\/11\/csm_202106_Widacher_Fischbach_Goeslikon_06_3b29911509-768x512.jpg 768w, https:\/\/www.immobilienbusiness.ch\/wp-content\/uploads\/2021\/11\/csm_202106_Widacher_Fischbach_Goeslikon_06_3b29911509-16x12.jpg 16w, https:\/\/www.immobilienbusiness.ch\/wp-content\/uploads\/2021\/11\/csm_202106_Widacher_Fischbach_Goeslikon_06_3b29911509-263x175.jpg 263w, https:\/\/www.immobilienbusiness.ch\/wp-content\/uploads\/2021\/11\/csm_202106_Widacher_Fischbach_Goeslikon_06_3b29911509-525x350.jpg 525w\" sizes=\"auto, (max-width: 800px) 100vw, 800px\" \/><figcaption id=\"caption-attachment-39224\" class=\"wp-caption-text\">Visualisation du lotissement Widacher (source : Steiner AG)<\/figcaption><\/figure>\n<p>Fortimo veut commencer l'ann\u00e9e prochaine la r\u00e9alisation de la premi\u00e8re \u00e9tape, dont la construction a d\u00e9j\u00e0 \u00e9t\u00e9 autoris\u00e9e. Celle-ci comprend 16 maisons individuelles mitoyennes ainsi que 42 appartements r\u00e9pondant au standard Minergie. Les logements se r\u00e9partissent entre trois immeubles collectifs qui seront construits et deux b\u00e2timents class\u00e9s monuments historiques.<\/p>\n<p>La raison de la vente est une adaptation du portefeuille, communique Steiner AG. C'est pourquoi il a \u00e9t\u00e9 d\u00e9cid\u00e9 de vendre le d\u00e9veloppement du site, dont la construction a \u00e9t\u00e9 partiellement autoris\u00e9e, avant m\u00eame la phase de r\u00e9alisation.<\/p>\n<p>Le lotissement Widacher est construit sur un ancien site industriel dans la commune argovienne de Fischbach-G\u00f6slikon, pr\u00e8s de Zurich. Des b\u00e2timents existants class\u00e9s monuments historiques, tels que la grange et l'ancienne poste, ont \u00e9t\u00e9 int\u00e9gr\u00e9s dans le projet et doivent d\u00e9sormais \u00eatre r\u00e9habilit\u00e9s \u00e0 des fins r\u00e9sidentielles et communautaires. Le projet global se compose de trois \u00e9tapes et comprendra \u00e0 terme 165 unit\u00e9s d'habitation r\u00e9parties dans dix immeubles collectifs et 46 maisons individuelles mitoyennes. Il sera achev\u00e9 dans les prochaines ann\u00e9es ; le d\u00e9but de la construction de la premi\u00e8re \u00e9tape est pr\u00e9vu pour l'\u00e9t\u00e9 2022. <em>(ah)<\/em><\/p>","protected":false},"excerpt":{"rendered":"<p>Fortimo Invest acquiert le projet Widacher \u00e0 Fischbach-G\u00f6slikon aupr\u00e8s du promoteur immobilier Steiner. Un total de 165 unit\u00e9s d'habitation seront construites en trois \u00e9tapes.<\/p>","protected":false},"author":3,"featured_media":39224,"comment_status":"closed","ping_status":"closed","sticky":false,"template":"","format":"standard","meta":{"_acf_changed":false,"_yoast_wpseo_focuskw":"Widacher","_yoast_wpseo_title":"","_yoast_wpseo_metadesc":"Fortimo Invest erwirbt das Projekt Widacher in Fischbach-G\u00f6slikon (AG) von der Immobilienentwicklerin Steiner. Insgesamt entstehen 165 Wohneinheiten.","_yoast_wpseo_linkdex":47,"pgc_sgb_lightbox_settings":"","footnotes":""},"categories":[985],"tags":[1236,1395,1601,1731,1830,1863],"class_list":["post-39223","post","type-post","status-publish","format-standard","has-post-thumbnail","hentry","category-regionen","tag-fortimo-group","tag-kanton-aargau","tag-projektentwicklung","tag-steiner-ag","tag-verkauf","tag-wohnimmobilien"],"acf":[],"yoast_head":"<!-- This site is optimized with the Yoast SEO plugin v27.4 - https:\/\/yoast.com\/product\/yoast-seo-wordpress\/ -->\n<title>Aargau: Fortimo kauft Steiner-Wohnprojekt Widacher - IMMOBILIEN Business<\/title>\n<meta name=\"description\" content=\"Fortimo Invest erwirbt das Projekt Widacher in Fischbach-G\u00f6slikon (AG) von der Immobilienentwicklerin Steiner. Insgesamt entstehen 165 Wohneinheiten.\" \/>\n<meta name=\"robots\" content=\"index, follow, max-snippet:-1, max-image-preview:large, max-video-preview:-1\" \/>\n<link rel=\"canonical\" href=\"https:\/\/www.immobilienbusiness.ch\/fr\/regionen\/2021-11-25\/aargau-fortimo-kauft-steiner-wohnprojekt-widacher\/\" \/>\n<meta property=\"og:locale\" content=\"fr_FR\" \/>\n<meta property=\"og:type\" content=\"article\" \/>\n<meta property=\"og:title\" content=\"Aargau: Fortimo kauft Steiner-Wohnprojekt Widacher - IMMOBILIEN Business\" \/>\n<meta property=\"og:description\" content=\"Fortimo Invest erwirbt das Projekt Widacher in Fischbach-G\u00f6slikon (AG) von der Immobilienentwicklerin Steiner. Insgesamt entstehen 165 Wohneinheiten.\" \/>\n<meta property=\"og:url\" content=\"https:\/\/www.immobilienbusiness.ch\/fr\/regionen\/2021-11-25\/aargau-fortimo-kauft-steiner-wohnprojekt-widacher\/\" \/>\n<meta property=\"og:site_name\" content=\"IMMOBILIEN Business\" \/>\n<meta property=\"article:publisher\" content=\"https:\/\/www.facebook.com\/immobilienbusiness\/\" \/>\n<meta property=\"article:published_time\" content=\"2021-11-25T07:32:47+00:00\" \/>\n<meta property=\"article:modified_time\" content=\"2021-11-25T08:22:26+00:00\" \/>\n<meta property=\"og:image\" content=\"https:\/\/www.immobilienbusiness.ch\/wp-content\/uploads\/2021\/11\/csm_202106_Widacher_Fischbach_Goeslikon_06_3b29911509.jpg\" \/>\n\t<meta property=\"og:image:width\" content=\"800\" \/>\n\t<meta property=\"og:image:height\" content=\"533\" \/>\n\t<meta property=\"og:image:type\" content=\"image\/jpeg\" \/>\n<meta name=\"author\" content=\"anja.hall\" \/>\n<meta name=\"twitter:card\" content=\"summary_large_image\" \/>\n<meta name=\"twitter:image\" content=\"https:\/\/www.immobilienbusiness.ch\/wp-content\/uploads\/2021\/11\/csm_202106_Widacher_Fischbach_Goeslikon_06_3b29911509.jpg\" \/>\n<script type=\"application\/ld+json\" class=\"yoast-schema-graph\">{\"@context\":\"https:\\\/\\\/schema.org\",\"@graph\":[{\"@type\":\"Article\",\"@id\":\"https:\\\/\\\/www.immobilienbusiness.ch\\\/en\\\/regionen\\\/2021-11-25\\\/aargau-fortimo-kauft-steiner-wohnprojekt-widacher\\\/#article\",\"isPartOf\":{\"@id\":\"https:\\\/\\\/www.immobilienbusiness.ch\\\/en\\\/regionen\\\/2021-11-25\\\/aargau-fortimo-kauft-steiner-wohnprojekt-widacher\\\/\"},\"author\":{\"name\":\"anja.hall\",\"@id\":\"https:\\\/\\\/www.immobilienbusiness.ch\\\/#\\\/schema\\\/person\\\/3fc036297b10b9f42d6db5ee932af8c8\"},\"headline\":\"Aargau: Fortimo kauft Steiner-Wohnprojekt Widacher\",\"datePublished\":\"2021-11-25T07:32:47+00:00\",\"dateModified\":\"2021-11-25T08:22:26+00:00\",\"mainEntityOfPage\":{\"@id\":\"https:\\\/\\\/www.immobilienbusiness.ch\\\/en\\\/regionen\\\/2021-11-25\\\/aargau-fortimo-kauft-steiner-wohnprojekt-widacher\\\/\"},\"wordCount\":175,\"publisher\":{\"@id\":\"https:\\\/\\\/www.immobilienbusiness.ch\\\/#organization\"},\"image\":{\"@id\":\"https:\\\/\\\/www.immobilienbusiness.ch\\\/en\\\/regionen\\\/2021-11-25\\\/aargau-fortimo-kauft-steiner-wohnprojekt-widacher\\\/#primaryimage\"},\"thumbnailUrl\":\"https:\\\/\\\/www.immobilienbusiness.ch\\\/wp-content\\\/uploads\\\/2021\\\/11\\\/csm_202106_Widacher_Fischbach_Goeslikon_06_3b29911509.jpg\",\"keywords\":[\"Fortimo Group\",\"Kanton Aargau\",\"Projektentwicklung\",\"Steiner AG\",\"Verkauf\",\"Wohnimmobilien\"],\"articleSection\":[\"REGIONEN\"],\"inLanguage\":\"fr-FR\"},{\"@type\":\"WebPage\",\"@id\":\"https:\\\/\\\/www.immobilienbusiness.ch\\\/en\\\/regionen\\\/2021-11-25\\\/aargau-fortimo-kauft-steiner-wohnprojekt-widacher\\\/\",\"url\":\"https:\\\/\\\/www.immobilienbusiness.ch\\\/en\\\/regionen\\\/2021-11-25\\\/aargau-fortimo-kauft-steiner-wohnprojekt-widacher\\\/\",\"name\":\"Aargau: Fortimo kauft Steiner-Wohnprojekt Widacher - IMMOBILIEN Business\",\"isPartOf\":{\"@id\":\"https:\\\/\\\/www.immobilienbusiness.ch\\\/#website\"},\"primaryImageOfPage\":{\"@id\":\"https:\\\/\\\/www.immobilienbusiness.ch\\\/en\\\/regionen\\\/2021-11-25\\\/aargau-fortimo-kauft-steiner-wohnprojekt-widacher\\\/#primaryimage\"},\"image\":{\"@id\":\"https:\\\/\\\/www.immobilienbusiness.ch\\\/en\\\/regionen\\\/2021-11-25\\\/aargau-fortimo-kauft-steiner-wohnprojekt-widacher\\\/#primaryimage\"},\"thumbnailUrl\":\"https:\\\/\\\/www.immobilienbusiness.ch\\\/wp-content\\\/uploads\\\/2021\\\/11\\\/csm_202106_Widacher_Fischbach_Goeslikon_06_3b29911509.jpg\",\"datePublished\":\"2021-11-25T07:32:47+00:00\",\"dateModified\":\"2021-11-25T08:22:26+00:00\",\"description\":\"Fortimo Invest erwirbt das Projekt Widacher in Fischbach-G\u00f6slikon (AG) von der Immobilienentwicklerin Steiner. Insgesamt entstehen 165 Wohneinheiten.\",\"breadcrumb\":{\"@id\":\"https:\\\/\\\/www.immobilienbusiness.ch\\\/en\\\/regionen\\\/2021-11-25\\\/aargau-fortimo-kauft-steiner-wohnprojekt-widacher\\\/#breadcrumb\"},\"inLanguage\":\"fr-FR\",\"potentialAction\":[{\"@type\":\"ReadAction\",\"target\":[\"https:\\\/\\\/www.immobilienbusiness.ch\\\/en\\\/regionen\\\/2021-11-25\\\/aargau-fortimo-kauft-steiner-wohnprojekt-widacher\\\/\"]}]},{\"@type\":\"ImageObject\",\"inLanguage\":\"fr-FR\",\"@id\":\"https:\\\/\\\/www.immobilienbusiness.ch\\\/en\\\/regionen\\\/2021-11-25\\\/aargau-fortimo-kauft-steiner-wohnprojekt-widacher\\\/#primaryimage\",\"url\":\"https:\\\/\\\/www.immobilienbusiness.ch\\\/wp-content\\\/uploads\\\/2021\\\/11\\\/csm_202106_Widacher_Fischbach_Goeslikon_06_3b29911509.jpg\",\"contentUrl\":\"https:\\\/\\\/www.immobilienbusiness.ch\\\/wp-content\\\/uploads\\\/2021\\\/11\\\/csm_202106_Widacher_Fischbach_Goeslikon_06_3b29911509.jpg\",\"width\":800,\"height\":533,\"caption\":\"Visualisierung der \u00dcberbauung Widacher (Quelle: Steiner AG)\"},{\"@type\":\"BreadcrumbList\",\"@id\":\"https:\\\/\\\/www.immobilienbusiness.ch\\\/en\\\/regionen\\\/2021-11-25\\\/aargau-fortimo-kauft-steiner-wohnprojekt-widacher\\\/#breadcrumb\",\"itemListElement\":[{\"@type\":\"ListItem\",\"position\":1,\"name\":\"Home\",\"item\":\"https:\\\/\\\/www.immobilienbusiness.ch\\\/\"},{\"@type\":\"ListItem\",\"position\":2,\"name\":\"Aargau: Fortimo kauft Steiner-Wohnprojekt Widacher\"}]},{\"@type\":\"WebSite\",\"@id\":\"https:\\\/\\\/www.immobilienbusiness.ch\\\/#website\",\"url\":\"https:\\\/\\\/www.immobilienbusiness.ch\\\/\",\"name\":\"IMMOBILIEN Business\",\"description\":\"Unabh\u00e4ngiges Schweizer Wirtschaftsmagazin mit Fokus auf Immobilien, Architektur- und Bau sowie Investment- und Finanzierung.\",\"publisher\":{\"@id\":\"https:\\\/\\\/www.immobilienbusiness.ch\\\/#organization\"},\"potentialAction\":[{\"@type\":\"SearchAction\",\"target\":{\"@type\":\"EntryPoint\",\"urlTemplate\":\"https:\\\/\\\/www.immobilienbusiness.ch\\\/?s={search_term_string}\"},\"query-input\":{\"@type\":\"PropertyValueSpecification\",\"valueRequired\":true,\"valueName\":\"search_term_string\"}}],\"inLanguage\":\"fr-FR\"},{\"@type\":\"Organization\",\"@id\":\"https:\\\/\\\/www.immobilienbusiness.ch\\\/#organization\",\"name\":\"IMMOBILIEN Business\",\"url\":\"https:\\\/\\\/www.immobilienbusiness.ch\\\/\",\"logo\":{\"@type\":\"ImageObject\",\"inLanguage\":\"fr-FR\",\"@id\":\"https:\\\/\\\/www.immobilienbusiness.ch\\\/#\\\/schema\\\/logo\\\/image\\\/\",\"url\":\"https:\\\/\\\/www.immobilienbusiness.ch\\\/wp-content\\\/uploads\\\/2021\\\/07\\\/logo_ib.png\",\"contentUrl\":\"https:\\\/\\\/www.immobilienbusiness.ch\\\/wp-content\\\/uploads\\\/2021\\\/07\\\/logo_ib.png\",\"width\":800,\"height\":181,\"caption\":\"IMMOBILIEN Business\"},\"image\":{\"@id\":\"https:\\\/\\\/www.immobilienbusiness.ch\\\/#\\\/schema\\\/logo\\\/image\\\/\"},\"sameAs\":[\"https:\\\/\\\/www.facebook.com\\\/immobilienbusiness\\\/\"]},{\"@type\":\"Person\",\"@id\":\"https:\\\/\\\/www.immobilienbusiness.ch\\\/#\\\/schema\\\/person\\\/3fc036297b10b9f42d6db5ee932af8c8\",\"name\":\"anja.hall\",\"image\":{\"@type\":\"ImageObject\",\"inLanguage\":\"fr-FR\",\"@id\":\"https:\\\/\\\/secure.gravatar.com\\\/avatar\\\/066b5a0d447013502c71a5782f4f3469f03cfe595cc2329fb94652fe47511bfb?s=96&d=mm&r=g\",\"url\":\"https:\\\/\\\/secure.gravatar.com\\\/avatar\\\/066b5a0d447013502c71a5782f4f3469f03cfe595cc2329fb94652fe47511bfb?s=96&d=mm&r=g\",\"contentUrl\":\"https:\\\/\\\/secure.gravatar.com\\\/avatar\\\/066b5a0d447013502c71a5782f4f3469f03cfe595cc2329fb94652fe47511bfb?s=96&d=mm&r=g\",\"caption\":\"anja.hall\"},\"url\":\"https:\\\/\\\/www.immobilienbusiness.ch\\\/fr\\\/author\\\/anja-hall\\\/\"}]}<\/script>\n<!-- \/ Yoast SEO plugin. -->","yoast_head_json":{"title":"Aargau: Fortimo kauft Steiner-Wohnprojekt Widacher - IMMOBILIEN Business","description":"Fortimo Invest erwirbt das Projekt Widacher in Fischbach-G\u00f6slikon (AG) von der Immobilienentwicklerin Steiner. Insgesamt entstehen 165 Wohneinheiten.","robots":{"index":"index","follow":"follow","max-snippet":"max-snippet:-1","max-image-preview":"max-image-preview:large","max-video-preview":"max-video-preview:-1"},"canonical":"https:\/\/www.immobilienbusiness.ch\/fr\/regionen\/2021-11-25\/aargau-fortimo-kauft-steiner-wohnprojekt-widacher\/","og_locale":"fr_FR","og_type":"article","og_title":"Aargau: Fortimo kauft Steiner-Wohnprojekt Widacher - IMMOBILIEN Business","og_description":"Fortimo Invest erwirbt das Projekt Widacher in Fischbach-G\u00f6slikon (AG) von der Immobilienentwicklerin Steiner. Insgesamt entstehen 165 Wohneinheiten.","og_url":"https:\/\/www.immobilienbusiness.ch\/fr\/regionen\/2021-11-25\/aargau-fortimo-kauft-steiner-wohnprojekt-widacher\/","og_site_name":"IMMOBILIEN Business","article_publisher":"https:\/\/www.facebook.com\/immobilienbusiness\/","article_published_time":"2021-11-25T07:32:47+00:00","article_modified_time":"2021-11-25T08:22:26+00:00","og_image":[{"width":800,"height":533,"url":"https:\/\/www.immobilienbusiness.ch\/wp-content\/uploads\/2021\/11\/csm_202106_Widacher_Fischbach_Goeslikon_06_3b29911509.jpg","type":"image\/jpeg"}],"author":"anja.hall","twitter_card":"summary_large_image","twitter_image":"https:\/\/www.immobilienbusiness.ch\/wp-content\/uploads\/2021\/11\/csm_202106_Widacher_Fischbach_Goeslikon_06_3b29911509.jpg","schema":{"@context":"https:\/\/schema.org","@graph":[{"@type":"Article","@id":"https:\/\/www.immobilienbusiness.ch\/en\/regionen\/2021-11-25\/aargau-fortimo-kauft-steiner-wohnprojekt-widacher\/#article","isPartOf":{"@id":"https:\/\/www.immobilienbusiness.ch\/en\/regionen\/2021-11-25\/aargau-fortimo-kauft-steiner-wohnprojekt-widacher\/"},"author":{"name":"anja.hall","@id":"https:\/\/www.immobilienbusiness.ch\/#\/schema\/person\/3fc036297b10b9f42d6db5ee932af8c8"},"headline":"Aargau: Fortimo kauft Steiner-Wohnprojekt Widacher","datePublished":"2021-11-25T07:32:47+00:00","dateModified":"2021-11-25T08:22:26+00:00","mainEntityOfPage":{"@id":"https:\/\/www.immobilienbusiness.ch\/en\/regionen\/2021-11-25\/aargau-fortimo-kauft-steiner-wohnprojekt-widacher\/"},"wordCount":175,"publisher":{"@id":"https:\/\/www.immobilienbusiness.ch\/#organization"},"image":{"@id":"https:\/\/www.immobilienbusiness.ch\/en\/regionen\/2021-11-25\/aargau-fortimo-kauft-steiner-wohnprojekt-widacher\/#primaryimage"},"thumbnailUrl":"https:\/\/www.immobilienbusiness.ch\/wp-content\/uploads\/2021\/11\/csm_202106_Widacher_Fischbach_Goeslikon_06_3b29911509.jpg","keywords":["Fortimo Group","Kanton Aargau","Projektentwicklung","Steiner AG","Verkauf","Wohnimmobilien"],"articleSection":["REGIONEN"],"inLanguage":"fr-FR"},{"@type":"WebPage","@id":"https:\/\/www.immobilienbusiness.ch\/en\/regionen\/2021-11-25\/aargau-fortimo-kauft-steiner-wohnprojekt-widacher\/","url":"https:\/\/www.immobilienbusiness.ch\/en\/regionen\/2021-11-25\/aargau-fortimo-kauft-steiner-wohnprojekt-widacher\/","name":"Aargau: Fortimo kauft Steiner-Wohnprojekt Widacher - IMMOBILIEN Business","isPartOf":{"@id":"https:\/\/www.immobilienbusiness.ch\/#website"},"primaryImageOfPage":{"@id":"https:\/\/www.immobilienbusiness.ch\/en\/regionen\/2021-11-25\/aargau-fortimo-kauft-steiner-wohnprojekt-widacher\/#primaryimage"},"image":{"@id":"https:\/\/www.immobilienbusiness.ch\/en\/regionen\/2021-11-25\/aargau-fortimo-kauft-steiner-wohnprojekt-widacher\/#primaryimage"},"thumbnailUrl":"https:\/\/www.immobilienbusiness.ch\/wp-content\/uploads\/2021\/11\/csm_202106_Widacher_Fischbach_Goeslikon_06_3b29911509.jpg","datePublished":"2021-11-25T07:32:47+00:00","dateModified":"2021-11-25T08:22:26+00:00","description":"Fortimo Invest erwirbt das Projekt Widacher in Fischbach-G\u00f6slikon (AG) von der Immobilienentwicklerin Steiner. Insgesamt entstehen 165 Wohneinheiten.","breadcrumb":{"@id":"https:\/\/www.immobilienbusiness.ch\/en\/regionen\/2021-11-25\/aargau-fortimo-kauft-steiner-wohnprojekt-widacher\/#breadcrumb"},"inLanguage":"fr-FR","potentialAction":[{"@type":"ReadAction","target":["https:\/\/www.immobilienbusiness.ch\/en\/regionen\/2021-11-25\/aargau-fortimo-kauft-steiner-wohnprojekt-widacher\/"]}]},{"@type":"ImageObject","inLanguage":"fr-FR","@id":"https:\/\/www.immobilienbusiness.ch\/en\/regionen\/2021-11-25\/aargau-fortimo-kauft-steiner-wohnprojekt-widacher\/#primaryimage","url":"https:\/\/www.immobilienbusiness.ch\/wp-content\/uploads\/2021\/11\/csm_202106_Widacher_Fischbach_Goeslikon_06_3b29911509.jpg","contentUrl":"https:\/\/www.immobilienbusiness.ch\/wp-content\/uploads\/2021\/11\/csm_202106_Widacher_Fischbach_Goeslikon_06_3b29911509.jpg","width":800,"height":533,"caption":"Visualisierung der \u00dcberbauung Widacher (Quelle: Steiner AG)"},{"@type":"BreadcrumbList","@id":"https:\/\/www.immobilienbusiness.ch\/en\/regionen\/2021-11-25\/aargau-fortimo-kauft-steiner-wohnprojekt-widacher\/#breadcrumb","itemListElement":[{"@type":"ListItem","position":1,"name":"Home","item":"https:\/\/www.immobilienbusiness.ch\/"},{"@type":"ListItem","position":2,"name":"Aargau: Fortimo kauft Steiner-Wohnprojekt Widacher"}]},{"@type":"WebSite","@id":"https:\/\/www.immobilienbusiness.ch\/#website","url":"https:\/\/www.immobilienbusiness.ch\/","name":"IMMOBILIER Business","description":"Magazine \u00e9conomique suisse ind\u00e9pendant ax\u00e9 sur l'immobilier, l'architecture et la construction ainsi que sur les investissements et le financement.","publisher":{"@id":"https:\/\/www.immobilienbusiness.ch\/#organization"},"potentialAction":[{"@type":"SearchAction","target":{"@type":"EntryPoint","urlTemplate":"https:\/\/www.immobilienbusiness.ch\/?s={search_term_string}"},"query-input":{"@type":"PropertyValueSpecification","valueRequired":true,"valueName":"search_term_string"}}],"inLanguage":"fr-FR"},{"@type":"Organization","@id":"https:\/\/www.immobilienbusiness.ch\/#organization","name":"IMMOBILIER Business","url":"https:\/\/www.immobilienbusiness.ch\/","logo":{"@type":"ImageObject","inLanguage":"fr-FR","@id":"https:\/\/www.immobilienbusiness.ch\/#\/schema\/logo\/image\/","url":"https:\/\/www.immobilienbusiness.ch\/wp-content\/uploads\/2021\/07\/logo_ib.png","contentUrl":"https:\/\/www.immobilienbusiness.ch\/wp-content\/uploads\/2021\/07\/logo_ib.png","width":800,"height":181,"caption":"IMMOBILIEN Business"},"image":{"@id":"https:\/\/www.immobilienbusiness.ch\/#\/schema\/logo\/image\/"},"sameAs":["https:\/\/www.facebook.com\/immobilienbusiness\/"]},{"@type":"Person","@id":"https:\/\/www.immobilienbusiness.ch\/#\/schema\/person\/3fc036297b10b9f42d6db5ee932af8c8","name":"anja.hall","image":{"@type":"ImageObject","inLanguage":"fr-FR","@id":"https:\/\/secure.gravatar.com\/avatar\/066b5a0d447013502c71a5782f4f3469f03cfe595cc2329fb94652fe47511bfb?s=96&d=mm&r=g","url":"https:\/\/secure.gravatar.com\/avatar\/066b5a0d447013502c71a5782f4f3469f03cfe595cc2329fb94652fe47511bfb?s=96&d=mm&r=g","contentUrl":"https:\/\/secure.gravatar.com\/avatar\/066b5a0d447013502c71a5782f4f3469f03cfe595cc2329fb94652fe47511bfb?s=96&d=mm&r=g","caption":"anja.hall"},"url":"https:\/\/www.immobilienbusiness.ch\/fr\/author\/anja-hall\/"}]}},"_links":{"self":[{"href":"https:\/\/www.immobilienbusiness.ch\/fr\/wp-json\/wp\/v2\/posts\/39223","targetHints":{"allow":["GET"]}}],"collection":[{"href":"https:\/\/www.immobilienbusiness.ch\/fr\/wp-json\/wp\/v2\/posts"}],"about":[{"href":"https:\/\/www.immobilienbusiness.ch\/fr\/wp-json\/wp\/v2\/types\/post"}],"author":[{"embeddable":true,"href":"https:\/\/www.immobilienbusiness.ch\/fr\/wp-json\/wp\/v2\/users\/3"}],"replies":[{"embeddable":true,"href":"https:\/\/www.immobilienbusiness.ch\/fr\/wp-json\/wp\/v2\/comments?post=39223"}],"version-history":[{"count":2,"href":"https:\/\/www.immobilienbusiness.ch\/fr\/wp-json\/wp\/v2\/posts\/39223\/revisions"}],"predecessor-version":[{"id":39237,"href":"https:\/\/www.immobilienbusiness.ch\/fr\/wp-json\/wp\/v2\/posts\/39223\/revisions\/39237"}],"wp:featuredmedia":[{"embeddable":true,"href":"https:\/\/www.immobilienbusiness.ch\/fr\/wp-json\/wp\/v2\/media\/39224"}],"wp:attachment":[{"href":"https:\/\/www.immobilienbusiness.ch\/fr\/wp-json\/wp\/v2\/media?parent=39223"}],"wp:term":[{"taxonomy":"category","embeddable":true,"href":"https:\/\/www.immobilienbusiness.ch\/fr\/wp-json\/wp\/v2\/categories?post=39223"},{"taxonomy":"post_tag","embeddable":true,"href":"https:\/\/www.immobilienbusiness.ch\/fr\/wp-json\/wp\/v2\/tags?post=39223"}],"curies":[{"name":"wp","href":"https:\/\/api.w.org\/{rel}","templated":true}]}}