{"id":39202,"date":"2021-11-24T08:55:06","date_gmt":"2021-11-24T07:55:06","guid":{"rendered":"https:\/\/www.immobilienbusiness.ch\/?p=39202"},"modified":"2021-11-25T09:11:56","modified_gmt":"2021-11-25T08:11:56","slug":"allschwil-vebego-wird-mieterin-im-alba-haus","status":"publish","type":"post","link":"https:\/\/www.immobilienbusiness.ch\/fr\/regionen\/2021-11-24\/allschwil-vebego-wird-mieterin-im-alba-haus\/","title":{"rendered":"Allschwil : Vebego devient locataire de la maison Alba"},"content":{"rendered":"<figure id=\"attachment_39203\" aria-describedby=\"caption-attachment-39203\" style=\"width: 2100px\" class=\"wp-caption alignnone\"><img loading=\"lazy\" decoding=\"async\" class=\"wp-image-39203 size-full\" src=\"https:\/\/www.immobilienbusiness.ch\/wp-content\/uploads\/2021\/11\/alba.jpg\" alt=\"\" width=\"2100\" height=\"1400\" srcset=\"https:\/\/www.immobilienbusiness.ch\/wp-content\/uploads\/2021\/11\/alba.jpg 2100w, https:\/\/www.immobilienbusiness.ch\/wp-content\/uploads\/2021\/11\/alba-300x200.jpg 300w, https:\/\/www.immobilienbusiness.ch\/wp-content\/uploads\/2021\/11\/alba-1024x683.jpg 1024w, https:\/\/www.immobilienbusiness.ch\/wp-content\/uploads\/2021\/11\/alba-768x512.jpg 768w, https:\/\/www.immobilienbusiness.ch\/wp-content\/uploads\/2021\/11\/alba-1536x1024.jpg 1536w, https:\/\/www.immobilienbusiness.ch\/wp-content\/uploads\/2021\/11\/alba-2048x1365.jpg 2048w, https:\/\/www.immobilienbusiness.ch\/wp-content\/uploads\/2021\/11\/alba-16x12.jpg 16w, https:\/\/www.immobilienbusiness.ch\/wp-content\/uploads\/2021\/11\/alba-263x175.jpg 263w, https:\/\/www.immobilienbusiness.ch\/wp-content\/uploads\/2021\/11\/alba-525x350.jpg 525w, https:\/\/www.immobilienbusiness.ch\/wp-content\/uploads\/2021\/11\/alba-1200x800.jpg 1200w, https:\/\/www.immobilienbusiness.ch\/wp-content\/uploads\/2021\/11\/alba-920x613.jpg 920w, https:\/\/www.immobilienbusiness.ch\/wp-content\/uploads\/2021\/11\/alba-1400x933.jpg 1400w\" sizes=\"auto, (max-width: 2100px) 100vw, 2100px\" \/><figcaption id=\"caption-attachment-39203\" class=\"wp-caption-text\">Sur le chantier : Marc Siegrist (repr\u00e9sentant du ma\u00eetre d'ouvrage JP Bachgraben AG), Dr. Giuseppe Santagada (CEO Vebego Schweiz Holding), Pierre de Meuron (Herzog &amp; de Meuron), Dr. Andreas Meister (VRP Move Consultants et directeur du d\u00e9veloppement strat\u00e9gique Vebego Schweiz Holding ; de gauche \u00e0 droite ; \u00a9 Vebego Schweiz Holding AG)<\/figcaption><\/figure>\n<p>Vebego Schweiz Holding ne sera pas seulement locataire de l'Alba Haus, mais sera \u00e9galement responsable du Facility Management dans cet immeuble de bureaux durable. Un contrat a \u00e9t\u00e9 sign\u00e9 en ce sens le 10 novembre 2021, indique l'entreprise. 50 collaborateurs de Move et de Vebego B\u00e2le emm\u00e9nageront dans l'Alba Haus.<\/p>\n<p>La maison Alba doit devenir un phare sur le site BaseLink ; le b\u00e2timent de 40 m\u00e8tres de haut est sign\u00e9 par le c\u00e9l\u00e8bre bureau d'architectes b\u00e2lois Herzog &amp; de Meuron. Au rez-de-chauss\u00e9e, l'\"Alba Hall\" doit devenir un lieu de rencontre pour les utilisateurs, avec entre autres des restaurants, des cr\u00e8ches, un cabinet m\u00e9dical ainsi qu'un cabinet de physioth\u00e9rapie et une pharmacie. En face, des installations sportives et un golf sont \u00e0 disposition. Des espaces verts, des chemins et des places seront am\u00e9nag\u00e9s directement sur le site, et le nouveau Parc des Carri\u00e8res, d'une superficie de 30 hectares, sera construit juste \u00e0 c\u00f4t\u00e9.<\/p>\n<p>Au total, le site BaseLink d'Allschwil couvre environ 75.000 m\u00b2. \u00c0 terme, jusqu'\u00e0 10.000 nouveaux emplois devraient y \u00eatre cr\u00e9\u00e9s dans les domaines de la recherche, du d\u00e9veloppement, de la production, des services et de l'artisanat. L'Institut tropical suisse s'y installera, tout comme des \u00e9quipes de recherche de l'universit\u00e9 de B\u00e2le et de l'EPF de Zurich, des start-ups et des entreprises \u00e9tablies. Nous serons responsables du Facility Management de BaseLink, une mission extr\u00eamement importante et complexe, \u00e9crit Vebego dans son communiqu\u00e9. <em>(ah)<\/em><\/p>","protected":false},"excerpt":{"rendered":"<p>La maison Alba sur le site BaseLink \u00e0 Allschwil devient le nouveau si\u00e8ge principal de Move Consultants, filiale de Vebego, et le site de la succursale Vebego du nord-ouest de la Suisse.<\/p>","protected":false},"author":3,"featured_media":39203,"comment_status":"closed","ping_status":"closed","sticky":false,"template":"","format":"standard","meta":{"_acf_changed":false,"_yoast_wpseo_focuskw":"Alba","_yoast_wpseo_title":"","_yoast_wpseo_metadesc":"Das Alba Haus auf dem BaseLink-Areal in Allschwil wird neuer Hauptsitz von Move Consultants und Standort der Vebego-Niederlassung Nordwestschweiz.","_yoast_wpseo_linkdex":60,"pgc_sgb_lightbox_settings":"","footnotes":""},"categories":[985],"tags":[1070,1119,1216,1599,1818],"class_list":["post-39202","post","type-post","status-publish","format-standard","has-post-thumbnail","hentry","category-regionen","tag-basel-landschaft","tag-bueroimmobilien","tag-facility-management","tag-projekt-in-bau","tag-vebego"],"acf":[],"yoast_head":"<!-- This site is optimized with the Yoast SEO plugin v27.4 - https:\/\/yoast.com\/product\/yoast-seo-wordpress\/ -->\n<title>Allschwil: Vebego wird Mieterin im Alba Haus - IMMOBILIEN Business<\/title>\n<meta name=\"description\" content=\"Das Alba Haus auf dem BaseLink-Areal in Allschwil wird neuer Hauptsitz von Move Consultants und Standort der Vebego-Niederlassung Nordwestschweiz.\" \/>\n<meta name=\"robots\" content=\"index, follow, max-snippet:-1, max-image-preview:large, max-video-preview:-1\" \/>\n<link rel=\"canonical\" href=\"https:\/\/www.immobilienbusiness.ch\/fr\/regionen\/2021-11-24\/allschwil-vebego-wird-mieterin-im-alba-haus\/\" \/>\n<meta property=\"og:locale\" content=\"fr_FR\" \/>\n<meta property=\"og:type\" content=\"article\" \/>\n<meta property=\"og:title\" content=\"Allschwil: Vebego wird Mieterin im Alba Haus - IMMOBILIEN Business\" \/>\n<meta property=\"og:description\" content=\"Das Alba Haus auf dem BaseLink-Areal in Allschwil wird neuer Hauptsitz von Move Consultants und Standort der Vebego-Niederlassung Nordwestschweiz.\" \/>\n<meta property=\"og:url\" content=\"https:\/\/www.immobilienbusiness.ch\/fr\/regionen\/2021-11-24\/allschwil-vebego-wird-mieterin-im-alba-haus\/\" \/>\n<meta property=\"og:site_name\" content=\"IMMOBILIEN Business\" \/>\n<meta property=\"article:publisher\" content=\"https:\/\/www.facebook.com\/immobilienbusiness\/\" \/>\n<meta property=\"article:published_time\" content=\"2021-11-24T07:55:06+00:00\" \/>\n<meta property=\"article:modified_time\" content=\"2021-11-25T08:11:56+00:00\" \/>\n<meta property=\"og:image\" content=\"https:\/\/www.immobilienbusiness.ch\/wp-content\/uploads\/2021\/11\/alba.jpg\" \/>\n\t<meta property=\"og:image:width\" content=\"2100\" \/>\n\t<meta property=\"og:image:height\" content=\"1400\" \/>\n\t<meta property=\"og:image:type\" content=\"image\/jpeg\" \/>\n<meta name=\"author\" content=\"anja.hall\" \/>\n<meta name=\"twitter:card\" content=\"summary_large_image\" \/>\n<script type=\"application\/ld+json\" class=\"yoast-schema-graph\">{\"@context\":\"https:\\\/\\\/schema.org\",\"@graph\":[{\"@type\":\"Article\",\"@id\":\"https:\\\/\\\/www.immobilienbusiness.ch\\\/en\\\/regionen\\\/2021-11-24\\\/allschwil-vebego-wird-mieterin-im-alba-haus\\\/#article\",\"isPartOf\":{\"@id\":\"https:\\\/\\\/www.immobilienbusiness.ch\\\/en\\\/regionen\\\/2021-11-24\\\/allschwil-vebego-wird-mieterin-im-alba-haus\\\/\"},\"author\":{\"name\":\"anja.hall\",\"@id\":\"https:\\\/\\\/www.immobilienbusiness.ch\\\/#\\\/schema\\\/person\\\/3fc036297b10b9f42d6db5ee932af8c8\"},\"headline\":\"Allschwil: Vebego wird Mieterin im Alba Haus\",\"datePublished\":\"2021-11-24T07:55:06+00:00\",\"dateModified\":\"2021-11-25T08:11:56+00:00\",\"mainEntityOfPage\":{\"@id\":\"https:\\\/\\\/www.immobilienbusiness.ch\\\/en\\\/regionen\\\/2021-11-24\\\/allschwil-vebego-wird-mieterin-im-alba-haus\\\/\"},\"wordCount\":270,\"publisher\":{\"@id\":\"https:\\\/\\\/www.immobilienbusiness.ch\\\/#organization\"},\"image\":{\"@id\":\"https:\\\/\\\/www.immobilienbusiness.ch\\\/en\\\/regionen\\\/2021-11-24\\\/allschwil-vebego-wird-mieterin-im-alba-haus\\\/#primaryimage\"},\"thumbnailUrl\":\"https:\\\/\\\/www.immobilienbusiness.ch\\\/wp-content\\\/uploads\\\/2021\\\/11\\\/alba.jpg\",\"keywords\":[\"Basel-Landschaft\",\"B\u00fcroimmobilien\",\"Facility Management\",\"Projekt in Bau\",\"Vebego\"],\"articleSection\":[\"REGIONEN\"],\"inLanguage\":\"fr-FR\"},{\"@type\":\"WebPage\",\"@id\":\"https:\\\/\\\/www.immobilienbusiness.ch\\\/en\\\/regionen\\\/2021-11-24\\\/allschwil-vebego-wird-mieterin-im-alba-haus\\\/\",\"url\":\"https:\\\/\\\/www.immobilienbusiness.ch\\\/en\\\/regionen\\\/2021-11-24\\\/allschwil-vebego-wird-mieterin-im-alba-haus\\\/\",\"name\":\"Allschwil: Vebego wird Mieterin im Alba Haus - IMMOBILIEN Business\",\"isPartOf\":{\"@id\":\"https:\\\/\\\/www.immobilienbusiness.ch\\\/#website\"},\"primaryImageOfPage\":{\"@id\":\"https:\\\/\\\/www.immobilienbusiness.ch\\\/en\\\/regionen\\\/2021-11-24\\\/allschwil-vebego-wird-mieterin-im-alba-haus\\\/#primaryimage\"},\"image\":{\"@id\":\"https:\\\/\\\/www.immobilienbusiness.ch\\\/en\\\/regionen\\\/2021-11-24\\\/allschwil-vebego-wird-mieterin-im-alba-haus\\\/#primaryimage\"},\"thumbnailUrl\":\"https:\\\/\\\/www.immobilienbusiness.ch\\\/wp-content\\\/uploads\\\/2021\\\/11\\\/alba.jpg\",\"datePublished\":\"2021-11-24T07:55:06+00:00\",\"dateModified\":\"2021-11-25T08:11:56+00:00\",\"description\":\"Das Alba Haus auf dem BaseLink-Areal in Allschwil wird neuer Hauptsitz von Move Consultants und Standort der Vebego-Niederlassung Nordwestschweiz.\",\"breadcrumb\":{\"@id\":\"https:\\\/\\\/www.immobilienbusiness.ch\\\/en\\\/regionen\\\/2021-11-24\\\/allschwil-vebego-wird-mieterin-im-alba-haus\\\/#breadcrumb\"},\"inLanguage\":\"fr-FR\",\"potentialAction\":[{\"@type\":\"ReadAction\",\"target\":[\"https:\\\/\\\/www.immobilienbusiness.ch\\\/en\\\/regionen\\\/2021-11-24\\\/allschwil-vebego-wird-mieterin-im-alba-haus\\\/\"]}]},{\"@type\":\"ImageObject\",\"inLanguage\":\"fr-FR\",\"@id\":\"https:\\\/\\\/www.immobilienbusiness.ch\\\/en\\\/regionen\\\/2021-11-24\\\/allschwil-vebego-wird-mieterin-im-alba-haus\\\/#primaryimage\",\"url\":\"https:\\\/\\\/www.immobilienbusiness.ch\\\/wp-content\\\/uploads\\\/2021\\\/11\\\/alba.jpg\",\"contentUrl\":\"https:\\\/\\\/www.immobilienbusiness.ch\\\/wp-content\\\/uploads\\\/2021\\\/11\\\/alba.jpg\",\"width\":2100,\"height\":1400,\"caption\":\"Auf der Baustelle: Marc Siegrist (Bauherrenvertretung JP Bachgraben AG), Dr. Giuseppe Santagada (CEO Vebego Schweiz Holding), Pierre de Meuron, Dr. Andreas Meister (VRP Move Consultants und Leiter strategische Entwicklung Vebego Schweiz Holding; v.l.n.r.; \u00a9 Vebego Schweiz Holding AG)\"},{\"@type\":\"BreadcrumbList\",\"@id\":\"https:\\\/\\\/www.immobilienbusiness.ch\\\/en\\\/regionen\\\/2021-11-24\\\/allschwil-vebego-wird-mieterin-im-alba-haus\\\/#breadcrumb\",\"itemListElement\":[{\"@type\":\"ListItem\",\"position\":1,\"name\":\"Home\",\"item\":\"https:\\\/\\\/www.immobilienbusiness.ch\\\/\"},{\"@type\":\"ListItem\",\"position\":2,\"name\":\"Allschwil: Vebego wird Mieterin im Alba Haus\"}]},{\"@type\":\"WebSite\",\"@id\":\"https:\\\/\\\/www.immobilienbusiness.ch\\\/#website\",\"url\":\"https:\\\/\\\/www.immobilienbusiness.ch\\\/\",\"name\":\"IMMOBILIEN Business\",\"description\":\"Unabh\u00e4ngiges Schweizer Wirtschaftsmagazin mit Fokus auf Immobilien, Architektur- und Bau sowie Investment- und Finanzierung.\",\"publisher\":{\"@id\":\"https:\\\/\\\/www.immobilienbusiness.ch\\\/#organization\"},\"potentialAction\":[{\"@type\":\"SearchAction\",\"target\":{\"@type\":\"EntryPoint\",\"urlTemplate\":\"https:\\\/\\\/www.immobilienbusiness.ch\\\/?s={search_term_string}\"},\"query-input\":{\"@type\":\"PropertyValueSpecification\",\"valueRequired\":true,\"valueName\":\"search_term_string\"}}],\"inLanguage\":\"fr-FR\"},{\"@type\":\"Organization\",\"@id\":\"https:\\\/\\\/www.immobilienbusiness.ch\\\/#organization\",\"name\":\"IMMOBILIEN Business\",\"url\":\"https:\\\/\\\/www.immobilienbusiness.ch\\\/\",\"logo\":{\"@type\":\"ImageObject\",\"inLanguage\":\"fr-FR\",\"@id\":\"https:\\\/\\\/www.immobilienbusiness.ch\\\/#\\\/schema\\\/logo\\\/image\\\/\",\"url\":\"https:\\\/\\\/www.immobilienbusiness.ch\\\/wp-content\\\/uploads\\\/2021\\\/07\\\/logo_ib.png\",\"contentUrl\":\"https:\\\/\\\/www.immobilienbusiness.ch\\\/wp-content\\\/uploads\\\/2021\\\/07\\\/logo_ib.png\",\"width\":800,\"height\":181,\"caption\":\"IMMOBILIEN Business\"},\"image\":{\"@id\":\"https:\\\/\\\/www.immobilienbusiness.ch\\\/#\\\/schema\\\/logo\\\/image\\\/\"},\"sameAs\":[\"https:\\\/\\\/www.facebook.com\\\/immobilienbusiness\\\/\"]},{\"@type\":\"Person\",\"@id\":\"https:\\\/\\\/www.immobilienbusiness.ch\\\/#\\\/schema\\\/person\\\/3fc036297b10b9f42d6db5ee932af8c8\",\"name\":\"anja.hall\",\"image\":{\"@type\":\"ImageObject\",\"inLanguage\":\"fr-FR\",\"@id\":\"https:\\\/\\\/secure.gravatar.com\\\/avatar\\\/066b5a0d447013502c71a5782f4f3469f03cfe595cc2329fb94652fe47511bfb?s=96&d=mm&r=g\",\"url\":\"https:\\\/\\\/secure.gravatar.com\\\/avatar\\\/066b5a0d447013502c71a5782f4f3469f03cfe595cc2329fb94652fe47511bfb?s=96&d=mm&r=g\",\"contentUrl\":\"https:\\\/\\\/secure.gravatar.com\\\/avatar\\\/066b5a0d447013502c71a5782f4f3469f03cfe595cc2329fb94652fe47511bfb?s=96&d=mm&r=g\",\"caption\":\"anja.hall\"},\"url\":\"https:\\\/\\\/www.immobilienbusiness.ch\\\/fr\\\/author\\\/anja-hall\\\/\"}]}<\/script>\n<!-- \/ Yoast SEO plugin. -->","yoast_head_json":{"title":"Allschwil : Vebego devient locataire de la maison Alba - IMMOBILIEN Business","description":"La maison Alba sur le site BaseLink \u00e0 Allschwil devient le nouveau si\u00e8ge principal de Move Consultants et le site de la succursale Vebego du nord-ouest de la Suisse.","robots":{"index":"index","follow":"follow","max-snippet":"max-snippet:-1","max-image-preview":"max-image-preview:large","max-video-preview":"max-video-preview:-1"},"canonical":"https:\/\/www.immobilienbusiness.ch\/fr\/regionen\/2021-11-24\/allschwil-vebego-wird-mieterin-im-alba-haus\/","og_locale":"fr_FR","og_type":"article","og_title":"Allschwil: Vebego wird Mieterin im Alba Haus - IMMOBILIEN Business","og_description":"Das Alba Haus auf dem BaseLink-Areal in Allschwil wird neuer Hauptsitz von Move Consultants und Standort der Vebego-Niederlassung Nordwestschweiz.","og_url":"https:\/\/www.immobilienbusiness.ch\/fr\/regionen\/2021-11-24\/allschwil-vebego-wird-mieterin-im-alba-haus\/","og_site_name":"IMMOBILIEN Business","article_publisher":"https:\/\/www.facebook.com\/immobilienbusiness\/","article_published_time":"2021-11-24T07:55:06+00:00","article_modified_time":"2021-11-25T08:11:56+00:00","og_image":[{"width":2100,"height":1400,"url":"https:\/\/www.immobilienbusiness.ch\/wp-content\/uploads\/2021\/11\/alba.jpg","type":"image\/jpeg"}],"author":"anja.hall","twitter_card":"summary_large_image","schema":{"@context":"https:\/\/schema.org","@graph":[{"@type":"Article","@id":"https:\/\/www.immobilienbusiness.ch\/en\/regionen\/2021-11-24\/allschwil-vebego-wird-mieterin-im-alba-haus\/#article","isPartOf":{"@id":"https:\/\/www.immobilienbusiness.ch\/en\/regionen\/2021-11-24\/allschwil-vebego-wird-mieterin-im-alba-haus\/"},"author":{"name":"anja.hall","@id":"https:\/\/www.immobilienbusiness.ch\/#\/schema\/person\/3fc036297b10b9f42d6db5ee932af8c8"},"headline":"Allschwil: Vebego wird Mieterin im Alba Haus","datePublished":"2021-11-24T07:55:06+00:00","dateModified":"2021-11-25T08:11:56+00:00","mainEntityOfPage":{"@id":"https:\/\/www.immobilienbusiness.ch\/en\/regionen\/2021-11-24\/allschwil-vebego-wird-mieterin-im-alba-haus\/"},"wordCount":270,"publisher":{"@id":"https:\/\/www.immobilienbusiness.ch\/#organization"},"image":{"@id":"https:\/\/www.immobilienbusiness.ch\/en\/regionen\/2021-11-24\/allschwil-vebego-wird-mieterin-im-alba-haus\/#primaryimage"},"thumbnailUrl":"https:\/\/www.immobilienbusiness.ch\/wp-content\/uploads\/2021\/11\/alba.jpg","keywords":["Basel-Landschaft","B\u00fcroimmobilien","Facility Management","Projekt in Bau","Vebego"],"articleSection":["REGIONEN"],"inLanguage":"fr-FR"},{"@type":"WebPage","@id":"https:\/\/www.immobilienbusiness.ch\/en\/regionen\/2021-11-24\/allschwil-vebego-wird-mieterin-im-alba-haus\/","url":"https:\/\/www.immobilienbusiness.ch\/en\/regionen\/2021-11-24\/allschwil-vebego-wird-mieterin-im-alba-haus\/","name":"Allschwil : Vebego devient locataire de la maison Alba - IMMOBILIEN Business","isPartOf":{"@id":"https:\/\/www.immobilienbusiness.ch\/#website"},"primaryImageOfPage":{"@id":"https:\/\/www.immobilienbusiness.ch\/en\/regionen\/2021-11-24\/allschwil-vebego-wird-mieterin-im-alba-haus\/#primaryimage"},"image":{"@id":"https:\/\/www.immobilienbusiness.ch\/en\/regionen\/2021-11-24\/allschwil-vebego-wird-mieterin-im-alba-haus\/#primaryimage"},"thumbnailUrl":"https:\/\/www.immobilienbusiness.ch\/wp-content\/uploads\/2021\/11\/alba.jpg","datePublished":"2021-11-24T07:55:06+00:00","dateModified":"2021-11-25T08:11:56+00:00","description":"La maison Alba sur le site BaseLink \u00e0 Allschwil devient le nouveau si\u00e8ge principal de Move Consultants et le site de la succursale Vebego du nord-ouest de la Suisse.","breadcrumb":{"@id":"https:\/\/www.immobilienbusiness.ch\/en\/regionen\/2021-11-24\/allschwil-vebego-wird-mieterin-im-alba-haus\/#breadcrumb"},"inLanguage":"fr-FR","potentialAction":[{"@type":"ReadAction","target":["https:\/\/www.immobilienbusiness.ch\/en\/regionen\/2021-11-24\/allschwil-vebego-wird-mieterin-im-alba-haus\/"]}]},{"@type":"ImageObject","inLanguage":"fr-FR","@id":"https:\/\/www.immobilienbusiness.ch\/en\/regionen\/2021-11-24\/allschwil-vebego-wird-mieterin-im-alba-haus\/#primaryimage","url":"https:\/\/www.immobilienbusiness.ch\/wp-content\/uploads\/2021\/11\/alba.jpg","contentUrl":"https:\/\/www.immobilienbusiness.ch\/wp-content\/uploads\/2021\/11\/alba.jpg","width":2100,"height":1400,"caption":"Auf der Baustelle: Marc Siegrist (Bauherrenvertretung JP Bachgraben AG), Dr. Giuseppe Santagada (CEO Vebego Schweiz Holding), Pierre de Meuron, Dr. Andreas Meister (VRP Move Consultants und Leiter strategische Entwicklung Vebego Schweiz Holding; v.l.n.r.; \u00a9 Vebego Schweiz Holding AG)"},{"@type":"BreadcrumbList","@id":"https:\/\/www.immobilienbusiness.ch\/en\/regionen\/2021-11-24\/allschwil-vebego-wird-mieterin-im-alba-haus\/#breadcrumb","itemListElement":[{"@type":"ListItem","position":1,"name":"Home","item":"https:\/\/www.immobilienbusiness.ch\/"},{"@type":"ListItem","position":2,"name":"Allschwil: Vebego wird Mieterin im Alba Haus"}]},{"@type":"WebSite","@id":"https:\/\/www.immobilienbusiness.ch\/#website","url":"https:\/\/www.immobilienbusiness.ch\/","name":"IMMOBILIER Business","description":"Magazine \u00e9conomique suisse ind\u00e9pendant ax\u00e9 sur l'immobilier, l'architecture et la construction ainsi que sur les investissements et le financement.","publisher":{"@id":"https:\/\/www.immobilienbusiness.ch\/#organization"},"potentialAction":[{"@type":"SearchAction","target":{"@type":"EntryPoint","urlTemplate":"https:\/\/www.immobilienbusiness.ch\/?s={search_term_string}"},"query-input":{"@type":"PropertyValueSpecification","valueRequired":true,"valueName":"search_term_string"}}],"inLanguage":"fr-FR"},{"@type":"Organization","@id":"https:\/\/www.immobilienbusiness.ch\/#organization","name":"IMMOBILIER Business","url":"https:\/\/www.immobilienbusiness.ch\/","logo":{"@type":"ImageObject","inLanguage":"fr-FR","@id":"https:\/\/www.immobilienbusiness.ch\/#\/schema\/logo\/image\/","url":"https:\/\/www.immobilienbusiness.ch\/wp-content\/uploads\/2021\/07\/logo_ib.png","contentUrl":"https:\/\/www.immobilienbusiness.ch\/wp-content\/uploads\/2021\/07\/logo_ib.png","width":800,"height":181,"caption":"IMMOBILIEN Business"},"image":{"@id":"https:\/\/www.immobilienbusiness.ch\/#\/schema\/logo\/image\/"},"sameAs":["https:\/\/www.facebook.com\/immobilienbusiness\/"]},{"@type":"Person","@id":"https:\/\/www.immobilienbusiness.ch\/#\/schema\/person\/3fc036297b10b9f42d6db5ee932af8c8","name":"anja.hall","image":{"@type":"ImageObject","inLanguage":"fr-FR","@id":"https:\/\/secure.gravatar.com\/avatar\/066b5a0d447013502c71a5782f4f3469f03cfe595cc2329fb94652fe47511bfb?s=96&d=mm&r=g","url":"https:\/\/secure.gravatar.com\/avatar\/066b5a0d447013502c71a5782f4f3469f03cfe595cc2329fb94652fe47511bfb?s=96&d=mm&r=g","contentUrl":"https:\/\/secure.gravatar.com\/avatar\/066b5a0d447013502c71a5782f4f3469f03cfe595cc2329fb94652fe47511bfb?s=96&d=mm&r=g","caption":"anja.hall"},"url":"https:\/\/www.immobilienbusiness.ch\/fr\/author\/anja-hall\/"}]}},"_links":{"self":[{"href":"https:\/\/www.immobilienbusiness.ch\/fr\/wp-json\/wp\/v2\/posts\/39202","targetHints":{"allow":["GET"]}}],"collection":[{"href":"https:\/\/www.immobilienbusiness.ch\/fr\/wp-json\/wp\/v2\/posts"}],"about":[{"href":"https:\/\/www.immobilienbusiness.ch\/fr\/wp-json\/wp\/v2\/types\/post"}],"author":[{"embeddable":true,"href":"https:\/\/www.immobilienbusiness.ch\/fr\/wp-json\/wp\/v2\/users\/3"}],"replies":[{"embeddable":true,"href":"https:\/\/www.immobilienbusiness.ch\/fr\/wp-json\/wp\/v2\/comments?post=39202"}],"version-history":[{"count":3,"href":"https:\/\/www.immobilienbusiness.ch\/fr\/wp-json\/wp\/v2\/posts\/39202\/revisions"}],"predecessor-version":[{"id":39232,"href":"https:\/\/www.immobilienbusiness.ch\/fr\/wp-json\/wp\/v2\/posts\/39202\/revisions\/39232"}],"wp:featuredmedia":[{"embeddable":true,"href":"https:\/\/www.immobilienbusiness.ch\/fr\/wp-json\/wp\/v2\/media\/39203"}],"wp:attachment":[{"href":"https:\/\/www.immobilienbusiness.ch\/fr\/wp-json\/wp\/v2\/media?parent=39202"}],"wp:term":[{"taxonomy":"category","embeddable":true,"href":"https:\/\/www.immobilienbusiness.ch\/fr\/wp-json\/wp\/v2\/categories?post=39202"},{"taxonomy":"post_tag","embeddable":true,"href":"https:\/\/www.immobilienbusiness.ch\/fr\/wp-json\/wp\/v2\/tags?post=39202"}],"curies":[{"name":"wp","href":"https:\/\/api.w.org\/{rel}","templated":true}]}}