{"id":39125,"date":"2021-11-17T08:05:42","date_gmt":"2021-11-17T07:05:42","guid":{"rendered":"https:\/\/www.immobilienbusiness.ch\/?p=39125"},"modified":"2021-11-17T08:42:56","modified_gmt":"2021-11-17T07:42:56","slug":"admicasa-ausbau-im-finanzierungsbereich","status":"publish","type":"post","link":"https:\/\/www.immobilienbusiness.ch\/fr\/unternehmen\/2021-11-17\/admicasa-ausbau-im-finanzierungsbereich\/","title":{"rendered":"Admicasa : expansion dans le domaine du financement"},"content":{"rendered":"<figure id=\"attachment_9343\" aria-describedby=\"caption-attachment-9343\" style=\"width: 680px\" class=\"wp-caption alignnone\"><img loading=\"lazy\" decoding=\"async\" class=\"wp-image-9343 size-full\" src=\"https:\/\/www.immobilienbusiness.ch\/wp-content\/uploads\/2017\/09\/IB-News-20170927-Procimmo-Fonds-Dividende-Managerwechsel_Gajus-Images-\u2013-depositphotos.jpg\" alt=\"\" width=\"680\" height=\"449\" srcset=\"https:\/\/www.immobilienbusiness.ch\/wp-content\/uploads\/2017\/09\/IB-News-20170927-Procimmo-Fonds-Dividende-Managerwechsel_Gajus-Images-\u2013-depositphotos.jpg 680w, https:\/\/www.immobilienbusiness.ch\/wp-content\/uploads\/2017\/09\/IB-News-20170927-Procimmo-Fonds-Dividende-Managerwechsel_Gajus-Images-\u2013-depositphotos-300x198.jpg 300w, https:\/\/www.immobilienbusiness.ch\/wp-content\/uploads\/2017\/09\/IB-News-20170927-Procimmo-Fonds-Dividende-Managerwechsel_Gajus-Images-\u2013-depositphotos-16x12.jpg 16w, https:\/\/www.immobilienbusiness.ch\/wp-content\/uploads\/2017\/09\/IB-News-20170927-Procimmo-Fonds-Dividende-Managerwechsel_Gajus-Images-\u2013-depositphotos-265x175.jpg 265w, https:\/\/www.immobilienbusiness.ch\/wp-content\/uploads\/2017\/09\/IB-News-20170927-Procimmo-Fonds-Dividende-Managerwechsel_Gajus-Images-\u2013-depositphotos-530x350.jpg 530w\" sizes=\"auto, (max-width: 680px) 100vw, 680px\" \/><figcaption id=\"caption-attachment-9343\" class=\"wp-caption-text\">Admicasa coop\u00e8re avec Artemon Capital Partners dans le domaine du financement immobilier (photo : Gajus-Images-depositphotos)<\/figcaption><\/figure>\n<p>Dans le cadre de la collaboration avec Artemon Capital Partners AG, Admicasa r\u00e9duira sa participation dans Bridge Loan AG de 44% aujourd'hui \u00e0 40% en faveur d'Artemon Capital, et les autres actionnaires ordinaires r\u00e9duiront \u00e9galement leurs participations dans la soci\u00e9t\u00e9. Bridge Loan propose des services de conseil et d'interm\u00e9diation en mati\u00e8re de financement subordonn\u00e9 de projets immobiliers (financements mezzanine). Artemon Capital Partners d\u00e9tiendra \u00e0 l'avenir 20% dans Bridge Loan. Un accord correspondant a \u00e9t\u00e9 sign\u00e9 par le conseil d'administration d'Admicasa Holding le 16 novembre 2021.<\/p>\n<p>Dans une deuxi\u00e8me \u00e9tape, l'actuelle Bridge Loan AG sera rebaptis\u00e9e Artemon Projekt Finance AG et les services de financement immobilier seront d\u00e9sormais propos\u00e9s sous la marque Artemon.<\/p>\n<p>Du point de vue de Beat Langenbach, pr\u00e9sident du conseil d'administration d'Admicasa, la soci\u00e9t\u00e9 renforce consid\u00e9rablement sa position sur le march\u00e9 avec la nouvelle structure d'actionnaires pour Bridge Loan et la cr\u00e9ation de la marque. Selon lui, il s'agit d'une \u00e9tape logique dans la mise en \u0153uvre de la strat\u00e9gie visant \u00e0 devenir un \"one stop shop\" pour les services immobiliers. <em>(ah)<\/em><\/p>","protected":false},"excerpt":{"rendered":"<p>Admicasa Holding veut d\u00e9velopper ses activit\u00e9s dans le domaine du financement immobilier et a conclu \u00e0 cet effet une collaboration strat\u00e9gique avec Artemon Capital Partners.<\/p>","protected":false},"author":3,"featured_media":9343,"comment_status":"closed","ping_status":"closed","sticky":false,"template":"","format":"standard","meta":{"_acf_changed":false,"_yoast_wpseo_focuskw":"Admicasa","_yoast_wpseo_title":"","_yoast_wpseo_metadesc":"Die Admicasa Holding will ihre T\u00e4tigkeiten im Bereich Immobilienfinanzierung ausbauen und hat dazu eine Zusammenarbeit mit Artemon Capital Partners vereinbart.","_yoast_wpseo_linkdex":50,"pgc_sgb_lightbox_settings":"","footnotes":""},"categories":[988],"tags":[1003,1331,1808],"class_list":["post-39125","post","type-post","status-publish","format-standard","has-post-thumbnail","hentry","category-unternehmen","tag-admicasa","tag-immobilien-finanzierung","tag-unternehmensbeteiligung"],"acf":[],"yoast_head":"<!-- This site is optimized with the Yoast SEO plugin v27.4 - https:\/\/yoast.com\/product\/yoast-seo-wordpress\/ -->\n<title>Admicasa: Ausbau im Finanzierungsbereich - IMMOBILIEN Business<\/title>\n<meta name=\"description\" content=\"Die Admicasa Holding will ihre T\u00e4tigkeiten im Bereich Immobilienfinanzierung ausbauen und hat dazu eine Zusammenarbeit mit Artemon Capital Partners vereinbart.\" \/>\n<meta name=\"robots\" content=\"index, follow, max-snippet:-1, max-image-preview:large, max-video-preview:-1\" \/>\n<link rel=\"canonical\" href=\"https:\/\/www.immobilienbusiness.ch\/fr\/unternehmen\/2021-11-17\/admicasa-ausbau-im-finanzierungsbereich\/\" \/>\n<meta property=\"og:locale\" content=\"fr_FR\" \/>\n<meta property=\"og:type\" content=\"article\" \/>\n<meta property=\"og:title\" content=\"Admicasa: Ausbau im Finanzierungsbereich - IMMOBILIEN Business\" \/>\n<meta property=\"og:description\" content=\"Die Admicasa Holding will ihre T\u00e4tigkeiten im Bereich Immobilienfinanzierung ausbauen und hat dazu eine Zusammenarbeit mit Artemon Capital Partners vereinbart.\" \/>\n<meta property=\"og:url\" content=\"https:\/\/www.immobilienbusiness.ch\/fr\/unternehmen\/2021-11-17\/admicasa-ausbau-im-finanzierungsbereich\/\" \/>\n<meta property=\"og:site_name\" content=\"IMMOBILIEN Business\" \/>\n<meta property=\"article:publisher\" content=\"https:\/\/www.facebook.com\/immobilienbusiness\/\" \/>\n<meta property=\"article:published_time\" content=\"2021-11-17T07:05:42+00:00\" \/>\n<meta property=\"article:modified_time\" content=\"2021-11-17T07:42:56+00:00\" \/>\n<meta property=\"og:image\" content=\"https:\/\/www.immobilienbusiness.ch\/wp-content\/uploads\/2017\/09\/IB-News-20170927-Procimmo-Fonds-Dividende-Managerwechsel_Gajus-Images-\u2013-depositphotos.jpg\" \/>\n\t<meta property=\"og:image:width\" content=\"680\" \/>\n\t<meta property=\"og:image:height\" content=\"449\" \/>\n\t<meta property=\"og:image:type\" content=\"image\/jpeg\" \/>\n<meta name=\"author\" content=\"anja.hall\" \/>\n<meta name=\"twitter:card\" content=\"summary_large_image\" \/>\n<meta name=\"twitter:image\" content=\"https:\/\/www.immobilienbusiness.ch\/wp-content\/uploads\/2017\/09\/IB-News-20170927-Procimmo-Fonds-Dividende-Managerwechsel_Gajus-Images-\u2013-depositphotos.jpg\" \/>\n<script type=\"application\/ld+json\" class=\"yoast-schema-graph\">{\"@context\":\"https:\\\/\\\/schema.org\",\"@graph\":[{\"@type\":\"Article\",\"@id\":\"https:\\\/\\\/www.immobilienbusiness.ch\\\/unternehmen\\\/2021-11-17\\\/admicasa-ausbau-im-finanzierungsbereich\\\/#article\",\"isPartOf\":{\"@id\":\"https:\\\/\\\/www.immobilienbusiness.ch\\\/unternehmen\\\/2021-11-17\\\/admicasa-ausbau-im-finanzierungsbereich\\\/\"},\"author\":{\"name\":\"anja.hall\",\"@id\":\"https:\\\/\\\/www.immobilienbusiness.ch\\\/#\\\/schema\\\/person\\\/3fc036297b10b9f42d6db5ee932af8c8\"},\"headline\":\"Admicasa: Ausbau im Finanzierungsbereich\",\"datePublished\":\"2021-11-17T07:05:42+00:00\",\"dateModified\":\"2021-11-17T07:42:56+00:00\",\"mainEntityOfPage\":{\"@id\":\"https:\\\/\\\/www.immobilienbusiness.ch\\\/unternehmen\\\/2021-11-17\\\/admicasa-ausbau-im-finanzierungsbereich\\\/\"},\"wordCount\":175,\"publisher\":{\"@id\":\"https:\\\/\\\/www.immobilienbusiness.ch\\\/#organization\"},\"image\":{\"@id\":\"https:\\\/\\\/www.immobilienbusiness.ch\\\/unternehmen\\\/2021-11-17\\\/admicasa-ausbau-im-finanzierungsbereich\\\/#primaryimage\"},\"thumbnailUrl\":\"https:\\\/\\\/www.immobilienbusiness.ch\\\/wp-content\\\/uploads\\\/2017\\\/09\\\/IB-News-20170927-Procimmo-Fonds-Dividende-Managerwechsel_Gajus-Images-\u2013-depositphotos.jpg\",\"keywords\":[\"Admicasa\",\"Immobilien-Finanzierung\",\"Unternehmensbeteiligung\"],\"articleSection\":[\"UNTERNEHMEN\"],\"inLanguage\":\"fr-FR\"},{\"@type\":\"WebPage\",\"@id\":\"https:\\\/\\\/www.immobilienbusiness.ch\\\/unternehmen\\\/2021-11-17\\\/admicasa-ausbau-im-finanzierungsbereich\\\/\",\"url\":\"https:\\\/\\\/www.immobilienbusiness.ch\\\/unternehmen\\\/2021-11-17\\\/admicasa-ausbau-im-finanzierungsbereich\\\/\",\"name\":\"Admicasa: Ausbau im Finanzierungsbereich - IMMOBILIEN Business\",\"isPartOf\":{\"@id\":\"https:\\\/\\\/www.immobilienbusiness.ch\\\/#website\"},\"primaryImageOfPage\":{\"@id\":\"https:\\\/\\\/www.immobilienbusiness.ch\\\/unternehmen\\\/2021-11-17\\\/admicasa-ausbau-im-finanzierungsbereich\\\/#primaryimage\"},\"image\":{\"@id\":\"https:\\\/\\\/www.immobilienbusiness.ch\\\/unternehmen\\\/2021-11-17\\\/admicasa-ausbau-im-finanzierungsbereich\\\/#primaryimage\"},\"thumbnailUrl\":\"https:\\\/\\\/www.immobilienbusiness.ch\\\/wp-content\\\/uploads\\\/2017\\\/09\\\/IB-News-20170927-Procimmo-Fonds-Dividende-Managerwechsel_Gajus-Images-\u2013-depositphotos.jpg\",\"datePublished\":\"2021-11-17T07:05:42+00:00\",\"dateModified\":\"2021-11-17T07:42:56+00:00\",\"description\":\"Die Admicasa Holding will ihre T\u00e4tigkeiten im Bereich Immobilienfinanzierung ausbauen und hat dazu eine Zusammenarbeit mit Artemon Capital Partners vereinbart.\",\"breadcrumb\":{\"@id\":\"https:\\\/\\\/www.immobilienbusiness.ch\\\/unternehmen\\\/2021-11-17\\\/admicasa-ausbau-im-finanzierungsbereich\\\/#breadcrumb\"},\"inLanguage\":\"fr-FR\",\"potentialAction\":[{\"@type\":\"ReadAction\",\"target\":[\"https:\\\/\\\/www.immobilienbusiness.ch\\\/unternehmen\\\/2021-11-17\\\/admicasa-ausbau-im-finanzierungsbereich\\\/\"]}]},{\"@type\":\"ImageObject\",\"inLanguage\":\"fr-FR\",\"@id\":\"https:\\\/\\\/www.immobilienbusiness.ch\\\/unternehmen\\\/2021-11-17\\\/admicasa-ausbau-im-finanzierungsbereich\\\/#primaryimage\",\"url\":\"https:\\\/\\\/www.immobilienbusiness.ch\\\/wp-content\\\/uploads\\\/2017\\\/09\\\/IB-News-20170927-Procimmo-Fonds-Dividende-Managerwechsel_Gajus-Images-\u2013-depositphotos.jpg\",\"contentUrl\":\"https:\\\/\\\/www.immobilienbusiness.ch\\\/wp-content\\\/uploads\\\/2017\\\/09\\\/IB-News-20170927-Procimmo-Fonds-Dividende-Managerwechsel_Gajus-Images-\u2013-depositphotos.jpg\",\"width\":680,\"height\":449,\"caption\":\"Der \u00abProcimmo Swiss Commercial Fund\u00bb legt Zahlen vor und erh\u00e4lt einen neuen Fondsmanager (Bild: Gajus-Images-depositphotos)\"},{\"@type\":\"BreadcrumbList\",\"@id\":\"https:\\\/\\\/www.immobilienbusiness.ch\\\/unternehmen\\\/2021-11-17\\\/admicasa-ausbau-im-finanzierungsbereich\\\/#breadcrumb\",\"itemListElement\":[{\"@type\":\"ListItem\",\"position\":1,\"name\":\"Home\",\"item\":\"https:\\\/\\\/www.immobilienbusiness.ch\\\/\"},{\"@type\":\"ListItem\",\"position\":2,\"name\":\"Admicasa: Ausbau im Finanzierungsbereich\"}]},{\"@type\":\"WebSite\",\"@id\":\"https:\\\/\\\/www.immobilienbusiness.ch\\\/#website\",\"url\":\"https:\\\/\\\/www.immobilienbusiness.ch\\\/\",\"name\":\"IMMOBILIEN Business\",\"description\":\"Unabh\u00e4ngiges Schweizer Wirtschaftsmagazin mit Fokus auf Immobilien, Architektur- und Bau sowie Investment- und Finanzierung.\",\"publisher\":{\"@id\":\"https:\\\/\\\/www.immobilienbusiness.ch\\\/#organization\"},\"potentialAction\":[{\"@type\":\"SearchAction\",\"target\":{\"@type\":\"EntryPoint\",\"urlTemplate\":\"https:\\\/\\\/www.immobilienbusiness.ch\\\/?s={search_term_string}\"},\"query-input\":{\"@type\":\"PropertyValueSpecification\",\"valueRequired\":true,\"valueName\":\"search_term_string\"}}],\"inLanguage\":\"fr-FR\"},{\"@type\":\"Organization\",\"@id\":\"https:\\\/\\\/www.immobilienbusiness.ch\\\/#organization\",\"name\":\"IMMOBILIEN Business\",\"url\":\"https:\\\/\\\/www.immobilienbusiness.ch\\\/\",\"logo\":{\"@type\":\"ImageObject\",\"inLanguage\":\"fr-FR\",\"@id\":\"https:\\\/\\\/www.immobilienbusiness.ch\\\/#\\\/schema\\\/logo\\\/image\\\/\",\"url\":\"https:\\\/\\\/www.immobilienbusiness.ch\\\/wp-content\\\/uploads\\\/2021\\\/07\\\/logo_ib.png\",\"contentUrl\":\"https:\\\/\\\/www.immobilienbusiness.ch\\\/wp-content\\\/uploads\\\/2021\\\/07\\\/logo_ib.png\",\"width\":800,\"height\":181,\"caption\":\"IMMOBILIEN Business\"},\"image\":{\"@id\":\"https:\\\/\\\/www.immobilienbusiness.ch\\\/#\\\/schema\\\/logo\\\/image\\\/\"},\"sameAs\":[\"https:\\\/\\\/www.facebook.com\\\/immobilienbusiness\\\/\"]},{\"@type\":\"Person\",\"@id\":\"https:\\\/\\\/www.immobilienbusiness.ch\\\/#\\\/schema\\\/person\\\/3fc036297b10b9f42d6db5ee932af8c8\",\"name\":\"anja.hall\",\"image\":{\"@type\":\"ImageObject\",\"inLanguage\":\"fr-FR\",\"@id\":\"https:\\\/\\\/secure.gravatar.com\\\/avatar\\\/066b5a0d447013502c71a5782f4f3469f03cfe595cc2329fb94652fe47511bfb?s=96&d=mm&r=g\",\"url\":\"https:\\\/\\\/secure.gravatar.com\\\/avatar\\\/066b5a0d447013502c71a5782f4f3469f03cfe595cc2329fb94652fe47511bfb?s=96&d=mm&r=g\",\"contentUrl\":\"https:\\\/\\\/secure.gravatar.com\\\/avatar\\\/066b5a0d447013502c71a5782f4f3469f03cfe595cc2329fb94652fe47511bfb?s=96&d=mm&r=g\",\"caption\":\"anja.hall\"},\"url\":\"https:\\\/\\\/www.immobilienbusiness.ch\\\/fr\\\/author\\\/anja-hall\\\/\"}]}<\/script>\n<!-- \/ Yoast SEO plugin. -->","yoast_head_json":{"title":"Admicasa: Ausbau im Finanzierungsbereich - IMMOBILIEN Business","description":"Die Admicasa Holding will ihre T\u00e4tigkeiten im Bereich Immobilienfinanzierung ausbauen und hat dazu eine Zusammenarbeit mit Artemon Capital Partners vereinbart.","robots":{"index":"index","follow":"follow","max-snippet":"max-snippet:-1","max-image-preview":"max-image-preview:large","max-video-preview":"max-video-preview:-1"},"canonical":"https:\/\/www.immobilienbusiness.ch\/fr\/unternehmen\/2021-11-17\/admicasa-ausbau-im-finanzierungsbereich\/","og_locale":"fr_FR","og_type":"article","og_title":"Admicasa: Ausbau im Finanzierungsbereich - IMMOBILIEN Business","og_description":"Die Admicasa Holding will ihre T\u00e4tigkeiten im Bereich Immobilienfinanzierung ausbauen und hat dazu eine Zusammenarbeit mit Artemon Capital Partners vereinbart.","og_url":"https:\/\/www.immobilienbusiness.ch\/fr\/unternehmen\/2021-11-17\/admicasa-ausbau-im-finanzierungsbereich\/","og_site_name":"IMMOBILIEN Business","article_publisher":"https:\/\/www.facebook.com\/immobilienbusiness\/","article_published_time":"2021-11-17T07:05:42+00:00","article_modified_time":"2021-11-17T07:42:56+00:00","og_image":[{"width":680,"height":449,"url":"https:\/\/www.immobilienbusiness.ch\/wp-content\/uploads\/2017\/09\/IB-News-20170927-Procimmo-Fonds-Dividende-Managerwechsel_Gajus-Images-\u2013-depositphotos.jpg","type":"image\/jpeg"}],"author":"anja.hall","twitter_card":"summary_large_image","twitter_image":"https:\/\/www.immobilienbusiness.ch\/wp-content\/uploads\/2017\/09\/IB-News-20170927-Procimmo-Fonds-Dividende-Managerwechsel_Gajus-Images-\u2013-depositphotos.jpg","schema":{"@context":"https:\/\/schema.org","@graph":[{"@type":"Article","@id":"https:\/\/www.immobilienbusiness.ch\/unternehmen\/2021-11-17\/admicasa-ausbau-im-finanzierungsbereich\/#article","isPartOf":{"@id":"https:\/\/www.immobilienbusiness.ch\/unternehmen\/2021-11-17\/admicasa-ausbau-im-finanzierungsbereich\/"},"author":{"name":"anja.hall","@id":"https:\/\/www.immobilienbusiness.ch\/#\/schema\/person\/3fc036297b10b9f42d6db5ee932af8c8"},"headline":"Admicasa: Ausbau im Finanzierungsbereich","datePublished":"2021-11-17T07:05:42+00:00","dateModified":"2021-11-17T07:42:56+00:00","mainEntityOfPage":{"@id":"https:\/\/www.immobilienbusiness.ch\/unternehmen\/2021-11-17\/admicasa-ausbau-im-finanzierungsbereich\/"},"wordCount":175,"publisher":{"@id":"https:\/\/www.immobilienbusiness.ch\/#organization"},"image":{"@id":"https:\/\/www.immobilienbusiness.ch\/unternehmen\/2021-11-17\/admicasa-ausbau-im-finanzierungsbereich\/#primaryimage"},"thumbnailUrl":"https:\/\/www.immobilienbusiness.ch\/wp-content\/uploads\/2017\/09\/IB-News-20170927-Procimmo-Fonds-Dividende-Managerwechsel_Gajus-Images-\u2013-depositphotos.jpg","keywords":["Admicasa","Immobilien-Finanzierung","Unternehmensbeteiligung"],"articleSection":["UNTERNEHMEN"],"inLanguage":"fr-FR"},{"@type":"WebPage","@id":"https:\/\/www.immobilienbusiness.ch\/unternehmen\/2021-11-17\/admicasa-ausbau-im-finanzierungsbereich\/","url":"https:\/\/www.immobilienbusiness.ch\/unternehmen\/2021-11-17\/admicasa-ausbau-im-finanzierungsbereich\/","name":"Admicasa: Ausbau im Finanzierungsbereich - IMMOBILIEN Business","isPartOf":{"@id":"https:\/\/www.immobilienbusiness.ch\/#website"},"primaryImageOfPage":{"@id":"https:\/\/www.immobilienbusiness.ch\/unternehmen\/2021-11-17\/admicasa-ausbau-im-finanzierungsbereich\/#primaryimage"},"image":{"@id":"https:\/\/www.immobilienbusiness.ch\/unternehmen\/2021-11-17\/admicasa-ausbau-im-finanzierungsbereich\/#primaryimage"},"thumbnailUrl":"https:\/\/www.immobilienbusiness.ch\/wp-content\/uploads\/2017\/09\/IB-News-20170927-Procimmo-Fonds-Dividende-Managerwechsel_Gajus-Images-\u2013-depositphotos.jpg","datePublished":"2021-11-17T07:05:42+00:00","dateModified":"2021-11-17T07:42:56+00:00","description":"Die Admicasa Holding will ihre T\u00e4tigkeiten im Bereich Immobilienfinanzierung ausbauen und hat dazu eine Zusammenarbeit mit Artemon Capital Partners vereinbart.","breadcrumb":{"@id":"https:\/\/www.immobilienbusiness.ch\/unternehmen\/2021-11-17\/admicasa-ausbau-im-finanzierungsbereich\/#breadcrumb"},"inLanguage":"fr-FR","potentialAction":[{"@type":"ReadAction","target":["https:\/\/www.immobilienbusiness.ch\/unternehmen\/2021-11-17\/admicasa-ausbau-im-finanzierungsbereich\/"]}]},{"@type":"ImageObject","inLanguage":"fr-FR","@id":"https:\/\/www.immobilienbusiness.ch\/unternehmen\/2021-11-17\/admicasa-ausbau-im-finanzierungsbereich\/#primaryimage","url":"https:\/\/www.immobilienbusiness.ch\/wp-content\/uploads\/2017\/09\/IB-News-20170927-Procimmo-Fonds-Dividende-Managerwechsel_Gajus-Images-\u2013-depositphotos.jpg","contentUrl":"https:\/\/www.immobilienbusiness.ch\/wp-content\/uploads\/2017\/09\/IB-News-20170927-Procimmo-Fonds-Dividende-Managerwechsel_Gajus-Images-\u2013-depositphotos.jpg","width":680,"height":449,"caption":"Der \u00abProcimmo Swiss Commercial Fund\u00bb legt Zahlen vor und erh\u00e4lt einen neuen Fondsmanager (Bild: Gajus-Images-depositphotos)"},{"@type":"BreadcrumbList","@id":"https:\/\/www.immobilienbusiness.ch\/unternehmen\/2021-11-17\/admicasa-ausbau-im-finanzierungsbereich\/#breadcrumb","itemListElement":[{"@type":"ListItem","position":1,"name":"Home","item":"https:\/\/www.immobilienbusiness.ch\/"},{"@type":"ListItem","position":2,"name":"Admicasa: Ausbau im Finanzierungsbereich"}]},{"@type":"WebSite","@id":"https:\/\/www.immobilienbusiness.ch\/#website","url":"https:\/\/www.immobilienbusiness.ch\/","name":"IMMOBILIER Business","description":"Magazine \u00e9conomique suisse ind\u00e9pendant ax\u00e9 sur l'immobilier, l'architecture et la construction ainsi que sur les investissements et le financement.","publisher":{"@id":"https:\/\/www.immobilienbusiness.ch\/#organization"},"potentialAction":[{"@type":"SearchAction","target":{"@type":"EntryPoint","urlTemplate":"https:\/\/www.immobilienbusiness.ch\/?s={search_term_string}"},"query-input":{"@type":"PropertyValueSpecification","valueRequired":true,"valueName":"search_term_string"}}],"inLanguage":"fr-FR"},{"@type":"Organization","@id":"https:\/\/www.immobilienbusiness.ch\/#organization","name":"IMMOBILIER Business","url":"https:\/\/www.immobilienbusiness.ch\/","logo":{"@type":"ImageObject","inLanguage":"fr-FR","@id":"https:\/\/www.immobilienbusiness.ch\/#\/schema\/logo\/image\/","url":"https:\/\/www.immobilienbusiness.ch\/wp-content\/uploads\/2021\/07\/logo_ib.png","contentUrl":"https:\/\/www.immobilienbusiness.ch\/wp-content\/uploads\/2021\/07\/logo_ib.png","width":800,"height":181,"caption":"IMMOBILIEN Business"},"image":{"@id":"https:\/\/www.immobilienbusiness.ch\/#\/schema\/logo\/image\/"},"sameAs":["https:\/\/www.facebook.com\/immobilienbusiness\/"]},{"@type":"Person","@id":"https:\/\/www.immobilienbusiness.ch\/#\/schema\/person\/3fc036297b10b9f42d6db5ee932af8c8","name":"anja.hall","image":{"@type":"ImageObject","inLanguage":"fr-FR","@id":"https:\/\/secure.gravatar.com\/avatar\/066b5a0d447013502c71a5782f4f3469f03cfe595cc2329fb94652fe47511bfb?s=96&d=mm&r=g","url":"https:\/\/secure.gravatar.com\/avatar\/066b5a0d447013502c71a5782f4f3469f03cfe595cc2329fb94652fe47511bfb?s=96&d=mm&r=g","contentUrl":"https:\/\/secure.gravatar.com\/avatar\/066b5a0d447013502c71a5782f4f3469f03cfe595cc2329fb94652fe47511bfb?s=96&d=mm&r=g","caption":"anja.hall"},"url":"https:\/\/www.immobilienbusiness.ch\/fr\/author\/anja-hall\/"}]}},"_links":{"self":[{"href":"https:\/\/www.immobilienbusiness.ch\/fr\/wp-json\/wp\/v2\/posts\/39125","targetHints":{"allow":["GET"]}}],"collection":[{"href":"https:\/\/www.immobilienbusiness.ch\/fr\/wp-json\/wp\/v2\/posts"}],"about":[{"href":"https:\/\/www.immobilienbusiness.ch\/fr\/wp-json\/wp\/v2\/types\/post"}],"author":[{"embeddable":true,"href":"https:\/\/www.immobilienbusiness.ch\/fr\/wp-json\/wp\/v2\/users\/3"}],"replies":[{"embeddable":true,"href":"https:\/\/www.immobilienbusiness.ch\/fr\/wp-json\/wp\/v2\/comments?post=39125"}],"version-history":[{"count":1,"href":"https:\/\/www.immobilienbusiness.ch\/fr\/wp-json\/wp\/v2\/posts\/39125\/revisions"}],"predecessor-version":[{"id":39126,"href":"https:\/\/www.immobilienbusiness.ch\/fr\/wp-json\/wp\/v2\/posts\/39125\/revisions\/39126"}],"wp:featuredmedia":[{"embeddable":true,"href":"https:\/\/www.immobilienbusiness.ch\/fr\/wp-json\/wp\/v2\/media\/9343"}],"wp:attachment":[{"href":"https:\/\/www.immobilienbusiness.ch\/fr\/wp-json\/wp\/v2\/media?parent=39125"}],"wp:term":[{"taxonomy":"category","embeddable":true,"href":"https:\/\/www.immobilienbusiness.ch\/fr\/wp-json\/wp\/v2\/categories?post=39125"},{"taxonomy":"post_tag","embeddable":true,"href":"https:\/\/www.immobilienbusiness.ch\/fr\/wp-json\/wp\/v2\/tags?post=39125"}],"curies":[{"name":"wp","href":"https:\/\/api.w.org\/{rel}","templated":true}]}}