{"id":39015,"date":"2021-11-09T08:12:48","date_gmt":"2021-11-09T07:12:48","guid":{"rendered":"https:\/\/www.immobilienbusiness.ch\/?p=39015"},"modified":"2023-08-08T20:26:18","modified_gmt":"2023-08-08T18:26:18","slug":"baloise-neuer-leiter-fuer-den-bereich-immobilien","status":"publish","type":"post","link":"https:\/\/www.immobilienbusiness.ch\/fr\/personalia\/2021-11-09\/baloise-neuer-leiter-fuer-den-bereich-immobilien\/","title":{"rendered":"B\u00e2loise : nouveau chef du secteur immobilier"},"content":{"rendered":"<figure id=\"attachment_39016\" aria-describedby=\"caption-attachment-39016\" style=\"width: 1527px\" class=\"wp-caption alignnone\"><img loading=\"lazy\" decoding=\"async\" class=\"wp-image-39016 size-full\" src=\"https:\/\/www.immobilienbusiness.ch\/wp-content\/uploads\/2021\/11\/jean-pierre-valenghi.jpg\" alt=\"\" width=\"1527\" height=\"1527\" srcset=\"https:\/\/www.immobilienbusiness.ch\/wp-content\/uploads\/2021\/11\/jean-pierre-valenghi.jpg 1527w, https:\/\/www.immobilienbusiness.ch\/wp-content\/uploads\/2021\/11\/jean-pierre-valenghi-300x300.jpg 300w, https:\/\/www.immobilienbusiness.ch\/wp-content\/uploads\/2021\/11\/jean-pierre-valenghi-1024x1024.jpg 1024w, https:\/\/www.immobilienbusiness.ch\/wp-content\/uploads\/2021\/11\/jean-pierre-valenghi-150x150.jpg 150w, https:\/\/www.immobilienbusiness.ch\/wp-content\/uploads\/2021\/11\/jean-pierre-valenghi-768x768.jpg 768w, https:\/\/www.immobilienbusiness.ch\/wp-content\/uploads\/2021\/11\/jean-pierre-valenghi-12x12.jpg 12w, https:\/\/www.immobilienbusiness.ch\/wp-content\/uploads\/2021\/11\/jean-pierre-valenghi-175x175.jpg 175w, https:\/\/www.immobilienbusiness.ch\/wp-content\/uploads\/2021\/11\/jean-pierre-valenghi-350x350.jpg 350w, https:\/\/www.immobilienbusiness.ch\/wp-content\/uploads\/2021\/11\/jean-pierre-valenghi-800x800.jpg 800w, https:\/\/www.immobilienbusiness.ch\/wp-content\/uploads\/2021\/11\/jean-pierre-valenghi-920x920.jpg 920w, https:\/\/www.immobilienbusiness.ch\/wp-content\/uploads\/2021\/11\/jean-pierre-valenghi-1400x1400.jpg 1400w, https:\/\/www.immobilienbusiness.ch\/wp-content\/uploads\/2021\/11\/jean-pierre-valenghi-250x250.jpg 250w, https:\/\/www.immobilienbusiness.ch\/wp-content\/uploads\/2021\/11\/jean-pierre-valenghi-100x100.jpg 100w\" sizes=\"auto, (max-width: 1527px) 100vw, 1527px\" \/><figcaption id=\"caption-attachment-39016\" class=\"wp-caption-text\">Jean-Pierre Valenghi (Source : Baloise Group)<\/figcaption><\/figure>\n<p>Jean-Pierre Valenghi prendra ses nouvelles fonctions de responsable de l'immobilier en janvier 2022, a annonc\u00e9 le Baloise Group. L'homme de 44 ans sera alors responsable de l'ensemble de la division immobili\u00e8re de l'assureur, qui g\u00e8re environ 9 milliards de francs suisses d'actifs. La division immobili\u00e8re de Baloise Asset Management AG emploie environ 60 personnes qui g\u00e8rent un portefeuille de plus de 570 propri\u00e9t\u00e9s et 38 000 biens locatifs. Selon Matthias Henny, Chief Investment Officer du Baloise Group, la division pr\u00e9sente un int\u00e9r\u00eat strat\u00e9gique pour l'acquisition d'actifs de tiers jusqu'en 2025.<\/p>\n<p>M. Valenghi a \u00e9t\u00e9 responsable de la cr\u00e9ation et du d\u00e9veloppement du portail immobilier Newhome.ch de 2013 \u00e0 juillet 2021, d'abord en tant que CEO et CFO, et plus r\u00e9cemment en tant que Co-CEO. Auparavant, il a occup\u00e9 divers postes dans le domaine de l'immobilier chez PwC Suisse, notamment celui de responsable du conseil en immobilier. Avant de rejoindre PwC, il a travaill\u00e9 pendant 14 ans dans l'entreprise familiale, la soci\u00e9t\u00e9 d'investissement immobilier Valenghi AG. Sa nomination en tant que responsable du secteur immobilier de la B\u00e2loise est encore soumise \u00e0 l'approbation de l'Autorit\u00e9 f\u00e9d\u00e9rale de surveillance des march\u00e9s financiers (Finma).<em> (ah)<\/em><\/p>","protected":false},"excerpt":{"rendered":"<p>Jean-Pierre Valenghi, anciennement Co-CEO du portail immobilier Newhome, prendra la direction de l'immobilier du Baloise Group.<\/p>","protected":false},"author":3,"featured_media":39016,"comment_status":"closed","ping_status":"closed","sticky":false,"template":"","format":"standard","meta":{"_acf_changed":false,"_yoast_wpseo_focuskw":"Baloise","_yoast_wpseo_title":"","_yoast_wpseo_metadesc":"Jean-Pierre Valenghi, derzeit CEO des Immobilienportals Newhome.ch, wird die Leitung des Immobilienbereichs bei der Baloise Group \u00fcbernehmen.","_yoast_wpseo_linkdex":42,"pgc_sgb_lightbox_settings":"","footnotes":""},"categories":[1912],"tags":[1046,1065,1563],"class_list":["post-39015","post","type-post","status-publish","format-standard","has-post-thumbnail","hentry","category-personalia","tag-asset-manager","tag-baloise","tag-personalia"],"acf":[],"yoast_head":"<!-- This site is optimized with the Yoast SEO plugin v27.4 - https:\/\/yoast.com\/product\/yoast-seo-wordpress\/ -->\n<title>Baloise: Neuer Leiter f\u00fcr den Bereich Immobilien - IMMOBILIEN Business<\/title>\n<meta name=\"description\" content=\"Jean-Pierre Valenghi, derzeit CEO des Immobilienportals Newhome.ch, wird die Leitung des Immobilienbereichs bei der Baloise Group \u00fcbernehmen.\" \/>\n<meta name=\"robots\" content=\"index, follow, max-snippet:-1, max-image-preview:large, max-video-preview:-1\" \/>\n<link rel=\"canonical\" href=\"https:\/\/www.immobilienbusiness.ch\/fr\/personalia\/2021-11-09\/baloise-neuer-leiter-fuer-den-bereich-immobilien\/\" \/>\n<meta property=\"og:locale\" content=\"fr_FR\" \/>\n<meta property=\"og:type\" content=\"article\" \/>\n<meta property=\"og:title\" content=\"Baloise: Neuer Leiter f\u00fcr den Bereich Immobilien - IMMOBILIEN Business\" \/>\n<meta property=\"og:description\" content=\"Jean-Pierre Valenghi, derzeit CEO des Immobilienportals Newhome.ch, wird die Leitung des Immobilienbereichs bei der Baloise Group \u00fcbernehmen.\" \/>\n<meta property=\"og:url\" content=\"https:\/\/www.immobilienbusiness.ch\/fr\/personalia\/2021-11-09\/baloise-neuer-leiter-fuer-den-bereich-immobilien\/\" \/>\n<meta property=\"og:site_name\" content=\"IMMOBILIEN Business\" \/>\n<meta property=\"article:publisher\" content=\"https:\/\/www.facebook.com\/immobilienbusiness\/\" \/>\n<meta property=\"article:published_time\" content=\"2021-11-09T07:12:48+00:00\" \/>\n<meta property=\"article:modified_time\" content=\"2023-08-08T18:26:18+00:00\" \/>\n<meta property=\"og:image\" content=\"https:\/\/www.immobilienbusiness.ch\/wp-content\/uploads\/2021\/11\/jean-pierre-valenghi.jpg\" \/>\n\t<meta property=\"og:image:width\" content=\"1527\" \/>\n\t<meta property=\"og:image:height\" content=\"1527\" \/>\n\t<meta property=\"og:image:type\" content=\"image\/jpeg\" \/>\n<meta name=\"author\" content=\"anja.hall\" \/>\n<meta name=\"twitter:card\" content=\"summary_large_image\" \/>\n<meta name=\"twitter:image\" content=\"https:\/\/www.immobilienbusiness.ch\/wp-content\/uploads\/2021\/11\/jean-pierre-valenghi.jpg\" \/>\n<script type=\"application\/ld+json\" class=\"yoast-schema-graph\">{\"@context\":\"https:\\\/\\\/schema.org\",\"@graph\":[{\"@type\":\"Article\",\"@id\":\"https:\\\/\\\/www.immobilienbusiness.ch\\\/personalia\\\/2021-11-09\\\/baloise-neuer-leiter-fuer-den-bereich-immobilien\\\/#article\",\"isPartOf\":{\"@id\":\"https:\\\/\\\/www.immobilienbusiness.ch\\\/personalia\\\/2021-11-09\\\/baloise-neuer-leiter-fuer-den-bereich-immobilien\\\/\"},\"author\":{\"name\":\"anja.hall\",\"@id\":\"https:\\\/\\\/www.immobilienbusiness.ch\\\/#\\\/schema\\\/person\\\/3fc036297b10b9f42d6db5ee932af8c8\"},\"headline\":\"Baloise: Neuer Leiter f\u00fcr den Bereich Immobilien\",\"datePublished\":\"2021-11-09T07:12:48+00:00\",\"dateModified\":\"2023-08-08T18:26:18+00:00\",\"mainEntityOfPage\":{\"@id\":\"https:\\\/\\\/www.immobilienbusiness.ch\\\/personalia\\\/2021-11-09\\\/baloise-neuer-leiter-fuer-den-bereich-immobilien\\\/\"},\"wordCount\":178,\"publisher\":{\"@id\":\"https:\\\/\\\/www.immobilienbusiness.ch\\\/#organization\"},\"image\":{\"@id\":\"https:\\\/\\\/www.immobilienbusiness.ch\\\/personalia\\\/2021-11-09\\\/baloise-neuer-leiter-fuer-den-bereich-immobilien\\\/#primaryimage\"},\"thumbnailUrl\":\"https:\\\/\\\/www.immobilienbusiness.ch\\\/wp-content\\\/uploads\\\/2021\\\/11\\\/jean-pierre-valenghi.jpg\",\"keywords\":[\"Asset Manager\",\"Baloise\",\"Personalia\"],\"articleSection\":[\"PERSONALIA\"],\"inLanguage\":\"fr-FR\"},{\"@type\":\"WebPage\",\"@id\":\"https:\\\/\\\/www.immobilienbusiness.ch\\\/personalia\\\/2021-11-09\\\/baloise-neuer-leiter-fuer-den-bereich-immobilien\\\/\",\"url\":\"https:\\\/\\\/www.immobilienbusiness.ch\\\/personalia\\\/2021-11-09\\\/baloise-neuer-leiter-fuer-den-bereich-immobilien\\\/\",\"name\":\"Baloise: Neuer Leiter f\u00fcr den Bereich Immobilien - IMMOBILIEN Business\",\"isPartOf\":{\"@id\":\"https:\\\/\\\/www.immobilienbusiness.ch\\\/#website\"},\"primaryImageOfPage\":{\"@id\":\"https:\\\/\\\/www.immobilienbusiness.ch\\\/personalia\\\/2021-11-09\\\/baloise-neuer-leiter-fuer-den-bereich-immobilien\\\/#primaryimage\"},\"image\":{\"@id\":\"https:\\\/\\\/www.immobilienbusiness.ch\\\/personalia\\\/2021-11-09\\\/baloise-neuer-leiter-fuer-den-bereich-immobilien\\\/#primaryimage\"},\"thumbnailUrl\":\"https:\\\/\\\/www.immobilienbusiness.ch\\\/wp-content\\\/uploads\\\/2021\\\/11\\\/jean-pierre-valenghi.jpg\",\"datePublished\":\"2021-11-09T07:12:48+00:00\",\"dateModified\":\"2023-08-08T18:26:18+00:00\",\"description\":\"Jean-Pierre Valenghi, derzeit CEO des Immobilienportals Newhome.ch, wird die Leitung des Immobilienbereichs bei der Baloise Group \u00fcbernehmen.\",\"breadcrumb\":{\"@id\":\"https:\\\/\\\/www.immobilienbusiness.ch\\\/personalia\\\/2021-11-09\\\/baloise-neuer-leiter-fuer-den-bereich-immobilien\\\/#breadcrumb\"},\"inLanguage\":\"fr-FR\",\"potentialAction\":[{\"@type\":\"ReadAction\",\"target\":[\"https:\\\/\\\/www.immobilienbusiness.ch\\\/personalia\\\/2021-11-09\\\/baloise-neuer-leiter-fuer-den-bereich-immobilien\\\/\"]}]},{\"@type\":\"ImageObject\",\"inLanguage\":\"fr-FR\",\"@id\":\"https:\\\/\\\/www.immobilienbusiness.ch\\\/personalia\\\/2021-11-09\\\/baloise-neuer-leiter-fuer-den-bereich-immobilien\\\/#primaryimage\",\"url\":\"https:\\\/\\\/www.immobilienbusiness.ch\\\/wp-content\\\/uploads\\\/2021\\\/11\\\/jean-pierre-valenghi.jpg\",\"contentUrl\":\"https:\\\/\\\/www.immobilienbusiness.ch\\\/wp-content\\\/uploads\\\/2021\\\/11\\\/jean-pierre-valenghi.jpg\",\"width\":1527,\"height\":1527,\"caption\":\"Jean-Pierre Valenghi (Quelle: Baloise Group)\"},{\"@type\":\"BreadcrumbList\",\"@id\":\"https:\\\/\\\/www.immobilienbusiness.ch\\\/personalia\\\/2021-11-09\\\/baloise-neuer-leiter-fuer-den-bereich-immobilien\\\/#breadcrumb\",\"itemListElement\":[{\"@type\":\"ListItem\",\"position\":1,\"name\":\"Home\",\"item\":\"https:\\\/\\\/www.immobilienbusiness.ch\\\/\"},{\"@type\":\"ListItem\",\"position\":2,\"name\":\"Baloise: Neuer Leiter f\u00fcr den Bereich Immobilien\"}]},{\"@type\":\"WebSite\",\"@id\":\"https:\\\/\\\/www.immobilienbusiness.ch\\\/#website\",\"url\":\"https:\\\/\\\/www.immobilienbusiness.ch\\\/\",\"name\":\"IMMOBILIEN Business\",\"description\":\"Unabh\u00e4ngiges Schweizer Wirtschaftsmagazin mit Fokus auf Immobilien, Architektur- und Bau sowie Investment- und Finanzierung.\",\"publisher\":{\"@id\":\"https:\\\/\\\/www.immobilienbusiness.ch\\\/#organization\"},\"potentialAction\":[{\"@type\":\"SearchAction\",\"target\":{\"@type\":\"EntryPoint\",\"urlTemplate\":\"https:\\\/\\\/www.immobilienbusiness.ch\\\/?s={search_term_string}\"},\"query-input\":{\"@type\":\"PropertyValueSpecification\",\"valueRequired\":true,\"valueName\":\"search_term_string\"}}],\"inLanguage\":\"fr-FR\"},{\"@type\":\"Organization\",\"@id\":\"https:\\\/\\\/www.immobilienbusiness.ch\\\/#organization\",\"name\":\"IMMOBILIEN Business\",\"url\":\"https:\\\/\\\/www.immobilienbusiness.ch\\\/\",\"logo\":{\"@type\":\"ImageObject\",\"inLanguage\":\"fr-FR\",\"@id\":\"https:\\\/\\\/www.immobilienbusiness.ch\\\/#\\\/schema\\\/logo\\\/image\\\/\",\"url\":\"https:\\\/\\\/www.immobilienbusiness.ch\\\/wp-content\\\/uploads\\\/2021\\\/07\\\/logo_ib.png\",\"contentUrl\":\"https:\\\/\\\/www.immobilienbusiness.ch\\\/wp-content\\\/uploads\\\/2021\\\/07\\\/logo_ib.png\",\"width\":800,\"height\":181,\"caption\":\"IMMOBILIEN Business\"},\"image\":{\"@id\":\"https:\\\/\\\/www.immobilienbusiness.ch\\\/#\\\/schema\\\/logo\\\/image\\\/\"},\"sameAs\":[\"https:\\\/\\\/www.facebook.com\\\/immobilienbusiness\\\/\"]},{\"@type\":\"Person\",\"@id\":\"https:\\\/\\\/www.immobilienbusiness.ch\\\/#\\\/schema\\\/person\\\/3fc036297b10b9f42d6db5ee932af8c8\",\"name\":\"anja.hall\",\"image\":{\"@type\":\"ImageObject\",\"inLanguage\":\"fr-FR\",\"@id\":\"https:\\\/\\\/secure.gravatar.com\\\/avatar\\\/066b5a0d447013502c71a5782f4f3469f03cfe595cc2329fb94652fe47511bfb?s=96&d=mm&r=g\",\"url\":\"https:\\\/\\\/secure.gravatar.com\\\/avatar\\\/066b5a0d447013502c71a5782f4f3469f03cfe595cc2329fb94652fe47511bfb?s=96&d=mm&r=g\",\"contentUrl\":\"https:\\\/\\\/secure.gravatar.com\\\/avatar\\\/066b5a0d447013502c71a5782f4f3469f03cfe595cc2329fb94652fe47511bfb?s=96&d=mm&r=g\",\"caption\":\"anja.hall\"},\"url\":\"https:\\\/\\\/www.immobilienbusiness.ch\\\/fr\\\/author\\\/anja-hall\\\/\"}]}<\/script>\n<!-- \/ Yoast SEO plugin. -->","yoast_head_json":{"title":"Baloise : nouveau responsable du secteur immobilier - IMMOBILIER Business","description":"Jean-Pierre Valenghi, actuellement CEO du portail immobilier Newhome.ch, prendra la direction de l'immobilier du Baloise Group.","robots":{"index":"index","follow":"follow","max-snippet":"max-snippet:-1","max-image-preview":"max-image-preview:large","max-video-preview":"max-video-preview:-1"},"canonical":"https:\/\/www.immobilienbusiness.ch\/fr\/personalia\/2021-11-09\/baloise-neuer-leiter-fuer-den-bereich-immobilien\/","og_locale":"fr_FR","og_type":"article","og_title":"Baloise: Neuer Leiter f\u00fcr den Bereich Immobilien - IMMOBILIEN Business","og_description":"Jean-Pierre Valenghi, derzeit CEO des Immobilienportals Newhome.ch, wird die Leitung des Immobilienbereichs bei der Baloise Group \u00fcbernehmen.","og_url":"https:\/\/www.immobilienbusiness.ch\/fr\/personalia\/2021-11-09\/baloise-neuer-leiter-fuer-den-bereich-immobilien\/","og_site_name":"IMMOBILIEN Business","article_publisher":"https:\/\/www.facebook.com\/immobilienbusiness\/","article_published_time":"2021-11-09T07:12:48+00:00","article_modified_time":"2023-08-08T18:26:18+00:00","og_image":[{"width":1527,"height":1527,"url":"https:\/\/www.immobilienbusiness.ch\/wp-content\/uploads\/2021\/11\/jean-pierre-valenghi.jpg","type":"image\/jpeg"}],"author":"anja.hall","twitter_card":"summary_large_image","twitter_image":"https:\/\/www.immobilienbusiness.ch\/wp-content\/uploads\/2021\/11\/jean-pierre-valenghi.jpg","schema":{"@context":"https:\/\/schema.org","@graph":[{"@type":"Article","@id":"https:\/\/www.immobilienbusiness.ch\/personalia\/2021-11-09\/baloise-neuer-leiter-fuer-den-bereich-immobilien\/#article","isPartOf":{"@id":"https:\/\/www.immobilienbusiness.ch\/personalia\/2021-11-09\/baloise-neuer-leiter-fuer-den-bereich-immobilien\/"},"author":{"name":"anja.hall","@id":"https:\/\/www.immobilienbusiness.ch\/#\/schema\/person\/3fc036297b10b9f42d6db5ee932af8c8"},"headline":"Baloise: Neuer Leiter f\u00fcr den Bereich Immobilien","datePublished":"2021-11-09T07:12:48+00:00","dateModified":"2023-08-08T18:26:18+00:00","mainEntityOfPage":{"@id":"https:\/\/www.immobilienbusiness.ch\/personalia\/2021-11-09\/baloise-neuer-leiter-fuer-den-bereich-immobilien\/"},"wordCount":178,"publisher":{"@id":"https:\/\/www.immobilienbusiness.ch\/#organization"},"image":{"@id":"https:\/\/www.immobilienbusiness.ch\/personalia\/2021-11-09\/baloise-neuer-leiter-fuer-den-bereich-immobilien\/#primaryimage"},"thumbnailUrl":"https:\/\/www.immobilienbusiness.ch\/wp-content\/uploads\/2021\/11\/jean-pierre-valenghi.jpg","keywords":["Asset Manager","Baloise","Personalia"],"articleSection":["PERSONALIA"],"inLanguage":"fr-FR"},{"@type":"WebPage","@id":"https:\/\/www.immobilienbusiness.ch\/personalia\/2021-11-09\/baloise-neuer-leiter-fuer-den-bereich-immobilien\/","url":"https:\/\/www.immobilienbusiness.ch\/personalia\/2021-11-09\/baloise-neuer-leiter-fuer-den-bereich-immobilien\/","name":"Baloise : nouveau responsable du secteur immobilier - IMMOBILIER Business","isPartOf":{"@id":"https:\/\/www.immobilienbusiness.ch\/#website"},"primaryImageOfPage":{"@id":"https:\/\/www.immobilienbusiness.ch\/personalia\/2021-11-09\/baloise-neuer-leiter-fuer-den-bereich-immobilien\/#primaryimage"},"image":{"@id":"https:\/\/www.immobilienbusiness.ch\/personalia\/2021-11-09\/baloise-neuer-leiter-fuer-den-bereich-immobilien\/#primaryimage"},"thumbnailUrl":"https:\/\/www.immobilienbusiness.ch\/wp-content\/uploads\/2021\/11\/jean-pierre-valenghi.jpg","datePublished":"2021-11-09T07:12:48+00:00","dateModified":"2023-08-08T18:26:18+00:00","description":"Jean-Pierre Valenghi, actuellement CEO du portail immobilier Newhome.ch, prendra la direction de l'immobilier du Baloise Group.","breadcrumb":{"@id":"https:\/\/www.immobilienbusiness.ch\/personalia\/2021-11-09\/baloise-neuer-leiter-fuer-den-bereich-immobilien\/#breadcrumb"},"inLanguage":"fr-FR","potentialAction":[{"@type":"ReadAction","target":["https:\/\/www.immobilienbusiness.ch\/personalia\/2021-11-09\/baloise-neuer-leiter-fuer-den-bereich-immobilien\/"]}]},{"@type":"ImageObject","inLanguage":"fr-FR","@id":"https:\/\/www.immobilienbusiness.ch\/personalia\/2021-11-09\/baloise-neuer-leiter-fuer-den-bereich-immobilien\/#primaryimage","url":"https:\/\/www.immobilienbusiness.ch\/wp-content\/uploads\/2021\/11\/jean-pierre-valenghi.jpg","contentUrl":"https:\/\/www.immobilienbusiness.ch\/wp-content\/uploads\/2021\/11\/jean-pierre-valenghi.jpg","width":1527,"height":1527,"caption":"Jean-Pierre Valenghi (Quelle: Baloise Group)"},{"@type":"BreadcrumbList","@id":"https:\/\/www.immobilienbusiness.ch\/personalia\/2021-11-09\/baloise-neuer-leiter-fuer-den-bereich-immobilien\/#breadcrumb","itemListElement":[{"@type":"ListItem","position":1,"name":"Home","item":"https:\/\/www.immobilienbusiness.ch\/"},{"@type":"ListItem","position":2,"name":"Baloise: Neuer Leiter f\u00fcr den Bereich Immobilien"}]},{"@type":"WebSite","@id":"https:\/\/www.immobilienbusiness.ch\/#website","url":"https:\/\/www.immobilienbusiness.ch\/","name":"IMMOBILIER Business","description":"Magazine \u00e9conomique suisse ind\u00e9pendant ax\u00e9 sur l'immobilier, l'architecture et la construction ainsi que sur les investissements et le financement.","publisher":{"@id":"https:\/\/www.immobilienbusiness.ch\/#organization"},"potentialAction":[{"@type":"SearchAction","target":{"@type":"EntryPoint","urlTemplate":"https:\/\/www.immobilienbusiness.ch\/?s={search_term_string}"},"query-input":{"@type":"PropertyValueSpecification","valueRequired":true,"valueName":"search_term_string"}}],"inLanguage":"fr-FR"},{"@type":"Organization","@id":"https:\/\/www.immobilienbusiness.ch\/#organization","name":"IMMOBILIER Business","url":"https:\/\/www.immobilienbusiness.ch\/","logo":{"@type":"ImageObject","inLanguage":"fr-FR","@id":"https:\/\/www.immobilienbusiness.ch\/#\/schema\/logo\/image\/","url":"https:\/\/www.immobilienbusiness.ch\/wp-content\/uploads\/2021\/07\/logo_ib.png","contentUrl":"https:\/\/www.immobilienbusiness.ch\/wp-content\/uploads\/2021\/07\/logo_ib.png","width":800,"height":181,"caption":"IMMOBILIEN Business"},"image":{"@id":"https:\/\/www.immobilienbusiness.ch\/#\/schema\/logo\/image\/"},"sameAs":["https:\/\/www.facebook.com\/immobilienbusiness\/"]},{"@type":"Person","@id":"https:\/\/www.immobilienbusiness.ch\/#\/schema\/person\/3fc036297b10b9f42d6db5ee932af8c8","name":"anja.hall","image":{"@type":"ImageObject","inLanguage":"fr-FR","@id":"https:\/\/secure.gravatar.com\/avatar\/066b5a0d447013502c71a5782f4f3469f03cfe595cc2329fb94652fe47511bfb?s=96&d=mm&r=g","url":"https:\/\/secure.gravatar.com\/avatar\/066b5a0d447013502c71a5782f4f3469f03cfe595cc2329fb94652fe47511bfb?s=96&d=mm&r=g","contentUrl":"https:\/\/secure.gravatar.com\/avatar\/066b5a0d447013502c71a5782f4f3469f03cfe595cc2329fb94652fe47511bfb?s=96&d=mm&r=g","caption":"anja.hall"},"url":"https:\/\/www.immobilienbusiness.ch\/fr\/author\/anja-hall\/"}]}},"_links":{"self":[{"href":"https:\/\/www.immobilienbusiness.ch\/fr\/wp-json\/wp\/v2\/posts\/39015","targetHints":{"allow":["GET"]}}],"collection":[{"href":"https:\/\/www.immobilienbusiness.ch\/fr\/wp-json\/wp\/v2\/posts"}],"about":[{"href":"https:\/\/www.immobilienbusiness.ch\/fr\/wp-json\/wp\/v2\/types\/post"}],"author":[{"embeddable":true,"href":"https:\/\/www.immobilienbusiness.ch\/fr\/wp-json\/wp\/v2\/users\/3"}],"replies":[{"embeddable":true,"href":"https:\/\/www.immobilienbusiness.ch\/fr\/wp-json\/wp\/v2\/comments?post=39015"}],"version-history":[{"count":4,"href":"https:\/\/www.immobilienbusiness.ch\/fr\/wp-json\/wp\/v2\/posts\/39015\/revisions"}],"predecessor-version":[{"id":39092,"href":"https:\/\/www.immobilienbusiness.ch\/fr\/wp-json\/wp\/v2\/posts\/39015\/revisions\/39092"}],"wp:featuredmedia":[{"embeddable":true,"href":"https:\/\/www.immobilienbusiness.ch\/fr\/wp-json\/wp\/v2\/media\/39016"}],"wp:attachment":[{"href":"https:\/\/www.immobilienbusiness.ch\/fr\/wp-json\/wp\/v2\/media?parent=39015"}],"wp:term":[{"taxonomy":"category","embeddable":true,"href":"https:\/\/www.immobilienbusiness.ch\/fr\/wp-json\/wp\/v2\/categories?post=39015"},{"taxonomy":"post_tag","embeddable":true,"href":"https:\/\/www.immobilienbusiness.ch\/fr\/wp-json\/wp\/v2\/tags?post=39015"}],"curies":[{"name":"wp","href":"https:\/\/api.w.org\/{rel}","templated":true}]}}