{"id":390,"date":"2020-05-26T08:19:41","date_gmt":"2020-05-26T06:19:41","guid":{"rendered":"https:\/\/develop.immobilienbusiness.ch\/de\/allgemein\/2020-05-26\/sbb-passt-geschaftsmieten-wahrend-des-lockdowns-an\/"},"modified":"2023-07-22T10:33:28","modified_gmt":"2023-07-22T08:33:28","slug":"sbb-passt-geschaftsmieten-wahrend-des-lockdowns-an","status":"publish","type":"post","link":"https:\/\/www.immobilienbusiness.ch\/fr\/ib\/2020-05-26\/sbb-passt-geschaftsmieten-wahrend-des-lockdowns-an\/","title":{"rendered":"Les CFF adaptent les loyers des entreprises pendant le lockdown."},"content":{"rendered":"<div class=\"swpm-post-not-logged-in-msg\">Vous devez \u00eatre connect\u00e9 pour voir ce contenu. Veuillez consulter <a class=\"swpm-login-link\" href=\"https:\/\/www.immobilienbusiness.ch\/fr\/login\/?swpm_redirect_to=https%3A%2F%2Fwww.immobilienbusiness.ch%2Ffr%2Fwp-json%2Fwp%2Fv2%2Fposts%2F390\">Connexion<\/a>. Vous n'\u00eates pas membre ? <a href=\"https:\/\/www.immobilienbusiness.ch\/fr\/registrieren\/\">Nous Rejoindre<\/a><\/div>","protected":false},"excerpt":{"rendered":"<p>Les CFF suppriment et r\u00e9duisent les loyers commerciaux dans leurs immeubles pendant le lockdown. Ceux qui sont concern\u00e9s par des fermetures administratives ne paient pas de loyer du tout. Les magasins rest\u00e9s ouverts b\u00e9n\u00e9ficient de r\u00e9ductions de loyer.<\/p>","protected":false},"author":3,"featured_media":0,"comment_status":"closed","ping_status":"closed","sticky":false,"template":"","format":"standard","meta":{"_acf_changed":false,"_yoast_wpseo_focuskw":"Mietzinsreduktionen","_yoast_wpseo_title":"","_yoast_wpseo_metadesc":"Die SBB erl\u00e4sst und reduziert die Gesch\u00e4ftsmieten in ihren Liegenschaften w\u00e4hrend des Lockdown. Wer von beh\u00f6rdlichen Schliessungen betroffen ist, zahlt gar keine Miete. Gesch\u00e4fte, die offen blieben, erhalten Mietzinsreduktionen.","_yoast_wpseo_linkdex":42,"pgc_sgb_lightbox_settings":"","footnotes":""},"categories":[1951],"tags":[1643],"class_list":["post-390","post","type-post","status-publish","format-standard","hentry","category-ib","tag-retail"],"acf":[],"yoast_head":"<!-- This site is optimized with the Yoast SEO plugin v27.4 - https:\/\/yoast.com\/product\/yoast-seo-wordpress\/ -->\n<title>SBB passt Gesch\u00e4ftsmieten w\u00e4hrend des Lockdowns an - IMMOBILIEN Business<\/title>\n<meta name=\"description\" content=\"Die SBB erl\u00e4sst und reduziert die Gesch\u00e4ftsmieten in ihren Liegenschaften w\u00e4hrend des Lockdown. Wer von beh\u00f6rdlichen Schliessungen betroffen ist, zahlt gar keine Miete. Gesch\u00e4fte, die offen blieben, erhalten Mietzinsreduktionen.\" \/>\n<meta name=\"robots\" content=\"index, follow, max-snippet:-1, max-image-preview:large, max-video-preview:-1\" \/>\n<link rel=\"canonical\" href=\"https:\/\/www.immobilienbusiness.ch\/fr\/ib\/2020-05-26\/sbb-passt-geschaftsmieten-wahrend-des-lockdowns-an\/\" \/>\n<meta property=\"og:locale\" content=\"fr_FR\" \/>\n<meta property=\"og:type\" content=\"article\" \/>\n<meta property=\"og:title\" content=\"SBB passt Gesch\u00e4ftsmieten w\u00e4hrend des Lockdowns an - IMMOBILIEN Business\" \/>\n<meta property=\"og:description\" content=\"Die SBB erl\u00e4sst und reduziert die Gesch\u00e4ftsmieten in ihren Liegenschaften w\u00e4hrend des Lockdown. Wer von beh\u00f6rdlichen Schliessungen betroffen ist, zahlt gar keine Miete. Gesch\u00e4fte, die offen blieben, erhalten Mietzinsreduktionen.\" \/>\n<meta property=\"og:url\" content=\"https:\/\/www.immobilienbusiness.ch\/fr\/ib\/2020-05-26\/sbb-passt-geschaftsmieten-wahrend-des-lockdowns-an\/\" \/>\n<meta property=\"og:site_name\" content=\"IMMOBILIEN Business\" \/>\n<meta property=\"article:publisher\" content=\"https:\/\/www.facebook.com\/immobilienbusiness\/\" \/>\n<meta property=\"article:published_time\" content=\"2020-05-26T06:19:41+00:00\" \/>\n<meta property=\"article:modified_time\" content=\"2023-07-22T08:33:28+00:00\" \/>\n<meta name=\"author\" content=\"anja.hall\" \/>\n<meta name=\"twitter:card\" content=\"summary_large_image\" \/>\n<script type=\"application\/ld+json\" class=\"yoast-schema-graph\">{\"@context\":\"https:\\\/\\\/schema.org\",\"@graph\":[{\"@type\":\"Article\",\"@id\":\"https:\\\/\\\/www.immobilienbusiness.ch\\\/it\\\/ib\\\/2020-05-26\\\/sbb-passt-geschaftsmieten-wahrend-des-lockdowns-an\\\/#article\",\"isPartOf\":{\"@id\":\"https:\\\/\\\/www.immobilienbusiness.ch\\\/it\\\/ib\\\/2020-05-26\\\/sbb-passt-geschaftsmieten-wahrend-des-lockdowns-an\\\/\"},\"author\":{\"name\":\"anja.hall\",\"@id\":\"https:\\\/\\\/www.immobilienbusiness.ch\\\/#\\\/schema\\\/person\\\/3fc036297b10b9f42d6db5ee932af8c8\"},\"headline\":\"SBB passt Gesch\u00e4ftsmieten w\u00e4hrend des Lockdowns an\",\"datePublished\":\"2020-05-26T06:19:41+00:00\",\"dateModified\":\"2023-07-22T08:33:28+00:00\",\"mainEntityOfPage\":{\"@id\":\"https:\\\/\\\/www.immobilienbusiness.ch\\\/it\\\/ib\\\/2020-05-26\\\/sbb-passt-geschaftsmieten-wahrend-des-lockdowns-an\\\/\"},\"wordCount\":190,\"publisher\":{\"@id\":\"https:\\\/\\\/www.immobilienbusiness.ch\\\/#organization\"},\"keywords\":[\"Retail\"],\"articleSection\":[\"IB+\"],\"inLanguage\":\"fr-FR\"},{\"@type\":\"WebPage\",\"@id\":\"https:\\\/\\\/www.immobilienbusiness.ch\\\/it\\\/ib\\\/2020-05-26\\\/sbb-passt-geschaftsmieten-wahrend-des-lockdowns-an\\\/\",\"url\":\"https:\\\/\\\/www.immobilienbusiness.ch\\\/it\\\/ib\\\/2020-05-26\\\/sbb-passt-geschaftsmieten-wahrend-des-lockdowns-an\\\/\",\"name\":\"SBB passt Gesch\u00e4ftsmieten w\u00e4hrend des Lockdowns an - IMMOBILIEN Business\",\"isPartOf\":{\"@id\":\"https:\\\/\\\/www.immobilienbusiness.ch\\\/#website\"},\"datePublished\":\"2020-05-26T06:19:41+00:00\",\"dateModified\":\"2023-07-22T08:33:28+00:00\",\"description\":\"Die SBB erl\u00e4sst und reduziert die Gesch\u00e4ftsmieten in ihren Liegenschaften w\u00e4hrend des Lockdown. Wer von beh\u00f6rdlichen Schliessungen betroffen ist, zahlt gar keine Miete. Gesch\u00e4fte, die offen blieben, erhalten Mietzinsreduktionen.\",\"breadcrumb\":{\"@id\":\"https:\\\/\\\/www.immobilienbusiness.ch\\\/it\\\/ib\\\/2020-05-26\\\/sbb-passt-geschaftsmieten-wahrend-des-lockdowns-an\\\/#breadcrumb\"},\"inLanguage\":\"fr-FR\",\"potentialAction\":[{\"@type\":\"ReadAction\",\"target\":[\"https:\\\/\\\/www.immobilienbusiness.ch\\\/it\\\/ib\\\/2020-05-26\\\/sbb-passt-geschaftsmieten-wahrend-des-lockdowns-an\\\/\"]}]},{\"@type\":\"BreadcrumbList\",\"@id\":\"https:\\\/\\\/www.immobilienbusiness.ch\\\/it\\\/ib\\\/2020-05-26\\\/sbb-passt-geschaftsmieten-wahrend-des-lockdowns-an\\\/#breadcrumb\",\"itemListElement\":[{\"@type\":\"ListItem\",\"position\":1,\"name\":\"Home\",\"item\":\"https:\\\/\\\/www.immobilienbusiness.ch\\\/\"},{\"@type\":\"ListItem\",\"position\":2,\"name\":\"SBB passt Gesch\u00e4ftsmieten w\u00e4hrend des Lockdowns an\"}]},{\"@type\":\"WebSite\",\"@id\":\"https:\\\/\\\/www.immobilienbusiness.ch\\\/#website\",\"url\":\"https:\\\/\\\/www.immobilienbusiness.ch\\\/\",\"name\":\"IMMOBILIEN Business\",\"description\":\"Unabh\u00e4ngiges Schweizer Wirtschaftsmagazin mit Fokus auf Immobilien, Architektur- und Bau sowie Investment- und Finanzierung.\",\"publisher\":{\"@id\":\"https:\\\/\\\/www.immobilienbusiness.ch\\\/#organization\"},\"potentialAction\":[{\"@type\":\"SearchAction\",\"target\":{\"@type\":\"EntryPoint\",\"urlTemplate\":\"https:\\\/\\\/www.immobilienbusiness.ch\\\/?s={search_term_string}\"},\"query-input\":{\"@type\":\"PropertyValueSpecification\",\"valueRequired\":true,\"valueName\":\"search_term_string\"}}],\"inLanguage\":\"fr-FR\"},{\"@type\":\"Organization\",\"@id\":\"https:\\\/\\\/www.immobilienbusiness.ch\\\/#organization\",\"name\":\"IMMOBILIEN Business\",\"url\":\"https:\\\/\\\/www.immobilienbusiness.ch\\\/\",\"logo\":{\"@type\":\"ImageObject\",\"inLanguage\":\"fr-FR\",\"@id\":\"https:\\\/\\\/www.immobilienbusiness.ch\\\/#\\\/schema\\\/logo\\\/image\\\/\",\"url\":\"https:\\\/\\\/www.immobilienbusiness.ch\\\/wp-content\\\/uploads\\\/2021\\\/07\\\/logo_ib.png\",\"contentUrl\":\"https:\\\/\\\/www.immobilienbusiness.ch\\\/wp-content\\\/uploads\\\/2021\\\/07\\\/logo_ib.png\",\"width\":800,\"height\":181,\"caption\":\"IMMOBILIEN Business\"},\"image\":{\"@id\":\"https:\\\/\\\/www.immobilienbusiness.ch\\\/#\\\/schema\\\/logo\\\/image\\\/\"},\"sameAs\":[\"https:\\\/\\\/www.facebook.com\\\/immobilienbusiness\\\/\"]},{\"@type\":\"Person\",\"@id\":\"https:\\\/\\\/www.immobilienbusiness.ch\\\/#\\\/schema\\\/person\\\/3fc036297b10b9f42d6db5ee932af8c8\",\"name\":\"anja.hall\",\"image\":{\"@type\":\"ImageObject\",\"inLanguage\":\"fr-FR\",\"@id\":\"https:\\\/\\\/secure.gravatar.com\\\/avatar\\\/066b5a0d447013502c71a5782f4f3469f03cfe595cc2329fb94652fe47511bfb?s=96&d=mm&r=g\",\"url\":\"https:\\\/\\\/secure.gravatar.com\\\/avatar\\\/066b5a0d447013502c71a5782f4f3469f03cfe595cc2329fb94652fe47511bfb?s=96&d=mm&r=g\",\"contentUrl\":\"https:\\\/\\\/secure.gravatar.com\\\/avatar\\\/066b5a0d447013502c71a5782f4f3469f03cfe595cc2329fb94652fe47511bfb?s=96&d=mm&r=g\",\"caption\":\"anja.hall\"},\"url\":\"https:\\\/\\\/www.immobilienbusiness.ch\\\/fr\\\/author\\\/anja-hall\\\/\"}]}<\/script>\n<!-- \/ Yoast SEO plugin. -->","yoast_head_json":{"title":"SBB passt Gesch\u00e4ftsmieten w\u00e4hrend des Lockdowns an - IMMOBILIEN Business","description":"Les CFF suppriment et r\u00e9duisent les loyers commerciaux dans leurs immeubles pendant le lockdown. Ceux qui sont concern\u00e9s par des fermetures administratives ne paient pas de loyer du tout. Les magasins rest\u00e9s ouverts b\u00e9n\u00e9ficient de r\u00e9ductions de loyer.","robots":{"index":"index","follow":"follow","max-snippet":"max-snippet:-1","max-image-preview":"max-image-preview:large","max-video-preview":"max-video-preview:-1"},"canonical":"https:\/\/www.immobilienbusiness.ch\/fr\/ib\/2020-05-26\/sbb-passt-geschaftsmieten-wahrend-des-lockdowns-an\/","og_locale":"fr_FR","og_type":"article","og_title":"SBB passt Gesch\u00e4ftsmieten w\u00e4hrend des Lockdowns an - IMMOBILIEN Business","og_description":"Die SBB erl\u00e4sst und reduziert die Gesch\u00e4ftsmieten in ihren Liegenschaften w\u00e4hrend des Lockdown. Wer von beh\u00f6rdlichen Schliessungen betroffen ist, zahlt gar keine Miete. Gesch\u00e4fte, die offen blieben, erhalten Mietzinsreduktionen.","og_url":"https:\/\/www.immobilienbusiness.ch\/fr\/ib\/2020-05-26\/sbb-passt-geschaftsmieten-wahrend-des-lockdowns-an\/","og_site_name":"IMMOBILIEN Business","article_publisher":"https:\/\/www.facebook.com\/immobilienbusiness\/","article_published_time":"2020-05-26T06:19:41+00:00","article_modified_time":"2023-07-22T08:33:28+00:00","author":"anja.hall","twitter_card":"summary_large_image","schema":{"@context":"https:\/\/schema.org","@graph":[{"@type":"Article","@id":"https:\/\/www.immobilienbusiness.ch\/it\/ib\/2020-05-26\/sbb-passt-geschaftsmieten-wahrend-des-lockdowns-an\/#article","isPartOf":{"@id":"https:\/\/www.immobilienbusiness.ch\/it\/ib\/2020-05-26\/sbb-passt-geschaftsmieten-wahrend-des-lockdowns-an\/"},"author":{"name":"anja.hall","@id":"https:\/\/www.immobilienbusiness.ch\/#\/schema\/person\/3fc036297b10b9f42d6db5ee932af8c8"},"headline":"SBB passt Gesch\u00e4ftsmieten w\u00e4hrend des Lockdowns an","datePublished":"2020-05-26T06:19:41+00:00","dateModified":"2023-07-22T08:33:28+00:00","mainEntityOfPage":{"@id":"https:\/\/www.immobilienbusiness.ch\/it\/ib\/2020-05-26\/sbb-passt-geschaftsmieten-wahrend-des-lockdowns-an\/"},"wordCount":190,"publisher":{"@id":"https:\/\/www.immobilienbusiness.ch\/#organization"},"keywords":["Retail"],"articleSection":["IB+"],"inLanguage":"fr-FR"},{"@type":"WebPage","@id":"https:\/\/www.immobilienbusiness.ch\/it\/ib\/2020-05-26\/sbb-passt-geschaftsmieten-wahrend-des-lockdowns-an\/","url":"https:\/\/www.immobilienbusiness.ch\/it\/ib\/2020-05-26\/sbb-passt-geschaftsmieten-wahrend-des-lockdowns-an\/","name":"SBB passt Gesch\u00e4ftsmieten w\u00e4hrend des Lockdowns an - IMMOBILIEN Business","isPartOf":{"@id":"https:\/\/www.immobilienbusiness.ch\/#website"},"datePublished":"2020-05-26T06:19:41+00:00","dateModified":"2023-07-22T08:33:28+00:00","description":"Les CFF suppriment et r\u00e9duisent les loyers commerciaux dans leurs immeubles pendant le lockdown. Ceux qui sont concern\u00e9s par des fermetures administratives ne paient pas de loyer du tout. Les magasins rest\u00e9s ouverts b\u00e9n\u00e9ficient de r\u00e9ductions de loyer.","breadcrumb":{"@id":"https:\/\/www.immobilienbusiness.ch\/it\/ib\/2020-05-26\/sbb-passt-geschaftsmieten-wahrend-des-lockdowns-an\/#breadcrumb"},"inLanguage":"fr-FR","potentialAction":[{"@type":"ReadAction","target":["https:\/\/www.immobilienbusiness.ch\/it\/ib\/2020-05-26\/sbb-passt-geschaftsmieten-wahrend-des-lockdowns-an\/"]}]},{"@type":"BreadcrumbList","@id":"https:\/\/www.immobilienbusiness.ch\/it\/ib\/2020-05-26\/sbb-passt-geschaftsmieten-wahrend-des-lockdowns-an\/#breadcrumb","itemListElement":[{"@type":"ListItem","position":1,"name":"Home","item":"https:\/\/www.immobilienbusiness.ch\/"},{"@type":"ListItem","position":2,"name":"SBB passt Gesch\u00e4ftsmieten w\u00e4hrend des Lockdowns an"}]},{"@type":"WebSite","@id":"https:\/\/www.immobilienbusiness.ch\/#website","url":"https:\/\/www.immobilienbusiness.ch\/","name":"IMMOBILIER Business","description":"Magazine \u00e9conomique suisse ind\u00e9pendant ax\u00e9 sur l'immobilier, l'architecture et la construction ainsi que sur les investissements et le financement.","publisher":{"@id":"https:\/\/www.immobilienbusiness.ch\/#organization"},"potentialAction":[{"@type":"SearchAction","target":{"@type":"EntryPoint","urlTemplate":"https:\/\/www.immobilienbusiness.ch\/?s={search_term_string}"},"query-input":{"@type":"PropertyValueSpecification","valueRequired":true,"valueName":"search_term_string"}}],"inLanguage":"fr-FR"},{"@type":"Organization","@id":"https:\/\/www.immobilienbusiness.ch\/#organization","name":"IMMOBILIER Business","url":"https:\/\/www.immobilienbusiness.ch\/","logo":{"@type":"ImageObject","inLanguage":"fr-FR","@id":"https:\/\/www.immobilienbusiness.ch\/#\/schema\/logo\/image\/","url":"https:\/\/www.immobilienbusiness.ch\/wp-content\/uploads\/2021\/07\/logo_ib.png","contentUrl":"https:\/\/www.immobilienbusiness.ch\/wp-content\/uploads\/2021\/07\/logo_ib.png","width":800,"height":181,"caption":"IMMOBILIEN Business"},"image":{"@id":"https:\/\/www.immobilienbusiness.ch\/#\/schema\/logo\/image\/"},"sameAs":["https:\/\/www.facebook.com\/immobilienbusiness\/"]},{"@type":"Person","@id":"https:\/\/www.immobilienbusiness.ch\/#\/schema\/person\/3fc036297b10b9f42d6db5ee932af8c8","name":"anja.hall","image":{"@type":"ImageObject","inLanguage":"fr-FR","@id":"https:\/\/secure.gravatar.com\/avatar\/066b5a0d447013502c71a5782f4f3469f03cfe595cc2329fb94652fe47511bfb?s=96&d=mm&r=g","url":"https:\/\/secure.gravatar.com\/avatar\/066b5a0d447013502c71a5782f4f3469f03cfe595cc2329fb94652fe47511bfb?s=96&d=mm&r=g","contentUrl":"https:\/\/secure.gravatar.com\/avatar\/066b5a0d447013502c71a5782f4f3469f03cfe595cc2329fb94652fe47511bfb?s=96&d=mm&r=g","caption":"anja.hall"},"url":"https:\/\/www.immobilienbusiness.ch\/fr\/author\/anja-hall\/"}]}},"_links":{"self":[{"href":"https:\/\/www.immobilienbusiness.ch\/fr\/wp-json\/wp\/v2\/posts\/390","targetHints":{"allow":["GET"]}}],"collection":[{"href":"https:\/\/www.immobilienbusiness.ch\/fr\/wp-json\/wp\/v2\/posts"}],"about":[{"href":"https:\/\/www.immobilienbusiness.ch\/fr\/wp-json\/wp\/v2\/types\/post"}],"author":[{"embeddable":true,"href":"https:\/\/www.immobilienbusiness.ch\/fr\/wp-json\/wp\/v2\/users\/3"}],"replies":[{"embeddable":true,"href":"https:\/\/www.immobilienbusiness.ch\/fr\/wp-json\/wp\/v2\/comments?post=390"}],"version-history":[{"count":1,"href":"https:\/\/www.immobilienbusiness.ch\/fr\/wp-json\/wp\/v2\/posts\/390\/revisions"}],"predecessor-version":[{"id":50949,"href":"https:\/\/www.immobilienbusiness.ch\/fr\/wp-json\/wp\/v2\/posts\/390\/revisions\/50949"}],"wp:attachment":[{"href":"https:\/\/www.immobilienbusiness.ch\/fr\/wp-json\/wp\/v2\/media?parent=390"}],"wp:term":[{"taxonomy":"category","embeddable":true,"href":"https:\/\/www.immobilienbusiness.ch\/fr\/wp-json\/wp\/v2\/categories?post=390"},{"taxonomy":"post_tag","embeddable":true,"href":"https:\/\/www.immobilienbusiness.ch\/fr\/wp-json\/wp\/v2\/tags?post=390"}],"curies":[{"name":"wp","href":"https:\/\/api.w.org\/{rel}","templated":true}]}}