{"id":38754,"date":"2021-10-22T09:30:20","date_gmt":"2021-10-22T07:30:20","guid":{"rendered":"https:\/\/www.immobilienbusiness.ch\/?p=38754"},"modified":"2021-10-28T10:17:10","modified_gmt":"2021-10-28T08:17:10","slug":"basel-sbb-plant-stadtquartier-am-gueterbahnhof-wolf","status":"publish","type":"post","link":"https:\/\/www.immobilienbusiness.ch\/fr\/regionen\/2021-10-22\/basel-sbb-plant-stadtquartier-am-gueterbahnhof-wolf\/","title":{"rendered":"B\u00e2le : les CFF pr\u00e9voient un quartier urbain \u00e0 la gare de marchandises de Wolf"},"content":{"rendered":"<figure id=\"attachment_38755\" aria-describedby=\"caption-attachment-38755\" style=\"width: 2560px\" class=\"wp-caption alignnone\"><img loading=\"lazy\" decoding=\"async\" class=\"wp-image-38755 size-full\" src=\"https:\/\/www.immobilienbusiness.ch\/wp-content\/uploads\/2021\/10\/Visualisierung-Gewerbehof-_\u00a9PONNIE-Images-scaled.jpg\" alt=\"\" width=\"2560\" height=\"1707\" srcset=\"https:\/\/www.immobilienbusiness.ch\/wp-content\/uploads\/2021\/10\/Visualisierung-Gewerbehof-_\u00a9PONNIE-Images-scaled.jpg 2560w, https:\/\/www.immobilienbusiness.ch\/wp-content\/uploads\/2021\/10\/Visualisierung-Gewerbehof-_\u00a9PONNIE-Images-300x200.jpg 300w, https:\/\/www.immobilienbusiness.ch\/wp-content\/uploads\/2021\/10\/Visualisierung-Gewerbehof-_\u00a9PONNIE-Images-1024x683.jpg 1024w, https:\/\/www.immobilienbusiness.ch\/wp-content\/uploads\/2021\/10\/Visualisierung-Gewerbehof-_\u00a9PONNIE-Images-768x512.jpg 768w, https:\/\/www.immobilienbusiness.ch\/wp-content\/uploads\/2021\/10\/Visualisierung-Gewerbehof-_\u00a9PONNIE-Images-1536x1024.jpg 1536w, https:\/\/www.immobilienbusiness.ch\/wp-content\/uploads\/2021\/10\/Visualisierung-Gewerbehof-_\u00a9PONNIE-Images-2048x1365.jpg 2048w, https:\/\/www.immobilienbusiness.ch\/wp-content\/uploads\/2021\/10\/Visualisierung-Gewerbehof-_\u00a9PONNIE-Images-16x12.jpg 16w, https:\/\/www.immobilienbusiness.ch\/wp-content\/uploads\/2021\/10\/Visualisierung-Gewerbehof-_\u00a9PONNIE-Images-263x175.jpg 263w, https:\/\/www.immobilienbusiness.ch\/wp-content\/uploads\/2021\/10\/Visualisierung-Gewerbehof-_\u00a9PONNIE-Images-525x350.jpg 525w, https:\/\/www.immobilienbusiness.ch\/wp-content\/uploads\/2021\/10\/Visualisierung-Gewerbehof-_\u00a9PONNIE-Images-1200x800.jpg 1200w, https:\/\/www.immobilienbusiness.ch\/wp-content\/uploads\/2021\/10\/Visualisierung-Gewerbehof-_\u00a9PONNIE-Images-920x613.jpg 920w, https:\/\/www.immobilienbusiness.ch\/wp-content\/uploads\/2021\/10\/Visualisierung-Gewerbehof-_\u00a9PONNIE-Images-1400x933.jpg 1400w\" sizes=\"auto, (max-width: 2560px) 100vw, 2560px\" \/><figcaption id=\"caption-attachment-38755\" class=\"wp-caption-text\">Visualisation de la cour commerciale pr\u00e9vue dans l'Areal Wolf (\u00a9PONNIE Images)<\/figcaption><\/figure>\n<p>Le site de la gare de marchandises Wolf, d'une superficie d'environ 16 hectares, appartient aux CFF et sert actuellement encore au transbordement de marchandises. Comme la logistique se d\u00e9placera en partie vers B\u00e2le-Nord, de l'espace sera lib\u00e9r\u00e9 pour le d\u00e9veloppement d'un quartier urbain \u00e0 usage mixte. Le projet pr\u00e9voit une construction ferm\u00e9e en bordure de cour, compos\u00e9e de b\u00e2timents individuels coh\u00e9rents. La construction se divise en une \"cour r\u00e9sidentielle\", une \"cour commerciale\" et un \"centre historique\".<\/p>\n<p>Environ 550 logements seront construits dans la cour r\u00e9sidentielle, dont au moins un tiers \u00e0 des prix abordables. La cour commerciale se trouve dans la partie est du site et est adjacente au b\u00e2timent de transbordement existant et \u00e0 la logistique restante. Des usages commerciaux et des bureaux y sont pr\u00e9vus. Dans le centre historique au milieu du site, des utilisations publiques seront r\u00e9alis\u00e9es dans les halles existantes et dans le b\u00e2timent de service, par exemple la gastronomie, la culture, les sports tendance, mais aussi des espaces de co-working ou des services de sant\u00e9.<\/p>\n<p>Le projet indicatif pour le d\u00e9veloppement du site a \u00e9t\u00e9 \u00e9labor\u00e9 sur la base des projets des bureaux d'architectes Christ &amp; Gantenbein de B\u00e2le et EM2N Architekten de Zurich. Selon les informations du canton de B\u00e2le-Ville, une opposition et cinq prises de position ont \u00e9t\u00e9 re\u00e7ues lors de la mise \u00e0 l'enqu\u00eate publique du plan d'affectation. L'opposition a \u00e9t\u00e9 retir\u00e9e et les prises de position ont \u00e9t\u00e9 prises en compte dans la mesure du possible. Le Grand Conseil va maintenant se pencher sur les modifications du plan d'occupation des sols. Outre le nouveau plan d'am\u00e9nagement, il s'agit d'un changement de zone, d'une modification du degr\u00e9 de sensibilit\u00e9 au bruit, d'une modification du plan de r\u00e9partition des logements ainsi que de modifications des lignes de construction et des routes dans le secteur de la St. Jakobs-Strasse. <em>(ah)<\/em><\/p>","protected":false},"excerpt":{"rendered":"<p>Un nouveau quartier urbain doit \u00eatre construit sur la partie nord de la gare de marchandises Wolf \u00e0 B\u00e2le, avec des logements pour 1 200 personnes et des emplois pour environ 1 000 salari\u00e9s. <\/p>","protected":false},"author":3,"featured_media":38755,"comment_status":"closed","ping_status":"closed","sticky":false,"template":"","format":"standard","meta":{"_acf_changed":false,"_yoast_wpseo_focuskw":"Wolf","_yoast_wpseo_title":"","_yoast_wpseo_metadesc":"Auf dem n\u00f6rdlichen Teil des G\u00fcterbahnhofs Wolf in Basel soll ein neues Stadtquartier mit Wohnraum f\u00fcr 1.200 Menschen und 1.000 Arbeitspl\u00e4tzen entstehen.","_yoast_wpseo_linkdex":55,"pgc_sgb_lightbox_settings":"","footnotes":""},"categories":[985],"tags":[1069,1272,1600,1863],"class_list":["post-38754","post","type-post","status-publish","format-standard","has-post-thumbnail","hentry","category-regionen","tag-basel","tag-gewerbeimmobilien","tag-projekt-in-planung","tag-wohnimmobilien"],"acf":[],"yoast_head":"<!-- This site is optimized with the Yoast SEO plugin v27.5 - https:\/\/yoast.com\/product\/yoast-seo-wordpress\/ -->\n<title>Basel: SBB plant Stadtquartier am G\u00fcterbahnhof Wolf - IMMOBILIEN Business<\/title>\n<meta name=\"description\" content=\"Auf dem n\u00f6rdlichen Teil des G\u00fcterbahnhofs Wolf in Basel soll ein neues Stadtquartier mit Wohnraum f\u00fcr 1.200 Menschen und 1.000 Arbeitspl\u00e4tzen entstehen.\" \/>\n<meta name=\"robots\" content=\"index, follow, max-snippet:-1, max-image-preview:large, max-video-preview:-1\" \/>\n<link rel=\"canonical\" href=\"https:\/\/www.immobilienbusiness.ch\/fr\/regionen\/2021-10-22\/basel-sbb-plant-stadtquartier-am-gueterbahnhof-wolf\/\" \/>\n<meta property=\"og:locale\" content=\"fr_FR\" \/>\n<meta property=\"og:type\" content=\"article\" \/>\n<meta property=\"og:title\" content=\"Basel: SBB plant Stadtquartier am G\u00fcterbahnhof Wolf - IMMOBILIEN Business\" \/>\n<meta property=\"og:description\" content=\"Auf dem n\u00f6rdlichen Teil des G\u00fcterbahnhofs Wolf in Basel soll ein neues Stadtquartier mit Wohnraum f\u00fcr 1.200 Menschen und 1.000 Arbeitspl\u00e4tzen entstehen.\" \/>\n<meta property=\"og:url\" content=\"https:\/\/www.immobilienbusiness.ch\/fr\/regionen\/2021-10-22\/basel-sbb-plant-stadtquartier-am-gueterbahnhof-wolf\/\" \/>\n<meta property=\"og:site_name\" content=\"IMMOBILIEN Business\" \/>\n<meta property=\"article:publisher\" content=\"https:\/\/www.facebook.com\/immobilienbusiness\/\" \/>\n<meta property=\"article:published_time\" content=\"2021-10-22T07:30:20+00:00\" \/>\n<meta property=\"article:modified_time\" content=\"2021-10-28T08:17:10+00:00\" \/>\n<meta property=\"og:image\" content=\"https:\/\/www.immobilienbusiness.ch\/wp-content\/uploads\/2021\/10\/Visualisierung-Gewerbehof-_\u00a9PONNIE-Images-scaled.jpg\" \/>\n\t<meta property=\"og:image:width\" content=\"2560\" \/>\n\t<meta property=\"og:image:height\" content=\"1707\" \/>\n\t<meta property=\"og:image:type\" content=\"image\/jpeg\" \/>\n<meta name=\"author\" content=\"anja.hall\" \/>\n<meta name=\"twitter:card\" content=\"summary_large_image\" \/>\n<meta name=\"twitter:image\" content=\"https:\/\/www.immobilienbusiness.ch\/wp-content\/uploads\/2021\/10\/Visualisierung-Gewerbehof-_\u00a9PONNIE-Images-scaled.jpg\" \/>\n<script type=\"application\/ld+json\" class=\"yoast-schema-graph\">{\"@context\":\"https:\\\/\\\/schema.org\",\"@graph\":[{\"@type\":\"Article\",\"@id\":\"https:\\\/\\\/www.immobilienbusiness.ch\\\/fr\\\/regionen\\\/2021-10-22\\\/basel-sbb-plant-stadtquartier-am-gueterbahnhof-wolf\\\/#article\",\"isPartOf\":{\"@id\":\"https:\\\/\\\/www.immobilienbusiness.ch\\\/fr\\\/regionen\\\/2021-10-22\\\/basel-sbb-plant-stadtquartier-am-gueterbahnhof-wolf\\\/\"},\"author\":{\"name\":\"anja.hall\",\"@id\":\"https:\\\/\\\/www.immobilienbusiness.ch\\\/#\\\/schema\\\/person\\\/3fc036297b10b9f42d6db5ee932af8c8\"},\"headline\":\"Basel: SBB plant Stadtquartier am G\u00fcterbahnhof Wolf\",\"datePublished\":\"2021-10-22T07:30:20+00:00\",\"dateModified\":\"2021-10-28T08:17:10+00:00\",\"mainEntityOfPage\":{\"@id\":\"https:\\\/\\\/www.immobilienbusiness.ch\\\/fr\\\/regionen\\\/2021-10-22\\\/basel-sbb-plant-stadtquartier-am-gueterbahnhof-wolf\\\/\"},\"wordCount\":264,\"publisher\":{\"@id\":\"https:\\\/\\\/www.immobilienbusiness.ch\\\/#organization\"},\"image\":{\"@id\":\"https:\\\/\\\/www.immobilienbusiness.ch\\\/fr\\\/regionen\\\/2021-10-22\\\/basel-sbb-plant-stadtquartier-am-gueterbahnhof-wolf\\\/#primaryimage\"},\"thumbnailUrl\":\"https:\\\/\\\/www.immobilienbusiness.ch\\\/wp-content\\\/uploads\\\/2021\\\/10\\\/Visualisierung-Gewerbehof-_\u00a9PONNIE-Images-scaled.jpg\",\"keywords\":[\"Basel\",\"Gewerbeimmobilien\",\"Projekt in Planung\",\"Wohnimmobilien\"],\"articleSection\":[\"REGIONEN\"],\"inLanguage\":\"fr-FR\"},{\"@type\":\"WebPage\",\"@id\":\"https:\\\/\\\/www.immobilienbusiness.ch\\\/fr\\\/regionen\\\/2021-10-22\\\/basel-sbb-plant-stadtquartier-am-gueterbahnhof-wolf\\\/\",\"url\":\"https:\\\/\\\/www.immobilienbusiness.ch\\\/fr\\\/regionen\\\/2021-10-22\\\/basel-sbb-plant-stadtquartier-am-gueterbahnhof-wolf\\\/\",\"name\":\"Basel: SBB plant Stadtquartier am G\u00fcterbahnhof Wolf - IMMOBILIEN Business\",\"isPartOf\":{\"@id\":\"https:\\\/\\\/www.immobilienbusiness.ch\\\/#website\"},\"primaryImageOfPage\":{\"@id\":\"https:\\\/\\\/www.immobilienbusiness.ch\\\/fr\\\/regionen\\\/2021-10-22\\\/basel-sbb-plant-stadtquartier-am-gueterbahnhof-wolf\\\/#primaryimage\"},\"image\":{\"@id\":\"https:\\\/\\\/www.immobilienbusiness.ch\\\/fr\\\/regionen\\\/2021-10-22\\\/basel-sbb-plant-stadtquartier-am-gueterbahnhof-wolf\\\/#primaryimage\"},\"thumbnailUrl\":\"https:\\\/\\\/www.immobilienbusiness.ch\\\/wp-content\\\/uploads\\\/2021\\\/10\\\/Visualisierung-Gewerbehof-_\u00a9PONNIE-Images-scaled.jpg\",\"datePublished\":\"2021-10-22T07:30:20+00:00\",\"dateModified\":\"2021-10-28T08:17:10+00:00\",\"description\":\"Auf dem n\u00f6rdlichen Teil des G\u00fcterbahnhofs Wolf in Basel soll ein neues Stadtquartier mit Wohnraum f\u00fcr 1.200 Menschen und 1.000 Arbeitspl\u00e4tzen entstehen.\",\"breadcrumb\":{\"@id\":\"https:\\\/\\\/www.immobilienbusiness.ch\\\/fr\\\/regionen\\\/2021-10-22\\\/basel-sbb-plant-stadtquartier-am-gueterbahnhof-wolf\\\/#breadcrumb\"},\"inLanguage\":\"fr-FR\",\"potentialAction\":[{\"@type\":\"ReadAction\",\"target\":[\"https:\\\/\\\/www.immobilienbusiness.ch\\\/fr\\\/regionen\\\/2021-10-22\\\/basel-sbb-plant-stadtquartier-am-gueterbahnhof-wolf\\\/\"]}]},{\"@type\":\"ImageObject\",\"inLanguage\":\"fr-FR\",\"@id\":\"https:\\\/\\\/www.immobilienbusiness.ch\\\/fr\\\/regionen\\\/2021-10-22\\\/basel-sbb-plant-stadtquartier-am-gueterbahnhof-wolf\\\/#primaryimage\",\"url\":\"https:\\\/\\\/www.immobilienbusiness.ch\\\/wp-content\\\/uploads\\\/2021\\\/10\\\/Visualisierung-Gewerbehof-_\u00a9PONNIE-Images-scaled.jpg\",\"contentUrl\":\"https:\\\/\\\/www.immobilienbusiness.ch\\\/wp-content\\\/uploads\\\/2021\\\/10\\\/Visualisierung-Gewerbehof-_\u00a9PONNIE-Images-scaled.jpg\",\"width\":2560,\"height\":1707,\"caption\":\"Visualisierung des Gewerbehofs im Areal Wolf (\u00a9PONNIE Images)\"},{\"@type\":\"BreadcrumbList\",\"@id\":\"https:\\\/\\\/www.immobilienbusiness.ch\\\/fr\\\/regionen\\\/2021-10-22\\\/basel-sbb-plant-stadtquartier-am-gueterbahnhof-wolf\\\/#breadcrumb\",\"itemListElement\":[{\"@type\":\"ListItem\",\"position\":1,\"name\":\"Home\",\"item\":\"https:\\\/\\\/www.immobilienbusiness.ch\\\/\"},{\"@type\":\"ListItem\",\"position\":2,\"name\":\"Basel: SBB plant Stadtquartier am G\u00fcterbahnhof Wolf\"}]},{\"@type\":\"WebSite\",\"@id\":\"https:\\\/\\\/www.immobilienbusiness.ch\\\/#website\",\"url\":\"https:\\\/\\\/www.immobilienbusiness.ch\\\/\",\"name\":\"IMMOBILIEN Business\",\"description\":\"Unabh\u00e4ngiges Schweizer Wirtschaftsmagazin mit Fokus auf Immobilien, Architektur- und Bau sowie Investment- und Finanzierung.\",\"publisher\":{\"@id\":\"https:\\\/\\\/www.immobilienbusiness.ch\\\/#organization\"},\"potentialAction\":[{\"@type\":\"SearchAction\",\"target\":{\"@type\":\"EntryPoint\",\"urlTemplate\":\"https:\\\/\\\/www.immobilienbusiness.ch\\\/?s={search_term_string}\"},\"query-input\":{\"@type\":\"PropertyValueSpecification\",\"valueRequired\":true,\"valueName\":\"search_term_string\"}}],\"inLanguage\":\"fr-FR\"},{\"@type\":\"Organization\",\"@id\":\"https:\\\/\\\/www.immobilienbusiness.ch\\\/#organization\",\"name\":\"IMMOBILIEN Business\",\"url\":\"https:\\\/\\\/www.immobilienbusiness.ch\\\/\",\"logo\":{\"@type\":\"ImageObject\",\"inLanguage\":\"fr-FR\",\"@id\":\"https:\\\/\\\/www.immobilienbusiness.ch\\\/#\\\/schema\\\/logo\\\/image\\\/\",\"url\":\"https:\\\/\\\/www.immobilienbusiness.ch\\\/wp-content\\\/uploads\\\/2021\\\/07\\\/logo_ib.png\",\"contentUrl\":\"https:\\\/\\\/www.immobilienbusiness.ch\\\/wp-content\\\/uploads\\\/2021\\\/07\\\/logo_ib.png\",\"width\":800,\"height\":181,\"caption\":\"IMMOBILIEN Business\"},\"image\":{\"@id\":\"https:\\\/\\\/www.immobilienbusiness.ch\\\/#\\\/schema\\\/logo\\\/image\\\/\"},\"sameAs\":[\"https:\\\/\\\/www.facebook.com\\\/immobilienbusiness\\\/\"]},{\"@type\":\"Person\",\"@id\":\"https:\\\/\\\/www.immobilienbusiness.ch\\\/#\\\/schema\\\/person\\\/3fc036297b10b9f42d6db5ee932af8c8\",\"name\":\"anja.hall\",\"image\":{\"@type\":\"ImageObject\",\"inLanguage\":\"fr-FR\",\"@id\":\"https:\\\/\\\/secure.gravatar.com\\\/avatar\\\/066b5a0d447013502c71a5782f4f3469f03cfe595cc2329fb94652fe47511bfb?s=96&d=mm&r=g\",\"url\":\"https:\\\/\\\/secure.gravatar.com\\\/avatar\\\/066b5a0d447013502c71a5782f4f3469f03cfe595cc2329fb94652fe47511bfb?s=96&d=mm&r=g\",\"contentUrl\":\"https:\\\/\\\/secure.gravatar.com\\\/avatar\\\/066b5a0d447013502c71a5782f4f3469f03cfe595cc2329fb94652fe47511bfb?s=96&d=mm&r=g\",\"caption\":\"anja.hall\"},\"url\":\"https:\\\/\\\/www.immobilienbusiness.ch\\\/fr\\\/author\\\/anja-hall\\\/\"}]}<\/script>\n<!-- \/ Yoast SEO plugin. -->","yoast_head_json":{"title":"Basel: SBB plant Stadtquartier am G\u00fcterbahnhof Wolf - IMMOBILIEN Business","description":"Auf dem n\u00f6rdlichen Teil des G\u00fcterbahnhofs Wolf in Basel soll ein neues Stadtquartier mit Wohnraum f\u00fcr 1.200 Menschen und 1.000 Arbeitspl\u00e4tzen entstehen.","robots":{"index":"index","follow":"follow","max-snippet":"max-snippet:-1","max-image-preview":"max-image-preview:large","max-video-preview":"max-video-preview:-1"},"canonical":"https:\/\/www.immobilienbusiness.ch\/fr\/regionen\/2021-10-22\/basel-sbb-plant-stadtquartier-am-gueterbahnhof-wolf\/","og_locale":"fr_FR","og_type":"article","og_title":"Basel: SBB plant Stadtquartier am G\u00fcterbahnhof Wolf - IMMOBILIEN Business","og_description":"Auf dem n\u00f6rdlichen Teil des G\u00fcterbahnhofs Wolf in Basel soll ein neues Stadtquartier mit Wohnraum f\u00fcr 1.200 Menschen und 1.000 Arbeitspl\u00e4tzen entstehen.","og_url":"https:\/\/www.immobilienbusiness.ch\/fr\/regionen\/2021-10-22\/basel-sbb-plant-stadtquartier-am-gueterbahnhof-wolf\/","og_site_name":"IMMOBILIEN Business","article_publisher":"https:\/\/www.facebook.com\/immobilienbusiness\/","article_published_time":"2021-10-22T07:30:20+00:00","article_modified_time":"2021-10-28T08:17:10+00:00","og_image":[{"width":2560,"height":1707,"url":"https:\/\/www.immobilienbusiness.ch\/wp-content\/uploads\/2021\/10\/Visualisierung-Gewerbehof-_\u00a9PONNIE-Images-scaled.jpg","type":"image\/jpeg"}],"author":"anja.hall","twitter_card":"summary_large_image","twitter_image":"https:\/\/www.immobilienbusiness.ch\/wp-content\/uploads\/2021\/10\/Visualisierung-Gewerbehof-_\u00a9PONNIE-Images-scaled.jpg","schema":{"@context":"https:\/\/schema.org","@graph":[{"@type":"Article","@id":"https:\/\/www.immobilienbusiness.ch\/fr\/regionen\/2021-10-22\/basel-sbb-plant-stadtquartier-am-gueterbahnhof-wolf\/#article","isPartOf":{"@id":"https:\/\/www.immobilienbusiness.ch\/fr\/regionen\/2021-10-22\/basel-sbb-plant-stadtquartier-am-gueterbahnhof-wolf\/"},"author":{"name":"anja.hall","@id":"https:\/\/www.immobilienbusiness.ch\/#\/schema\/person\/3fc036297b10b9f42d6db5ee932af8c8"},"headline":"Basel: SBB plant Stadtquartier am G\u00fcterbahnhof Wolf","datePublished":"2021-10-22T07:30:20+00:00","dateModified":"2021-10-28T08:17:10+00:00","mainEntityOfPage":{"@id":"https:\/\/www.immobilienbusiness.ch\/fr\/regionen\/2021-10-22\/basel-sbb-plant-stadtquartier-am-gueterbahnhof-wolf\/"},"wordCount":264,"publisher":{"@id":"https:\/\/www.immobilienbusiness.ch\/#organization"},"image":{"@id":"https:\/\/www.immobilienbusiness.ch\/fr\/regionen\/2021-10-22\/basel-sbb-plant-stadtquartier-am-gueterbahnhof-wolf\/#primaryimage"},"thumbnailUrl":"https:\/\/www.immobilienbusiness.ch\/wp-content\/uploads\/2021\/10\/Visualisierung-Gewerbehof-_\u00a9PONNIE-Images-scaled.jpg","keywords":["Basel","Gewerbeimmobilien","Projekt in Planung","Wohnimmobilien"],"articleSection":["REGIONEN"],"inLanguage":"fr-FR"},{"@type":"WebPage","@id":"https:\/\/www.immobilienbusiness.ch\/fr\/regionen\/2021-10-22\/basel-sbb-plant-stadtquartier-am-gueterbahnhof-wolf\/","url":"https:\/\/www.immobilienbusiness.ch\/fr\/regionen\/2021-10-22\/basel-sbb-plant-stadtquartier-am-gueterbahnhof-wolf\/","name":"Basel: SBB plant Stadtquartier am G\u00fcterbahnhof Wolf - IMMOBILIEN Business","isPartOf":{"@id":"https:\/\/www.immobilienbusiness.ch\/#website"},"primaryImageOfPage":{"@id":"https:\/\/www.immobilienbusiness.ch\/fr\/regionen\/2021-10-22\/basel-sbb-plant-stadtquartier-am-gueterbahnhof-wolf\/#primaryimage"},"image":{"@id":"https:\/\/www.immobilienbusiness.ch\/fr\/regionen\/2021-10-22\/basel-sbb-plant-stadtquartier-am-gueterbahnhof-wolf\/#primaryimage"},"thumbnailUrl":"https:\/\/www.immobilienbusiness.ch\/wp-content\/uploads\/2021\/10\/Visualisierung-Gewerbehof-_\u00a9PONNIE-Images-scaled.jpg","datePublished":"2021-10-22T07:30:20+00:00","dateModified":"2021-10-28T08:17:10+00:00","description":"Auf dem n\u00f6rdlichen Teil des G\u00fcterbahnhofs Wolf in Basel soll ein neues Stadtquartier mit Wohnraum f\u00fcr 1.200 Menschen und 1.000 Arbeitspl\u00e4tzen entstehen.","breadcrumb":{"@id":"https:\/\/www.immobilienbusiness.ch\/fr\/regionen\/2021-10-22\/basel-sbb-plant-stadtquartier-am-gueterbahnhof-wolf\/#breadcrumb"},"inLanguage":"fr-FR","potentialAction":[{"@type":"ReadAction","target":["https:\/\/www.immobilienbusiness.ch\/fr\/regionen\/2021-10-22\/basel-sbb-plant-stadtquartier-am-gueterbahnhof-wolf\/"]}]},{"@type":"ImageObject","inLanguage":"fr-FR","@id":"https:\/\/www.immobilienbusiness.ch\/fr\/regionen\/2021-10-22\/basel-sbb-plant-stadtquartier-am-gueterbahnhof-wolf\/#primaryimage","url":"https:\/\/www.immobilienbusiness.ch\/wp-content\/uploads\/2021\/10\/Visualisierung-Gewerbehof-_\u00a9PONNIE-Images-scaled.jpg","contentUrl":"https:\/\/www.immobilienbusiness.ch\/wp-content\/uploads\/2021\/10\/Visualisierung-Gewerbehof-_\u00a9PONNIE-Images-scaled.jpg","width":2560,"height":1707,"caption":"Visualisierung des Gewerbehofs im Areal Wolf (\u00a9PONNIE Images)"},{"@type":"BreadcrumbList","@id":"https:\/\/www.immobilienbusiness.ch\/fr\/regionen\/2021-10-22\/basel-sbb-plant-stadtquartier-am-gueterbahnhof-wolf\/#breadcrumb","itemListElement":[{"@type":"ListItem","position":1,"name":"Home","item":"https:\/\/www.immobilienbusiness.ch\/"},{"@type":"ListItem","position":2,"name":"Basel: SBB plant Stadtquartier am G\u00fcterbahnhof Wolf"}]},{"@type":"WebSite","@id":"https:\/\/www.immobilienbusiness.ch\/#website","url":"https:\/\/www.immobilienbusiness.ch\/","name":"IMMOBILIER Business","description":"Magazine \u00e9conomique suisse ind\u00e9pendant ax\u00e9 sur l'immobilier, l'architecture et la construction ainsi que sur les investissements et le financement.","publisher":{"@id":"https:\/\/www.immobilienbusiness.ch\/#organization"},"potentialAction":[{"@type":"SearchAction","target":{"@type":"EntryPoint","urlTemplate":"https:\/\/www.immobilienbusiness.ch\/?s={search_term_string}"},"query-input":{"@type":"PropertyValueSpecification","valueRequired":true,"valueName":"search_term_string"}}],"inLanguage":"fr-FR"},{"@type":"Organization","@id":"https:\/\/www.immobilienbusiness.ch\/#organization","name":"IMMOBILIER Business","url":"https:\/\/www.immobilienbusiness.ch\/","logo":{"@type":"ImageObject","inLanguage":"fr-FR","@id":"https:\/\/www.immobilienbusiness.ch\/#\/schema\/logo\/image\/","url":"https:\/\/www.immobilienbusiness.ch\/wp-content\/uploads\/2021\/07\/logo_ib.png","contentUrl":"https:\/\/www.immobilienbusiness.ch\/wp-content\/uploads\/2021\/07\/logo_ib.png","width":800,"height":181,"caption":"IMMOBILIEN Business"},"image":{"@id":"https:\/\/www.immobilienbusiness.ch\/#\/schema\/logo\/image\/"},"sameAs":["https:\/\/www.facebook.com\/immobilienbusiness\/"]},{"@type":"Person","@id":"https:\/\/www.immobilienbusiness.ch\/#\/schema\/person\/3fc036297b10b9f42d6db5ee932af8c8","name":"anja.hall","image":{"@type":"ImageObject","inLanguage":"fr-FR","@id":"https:\/\/secure.gravatar.com\/avatar\/066b5a0d447013502c71a5782f4f3469f03cfe595cc2329fb94652fe47511bfb?s=96&d=mm&r=g","url":"https:\/\/secure.gravatar.com\/avatar\/066b5a0d447013502c71a5782f4f3469f03cfe595cc2329fb94652fe47511bfb?s=96&d=mm&r=g","contentUrl":"https:\/\/secure.gravatar.com\/avatar\/066b5a0d447013502c71a5782f4f3469f03cfe595cc2329fb94652fe47511bfb?s=96&d=mm&r=g","caption":"anja.hall"},"url":"https:\/\/www.immobilienbusiness.ch\/fr\/author\/anja-hall\/"}]}},"_links":{"self":[{"href":"https:\/\/www.immobilienbusiness.ch\/fr\/wp-json\/wp\/v2\/posts\/38754","targetHints":{"allow":["GET"]}}],"collection":[{"href":"https:\/\/www.immobilienbusiness.ch\/fr\/wp-json\/wp\/v2\/posts"}],"about":[{"href":"https:\/\/www.immobilienbusiness.ch\/fr\/wp-json\/wp\/v2\/types\/post"}],"author":[{"embeddable":true,"href":"https:\/\/www.immobilienbusiness.ch\/fr\/wp-json\/wp\/v2\/users\/3"}],"replies":[{"embeddable":true,"href":"https:\/\/www.immobilienbusiness.ch\/fr\/wp-json\/wp\/v2\/comments?post=38754"}],"version-history":[{"count":2,"href":"https:\/\/www.immobilienbusiness.ch\/fr\/wp-json\/wp\/v2\/posts\/38754\/revisions"}],"predecessor-version":[{"id":38810,"href":"https:\/\/www.immobilienbusiness.ch\/fr\/wp-json\/wp\/v2\/posts\/38754\/revisions\/38810"}],"wp:featuredmedia":[{"embeddable":true,"href":"https:\/\/www.immobilienbusiness.ch\/fr\/wp-json\/wp\/v2\/media\/38755"}],"wp:attachment":[{"href":"https:\/\/www.immobilienbusiness.ch\/fr\/wp-json\/wp\/v2\/media?parent=38754"}],"wp:term":[{"taxonomy":"category","embeddable":true,"href":"https:\/\/www.immobilienbusiness.ch\/fr\/wp-json\/wp\/v2\/categories?post=38754"},{"taxonomy":"post_tag","embeddable":true,"href":"https:\/\/www.immobilienbusiness.ch\/fr\/wp-json\/wp\/v2\/tags?post=38754"}],"curies":[{"name":"wp","href":"https:\/\/api.w.org\/{rel}","templated":true}]}}