{"id":38671,"date":"2021-10-13T09:00:01","date_gmt":"2021-10-13T07:00:01","guid":{"rendered":"https:\/\/www.immobilienbusiness.ch\/?p=38671"},"modified":"2021-10-13T09:37:11","modified_gmt":"2021-10-13T07:37:11","slug":"cham-group-stuehleruecken-in-der-chefetage","status":"publish","type":"post","link":"https:\/\/www.immobilienbusiness.ch\/fr\/personalia\/2021-10-13\/cham-group-stuehleruecken-in-der-chefetage\/","title":{"rendered":"Groupe Cham : Secousse dans la suite ex\u00e9cutive"},"content":{"rendered":"<figure id=\"attachment_10356\" aria-describedby=\"caption-attachment-10356\" style=\"width: 975px\" class=\"wp-caption alignnone\"><img loading=\"lazy\" decoding=\"async\" class=\"wp-image-10356 size-full\" src=\"https:\/\/www.immobilienbusiness.ch\/wp-content\/uploads\/2017\/12\/IB-News-20171201-Cham-Paper-Group-Papieri-Areal-Visualisierung-Kesselhaus.png\" alt=\"\" width=\"975\" height=\"650\" srcset=\"https:\/\/www.immobilienbusiness.ch\/wp-content\/uploads\/2017\/12\/IB-News-20171201-Cham-Paper-Group-Papieri-Areal-Visualisierung-Kesselhaus.png 975w, https:\/\/www.immobilienbusiness.ch\/wp-content\/uploads\/2017\/12\/IB-News-20171201-Cham-Paper-Group-Papieri-Areal-Visualisierung-Kesselhaus-300x200.png 300w, https:\/\/www.immobilienbusiness.ch\/wp-content\/uploads\/2017\/12\/IB-News-20171201-Cham-Paper-Group-Papieri-Areal-Visualisierung-Kesselhaus-768x512.png 768w, https:\/\/www.immobilienbusiness.ch\/wp-content\/uploads\/2017\/12\/IB-News-20171201-Cham-Paper-Group-Papieri-Areal-Visualisierung-Kesselhaus-16x12.png 16w, https:\/\/www.immobilienbusiness.ch\/wp-content\/uploads\/2017\/12\/IB-News-20171201-Cham-Paper-Group-Papieri-Areal-Visualisierung-Kesselhaus-263x175.png 263w, https:\/\/www.immobilienbusiness.ch\/wp-content\/uploads\/2017\/12\/IB-News-20171201-Cham-Paper-Group-Papieri-Areal-Visualisierung-Kesselhaus-525x350.png 525w, https:\/\/www.immobilienbusiness.ch\/wp-content\/uploads\/2017\/12\/IB-News-20171201-Cham-Paper-Group-Papieri-Areal-Visualisierung-Kesselhaus-920x613.png 920w\" sizes=\"auto, (max-width: 975px) 100vw, 975px\" \/><figcaption id=\"caption-attachment-10356\" class=\"wp-caption-text\">Le site de Papieri (visualisation : Cham Group AG)<\/figcaption><\/figure>\n<p>Andreas Friederich a quitt\u00e9 le groupe Cham pour relever de nouveaux d\u00e9fis professionnels, indique la soci\u00e9t\u00e9. Friederich a rejoint le groupe en 2015 en tant que responsable de l'immobilier et a \u00e9t\u00e9 nomm\u00e9 directeur g\u00e9n\u00e9ral (CEO) en 2018. L'architecte avait d\u00e9j\u00e0 particip\u00e9 en tant que consultant \u00e0 la planification de la transformation de l'ancien site industriel en quartier d'habitation et de travail Papieri depuis 2013.<\/p>\n<p>Claude Ebn\u00f6ther reprendra la pr\u00e9sidence du conseil d'administration \u00e0 titre int\u00e9rimaire. Il est membre du comit\u00e9 immobilier du groupe Cham depuis 2012 et si\u00e8ge au conseil d'administration depuis 2018. Il conna\u00eet le projet Papieri depuis le d\u00e9but, a d\u00e9clar\u00e9 le groupe Cham. Ebn\u00f6ther a \u00e9t\u00e9 PDG de Hammer Retex AG de 1980 \u00e0 2015 et poss\u00e8de donc une grande exp\u00e9rience du d\u00e9veloppement immobilier dans la r\u00e9gion.<\/p>\n<p>Avec l'ach\u00e8vement de la premi\u00e8re phase de construction \u00e0 la fin de 2022, les t\u00e2ches commerciales telles que la gestion de la propri\u00e9t\u00e9, la gestion du site et le contact avec les locataires seront de plus en plus au centre des responsabilit\u00e9s du PDG \u00e0 l'avenir, selon le groupe Cham. Le conseil d'administration souhaite profiter de ce changement de direction pour trouver un successeur qui se concentrera sur les exigences correspondantes de la prochaine phase de d\u00e9veloppement du site Papieri. <em>(ah)<\/em><\/p>","protected":false},"excerpt":{"rendered":"<p>Andreas Friederich, jusqu'\u00e0 pr\u00e9sent PDG du groupe Cham, a quitt\u00e9 l'entreprise. Claude Ebn\u00f6ther reprend le poste de directeur g\u00e9n\u00e9ral \u00e0 titre int\u00e9rimaire.<\/p>","protected":false},"author":3,"featured_media":10356,"comment_status":"closed","ping_status":"closed","sticky":false,"template":"","format":"standard","meta":{"_acf_changed":false,"_yoast_wpseo_focuskw":"Cham","_yoast_wpseo_title":"","_yoast_wpseo_metadesc":"Andreas Friederich, bislang CEO der Cham Group, hat das Unternehmen verlassen. Interimistisch \u00fcbernimmt Claude Ebn\u00f6ther den Vorsitz der Gesch\u00e4ftsleitung.","_yoast_wpseo_linkdex":52,"pgc_sgb_lightbox_settings":"","footnotes":""},"categories":[1912],"tags":[1128,1552,1563],"class_list":["post-38671","post","type-post","status-publish","format-standard","has-post-thumbnail","hentry","category-personalia","tag-cham-group","tag-papieri","tag-personalia"],"acf":[],"yoast_head":"<!-- This site is optimized with the Yoast SEO plugin v27.4 - https:\/\/yoast.com\/product\/yoast-seo-wordpress\/ -->\n<title>Cham Group: St\u00fchler\u00fccken in der Chefetage - IMMOBILIEN Business<\/title>\n<meta name=\"description\" content=\"Andreas Friederich, bislang CEO der Cham Group, hat das Unternehmen verlassen. Interimistisch \u00fcbernimmt Claude Ebn\u00f6ther den Vorsitz der Gesch\u00e4ftsleitung.\" \/>\n<meta name=\"robots\" content=\"index, follow, max-snippet:-1, max-image-preview:large, max-video-preview:-1\" \/>\n<link rel=\"canonical\" href=\"https:\/\/www.immobilienbusiness.ch\/fr\/personalia\/2021-10-13\/cham-group-stuehleruecken-in-der-chefetage\/\" \/>\n<meta property=\"og:locale\" content=\"fr_FR\" \/>\n<meta property=\"og:type\" content=\"article\" \/>\n<meta property=\"og:title\" content=\"Cham Group: St\u00fchler\u00fccken in der Chefetage - IMMOBILIEN Business\" \/>\n<meta property=\"og:description\" content=\"Andreas Friederich, bislang CEO der Cham Group, hat das Unternehmen verlassen. Interimistisch \u00fcbernimmt Claude Ebn\u00f6ther den Vorsitz der Gesch\u00e4ftsleitung.\" \/>\n<meta property=\"og:url\" content=\"https:\/\/www.immobilienbusiness.ch\/fr\/personalia\/2021-10-13\/cham-group-stuehleruecken-in-der-chefetage\/\" \/>\n<meta property=\"og:site_name\" content=\"IMMOBILIEN Business\" \/>\n<meta property=\"article:publisher\" content=\"https:\/\/www.facebook.com\/immobilienbusiness\/\" \/>\n<meta property=\"article:published_time\" content=\"2021-10-13T07:00:01+00:00\" \/>\n<meta property=\"article:modified_time\" content=\"2021-10-13T07:37:11+00:00\" \/>\n<meta property=\"og:image\" content=\"https:\/\/www.immobilienbusiness.ch\/wp-content\/uploads\/2017\/12\/IB-News-20171201-Cham-Paper-Group-Papieri-Areal-Visualisierung-Kesselhaus.png\" \/>\n\t<meta property=\"og:image:width\" content=\"975\" \/>\n\t<meta property=\"og:image:height\" content=\"650\" \/>\n\t<meta property=\"og:image:type\" content=\"image\/png\" \/>\n<meta name=\"author\" content=\"anja.hall\" \/>\n<meta name=\"twitter:card\" content=\"summary_large_image\" \/>\n<meta name=\"twitter:image\" content=\"https:\/\/www.immobilienbusiness.ch\/wp-content\/uploads\/2017\/12\/IB-News-20171201-Cham-Paper-Group-Papieri-Areal-Visualisierung-Kesselhaus.png\" \/>\n<script type=\"application\/ld+json\" class=\"yoast-schema-graph\">{\"@context\":\"https:\\\/\\\/schema.org\",\"@graph\":[{\"@type\":\"Article\",\"@id\":\"https:\\\/\\\/www.immobilienbusiness.ch\\\/de\\\/personalia\\\/2021-10-13\\\/cham-group-stuehleruecken-in-der-chefetage\\\/#article\",\"isPartOf\":{\"@id\":\"https:\\\/\\\/www.immobilienbusiness.ch\\\/de\\\/personalia\\\/2021-10-13\\\/cham-group-stuehleruecken-in-der-chefetage\\\/\"},\"author\":{\"name\":\"anja.hall\",\"@id\":\"https:\\\/\\\/www.immobilienbusiness.ch\\\/#\\\/schema\\\/person\\\/3fc036297b10b9f42d6db5ee932af8c8\"},\"headline\":\"Cham Group: St\u00fchler\u00fccken in der Chefetage\",\"datePublished\":\"2021-10-13T07:00:01+00:00\",\"dateModified\":\"2021-10-13T07:37:11+00:00\",\"mainEntityOfPage\":{\"@id\":\"https:\\\/\\\/www.immobilienbusiness.ch\\\/de\\\/personalia\\\/2021-10-13\\\/cham-group-stuehleruecken-in-der-chefetage\\\/\"},\"wordCount\":209,\"publisher\":{\"@id\":\"https:\\\/\\\/www.immobilienbusiness.ch\\\/#organization\"},\"image\":{\"@id\":\"https:\\\/\\\/www.immobilienbusiness.ch\\\/de\\\/personalia\\\/2021-10-13\\\/cham-group-stuehleruecken-in-der-chefetage\\\/#primaryimage\"},\"thumbnailUrl\":\"https:\\\/\\\/www.immobilienbusiness.ch\\\/wp-content\\\/uploads\\\/2017\\\/12\\\/IB-News-20171201-Cham-Paper-Group-Papieri-Areal-Visualisierung-Kesselhaus.png\",\"keywords\":[\"Cham Group\",\"Papieri\",\"Personalia\"],\"articleSection\":[\"PERSONALIA\"],\"inLanguage\":\"fr-FR\"},{\"@type\":\"WebPage\",\"@id\":\"https:\\\/\\\/www.immobilienbusiness.ch\\\/de\\\/personalia\\\/2021-10-13\\\/cham-group-stuehleruecken-in-der-chefetage\\\/\",\"url\":\"https:\\\/\\\/www.immobilienbusiness.ch\\\/de\\\/personalia\\\/2021-10-13\\\/cham-group-stuehleruecken-in-der-chefetage\\\/\",\"name\":\"Cham Group: St\u00fchler\u00fccken in der Chefetage - IMMOBILIEN Business\",\"isPartOf\":{\"@id\":\"https:\\\/\\\/www.immobilienbusiness.ch\\\/#website\"},\"primaryImageOfPage\":{\"@id\":\"https:\\\/\\\/www.immobilienbusiness.ch\\\/de\\\/personalia\\\/2021-10-13\\\/cham-group-stuehleruecken-in-der-chefetage\\\/#primaryimage\"},\"image\":{\"@id\":\"https:\\\/\\\/www.immobilienbusiness.ch\\\/de\\\/personalia\\\/2021-10-13\\\/cham-group-stuehleruecken-in-der-chefetage\\\/#primaryimage\"},\"thumbnailUrl\":\"https:\\\/\\\/www.immobilienbusiness.ch\\\/wp-content\\\/uploads\\\/2017\\\/12\\\/IB-News-20171201-Cham-Paper-Group-Papieri-Areal-Visualisierung-Kesselhaus.png\",\"datePublished\":\"2021-10-13T07:00:01+00:00\",\"dateModified\":\"2021-10-13T07:37:11+00:00\",\"description\":\"Andreas Friederich, bislang CEO der Cham Group, hat das Unternehmen verlassen. Interimistisch \u00fcbernimmt Claude Ebn\u00f6ther den Vorsitz der Gesch\u00e4ftsleitung.\",\"breadcrumb\":{\"@id\":\"https:\\\/\\\/www.immobilienbusiness.ch\\\/de\\\/personalia\\\/2021-10-13\\\/cham-group-stuehleruecken-in-der-chefetage\\\/#breadcrumb\"},\"inLanguage\":\"fr-FR\",\"potentialAction\":[{\"@type\":\"ReadAction\",\"target\":[\"https:\\\/\\\/www.immobilienbusiness.ch\\\/de\\\/personalia\\\/2021-10-13\\\/cham-group-stuehleruecken-in-der-chefetage\\\/\"]}]},{\"@type\":\"ImageObject\",\"inLanguage\":\"fr-FR\",\"@id\":\"https:\\\/\\\/www.immobilienbusiness.ch\\\/de\\\/personalia\\\/2021-10-13\\\/cham-group-stuehleruecken-in-der-chefetage\\\/#primaryimage\",\"url\":\"https:\\\/\\\/www.immobilienbusiness.ch\\\/wp-content\\\/uploads\\\/2017\\\/12\\\/IB-News-20171201-Cham-Paper-Group-Papieri-Areal-Visualisierung-Kesselhaus.png\",\"contentUrl\":\"https:\\\/\\\/www.immobilienbusiness.ch\\\/wp-content\\\/uploads\\\/2017\\\/12\\\/IB-News-20171201-Cham-Paper-Group-Papieri-Areal-Visualisierung-Kesselhaus.png\",\"width\":975,\"height\":650,\"caption\":\"Die Pl\u00e4ne f\u00fcr das Papieri-Areal in Cham werden konkreter (Visualisierung: Cham Paper Group AG)\"},{\"@type\":\"BreadcrumbList\",\"@id\":\"https:\\\/\\\/www.immobilienbusiness.ch\\\/de\\\/personalia\\\/2021-10-13\\\/cham-group-stuehleruecken-in-der-chefetage\\\/#breadcrumb\",\"itemListElement\":[{\"@type\":\"ListItem\",\"position\":1,\"name\":\"Home\",\"item\":\"https:\\\/\\\/www.immobilienbusiness.ch\\\/\"},{\"@type\":\"ListItem\",\"position\":2,\"name\":\"Cham Group: St\u00fchler\u00fccken in der Chefetage\"}]},{\"@type\":\"WebSite\",\"@id\":\"https:\\\/\\\/www.immobilienbusiness.ch\\\/#website\",\"url\":\"https:\\\/\\\/www.immobilienbusiness.ch\\\/\",\"name\":\"IMMOBILIEN Business\",\"description\":\"Unabh\u00e4ngiges Schweizer Wirtschaftsmagazin mit Fokus auf Immobilien, Architektur- und Bau sowie Investment- und Finanzierung.\",\"publisher\":{\"@id\":\"https:\\\/\\\/www.immobilienbusiness.ch\\\/#organization\"},\"potentialAction\":[{\"@type\":\"SearchAction\",\"target\":{\"@type\":\"EntryPoint\",\"urlTemplate\":\"https:\\\/\\\/www.immobilienbusiness.ch\\\/?s={search_term_string}\"},\"query-input\":{\"@type\":\"PropertyValueSpecification\",\"valueRequired\":true,\"valueName\":\"search_term_string\"}}],\"inLanguage\":\"fr-FR\"},{\"@type\":\"Organization\",\"@id\":\"https:\\\/\\\/www.immobilienbusiness.ch\\\/#organization\",\"name\":\"IMMOBILIEN Business\",\"url\":\"https:\\\/\\\/www.immobilienbusiness.ch\\\/\",\"logo\":{\"@type\":\"ImageObject\",\"inLanguage\":\"fr-FR\",\"@id\":\"https:\\\/\\\/www.immobilienbusiness.ch\\\/#\\\/schema\\\/logo\\\/image\\\/\",\"url\":\"https:\\\/\\\/www.immobilienbusiness.ch\\\/wp-content\\\/uploads\\\/2021\\\/07\\\/logo_ib.png\",\"contentUrl\":\"https:\\\/\\\/www.immobilienbusiness.ch\\\/wp-content\\\/uploads\\\/2021\\\/07\\\/logo_ib.png\",\"width\":800,\"height\":181,\"caption\":\"IMMOBILIEN Business\"},\"image\":{\"@id\":\"https:\\\/\\\/www.immobilienbusiness.ch\\\/#\\\/schema\\\/logo\\\/image\\\/\"},\"sameAs\":[\"https:\\\/\\\/www.facebook.com\\\/immobilienbusiness\\\/\"]},{\"@type\":\"Person\",\"@id\":\"https:\\\/\\\/www.immobilienbusiness.ch\\\/#\\\/schema\\\/person\\\/3fc036297b10b9f42d6db5ee932af8c8\",\"name\":\"anja.hall\",\"image\":{\"@type\":\"ImageObject\",\"inLanguage\":\"fr-FR\",\"@id\":\"https:\\\/\\\/secure.gravatar.com\\\/avatar\\\/066b5a0d447013502c71a5782f4f3469f03cfe595cc2329fb94652fe47511bfb?s=96&d=mm&r=g\",\"url\":\"https:\\\/\\\/secure.gravatar.com\\\/avatar\\\/066b5a0d447013502c71a5782f4f3469f03cfe595cc2329fb94652fe47511bfb?s=96&d=mm&r=g\",\"contentUrl\":\"https:\\\/\\\/secure.gravatar.com\\\/avatar\\\/066b5a0d447013502c71a5782f4f3469f03cfe595cc2329fb94652fe47511bfb?s=96&d=mm&r=g\",\"caption\":\"anja.hall\"},\"url\":\"https:\\\/\\\/www.immobilienbusiness.ch\\\/fr\\\/author\\\/anja-hall\\\/\"}]}<\/script>\n<!-- \/ Yoast SEO plugin. -->","yoast_head_json":{"title":"Cham Group: St\u00fchler\u00fccken in der Chefetage - IMMOBILIEN Business","description":"Andreas Friederich, jusqu'\u00e0 pr\u00e9sent PDG du groupe Cham, a quitt\u00e9 l'entreprise. Claude Ebn\u00f6ther reprend le poste de directeur g\u00e9n\u00e9ral \u00e0 titre int\u00e9rimaire.","robots":{"index":"index","follow":"follow","max-snippet":"max-snippet:-1","max-image-preview":"max-image-preview:large","max-video-preview":"max-video-preview:-1"},"canonical":"https:\/\/www.immobilienbusiness.ch\/fr\/personalia\/2021-10-13\/cham-group-stuehleruecken-in-der-chefetage\/","og_locale":"fr_FR","og_type":"article","og_title":"Cham Group: St\u00fchler\u00fccken in der Chefetage - IMMOBILIEN Business","og_description":"Andreas Friederich, bislang CEO der Cham Group, hat das Unternehmen verlassen. Interimistisch \u00fcbernimmt Claude Ebn\u00f6ther den Vorsitz der Gesch\u00e4ftsleitung.","og_url":"https:\/\/www.immobilienbusiness.ch\/fr\/personalia\/2021-10-13\/cham-group-stuehleruecken-in-der-chefetage\/","og_site_name":"IMMOBILIEN Business","article_publisher":"https:\/\/www.facebook.com\/immobilienbusiness\/","article_published_time":"2021-10-13T07:00:01+00:00","article_modified_time":"2021-10-13T07:37:11+00:00","og_image":[{"width":975,"height":650,"url":"https:\/\/www.immobilienbusiness.ch\/wp-content\/uploads\/2017\/12\/IB-News-20171201-Cham-Paper-Group-Papieri-Areal-Visualisierung-Kesselhaus.png","type":"image\/png"}],"author":"anja.hall","twitter_card":"summary_large_image","twitter_image":"https:\/\/www.immobilienbusiness.ch\/wp-content\/uploads\/2017\/12\/IB-News-20171201-Cham-Paper-Group-Papieri-Areal-Visualisierung-Kesselhaus.png","schema":{"@context":"https:\/\/schema.org","@graph":[{"@type":"Article","@id":"https:\/\/www.immobilienbusiness.ch\/de\/personalia\/2021-10-13\/cham-group-stuehleruecken-in-der-chefetage\/#article","isPartOf":{"@id":"https:\/\/www.immobilienbusiness.ch\/de\/personalia\/2021-10-13\/cham-group-stuehleruecken-in-der-chefetage\/"},"author":{"name":"anja.hall","@id":"https:\/\/www.immobilienbusiness.ch\/#\/schema\/person\/3fc036297b10b9f42d6db5ee932af8c8"},"headline":"Cham Group: St\u00fchler\u00fccken in der Chefetage","datePublished":"2021-10-13T07:00:01+00:00","dateModified":"2021-10-13T07:37:11+00:00","mainEntityOfPage":{"@id":"https:\/\/www.immobilienbusiness.ch\/de\/personalia\/2021-10-13\/cham-group-stuehleruecken-in-der-chefetage\/"},"wordCount":209,"publisher":{"@id":"https:\/\/www.immobilienbusiness.ch\/#organization"},"image":{"@id":"https:\/\/www.immobilienbusiness.ch\/de\/personalia\/2021-10-13\/cham-group-stuehleruecken-in-der-chefetage\/#primaryimage"},"thumbnailUrl":"https:\/\/www.immobilienbusiness.ch\/wp-content\/uploads\/2017\/12\/IB-News-20171201-Cham-Paper-Group-Papieri-Areal-Visualisierung-Kesselhaus.png","keywords":["Cham Group","Papieri","Personalia"],"articleSection":["PERSONALIA"],"inLanguage":"fr-FR"},{"@type":"WebPage","@id":"https:\/\/www.immobilienbusiness.ch\/de\/personalia\/2021-10-13\/cham-group-stuehleruecken-in-der-chefetage\/","url":"https:\/\/www.immobilienbusiness.ch\/de\/personalia\/2021-10-13\/cham-group-stuehleruecken-in-der-chefetage\/","name":"Cham Group: St\u00fchler\u00fccken in der Chefetage - IMMOBILIEN Business","isPartOf":{"@id":"https:\/\/www.immobilienbusiness.ch\/#website"},"primaryImageOfPage":{"@id":"https:\/\/www.immobilienbusiness.ch\/de\/personalia\/2021-10-13\/cham-group-stuehleruecken-in-der-chefetage\/#primaryimage"},"image":{"@id":"https:\/\/www.immobilienbusiness.ch\/de\/personalia\/2021-10-13\/cham-group-stuehleruecken-in-der-chefetage\/#primaryimage"},"thumbnailUrl":"https:\/\/www.immobilienbusiness.ch\/wp-content\/uploads\/2017\/12\/IB-News-20171201-Cham-Paper-Group-Papieri-Areal-Visualisierung-Kesselhaus.png","datePublished":"2021-10-13T07:00:01+00:00","dateModified":"2021-10-13T07:37:11+00:00","description":"Andreas Friederich, jusqu'\u00e0 pr\u00e9sent PDG du groupe Cham, a quitt\u00e9 l'entreprise. Claude Ebn\u00f6ther reprend le poste de directeur g\u00e9n\u00e9ral \u00e0 titre int\u00e9rimaire.","breadcrumb":{"@id":"https:\/\/www.immobilienbusiness.ch\/de\/personalia\/2021-10-13\/cham-group-stuehleruecken-in-der-chefetage\/#breadcrumb"},"inLanguage":"fr-FR","potentialAction":[{"@type":"ReadAction","target":["https:\/\/www.immobilienbusiness.ch\/de\/personalia\/2021-10-13\/cham-group-stuehleruecken-in-der-chefetage\/"]}]},{"@type":"ImageObject","inLanguage":"fr-FR","@id":"https:\/\/www.immobilienbusiness.ch\/de\/personalia\/2021-10-13\/cham-group-stuehleruecken-in-der-chefetage\/#primaryimage","url":"https:\/\/www.immobilienbusiness.ch\/wp-content\/uploads\/2017\/12\/IB-News-20171201-Cham-Paper-Group-Papieri-Areal-Visualisierung-Kesselhaus.png","contentUrl":"https:\/\/www.immobilienbusiness.ch\/wp-content\/uploads\/2017\/12\/IB-News-20171201-Cham-Paper-Group-Papieri-Areal-Visualisierung-Kesselhaus.png","width":975,"height":650,"caption":"Die Pl\u00e4ne f\u00fcr das Papieri-Areal in Cham werden konkreter (Visualisierung: Cham Paper Group AG)"},{"@type":"BreadcrumbList","@id":"https:\/\/www.immobilienbusiness.ch\/de\/personalia\/2021-10-13\/cham-group-stuehleruecken-in-der-chefetage\/#breadcrumb","itemListElement":[{"@type":"ListItem","position":1,"name":"Home","item":"https:\/\/www.immobilienbusiness.ch\/"},{"@type":"ListItem","position":2,"name":"Cham Group: St\u00fchler\u00fccken in der Chefetage"}]},{"@type":"WebSite","@id":"https:\/\/www.immobilienbusiness.ch\/#website","url":"https:\/\/www.immobilienbusiness.ch\/","name":"IMMOBILIER Business","description":"Magazine \u00e9conomique suisse ind\u00e9pendant ax\u00e9 sur l'immobilier, l'architecture et la construction ainsi que sur les investissements et le financement.","publisher":{"@id":"https:\/\/www.immobilienbusiness.ch\/#organization"},"potentialAction":[{"@type":"SearchAction","target":{"@type":"EntryPoint","urlTemplate":"https:\/\/www.immobilienbusiness.ch\/?s={search_term_string}"},"query-input":{"@type":"PropertyValueSpecification","valueRequired":true,"valueName":"search_term_string"}}],"inLanguage":"fr-FR"},{"@type":"Organization","@id":"https:\/\/www.immobilienbusiness.ch\/#organization","name":"IMMOBILIER Business","url":"https:\/\/www.immobilienbusiness.ch\/","logo":{"@type":"ImageObject","inLanguage":"fr-FR","@id":"https:\/\/www.immobilienbusiness.ch\/#\/schema\/logo\/image\/","url":"https:\/\/www.immobilienbusiness.ch\/wp-content\/uploads\/2021\/07\/logo_ib.png","contentUrl":"https:\/\/www.immobilienbusiness.ch\/wp-content\/uploads\/2021\/07\/logo_ib.png","width":800,"height":181,"caption":"IMMOBILIEN Business"},"image":{"@id":"https:\/\/www.immobilienbusiness.ch\/#\/schema\/logo\/image\/"},"sameAs":["https:\/\/www.facebook.com\/immobilienbusiness\/"]},{"@type":"Person","@id":"https:\/\/www.immobilienbusiness.ch\/#\/schema\/person\/3fc036297b10b9f42d6db5ee932af8c8","name":"anja.hall","image":{"@type":"ImageObject","inLanguage":"fr-FR","@id":"https:\/\/secure.gravatar.com\/avatar\/066b5a0d447013502c71a5782f4f3469f03cfe595cc2329fb94652fe47511bfb?s=96&d=mm&r=g","url":"https:\/\/secure.gravatar.com\/avatar\/066b5a0d447013502c71a5782f4f3469f03cfe595cc2329fb94652fe47511bfb?s=96&d=mm&r=g","contentUrl":"https:\/\/secure.gravatar.com\/avatar\/066b5a0d447013502c71a5782f4f3469f03cfe595cc2329fb94652fe47511bfb?s=96&d=mm&r=g","caption":"anja.hall"},"url":"https:\/\/www.immobilienbusiness.ch\/fr\/author\/anja-hall\/"}]}},"_links":{"self":[{"href":"https:\/\/www.immobilienbusiness.ch\/fr\/wp-json\/wp\/v2\/posts\/38671","targetHints":{"allow":["GET"]}}],"collection":[{"href":"https:\/\/www.immobilienbusiness.ch\/fr\/wp-json\/wp\/v2\/posts"}],"about":[{"href":"https:\/\/www.immobilienbusiness.ch\/fr\/wp-json\/wp\/v2\/types\/post"}],"author":[{"embeddable":true,"href":"https:\/\/www.immobilienbusiness.ch\/fr\/wp-json\/wp\/v2\/users\/3"}],"replies":[{"embeddable":true,"href":"https:\/\/www.immobilienbusiness.ch\/fr\/wp-json\/wp\/v2\/comments?post=38671"}],"version-history":[{"count":1,"href":"https:\/\/www.immobilienbusiness.ch\/fr\/wp-json\/wp\/v2\/posts\/38671\/revisions"}],"predecessor-version":[{"id":38672,"href":"https:\/\/www.immobilienbusiness.ch\/fr\/wp-json\/wp\/v2\/posts\/38671\/revisions\/38672"}],"wp:featuredmedia":[{"embeddable":true,"href":"https:\/\/www.immobilienbusiness.ch\/fr\/wp-json\/wp\/v2\/media\/10356"}],"wp:attachment":[{"href":"https:\/\/www.immobilienbusiness.ch\/fr\/wp-json\/wp\/v2\/media?parent=38671"}],"wp:term":[{"taxonomy":"category","embeddable":true,"href":"https:\/\/www.immobilienbusiness.ch\/fr\/wp-json\/wp\/v2\/categories?post=38671"},{"taxonomy":"post_tag","embeddable":true,"href":"https:\/\/www.immobilienbusiness.ch\/fr\/wp-json\/wp\/v2\/tags?post=38671"}],"curies":[{"name":"wp","href":"https:\/\/api.w.org\/{rel}","templated":true}]}}