{"id":38548,"date":"2021-10-05T08:24:07","date_gmt":"2021-10-05T06:24:07","guid":{"rendered":"https:\/\/www.immobilienbusiness.ch\/?p=38548"},"modified":"2023-08-08T23:40:05","modified_gmt":"2023-08-08T21:40:05","slug":"csl-immobilien-neue-leiterin-fuer-die-research-abteilung","status":"publish","type":"post","link":"https:\/\/www.immobilienbusiness.ch\/fr\/personalia\/2021-10-05\/csl-immobilien-neue-leiterin-fuer-die-research-abteilung\/","title":{"rendered":"CSL Immobilien : Un nouveau responsable pour le d\u00e9partement de recherche"},"content":{"rendered":"<figure id=\"attachment_38549\" aria-describedby=\"caption-attachment-38549\" style=\"width: 2560px\" class=\"wp-caption alignnone\"><img loading=\"lazy\" decoding=\"async\" class=\"wp-image-38549 size-full\" src=\"https:\/\/www.immobilienbusiness.ch\/wp-content\/uploads\/2021\/10\/csl-von-der-ohe-scaled.jpg\" alt=\"CSL Immobilien\" width=\"2560\" height=\"1706\" srcset=\"https:\/\/www.immobilienbusiness.ch\/wp-content\/uploads\/2021\/10\/csl-von-der-ohe-scaled.jpg 2560w, https:\/\/www.immobilienbusiness.ch\/wp-content\/uploads\/2021\/10\/csl-von-der-ohe-300x200.jpg 300w, https:\/\/www.immobilienbusiness.ch\/wp-content\/uploads\/2021\/10\/csl-von-der-ohe-1024x683.jpg 1024w, https:\/\/www.immobilienbusiness.ch\/wp-content\/uploads\/2021\/10\/csl-von-der-ohe-768x512.jpg 768w, https:\/\/www.immobilienbusiness.ch\/wp-content\/uploads\/2021\/10\/csl-von-der-ohe-1536x1024.jpg 1536w, https:\/\/www.immobilienbusiness.ch\/wp-content\/uploads\/2021\/10\/csl-von-der-ohe-2048x1365.jpg 2048w, https:\/\/www.immobilienbusiness.ch\/wp-content\/uploads\/2021\/10\/csl-von-der-ohe-16x12.jpg 16w, https:\/\/www.immobilienbusiness.ch\/wp-content\/uploads\/2021\/10\/csl-von-der-ohe-263x175.jpg 263w, https:\/\/www.immobilienbusiness.ch\/wp-content\/uploads\/2021\/10\/csl-von-der-ohe-525x350.jpg 525w, https:\/\/www.immobilienbusiness.ch\/wp-content\/uploads\/2021\/10\/csl-von-der-ohe-1200x800.jpg 1200w, https:\/\/www.immobilienbusiness.ch\/wp-content\/uploads\/2021\/10\/csl-von-der-ohe-920x613.jpg 920w, https:\/\/www.immobilienbusiness.ch\/wp-content\/uploads\/2021\/10\/csl-von-der-ohe-1400x933.jpg 1400w\" sizes=\"auto, (max-width: 2560px) 100vw, 2560px\" \/><figcaption id=\"caption-attachment-38549\" class=\"wp-caption-text\">Ines von der Ohe (Source : CSL Immobilien)<\/figcaption><\/figure>\n<p>Ines von der Ohe a pris ses nouvelles fonctions chez CSL Immobilien le 1er octobre. Le jeune homme de 33 ans sera responsable de l'expansion du d\u00e9partement de recherche et de la poursuite du d\u00e9veloppement des rapports de march\u00e9 de CSL, selon CSL. Von der Ohe travaille dans le secteur de l'immobilier depuis neuf ans. Elle rejoint CSL apr\u00e8s avoir travaill\u00e9 chez W\u00fcest Partner, o\u00f9 elle \u00e9tait derni\u00e8rement responsable de la division \"Market &amp; Research\".<\/p>\n<p>Patricia Reichelt, son pr\u00e9d\u00e9cesseur en tant que responsable de la recherche chez CSL, est pass\u00e9e chez Engel &amp; V\u00f6lkers Hotel Consulting (EVHC). En tant que responsable du d\u00e9veloppement de l'entreprise, elle doit diriger les activit\u00e9s commerciales en Europe, notamment dans la r\u00e9gion DACH. Reichelt a dirig\u00e9 l'\u00e9quipe de recherche de CSL pendant sept ans. <em>(ah)<\/em><\/p>","protected":false},"excerpt":{"rendered":"<p>Ines von der Ohe a pris la direction de l'\u00e9quipe de recherche de CSL Immobilien. Elle succ\u00e8de \u00e0 Patricia Reichelt, qui a rejoint l'EVHC \u00e0 Hambourg.<\/p>","protected":false},"author":3,"featured_media":38549,"comment_status":"closed","ping_status":"closed","sticky":false,"template":"","format":"standard","meta":{"_acf_changed":false,"_yoast_wpseo_focuskw":"CSL Immobilien","_yoast_wpseo_title":"","_yoast_wpseo_metadesc":"Ines von der Ohe hat die Leitung des Research-Teams bei CSL Immobilien \u00fcbernommen. Sie folgt auf Patricia Reichelt, die zu EVHC in Hamburg gewechselt ist.","_yoast_wpseo_linkdex":55,"pgc_sgb_lightbox_settings":"","footnotes":""},"categories":[1912],"tags":[1152,1563],"class_list":["post-38548","post","type-post","status-publish","format-standard","has-post-thumbnail","hentry","category-personalia","tag-csl-immobilien-ag","tag-personalia"],"acf":[],"yoast_head":"<!-- This site is optimized with the Yoast SEO plugin v27.4 - https:\/\/yoast.com\/product\/yoast-seo-wordpress\/ -->\n<title>CSL Immobilien: Neue Leiterin f\u00fcr die Research-Abteilung - IMMOBILIEN Business<\/title>\n<meta name=\"description\" content=\"Ines von der Ohe hat die Leitung des Research-Teams bei CSL Immobilien \u00fcbernommen. Sie folgt auf Patricia Reichelt, die zu EVHC in Hamburg gewechselt ist.\" \/>\n<meta name=\"robots\" content=\"index, follow, max-snippet:-1, max-image-preview:large, max-video-preview:-1\" \/>\n<link rel=\"canonical\" href=\"https:\/\/www.immobilienbusiness.ch\/fr\/personalia\/2021-10-05\/csl-immobilien-neue-leiterin-fuer-die-research-abteilung\/\" \/>\n<meta property=\"og:locale\" content=\"fr_FR\" \/>\n<meta property=\"og:type\" content=\"article\" \/>\n<meta property=\"og:title\" content=\"CSL Immobilien: Neue Leiterin f\u00fcr die Research-Abteilung - IMMOBILIEN Business\" \/>\n<meta property=\"og:description\" content=\"Ines von der Ohe hat die Leitung des Research-Teams bei CSL Immobilien \u00fcbernommen. Sie folgt auf Patricia Reichelt, die zu EVHC in Hamburg gewechselt ist.\" \/>\n<meta property=\"og:url\" content=\"https:\/\/www.immobilienbusiness.ch\/fr\/personalia\/2021-10-05\/csl-immobilien-neue-leiterin-fuer-die-research-abteilung\/\" \/>\n<meta property=\"og:site_name\" content=\"IMMOBILIEN Business\" \/>\n<meta property=\"article:publisher\" content=\"https:\/\/www.facebook.com\/immobilienbusiness\/\" \/>\n<meta property=\"article:published_time\" content=\"2021-10-05T06:24:07+00:00\" \/>\n<meta property=\"article:modified_time\" content=\"2023-08-08T21:40:05+00:00\" \/>\n<meta property=\"og:image\" content=\"https:\/\/www.immobilienbusiness.ch\/wp-content\/uploads\/2021\/10\/csl-von-der-ohe-scaled.jpg\" \/>\n\t<meta property=\"og:image:width\" content=\"2560\" \/>\n\t<meta property=\"og:image:height\" content=\"1706\" \/>\n\t<meta property=\"og:image:type\" content=\"image\/jpeg\" \/>\n<meta name=\"author\" content=\"anja.hall\" \/>\n<meta name=\"twitter:card\" content=\"summary_large_image\" \/>\n<meta name=\"twitter:image\" content=\"https:\/\/www.immobilienbusiness.ch\/wp-content\/uploads\/2021\/10\/csl-von-der-ohe-scaled.jpg\" \/>\n<script type=\"application\/ld+json\" class=\"yoast-schema-graph\">{\"@context\":\"https:\\\/\\\/schema.org\",\"@graph\":[{\"@type\":\"Article\",\"@id\":\"https:\\\/\\\/www.immobilienbusiness.ch\\\/it\\\/personalia\\\/2021-10-05\\\/csl-immobilien-neue-leiterin-fuer-die-research-abteilung\\\/#article\",\"isPartOf\":{\"@id\":\"https:\\\/\\\/www.immobilienbusiness.ch\\\/it\\\/personalia\\\/2021-10-05\\\/csl-immobilien-neue-leiterin-fuer-die-research-abteilung\\\/\"},\"author\":{\"name\":\"anja.hall\",\"@id\":\"https:\\\/\\\/www.immobilienbusiness.ch\\\/#\\\/schema\\\/person\\\/3fc036297b10b9f42d6db5ee932af8c8\"},\"headline\":\"CSL Immobilien: Neue Leiterin f\u00fcr die Research-Abteilung\",\"datePublished\":\"2021-10-05T06:24:07+00:00\",\"dateModified\":\"2023-08-08T21:40:05+00:00\",\"mainEntityOfPage\":{\"@id\":\"https:\\\/\\\/www.immobilienbusiness.ch\\\/it\\\/personalia\\\/2021-10-05\\\/csl-immobilien-neue-leiterin-fuer-die-research-abteilung\\\/\"},\"wordCount\":136,\"publisher\":{\"@id\":\"https:\\\/\\\/www.immobilienbusiness.ch\\\/#organization\"},\"image\":{\"@id\":\"https:\\\/\\\/www.immobilienbusiness.ch\\\/it\\\/personalia\\\/2021-10-05\\\/csl-immobilien-neue-leiterin-fuer-die-research-abteilung\\\/#primaryimage\"},\"thumbnailUrl\":\"https:\\\/\\\/www.immobilienbusiness.ch\\\/wp-content\\\/uploads\\\/2021\\\/10\\\/csl-von-der-ohe-scaled.jpg\",\"keywords\":[\"CSL Immobilien AG\",\"Personalia\"],\"articleSection\":[\"PERSONALIA\"],\"inLanguage\":\"fr-FR\"},{\"@type\":\"WebPage\",\"@id\":\"https:\\\/\\\/www.immobilienbusiness.ch\\\/it\\\/personalia\\\/2021-10-05\\\/csl-immobilien-neue-leiterin-fuer-die-research-abteilung\\\/\",\"url\":\"https:\\\/\\\/www.immobilienbusiness.ch\\\/it\\\/personalia\\\/2021-10-05\\\/csl-immobilien-neue-leiterin-fuer-die-research-abteilung\\\/\",\"name\":\"CSL Immobilien: Neue Leiterin f\u00fcr die Research-Abteilung - IMMOBILIEN Business\",\"isPartOf\":{\"@id\":\"https:\\\/\\\/www.immobilienbusiness.ch\\\/#website\"},\"primaryImageOfPage\":{\"@id\":\"https:\\\/\\\/www.immobilienbusiness.ch\\\/it\\\/personalia\\\/2021-10-05\\\/csl-immobilien-neue-leiterin-fuer-die-research-abteilung\\\/#primaryimage\"},\"image\":{\"@id\":\"https:\\\/\\\/www.immobilienbusiness.ch\\\/it\\\/personalia\\\/2021-10-05\\\/csl-immobilien-neue-leiterin-fuer-die-research-abteilung\\\/#primaryimage\"},\"thumbnailUrl\":\"https:\\\/\\\/www.immobilienbusiness.ch\\\/wp-content\\\/uploads\\\/2021\\\/10\\\/csl-von-der-ohe-scaled.jpg\",\"datePublished\":\"2021-10-05T06:24:07+00:00\",\"dateModified\":\"2023-08-08T21:40:05+00:00\",\"description\":\"Ines von der Ohe hat die Leitung des Research-Teams bei CSL Immobilien \u00fcbernommen. Sie folgt auf Patricia Reichelt, die zu EVHC in Hamburg gewechselt ist.\",\"breadcrumb\":{\"@id\":\"https:\\\/\\\/www.immobilienbusiness.ch\\\/it\\\/personalia\\\/2021-10-05\\\/csl-immobilien-neue-leiterin-fuer-die-research-abteilung\\\/#breadcrumb\"},\"inLanguage\":\"fr-FR\",\"potentialAction\":[{\"@type\":\"ReadAction\",\"target\":[\"https:\\\/\\\/www.immobilienbusiness.ch\\\/it\\\/personalia\\\/2021-10-05\\\/csl-immobilien-neue-leiterin-fuer-die-research-abteilung\\\/\"]}]},{\"@type\":\"ImageObject\",\"inLanguage\":\"fr-FR\",\"@id\":\"https:\\\/\\\/www.immobilienbusiness.ch\\\/it\\\/personalia\\\/2021-10-05\\\/csl-immobilien-neue-leiterin-fuer-die-research-abteilung\\\/#primaryimage\",\"url\":\"https:\\\/\\\/www.immobilienbusiness.ch\\\/wp-content\\\/uploads\\\/2021\\\/10\\\/csl-von-der-ohe-scaled.jpg\",\"contentUrl\":\"https:\\\/\\\/www.immobilienbusiness.ch\\\/wp-content\\\/uploads\\\/2021\\\/10\\\/csl-von-der-ohe-scaled.jpg\",\"width\":2560,\"height\":1706,\"caption\":\"Ines von der Ohe (Quelle: CSL Immobilien)\"},{\"@type\":\"BreadcrumbList\",\"@id\":\"https:\\\/\\\/www.immobilienbusiness.ch\\\/it\\\/personalia\\\/2021-10-05\\\/csl-immobilien-neue-leiterin-fuer-die-research-abteilung\\\/#breadcrumb\",\"itemListElement\":[{\"@type\":\"ListItem\",\"position\":1,\"name\":\"Home\",\"item\":\"https:\\\/\\\/www.immobilienbusiness.ch\\\/\"},{\"@type\":\"ListItem\",\"position\":2,\"name\":\"CSL Immobilien: Neue Leiterin f\u00fcr die Research-Abteilung\"}]},{\"@type\":\"WebSite\",\"@id\":\"https:\\\/\\\/www.immobilienbusiness.ch\\\/#website\",\"url\":\"https:\\\/\\\/www.immobilienbusiness.ch\\\/\",\"name\":\"IMMOBILIEN Business\",\"description\":\"Unabh\u00e4ngiges Schweizer Wirtschaftsmagazin mit Fokus auf Immobilien, Architektur- und Bau sowie Investment- und Finanzierung.\",\"publisher\":{\"@id\":\"https:\\\/\\\/www.immobilienbusiness.ch\\\/#organization\"},\"potentialAction\":[{\"@type\":\"SearchAction\",\"target\":{\"@type\":\"EntryPoint\",\"urlTemplate\":\"https:\\\/\\\/www.immobilienbusiness.ch\\\/?s={search_term_string}\"},\"query-input\":{\"@type\":\"PropertyValueSpecification\",\"valueRequired\":true,\"valueName\":\"search_term_string\"}}],\"inLanguage\":\"fr-FR\"},{\"@type\":\"Organization\",\"@id\":\"https:\\\/\\\/www.immobilienbusiness.ch\\\/#organization\",\"name\":\"IMMOBILIEN Business\",\"url\":\"https:\\\/\\\/www.immobilienbusiness.ch\\\/\",\"logo\":{\"@type\":\"ImageObject\",\"inLanguage\":\"fr-FR\",\"@id\":\"https:\\\/\\\/www.immobilienbusiness.ch\\\/#\\\/schema\\\/logo\\\/image\\\/\",\"url\":\"https:\\\/\\\/www.immobilienbusiness.ch\\\/wp-content\\\/uploads\\\/2021\\\/07\\\/logo_ib.png\",\"contentUrl\":\"https:\\\/\\\/www.immobilienbusiness.ch\\\/wp-content\\\/uploads\\\/2021\\\/07\\\/logo_ib.png\",\"width\":800,\"height\":181,\"caption\":\"IMMOBILIEN Business\"},\"image\":{\"@id\":\"https:\\\/\\\/www.immobilienbusiness.ch\\\/#\\\/schema\\\/logo\\\/image\\\/\"},\"sameAs\":[\"https:\\\/\\\/www.facebook.com\\\/immobilienbusiness\\\/\"]},{\"@type\":\"Person\",\"@id\":\"https:\\\/\\\/www.immobilienbusiness.ch\\\/#\\\/schema\\\/person\\\/3fc036297b10b9f42d6db5ee932af8c8\",\"name\":\"anja.hall\",\"image\":{\"@type\":\"ImageObject\",\"inLanguage\":\"fr-FR\",\"@id\":\"https:\\\/\\\/secure.gravatar.com\\\/avatar\\\/066b5a0d447013502c71a5782f4f3469f03cfe595cc2329fb94652fe47511bfb?s=96&d=mm&r=g\",\"url\":\"https:\\\/\\\/secure.gravatar.com\\\/avatar\\\/066b5a0d447013502c71a5782f4f3469f03cfe595cc2329fb94652fe47511bfb?s=96&d=mm&r=g\",\"contentUrl\":\"https:\\\/\\\/secure.gravatar.com\\\/avatar\\\/066b5a0d447013502c71a5782f4f3469f03cfe595cc2329fb94652fe47511bfb?s=96&d=mm&r=g\",\"caption\":\"anja.hall\"},\"url\":\"https:\\\/\\\/www.immobilienbusiness.ch\\\/fr\\\/author\\\/anja-hall\\\/\"}]}<\/script>\n<!-- \/ Yoast SEO plugin. -->","yoast_head_json":{"title":"CSL Immobilien: Neue Leiterin f\u00fcr die Research-Abteilung - IMMOBILIEN Business","description":"Ines von der Ohe a pris la direction de l'\u00e9quipe de recherche de CSL Immobilien. Elle succ\u00e8de \u00e0 Patricia Reichelt, qui a rejoint l'EVHC \u00e0 Hambourg.","robots":{"index":"index","follow":"follow","max-snippet":"max-snippet:-1","max-image-preview":"max-image-preview:large","max-video-preview":"max-video-preview:-1"},"canonical":"https:\/\/www.immobilienbusiness.ch\/fr\/personalia\/2021-10-05\/csl-immobilien-neue-leiterin-fuer-die-research-abteilung\/","og_locale":"fr_FR","og_type":"article","og_title":"CSL Immobilien: Neue Leiterin f\u00fcr die Research-Abteilung - IMMOBILIEN Business","og_description":"Ines von der Ohe hat die Leitung des Research-Teams bei CSL Immobilien \u00fcbernommen. Sie folgt auf Patricia Reichelt, die zu EVHC in Hamburg gewechselt ist.","og_url":"https:\/\/www.immobilienbusiness.ch\/fr\/personalia\/2021-10-05\/csl-immobilien-neue-leiterin-fuer-die-research-abteilung\/","og_site_name":"IMMOBILIEN Business","article_publisher":"https:\/\/www.facebook.com\/immobilienbusiness\/","article_published_time":"2021-10-05T06:24:07+00:00","article_modified_time":"2023-08-08T21:40:05+00:00","og_image":[{"width":2560,"height":1706,"url":"https:\/\/www.immobilienbusiness.ch\/wp-content\/uploads\/2021\/10\/csl-von-der-ohe-scaled.jpg","type":"image\/jpeg"}],"author":"anja.hall","twitter_card":"summary_large_image","twitter_image":"https:\/\/www.immobilienbusiness.ch\/wp-content\/uploads\/2021\/10\/csl-von-der-ohe-scaled.jpg","schema":{"@context":"https:\/\/schema.org","@graph":[{"@type":"Article","@id":"https:\/\/www.immobilienbusiness.ch\/it\/personalia\/2021-10-05\/csl-immobilien-neue-leiterin-fuer-die-research-abteilung\/#article","isPartOf":{"@id":"https:\/\/www.immobilienbusiness.ch\/it\/personalia\/2021-10-05\/csl-immobilien-neue-leiterin-fuer-die-research-abteilung\/"},"author":{"name":"anja.hall","@id":"https:\/\/www.immobilienbusiness.ch\/#\/schema\/person\/3fc036297b10b9f42d6db5ee932af8c8"},"headline":"CSL Immobilien: Neue Leiterin f\u00fcr die Research-Abteilung","datePublished":"2021-10-05T06:24:07+00:00","dateModified":"2023-08-08T21:40:05+00:00","mainEntityOfPage":{"@id":"https:\/\/www.immobilienbusiness.ch\/it\/personalia\/2021-10-05\/csl-immobilien-neue-leiterin-fuer-die-research-abteilung\/"},"wordCount":136,"publisher":{"@id":"https:\/\/www.immobilienbusiness.ch\/#organization"},"image":{"@id":"https:\/\/www.immobilienbusiness.ch\/it\/personalia\/2021-10-05\/csl-immobilien-neue-leiterin-fuer-die-research-abteilung\/#primaryimage"},"thumbnailUrl":"https:\/\/www.immobilienbusiness.ch\/wp-content\/uploads\/2021\/10\/csl-von-der-ohe-scaled.jpg","keywords":["CSL Immobilien AG","Personalia"],"articleSection":["PERSONALIA"],"inLanguage":"fr-FR"},{"@type":"WebPage","@id":"https:\/\/www.immobilienbusiness.ch\/it\/personalia\/2021-10-05\/csl-immobilien-neue-leiterin-fuer-die-research-abteilung\/","url":"https:\/\/www.immobilienbusiness.ch\/it\/personalia\/2021-10-05\/csl-immobilien-neue-leiterin-fuer-die-research-abteilung\/","name":"CSL Immobilien: Neue Leiterin f\u00fcr die Research-Abteilung - IMMOBILIEN Business","isPartOf":{"@id":"https:\/\/www.immobilienbusiness.ch\/#website"},"primaryImageOfPage":{"@id":"https:\/\/www.immobilienbusiness.ch\/it\/personalia\/2021-10-05\/csl-immobilien-neue-leiterin-fuer-die-research-abteilung\/#primaryimage"},"image":{"@id":"https:\/\/www.immobilienbusiness.ch\/it\/personalia\/2021-10-05\/csl-immobilien-neue-leiterin-fuer-die-research-abteilung\/#primaryimage"},"thumbnailUrl":"https:\/\/www.immobilienbusiness.ch\/wp-content\/uploads\/2021\/10\/csl-von-der-ohe-scaled.jpg","datePublished":"2021-10-05T06:24:07+00:00","dateModified":"2023-08-08T21:40:05+00:00","description":"Ines von der Ohe a pris la direction de l'\u00e9quipe de recherche de CSL Immobilien. Elle succ\u00e8de \u00e0 Patricia Reichelt, qui a rejoint l'EVHC \u00e0 Hambourg.","breadcrumb":{"@id":"https:\/\/www.immobilienbusiness.ch\/it\/personalia\/2021-10-05\/csl-immobilien-neue-leiterin-fuer-die-research-abteilung\/#breadcrumb"},"inLanguage":"fr-FR","potentialAction":[{"@type":"ReadAction","target":["https:\/\/www.immobilienbusiness.ch\/it\/personalia\/2021-10-05\/csl-immobilien-neue-leiterin-fuer-die-research-abteilung\/"]}]},{"@type":"ImageObject","inLanguage":"fr-FR","@id":"https:\/\/www.immobilienbusiness.ch\/it\/personalia\/2021-10-05\/csl-immobilien-neue-leiterin-fuer-die-research-abteilung\/#primaryimage","url":"https:\/\/www.immobilienbusiness.ch\/wp-content\/uploads\/2021\/10\/csl-von-der-ohe-scaled.jpg","contentUrl":"https:\/\/www.immobilienbusiness.ch\/wp-content\/uploads\/2021\/10\/csl-von-der-ohe-scaled.jpg","width":2560,"height":1706,"caption":"Ines von der Ohe (Quelle: CSL Immobilien)"},{"@type":"BreadcrumbList","@id":"https:\/\/www.immobilienbusiness.ch\/it\/personalia\/2021-10-05\/csl-immobilien-neue-leiterin-fuer-die-research-abteilung\/#breadcrumb","itemListElement":[{"@type":"ListItem","position":1,"name":"Home","item":"https:\/\/www.immobilienbusiness.ch\/"},{"@type":"ListItem","position":2,"name":"CSL Immobilien: Neue Leiterin f\u00fcr die Research-Abteilung"}]},{"@type":"WebSite","@id":"https:\/\/www.immobilienbusiness.ch\/#website","url":"https:\/\/www.immobilienbusiness.ch\/","name":"IMMOBILIER Business","description":"Magazine \u00e9conomique suisse ind\u00e9pendant ax\u00e9 sur l'immobilier, l'architecture et la construction ainsi que sur les investissements et le financement.","publisher":{"@id":"https:\/\/www.immobilienbusiness.ch\/#organization"},"potentialAction":[{"@type":"SearchAction","target":{"@type":"EntryPoint","urlTemplate":"https:\/\/www.immobilienbusiness.ch\/?s={search_term_string}"},"query-input":{"@type":"PropertyValueSpecification","valueRequired":true,"valueName":"search_term_string"}}],"inLanguage":"fr-FR"},{"@type":"Organization","@id":"https:\/\/www.immobilienbusiness.ch\/#organization","name":"IMMOBILIER Business","url":"https:\/\/www.immobilienbusiness.ch\/","logo":{"@type":"ImageObject","inLanguage":"fr-FR","@id":"https:\/\/www.immobilienbusiness.ch\/#\/schema\/logo\/image\/","url":"https:\/\/www.immobilienbusiness.ch\/wp-content\/uploads\/2021\/07\/logo_ib.png","contentUrl":"https:\/\/www.immobilienbusiness.ch\/wp-content\/uploads\/2021\/07\/logo_ib.png","width":800,"height":181,"caption":"IMMOBILIEN Business"},"image":{"@id":"https:\/\/www.immobilienbusiness.ch\/#\/schema\/logo\/image\/"},"sameAs":["https:\/\/www.facebook.com\/immobilienbusiness\/"]},{"@type":"Person","@id":"https:\/\/www.immobilienbusiness.ch\/#\/schema\/person\/3fc036297b10b9f42d6db5ee932af8c8","name":"anja.hall","image":{"@type":"ImageObject","inLanguage":"fr-FR","@id":"https:\/\/secure.gravatar.com\/avatar\/066b5a0d447013502c71a5782f4f3469f03cfe595cc2329fb94652fe47511bfb?s=96&d=mm&r=g","url":"https:\/\/secure.gravatar.com\/avatar\/066b5a0d447013502c71a5782f4f3469f03cfe595cc2329fb94652fe47511bfb?s=96&d=mm&r=g","contentUrl":"https:\/\/secure.gravatar.com\/avatar\/066b5a0d447013502c71a5782f4f3469f03cfe595cc2329fb94652fe47511bfb?s=96&d=mm&r=g","caption":"anja.hall"},"url":"https:\/\/www.immobilienbusiness.ch\/fr\/author\/anja-hall\/"}]}},"_links":{"self":[{"href":"https:\/\/www.immobilienbusiness.ch\/fr\/wp-json\/wp\/v2\/posts\/38548","targetHints":{"allow":["GET"]}}],"collection":[{"href":"https:\/\/www.immobilienbusiness.ch\/fr\/wp-json\/wp\/v2\/posts"}],"about":[{"href":"https:\/\/www.immobilienbusiness.ch\/fr\/wp-json\/wp\/v2\/types\/post"}],"author":[{"embeddable":true,"href":"https:\/\/www.immobilienbusiness.ch\/fr\/wp-json\/wp\/v2\/users\/3"}],"replies":[{"embeddable":true,"href":"https:\/\/www.immobilienbusiness.ch\/fr\/wp-json\/wp\/v2\/comments?post=38548"}],"version-history":[{"count":2,"href":"https:\/\/www.immobilienbusiness.ch\/fr\/wp-json\/wp\/v2\/posts\/38548\/revisions"}],"predecessor-version":[{"id":51646,"href":"https:\/\/www.immobilienbusiness.ch\/fr\/wp-json\/wp\/v2\/posts\/38548\/revisions\/51646"}],"wp:featuredmedia":[{"embeddable":true,"href":"https:\/\/www.immobilienbusiness.ch\/fr\/wp-json\/wp\/v2\/media\/38549"}],"wp:attachment":[{"href":"https:\/\/www.immobilienbusiness.ch\/fr\/wp-json\/wp\/v2\/media?parent=38548"}],"wp:term":[{"taxonomy":"category","embeddable":true,"href":"https:\/\/www.immobilienbusiness.ch\/fr\/wp-json\/wp\/v2\/categories?post=38548"},{"taxonomy":"post_tag","embeddable":true,"href":"https:\/\/www.immobilienbusiness.ch\/fr\/wp-json\/wp\/v2\/tags?post=38548"}],"curies":[{"name":"wp","href":"https:\/\/api.w.org\/{rel}","templated":true}]}}