{"id":38338,"date":"2021-09-22T08:21:13","date_gmt":"2021-09-22T06:21:13","guid":{"rendered":"https:\/\/www.immobilienbusiness.ch\/?p=38338"},"modified":"2021-09-22T08:21:13","modified_gmt":"2021-09-22T06:21:13","slug":"arbon-historisches-museum-zieht-ins-saurer-werkzwei","status":"publish","type":"post","link":"https:\/\/www.immobilienbusiness.ch\/fr\/regionen\/2021-09-22\/arbon-historisches-museum-zieht-ins-saurer-werkzwei\/","title":{"rendered":"Arbon : Le mus\u00e9e d'histoire s'installe dans le Saurer WerkZwei"},"content":{"rendered":"<figure id=\"attachment_17423\" aria-describedby=\"caption-attachment-17423\" style=\"width: 648px\" class=\"wp-caption alignnone\"><img loading=\"lazy\" decoding=\"async\" class=\"wp-image-17423 size-full\" src=\"https:\/\/www.immobilienbusiness.ch\/wp-content\/uploads\/2019\/06\/Coverbild-neu-Schweizer-Immobilienbrief-282.jpg\" alt=\"\" width=\"648\" height=\"432\" srcset=\"https:\/\/www.immobilienbusiness.ch\/wp-content\/uploads\/2019\/06\/Coverbild-neu-Schweizer-Immobilienbrief-282.jpg 648w, https:\/\/www.immobilienbusiness.ch\/wp-content\/uploads\/2019\/06\/Coverbild-neu-Schweizer-Immobilienbrief-282-300x200.jpg 300w, https:\/\/www.immobilienbusiness.ch\/wp-content\/uploads\/2019\/06\/Coverbild-neu-Schweizer-Immobilienbrief-282-16x12.jpg 16w, https:\/\/www.immobilienbusiness.ch\/wp-content\/uploads\/2019\/06\/Coverbild-neu-Schweizer-Immobilienbrief-282-263x175.jpg 263w, https:\/\/www.immobilienbusiness.ch\/wp-content\/uploads\/2019\/06\/Coverbild-neu-Schweizer-Immobilienbrief-282-525x350.jpg 525w\" sizes=\"auto, (max-width: 648px) 100vw, 648px\" \/><figcaption id=\"caption-attachment-17423\" class=\"wp-caption-text\">Le Mus\u00e9e d'histoire du canton de Thurgovie envisage de d\u00e9m\u00e9nager sur le site de Sauerer WerkZwei \u00e0 Arbon (Image : Minervastock\/Depositphotos)<\/figcaption><\/figure>\n<p>Le site <em>St. Galler Tagblatt<\/em> signale que le si\u00e8ge du Mus\u00e9e historique du canton de Thurgovie sera \u00e0 l'avenir \u00e0 Arbon. Selon les plans actuels, l'administration s'installera dans ses bureaux dans l'ancien hall des machines \u00e0 tisser de l'entreprise Saurer, qui s'\u00e9tend sur environ 7 000 m\u00e8tres carr\u00e9s. En outre, selon les m\u00e9dias r\u00e9gionaux, le canton veut y installer son mus\u00e9e d'histoire comme un \"monde d'exp\u00e9rience \u00e0 vocation internationale\". Selon le canton, le nouveau mus\u00e9e situ\u00e9 dans l'ancienne halle industrielle, con\u00e7u comme un lieu d'\u00e9ducation et d'exp\u00e9rience, co\u00fbtera environ 45 millions de francs suisses, attirera 100 000 visiteurs internationaux par an et g\u00e9n\u00e9rera un chiffre d'affaires annuel de 4 millions de francs suisses.<\/p>\n<p>Un concours d'architecture pour la transformation de l'ancienne halle des machines \u00e0 tisser est pr\u00e9vu l'ann\u00e9e prochaine. Selon Roland Ledergerber, architecte cantonal adjoint, elle repr\u00e9sente \"une architecture industrielle qui cr\u00e9e une identit\u00e9 au milieu d'une zone urbaine d\u00e9velopp\u00e9e\". En 2024, un message doit \u00eatre soumis au Grand Conseil, apr\u00e8s quoi le projet d'envergure sera mis en votation.<\/p>\n<p>HRS Real Estate AG d\u00e9veloppe le \"Saurer WerkZwei Areal\" en tant que nouveau quartier urbain sur le site de Saurer, qui couvre une bonne superficie de 200 000 m\u00b2. Une bonne moiti\u00e9 de la zone a d\u00e9j\u00e0 \u00e9t\u00e9 convertie. Un immeuble r\u00e9sidentiel sur la Hamelplatz a \u00e9t\u00e9 r\u00e9cemment achev\u00e9. Actuellement, un immeuble r\u00e9sidentiel et commercial est en cours de r\u00e9alisation sur la Saurerplatz, et la construction d'un h\u00f4tel avec des appartements pour les utilisateurs \u00e0 long terme doit commencer cette ann\u00e9e. <em>(a.o.)<\/em><\/p>","protected":false},"excerpt":{"rendered":"<p>Le site de Saurer WerkZwei deviendra le si\u00e8ge du mus\u00e9e d'histoire. Le canton de Thurgovie acquiert \u00e0 cet effet un bien immobilier aupr\u00e8s de HRS.<\/p>","protected":false},"author":3,"featured_media":17423,"comment_status":"closed","ping_status":"closed","sticky":false,"template":"","format":"standard","meta":{"_acf_changed":false,"_yoast_wpseo_focuskw":"Arbon","_yoast_wpseo_title":"","_yoast_wpseo_metadesc":"Das Areal Saurer WerkZwei wird Hauptsitz des Historischen Museums. Der Kanton Thurgau erwirbt dazu von HRS eine Liegenschaft.","_yoast_wpseo_linkdex":53,"pgc_sgb_lightbox_settings":"","footnotes":""},"categories":[985],"tags":[1037,1119,1246,1600,1665,1830],"class_list":["post-38338","post","type-post","status-publish","format-standard","has-post-thumbnail","hentry","category-regionen","tag-arbon","tag-bueroimmobilien","tag-freizeitimmobilien","tag-projekt-in-planung","tag-saurer-werkzwei","tag-verkauf"],"acf":[],"yoast_head":"<!-- This site is optimized with the Yoast SEO plugin v27.4 - https:\/\/yoast.com\/product\/yoast-seo-wordpress\/ -->\n<title>Arbon: Historisches Museum zieht ins Saurer WerkZwei - IMMOBILIEN Business<\/title>\n<meta name=\"description\" content=\"Das Areal Saurer WerkZwei wird Hauptsitz des Historischen Museums. Der Kanton Thurgau erwirbt dazu von HRS eine Liegenschaft.\" \/>\n<meta name=\"robots\" content=\"index, follow, max-snippet:-1, max-image-preview:large, max-video-preview:-1\" \/>\n<link rel=\"canonical\" href=\"https:\/\/www.immobilienbusiness.ch\/fr\/regionen\/2021-09-22\/arbon-historisches-museum-zieht-ins-saurer-werkzwei\/\" \/>\n<meta property=\"og:locale\" content=\"fr_FR\" \/>\n<meta property=\"og:type\" content=\"article\" \/>\n<meta property=\"og:title\" content=\"Arbon: Historisches Museum zieht ins Saurer WerkZwei - IMMOBILIEN Business\" \/>\n<meta property=\"og:description\" content=\"Das Areal Saurer WerkZwei wird Hauptsitz des Historischen Museums. Der Kanton Thurgau erwirbt dazu von HRS eine Liegenschaft.\" \/>\n<meta property=\"og:url\" content=\"https:\/\/www.immobilienbusiness.ch\/fr\/regionen\/2021-09-22\/arbon-historisches-museum-zieht-ins-saurer-werkzwei\/\" \/>\n<meta property=\"og:site_name\" content=\"IMMOBILIEN Business\" \/>\n<meta property=\"article:publisher\" content=\"https:\/\/www.facebook.com\/immobilienbusiness\/\" \/>\n<meta property=\"article:published_time\" content=\"2021-09-22T06:21:13+00:00\" \/>\n<meta property=\"og:image\" content=\"https:\/\/www.immobilienbusiness.ch\/wp-content\/uploads\/2019\/06\/Coverbild-neu-Schweizer-Immobilienbrief-282.jpg\" \/>\n\t<meta property=\"og:image:width\" content=\"648\" \/>\n\t<meta property=\"og:image:height\" content=\"432\" \/>\n\t<meta property=\"og:image:type\" content=\"image\/jpeg\" \/>\n<meta name=\"author\" content=\"anja.hall\" \/>\n<meta name=\"twitter:card\" content=\"summary_large_image\" \/>\n<meta name=\"twitter:image\" content=\"https:\/\/www.immobilienbusiness.ch\/wp-content\/uploads\/2019\/06\/Coverbild-neu-Schweizer-Immobilienbrief-282.jpg\" \/>\n<script type=\"application\/ld+json\" class=\"yoast-schema-graph\">{\"@context\":\"https:\\\/\\\/schema.org\",\"@graph\":[{\"@type\":\"Article\",\"@id\":\"https:\\\/\\\/www.immobilienbusiness.ch\\\/regionen\\\/2021-09-22\\\/arbon-historisches-museum-zieht-ins-saurer-werkzwei\\\/#article\",\"isPartOf\":{\"@id\":\"https:\\\/\\\/www.immobilienbusiness.ch\\\/regionen\\\/2021-09-22\\\/arbon-historisches-museum-zieht-ins-saurer-werkzwei\\\/\"},\"author\":{\"name\":\"anja.hall\",\"@id\":\"https:\\\/\\\/www.immobilienbusiness.ch\\\/#\\\/schema\\\/person\\\/3fc036297b10b9f42d6db5ee932af8c8\"},\"headline\":\"Arbon: Historisches Museum zieht ins Saurer WerkZwei\",\"datePublished\":\"2021-09-22T06:21:13+00:00\",\"mainEntityOfPage\":{\"@id\":\"https:\\\/\\\/www.immobilienbusiness.ch\\\/regionen\\\/2021-09-22\\\/arbon-historisches-museum-zieht-ins-saurer-werkzwei\\\/\"},\"wordCount\":241,\"publisher\":{\"@id\":\"https:\\\/\\\/www.immobilienbusiness.ch\\\/#organization\"},\"image\":{\"@id\":\"https:\\\/\\\/www.immobilienbusiness.ch\\\/regionen\\\/2021-09-22\\\/arbon-historisches-museum-zieht-ins-saurer-werkzwei\\\/#primaryimage\"},\"thumbnailUrl\":\"https:\\\/\\\/www.immobilienbusiness.ch\\\/wp-content\\\/uploads\\\/2019\\\/06\\\/Coverbild-neu-Schweizer-Immobilienbrief-282.jpg\",\"keywords\":[\"Arbon\",\"B\u00fcroimmobilien\",\"Freizeitimmobilien\",\"Projekt in Planung\",\"Saurer WerkZwei\",\"Verkauf\"],\"articleSection\":[\"REGIONEN\"],\"inLanguage\":\"fr-FR\"},{\"@type\":\"WebPage\",\"@id\":\"https:\\\/\\\/www.immobilienbusiness.ch\\\/regionen\\\/2021-09-22\\\/arbon-historisches-museum-zieht-ins-saurer-werkzwei\\\/\",\"url\":\"https:\\\/\\\/www.immobilienbusiness.ch\\\/regionen\\\/2021-09-22\\\/arbon-historisches-museum-zieht-ins-saurer-werkzwei\\\/\",\"name\":\"Arbon: Historisches Museum zieht ins Saurer WerkZwei - IMMOBILIEN Business\",\"isPartOf\":{\"@id\":\"https:\\\/\\\/www.immobilienbusiness.ch\\\/#website\"},\"primaryImageOfPage\":{\"@id\":\"https:\\\/\\\/www.immobilienbusiness.ch\\\/regionen\\\/2021-09-22\\\/arbon-historisches-museum-zieht-ins-saurer-werkzwei\\\/#primaryimage\"},\"image\":{\"@id\":\"https:\\\/\\\/www.immobilienbusiness.ch\\\/regionen\\\/2021-09-22\\\/arbon-historisches-museum-zieht-ins-saurer-werkzwei\\\/#primaryimage\"},\"thumbnailUrl\":\"https:\\\/\\\/www.immobilienbusiness.ch\\\/wp-content\\\/uploads\\\/2019\\\/06\\\/Coverbild-neu-Schweizer-Immobilienbrief-282.jpg\",\"datePublished\":\"2021-09-22T06:21:13+00:00\",\"description\":\"Das Areal Saurer WerkZwei wird Hauptsitz des Historischen Museums. Der Kanton Thurgau erwirbt dazu von HRS eine Liegenschaft.\",\"breadcrumb\":{\"@id\":\"https:\\\/\\\/www.immobilienbusiness.ch\\\/regionen\\\/2021-09-22\\\/arbon-historisches-museum-zieht-ins-saurer-werkzwei\\\/#breadcrumb\"},\"inLanguage\":\"fr-FR\",\"potentialAction\":[{\"@type\":\"ReadAction\",\"target\":[\"https:\\\/\\\/www.immobilienbusiness.ch\\\/regionen\\\/2021-09-22\\\/arbon-historisches-museum-zieht-ins-saurer-werkzwei\\\/\"]}]},{\"@type\":\"ImageObject\",\"inLanguage\":\"fr-FR\",\"@id\":\"https:\\\/\\\/www.immobilienbusiness.ch\\\/regionen\\\/2021-09-22\\\/arbon-historisches-museum-zieht-ins-saurer-werkzwei\\\/#primaryimage\",\"url\":\"https:\\\/\\\/www.immobilienbusiness.ch\\\/wp-content\\\/uploads\\\/2019\\\/06\\\/Coverbild-neu-Schweizer-Immobilienbrief-282.jpg\",\"contentUrl\":\"https:\\\/\\\/www.immobilienbusiness.ch\\\/wp-content\\\/uploads\\\/2019\\\/06\\\/Coverbild-neu-Schweizer-Immobilienbrief-282.jpg\",\"width\":648,\"height\":432,\"caption\":\"In Bern beginnt die n\u00e4chste Phase f\u00fcr ein geplantes Wohngebiet (Bild: Minervastock\\\/Depositphotos)\"},{\"@type\":\"BreadcrumbList\",\"@id\":\"https:\\\/\\\/www.immobilienbusiness.ch\\\/regionen\\\/2021-09-22\\\/arbon-historisches-museum-zieht-ins-saurer-werkzwei\\\/#breadcrumb\",\"itemListElement\":[{\"@type\":\"ListItem\",\"position\":1,\"name\":\"Home\",\"item\":\"https:\\\/\\\/www.immobilienbusiness.ch\\\/\"},{\"@type\":\"ListItem\",\"position\":2,\"name\":\"Arbon: Historisches Museum zieht ins Saurer WerkZwei\"}]},{\"@type\":\"WebSite\",\"@id\":\"https:\\\/\\\/www.immobilienbusiness.ch\\\/#website\",\"url\":\"https:\\\/\\\/www.immobilienbusiness.ch\\\/\",\"name\":\"IMMOBILIEN Business\",\"description\":\"Unabh\u00e4ngiges Schweizer Wirtschaftsmagazin mit Fokus auf Immobilien, Architektur- und Bau sowie Investment- und Finanzierung.\",\"publisher\":{\"@id\":\"https:\\\/\\\/www.immobilienbusiness.ch\\\/#organization\"},\"potentialAction\":[{\"@type\":\"SearchAction\",\"target\":{\"@type\":\"EntryPoint\",\"urlTemplate\":\"https:\\\/\\\/www.immobilienbusiness.ch\\\/?s={search_term_string}\"},\"query-input\":{\"@type\":\"PropertyValueSpecification\",\"valueRequired\":true,\"valueName\":\"search_term_string\"}}],\"inLanguage\":\"fr-FR\"},{\"@type\":\"Organization\",\"@id\":\"https:\\\/\\\/www.immobilienbusiness.ch\\\/#organization\",\"name\":\"IMMOBILIEN Business\",\"url\":\"https:\\\/\\\/www.immobilienbusiness.ch\\\/\",\"logo\":{\"@type\":\"ImageObject\",\"inLanguage\":\"fr-FR\",\"@id\":\"https:\\\/\\\/www.immobilienbusiness.ch\\\/#\\\/schema\\\/logo\\\/image\\\/\",\"url\":\"https:\\\/\\\/www.immobilienbusiness.ch\\\/wp-content\\\/uploads\\\/2021\\\/07\\\/logo_ib.png\",\"contentUrl\":\"https:\\\/\\\/www.immobilienbusiness.ch\\\/wp-content\\\/uploads\\\/2021\\\/07\\\/logo_ib.png\",\"width\":800,\"height\":181,\"caption\":\"IMMOBILIEN Business\"},\"image\":{\"@id\":\"https:\\\/\\\/www.immobilienbusiness.ch\\\/#\\\/schema\\\/logo\\\/image\\\/\"},\"sameAs\":[\"https:\\\/\\\/www.facebook.com\\\/immobilienbusiness\\\/\"]},{\"@type\":\"Person\",\"@id\":\"https:\\\/\\\/www.immobilienbusiness.ch\\\/#\\\/schema\\\/person\\\/3fc036297b10b9f42d6db5ee932af8c8\",\"name\":\"anja.hall\",\"image\":{\"@type\":\"ImageObject\",\"inLanguage\":\"fr-FR\",\"@id\":\"https:\\\/\\\/secure.gravatar.com\\\/avatar\\\/066b5a0d447013502c71a5782f4f3469f03cfe595cc2329fb94652fe47511bfb?s=96&d=mm&r=g\",\"url\":\"https:\\\/\\\/secure.gravatar.com\\\/avatar\\\/066b5a0d447013502c71a5782f4f3469f03cfe595cc2329fb94652fe47511bfb?s=96&d=mm&r=g\",\"contentUrl\":\"https:\\\/\\\/secure.gravatar.com\\\/avatar\\\/066b5a0d447013502c71a5782f4f3469f03cfe595cc2329fb94652fe47511bfb?s=96&d=mm&r=g\",\"caption\":\"anja.hall\"},\"url\":\"https:\\\/\\\/www.immobilienbusiness.ch\\\/fr\\\/author\\\/anja-hall\\\/\"}]}<\/script>\n<!-- \/ Yoast SEO plugin. -->","yoast_head_json":{"title":"Arbon: Historisches Museum zieht ins Saurer WerkZwei - IMMOBILIEN Business","description":"Le site de Saurer WerkZwei deviendra le si\u00e8ge du mus\u00e9e d'histoire. Le canton de Thurgovie acquiert \u00e0 cet effet un bien immobilier aupr\u00e8s de HRS.","robots":{"index":"index","follow":"follow","max-snippet":"max-snippet:-1","max-image-preview":"max-image-preview:large","max-video-preview":"max-video-preview:-1"},"canonical":"https:\/\/www.immobilienbusiness.ch\/fr\/regionen\/2021-09-22\/arbon-historisches-museum-zieht-ins-saurer-werkzwei\/","og_locale":"fr_FR","og_type":"article","og_title":"Arbon: Historisches Museum zieht ins Saurer WerkZwei - IMMOBILIEN Business","og_description":"Das Areal Saurer WerkZwei wird Hauptsitz des Historischen Museums. Der Kanton Thurgau erwirbt dazu von HRS eine Liegenschaft.","og_url":"https:\/\/www.immobilienbusiness.ch\/fr\/regionen\/2021-09-22\/arbon-historisches-museum-zieht-ins-saurer-werkzwei\/","og_site_name":"IMMOBILIEN Business","article_publisher":"https:\/\/www.facebook.com\/immobilienbusiness\/","article_published_time":"2021-09-22T06:21:13+00:00","og_image":[{"width":648,"height":432,"url":"https:\/\/www.immobilienbusiness.ch\/wp-content\/uploads\/2019\/06\/Coverbild-neu-Schweizer-Immobilienbrief-282.jpg","type":"image\/jpeg"}],"author":"anja.hall","twitter_card":"summary_large_image","twitter_image":"https:\/\/www.immobilienbusiness.ch\/wp-content\/uploads\/2019\/06\/Coverbild-neu-Schweizer-Immobilienbrief-282.jpg","schema":{"@context":"https:\/\/schema.org","@graph":[{"@type":"Article","@id":"https:\/\/www.immobilienbusiness.ch\/regionen\/2021-09-22\/arbon-historisches-museum-zieht-ins-saurer-werkzwei\/#article","isPartOf":{"@id":"https:\/\/www.immobilienbusiness.ch\/regionen\/2021-09-22\/arbon-historisches-museum-zieht-ins-saurer-werkzwei\/"},"author":{"name":"anja.hall","@id":"https:\/\/www.immobilienbusiness.ch\/#\/schema\/person\/3fc036297b10b9f42d6db5ee932af8c8"},"headline":"Arbon: Historisches Museum zieht ins Saurer WerkZwei","datePublished":"2021-09-22T06:21:13+00:00","mainEntityOfPage":{"@id":"https:\/\/www.immobilienbusiness.ch\/regionen\/2021-09-22\/arbon-historisches-museum-zieht-ins-saurer-werkzwei\/"},"wordCount":241,"publisher":{"@id":"https:\/\/www.immobilienbusiness.ch\/#organization"},"image":{"@id":"https:\/\/www.immobilienbusiness.ch\/regionen\/2021-09-22\/arbon-historisches-museum-zieht-ins-saurer-werkzwei\/#primaryimage"},"thumbnailUrl":"https:\/\/www.immobilienbusiness.ch\/wp-content\/uploads\/2019\/06\/Coverbild-neu-Schweizer-Immobilienbrief-282.jpg","keywords":["Arbon","B\u00fcroimmobilien","Freizeitimmobilien","Projekt in Planung","Saurer WerkZwei","Verkauf"],"articleSection":["REGIONEN"],"inLanguage":"fr-FR"},{"@type":"WebPage","@id":"https:\/\/www.immobilienbusiness.ch\/regionen\/2021-09-22\/arbon-historisches-museum-zieht-ins-saurer-werkzwei\/","url":"https:\/\/www.immobilienbusiness.ch\/regionen\/2021-09-22\/arbon-historisches-museum-zieht-ins-saurer-werkzwei\/","name":"Arbon: Historisches Museum zieht ins Saurer WerkZwei - IMMOBILIEN Business","isPartOf":{"@id":"https:\/\/www.immobilienbusiness.ch\/#website"},"primaryImageOfPage":{"@id":"https:\/\/www.immobilienbusiness.ch\/regionen\/2021-09-22\/arbon-historisches-museum-zieht-ins-saurer-werkzwei\/#primaryimage"},"image":{"@id":"https:\/\/www.immobilienbusiness.ch\/regionen\/2021-09-22\/arbon-historisches-museum-zieht-ins-saurer-werkzwei\/#primaryimage"},"thumbnailUrl":"https:\/\/www.immobilienbusiness.ch\/wp-content\/uploads\/2019\/06\/Coverbild-neu-Schweizer-Immobilienbrief-282.jpg","datePublished":"2021-09-22T06:21:13+00:00","description":"Le site de Saurer WerkZwei deviendra le si\u00e8ge du mus\u00e9e d'histoire. Le canton de Thurgovie acquiert \u00e0 cet effet un bien immobilier aupr\u00e8s de HRS.","breadcrumb":{"@id":"https:\/\/www.immobilienbusiness.ch\/regionen\/2021-09-22\/arbon-historisches-museum-zieht-ins-saurer-werkzwei\/#breadcrumb"},"inLanguage":"fr-FR","potentialAction":[{"@type":"ReadAction","target":["https:\/\/www.immobilienbusiness.ch\/regionen\/2021-09-22\/arbon-historisches-museum-zieht-ins-saurer-werkzwei\/"]}]},{"@type":"ImageObject","inLanguage":"fr-FR","@id":"https:\/\/www.immobilienbusiness.ch\/regionen\/2021-09-22\/arbon-historisches-museum-zieht-ins-saurer-werkzwei\/#primaryimage","url":"https:\/\/www.immobilienbusiness.ch\/wp-content\/uploads\/2019\/06\/Coverbild-neu-Schweizer-Immobilienbrief-282.jpg","contentUrl":"https:\/\/www.immobilienbusiness.ch\/wp-content\/uploads\/2019\/06\/Coverbild-neu-Schweizer-Immobilienbrief-282.jpg","width":648,"height":432,"caption":"In Bern beginnt die n\u00e4chste Phase f\u00fcr ein geplantes Wohngebiet (Bild: Minervastock\/Depositphotos)"},{"@type":"BreadcrumbList","@id":"https:\/\/www.immobilienbusiness.ch\/regionen\/2021-09-22\/arbon-historisches-museum-zieht-ins-saurer-werkzwei\/#breadcrumb","itemListElement":[{"@type":"ListItem","position":1,"name":"Home","item":"https:\/\/www.immobilienbusiness.ch\/"},{"@type":"ListItem","position":2,"name":"Arbon: Historisches Museum zieht ins Saurer WerkZwei"}]},{"@type":"WebSite","@id":"https:\/\/www.immobilienbusiness.ch\/#website","url":"https:\/\/www.immobilienbusiness.ch\/","name":"IMMOBILIER Business","description":"Magazine \u00e9conomique suisse ind\u00e9pendant ax\u00e9 sur l'immobilier, l'architecture et la construction ainsi que sur les investissements et le financement.","publisher":{"@id":"https:\/\/www.immobilienbusiness.ch\/#organization"},"potentialAction":[{"@type":"SearchAction","target":{"@type":"EntryPoint","urlTemplate":"https:\/\/www.immobilienbusiness.ch\/?s={search_term_string}"},"query-input":{"@type":"PropertyValueSpecification","valueRequired":true,"valueName":"search_term_string"}}],"inLanguage":"fr-FR"},{"@type":"Organization","@id":"https:\/\/www.immobilienbusiness.ch\/#organization","name":"IMMOBILIER Business","url":"https:\/\/www.immobilienbusiness.ch\/","logo":{"@type":"ImageObject","inLanguage":"fr-FR","@id":"https:\/\/www.immobilienbusiness.ch\/#\/schema\/logo\/image\/","url":"https:\/\/www.immobilienbusiness.ch\/wp-content\/uploads\/2021\/07\/logo_ib.png","contentUrl":"https:\/\/www.immobilienbusiness.ch\/wp-content\/uploads\/2021\/07\/logo_ib.png","width":800,"height":181,"caption":"IMMOBILIEN Business"},"image":{"@id":"https:\/\/www.immobilienbusiness.ch\/#\/schema\/logo\/image\/"},"sameAs":["https:\/\/www.facebook.com\/immobilienbusiness\/"]},{"@type":"Person","@id":"https:\/\/www.immobilienbusiness.ch\/#\/schema\/person\/3fc036297b10b9f42d6db5ee932af8c8","name":"anja.hall","image":{"@type":"ImageObject","inLanguage":"fr-FR","@id":"https:\/\/secure.gravatar.com\/avatar\/066b5a0d447013502c71a5782f4f3469f03cfe595cc2329fb94652fe47511bfb?s=96&d=mm&r=g","url":"https:\/\/secure.gravatar.com\/avatar\/066b5a0d447013502c71a5782f4f3469f03cfe595cc2329fb94652fe47511bfb?s=96&d=mm&r=g","contentUrl":"https:\/\/secure.gravatar.com\/avatar\/066b5a0d447013502c71a5782f4f3469f03cfe595cc2329fb94652fe47511bfb?s=96&d=mm&r=g","caption":"anja.hall"},"url":"https:\/\/www.immobilienbusiness.ch\/fr\/author\/anja-hall\/"}]}},"_links":{"self":[{"href":"https:\/\/www.immobilienbusiness.ch\/fr\/wp-json\/wp\/v2\/posts\/38338","targetHints":{"allow":["GET"]}}],"collection":[{"href":"https:\/\/www.immobilienbusiness.ch\/fr\/wp-json\/wp\/v2\/posts"}],"about":[{"href":"https:\/\/www.immobilienbusiness.ch\/fr\/wp-json\/wp\/v2\/types\/post"}],"author":[{"embeddable":true,"href":"https:\/\/www.immobilienbusiness.ch\/fr\/wp-json\/wp\/v2\/users\/3"}],"replies":[{"embeddable":true,"href":"https:\/\/www.immobilienbusiness.ch\/fr\/wp-json\/wp\/v2\/comments?post=38338"}],"version-history":[{"count":1,"href":"https:\/\/www.immobilienbusiness.ch\/fr\/wp-json\/wp\/v2\/posts\/38338\/revisions"}],"predecessor-version":[{"id":38339,"href":"https:\/\/www.immobilienbusiness.ch\/fr\/wp-json\/wp\/v2\/posts\/38338\/revisions\/38339"}],"wp:featuredmedia":[{"embeddable":true,"href":"https:\/\/www.immobilienbusiness.ch\/fr\/wp-json\/wp\/v2\/media\/17423"}],"wp:attachment":[{"href":"https:\/\/www.immobilienbusiness.ch\/fr\/wp-json\/wp\/v2\/media?parent=38338"}],"wp:term":[{"taxonomy":"category","embeddable":true,"href":"https:\/\/www.immobilienbusiness.ch\/fr\/wp-json\/wp\/v2\/categories?post=38338"},{"taxonomy":"post_tag","embeddable":true,"href":"https:\/\/www.immobilienbusiness.ch\/fr\/wp-json\/wp\/v2\/tags?post=38338"}],"curies":[{"name":"wp","href":"https:\/\/api.w.org\/{rel}","templated":true}]}}