{"id":38263,"date":"2021-09-13T08:32:53","date_gmt":"2021-09-13T06:32:53","guid":{"rendered":"https:\/\/www.immobilienbusiness.ch\/?p=38263"},"modified":"2021-09-13T08:31:38","modified_gmt":"2021-09-13T06:31:38","slug":"thun-baustart-auf-dem-comadur-areal-rueckt-naeher","status":"publish","type":"post","link":"https:\/\/www.immobilienbusiness.ch\/fr\/regionen\/2021-09-13\/thun-baustart-auf-dem-comadur-areal-rueckt-naeher\/","title":{"rendered":"Thoune : le d\u00e9but des travaux sur le site de Comadur se rapproche"},"content":{"rendered":"<figure id=\"attachment_38267\" aria-describedby=\"caption-attachment-38267\" style=\"width: 2391px\" class=\"wp-caption alignnone\"><img loading=\"lazy\" decoding=\"async\" class=\"wp-image-38267 size-full\" src=\"https:\/\/www.immobilienbusiness.ch\/wp-content\/uploads\/2021\/09\/Visualisierung_Capybara_-_Quartierstrasse.jpg\" alt=\"\" width=\"2391\" height=\"1594\" srcset=\"https:\/\/www.immobilienbusiness.ch\/wp-content\/uploads\/2021\/09\/Visualisierung_Capybara_-_Quartierstrasse.jpg 2391w, https:\/\/www.immobilienbusiness.ch\/wp-content\/uploads\/2021\/09\/Visualisierung_Capybara_-_Quartierstrasse-300x200.jpg 300w, https:\/\/www.immobilienbusiness.ch\/wp-content\/uploads\/2021\/09\/Visualisierung_Capybara_-_Quartierstrasse-1024x683.jpg 1024w, https:\/\/www.immobilienbusiness.ch\/wp-content\/uploads\/2021\/09\/Visualisierung_Capybara_-_Quartierstrasse-768x512.jpg 768w, https:\/\/www.immobilienbusiness.ch\/wp-content\/uploads\/2021\/09\/Visualisierung_Capybara_-_Quartierstrasse-1536x1024.jpg 1536w, https:\/\/www.immobilienbusiness.ch\/wp-content\/uploads\/2021\/09\/Visualisierung_Capybara_-_Quartierstrasse-2048x1365.jpg 2048w, https:\/\/www.immobilienbusiness.ch\/wp-content\/uploads\/2021\/09\/Visualisierung_Capybara_-_Quartierstrasse-16x12.jpg 16w, https:\/\/www.immobilienbusiness.ch\/wp-content\/uploads\/2021\/09\/Visualisierung_Capybara_-_Quartierstrasse-263x175.jpg 263w, https:\/\/www.immobilienbusiness.ch\/wp-content\/uploads\/2021\/09\/Visualisierung_Capybara_-_Quartierstrasse-525x350.jpg 525w, https:\/\/www.immobilienbusiness.ch\/wp-content\/uploads\/2021\/09\/Visualisierung_Capybara_-_Quartierstrasse-1200x800.jpg 1200w, https:\/\/www.immobilienbusiness.ch\/wp-content\/uploads\/2021\/09\/Visualisierung_Capybara_-_Quartierstrasse-920x613.jpg 920w, https:\/\/www.immobilienbusiness.ch\/wp-content\/uploads\/2021\/09\/Visualisierung_Capybara_-_Quartierstrasse-1400x933.jpg 1400w\" sizes=\"auto, (max-width: 2391px) 100vw, 2391px\" \/><figcaption id=\"caption-attachment-38267\" class=\"wp-caption-text\">Visualisation du projet Capybara (Source : Ville de Thoune)<\/figcaption><\/figure>\n<p>La caisse de pension de la F\u00e9d\u00e9ration suisse des avocats (PKSAV) veut construire un nouveau lotissement sur le site de l'ancien fournisseur de montres Comadur \u00e0 la Bernstrasse 11 \u00e0 Thoune. Le projet Capybara, r\u00e9alis\u00e9 par Schwabe Suter Architekten et Studio Vulkan Landschaftsarchitektur, pr\u00e9voit une mixit\u00e9 d'usage dans trois nouveaux b\u00e2timents et dans l'ancien b\u00e2timent de l'usine horlog\u00e8re, comprenant 60 petits appartements et appartements familiaux et des espaces de service \u00e0 vocation publique au rez-de-chauss\u00e9e.<\/p>\n<p>Apr\u00e8s la publication du plan, le conseil municipal de Thoune se prononcera sur la modification du plan de zonage le 23 septembre. L'une des quatre oppositions est encore en suspens ; le canton se prononcera \u00e0 ce sujet dans le cadre de la proc\u00e9dure d'approbation. La planification devrait devenir juridiquement contraignante au premier trimestre 2022, suivie de la proc\u00e9dure de permis de construire. En 2022\/23, la r\u00e9alisation de la superstructure doit commencer. <em>(ah)<\/em><\/p>","protected":false},"excerpt":{"rendered":"<p>La caisse de pension PKSAV pr\u00e9voit un d\u00e9veloppement r\u00e9sidentiel et commercial sur le site de Comadur \u00e0 Thoune (BE). Le conseil municipal se prononcera bient\u00f4t sur le changement de zonage n\u00e9cessaire. <\/p>","protected":false},"author":3,"featured_media":38267,"comment_status":"closed","ping_status":"closed","sticky":false,"template":"","format":"standard","meta":{"_acf_changed":false,"_yoast_wpseo_focuskw":"Comadur","_yoast_wpseo_title":"","_yoast_wpseo_metadesc":"Die Pensionskasse PKSAV plant auf dem Comadur-Areal in Thun (BE) eine Wohn- und Gesch\u00e4fts\u00fcberbauung.","_yoast_wpseo_linkdex":44,"pgc_sgb_lightbox_settings":"","footnotes":""},"categories":[985],"tags":[1600,1781,1863],"class_list":["post-38263","post","type-post","status-publish","format-standard","has-post-thumbnail","hentry","category-regionen","tag-projekt-in-planung","tag-thun","tag-wohnimmobilien"],"acf":[],"yoast_head":"<!-- This site is optimized with the Yoast SEO plugin v27.4 - https:\/\/yoast.com\/product\/yoast-seo-wordpress\/ -->\n<title>Thun: Baustart auf dem Comadur-Areal r\u00fcckt n\u00e4her - IMMOBILIEN Business<\/title>\n<meta name=\"description\" content=\"Die Pensionskasse PKSAV plant auf dem Comadur-Areal in Thun (BE) eine Wohn- und Gesch\u00e4fts\u00fcberbauung.\" \/>\n<meta name=\"robots\" content=\"index, follow, max-snippet:-1, max-image-preview:large, max-video-preview:-1\" \/>\n<link rel=\"canonical\" href=\"https:\/\/www.immobilienbusiness.ch\/fr\/regionen\/2021-09-13\/thun-baustart-auf-dem-comadur-areal-rueckt-naeher\/\" \/>\n<meta property=\"og:locale\" content=\"fr_FR\" \/>\n<meta property=\"og:type\" content=\"article\" \/>\n<meta property=\"og:title\" content=\"Thun: Baustart auf dem Comadur-Areal r\u00fcckt n\u00e4her - IMMOBILIEN Business\" \/>\n<meta property=\"og:description\" content=\"Die Pensionskasse PKSAV plant auf dem Comadur-Areal in Thun (BE) eine Wohn- und Gesch\u00e4fts\u00fcberbauung.\" \/>\n<meta property=\"og:url\" content=\"https:\/\/www.immobilienbusiness.ch\/fr\/regionen\/2021-09-13\/thun-baustart-auf-dem-comadur-areal-rueckt-naeher\/\" \/>\n<meta property=\"og:site_name\" content=\"IMMOBILIEN Business\" \/>\n<meta property=\"article:publisher\" content=\"https:\/\/www.facebook.com\/immobilienbusiness\/\" \/>\n<meta property=\"article:published_time\" content=\"2021-09-13T06:32:53+00:00\" \/>\n<meta property=\"og:image\" content=\"https:\/\/www.immobilienbusiness.ch\/wp-content\/uploads\/2021\/09\/Visualisierung_Capybara_-_Quartierstrasse.jpg\" \/>\n\t<meta property=\"og:image:width\" content=\"2391\" \/>\n\t<meta property=\"og:image:height\" content=\"1594\" \/>\n\t<meta property=\"og:image:type\" content=\"image\/jpeg\" \/>\n<meta name=\"author\" content=\"anja.hall\" \/>\n<meta name=\"twitter:card\" content=\"summary_large_image\" \/>\n<meta name=\"twitter:image\" content=\"https:\/\/www.immobilienbusiness.ch\/wp-content\/uploads\/2021\/09\/Visualisierung_Capybara_-_Quartierstrasse.jpg\" \/>\n<script type=\"application\/ld+json\" class=\"yoast-schema-graph\">{\"@context\":\"https:\\\/\\\/schema.org\",\"@graph\":[{\"@type\":\"Article\",\"@id\":\"https:\\\/\\\/www.immobilienbusiness.ch\\\/en\\\/regionen\\\/2021-09-13\\\/thun-baustart-auf-dem-comadur-areal-rueckt-naeher\\\/#article\",\"isPartOf\":{\"@id\":\"https:\\\/\\\/www.immobilienbusiness.ch\\\/en\\\/regionen\\\/2021-09-13\\\/thun-baustart-auf-dem-comadur-areal-rueckt-naeher\\\/\"},\"author\":{\"name\":\"anja.hall\",\"@id\":\"https:\\\/\\\/www.immobilienbusiness.ch\\\/#\\\/schema\\\/person\\\/3fc036297b10b9f42d6db5ee932af8c8\"},\"headline\":\"Thun: Baustart auf dem Comadur-Areal r\u00fcckt n\u00e4her\",\"datePublished\":\"2021-09-13T06:32:53+00:00\",\"mainEntityOfPage\":{\"@id\":\"https:\\\/\\\/www.immobilienbusiness.ch\\\/en\\\/regionen\\\/2021-09-13\\\/thun-baustart-auf-dem-comadur-areal-rueckt-naeher\\\/\"},\"wordCount\":141,\"publisher\":{\"@id\":\"https:\\\/\\\/www.immobilienbusiness.ch\\\/#organization\"},\"image\":{\"@id\":\"https:\\\/\\\/www.immobilienbusiness.ch\\\/en\\\/regionen\\\/2021-09-13\\\/thun-baustart-auf-dem-comadur-areal-rueckt-naeher\\\/#primaryimage\"},\"thumbnailUrl\":\"https:\\\/\\\/www.immobilienbusiness.ch\\\/wp-content\\\/uploads\\\/2021\\\/09\\\/Visualisierung_Capybara_-_Quartierstrasse.jpg\",\"keywords\":[\"Projekt in Planung\",\"Thun\",\"Wohnimmobilien\"],\"articleSection\":[\"REGIONEN\"],\"inLanguage\":\"fr-FR\"},{\"@type\":\"WebPage\",\"@id\":\"https:\\\/\\\/www.immobilienbusiness.ch\\\/en\\\/regionen\\\/2021-09-13\\\/thun-baustart-auf-dem-comadur-areal-rueckt-naeher\\\/\",\"url\":\"https:\\\/\\\/www.immobilienbusiness.ch\\\/en\\\/regionen\\\/2021-09-13\\\/thun-baustart-auf-dem-comadur-areal-rueckt-naeher\\\/\",\"name\":\"Thun: Baustart auf dem Comadur-Areal r\u00fcckt n\u00e4her - IMMOBILIEN Business\",\"isPartOf\":{\"@id\":\"https:\\\/\\\/www.immobilienbusiness.ch\\\/#website\"},\"primaryImageOfPage\":{\"@id\":\"https:\\\/\\\/www.immobilienbusiness.ch\\\/en\\\/regionen\\\/2021-09-13\\\/thun-baustart-auf-dem-comadur-areal-rueckt-naeher\\\/#primaryimage\"},\"image\":{\"@id\":\"https:\\\/\\\/www.immobilienbusiness.ch\\\/en\\\/regionen\\\/2021-09-13\\\/thun-baustart-auf-dem-comadur-areal-rueckt-naeher\\\/#primaryimage\"},\"thumbnailUrl\":\"https:\\\/\\\/www.immobilienbusiness.ch\\\/wp-content\\\/uploads\\\/2021\\\/09\\\/Visualisierung_Capybara_-_Quartierstrasse.jpg\",\"datePublished\":\"2021-09-13T06:32:53+00:00\",\"description\":\"Die Pensionskasse PKSAV plant auf dem Comadur-Areal in Thun (BE) eine Wohn- und Gesch\u00e4fts\u00fcberbauung.\",\"breadcrumb\":{\"@id\":\"https:\\\/\\\/www.immobilienbusiness.ch\\\/en\\\/regionen\\\/2021-09-13\\\/thun-baustart-auf-dem-comadur-areal-rueckt-naeher\\\/#breadcrumb\"},\"inLanguage\":\"fr-FR\",\"potentialAction\":[{\"@type\":\"ReadAction\",\"target\":[\"https:\\\/\\\/www.immobilienbusiness.ch\\\/en\\\/regionen\\\/2021-09-13\\\/thun-baustart-auf-dem-comadur-areal-rueckt-naeher\\\/\"]}]},{\"@type\":\"ImageObject\",\"inLanguage\":\"fr-FR\",\"@id\":\"https:\\\/\\\/www.immobilienbusiness.ch\\\/en\\\/regionen\\\/2021-09-13\\\/thun-baustart-auf-dem-comadur-areal-rueckt-naeher\\\/#primaryimage\",\"url\":\"https:\\\/\\\/www.immobilienbusiness.ch\\\/wp-content\\\/uploads\\\/2021\\\/09\\\/Visualisierung_Capybara_-_Quartierstrasse.jpg\",\"contentUrl\":\"https:\\\/\\\/www.immobilienbusiness.ch\\\/wp-content\\\/uploads\\\/2021\\\/09\\\/Visualisierung_Capybara_-_Quartierstrasse.jpg\",\"width\":2391,\"height\":1594,\"caption\":\"Visualisierung der \u00dcberbauung Capybara (Quelle: Stadt Thun)\"},{\"@type\":\"BreadcrumbList\",\"@id\":\"https:\\\/\\\/www.immobilienbusiness.ch\\\/en\\\/regionen\\\/2021-09-13\\\/thun-baustart-auf-dem-comadur-areal-rueckt-naeher\\\/#breadcrumb\",\"itemListElement\":[{\"@type\":\"ListItem\",\"position\":1,\"name\":\"Home\",\"item\":\"https:\\\/\\\/www.immobilienbusiness.ch\\\/\"},{\"@type\":\"ListItem\",\"position\":2,\"name\":\"Thun: Baustart auf dem Comadur-Areal r\u00fcckt n\u00e4her\"}]},{\"@type\":\"WebSite\",\"@id\":\"https:\\\/\\\/www.immobilienbusiness.ch\\\/#website\",\"url\":\"https:\\\/\\\/www.immobilienbusiness.ch\\\/\",\"name\":\"IMMOBILIEN Business\",\"description\":\"Unabh\u00e4ngiges Schweizer Wirtschaftsmagazin mit Fokus auf Immobilien, Architektur- und Bau sowie Investment- und Finanzierung.\",\"publisher\":{\"@id\":\"https:\\\/\\\/www.immobilienbusiness.ch\\\/#organization\"},\"potentialAction\":[{\"@type\":\"SearchAction\",\"target\":{\"@type\":\"EntryPoint\",\"urlTemplate\":\"https:\\\/\\\/www.immobilienbusiness.ch\\\/?s={search_term_string}\"},\"query-input\":{\"@type\":\"PropertyValueSpecification\",\"valueRequired\":true,\"valueName\":\"search_term_string\"}}],\"inLanguage\":\"fr-FR\"},{\"@type\":\"Organization\",\"@id\":\"https:\\\/\\\/www.immobilienbusiness.ch\\\/#organization\",\"name\":\"IMMOBILIEN Business\",\"url\":\"https:\\\/\\\/www.immobilienbusiness.ch\\\/\",\"logo\":{\"@type\":\"ImageObject\",\"inLanguage\":\"fr-FR\",\"@id\":\"https:\\\/\\\/www.immobilienbusiness.ch\\\/#\\\/schema\\\/logo\\\/image\\\/\",\"url\":\"https:\\\/\\\/www.immobilienbusiness.ch\\\/wp-content\\\/uploads\\\/2021\\\/07\\\/logo_ib.png\",\"contentUrl\":\"https:\\\/\\\/www.immobilienbusiness.ch\\\/wp-content\\\/uploads\\\/2021\\\/07\\\/logo_ib.png\",\"width\":800,\"height\":181,\"caption\":\"IMMOBILIEN Business\"},\"image\":{\"@id\":\"https:\\\/\\\/www.immobilienbusiness.ch\\\/#\\\/schema\\\/logo\\\/image\\\/\"},\"sameAs\":[\"https:\\\/\\\/www.facebook.com\\\/immobilienbusiness\\\/\"]},{\"@type\":\"Person\",\"@id\":\"https:\\\/\\\/www.immobilienbusiness.ch\\\/#\\\/schema\\\/person\\\/3fc036297b10b9f42d6db5ee932af8c8\",\"name\":\"anja.hall\",\"image\":{\"@type\":\"ImageObject\",\"inLanguage\":\"fr-FR\",\"@id\":\"https:\\\/\\\/secure.gravatar.com\\\/avatar\\\/066b5a0d447013502c71a5782f4f3469f03cfe595cc2329fb94652fe47511bfb?s=96&d=mm&r=g\",\"url\":\"https:\\\/\\\/secure.gravatar.com\\\/avatar\\\/066b5a0d447013502c71a5782f4f3469f03cfe595cc2329fb94652fe47511bfb?s=96&d=mm&r=g\",\"contentUrl\":\"https:\\\/\\\/secure.gravatar.com\\\/avatar\\\/066b5a0d447013502c71a5782f4f3469f03cfe595cc2329fb94652fe47511bfb?s=96&d=mm&r=g\",\"caption\":\"anja.hall\"},\"url\":\"https:\\\/\\\/www.immobilienbusiness.ch\\\/fr\\\/author\\\/anja-hall\\\/\"}]}<\/script>\n<!-- \/ Yoast SEO plugin. -->","yoast_head_json":{"title":"Thoune : le d\u00e9but des travaux sur le site de Comadur se rapproche - IMMOBILIER Business","description":"Die Pensionskasse PKSAV plant auf dem Comadur-Areal in Thun (BE) eine Wohn- und Gesch\u00e4fts\u00fcberbauung.","robots":{"index":"index","follow":"follow","max-snippet":"max-snippet:-1","max-image-preview":"max-image-preview:large","max-video-preview":"max-video-preview:-1"},"canonical":"https:\/\/www.immobilienbusiness.ch\/fr\/regionen\/2021-09-13\/thun-baustart-auf-dem-comadur-areal-rueckt-naeher\/","og_locale":"fr_FR","og_type":"article","og_title":"Thun: Baustart auf dem Comadur-Areal r\u00fcckt n\u00e4her - IMMOBILIEN Business","og_description":"Die Pensionskasse PKSAV plant auf dem Comadur-Areal in Thun (BE) eine Wohn- und Gesch\u00e4fts\u00fcberbauung.","og_url":"https:\/\/www.immobilienbusiness.ch\/fr\/regionen\/2021-09-13\/thun-baustart-auf-dem-comadur-areal-rueckt-naeher\/","og_site_name":"IMMOBILIEN Business","article_publisher":"https:\/\/www.facebook.com\/immobilienbusiness\/","article_published_time":"2021-09-13T06:32:53+00:00","og_image":[{"width":2391,"height":1594,"url":"https:\/\/www.immobilienbusiness.ch\/wp-content\/uploads\/2021\/09\/Visualisierung_Capybara_-_Quartierstrasse.jpg","type":"image\/jpeg"}],"author":"anja.hall","twitter_card":"summary_large_image","twitter_image":"https:\/\/www.immobilienbusiness.ch\/wp-content\/uploads\/2021\/09\/Visualisierung_Capybara_-_Quartierstrasse.jpg","schema":{"@context":"https:\/\/schema.org","@graph":[{"@type":"Article","@id":"https:\/\/www.immobilienbusiness.ch\/en\/regionen\/2021-09-13\/thun-baustart-auf-dem-comadur-areal-rueckt-naeher\/#article","isPartOf":{"@id":"https:\/\/www.immobilienbusiness.ch\/en\/regionen\/2021-09-13\/thun-baustart-auf-dem-comadur-areal-rueckt-naeher\/"},"author":{"name":"anja.hall","@id":"https:\/\/www.immobilienbusiness.ch\/#\/schema\/person\/3fc036297b10b9f42d6db5ee932af8c8"},"headline":"Thun: Baustart auf dem Comadur-Areal r\u00fcckt n\u00e4her","datePublished":"2021-09-13T06:32:53+00:00","mainEntityOfPage":{"@id":"https:\/\/www.immobilienbusiness.ch\/en\/regionen\/2021-09-13\/thun-baustart-auf-dem-comadur-areal-rueckt-naeher\/"},"wordCount":141,"publisher":{"@id":"https:\/\/www.immobilienbusiness.ch\/#organization"},"image":{"@id":"https:\/\/www.immobilienbusiness.ch\/en\/regionen\/2021-09-13\/thun-baustart-auf-dem-comadur-areal-rueckt-naeher\/#primaryimage"},"thumbnailUrl":"https:\/\/www.immobilienbusiness.ch\/wp-content\/uploads\/2021\/09\/Visualisierung_Capybara_-_Quartierstrasse.jpg","keywords":["Projekt in Planung","Thun","Wohnimmobilien"],"articleSection":["REGIONEN"],"inLanguage":"fr-FR"},{"@type":"WebPage","@id":"https:\/\/www.immobilienbusiness.ch\/en\/regionen\/2021-09-13\/thun-baustart-auf-dem-comadur-areal-rueckt-naeher\/","url":"https:\/\/www.immobilienbusiness.ch\/en\/regionen\/2021-09-13\/thun-baustart-auf-dem-comadur-areal-rueckt-naeher\/","name":"Thoune : le d\u00e9but des travaux sur le site de Comadur se rapproche - IMMOBILIER Business","isPartOf":{"@id":"https:\/\/www.immobilienbusiness.ch\/#website"},"primaryImageOfPage":{"@id":"https:\/\/www.immobilienbusiness.ch\/en\/regionen\/2021-09-13\/thun-baustart-auf-dem-comadur-areal-rueckt-naeher\/#primaryimage"},"image":{"@id":"https:\/\/www.immobilienbusiness.ch\/en\/regionen\/2021-09-13\/thun-baustart-auf-dem-comadur-areal-rueckt-naeher\/#primaryimage"},"thumbnailUrl":"https:\/\/www.immobilienbusiness.ch\/wp-content\/uploads\/2021\/09\/Visualisierung_Capybara_-_Quartierstrasse.jpg","datePublished":"2021-09-13T06:32:53+00:00","description":"Die Pensionskasse PKSAV plant auf dem Comadur-Areal in Thun (BE) eine Wohn- und Gesch\u00e4fts\u00fcberbauung.","breadcrumb":{"@id":"https:\/\/www.immobilienbusiness.ch\/en\/regionen\/2021-09-13\/thun-baustart-auf-dem-comadur-areal-rueckt-naeher\/#breadcrumb"},"inLanguage":"fr-FR","potentialAction":[{"@type":"ReadAction","target":["https:\/\/www.immobilienbusiness.ch\/en\/regionen\/2021-09-13\/thun-baustart-auf-dem-comadur-areal-rueckt-naeher\/"]}]},{"@type":"ImageObject","inLanguage":"fr-FR","@id":"https:\/\/www.immobilienbusiness.ch\/en\/regionen\/2021-09-13\/thun-baustart-auf-dem-comadur-areal-rueckt-naeher\/#primaryimage","url":"https:\/\/www.immobilienbusiness.ch\/wp-content\/uploads\/2021\/09\/Visualisierung_Capybara_-_Quartierstrasse.jpg","contentUrl":"https:\/\/www.immobilienbusiness.ch\/wp-content\/uploads\/2021\/09\/Visualisierung_Capybara_-_Quartierstrasse.jpg","width":2391,"height":1594,"caption":"Visualisierung der \u00dcberbauung Capybara (Quelle: Stadt Thun)"},{"@type":"BreadcrumbList","@id":"https:\/\/www.immobilienbusiness.ch\/en\/regionen\/2021-09-13\/thun-baustart-auf-dem-comadur-areal-rueckt-naeher\/#breadcrumb","itemListElement":[{"@type":"ListItem","position":1,"name":"Home","item":"https:\/\/www.immobilienbusiness.ch\/"},{"@type":"ListItem","position":2,"name":"Thun: Baustart auf dem Comadur-Areal r\u00fcckt n\u00e4her"}]},{"@type":"WebSite","@id":"https:\/\/www.immobilienbusiness.ch\/#website","url":"https:\/\/www.immobilienbusiness.ch\/","name":"IMMOBILIER Business","description":"Magazine \u00e9conomique suisse ind\u00e9pendant ax\u00e9 sur l'immobilier, l'architecture et la construction ainsi que sur les investissements et le financement.","publisher":{"@id":"https:\/\/www.immobilienbusiness.ch\/#organization"},"potentialAction":[{"@type":"SearchAction","target":{"@type":"EntryPoint","urlTemplate":"https:\/\/www.immobilienbusiness.ch\/?s={search_term_string}"},"query-input":{"@type":"PropertyValueSpecification","valueRequired":true,"valueName":"search_term_string"}}],"inLanguage":"fr-FR"},{"@type":"Organization","@id":"https:\/\/www.immobilienbusiness.ch\/#organization","name":"IMMOBILIER Business","url":"https:\/\/www.immobilienbusiness.ch\/","logo":{"@type":"ImageObject","inLanguage":"fr-FR","@id":"https:\/\/www.immobilienbusiness.ch\/#\/schema\/logo\/image\/","url":"https:\/\/www.immobilienbusiness.ch\/wp-content\/uploads\/2021\/07\/logo_ib.png","contentUrl":"https:\/\/www.immobilienbusiness.ch\/wp-content\/uploads\/2021\/07\/logo_ib.png","width":800,"height":181,"caption":"IMMOBILIEN Business"},"image":{"@id":"https:\/\/www.immobilienbusiness.ch\/#\/schema\/logo\/image\/"},"sameAs":["https:\/\/www.facebook.com\/immobilienbusiness\/"]},{"@type":"Person","@id":"https:\/\/www.immobilienbusiness.ch\/#\/schema\/person\/3fc036297b10b9f42d6db5ee932af8c8","name":"anja.hall","image":{"@type":"ImageObject","inLanguage":"fr-FR","@id":"https:\/\/secure.gravatar.com\/avatar\/066b5a0d447013502c71a5782f4f3469f03cfe595cc2329fb94652fe47511bfb?s=96&d=mm&r=g","url":"https:\/\/secure.gravatar.com\/avatar\/066b5a0d447013502c71a5782f4f3469f03cfe595cc2329fb94652fe47511bfb?s=96&d=mm&r=g","contentUrl":"https:\/\/secure.gravatar.com\/avatar\/066b5a0d447013502c71a5782f4f3469f03cfe595cc2329fb94652fe47511bfb?s=96&d=mm&r=g","caption":"anja.hall"},"url":"https:\/\/www.immobilienbusiness.ch\/fr\/author\/anja-hall\/"}]}},"_links":{"self":[{"href":"https:\/\/www.immobilienbusiness.ch\/fr\/wp-json\/wp\/v2\/posts\/38263","targetHints":{"allow":["GET"]}}],"collection":[{"href":"https:\/\/www.immobilienbusiness.ch\/fr\/wp-json\/wp\/v2\/posts"}],"about":[{"href":"https:\/\/www.immobilienbusiness.ch\/fr\/wp-json\/wp\/v2\/types\/post"}],"author":[{"embeddable":true,"href":"https:\/\/www.immobilienbusiness.ch\/fr\/wp-json\/wp\/v2\/users\/3"}],"replies":[{"embeddable":true,"href":"https:\/\/www.immobilienbusiness.ch\/fr\/wp-json\/wp\/v2\/comments?post=38263"}],"version-history":[{"count":3,"href":"https:\/\/www.immobilienbusiness.ch\/fr\/wp-json\/wp\/v2\/posts\/38263\/revisions"}],"predecessor-version":[{"id":38268,"href":"https:\/\/www.immobilienbusiness.ch\/fr\/wp-json\/wp\/v2\/posts\/38263\/revisions\/38268"}],"wp:featuredmedia":[{"embeddable":true,"href":"https:\/\/www.immobilienbusiness.ch\/fr\/wp-json\/wp\/v2\/media\/38267"}],"wp:attachment":[{"href":"https:\/\/www.immobilienbusiness.ch\/fr\/wp-json\/wp\/v2\/media?parent=38263"}],"wp:term":[{"taxonomy":"category","embeddable":true,"href":"https:\/\/www.immobilienbusiness.ch\/fr\/wp-json\/wp\/v2\/categories?post=38263"},{"taxonomy":"post_tag","embeddable":true,"href":"https:\/\/www.immobilienbusiness.ch\/fr\/wp-json\/wp\/v2\/tags?post=38263"}],"curies":[{"name":"wp","href":"https:\/\/api.w.org\/{rel}","templated":true}]}}