{"id":3814,"date":"2016-09-05T08:34:11","date_gmt":"2016-09-05T06:34:11","guid":{"rendered":"http:\/\/dev.immobilienbusiness.ch\/?p=3814"},"modified":"2016-09-05T08:34:11","modified_gmt":"2016-09-05T06:34:11","slug":"basel-sbb-saniert-westfluegel-am-bahnhof-sbb","status":"publish","type":"post","link":"https:\/\/www.immobilienbusiness.ch\/fr\/retail\/2016-09-05\/basel-sbb-saniert-westfluegel-am-bahnhof-sbb\/","title":{"rendered":"B\u00e2le : les CFF r\u00e9novent l'aile ouest de la gare CFF"},"content":{"rendered":"<figure id=\"attachment_3815\" aria-describedby=\"caption-attachment-3815\" style=\"width: 680px\" class=\"wp-caption alignnone\"><img loading=\"lazy\" decoding=\"async\" class=\"size-medium wp-image-3815\" src=\"https:\/\/immobilienbusiness.ch\/wp-content\/uploads\/2016\/12\/Basel-SBB-saniert-Westfl\u00fcgel-am-Bahnhof-SBB-immobilien-business.jpg\" alt=\"SBB saniert den Westfl\u00fcgel des Bahnhof SBB in Basel (Foto: Michielverbeek - Eigenes Werk, CC BY-SA 3.0, Wikimedia Commons)\" width=\"680\" height=\"510\" \/><figcaption id=\"caption-attachment-3815\" class=\"wp-caption-text\">Les CFF r\u00e9novent l'aile ouest de la gare CFF de B\u00e2le (Photo : Michielverbeek - Propre travail, CC BY-SA 3.0, Wikimedia Commons)<\/figcaption><\/figure>\n<p>Selon les plans des CFF, les travaux principaux devraient commencer en novembre 2017 et durer probablement jusqu'\u00e0 fin 2020. L'aile ouest, enti\u00e8rement r\u00e9nov\u00e9e et assainie, devrait alors rouvrir ses portes en 2021.<\/p>\n<p>Les magasins qui se trouvent actuellement dans l'aile ouest seront provisoirement install\u00e9s, entre autres, dans le hall principal et dans l'aile est pendant les travaux.<\/p>\n<p>La gare de B\u00e2le CFF est consid\u00e9r\u00e9e comme la plus grande gare frontali\u00e8re d'Europe. En 2014, 113 000 personnes sont mont\u00e9es et descendues en moyenne chaque jour ouvrable. (ah)<\/p>","protected":false},"excerpt":{"rendered":"<p>Les CFF ont d\u00e9pos\u00e9 la demande de permis de construire pour la r\u00e9novation de l'aile ouest de la gare de B\u00e2le CFF. Il est notamment pr\u00e9vu de cr\u00e9er de nouvelles surfaces commerciales et des offres de restauration. Selon les m\u00e9dias locaux, 70 millions de CHF seront investis.<\/p>","protected":false},"author":1,"featured_media":3815,"comment_status":"open","ping_status":"open","sticky":false,"template":"","format":"standard","meta":{"_acf_changed":false,"_yoast_wpseo_focuskw":"Westfl\u00fcgel","_yoast_wpseo_title":"","_yoast_wpseo_metadesc":"Die SBB hat das Baugesuch f\u00fcr die Westfl\u00fcgel-Sanierung (Bahnhof Basel) eingereicht. Geplant sind unter anderem neue Gesch\u00e4ftsfl\u00e4chen und Gastronomieangebote","_yoast_wpseo_linkdex":60,"pgc_sgb_lightbox_settings":"","footnotes":""},"categories":[987],"tags":[1069,1643],"class_list":["post-3814","post","type-post","status-publish","format-standard","has-post-thumbnail","hentry","category-retail","tag-basel","tag-retail"],"acf":[],"yoast_head":"<!-- This site is optimized with the Yoast SEO plugin v27.5 - https:\/\/yoast.com\/product\/yoast-seo-wordpress\/ -->\n<title>Basel: SBB saniert Westfl\u00fcgel am Bahnhof SBB - IMMOBILIEN Business<\/title>\n<meta name=\"description\" content=\"Die SBB hat das Baugesuch f\u00fcr die Westfl\u00fcgel-Sanierung (Bahnhof Basel) eingereicht. Geplant sind unter anderem neue Gesch\u00e4ftsfl\u00e4chen und Gastronomieangebote\" \/>\n<meta name=\"robots\" content=\"index, follow, max-snippet:-1, max-image-preview:large, max-video-preview:-1\" \/>\n<link rel=\"canonical\" href=\"https:\/\/www.immobilienbusiness.ch\/fr\/retail\/2016-09-05\/basel-sbb-saniert-westfluegel-am-bahnhof-sbb\/\" \/>\n<meta property=\"og:locale\" content=\"fr_FR\" \/>\n<meta property=\"og:type\" content=\"article\" \/>\n<meta property=\"og:title\" content=\"Basel: SBB saniert Westfl\u00fcgel am Bahnhof SBB\" \/>\n<meta property=\"og:description\" content=\"Die SBB hat das Baugesuch f\u00fcr die Sanierung des Westfl\u00fcgels des Bahnhofs Basel SBB eingereicht. Geplant sind unter anderem neue Gesch\u00e4ftsfl\u00e4chen und Gastronomieangebote. Lokalen Medienberichten zufolge werden 70 Millionen CHF investiert.\" \/>\n<meta property=\"og:url\" content=\"https:\/\/www.immobilienbusiness.ch\/fr\/retail\/2016-09-05\/basel-sbb-saniert-westfluegel-am-bahnhof-sbb\/\" \/>\n<meta property=\"og:site_name\" content=\"IMMOBILIEN Business\" \/>\n<meta property=\"article:publisher\" content=\"https:\/\/www.facebook.com\/immobilienbusiness\/\" \/>\n<meta property=\"article:published_time\" content=\"2016-09-05T06:34:11+00:00\" \/>\n<meta name=\"author\" content=\"Redaktion\" \/>\n<meta name=\"twitter:card\" content=\"summary_large_image\" \/>\n<meta name=\"twitter:image\" content=\"https:\/\/www.immobilienbusiness.ch\/wp-content\/uploads\/2016\/12\/Basel-SBB-saniert-Westfluegel-am-Bahnhof-SBB-immobilien-business.jpg\" \/>\n<script type=\"application\/ld+json\" class=\"yoast-schema-graph\">{\"@context\":\"https:\\\/\\\/schema.org\",\"@graph\":[{\"@type\":\"Article\",\"@id\":\"https:\\\/\\\/www.immobilienbusiness.ch\\\/retail\\\/2016-09-05\\\/basel-sbb-saniert-westfluegel-am-bahnhof-sbb\\\/#article\",\"isPartOf\":{\"@id\":\"https:\\\/\\\/www.immobilienbusiness.ch\\\/retail\\\/2016-09-05\\\/basel-sbb-saniert-westfluegel-am-bahnhof-sbb\\\/\"},\"author\":{\"name\":\"Redaktion\",\"@id\":\"https:\\\/\\\/www.immobilienbusiness.ch\\\/#\\\/schema\\\/person\\\/aa2bace6c5c5aad60102004a50c4eb1c\"},\"headline\":\"Basel: SBB saniert Westfl\u00fcgel am Bahnhof SBB\",\"datePublished\":\"2016-09-05T06:34:11+00:00\",\"mainEntityOfPage\":{\"@id\":\"https:\\\/\\\/www.immobilienbusiness.ch\\\/retail\\\/2016-09-05\\\/basel-sbb-saniert-westfluegel-am-bahnhof-sbb\\\/\"},\"wordCount\":114,\"commentCount\":0,\"publisher\":{\"@id\":\"https:\\\/\\\/www.immobilienbusiness.ch\\\/#organization\"},\"image\":{\"@id\":\"https:\\\/\\\/www.immobilienbusiness.ch\\\/retail\\\/2016-09-05\\\/basel-sbb-saniert-westfluegel-am-bahnhof-sbb\\\/#primaryimage\"},\"thumbnailUrl\":\"https:\\\/\\\/www.immobilienbusiness.ch\\\/wp-content\\\/uploads\\\/2016\\\/12\\\/Basel-SBB-saniert-Westfluegel-am-Bahnhof-SBB-immobilien-business.jpg\",\"keywords\":[\"Basel\",\"Retail\"],\"articleSection\":[\"RETAIL\"],\"inLanguage\":\"fr-FR\"},{\"@type\":\"WebPage\",\"@id\":\"https:\\\/\\\/www.immobilienbusiness.ch\\\/retail\\\/2016-09-05\\\/basel-sbb-saniert-westfluegel-am-bahnhof-sbb\\\/\",\"url\":\"https:\\\/\\\/www.immobilienbusiness.ch\\\/retail\\\/2016-09-05\\\/basel-sbb-saniert-westfluegel-am-bahnhof-sbb\\\/\",\"name\":\"Basel: SBB saniert Westfl\u00fcgel am Bahnhof SBB - IMMOBILIEN Business\",\"isPartOf\":{\"@id\":\"https:\\\/\\\/www.immobilienbusiness.ch\\\/#website\"},\"primaryImageOfPage\":{\"@id\":\"https:\\\/\\\/www.immobilienbusiness.ch\\\/retail\\\/2016-09-05\\\/basel-sbb-saniert-westfluegel-am-bahnhof-sbb\\\/#primaryimage\"},\"image\":{\"@id\":\"https:\\\/\\\/www.immobilienbusiness.ch\\\/retail\\\/2016-09-05\\\/basel-sbb-saniert-westfluegel-am-bahnhof-sbb\\\/#primaryimage\"},\"thumbnailUrl\":\"https:\\\/\\\/www.immobilienbusiness.ch\\\/wp-content\\\/uploads\\\/2016\\\/12\\\/Basel-SBB-saniert-Westfluegel-am-Bahnhof-SBB-immobilien-business.jpg\",\"datePublished\":\"2016-09-05T06:34:11+00:00\",\"description\":\"Die SBB hat das Baugesuch f\u00fcr die Westfl\u00fcgel-Sanierung (Bahnhof Basel) eingereicht. Geplant sind unter anderem neue Gesch\u00e4ftsfl\u00e4chen und Gastronomieangebote\",\"breadcrumb\":{\"@id\":\"https:\\\/\\\/www.immobilienbusiness.ch\\\/retail\\\/2016-09-05\\\/basel-sbb-saniert-westfluegel-am-bahnhof-sbb\\\/#breadcrumb\"},\"inLanguage\":\"fr-FR\",\"potentialAction\":[{\"@type\":\"ReadAction\",\"target\":[\"https:\\\/\\\/www.immobilienbusiness.ch\\\/retail\\\/2016-09-05\\\/basel-sbb-saniert-westfluegel-am-bahnhof-sbb\\\/\"]}]},{\"@type\":\"ImageObject\",\"inLanguage\":\"fr-FR\",\"@id\":\"https:\\\/\\\/www.immobilienbusiness.ch\\\/retail\\\/2016-09-05\\\/basel-sbb-saniert-westfluegel-am-bahnhof-sbb\\\/#primaryimage\",\"url\":\"https:\\\/\\\/www.immobilienbusiness.ch\\\/wp-content\\\/uploads\\\/2016\\\/12\\\/Basel-SBB-saniert-Westfluegel-am-Bahnhof-SBB-immobilien-business.jpg\",\"contentUrl\":\"https:\\\/\\\/www.immobilienbusiness.ch\\\/wp-content\\\/uploads\\\/2016\\\/12\\\/Basel-SBB-saniert-Westfluegel-am-Bahnhof-SBB-immobilien-business.jpg\",\"width\":2560,\"height\":1920,\"caption\":\"SBB saniert den Westfl\u00fcgel des Bahnhof SBB in Basel (Foto: Michielverbeek - Eigenes Werk, CC BY-SA 3.0, Wikimedia Commons)\"},{\"@type\":\"BreadcrumbList\",\"@id\":\"https:\\\/\\\/www.immobilienbusiness.ch\\\/retail\\\/2016-09-05\\\/basel-sbb-saniert-westfluegel-am-bahnhof-sbb\\\/#breadcrumb\",\"itemListElement\":[{\"@type\":\"ListItem\",\"position\":1,\"name\":\"Home\",\"item\":\"https:\\\/\\\/www.immobilienbusiness.ch\\\/\"},{\"@type\":\"ListItem\",\"position\":2,\"name\":\"Basel: SBB saniert Westfl\u00fcgel am Bahnhof SBB\"}]},{\"@type\":\"WebSite\",\"@id\":\"https:\\\/\\\/www.immobilienbusiness.ch\\\/#website\",\"url\":\"https:\\\/\\\/www.immobilienbusiness.ch\\\/\",\"name\":\"IMMOBILIEN Business\",\"description\":\"Unabh\u00e4ngiges Schweizer Wirtschaftsmagazin mit Fokus auf Immobilien, Architektur- und Bau sowie Investment- und Finanzierung.\",\"publisher\":{\"@id\":\"https:\\\/\\\/www.immobilienbusiness.ch\\\/#organization\"},\"potentialAction\":[{\"@type\":\"SearchAction\",\"target\":{\"@type\":\"EntryPoint\",\"urlTemplate\":\"https:\\\/\\\/www.immobilienbusiness.ch\\\/?s={search_term_string}\"},\"query-input\":{\"@type\":\"PropertyValueSpecification\",\"valueRequired\":true,\"valueName\":\"search_term_string\"}}],\"inLanguage\":\"fr-FR\"},{\"@type\":\"Organization\",\"@id\":\"https:\\\/\\\/www.immobilienbusiness.ch\\\/#organization\",\"name\":\"IMMOBILIEN Business\",\"url\":\"https:\\\/\\\/www.immobilienbusiness.ch\\\/\",\"logo\":{\"@type\":\"ImageObject\",\"inLanguage\":\"fr-FR\",\"@id\":\"https:\\\/\\\/www.immobilienbusiness.ch\\\/#\\\/schema\\\/logo\\\/image\\\/\",\"url\":\"https:\\\/\\\/www.immobilienbusiness.ch\\\/wp-content\\\/uploads\\\/2021\\\/07\\\/logo_ib.png\",\"contentUrl\":\"https:\\\/\\\/www.immobilienbusiness.ch\\\/wp-content\\\/uploads\\\/2021\\\/07\\\/logo_ib.png\",\"width\":800,\"height\":181,\"caption\":\"IMMOBILIEN Business\"},\"image\":{\"@id\":\"https:\\\/\\\/www.immobilienbusiness.ch\\\/#\\\/schema\\\/logo\\\/image\\\/\"},\"sameAs\":[\"https:\\\/\\\/www.facebook.com\\\/immobilienbusiness\\\/\"]},{\"@type\":\"Person\",\"@id\":\"https:\\\/\\\/www.immobilienbusiness.ch\\\/#\\\/schema\\\/person\\\/aa2bace6c5c5aad60102004a50c4eb1c\",\"name\":\"Redaktion\",\"image\":{\"@type\":\"ImageObject\",\"inLanguage\":\"fr-FR\",\"@id\":\"https:\\\/\\\/secure.gravatar.com\\\/avatar\\\/ae2f4d718e6c49043e314ce431e7e645d646302a24a5ef5a8bc8e3f5a032e319?s=96&d=mm&r=g\",\"url\":\"https:\\\/\\\/secure.gravatar.com\\\/avatar\\\/ae2f4d718e6c49043e314ce431e7e645d646302a24a5ef5a8bc8e3f5a032e319?s=96&d=mm&r=g\",\"contentUrl\":\"https:\\\/\\\/secure.gravatar.com\\\/avatar\\\/ae2f4d718e6c49043e314ce431e7e645d646302a24a5ef5a8bc8e3f5a032e319?s=96&d=mm&r=g\",\"caption\":\"Redaktion\"},\"sameAs\":[\"http:\\\/\\\/develop.organisator.galledia.ch\"],\"url\":\"https:\\\/\\\/www.immobilienbusiness.ch\\\/fr\\\/author\\\/admin\\\/\"}]}<\/script>\n<!-- \/ Yoast SEO plugin. -->","yoast_head_json":{"title":"B\u00e2le : les CFF r\u00e9novent l'aile ouest de la gare CFF - IMMOBILIER Business","description":"Les CFF ont d\u00e9pos\u00e9 la demande de permis de construire pour la r\u00e9novation de l'aile ouest (gare de B\u00e2le). Il est notamment pr\u00e9vu de cr\u00e9er de nouvelles surfaces commerciales et des offres de restauration.","robots":{"index":"index","follow":"follow","max-snippet":"max-snippet:-1","max-image-preview":"max-image-preview:large","max-video-preview":"max-video-preview:-1"},"canonical":"https:\/\/www.immobilienbusiness.ch\/fr\/retail\/2016-09-05\/basel-sbb-saniert-westfluegel-am-bahnhof-sbb\/","og_locale":"fr_FR","og_type":"article","og_title":"Basel: SBB saniert Westfl\u00fcgel am Bahnhof SBB","og_description":"Die SBB hat das Baugesuch f\u00fcr die Sanierung des Westfl\u00fcgels des Bahnhofs Basel SBB eingereicht. Geplant sind unter anderem neue Gesch\u00e4ftsfl\u00e4chen und Gastronomieangebote. Lokalen Medienberichten zufolge werden 70 Millionen CHF investiert.","og_url":"https:\/\/www.immobilienbusiness.ch\/fr\/retail\/2016-09-05\/basel-sbb-saniert-westfluegel-am-bahnhof-sbb\/","og_site_name":"IMMOBILIEN Business","article_publisher":"https:\/\/www.facebook.com\/immobilienbusiness\/","article_published_time":"2016-09-05T06:34:11+00:00","author":"Redaktion","twitter_card":"summary_large_image","twitter_image":"https:\/\/www.immobilienbusiness.ch\/wp-content\/uploads\/2016\/12\/Basel-SBB-saniert-Westfluegel-am-Bahnhof-SBB-immobilien-business.jpg","schema":{"@context":"https:\/\/schema.org","@graph":[{"@type":"Article","@id":"https:\/\/www.immobilienbusiness.ch\/retail\/2016-09-05\/basel-sbb-saniert-westfluegel-am-bahnhof-sbb\/#article","isPartOf":{"@id":"https:\/\/www.immobilienbusiness.ch\/retail\/2016-09-05\/basel-sbb-saniert-westfluegel-am-bahnhof-sbb\/"},"author":{"name":"Redaktion","@id":"https:\/\/www.immobilienbusiness.ch\/#\/schema\/person\/aa2bace6c5c5aad60102004a50c4eb1c"},"headline":"Basel: SBB saniert Westfl\u00fcgel am Bahnhof SBB","datePublished":"2016-09-05T06:34:11+00:00","mainEntityOfPage":{"@id":"https:\/\/www.immobilienbusiness.ch\/retail\/2016-09-05\/basel-sbb-saniert-westfluegel-am-bahnhof-sbb\/"},"wordCount":114,"commentCount":0,"publisher":{"@id":"https:\/\/www.immobilienbusiness.ch\/#organization"},"image":{"@id":"https:\/\/www.immobilienbusiness.ch\/retail\/2016-09-05\/basel-sbb-saniert-westfluegel-am-bahnhof-sbb\/#primaryimage"},"thumbnailUrl":"https:\/\/www.immobilienbusiness.ch\/wp-content\/uploads\/2016\/12\/Basel-SBB-saniert-Westfluegel-am-Bahnhof-SBB-immobilien-business.jpg","keywords":["Basel","Retail"],"articleSection":["RETAIL"],"inLanguage":"fr-FR"},{"@type":"WebPage","@id":"https:\/\/www.immobilienbusiness.ch\/retail\/2016-09-05\/basel-sbb-saniert-westfluegel-am-bahnhof-sbb\/","url":"https:\/\/www.immobilienbusiness.ch\/retail\/2016-09-05\/basel-sbb-saniert-westfluegel-am-bahnhof-sbb\/","name":"B\u00e2le : les CFF r\u00e9novent l'aile ouest de la gare CFF - IMMOBILIER Business","isPartOf":{"@id":"https:\/\/www.immobilienbusiness.ch\/#website"},"primaryImageOfPage":{"@id":"https:\/\/www.immobilienbusiness.ch\/retail\/2016-09-05\/basel-sbb-saniert-westfluegel-am-bahnhof-sbb\/#primaryimage"},"image":{"@id":"https:\/\/www.immobilienbusiness.ch\/retail\/2016-09-05\/basel-sbb-saniert-westfluegel-am-bahnhof-sbb\/#primaryimage"},"thumbnailUrl":"https:\/\/www.immobilienbusiness.ch\/wp-content\/uploads\/2016\/12\/Basel-SBB-saniert-Westfluegel-am-Bahnhof-SBB-immobilien-business.jpg","datePublished":"2016-09-05T06:34:11+00:00","description":"Les CFF ont d\u00e9pos\u00e9 la demande de permis de construire pour la r\u00e9novation de l'aile ouest (gare de B\u00e2le). Il est notamment pr\u00e9vu de cr\u00e9er de nouvelles surfaces commerciales et des offres de restauration.","breadcrumb":{"@id":"https:\/\/www.immobilienbusiness.ch\/retail\/2016-09-05\/basel-sbb-saniert-westfluegel-am-bahnhof-sbb\/#breadcrumb"},"inLanguage":"fr-FR","potentialAction":[{"@type":"ReadAction","target":["https:\/\/www.immobilienbusiness.ch\/retail\/2016-09-05\/basel-sbb-saniert-westfluegel-am-bahnhof-sbb\/"]}]},{"@type":"ImageObject","inLanguage":"fr-FR","@id":"https:\/\/www.immobilienbusiness.ch\/retail\/2016-09-05\/basel-sbb-saniert-westfluegel-am-bahnhof-sbb\/#primaryimage","url":"https:\/\/www.immobilienbusiness.ch\/wp-content\/uploads\/2016\/12\/Basel-SBB-saniert-Westfluegel-am-Bahnhof-SBB-immobilien-business.jpg","contentUrl":"https:\/\/www.immobilienbusiness.ch\/wp-content\/uploads\/2016\/12\/Basel-SBB-saniert-Westfluegel-am-Bahnhof-SBB-immobilien-business.jpg","width":2560,"height":1920,"caption":"SBB saniert den Westfl\u00fcgel des Bahnhof SBB in Basel (Foto: Michielverbeek - Eigenes Werk, CC BY-SA 3.0, Wikimedia Commons)"},{"@type":"BreadcrumbList","@id":"https:\/\/www.immobilienbusiness.ch\/retail\/2016-09-05\/basel-sbb-saniert-westfluegel-am-bahnhof-sbb\/#breadcrumb","itemListElement":[{"@type":"ListItem","position":1,"name":"Home","item":"https:\/\/www.immobilienbusiness.ch\/"},{"@type":"ListItem","position":2,"name":"Basel: SBB saniert Westfl\u00fcgel am Bahnhof SBB"}]},{"@type":"WebSite","@id":"https:\/\/www.immobilienbusiness.ch\/#website","url":"https:\/\/www.immobilienbusiness.ch\/","name":"IMMOBILIER Business","description":"Magazine \u00e9conomique suisse ind\u00e9pendant ax\u00e9 sur l'immobilier, l'architecture et la construction ainsi que sur les investissements et le financement.","publisher":{"@id":"https:\/\/www.immobilienbusiness.ch\/#organization"},"potentialAction":[{"@type":"SearchAction","target":{"@type":"EntryPoint","urlTemplate":"https:\/\/www.immobilienbusiness.ch\/?s={search_term_string}"},"query-input":{"@type":"PropertyValueSpecification","valueRequired":true,"valueName":"search_term_string"}}],"inLanguage":"fr-FR"},{"@type":"Organization","@id":"https:\/\/www.immobilienbusiness.ch\/#organization","name":"IMMOBILIER Business","url":"https:\/\/www.immobilienbusiness.ch\/","logo":{"@type":"ImageObject","inLanguage":"fr-FR","@id":"https:\/\/www.immobilienbusiness.ch\/#\/schema\/logo\/image\/","url":"https:\/\/www.immobilienbusiness.ch\/wp-content\/uploads\/2021\/07\/logo_ib.png","contentUrl":"https:\/\/www.immobilienbusiness.ch\/wp-content\/uploads\/2021\/07\/logo_ib.png","width":800,"height":181,"caption":"IMMOBILIEN Business"},"image":{"@id":"https:\/\/www.immobilienbusiness.ch\/#\/schema\/logo\/image\/"},"sameAs":["https:\/\/www.facebook.com\/immobilienbusiness\/"]},{"@type":"Person","@id":"https:\/\/www.immobilienbusiness.ch\/#\/schema\/person\/aa2bace6c5c5aad60102004a50c4eb1c","name":"Editorial","image":{"@type":"ImageObject","inLanguage":"fr-FR","@id":"https:\/\/secure.gravatar.com\/avatar\/ae2f4d718e6c49043e314ce431e7e645d646302a24a5ef5a8bc8e3f5a032e319?s=96&d=mm&r=g","url":"https:\/\/secure.gravatar.com\/avatar\/ae2f4d718e6c49043e314ce431e7e645d646302a24a5ef5a8bc8e3f5a032e319?s=96&d=mm&r=g","contentUrl":"https:\/\/secure.gravatar.com\/avatar\/ae2f4d718e6c49043e314ce431e7e645d646302a24a5ef5a8bc8e3f5a032e319?s=96&d=mm&r=g","caption":"Redaktion"},"sameAs":["http:\/\/develop.organisator.galledia.ch"],"url":"https:\/\/www.immobilienbusiness.ch\/fr\/author\/admin\/"}]}},"_links":{"self":[{"href":"https:\/\/www.immobilienbusiness.ch\/fr\/wp-json\/wp\/v2\/posts\/3814","targetHints":{"allow":["GET"]}}],"collection":[{"href":"https:\/\/www.immobilienbusiness.ch\/fr\/wp-json\/wp\/v2\/posts"}],"about":[{"href":"https:\/\/www.immobilienbusiness.ch\/fr\/wp-json\/wp\/v2\/types\/post"}],"author":[{"embeddable":true,"href":"https:\/\/www.immobilienbusiness.ch\/fr\/wp-json\/wp\/v2\/users\/1"}],"replies":[{"embeddable":true,"href":"https:\/\/www.immobilienbusiness.ch\/fr\/wp-json\/wp\/v2\/comments?post=3814"}],"version-history":[{"count":0,"href":"https:\/\/www.immobilienbusiness.ch\/fr\/wp-json\/wp\/v2\/posts\/3814\/revisions"}],"wp:featuredmedia":[{"embeddable":true,"href":"https:\/\/www.immobilienbusiness.ch\/fr\/wp-json\/wp\/v2\/media\/3815"}],"wp:attachment":[{"href":"https:\/\/www.immobilienbusiness.ch\/fr\/wp-json\/wp\/v2\/media?parent=3814"}],"wp:term":[{"taxonomy":"category","embeddable":true,"href":"https:\/\/www.immobilienbusiness.ch\/fr\/wp-json\/wp\/v2\/categories?post=3814"},{"taxonomy":"post_tag","embeddable":true,"href":"https:\/\/www.immobilienbusiness.ch\/fr\/wp-json\/wp\/v2\/tags?post=3814"}],"curies":[{"name":"wp","href":"https:\/\/api.w.org\/{rel}","templated":true}]}}