{"id":3810,"date":"2016-09-05T08:20:50","date_gmt":"2016-09-05T06:20:50","guid":{"rendered":"http:\/\/dev.immobilienbusiness.ch\/?p=3810"},"modified":"2016-09-05T08:20:50","modified_gmt":"2016-09-05T06:20:50","slug":"kanton-nimmt-plaene-fuer-zentrumsueberbauung-in-sarnen-wieder-auf","status":"publish","type":"post","link":"https:\/\/www.immobilienbusiness.ch\/fr\/buero\/2016-09-05\/kanton-nimmt-plaene-fuer-zentrumsueberbauung-in-sarnen-wieder-auf\/","title":{"rendered":"Le canton reprend les plans pour la construction d'un centre \u00e0 Sarnen"},"content":{"rendered":"<figure id=\"attachment_3811\" aria-describedby=\"caption-attachment-3811\" style=\"width: 680px\" class=\"wp-caption alignnone\"><img loading=\"lazy\" decoding=\"async\" class=\"size-medium wp-image-3811\" src=\"https:\/\/immobilienbusiness.ch\/wp-content\/uploads\/2016\/12\/Kanton-nimmt-Pl\u00e4ne-f\u00fcr-Zentrums\u00fcberbauung-in-Sarnen-wieder-auf-immobilien-business.jpg\" alt=\"In Sarnen soll eine Zentrums\u00fcberbauung entstehen (Foto: Roland Zumb\u00fchl, Picswiss, CC BY-SA 3.0, Wikimedia Commons)\" width=\"680\" height=\"453\" \/><figcaption id=\"caption-attachment-3811\" class=\"wp-caption-text\">Un ensemble immobilier central doit \u00eatre construit \u00e0 Sarnen (Photo : Roland Zumb\u00fchl, Picswiss, CC BY-SA 3.0, Wikimedia Commons)<\/figcaption><\/figure>\n<p>Le terrain qui doit \u00eatre construit se situe au centre, entre l'h\u00f4tel de ville, l'h\u00f4tel Metzgeren, la Br\u00fcnigstrasse, la Rathausgasse ainsi que la Sarneraaa, et a une superficie d'environ 3 300 m\u00b2. Les r\u00e9sultats d'une planification test pr\u00e9voient la construction de plusieurs petits b\u00e2timents plut\u00f4t qu'un seul b\u00e2timent de grande surface, communique la chancellerie d'Etat d'Obwald. Les places de parking doivent \u00eatre plac\u00e9es dans un garage souterrain accessible depuis la Br\u00fcnigstrasse. La priorit\u00e9 est donn\u00e9e \u00e0 l'habitat, aux bureaux et \u00e0 l'artisanat ainsi qu'\u00e0 une \u00e9ventuelle petite utilisation publique.<\/p>\n<p>Un concours de projets avec pr\u00e9s\u00e9lection sera lanc\u00e9 \u00e0 la mi-septembre 2016 ; des \u00e9quipes de planificateurs pourront postuler dans le cadre d'une proc\u00e9dure ouverte. Le jury choisi par le Conseil d'Etat s\u00e9lectionnera ensuite huit \u00e0 dix \u00e9quipes pour traiter la t\u00e2che. Le projet gagnant devrait \u00eatre d\u00e9sign\u00e9 d'ici mi-2017, puis une proc\u00e9dure de plan de quartier est pr\u00e9vue. Comme la phase de planification et d'autorisation durera environ quatre \u00e0 cinq ans, on s'attend \u00e0 ce que les travaux commencent au plus t\u00f4t en 2021.<\/p>\n<p>Selon la chancellerie d'\u00c9tat, il n'a pas encore \u00e9t\u00e9 d\u00e9cid\u00e9 si le canton d'Obwald sera lui-m\u00eame le ma\u00eetre d'ouvrage ou s'il confiera le projet \u00e0 un investisseur une fois la planification du quartier termin\u00e9e.<\/p>\n<p>Les projets de construction d'un ensemble urbain convaincant pour cette zone remontent d\u00e9j\u00e0 \u00e0 2004, lorsqu'une premi\u00e8re \u00e9tude a \u00e9t\u00e9 r\u00e9alis\u00e9e. Mais apr\u00e8s les inondations catastrophiques d'ao\u00fbt 2005, les plans ont \u00e9t\u00e9 suspendus. En 2014, le canton a repris le projet et une planification test et une \u00e9tude de faisabilit\u00e9 ont \u00e9t\u00e9 r\u00e9alis\u00e9es dans le cadre d'un projet de recherche de la Haute \u00e9cole de Lucerne. (ah)<\/p>","protected":false},"excerpt":{"rendered":"<p>Un terrain \u00e0 Sarnen, actuellement utilis\u00e9 principalement comme parking, doit \u00eatre recouvert de logements, de bureaux et de commerces. Le propri\u00e9taire du terrain est le canton d'Obwald, qui organisera prochainement un concours de projets.<\/p>","protected":false},"author":1,"featured_media":3811,"comment_status":"open","ping_status":"open","sticky":false,"template":"","format":"standard","meta":{"_acf_changed":false,"_yoast_wpseo_focuskw":"Zentrums\u00fcberbauung","_yoast_wpseo_title":"","_yoast_wpseo_metadesc":"Zentrums\u00fcberbauung: Ein Grundst\u00fcck in Sarnen, das haupts\u00e4chlich als Parkplatz verwendet wird, soll mit Wohnungen, B\u00fcros und Gesch\u00e4ften \u00fcberbaut werden.","_yoast_wpseo_linkdex":78,"pgc_sgb_lightbox_settings":"","footnotes":""},"categories":[983,986],"tags":[1118,1601,1639,1862,1873],"class_list":["post-3810","post","type-post","status-publish","format-standard","has-post-thumbnail","hentry","category-buero","category-residential","tag-buero","tag-projektentwicklung","tag-residential","tag-wohnen","tag-zentral-schweiz"],"acf":[],"yoast_head":"<!-- This site is optimized with the Yoast SEO plugin v27.4 - https:\/\/yoast.com\/product\/yoast-seo-wordpress\/ -->\n<title>Kanton nimmt Pl\u00e4ne f\u00fcr Zentrums\u00fcberbauung in Sarnen wieder auf - IMMOBILIEN Business<\/title>\n<meta name=\"description\" content=\"Zentrums\u00fcberbauung: Ein Grundst\u00fcck in Sarnen, das haupts\u00e4chlich als Parkplatz verwendet wird, soll mit Wohnungen, B\u00fcros und Gesch\u00e4ften \u00fcberbaut werden.\" \/>\n<meta name=\"robots\" content=\"index, follow, max-snippet:-1, max-image-preview:large, max-video-preview:-1\" \/>\n<link rel=\"canonical\" href=\"https:\/\/www.immobilienbusiness.ch\/fr\/buero\/2016-09-05\/kanton-nimmt-plaene-fuer-zentrumsueberbauung-in-sarnen-wieder-auf\/\" \/>\n<meta property=\"og:locale\" content=\"fr_FR\" \/>\n<meta property=\"og:type\" content=\"article\" \/>\n<meta property=\"og:title\" content=\"Kanton nimmt Pl\u00e4ne f\u00fcr Zentrums\u00fcberbauung in Sarnen wieder auf\" \/>\n<meta property=\"og:description\" content=\"Ein Grundst\u00fcck in Sarnen, das derzeit haupts\u00e4chlich als Parkplatz verwendet wird, soll mit Wohnungen, B\u00fcros und Gesch\u00e4ften \u00fcberbaut werden. Grundeigent\u00fcmer ist der Kanton Obwalden, der in K\u00fcrze einen Projektwettbewerb durchf\u00fchren wird.\" \/>\n<meta property=\"og:url\" content=\"https:\/\/www.immobilienbusiness.ch\/fr\/buero\/2016-09-05\/kanton-nimmt-plaene-fuer-zentrumsueberbauung-in-sarnen-wieder-auf\/\" \/>\n<meta property=\"og:site_name\" content=\"IMMOBILIEN Business\" \/>\n<meta property=\"article:publisher\" content=\"https:\/\/www.facebook.com\/immobilienbusiness\/\" \/>\n<meta property=\"article:published_time\" content=\"2016-09-05T06:20:50+00:00\" \/>\n<meta name=\"author\" content=\"Redaktion\" \/>\n<meta name=\"twitter:card\" content=\"summary_large_image\" \/>\n<meta name=\"twitter:image\" content=\"https:\/\/www.immobilienbusiness.ch\/wp-content\/uploads\/2016\/12\/Kanton-nimmt-Plaene-fuer-Zentrumsueberbauung-in-Sarnen-wieder-auf-immobilien-business.jpg\" \/>\n<script type=\"application\/ld+json\" class=\"yoast-schema-graph\">{\"@context\":\"https:\\\/\\\/schema.org\",\"@graph\":[{\"@type\":\"Article\",\"@id\":\"https:\\\/\\\/www.immobilienbusiness.ch\\\/buero\\\/2016-09-05\\\/kanton-nimmt-plaene-fuer-zentrumsueberbauung-in-sarnen-wieder-auf\\\/#article\",\"isPartOf\":{\"@id\":\"https:\\\/\\\/www.immobilienbusiness.ch\\\/buero\\\/2016-09-05\\\/kanton-nimmt-plaene-fuer-zentrumsueberbauung-in-sarnen-wieder-auf\\\/\"},\"author\":{\"name\":\"Redaktion\",\"@id\":\"https:\\\/\\\/www.immobilienbusiness.ch\\\/#\\\/schema\\\/person\\\/aa2bace6c5c5aad60102004a50c4eb1c\"},\"headline\":\"Kanton nimmt Pl\u00e4ne f\u00fcr Zentrums\u00fcberbauung in Sarnen wieder auf\",\"datePublished\":\"2016-09-05T06:20:50+00:00\",\"mainEntityOfPage\":{\"@id\":\"https:\\\/\\\/www.immobilienbusiness.ch\\\/buero\\\/2016-09-05\\\/kanton-nimmt-plaene-fuer-zentrumsueberbauung-in-sarnen-wieder-auf\\\/\"},\"wordCount\":287,\"commentCount\":0,\"publisher\":{\"@id\":\"https:\\\/\\\/www.immobilienbusiness.ch\\\/#organization\"},\"image\":{\"@id\":\"https:\\\/\\\/www.immobilienbusiness.ch\\\/buero\\\/2016-09-05\\\/kanton-nimmt-plaene-fuer-zentrumsueberbauung-in-sarnen-wieder-auf\\\/#primaryimage\"},\"thumbnailUrl\":\"https:\\\/\\\/www.immobilienbusiness.ch\\\/wp-content\\\/uploads\\\/2016\\\/12\\\/Kanton-nimmt-Plaene-fuer-Zentrumsueberbauung-in-Sarnen-wieder-auf-immobilien-business.jpg\",\"keywords\":[\"B\u00fcro\",\"Projektentwicklung\",\"Residential\",\"Wohnen\",\"Zentral-Schweiz\"],\"articleSection\":[\"B\u00dcRO\",\"RESIDENTIAL\"],\"inLanguage\":\"fr-FR\"},{\"@type\":\"WebPage\",\"@id\":\"https:\\\/\\\/www.immobilienbusiness.ch\\\/buero\\\/2016-09-05\\\/kanton-nimmt-plaene-fuer-zentrumsueberbauung-in-sarnen-wieder-auf\\\/\",\"url\":\"https:\\\/\\\/www.immobilienbusiness.ch\\\/buero\\\/2016-09-05\\\/kanton-nimmt-plaene-fuer-zentrumsueberbauung-in-sarnen-wieder-auf\\\/\",\"name\":\"Kanton nimmt Pl\u00e4ne f\u00fcr Zentrums\u00fcberbauung in Sarnen wieder auf - IMMOBILIEN Business\",\"isPartOf\":{\"@id\":\"https:\\\/\\\/www.immobilienbusiness.ch\\\/#website\"},\"primaryImageOfPage\":{\"@id\":\"https:\\\/\\\/www.immobilienbusiness.ch\\\/buero\\\/2016-09-05\\\/kanton-nimmt-plaene-fuer-zentrumsueberbauung-in-sarnen-wieder-auf\\\/#primaryimage\"},\"image\":{\"@id\":\"https:\\\/\\\/www.immobilienbusiness.ch\\\/buero\\\/2016-09-05\\\/kanton-nimmt-plaene-fuer-zentrumsueberbauung-in-sarnen-wieder-auf\\\/#primaryimage\"},\"thumbnailUrl\":\"https:\\\/\\\/www.immobilienbusiness.ch\\\/wp-content\\\/uploads\\\/2016\\\/12\\\/Kanton-nimmt-Plaene-fuer-Zentrumsueberbauung-in-Sarnen-wieder-auf-immobilien-business.jpg\",\"datePublished\":\"2016-09-05T06:20:50+00:00\",\"description\":\"Zentrums\u00fcberbauung: Ein Grundst\u00fcck in Sarnen, das haupts\u00e4chlich als Parkplatz verwendet wird, soll mit Wohnungen, B\u00fcros und Gesch\u00e4ften \u00fcberbaut werden.\",\"breadcrumb\":{\"@id\":\"https:\\\/\\\/www.immobilienbusiness.ch\\\/buero\\\/2016-09-05\\\/kanton-nimmt-plaene-fuer-zentrumsueberbauung-in-sarnen-wieder-auf\\\/#breadcrumb\"},\"inLanguage\":\"fr-FR\",\"potentialAction\":[{\"@type\":\"ReadAction\",\"target\":[\"https:\\\/\\\/www.immobilienbusiness.ch\\\/buero\\\/2016-09-05\\\/kanton-nimmt-plaene-fuer-zentrumsueberbauung-in-sarnen-wieder-auf\\\/\"]}]},{\"@type\":\"ImageObject\",\"inLanguage\":\"fr-FR\",\"@id\":\"https:\\\/\\\/www.immobilienbusiness.ch\\\/buero\\\/2016-09-05\\\/kanton-nimmt-plaene-fuer-zentrumsueberbauung-in-sarnen-wieder-auf\\\/#primaryimage\",\"url\":\"https:\\\/\\\/www.immobilienbusiness.ch\\\/wp-content\\\/uploads\\\/2016\\\/12\\\/Kanton-nimmt-Plaene-fuer-Zentrumsueberbauung-in-Sarnen-wieder-auf-immobilien-business.jpg\",\"contentUrl\":\"https:\\\/\\\/www.immobilienbusiness.ch\\\/wp-content\\\/uploads\\\/2016\\\/12\\\/Kanton-nimmt-Plaene-fuer-Zentrumsueberbauung-in-Sarnen-wieder-auf-immobilien-business.jpg\",\"width\":800,\"height\":533,\"caption\":\"In Sarnen soll eine Zentrums\u00fcberbauung entstehen (Foto: Roland Zumb\u00fchl, Picswiss, CC BY-SA 3.0, Wikimedia Commons)\"},{\"@type\":\"BreadcrumbList\",\"@id\":\"https:\\\/\\\/www.immobilienbusiness.ch\\\/buero\\\/2016-09-05\\\/kanton-nimmt-plaene-fuer-zentrumsueberbauung-in-sarnen-wieder-auf\\\/#breadcrumb\",\"itemListElement\":[{\"@type\":\"ListItem\",\"position\":1,\"name\":\"Home\",\"item\":\"https:\\\/\\\/www.immobilienbusiness.ch\\\/\"},{\"@type\":\"ListItem\",\"position\":2,\"name\":\"Kanton nimmt Pl\u00e4ne f\u00fcr Zentrums\u00fcberbauung in Sarnen wieder auf\"}]},{\"@type\":\"WebSite\",\"@id\":\"https:\\\/\\\/www.immobilienbusiness.ch\\\/#website\",\"url\":\"https:\\\/\\\/www.immobilienbusiness.ch\\\/\",\"name\":\"IMMOBILIEN Business\",\"description\":\"Unabh\u00e4ngiges Schweizer Wirtschaftsmagazin mit Fokus auf Immobilien, Architektur- und Bau sowie Investment- und Finanzierung.\",\"publisher\":{\"@id\":\"https:\\\/\\\/www.immobilienbusiness.ch\\\/#organization\"},\"potentialAction\":[{\"@type\":\"SearchAction\",\"target\":{\"@type\":\"EntryPoint\",\"urlTemplate\":\"https:\\\/\\\/www.immobilienbusiness.ch\\\/?s={search_term_string}\"},\"query-input\":{\"@type\":\"PropertyValueSpecification\",\"valueRequired\":true,\"valueName\":\"search_term_string\"}}],\"inLanguage\":\"fr-FR\"},{\"@type\":\"Organization\",\"@id\":\"https:\\\/\\\/www.immobilienbusiness.ch\\\/#organization\",\"name\":\"IMMOBILIEN Business\",\"url\":\"https:\\\/\\\/www.immobilienbusiness.ch\\\/\",\"logo\":{\"@type\":\"ImageObject\",\"inLanguage\":\"fr-FR\",\"@id\":\"https:\\\/\\\/www.immobilienbusiness.ch\\\/#\\\/schema\\\/logo\\\/image\\\/\",\"url\":\"https:\\\/\\\/www.immobilienbusiness.ch\\\/wp-content\\\/uploads\\\/2021\\\/07\\\/logo_ib.png\",\"contentUrl\":\"https:\\\/\\\/www.immobilienbusiness.ch\\\/wp-content\\\/uploads\\\/2021\\\/07\\\/logo_ib.png\",\"width\":800,\"height\":181,\"caption\":\"IMMOBILIEN Business\"},\"image\":{\"@id\":\"https:\\\/\\\/www.immobilienbusiness.ch\\\/#\\\/schema\\\/logo\\\/image\\\/\"},\"sameAs\":[\"https:\\\/\\\/www.facebook.com\\\/immobilienbusiness\\\/\"]},{\"@type\":\"Person\",\"@id\":\"https:\\\/\\\/www.immobilienbusiness.ch\\\/#\\\/schema\\\/person\\\/aa2bace6c5c5aad60102004a50c4eb1c\",\"name\":\"Redaktion\",\"image\":{\"@type\":\"ImageObject\",\"inLanguage\":\"fr-FR\",\"@id\":\"https:\\\/\\\/secure.gravatar.com\\\/avatar\\\/ae2f4d718e6c49043e314ce431e7e645d646302a24a5ef5a8bc8e3f5a032e319?s=96&d=mm&r=g\",\"url\":\"https:\\\/\\\/secure.gravatar.com\\\/avatar\\\/ae2f4d718e6c49043e314ce431e7e645d646302a24a5ef5a8bc8e3f5a032e319?s=96&d=mm&r=g\",\"contentUrl\":\"https:\\\/\\\/secure.gravatar.com\\\/avatar\\\/ae2f4d718e6c49043e314ce431e7e645d646302a24a5ef5a8bc8e3f5a032e319?s=96&d=mm&r=g\",\"caption\":\"Redaktion\"},\"sameAs\":[\"http:\\\/\\\/develop.organisator.galledia.ch\"],\"url\":\"https:\\\/\\\/www.immobilienbusiness.ch\\\/fr\\\/author\\\/admin\\\/\"}]}<\/script>\n<!-- \/ Yoast SEO plugin. -->","yoast_head_json":{"title":"Kanton nimmt Pl\u00e4ne f\u00fcr Zentrums\u00fcberbauung in Sarnen wieder auf - IMMOBILIEN Business","description":"Zentrums\u00fcberbauung: Ein Grundst\u00fcck in Sarnen, das haupts\u00e4chlich als Parkplatz verwendet wird, soll mit Wohnungen, B\u00fcros und Gesch\u00e4ften \u00fcberbaut werden.","robots":{"index":"index","follow":"follow","max-snippet":"max-snippet:-1","max-image-preview":"max-image-preview:large","max-video-preview":"max-video-preview:-1"},"canonical":"https:\/\/www.immobilienbusiness.ch\/fr\/buero\/2016-09-05\/kanton-nimmt-plaene-fuer-zentrumsueberbauung-in-sarnen-wieder-auf\/","og_locale":"fr_FR","og_type":"article","og_title":"Kanton nimmt Pl\u00e4ne f\u00fcr Zentrums\u00fcberbauung in Sarnen wieder auf","og_description":"Ein Grundst\u00fcck in Sarnen, das derzeit haupts\u00e4chlich als Parkplatz verwendet wird, soll mit Wohnungen, B\u00fcros und Gesch\u00e4ften \u00fcberbaut werden. Grundeigent\u00fcmer ist der Kanton Obwalden, der in K\u00fcrze einen Projektwettbewerb durchf\u00fchren wird.","og_url":"https:\/\/www.immobilienbusiness.ch\/fr\/buero\/2016-09-05\/kanton-nimmt-plaene-fuer-zentrumsueberbauung-in-sarnen-wieder-auf\/","og_site_name":"IMMOBILIEN Business","article_publisher":"https:\/\/www.facebook.com\/immobilienbusiness\/","article_published_time":"2016-09-05T06:20:50+00:00","author":"Redaktion","twitter_card":"summary_large_image","twitter_image":"https:\/\/www.immobilienbusiness.ch\/wp-content\/uploads\/2016\/12\/Kanton-nimmt-Plaene-fuer-Zentrumsueberbauung-in-Sarnen-wieder-auf-immobilien-business.jpg","schema":{"@context":"https:\/\/schema.org","@graph":[{"@type":"Article","@id":"https:\/\/www.immobilienbusiness.ch\/buero\/2016-09-05\/kanton-nimmt-plaene-fuer-zentrumsueberbauung-in-sarnen-wieder-auf\/#article","isPartOf":{"@id":"https:\/\/www.immobilienbusiness.ch\/buero\/2016-09-05\/kanton-nimmt-plaene-fuer-zentrumsueberbauung-in-sarnen-wieder-auf\/"},"author":{"name":"Redaktion","@id":"https:\/\/www.immobilienbusiness.ch\/#\/schema\/person\/aa2bace6c5c5aad60102004a50c4eb1c"},"headline":"Kanton nimmt Pl\u00e4ne f\u00fcr Zentrums\u00fcberbauung in Sarnen wieder auf","datePublished":"2016-09-05T06:20:50+00:00","mainEntityOfPage":{"@id":"https:\/\/www.immobilienbusiness.ch\/buero\/2016-09-05\/kanton-nimmt-plaene-fuer-zentrumsueberbauung-in-sarnen-wieder-auf\/"},"wordCount":287,"commentCount":0,"publisher":{"@id":"https:\/\/www.immobilienbusiness.ch\/#organization"},"image":{"@id":"https:\/\/www.immobilienbusiness.ch\/buero\/2016-09-05\/kanton-nimmt-plaene-fuer-zentrumsueberbauung-in-sarnen-wieder-auf\/#primaryimage"},"thumbnailUrl":"https:\/\/www.immobilienbusiness.ch\/wp-content\/uploads\/2016\/12\/Kanton-nimmt-Plaene-fuer-Zentrumsueberbauung-in-Sarnen-wieder-auf-immobilien-business.jpg","keywords":["B\u00fcro","Projektentwicklung","Residential","Wohnen","Zentral-Schweiz"],"articleSection":["B\u00dcRO","RESIDENTIAL"],"inLanguage":"fr-FR"},{"@type":"WebPage","@id":"https:\/\/www.immobilienbusiness.ch\/buero\/2016-09-05\/kanton-nimmt-plaene-fuer-zentrumsueberbauung-in-sarnen-wieder-auf\/","url":"https:\/\/www.immobilienbusiness.ch\/buero\/2016-09-05\/kanton-nimmt-plaene-fuer-zentrumsueberbauung-in-sarnen-wieder-auf\/","name":"Kanton nimmt Pl\u00e4ne f\u00fcr Zentrums\u00fcberbauung in Sarnen wieder auf - IMMOBILIEN Business","isPartOf":{"@id":"https:\/\/www.immobilienbusiness.ch\/#website"},"primaryImageOfPage":{"@id":"https:\/\/www.immobilienbusiness.ch\/buero\/2016-09-05\/kanton-nimmt-plaene-fuer-zentrumsueberbauung-in-sarnen-wieder-auf\/#primaryimage"},"image":{"@id":"https:\/\/www.immobilienbusiness.ch\/buero\/2016-09-05\/kanton-nimmt-plaene-fuer-zentrumsueberbauung-in-sarnen-wieder-auf\/#primaryimage"},"thumbnailUrl":"https:\/\/www.immobilienbusiness.ch\/wp-content\/uploads\/2016\/12\/Kanton-nimmt-Plaene-fuer-Zentrumsueberbauung-in-Sarnen-wieder-auf-immobilien-business.jpg","datePublished":"2016-09-05T06:20:50+00:00","description":"Zentrums\u00fcberbauung: Ein Grundst\u00fcck in Sarnen, das haupts\u00e4chlich als Parkplatz verwendet wird, soll mit Wohnungen, B\u00fcros und Gesch\u00e4ften \u00fcberbaut werden.","breadcrumb":{"@id":"https:\/\/www.immobilienbusiness.ch\/buero\/2016-09-05\/kanton-nimmt-plaene-fuer-zentrumsueberbauung-in-sarnen-wieder-auf\/#breadcrumb"},"inLanguage":"fr-FR","potentialAction":[{"@type":"ReadAction","target":["https:\/\/www.immobilienbusiness.ch\/buero\/2016-09-05\/kanton-nimmt-plaene-fuer-zentrumsueberbauung-in-sarnen-wieder-auf\/"]}]},{"@type":"ImageObject","inLanguage":"fr-FR","@id":"https:\/\/www.immobilienbusiness.ch\/buero\/2016-09-05\/kanton-nimmt-plaene-fuer-zentrumsueberbauung-in-sarnen-wieder-auf\/#primaryimage","url":"https:\/\/www.immobilienbusiness.ch\/wp-content\/uploads\/2016\/12\/Kanton-nimmt-Plaene-fuer-Zentrumsueberbauung-in-Sarnen-wieder-auf-immobilien-business.jpg","contentUrl":"https:\/\/www.immobilienbusiness.ch\/wp-content\/uploads\/2016\/12\/Kanton-nimmt-Plaene-fuer-Zentrumsueberbauung-in-Sarnen-wieder-auf-immobilien-business.jpg","width":800,"height":533,"caption":"In Sarnen soll eine Zentrums\u00fcberbauung entstehen (Foto: Roland Zumb\u00fchl, Picswiss, CC BY-SA 3.0, Wikimedia Commons)"},{"@type":"BreadcrumbList","@id":"https:\/\/www.immobilienbusiness.ch\/buero\/2016-09-05\/kanton-nimmt-plaene-fuer-zentrumsueberbauung-in-sarnen-wieder-auf\/#breadcrumb","itemListElement":[{"@type":"ListItem","position":1,"name":"Home","item":"https:\/\/www.immobilienbusiness.ch\/"},{"@type":"ListItem","position":2,"name":"Kanton nimmt Pl\u00e4ne f\u00fcr Zentrums\u00fcberbauung in Sarnen wieder auf"}]},{"@type":"WebSite","@id":"https:\/\/www.immobilienbusiness.ch\/#website","url":"https:\/\/www.immobilienbusiness.ch\/","name":"IMMOBILIER Business","description":"Magazine \u00e9conomique suisse ind\u00e9pendant ax\u00e9 sur l'immobilier, l'architecture et la construction ainsi que sur les investissements et le financement.","publisher":{"@id":"https:\/\/www.immobilienbusiness.ch\/#organization"},"potentialAction":[{"@type":"SearchAction","target":{"@type":"EntryPoint","urlTemplate":"https:\/\/www.immobilienbusiness.ch\/?s={search_term_string}"},"query-input":{"@type":"PropertyValueSpecification","valueRequired":true,"valueName":"search_term_string"}}],"inLanguage":"fr-FR"},{"@type":"Organization","@id":"https:\/\/www.immobilienbusiness.ch\/#organization","name":"IMMOBILIER Business","url":"https:\/\/www.immobilienbusiness.ch\/","logo":{"@type":"ImageObject","inLanguage":"fr-FR","@id":"https:\/\/www.immobilienbusiness.ch\/#\/schema\/logo\/image\/","url":"https:\/\/www.immobilienbusiness.ch\/wp-content\/uploads\/2021\/07\/logo_ib.png","contentUrl":"https:\/\/www.immobilienbusiness.ch\/wp-content\/uploads\/2021\/07\/logo_ib.png","width":800,"height":181,"caption":"IMMOBILIEN Business"},"image":{"@id":"https:\/\/www.immobilienbusiness.ch\/#\/schema\/logo\/image\/"},"sameAs":["https:\/\/www.facebook.com\/immobilienbusiness\/"]},{"@type":"Person","@id":"https:\/\/www.immobilienbusiness.ch\/#\/schema\/person\/aa2bace6c5c5aad60102004a50c4eb1c","name":"Editorial","image":{"@type":"ImageObject","inLanguage":"fr-FR","@id":"https:\/\/secure.gravatar.com\/avatar\/ae2f4d718e6c49043e314ce431e7e645d646302a24a5ef5a8bc8e3f5a032e319?s=96&d=mm&r=g","url":"https:\/\/secure.gravatar.com\/avatar\/ae2f4d718e6c49043e314ce431e7e645d646302a24a5ef5a8bc8e3f5a032e319?s=96&d=mm&r=g","contentUrl":"https:\/\/secure.gravatar.com\/avatar\/ae2f4d718e6c49043e314ce431e7e645d646302a24a5ef5a8bc8e3f5a032e319?s=96&d=mm&r=g","caption":"Redaktion"},"sameAs":["http:\/\/develop.organisator.galledia.ch"],"url":"https:\/\/www.immobilienbusiness.ch\/fr\/author\/admin\/"}]}},"_links":{"self":[{"href":"https:\/\/www.immobilienbusiness.ch\/fr\/wp-json\/wp\/v2\/posts\/3810","targetHints":{"allow":["GET"]}}],"collection":[{"href":"https:\/\/www.immobilienbusiness.ch\/fr\/wp-json\/wp\/v2\/posts"}],"about":[{"href":"https:\/\/www.immobilienbusiness.ch\/fr\/wp-json\/wp\/v2\/types\/post"}],"author":[{"embeddable":true,"href":"https:\/\/www.immobilienbusiness.ch\/fr\/wp-json\/wp\/v2\/users\/1"}],"replies":[{"embeddable":true,"href":"https:\/\/www.immobilienbusiness.ch\/fr\/wp-json\/wp\/v2\/comments?post=3810"}],"version-history":[{"count":0,"href":"https:\/\/www.immobilienbusiness.ch\/fr\/wp-json\/wp\/v2\/posts\/3810\/revisions"}],"wp:featuredmedia":[{"embeddable":true,"href":"https:\/\/www.immobilienbusiness.ch\/fr\/wp-json\/wp\/v2\/media\/3811"}],"wp:attachment":[{"href":"https:\/\/www.immobilienbusiness.ch\/fr\/wp-json\/wp\/v2\/media?parent=3810"}],"wp:term":[{"taxonomy":"category","embeddable":true,"href":"https:\/\/www.immobilienbusiness.ch\/fr\/wp-json\/wp\/v2\/categories?post=3810"},{"taxonomy":"post_tag","embeddable":true,"href":"https:\/\/www.immobilienbusiness.ch\/fr\/wp-json\/wp\/v2\/tags?post=3810"}],"curies":[{"name":"wp","href":"https:\/\/api.w.org\/{rel}","templated":true}]}}