{"id":37987,"date":"2021-08-10T08:37:07","date_gmt":"2021-08-10T06:37:07","guid":{"rendered":"https:\/\/www.immobilienbusiness.ch\/?p=37987"},"modified":"2021-08-10T09:37:21","modified_gmt":"2021-08-10T07:37:21","slug":"belp-steinbach-ueberbauung-wird-niedriger-als-geplant","status":"publish","type":"post","link":"https:\/\/www.immobilienbusiness.ch\/fr\/regionen\/2021-08-10\/belp-steinbach-ueberbauung-wird-niedriger-als-geplant\/","title":{"rendered":"Belp : La superstructure de Steinbach sera plus basse que pr\u00e9vu"},"content":{"rendered":"<div class=\"quickedit-field\" data-quickedit-field-id=\"node\/6153\/field_content\/de\/full\">\n<div>\n<div class=\"paragraph paragraph--type--text paragraph--view-mode--default\" data-quickedit-entity-id=\"paragraph\/6328\" data-quickedit-entity-instance-id=\"0\">\n<div data-quickedit-field-id=\"paragraph\/6328\/field_text\/de\/default\">\n<figure id=\"attachment_13266\" aria-describedby=\"caption-attachment-13266\" style=\"width: 1000px\" class=\"wp-caption alignnone\"><img loading=\"lazy\" decoding=\"async\" class=\"wp-image-13266 size-full\" src=\"https:\/\/www.immobilienbusiness.ch\/wp-content\/uploads\/2018\/07\/Depositphotos_10731714_m-2015.jpg\" alt=\"\" width=\"1000\" height=\"667\" srcset=\"https:\/\/www.immobilienbusiness.ch\/wp-content\/uploads\/2018\/07\/Depositphotos_10731714_m-2015.jpg 1000w, https:\/\/www.immobilienbusiness.ch\/wp-content\/uploads\/2018\/07\/Depositphotos_10731714_m-2015-300x200.jpg 300w, https:\/\/www.immobilienbusiness.ch\/wp-content\/uploads\/2018\/07\/Depositphotos_10731714_m-2015-768x512.jpg 768w, https:\/\/www.immobilienbusiness.ch\/wp-content\/uploads\/2018\/07\/Depositphotos_10731714_m-2015-16x12.jpg 16w, https:\/\/www.immobilienbusiness.ch\/wp-content\/uploads\/2018\/07\/Depositphotos_10731714_m-2015-262x175.jpg 262w, https:\/\/www.immobilienbusiness.ch\/wp-content\/uploads\/2018\/07\/Depositphotos_10731714_m-2015-525x350.jpg 525w, https:\/\/www.immobilienbusiness.ch\/wp-content\/uploads\/2018\/07\/Depositphotos_10731714_m-2015-920x614.jpg 920w\" sizes=\"auto, (max-width: 1000px) 100vw, 1000px\" \/><figcaption id=\"caption-attachment-13266\" class=\"wp-caption-text\">Axa ne peut pas construire aussi haut qu'initialement pr\u00e9vu \u00e0 Belp (Image : pressmaster - depositphotos)<\/figcaption><\/figure>\n<p>Le terrain situ\u00e9 \u00e0 l'angle de la Steinbachstrasse et de la Neumattstrasse, \u00e0 c\u00f4t\u00e9 de la tour d'habitation construite en 1975, est en friche depuis le d\u00e9m\u00e9nagement de la filiale Migros en 2017. Le propri\u00e9taire du terrain, Axa Leben AG, veut y construire un ensemble d'habitations \u00e0 forte densit\u00e9. Le concept d'urbanisation pr\u00e9voit des constructions ponctuelles. En raison de la pr\u00e9sence d'un immeuble voisin et d'une situation tr\u00e8s favorable en termes de circulation, la hauteur a \u00e9t\u00e9 d\u00e9finie \u00e0 7, 5 et 4 \u00e9tages pleins. Ces hauteurs d'\u00e9tage ont toutefois \u00e9t\u00e9 vivement critiqu\u00e9es lors des n\u00e9gociations d'opposition apr\u00e8s la mise \u00e0 l'enqu\u00eate publique, fait savoir la commune de Belp. Le caract\u00e8re des quartiers environnants n'aurait pas \u00e9t\u00e9 suffisamment pris en compte, selon l'un des arguments.<\/p>\n<p>Comme l'annonce le conseil communal, les constructions ponctuelles ne comporteront d\u00e9sormais que 5, 4 et 3 \u00e9tages pleins. La distance minimale \u00e0 la limite du c\u00f4t\u00e9 est est fix\u00e9e \u00e0 6 m\u00e8tres. Les \u00e9lecteurs de la commune se prononceront sur les dispositions relatives \u00e0 la construction de la parcelle de la tour le 26 septembre 2021 dans le cadre de la votation sur le nouveau plan local. <em>(ah)<\/em><\/p>\n<\/div>\n<\/div>\n<\/div>\n<\/div>","protected":false},"excerpt":{"rendered":"<p>La zone de Steinbach \u00e0 Belp (BE) ne sera construite qu'avec des b\u00e2timents de cinq \u00e9tages au maximum. C'est ce qu'a d\u00e9cid\u00e9 le conseil municipal, r\u00e9pondant ainsi aux critiques du projet.<\/p>","protected":false},"author":3,"featured_media":13266,"comment_status":"closed","ping_status":"closed","sticky":false,"template":"","format":"standard","meta":{"_acf_changed":false,"_yoast_wpseo_focuskw":"Belp","_yoast_wpseo_title":"","_yoast_wpseo_metadesc":"Das Areal Steinbach in Belp (BE) soll nur mit maximal f\u00fcnfgeschossigen Geb\u00e4uden bebaut werden.","_yoast_wpseo_linkdex":51,"pgc_sgb_lightbox_settings":"","footnotes":""},"categories":[985],"tags":[1396,1600,1863],"class_list":["post-37987","post","type-post","status-publish","format-standard","has-post-thumbnail","hentry","category-regionen","tag-kanton-bern","tag-projekt-in-planung","tag-wohnimmobilien"],"acf":[],"yoast_head":"<!-- This site is optimized with the Yoast SEO plugin v27.5 - https:\/\/yoast.com\/product\/yoast-seo-wordpress\/ -->\n<title>Belp: Steinbach-\u00dcberbauung wird niedriger als geplant - IMMOBILIEN Business<\/title>\n<meta name=\"description\" content=\"Das Areal Steinbach in Belp (BE) soll nur mit maximal f\u00fcnfgeschossigen Geb\u00e4uden bebaut werden.\" \/>\n<meta name=\"robots\" content=\"index, follow, max-snippet:-1, max-image-preview:large, max-video-preview:-1\" \/>\n<link rel=\"canonical\" href=\"https:\/\/www.immobilienbusiness.ch\/fr\/regionen\/2021-08-10\/belp-steinbach-ueberbauung-wird-niedriger-als-geplant\/\" \/>\n<meta property=\"og:locale\" content=\"fr_FR\" \/>\n<meta property=\"og:type\" content=\"article\" \/>\n<meta property=\"og:title\" content=\"Belp: Steinbach-\u00dcberbauung wird niedriger als geplant - IMMOBILIEN Business\" \/>\n<meta property=\"og:description\" content=\"Das Areal Steinbach in Belp (BE) soll nur mit maximal f\u00fcnfgeschossigen Geb\u00e4uden bebaut werden.\" \/>\n<meta property=\"og:url\" content=\"https:\/\/www.immobilienbusiness.ch\/fr\/regionen\/2021-08-10\/belp-steinbach-ueberbauung-wird-niedriger-als-geplant\/\" \/>\n<meta property=\"og:site_name\" content=\"IMMOBILIEN Business\" \/>\n<meta property=\"article:publisher\" content=\"https:\/\/www.facebook.com\/immobilienbusiness\/\" \/>\n<meta property=\"article:published_time\" content=\"2021-08-10T06:37:07+00:00\" \/>\n<meta property=\"article:modified_time\" content=\"2021-08-10T07:37:21+00:00\" \/>\n<meta property=\"og:image\" content=\"https:\/\/www.immobilienbusiness.ch\/wp-content\/uploads\/2018\/07\/Depositphotos_10731714_m-2015.jpg\" \/>\n\t<meta property=\"og:image:width\" content=\"1000\" \/>\n\t<meta property=\"og:image:height\" content=\"667\" \/>\n\t<meta property=\"og:image:type\" content=\"image\/jpeg\" \/>\n<meta name=\"author\" content=\"anja.hall\" \/>\n<meta name=\"twitter:card\" content=\"summary_large_image\" \/>\n<meta name=\"twitter:image\" content=\"https:\/\/www.immobilienbusiness.ch\/wp-content\/uploads\/2018\/07\/Depositphotos_10731714_m-2015.jpg\" \/>\n<script type=\"application\/ld+json\" class=\"yoast-schema-graph\">{\"@context\":\"https:\\\/\\\/schema.org\",\"@graph\":[{\"@type\":\"Article\",\"@id\":\"https:\\\/\\\/www.immobilienbusiness.ch\\\/de\\\/regionen\\\/2021-08-10\\\/belp-steinbach-ueberbauung-wird-niedriger-als-geplant\\\/#article\",\"isPartOf\":{\"@id\":\"https:\\\/\\\/www.immobilienbusiness.ch\\\/de\\\/regionen\\\/2021-08-10\\\/belp-steinbach-ueberbauung-wird-niedriger-als-geplant\\\/\"},\"author\":{\"name\":\"anja.hall\",\"@id\":\"https:\\\/\\\/www.immobilienbusiness.ch\\\/#\\\/schema\\\/person\\\/3fc036297b10b9f42d6db5ee932af8c8\"},\"headline\":\"Belp: Steinbach-\u00dcberbauung wird niedriger als geplant\",\"datePublished\":\"2021-08-10T06:37:07+00:00\",\"dateModified\":\"2021-08-10T07:37:21+00:00\",\"mainEntityOfPage\":{\"@id\":\"https:\\\/\\\/www.immobilienbusiness.ch\\\/de\\\/regionen\\\/2021-08-10\\\/belp-steinbach-ueberbauung-wird-niedriger-als-geplant\\\/\"},\"wordCount\":167,\"publisher\":{\"@id\":\"https:\\\/\\\/www.immobilienbusiness.ch\\\/#organization\"},\"image\":{\"@id\":\"https:\\\/\\\/www.immobilienbusiness.ch\\\/de\\\/regionen\\\/2021-08-10\\\/belp-steinbach-ueberbauung-wird-niedriger-als-geplant\\\/#primaryimage\"},\"thumbnailUrl\":\"https:\\\/\\\/www.immobilienbusiness.ch\\\/wp-content\\\/uploads\\\/2018\\\/07\\\/Depositphotos_10731714_m-2015.jpg\",\"keywords\":[\"Kanton Bern\",\"Projekt in Planung\",\"Wohnimmobilien\"],\"articleSection\":[\"REGIONEN\"],\"inLanguage\":\"fr-FR\"},{\"@type\":\"WebPage\",\"@id\":\"https:\\\/\\\/www.immobilienbusiness.ch\\\/de\\\/regionen\\\/2021-08-10\\\/belp-steinbach-ueberbauung-wird-niedriger-als-geplant\\\/\",\"url\":\"https:\\\/\\\/www.immobilienbusiness.ch\\\/de\\\/regionen\\\/2021-08-10\\\/belp-steinbach-ueberbauung-wird-niedriger-als-geplant\\\/\",\"name\":\"Belp: Steinbach-\u00dcberbauung wird niedriger als geplant - IMMOBILIEN Business\",\"isPartOf\":{\"@id\":\"https:\\\/\\\/www.immobilienbusiness.ch\\\/#website\"},\"primaryImageOfPage\":{\"@id\":\"https:\\\/\\\/www.immobilienbusiness.ch\\\/de\\\/regionen\\\/2021-08-10\\\/belp-steinbach-ueberbauung-wird-niedriger-als-geplant\\\/#primaryimage\"},\"image\":{\"@id\":\"https:\\\/\\\/www.immobilienbusiness.ch\\\/de\\\/regionen\\\/2021-08-10\\\/belp-steinbach-ueberbauung-wird-niedriger-als-geplant\\\/#primaryimage\"},\"thumbnailUrl\":\"https:\\\/\\\/www.immobilienbusiness.ch\\\/wp-content\\\/uploads\\\/2018\\\/07\\\/Depositphotos_10731714_m-2015.jpg\",\"datePublished\":\"2021-08-10T06:37:07+00:00\",\"dateModified\":\"2021-08-10T07:37:21+00:00\",\"description\":\"Das Areal Steinbach in Belp (BE) soll nur mit maximal f\u00fcnfgeschossigen Geb\u00e4uden bebaut werden.\",\"breadcrumb\":{\"@id\":\"https:\\\/\\\/www.immobilienbusiness.ch\\\/de\\\/regionen\\\/2021-08-10\\\/belp-steinbach-ueberbauung-wird-niedriger-als-geplant\\\/#breadcrumb\"},\"inLanguage\":\"fr-FR\",\"potentialAction\":[{\"@type\":\"ReadAction\",\"target\":[\"https:\\\/\\\/www.immobilienbusiness.ch\\\/de\\\/regionen\\\/2021-08-10\\\/belp-steinbach-ueberbauung-wird-niedriger-als-geplant\\\/\"]}]},{\"@type\":\"ImageObject\",\"inLanguage\":\"fr-FR\",\"@id\":\"https:\\\/\\\/www.immobilienbusiness.ch\\\/de\\\/regionen\\\/2021-08-10\\\/belp-steinbach-ueberbauung-wird-niedriger-als-geplant\\\/#primaryimage\",\"url\":\"https:\\\/\\\/www.immobilienbusiness.ch\\\/wp-content\\\/uploads\\\/2018\\\/07\\\/Depositphotos_10731714_m-2015.jpg\",\"contentUrl\":\"https:\\\/\\\/www.immobilienbusiness.ch\\\/wp-content\\\/uploads\\\/2018\\\/07\\\/Depositphotos_10731714_m-2015.jpg\",\"width\":1000,\"height\":667,\"caption\":\"(Bild: pressmaster - depositphotos)\"},{\"@type\":\"BreadcrumbList\",\"@id\":\"https:\\\/\\\/www.immobilienbusiness.ch\\\/de\\\/regionen\\\/2021-08-10\\\/belp-steinbach-ueberbauung-wird-niedriger-als-geplant\\\/#breadcrumb\",\"itemListElement\":[{\"@type\":\"ListItem\",\"position\":1,\"name\":\"Home\",\"item\":\"https:\\\/\\\/www.immobilienbusiness.ch\\\/\"},{\"@type\":\"ListItem\",\"position\":2,\"name\":\"Belp: Steinbach-\u00dcberbauung wird niedriger als geplant\"}]},{\"@type\":\"WebSite\",\"@id\":\"https:\\\/\\\/www.immobilienbusiness.ch\\\/#website\",\"url\":\"https:\\\/\\\/www.immobilienbusiness.ch\\\/\",\"name\":\"IMMOBILIEN Business\",\"description\":\"Unabh\u00e4ngiges Schweizer Wirtschaftsmagazin mit Fokus auf Immobilien, Architektur- und Bau sowie Investment- und Finanzierung.\",\"publisher\":{\"@id\":\"https:\\\/\\\/www.immobilienbusiness.ch\\\/#organization\"},\"potentialAction\":[{\"@type\":\"SearchAction\",\"target\":{\"@type\":\"EntryPoint\",\"urlTemplate\":\"https:\\\/\\\/www.immobilienbusiness.ch\\\/?s={search_term_string}\"},\"query-input\":{\"@type\":\"PropertyValueSpecification\",\"valueRequired\":true,\"valueName\":\"search_term_string\"}}],\"inLanguage\":\"fr-FR\"},{\"@type\":\"Organization\",\"@id\":\"https:\\\/\\\/www.immobilienbusiness.ch\\\/#organization\",\"name\":\"IMMOBILIEN Business\",\"url\":\"https:\\\/\\\/www.immobilienbusiness.ch\\\/\",\"logo\":{\"@type\":\"ImageObject\",\"inLanguage\":\"fr-FR\",\"@id\":\"https:\\\/\\\/www.immobilienbusiness.ch\\\/#\\\/schema\\\/logo\\\/image\\\/\",\"url\":\"https:\\\/\\\/www.immobilienbusiness.ch\\\/wp-content\\\/uploads\\\/2021\\\/07\\\/logo_ib.png\",\"contentUrl\":\"https:\\\/\\\/www.immobilienbusiness.ch\\\/wp-content\\\/uploads\\\/2021\\\/07\\\/logo_ib.png\",\"width\":800,\"height\":181,\"caption\":\"IMMOBILIEN Business\"},\"image\":{\"@id\":\"https:\\\/\\\/www.immobilienbusiness.ch\\\/#\\\/schema\\\/logo\\\/image\\\/\"},\"sameAs\":[\"https:\\\/\\\/www.facebook.com\\\/immobilienbusiness\\\/\"]},{\"@type\":\"Person\",\"@id\":\"https:\\\/\\\/www.immobilienbusiness.ch\\\/#\\\/schema\\\/person\\\/3fc036297b10b9f42d6db5ee932af8c8\",\"name\":\"anja.hall\",\"image\":{\"@type\":\"ImageObject\",\"inLanguage\":\"fr-FR\",\"@id\":\"https:\\\/\\\/secure.gravatar.com\\\/avatar\\\/066b5a0d447013502c71a5782f4f3469f03cfe595cc2329fb94652fe47511bfb?s=96&d=mm&r=g\",\"url\":\"https:\\\/\\\/secure.gravatar.com\\\/avatar\\\/066b5a0d447013502c71a5782f4f3469f03cfe595cc2329fb94652fe47511bfb?s=96&d=mm&r=g\",\"contentUrl\":\"https:\\\/\\\/secure.gravatar.com\\\/avatar\\\/066b5a0d447013502c71a5782f4f3469f03cfe595cc2329fb94652fe47511bfb?s=96&d=mm&r=g\",\"caption\":\"anja.hall\"},\"url\":\"https:\\\/\\\/www.immobilienbusiness.ch\\\/fr\\\/author\\\/anja-hall\\\/\"}]}<\/script>\n<!-- \/ Yoast SEO plugin. -->","yoast_head_json":{"title":"Belp : Le lotissement Steinbach sera moins haut que pr\u00e9vu - IMMOBILIER Business","description":"Das Areal Steinbach in Belp (BE) soll nur mit maximal f\u00fcnfgeschossigen Geb\u00e4uden bebaut werden.","robots":{"index":"index","follow":"follow","max-snippet":"max-snippet:-1","max-image-preview":"max-image-preview:large","max-video-preview":"max-video-preview:-1"},"canonical":"https:\/\/www.immobilienbusiness.ch\/fr\/regionen\/2021-08-10\/belp-steinbach-ueberbauung-wird-niedriger-als-geplant\/","og_locale":"fr_FR","og_type":"article","og_title":"Belp: Steinbach-\u00dcberbauung wird niedriger als geplant - IMMOBILIEN Business","og_description":"Das Areal Steinbach in Belp (BE) soll nur mit maximal f\u00fcnfgeschossigen Geb\u00e4uden bebaut werden.","og_url":"https:\/\/www.immobilienbusiness.ch\/fr\/regionen\/2021-08-10\/belp-steinbach-ueberbauung-wird-niedriger-als-geplant\/","og_site_name":"IMMOBILIEN Business","article_publisher":"https:\/\/www.facebook.com\/immobilienbusiness\/","article_published_time":"2021-08-10T06:37:07+00:00","article_modified_time":"2021-08-10T07:37:21+00:00","og_image":[{"width":1000,"height":667,"url":"https:\/\/www.immobilienbusiness.ch\/wp-content\/uploads\/2018\/07\/Depositphotos_10731714_m-2015.jpg","type":"image\/jpeg"}],"author":"anja.hall","twitter_card":"summary_large_image","twitter_image":"https:\/\/www.immobilienbusiness.ch\/wp-content\/uploads\/2018\/07\/Depositphotos_10731714_m-2015.jpg","schema":{"@context":"https:\/\/schema.org","@graph":[{"@type":"Article","@id":"https:\/\/www.immobilienbusiness.ch\/de\/regionen\/2021-08-10\/belp-steinbach-ueberbauung-wird-niedriger-als-geplant\/#article","isPartOf":{"@id":"https:\/\/www.immobilienbusiness.ch\/de\/regionen\/2021-08-10\/belp-steinbach-ueberbauung-wird-niedriger-als-geplant\/"},"author":{"name":"anja.hall","@id":"https:\/\/www.immobilienbusiness.ch\/#\/schema\/person\/3fc036297b10b9f42d6db5ee932af8c8"},"headline":"Belp: Steinbach-\u00dcberbauung wird niedriger als geplant","datePublished":"2021-08-10T06:37:07+00:00","dateModified":"2021-08-10T07:37:21+00:00","mainEntityOfPage":{"@id":"https:\/\/www.immobilienbusiness.ch\/de\/regionen\/2021-08-10\/belp-steinbach-ueberbauung-wird-niedriger-als-geplant\/"},"wordCount":167,"publisher":{"@id":"https:\/\/www.immobilienbusiness.ch\/#organization"},"image":{"@id":"https:\/\/www.immobilienbusiness.ch\/de\/regionen\/2021-08-10\/belp-steinbach-ueberbauung-wird-niedriger-als-geplant\/#primaryimage"},"thumbnailUrl":"https:\/\/www.immobilienbusiness.ch\/wp-content\/uploads\/2018\/07\/Depositphotos_10731714_m-2015.jpg","keywords":["Kanton Bern","Projekt in Planung","Wohnimmobilien"],"articleSection":["REGIONEN"],"inLanguage":"fr-FR"},{"@type":"WebPage","@id":"https:\/\/www.immobilienbusiness.ch\/de\/regionen\/2021-08-10\/belp-steinbach-ueberbauung-wird-niedriger-als-geplant\/","url":"https:\/\/www.immobilienbusiness.ch\/de\/regionen\/2021-08-10\/belp-steinbach-ueberbauung-wird-niedriger-als-geplant\/","name":"Belp : Le lotissement Steinbach sera moins haut que pr\u00e9vu - IMMOBILIER Business","isPartOf":{"@id":"https:\/\/www.immobilienbusiness.ch\/#website"},"primaryImageOfPage":{"@id":"https:\/\/www.immobilienbusiness.ch\/de\/regionen\/2021-08-10\/belp-steinbach-ueberbauung-wird-niedriger-als-geplant\/#primaryimage"},"image":{"@id":"https:\/\/www.immobilienbusiness.ch\/de\/regionen\/2021-08-10\/belp-steinbach-ueberbauung-wird-niedriger-als-geplant\/#primaryimage"},"thumbnailUrl":"https:\/\/www.immobilienbusiness.ch\/wp-content\/uploads\/2018\/07\/Depositphotos_10731714_m-2015.jpg","datePublished":"2021-08-10T06:37:07+00:00","dateModified":"2021-08-10T07:37:21+00:00","description":"Das Areal Steinbach in Belp (BE) soll nur mit maximal f\u00fcnfgeschossigen Geb\u00e4uden bebaut werden.","breadcrumb":{"@id":"https:\/\/www.immobilienbusiness.ch\/de\/regionen\/2021-08-10\/belp-steinbach-ueberbauung-wird-niedriger-als-geplant\/#breadcrumb"},"inLanguage":"fr-FR","potentialAction":[{"@type":"ReadAction","target":["https:\/\/www.immobilienbusiness.ch\/de\/regionen\/2021-08-10\/belp-steinbach-ueberbauung-wird-niedriger-als-geplant\/"]}]},{"@type":"ImageObject","inLanguage":"fr-FR","@id":"https:\/\/www.immobilienbusiness.ch\/de\/regionen\/2021-08-10\/belp-steinbach-ueberbauung-wird-niedriger-als-geplant\/#primaryimage","url":"https:\/\/www.immobilienbusiness.ch\/wp-content\/uploads\/2018\/07\/Depositphotos_10731714_m-2015.jpg","contentUrl":"https:\/\/www.immobilienbusiness.ch\/wp-content\/uploads\/2018\/07\/Depositphotos_10731714_m-2015.jpg","width":1000,"height":667,"caption":"(Bild: pressmaster - depositphotos)"},{"@type":"BreadcrumbList","@id":"https:\/\/www.immobilienbusiness.ch\/de\/regionen\/2021-08-10\/belp-steinbach-ueberbauung-wird-niedriger-als-geplant\/#breadcrumb","itemListElement":[{"@type":"ListItem","position":1,"name":"Home","item":"https:\/\/www.immobilienbusiness.ch\/"},{"@type":"ListItem","position":2,"name":"Belp: Steinbach-\u00dcberbauung wird niedriger als geplant"}]},{"@type":"WebSite","@id":"https:\/\/www.immobilienbusiness.ch\/#website","url":"https:\/\/www.immobilienbusiness.ch\/","name":"IMMOBILIER Business","description":"Magazine \u00e9conomique suisse ind\u00e9pendant ax\u00e9 sur l'immobilier, l'architecture et la construction ainsi que sur les investissements et le financement.","publisher":{"@id":"https:\/\/www.immobilienbusiness.ch\/#organization"},"potentialAction":[{"@type":"SearchAction","target":{"@type":"EntryPoint","urlTemplate":"https:\/\/www.immobilienbusiness.ch\/?s={search_term_string}"},"query-input":{"@type":"PropertyValueSpecification","valueRequired":true,"valueName":"search_term_string"}}],"inLanguage":"fr-FR"},{"@type":"Organization","@id":"https:\/\/www.immobilienbusiness.ch\/#organization","name":"IMMOBILIER Business","url":"https:\/\/www.immobilienbusiness.ch\/","logo":{"@type":"ImageObject","inLanguage":"fr-FR","@id":"https:\/\/www.immobilienbusiness.ch\/#\/schema\/logo\/image\/","url":"https:\/\/www.immobilienbusiness.ch\/wp-content\/uploads\/2021\/07\/logo_ib.png","contentUrl":"https:\/\/www.immobilienbusiness.ch\/wp-content\/uploads\/2021\/07\/logo_ib.png","width":800,"height":181,"caption":"IMMOBILIEN Business"},"image":{"@id":"https:\/\/www.immobilienbusiness.ch\/#\/schema\/logo\/image\/"},"sameAs":["https:\/\/www.facebook.com\/immobilienbusiness\/"]},{"@type":"Person","@id":"https:\/\/www.immobilienbusiness.ch\/#\/schema\/person\/3fc036297b10b9f42d6db5ee932af8c8","name":"anja.hall","image":{"@type":"ImageObject","inLanguage":"fr-FR","@id":"https:\/\/secure.gravatar.com\/avatar\/066b5a0d447013502c71a5782f4f3469f03cfe595cc2329fb94652fe47511bfb?s=96&d=mm&r=g","url":"https:\/\/secure.gravatar.com\/avatar\/066b5a0d447013502c71a5782f4f3469f03cfe595cc2329fb94652fe47511bfb?s=96&d=mm&r=g","contentUrl":"https:\/\/secure.gravatar.com\/avatar\/066b5a0d447013502c71a5782f4f3469f03cfe595cc2329fb94652fe47511bfb?s=96&d=mm&r=g","caption":"anja.hall"},"url":"https:\/\/www.immobilienbusiness.ch\/fr\/author\/anja-hall\/"}]}},"_links":{"self":[{"href":"https:\/\/www.immobilienbusiness.ch\/fr\/wp-json\/wp\/v2\/posts\/37987","targetHints":{"allow":["GET"]}}],"collection":[{"href":"https:\/\/www.immobilienbusiness.ch\/fr\/wp-json\/wp\/v2\/posts"}],"about":[{"href":"https:\/\/www.immobilienbusiness.ch\/fr\/wp-json\/wp\/v2\/types\/post"}],"author":[{"embeddable":true,"href":"https:\/\/www.immobilienbusiness.ch\/fr\/wp-json\/wp\/v2\/users\/3"}],"replies":[{"embeddable":true,"href":"https:\/\/www.immobilienbusiness.ch\/fr\/wp-json\/wp\/v2\/comments?post=37987"}],"version-history":[{"count":1,"href":"https:\/\/www.immobilienbusiness.ch\/fr\/wp-json\/wp\/v2\/posts\/37987\/revisions"}],"predecessor-version":[{"id":37988,"href":"https:\/\/www.immobilienbusiness.ch\/fr\/wp-json\/wp\/v2\/posts\/37987\/revisions\/37988"}],"wp:featuredmedia":[{"embeddable":true,"href":"https:\/\/www.immobilienbusiness.ch\/fr\/wp-json\/wp\/v2\/media\/13266"}],"wp:attachment":[{"href":"https:\/\/www.immobilienbusiness.ch\/fr\/wp-json\/wp\/v2\/media?parent=37987"}],"wp:term":[{"taxonomy":"category","embeddable":true,"href":"https:\/\/www.immobilienbusiness.ch\/fr\/wp-json\/wp\/v2\/categories?post=37987"},{"taxonomy":"post_tag","embeddable":true,"href":"https:\/\/www.immobilienbusiness.ch\/fr\/wp-json\/wp\/v2\/tags?post=37987"}],"curies":[{"name":"wp","href":"https:\/\/api.w.org\/{rel}","templated":true}]}}