{"id":37973,"date":"2021-08-09T07:59:27","date_gmt":"2021-08-09T05:59:27","guid":{"rendered":"https:\/\/www.immobilienbusiness.ch\/?p=37973"},"modified":"2021-08-09T09:09:51","modified_gmt":"2021-08-09T07:09:51","slug":"brienz-ueberbauung-tracht-ist-fertiggestellt","status":"publish","type":"post","link":"https:\/\/www.immobilienbusiness.ch\/fr\/regionen\/2021-08-09\/brienz-ueberbauung-tracht-ist-fertiggestellt\/","title":{"rendered":"Brienz : le d\u00e9veloppement du Tracht est termin\u00e9"},"content":{"rendered":"<figure id=\"attachment_37974\" aria-describedby=\"caption-attachment-37974\" style=\"width: 1280px\" class=\"wp-caption alignnone\"><img loading=\"lazy\" decoding=\"async\" class=\"wp-image-37974 size-full\" src=\"https:\/\/www.immobilienbusiness.ch\/wp-content\/uploads\/2021\/08\/Brienz_Switzerland.jpg\" alt=\"\" width=\"1280\" height=\"853\" srcset=\"https:\/\/www.immobilienbusiness.ch\/wp-content\/uploads\/2021\/08\/Brienz_Switzerland.jpg 1280w, https:\/\/www.immobilienbusiness.ch\/wp-content\/uploads\/2021\/08\/Brienz_Switzerland-300x200.jpg 300w, https:\/\/www.immobilienbusiness.ch\/wp-content\/uploads\/2021\/08\/Brienz_Switzerland-1024x682.jpg 1024w, https:\/\/www.immobilienbusiness.ch\/wp-content\/uploads\/2021\/08\/Brienz_Switzerland-768x512.jpg 768w, https:\/\/www.immobilienbusiness.ch\/wp-content\/uploads\/2021\/08\/Brienz_Switzerland-16x12.jpg 16w, https:\/\/www.immobilienbusiness.ch\/wp-content\/uploads\/2021\/08\/Brienz_Switzerland-263x175.jpg 263w, https:\/\/www.immobilienbusiness.ch\/wp-content\/uploads\/2021\/08\/Brienz_Switzerland-525x350.jpg 525w, https:\/\/www.immobilienbusiness.ch\/wp-content\/uploads\/2021\/08\/Brienz_Switzerland-1200x800.jpg 1200w, https:\/\/www.immobilienbusiness.ch\/wp-content\/uploads\/2021\/08\/Brienz_Switzerland-920x613.jpg 920w\" sizes=\"auto, (max-width: 1280px) 100vw, 1280px\" \/><figcaption id=\"caption-attachment-37974\" class=\"wp-caption-text\">Vue de Brienz (Image : MilaJac, CC BY-SA 4.0, Wikimedia Commons)<\/figcaption><\/figure>\n<p>Le projet Tracht a \u00e9t\u00e9 construit en deux ans sur un terrain de 1200 m\u00e8tres carr\u00e9s \u00e0 Brienz, appartenant \u00e0 la Bank Brienz Oberhasli (BBO). Onze appartements locatifs (2,5 et 3,5 pi\u00e8ces) et des espaces pour des entreprises de services sont r\u00e9partis dans les deux b\u00e2timents. Au total, pr\u00e8s de 3 700 m\u00e8tres carr\u00e9s de surface brute de plancher ont \u00e9t\u00e9 cr\u00e9\u00e9s.<\/p>\n<p>Les entreprises du secteur de la sant\u00e9 en particulier s'installent dans le d\u00e9veloppement : Praxis Gruppe Brienz, un cabinet de physioth\u00e9rapie, un cabinet de th\u00e9rapie craniosacrale et Spitex Oberhasli y ont \u00e9lu domicile. En outre, la compagnie d'assurance Axa ouvre une entreprise dans le b\u00e2timent Tracht. <em>(ah)<\/em><\/p>","protected":false},"excerpt":{"rendered":"<p>Les premiers locataires emm\u00e9nagent dans le projet Tracht au centre de Brienz (BE). Deux nouveaux b\u00e2timents comprenant des appartements et des espaces commerciaux ont \u00e9t\u00e9 construits.<\/p>","protected":false},"author":3,"featured_media":37974,"comment_status":"closed","ping_status":"closed","sticky":false,"template":"","format":"standard","meta":{"_acf_changed":false,"_yoast_wpseo_focuskw":"Brienz","_yoast_wpseo_title":"","_yoast_wpseo_metadesc":"Im Zentrum von Brienz (BE) beziehen die ersten Mieter die \u00dcberbauung Tracht. Entstanden sind zwei Neubauten mit Wohnungen und Gewerbefl\u00e4chen.","_yoast_wpseo_linkdex":47,"pgc_sgb_lightbox_settings":"","footnotes":""},"categories":[985],"tags":[1219,1272,1396,1863],"class_list":["post-37973","post","type-post","status-publish","format-standard","has-post-thumbnail","hentry","category-regionen","tag-fertigstellung","tag-gewerbeimmobilien","tag-kanton-bern","tag-wohnimmobilien"],"acf":[],"yoast_head":"<!-- This site is optimized with the Yoast SEO plugin v27.4 - https:\/\/yoast.com\/product\/yoast-seo-wordpress\/ -->\n<title>Brienz: \u00dcberbauung Tracht ist fertiggestellt - IMMOBILIEN Business<\/title>\n<meta name=\"description\" content=\"Im Zentrum von Brienz (BE) beziehen die ersten Mieter die \u00dcberbauung Tracht. Entstanden sind zwei Neubauten mit Wohnungen und Gewerbefl\u00e4chen.\" \/>\n<meta name=\"robots\" content=\"index, follow, max-snippet:-1, max-image-preview:large, max-video-preview:-1\" \/>\n<link rel=\"canonical\" href=\"https:\/\/www.immobilienbusiness.ch\/fr\/regionen\/2021-08-09\/brienz-ueberbauung-tracht-ist-fertiggestellt\/\" \/>\n<meta property=\"og:locale\" content=\"fr_FR\" \/>\n<meta property=\"og:type\" content=\"article\" \/>\n<meta property=\"og:title\" content=\"Brienz: \u00dcberbauung Tracht ist fertiggestellt - IMMOBILIEN Business\" \/>\n<meta property=\"og:description\" content=\"Im Zentrum von Brienz (BE) beziehen die ersten Mieter die \u00dcberbauung Tracht. Entstanden sind zwei Neubauten mit Wohnungen und Gewerbefl\u00e4chen.\" \/>\n<meta property=\"og:url\" content=\"https:\/\/www.immobilienbusiness.ch\/fr\/regionen\/2021-08-09\/brienz-ueberbauung-tracht-ist-fertiggestellt\/\" \/>\n<meta property=\"og:site_name\" content=\"IMMOBILIEN Business\" \/>\n<meta property=\"article:publisher\" content=\"https:\/\/www.facebook.com\/immobilienbusiness\/\" \/>\n<meta property=\"article:published_time\" content=\"2021-08-09T05:59:27+00:00\" \/>\n<meta property=\"article:modified_time\" content=\"2021-08-09T07:09:51+00:00\" \/>\n<meta property=\"og:image\" content=\"https:\/\/www.immobilienbusiness.ch\/wp-content\/uploads\/2021\/08\/Brienz_Switzerland.jpg\" \/>\n\t<meta property=\"og:image:width\" content=\"1280\" \/>\n\t<meta property=\"og:image:height\" content=\"853\" \/>\n\t<meta property=\"og:image:type\" content=\"image\/jpeg\" \/>\n<meta name=\"author\" content=\"anja.hall\" \/>\n<meta name=\"twitter:card\" content=\"summary_large_image\" \/>\n<meta name=\"twitter:image\" content=\"https:\/\/www.immobilienbusiness.ch\/wp-content\/uploads\/2021\/08\/Brienz_Switzerland.jpg\" \/>\n<script type=\"application\/ld+json\" class=\"yoast-schema-graph\">{\"@context\":\"https:\\\/\\\/schema.org\",\"@graph\":[{\"@type\":\"Article\",\"@id\":\"https:\\\/\\\/www.immobilienbusiness.ch\\\/fr\\\/regionen\\\/2021-08-09\\\/brienz-ueberbauung-tracht-ist-fertiggestellt\\\/#article\",\"isPartOf\":{\"@id\":\"https:\\\/\\\/www.immobilienbusiness.ch\\\/fr\\\/regionen\\\/2021-08-09\\\/brienz-ueberbauung-tracht-ist-fertiggestellt\\\/\"},\"author\":{\"name\":\"anja.hall\",\"@id\":\"https:\\\/\\\/www.immobilienbusiness.ch\\\/#\\\/schema\\\/person\\\/3fc036297b10b9f42d6db5ee932af8c8\"},\"headline\":\"Brienz: \u00dcberbauung Tracht ist fertiggestellt\",\"datePublished\":\"2021-08-09T05:59:27+00:00\",\"dateModified\":\"2021-08-09T07:09:51+00:00\",\"mainEntityOfPage\":{\"@id\":\"https:\\\/\\\/www.immobilienbusiness.ch\\\/fr\\\/regionen\\\/2021-08-09\\\/brienz-ueberbauung-tracht-ist-fertiggestellt\\\/\"},\"wordCount\":113,\"publisher\":{\"@id\":\"https:\\\/\\\/www.immobilienbusiness.ch\\\/#organization\"},\"image\":{\"@id\":\"https:\\\/\\\/www.immobilienbusiness.ch\\\/fr\\\/regionen\\\/2021-08-09\\\/brienz-ueberbauung-tracht-ist-fertiggestellt\\\/#primaryimage\"},\"thumbnailUrl\":\"https:\\\/\\\/www.immobilienbusiness.ch\\\/wp-content\\\/uploads\\\/2021\\\/08\\\/Brienz_Switzerland.jpg\",\"keywords\":[\"Fertigstellung\",\"Gewerbeimmobilien\",\"Kanton Bern\",\"Wohnimmobilien\"],\"articleSection\":[\"REGIONEN\"],\"inLanguage\":\"fr-FR\"},{\"@type\":\"WebPage\",\"@id\":\"https:\\\/\\\/www.immobilienbusiness.ch\\\/fr\\\/regionen\\\/2021-08-09\\\/brienz-ueberbauung-tracht-ist-fertiggestellt\\\/\",\"url\":\"https:\\\/\\\/www.immobilienbusiness.ch\\\/fr\\\/regionen\\\/2021-08-09\\\/brienz-ueberbauung-tracht-ist-fertiggestellt\\\/\",\"name\":\"Brienz: \u00dcberbauung Tracht ist fertiggestellt - IMMOBILIEN Business\",\"isPartOf\":{\"@id\":\"https:\\\/\\\/www.immobilienbusiness.ch\\\/#website\"},\"primaryImageOfPage\":{\"@id\":\"https:\\\/\\\/www.immobilienbusiness.ch\\\/fr\\\/regionen\\\/2021-08-09\\\/brienz-ueberbauung-tracht-ist-fertiggestellt\\\/#primaryimage\"},\"image\":{\"@id\":\"https:\\\/\\\/www.immobilienbusiness.ch\\\/fr\\\/regionen\\\/2021-08-09\\\/brienz-ueberbauung-tracht-ist-fertiggestellt\\\/#primaryimage\"},\"thumbnailUrl\":\"https:\\\/\\\/www.immobilienbusiness.ch\\\/wp-content\\\/uploads\\\/2021\\\/08\\\/Brienz_Switzerland.jpg\",\"datePublished\":\"2021-08-09T05:59:27+00:00\",\"dateModified\":\"2021-08-09T07:09:51+00:00\",\"description\":\"Im Zentrum von Brienz (BE) beziehen die ersten Mieter die \u00dcberbauung Tracht. Entstanden sind zwei Neubauten mit Wohnungen und Gewerbefl\u00e4chen.\",\"breadcrumb\":{\"@id\":\"https:\\\/\\\/www.immobilienbusiness.ch\\\/fr\\\/regionen\\\/2021-08-09\\\/brienz-ueberbauung-tracht-ist-fertiggestellt\\\/#breadcrumb\"},\"inLanguage\":\"fr-FR\",\"potentialAction\":[{\"@type\":\"ReadAction\",\"target\":[\"https:\\\/\\\/www.immobilienbusiness.ch\\\/fr\\\/regionen\\\/2021-08-09\\\/brienz-ueberbauung-tracht-ist-fertiggestellt\\\/\"]}]},{\"@type\":\"ImageObject\",\"inLanguage\":\"fr-FR\",\"@id\":\"https:\\\/\\\/www.immobilienbusiness.ch\\\/fr\\\/regionen\\\/2021-08-09\\\/brienz-ueberbauung-tracht-ist-fertiggestellt\\\/#primaryimage\",\"url\":\"https:\\\/\\\/www.immobilienbusiness.ch\\\/wp-content\\\/uploads\\\/2021\\\/08\\\/Brienz_Switzerland.jpg\",\"contentUrl\":\"https:\\\/\\\/www.immobilienbusiness.ch\\\/wp-content\\\/uploads\\\/2021\\\/08\\\/Brienz_Switzerland.jpg\",\"width\":1280,\"height\":853,\"caption\":\"Blick auf Brienz (Bild: MilaJac, CC BY-SA 4.0, Wikimedia Commons)\"},{\"@type\":\"BreadcrumbList\",\"@id\":\"https:\\\/\\\/www.immobilienbusiness.ch\\\/fr\\\/regionen\\\/2021-08-09\\\/brienz-ueberbauung-tracht-ist-fertiggestellt\\\/#breadcrumb\",\"itemListElement\":[{\"@type\":\"ListItem\",\"position\":1,\"name\":\"Home\",\"item\":\"https:\\\/\\\/www.immobilienbusiness.ch\\\/\"},{\"@type\":\"ListItem\",\"position\":2,\"name\":\"Brienz: \u00dcberbauung Tracht ist fertiggestellt\"}]},{\"@type\":\"WebSite\",\"@id\":\"https:\\\/\\\/www.immobilienbusiness.ch\\\/#website\",\"url\":\"https:\\\/\\\/www.immobilienbusiness.ch\\\/\",\"name\":\"IMMOBILIEN Business\",\"description\":\"Unabh\u00e4ngiges Schweizer Wirtschaftsmagazin mit Fokus auf Immobilien, Architektur- und Bau sowie Investment- und Finanzierung.\",\"publisher\":{\"@id\":\"https:\\\/\\\/www.immobilienbusiness.ch\\\/#organization\"},\"potentialAction\":[{\"@type\":\"SearchAction\",\"target\":{\"@type\":\"EntryPoint\",\"urlTemplate\":\"https:\\\/\\\/www.immobilienbusiness.ch\\\/?s={search_term_string}\"},\"query-input\":{\"@type\":\"PropertyValueSpecification\",\"valueRequired\":true,\"valueName\":\"search_term_string\"}}],\"inLanguage\":\"fr-FR\"},{\"@type\":\"Organization\",\"@id\":\"https:\\\/\\\/www.immobilienbusiness.ch\\\/#organization\",\"name\":\"IMMOBILIEN Business\",\"url\":\"https:\\\/\\\/www.immobilienbusiness.ch\\\/\",\"logo\":{\"@type\":\"ImageObject\",\"inLanguage\":\"fr-FR\",\"@id\":\"https:\\\/\\\/www.immobilienbusiness.ch\\\/#\\\/schema\\\/logo\\\/image\\\/\",\"url\":\"https:\\\/\\\/www.immobilienbusiness.ch\\\/wp-content\\\/uploads\\\/2021\\\/07\\\/logo_ib.png\",\"contentUrl\":\"https:\\\/\\\/www.immobilienbusiness.ch\\\/wp-content\\\/uploads\\\/2021\\\/07\\\/logo_ib.png\",\"width\":800,\"height\":181,\"caption\":\"IMMOBILIEN Business\"},\"image\":{\"@id\":\"https:\\\/\\\/www.immobilienbusiness.ch\\\/#\\\/schema\\\/logo\\\/image\\\/\"},\"sameAs\":[\"https:\\\/\\\/www.facebook.com\\\/immobilienbusiness\\\/\"]},{\"@type\":\"Person\",\"@id\":\"https:\\\/\\\/www.immobilienbusiness.ch\\\/#\\\/schema\\\/person\\\/3fc036297b10b9f42d6db5ee932af8c8\",\"name\":\"anja.hall\",\"image\":{\"@type\":\"ImageObject\",\"inLanguage\":\"fr-FR\",\"@id\":\"https:\\\/\\\/secure.gravatar.com\\\/avatar\\\/066b5a0d447013502c71a5782f4f3469f03cfe595cc2329fb94652fe47511bfb?s=96&d=mm&r=g\",\"url\":\"https:\\\/\\\/secure.gravatar.com\\\/avatar\\\/066b5a0d447013502c71a5782f4f3469f03cfe595cc2329fb94652fe47511bfb?s=96&d=mm&r=g\",\"contentUrl\":\"https:\\\/\\\/secure.gravatar.com\\\/avatar\\\/066b5a0d447013502c71a5782f4f3469f03cfe595cc2329fb94652fe47511bfb?s=96&d=mm&r=g\",\"caption\":\"anja.hall\"},\"url\":\"https:\\\/\\\/www.immobilienbusiness.ch\\\/fr\\\/author\\\/anja-hall\\\/\"}]}<\/script>\n<!-- \/ Yoast SEO plugin. -->","yoast_head_json":{"title":"Brienz: \u00dcberbauung Tracht ist fertiggestellt - IMMOBILIEN Business","description":"Les premiers locataires emm\u00e9nagent dans le projet Tracht au centre de Brienz (BE). Deux nouveaux b\u00e2timents comprenant des appartements et des espaces commerciaux ont \u00e9t\u00e9 construits.","robots":{"index":"index","follow":"follow","max-snippet":"max-snippet:-1","max-image-preview":"max-image-preview:large","max-video-preview":"max-video-preview:-1"},"canonical":"https:\/\/www.immobilienbusiness.ch\/fr\/regionen\/2021-08-09\/brienz-ueberbauung-tracht-ist-fertiggestellt\/","og_locale":"fr_FR","og_type":"article","og_title":"Brienz: \u00dcberbauung Tracht ist fertiggestellt - IMMOBILIEN Business","og_description":"Im Zentrum von Brienz (BE) beziehen die ersten Mieter die \u00dcberbauung Tracht. Entstanden sind zwei Neubauten mit Wohnungen und Gewerbefl\u00e4chen.","og_url":"https:\/\/www.immobilienbusiness.ch\/fr\/regionen\/2021-08-09\/brienz-ueberbauung-tracht-ist-fertiggestellt\/","og_site_name":"IMMOBILIEN Business","article_publisher":"https:\/\/www.facebook.com\/immobilienbusiness\/","article_published_time":"2021-08-09T05:59:27+00:00","article_modified_time":"2021-08-09T07:09:51+00:00","og_image":[{"width":1280,"height":853,"url":"https:\/\/www.immobilienbusiness.ch\/wp-content\/uploads\/2021\/08\/Brienz_Switzerland.jpg","type":"image\/jpeg"}],"author":"anja.hall","twitter_card":"summary_large_image","twitter_image":"https:\/\/www.immobilienbusiness.ch\/wp-content\/uploads\/2021\/08\/Brienz_Switzerland.jpg","schema":{"@context":"https:\/\/schema.org","@graph":[{"@type":"Article","@id":"https:\/\/www.immobilienbusiness.ch\/fr\/regionen\/2021-08-09\/brienz-ueberbauung-tracht-ist-fertiggestellt\/#article","isPartOf":{"@id":"https:\/\/www.immobilienbusiness.ch\/fr\/regionen\/2021-08-09\/brienz-ueberbauung-tracht-ist-fertiggestellt\/"},"author":{"name":"anja.hall","@id":"https:\/\/www.immobilienbusiness.ch\/#\/schema\/person\/3fc036297b10b9f42d6db5ee932af8c8"},"headline":"Brienz: \u00dcberbauung Tracht ist fertiggestellt","datePublished":"2021-08-09T05:59:27+00:00","dateModified":"2021-08-09T07:09:51+00:00","mainEntityOfPage":{"@id":"https:\/\/www.immobilienbusiness.ch\/fr\/regionen\/2021-08-09\/brienz-ueberbauung-tracht-ist-fertiggestellt\/"},"wordCount":113,"publisher":{"@id":"https:\/\/www.immobilienbusiness.ch\/#organization"},"image":{"@id":"https:\/\/www.immobilienbusiness.ch\/fr\/regionen\/2021-08-09\/brienz-ueberbauung-tracht-ist-fertiggestellt\/#primaryimage"},"thumbnailUrl":"https:\/\/www.immobilienbusiness.ch\/wp-content\/uploads\/2021\/08\/Brienz_Switzerland.jpg","keywords":["Fertigstellung","Gewerbeimmobilien","Kanton Bern","Wohnimmobilien"],"articleSection":["REGIONEN"],"inLanguage":"fr-FR"},{"@type":"WebPage","@id":"https:\/\/www.immobilienbusiness.ch\/fr\/regionen\/2021-08-09\/brienz-ueberbauung-tracht-ist-fertiggestellt\/","url":"https:\/\/www.immobilienbusiness.ch\/fr\/regionen\/2021-08-09\/brienz-ueberbauung-tracht-ist-fertiggestellt\/","name":"Brienz: \u00dcberbauung Tracht ist fertiggestellt - IMMOBILIEN Business","isPartOf":{"@id":"https:\/\/www.immobilienbusiness.ch\/#website"},"primaryImageOfPage":{"@id":"https:\/\/www.immobilienbusiness.ch\/fr\/regionen\/2021-08-09\/brienz-ueberbauung-tracht-ist-fertiggestellt\/#primaryimage"},"image":{"@id":"https:\/\/www.immobilienbusiness.ch\/fr\/regionen\/2021-08-09\/brienz-ueberbauung-tracht-ist-fertiggestellt\/#primaryimage"},"thumbnailUrl":"https:\/\/www.immobilienbusiness.ch\/wp-content\/uploads\/2021\/08\/Brienz_Switzerland.jpg","datePublished":"2021-08-09T05:59:27+00:00","dateModified":"2021-08-09T07:09:51+00:00","description":"Les premiers locataires emm\u00e9nagent dans le projet Tracht au centre de Brienz (BE). Deux nouveaux b\u00e2timents comprenant des appartements et des espaces commerciaux ont \u00e9t\u00e9 construits.","breadcrumb":{"@id":"https:\/\/www.immobilienbusiness.ch\/fr\/regionen\/2021-08-09\/brienz-ueberbauung-tracht-ist-fertiggestellt\/#breadcrumb"},"inLanguage":"fr-FR","potentialAction":[{"@type":"ReadAction","target":["https:\/\/www.immobilienbusiness.ch\/fr\/regionen\/2021-08-09\/brienz-ueberbauung-tracht-ist-fertiggestellt\/"]}]},{"@type":"ImageObject","inLanguage":"fr-FR","@id":"https:\/\/www.immobilienbusiness.ch\/fr\/regionen\/2021-08-09\/brienz-ueberbauung-tracht-ist-fertiggestellt\/#primaryimage","url":"https:\/\/www.immobilienbusiness.ch\/wp-content\/uploads\/2021\/08\/Brienz_Switzerland.jpg","contentUrl":"https:\/\/www.immobilienbusiness.ch\/wp-content\/uploads\/2021\/08\/Brienz_Switzerland.jpg","width":1280,"height":853,"caption":"Blick auf Brienz (Bild: MilaJac, CC BY-SA 4.0, Wikimedia Commons)"},{"@type":"BreadcrumbList","@id":"https:\/\/www.immobilienbusiness.ch\/fr\/regionen\/2021-08-09\/brienz-ueberbauung-tracht-ist-fertiggestellt\/#breadcrumb","itemListElement":[{"@type":"ListItem","position":1,"name":"Home","item":"https:\/\/www.immobilienbusiness.ch\/"},{"@type":"ListItem","position":2,"name":"Brienz: \u00dcberbauung Tracht ist fertiggestellt"}]},{"@type":"WebSite","@id":"https:\/\/www.immobilienbusiness.ch\/#website","url":"https:\/\/www.immobilienbusiness.ch\/","name":"IMMOBILIER Business","description":"Magazine \u00e9conomique suisse ind\u00e9pendant ax\u00e9 sur l'immobilier, l'architecture et la construction ainsi que sur les investissements et le financement.","publisher":{"@id":"https:\/\/www.immobilienbusiness.ch\/#organization"},"potentialAction":[{"@type":"SearchAction","target":{"@type":"EntryPoint","urlTemplate":"https:\/\/www.immobilienbusiness.ch\/?s={search_term_string}"},"query-input":{"@type":"PropertyValueSpecification","valueRequired":true,"valueName":"search_term_string"}}],"inLanguage":"fr-FR"},{"@type":"Organization","@id":"https:\/\/www.immobilienbusiness.ch\/#organization","name":"IMMOBILIER Business","url":"https:\/\/www.immobilienbusiness.ch\/","logo":{"@type":"ImageObject","inLanguage":"fr-FR","@id":"https:\/\/www.immobilienbusiness.ch\/#\/schema\/logo\/image\/","url":"https:\/\/www.immobilienbusiness.ch\/wp-content\/uploads\/2021\/07\/logo_ib.png","contentUrl":"https:\/\/www.immobilienbusiness.ch\/wp-content\/uploads\/2021\/07\/logo_ib.png","width":800,"height":181,"caption":"IMMOBILIEN Business"},"image":{"@id":"https:\/\/www.immobilienbusiness.ch\/#\/schema\/logo\/image\/"},"sameAs":["https:\/\/www.facebook.com\/immobilienbusiness\/"]},{"@type":"Person","@id":"https:\/\/www.immobilienbusiness.ch\/#\/schema\/person\/3fc036297b10b9f42d6db5ee932af8c8","name":"anja.hall","image":{"@type":"ImageObject","inLanguage":"fr-FR","@id":"https:\/\/secure.gravatar.com\/avatar\/066b5a0d447013502c71a5782f4f3469f03cfe595cc2329fb94652fe47511bfb?s=96&d=mm&r=g","url":"https:\/\/secure.gravatar.com\/avatar\/066b5a0d447013502c71a5782f4f3469f03cfe595cc2329fb94652fe47511bfb?s=96&d=mm&r=g","contentUrl":"https:\/\/secure.gravatar.com\/avatar\/066b5a0d447013502c71a5782f4f3469f03cfe595cc2329fb94652fe47511bfb?s=96&d=mm&r=g","caption":"anja.hall"},"url":"https:\/\/www.immobilienbusiness.ch\/fr\/author\/anja-hall\/"}]}},"_links":{"self":[{"href":"https:\/\/www.immobilienbusiness.ch\/fr\/wp-json\/wp\/v2\/posts\/37973","targetHints":{"allow":["GET"]}}],"collection":[{"href":"https:\/\/www.immobilienbusiness.ch\/fr\/wp-json\/wp\/v2\/posts"}],"about":[{"href":"https:\/\/www.immobilienbusiness.ch\/fr\/wp-json\/wp\/v2\/types\/post"}],"author":[{"embeddable":true,"href":"https:\/\/www.immobilienbusiness.ch\/fr\/wp-json\/wp\/v2\/users\/3"}],"replies":[{"embeddable":true,"href":"https:\/\/www.immobilienbusiness.ch\/fr\/wp-json\/wp\/v2\/comments?post=37973"}],"version-history":[{"count":1,"href":"https:\/\/www.immobilienbusiness.ch\/fr\/wp-json\/wp\/v2\/posts\/37973\/revisions"}],"predecessor-version":[{"id":37975,"href":"https:\/\/www.immobilienbusiness.ch\/fr\/wp-json\/wp\/v2\/posts\/37973\/revisions\/37975"}],"wp:featuredmedia":[{"embeddable":true,"href":"https:\/\/www.immobilienbusiness.ch\/fr\/wp-json\/wp\/v2\/media\/37974"}],"wp:attachment":[{"href":"https:\/\/www.immobilienbusiness.ch\/fr\/wp-json\/wp\/v2\/media?parent=37973"}],"wp:term":[{"taxonomy":"category","embeddable":true,"href":"https:\/\/www.immobilienbusiness.ch\/fr\/wp-json\/wp\/v2\/categories?post=37973"},{"taxonomy":"post_tag","embeddable":true,"href":"https:\/\/www.immobilienbusiness.ch\/fr\/wp-json\/wp\/v2\/tags?post=37973"}],"curies":[{"name":"wp","href":"https:\/\/api.w.org\/{rel}","templated":true}]}}