{"id":3796,"date":"2016-09-02T09:24:37","date_gmt":"2016-09-02T07:24:37","guid":{"rendered":"http:\/\/dev.immobilienbusiness.ch\/?p=3796"},"modified":"2016-09-02T09:24:37","modified_gmt":"2016-09-02T07:24:37","slug":"zuerich-neue-direktorin-fuer-das-staedtebau-amt","status":"publish","type":"post","link":"https:\/\/www.immobilienbusiness.ch\/fr\/regionen\/2016-09-02\/zuerich-neue-direktorin-fuer-das-staedtebau-amt\/","title":{"rendered":"Zurich : nouvelle directrice pour l'office de l'urbanisme"},"content":{"rendered":"<figure id=\"attachment_3797\" aria-describedby=\"caption-attachment-3797\" style=\"width: 680px\" class=\"wp-caption alignnone\"><img loading=\"lazy\" decoding=\"async\" class=\"size-medium wp-image-3797\" src=\"https:\/\/immobilienbusiness.ch\/wp-content\/uploads\/2016\/12\/Z\u00fcrich-Neue-Direktorin-f\u00fcr-das-St\u00e4dtebau-Amt-immobilien-business.jpg\" alt=\"Die k\u00fcnftige Direktorin des Amts f\u00fcr St\u00e4dtebau: Katrin G\u00fcgler (Foto: Stadt Z\u00fcrich)\" width=\"680\" height=\"510\" \/><figcaption id=\"caption-attachment-3797\" class=\"wp-caption-text\">La future directrice de l'Office de l'urbanisme : Katrin G\u00fcgler (photo : Ville de Zurich)<\/figcaption><\/figure>\n<p>Katrin G\u00fcgler (51 ans) succ\u00e8de \u00e0 Patrick Gm\u00fcr, qui quittera l'Office d'urbanisme fin septembre 2016. Jusqu'\u00e0 l'entr\u00e9e en fonction de la nouvelle directrice, Pascal Hunkeler dirigera l'Office de l'urbanisme en tant que membre de la direction et directeur suppl\u00e9ant.<\/p>\n<p>G\u00fcgler a \u00e9tudi\u00e9 l'architecture \u00e0 l'EPF de Zurich et a ensuite travaill\u00e9 chez Morger &amp; Degelo Architekten \u00e0 B\u00e2le. Dans les ann\u00e9es 90, elle s'est mise \u00e0 son compte et a \u00e9t\u00e9 responsable, entre autres, de la transformation et de la construction de l'auberge de jeunesse de Grindelwald.<\/p>\n<p>De 1993 \u00e0 2001, elle a \u00e9t\u00e9 assistante de conception et de dipl\u00f4me \u00e0 l'EPF de Zurich aupr\u00e8s du professeur Wolfgang Schett, avant de travailler de 2001 \u00e0 2007 \u00e0 l'Office d'urbanisme de Zurich en tant que chef de projet et responsable de zone. Depuis 2007, elle est membre de la direction de l'Office d'urbanisme de Winterthur. Elle a d'abord \u00e9t\u00e9 coresponsable de l'am\u00e9nagement urbain, puis a pris la direction du d\u00e9partement D\u00e9veloppement. Depuis deux ans, elle est \u00e0 la t\u00eate du d\u00e9partement de construction 2. (ah)<\/p>","protected":false},"excerpt":{"rendered":"<p>Le conseil municipal de Zurich a choisi l'architecte Katrin G\u00fcgler comme nouvelle directrice de l'Office de l'urbanisme. Elle prendra ses fonctions le 1er avril 2017.<\/p>","protected":false},"author":1,"featured_media":3797,"comment_status":"open","ping_status":"open","sticky":false,"template":"","format":"standard","meta":{"_acf_changed":false,"_yoast_wpseo_focuskw":"St\u00e4dtebau-Amt","_yoast_wpseo_title":"","_yoast_wpseo_metadesc":"Der Z\u00fcrcher Stadtrat hat die Architektin Katrin G\u00fcgler zur neuen Direktorin des St\u00e4dtebau-Amts gew\u00e4hlt. Sie wird das Amt am 1. April 2017 antreten.","_yoast_wpseo_linkdex":53,"pgc_sgb_lightbox_settings":"","footnotes":""},"categories":[985],"tags":[1564,1629,1888],"class_list":["post-3796","post","type-post","status-publish","format-standard","has-post-thumbnail","hentry","category-regionen","tag-personalien","tag-regionen","tag-zuerich"],"acf":[],"yoast_head":"<!-- This site is optimized with the Yoast SEO plugin v27.5 - https:\/\/yoast.com\/product\/yoast-seo-wordpress\/ -->\n<title>Z\u00fcrich: Neue Direktorin f\u00fcr das St\u00e4dtebau-Amt - IMMOBILIEN Business<\/title>\n<meta name=\"description\" content=\"Der Z\u00fcrcher Stadtrat hat die Architektin Katrin G\u00fcgler zur neuen Direktorin des St\u00e4dtebau-Amts gew\u00e4hlt. Sie wird das Amt am 1. April 2017 antreten.\" \/>\n<meta name=\"robots\" content=\"index, follow, max-snippet:-1, max-image-preview:large, max-video-preview:-1\" \/>\n<link rel=\"canonical\" href=\"https:\/\/www.immobilienbusiness.ch\/fr\/regionen\/2016-09-02\/zuerich-neue-direktorin-fuer-das-staedtebau-amt\/\" \/>\n<meta property=\"og:locale\" content=\"fr_FR\" \/>\n<meta property=\"og:type\" content=\"article\" \/>\n<meta property=\"og:title\" content=\"Z\u00fcrich: Neue Direktorin f\u00fcr das St\u00e4dtebau-Amt\" \/>\n<meta property=\"og:description\" content=\"Der Z\u00fcrcher Stadtrat hat die Architektin Katrin G\u00fcgler zur neuen Direktorin des Amts f\u00fcr St\u00e4dtebau gew\u00e4hlt. Sie wird das Amt am 1. April 2017 antreten.\" \/>\n<meta property=\"og:url\" content=\"https:\/\/www.immobilienbusiness.ch\/fr\/regionen\/2016-09-02\/zuerich-neue-direktorin-fuer-das-staedtebau-amt\/\" \/>\n<meta property=\"og:site_name\" content=\"IMMOBILIEN Business\" \/>\n<meta property=\"article:publisher\" content=\"https:\/\/www.facebook.com\/immobilienbusiness\/\" \/>\n<meta property=\"article:published_time\" content=\"2016-09-02T07:24:37+00:00\" \/>\n<meta name=\"author\" content=\"Redaktion\" \/>\n<meta name=\"twitter:card\" content=\"summary_large_image\" \/>\n<meta name=\"twitter:image\" content=\"https:\/\/www.immobilienbusiness.ch\/wp-content\/uploads\/2016\/12\/Zuerich-Neue-Direktorin-fuer-das-Staedtebau-Amt-immobilien-business.jpg\" \/>\n<script type=\"application\/ld+json\" class=\"yoast-schema-graph\">{\"@context\":\"https:\\\/\\\/schema.org\",\"@graph\":[{\"@type\":\"Article\",\"@id\":\"https:\\\/\\\/www.immobilienbusiness.ch\\\/de\\\/regionen\\\/2016-09-02\\\/zuerich-neue-direktorin-fuer-das-staedtebau-amt\\\/#article\",\"isPartOf\":{\"@id\":\"https:\\\/\\\/www.immobilienbusiness.ch\\\/de\\\/regionen\\\/2016-09-02\\\/zuerich-neue-direktorin-fuer-das-staedtebau-amt\\\/\"},\"author\":{\"name\":\"Redaktion\",\"@id\":\"https:\\\/\\\/www.immobilienbusiness.ch\\\/#\\\/schema\\\/person\\\/aa2bace6c5c5aad60102004a50c4eb1c\"},\"headline\":\"Z\u00fcrich: Neue Direktorin f\u00fcr das St\u00e4dtebau-Amt\",\"datePublished\":\"2016-09-02T07:24:37+00:00\",\"mainEntityOfPage\":{\"@id\":\"https:\\\/\\\/www.immobilienbusiness.ch\\\/de\\\/regionen\\\/2016-09-02\\\/zuerich-neue-direktorin-fuer-das-staedtebau-amt\\\/\"},\"wordCount\":196,\"commentCount\":0,\"publisher\":{\"@id\":\"https:\\\/\\\/www.immobilienbusiness.ch\\\/#organization\"},\"image\":{\"@id\":\"https:\\\/\\\/www.immobilienbusiness.ch\\\/de\\\/regionen\\\/2016-09-02\\\/zuerich-neue-direktorin-fuer-das-staedtebau-amt\\\/#primaryimage\"},\"thumbnailUrl\":\"https:\\\/\\\/www.immobilienbusiness.ch\\\/wp-content\\\/uploads\\\/2016\\\/12\\\/Zuerich-Neue-Direktorin-fuer-das-Staedtebau-Amt-immobilien-business.jpg\",\"keywords\":[\"Personalien\",\"Regionen\",\"Z\u00fcrich\"],\"articleSection\":[\"REGIONEN\"],\"inLanguage\":\"fr-FR\"},{\"@type\":\"WebPage\",\"@id\":\"https:\\\/\\\/www.immobilienbusiness.ch\\\/de\\\/regionen\\\/2016-09-02\\\/zuerich-neue-direktorin-fuer-das-staedtebau-amt\\\/\",\"url\":\"https:\\\/\\\/www.immobilienbusiness.ch\\\/de\\\/regionen\\\/2016-09-02\\\/zuerich-neue-direktorin-fuer-das-staedtebau-amt\\\/\",\"name\":\"Z\u00fcrich: Neue Direktorin f\u00fcr das St\u00e4dtebau-Amt - IMMOBILIEN Business\",\"isPartOf\":{\"@id\":\"https:\\\/\\\/www.immobilienbusiness.ch\\\/#website\"},\"primaryImageOfPage\":{\"@id\":\"https:\\\/\\\/www.immobilienbusiness.ch\\\/de\\\/regionen\\\/2016-09-02\\\/zuerich-neue-direktorin-fuer-das-staedtebau-amt\\\/#primaryimage\"},\"image\":{\"@id\":\"https:\\\/\\\/www.immobilienbusiness.ch\\\/de\\\/regionen\\\/2016-09-02\\\/zuerich-neue-direktorin-fuer-das-staedtebau-amt\\\/#primaryimage\"},\"thumbnailUrl\":\"https:\\\/\\\/www.immobilienbusiness.ch\\\/wp-content\\\/uploads\\\/2016\\\/12\\\/Zuerich-Neue-Direktorin-fuer-das-Staedtebau-Amt-immobilien-business.jpg\",\"datePublished\":\"2016-09-02T07:24:37+00:00\",\"description\":\"Der Z\u00fcrcher Stadtrat hat die Architektin Katrin G\u00fcgler zur neuen Direktorin des St\u00e4dtebau-Amts gew\u00e4hlt. Sie wird das Amt am 1. April 2017 antreten.\",\"breadcrumb\":{\"@id\":\"https:\\\/\\\/www.immobilienbusiness.ch\\\/de\\\/regionen\\\/2016-09-02\\\/zuerich-neue-direktorin-fuer-das-staedtebau-amt\\\/#breadcrumb\"},\"inLanguage\":\"fr-FR\",\"potentialAction\":[{\"@type\":\"ReadAction\",\"target\":[\"https:\\\/\\\/www.immobilienbusiness.ch\\\/de\\\/regionen\\\/2016-09-02\\\/zuerich-neue-direktorin-fuer-das-staedtebau-amt\\\/\"]}]},{\"@type\":\"ImageObject\",\"inLanguage\":\"fr-FR\",\"@id\":\"https:\\\/\\\/www.immobilienbusiness.ch\\\/de\\\/regionen\\\/2016-09-02\\\/zuerich-neue-direktorin-fuer-das-staedtebau-amt\\\/#primaryimage\",\"url\":\"https:\\\/\\\/www.immobilienbusiness.ch\\\/wp-content\\\/uploads\\\/2016\\\/12\\\/Zuerich-Neue-Direktorin-fuer-das-Staedtebau-Amt-immobilien-business.jpg\",\"contentUrl\":\"https:\\\/\\\/www.immobilienbusiness.ch\\\/wp-content\\\/uploads\\\/2016\\\/12\\\/Zuerich-Neue-Direktorin-fuer-das-Staedtebau-Amt-immobilien-business.jpg\",\"width\":1772,\"height\":1329,\"caption\":\"Die k\u00fcnftige Direktorin des Amts f\u00fcr St\u00e4dtebau: Katrin G\u00fcgler (Foto: Stadt Z\u00fcrich)\"},{\"@type\":\"BreadcrumbList\",\"@id\":\"https:\\\/\\\/www.immobilienbusiness.ch\\\/de\\\/regionen\\\/2016-09-02\\\/zuerich-neue-direktorin-fuer-das-staedtebau-amt\\\/#breadcrumb\",\"itemListElement\":[{\"@type\":\"ListItem\",\"position\":1,\"name\":\"Home\",\"item\":\"https:\\\/\\\/www.immobilienbusiness.ch\\\/\"},{\"@type\":\"ListItem\",\"position\":2,\"name\":\"Z\u00fcrich: Neue Direktorin f\u00fcr das St\u00e4dtebau-Amt\"}]},{\"@type\":\"WebSite\",\"@id\":\"https:\\\/\\\/www.immobilienbusiness.ch\\\/#website\",\"url\":\"https:\\\/\\\/www.immobilienbusiness.ch\\\/\",\"name\":\"IMMOBILIEN Business\",\"description\":\"Unabh\u00e4ngiges Schweizer Wirtschaftsmagazin mit Fokus auf Immobilien, Architektur- und Bau sowie Investment- und Finanzierung.\",\"publisher\":{\"@id\":\"https:\\\/\\\/www.immobilienbusiness.ch\\\/#organization\"},\"potentialAction\":[{\"@type\":\"SearchAction\",\"target\":{\"@type\":\"EntryPoint\",\"urlTemplate\":\"https:\\\/\\\/www.immobilienbusiness.ch\\\/?s={search_term_string}\"},\"query-input\":{\"@type\":\"PropertyValueSpecification\",\"valueRequired\":true,\"valueName\":\"search_term_string\"}}],\"inLanguage\":\"fr-FR\"},{\"@type\":\"Organization\",\"@id\":\"https:\\\/\\\/www.immobilienbusiness.ch\\\/#organization\",\"name\":\"IMMOBILIEN Business\",\"url\":\"https:\\\/\\\/www.immobilienbusiness.ch\\\/\",\"logo\":{\"@type\":\"ImageObject\",\"inLanguage\":\"fr-FR\",\"@id\":\"https:\\\/\\\/www.immobilienbusiness.ch\\\/#\\\/schema\\\/logo\\\/image\\\/\",\"url\":\"https:\\\/\\\/www.immobilienbusiness.ch\\\/wp-content\\\/uploads\\\/2021\\\/07\\\/logo_ib.png\",\"contentUrl\":\"https:\\\/\\\/www.immobilienbusiness.ch\\\/wp-content\\\/uploads\\\/2021\\\/07\\\/logo_ib.png\",\"width\":800,\"height\":181,\"caption\":\"IMMOBILIEN Business\"},\"image\":{\"@id\":\"https:\\\/\\\/www.immobilienbusiness.ch\\\/#\\\/schema\\\/logo\\\/image\\\/\"},\"sameAs\":[\"https:\\\/\\\/www.facebook.com\\\/immobilienbusiness\\\/\"]},{\"@type\":\"Person\",\"@id\":\"https:\\\/\\\/www.immobilienbusiness.ch\\\/#\\\/schema\\\/person\\\/aa2bace6c5c5aad60102004a50c4eb1c\",\"name\":\"Redaktion\",\"image\":{\"@type\":\"ImageObject\",\"inLanguage\":\"fr-FR\",\"@id\":\"https:\\\/\\\/secure.gravatar.com\\\/avatar\\\/ae2f4d718e6c49043e314ce431e7e645d646302a24a5ef5a8bc8e3f5a032e319?s=96&d=mm&r=g\",\"url\":\"https:\\\/\\\/secure.gravatar.com\\\/avatar\\\/ae2f4d718e6c49043e314ce431e7e645d646302a24a5ef5a8bc8e3f5a032e319?s=96&d=mm&r=g\",\"contentUrl\":\"https:\\\/\\\/secure.gravatar.com\\\/avatar\\\/ae2f4d718e6c49043e314ce431e7e645d646302a24a5ef5a8bc8e3f5a032e319?s=96&d=mm&r=g\",\"caption\":\"Redaktion\"},\"sameAs\":[\"http:\\\/\\\/develop.organisator.galledia.ch\"],\"url\":\"https:\\\/\\\/www.immobilienbusiness.ch\\\/fr\\\/author\\\/admin\\\/\"}]}<\/script>\n<!-- \/ Yoast SEO plugin. -->","yoast_head_json":{"title":"Zurich : nouvelle directrice pour l'office de l'urbanisme - IMMOBILIER Business","description":"Le conseil municipal de Zurich a choisi l'architecte Katrin G\u00fcgler comme nouvelle directrice du service d'urbanisme. Elle prendra ses fonctions le 1er avril 2017.","robots":{"index":"index","follow":"follow","max-snippet":"max-snippet:-1","max-image-preview":"max-image-preview:large","max-video-preview":"max-video-preview:-1"},"canonical":"https:\/\/www.immobilienbusiness.ch\/fr\/regionen\/2016-09-02\/zuerich-neue-direktorin-fuer-das-staedtebau-amt\/","og_locale":"fr_FR","og_type":"article","og_title":"Z\u00fcrich: Neue Direktorin f\u00fcr das St\u00e4dtebau-Amt","og_description":"Der Z\u00fcrcher Stadtrat hat die Architektin Katrin G\u00fcgler zur neuen Direktorin des Amts f\u00fcr St\u00e4dtebau gew\u00e4hlt. Sie wird das Amt am 1. April 2017 antreten.","og_url":"https:\/\/www.immobilienbusiness.ch\/fr\/regionen\/2016-09-02\/zuerich-neue-direktorin-fuer-das-staedtebau-amt\/","og_site_name":"IMMOBILIEN Business","article_publisher":"https:\/\/www.facebook.com\/immobilienbusiness\/","article_published_time":"2016-09-02T07:24:37+00:00","author":"Redaktion","twitter_card":"summary_large_image","twitter_image":"https:\/\/www.immobilienbusiness.ch\/wp-content\/uploads\/2016\/12\/Zuerich-Neue-Direktorin-fuer-das-Staedtebau-Amt-immobilien-business.jpg","schema":{"@context":"https:\/\/schema.org","@graph":[{"@type":"Article","@id":"https:\/\/www.immobilienbusiness.ch\/de\/regionen\/2016-09-02\/zuerich-neue-direktorin-fuer-das-staedtebau-amt\/#article","isPartOf":{"@id":"https:\/\/www.immobilienbusiness.ch\/de\/regionen\/2016-09-02\/zuerich-neue-direktorin-fuer-das-staedtebau-amt\/"},"author":{"name":"Redaktion","@id":"https:\/\/www.immobilienbusiness.ch\/#\/schema\/person\/aa2bace6c5c5aad60102004a50c4eb1c"},"headline":"Z\u00fcrich: Neue Direktorin f\u00fcr das St\u00e4dtebau-Amt","datePublished":"2016-09-02T07:24:37+00:00","mainEntityOfPage":{"@id":"https:\/\/www.immobilienbusiness.ch\/de\/regionen\/2016-09-02\/zuerich-neue-direktorin-fuer-das-staedtebau-amt\/"},"wordCount":196,"commentCount":0,"publisher":{"@id":"https:\/\/www.immobilienbusiness.ch\/#organization"},"image":{"@id":"https:\/\/www.immobilienbusiness.ch\/de\/regionen\/2016-09-02\/zuerich-neue-direktorin-fuer-das-staedtebau-amt\/#primaryimage"},"thumbnailUrl":"https:\/\/www.immobilienbusiness.ch\/wp-content\/uploads\/2016\/12\/Zuerich-Neue-Direktorin-fuer-das-Staedtebau-Amt-immobilien-business.jpg","keywords":["Personalien","Regionen","Z\u00fcrich"],"articleSection":["REGIONEN"],"inLanguage":"fr-FR"},{"@type":"WebPage","@id":"https:\/\/www.immobilienbusiness.ch\/de\/regionen\/2016-09-02\/zuerich-neue-direktorin-fuer-das-staedtebau-amt\/","url":"https:\/\/www.immobilienbusiness.ch\/de\/regionen\/2016-09-02\/zuerich-neue-direktorin-fuer-das-staedtebau-amt\/","name":"Zurich : nouvelle directrice pour l'office de l'urbanisme - IMMOBILIER Business","isPartOf":{"@id":"https:\/\/www.immobilienbusiness.ch\/#website"},"primaryImageOfPage":{"@id":"https:\/\/www.immobilienbusiness.ch\/de\/regionen\/2016-09-02\/zuerich-neue-direktorin-fuer-das-staedtebau-amt\/#primaryimage"},"image":{"@id":"https:\/\/www.immobilienbusiness.ch\/de\/regionen\/2016-09-02\/zuerich-neue-direktorin-fuer-das-staedtebau-amt\/#primaryimage"},"thumbnailUrl":"https:\/\/www.immobilienbusiness.ch\/wp-content\/uploads\/2016\/12\/Zuerich-Neue-Direktorin-fuer-das-Staedtebau-Amt-immobilien-business.jpg","datePublished":"2016-09-02T07:24:37+00:00","description":"Le conseil municipal de Zurich a choisi l'architecte Katrin G\u00fcgler comme nouvelle directrice du service d'urbanisme. Elle prendra ses fonctions le 1er avril 2017.","breadcrumb":{"@id":"https:\/\/www.immobilienbusiness.ch\/de\/regionen\/2016-09-02\/zuerich-neue-direktorin-fuer-das-staedtebau-amt\/#breadcrumb"},"inLanguage":"fr-FR","potentialAction":[{"@type":"ReadAction","target":["https:\/\/www.immobilienbusiness.ch\/de\/regionen\/2016-09-02\/zuerich-neue-direktorin-fuer-das-staedtebau-amt\/"]}]},{"@type":"ImageObject","inLanguage":"fr-FR","@id":"https:\/\/www.immobilienbusiness.ch\/de\/regionen\/2016-09-02\/zuerich-neue-direktorin-fuer-das-staedtebau-amt\/#primaryimage","url":"https:\/\/www.immobilienbusiness.ch\/wp-content\/uploads\/2016\/12\/Zuerich-Neue-Direktorin-fuer-das-Staedtebau-Amt-immobilien-business.jpg","contentUrl":"https:\/\/www.immobilienbusiness.ch\/wp-content\/uploads\/2016\/12\/Zuerich-Neue-Direktorin-fuer-das-Staedtebau-Amt-immobilien-business.jpg","width":1772,"height":1329,"caption":"Die k\u00fcnftige Direktorin des Amts f\u00fcr St\u00e4dtebau: Katrin G\u00fcgler (Foto: Stadt Z\u00fcrich)"},{"@type":"BreadcrumbList","@id":"https:\/\/www.immobilienbusiness.ch\/de\/regionen\/2016-09-02\/zuerich-neue-direktorin-fuer-das-staedtebau-amt\/#breadcrumb","itemListElement":[{"@type":"ListItem","position":1,"name":"Home","item":"https:\/\/www.immobilienbusiness.ch\/"},{"@type":"ListItem","position":2,"name":"Z\u00fcrich: Neue Direktorin f\u00fcr das St\u00e4dtebau-Amt"}]},{"@type":"WebSite","@id":"https:\/\/www.immobilienbusiness.ch\/#website","url":"https:\/\/www.immobilienbusiness.ch\/","name":"IMMOBILIER Business","description":"Magazine \u00e9conomique suisse ind\u00e9pendant ax\u00e9 sur l'immobilier, l'architecture et la construction ainsi que sur les investissements et le financement.","publisher":{"@id":"https:\/\/www.immobilienbusiness.ch\/#organization"},"potentialAction":[{"@type":"SearchAction","target":{"@type":"EntryPoint","urlTemplate":"https:\/\/www.immobilienbusiness.ch\/?s={search_term_string}"},"query-input":{"@type":"PropertyValueSpecification","valueRequired":true,"valueName":"search_term_string"}}],"inLanguage":"fr-FR"},{"@type":"Organization","@id":"https:\/\/www.immobilienbusiness.ch\/#organization","name":"IMMOBILIER Business","url":"https:\/\/www.immobilienbusiness.ch\/","logo":{"@type":"ImageObject","inLanguage":"fr-FR","@id":"https:\/\/www.immobilienbusiness.ch\/#\/schema\/logo\/image\/","url":"https:\/\/www.immobilienbusiness.ch\/wp-content\/uploads\/2021\/07\/logo_ib.png","contentUrl":"https:\/\/www.immobilienbusiness.ch\/wp-content\/uploads\/2021\/07\/logo_ib.png","width":800,"height":181,"caption":"IMMOBILIEN Business"},"image":{"@id":"https:\/\/www.immobilienbusiness.ch\/#\/schema\/logo\/image\/"},"sameAs":["https:\/\/www.facebook.com\/immobilienbusiness\/"]},{"@type":"Person","@id":"https:\/\/www.immobilienbusiness.ch\/#\/schema\/person\/aa2bace6c5c5aad60102004a50c4eb1c","name":"Editorial","image":{"@type":"ImageObject","inLanguage":"fr-FR","@id":"https:\/\/secure.gravatar.com\/avatar\/ae2f4d718e6c49043e314ce431e7e645d646302a24a5ef5a8bc8e3f5a032e319?s=96&d=mm&r=g","url":"https:\/\/secure.gravatar.com\/avatar\/ae2f4d718e6c49043e314ce431e7e645d646302a24a5ef5a8bc8e3f5a032e319?s=96&d=mm&r=g","contentUrl":"https:\/\/secure.gravatar.com\/avatar\/ae2f4d718e6c49043e314ce431e7e645d646302a24a5ef5a8bc8e3f5a032e319?s=96&d=mm&r=g","caption":"Redaktion"},"sameAs":["http:\/\/develop.organisator.galledia.ch"],"url":"https:\/\/www.immobilienbusiness.ch\/fr\/author\/admin\/"}]}},"_links":{"self":[{"href":"https:\/\/www.immobilienbusiness.ch\/fr\/wp-json\/wp\/v2\/posts\/3796","targetHints":{"allow":["GET"]}}],"collection":[{"href":"https:\/\/www.immobilienbusiness.ch\/fr\/wp-json\/wp\/v2\/posts"}],"about":[{"href":"https:\/\/www.immobilienbusiness.ch\/fr\/wp-json\/wp\/v2\/types\/post"}],"author":[{"embeddable":true,"href":"https:\/\/www.immobilienbusiness.ch\/fr\/wp-json\/wp\/v2\/users\/1"}],"replies":[{"embeddable":true,"href":"https:\/\/www.immobilienbusiness.ch\/fr\/wp-json\/wp\/v2\/comments?post=3796"}],"version-history":[{"count":0,"href":"https:\/\/www.immobilienbusiness.ch\/fr\/wp-json\/wp\/v2\/posts\/3796\/revisions"}],"wp:featuredmedia":[{"embeddable":true,"href":"https:\/\/www.immobilienbusiness.ch\/fr\/wp-json\/wp\/v2\/media\/3797"}],"wp:attachment":[{"href":"https:\/\/www.immobilienbusiness.ch\/fr\/wp-json\/wp\/v2\/media?parent=3796"}],"wp:term":[{"taxonomy":"category","embeddable":true,"href":"https:\/\/www.immobilienbusiness.ch\/fr\/wp-json\/wp\/v2\/categories?post=3796"},{"taxonomy":"post_tag","embeddable":true,"href":"https:\/\/www.immobilienbusiness.ch\/fr\/wp-json\/wp\/v2\/tags?post=3796"}],"curies":[{"name":"wp","href":"https:\/\/api.w.org\/{rel}","templated":true}]}}