{"id":37904,"date":"2021-07-30T08:25:52","date_gmt":"2021-07-30T06:25:52","guid":{"rendered":"https:\/\/www.immobilienbusiness.ch\/?p=37904"},"modified":"2021-11-15T15:04:16","modified_gmt":"2021-11-15T14:04:16","slug":"raiffeisen-futura-immo-fonds-erneuter-zukauf","status":"publish","type":"post","link":"https:\/\/www.immobilienbusiness.ch\/fr\/regionen\/2021-07-30\/raiffeisen-futura-immo-fonds-erneuter-zukauf\/","title":{"rendered":"Raiffeisen Futura Immo Fonds : une autre acquisition"},"content":{"rendered":"<figure id=\"attachment_37905\" aria-describedby=\"caption-attachment-37905\" style=\"width: 548px\" class=\"wp-caption alignnone\"><img loading=\"lazy\" decoding=\"async\" class=\"wp-image-37905 size-full\" src=\"https:\/\/www.immobilienbusiness.ch\/wp-content\/uploads\/2021\/07\/Olten.jpg\" alt=\"\" width=\"548\" height=\"335\" srcset=\"https:\/\/www.immobilienbusiness.ch\/wp-content\/uploads\/2021\/07\/Olten.jpg 548w, https:\/\/www.immobilienbusiness.ch\/wp-content\/uploads\/2021\/07\/Olten-300x183.jpg 300w, https:\/\/www.immobilienbusiness.ch\/wp-content\/uploads\/2021\/07\/Olten-16x10.jpg 16w, https:\/\/www.immobilienbusiness.ch\/wp-content\/uploads\/2021\/07\/Olten-286x175.jpg 286w\" sizes=\"auto, (max-width: 548px) 100vw, 548px\" \/><figcaption id=\"caption-attachment-37905\" class=\"wp-caption-text\">Le fonds Raiffeisen Futura Immo investit \u00e0 Olten (Image : Raiffeisen)<\/figcaption><\/figure>\n<p>Le dernier ajout au portefeuille du fonds, la propri\u00e9t\u00e9 urbaine situ\u00e9e \u00e0 l'intersection tr\u00e8s fr\u00e9quent\u00e9e de la Baslerstrasse 37 et de la Ringstrasse 1 \u00e0 Olten, a \u00e9t\u00e9 construite en 1953\/54, selon le fonds Raiffeisen Futura Immo. La propri\u00e9t\u00e9 a \u00e9t\u00e9 continuellement entretenue et a \u00e9t\u00e9 enti\u00e8rement r\u00e9nov\u00e9e dans les ann\u00e9es 1990 et est en bon \u00e9tat, selon le fonds.<\/p>\n<p>Un total de 3 644 m\u00b2 d'espace locatif est r\u00e9parti sur le rez-de-chauss\u00e9e, sept \u00e9tages sup\u00e9rieurs et un sous-sol. La propri\u00e9t\u00e9 est presque enti\u00e8rement lou\u00e9e, a une structure de locataires bien diversifi\u00e9e et offre des plans d'\u00e9tage flexibles et inond\u00e9s de lumi\u00e8re, ajoute le fonds.<\/p>\n<p>Les locataires des bureaux et des commerces b\u00e9n\u00e9ficieront de l'emplacement central, de la fr\u00e9quence \u00e9lev\u00e9e des pi\u00e9tons et de la bonne visibilit\u00e9, ajoute-t-il. La propri\u00e9t\u00e9 est situ\u00e9e sur la rive gauche de l'Aar et \u00e0 seulement 500 m\u00e8tres de la gare ferroviaire. Le quartier offre une large infrastructure et de courtes distances vers les possibilit\u00e9s de loisirs locales.<\/p>\n<p>Le fonds estime le volume d'investissement \u00e0 plus de 17 millions de francs suisses. Le contrat d'achat a \u00e9t\u00e9 sign\u00e9 le 24 juin 2021, et la propri\u00e9t\u00e9 a pris effet le 1er juillet 2021.<\/p>\n<p>Il s'agit de la deuxi\u00e8me acquisition du fonds Raiffeisen Futura Immo en tr\u00e8s peu de temps : il y a quelques jours seulement, le fonds a annonc\u00e9 l'achat de trois immeubles d'habitation \u00e0 Zurich-Seebach. <em>(ah)<\/em><\/p>","protected":false},"excerpt":{"rendered":"<p>Le fonds Raiffeisen Futura Immo a acquis un immeuble de bureaux et de commerces \u00e0 Olten (SO). R\u00e9cemment encore, le fonds avait achet\u00e9 des propri\u00e9t\u00e9s r\u00e9sidentielles \u00e0 Zurich-Seebach. <\/p>","protected":false},"author":3,"featured_media":37905,"comment_status":"closed","ping_status":"closed","sticky":false,"template":"","format":"standard","meta":{"_acf_changed":false,"_yoast_wpseo_focuskw":"Raiffeisen","_yoast_wpseo_title":"","_yoast_wpseo_metadesc":"Der Raiffeisen Futura Immo Fonds hat eine B\u00fcro- und Verkaufsliegenschaft in Olten (SO) erworben.","_yoast_wpseo_linkdex":59,"pgc_sgb_lightbox_settings":"","footnotes":""},"categories":[985],"tags":[1119,1344,1348,1542,1615,1645],"class_list":["post-37904","post","type-post","status-publish","format-standard","has-post-thumbnail","hentry","category-regionen","tag-bueroimmobilien","tag-immobilienfonds","tag-immobilienkauf","tag-olten","tag-raiffeisen","tag-retailflaechen"],"acf":[],"yoast_head":"<!-- This site is optimized with the Yoast SEO plugin v27.4 - https:\/\/yoast.com\/product\/yoast-seo-wordpress\/ -->\n<title>Raiffeisen Futura Immo Fonds: Erneuter Zukauf - IMMOBILIEN Business<\/title>\n<meta name=\"description\" content=\"Der Raiffeisen Futura Immo Fonds hat eine B\u00fcro- und Verkaufsliegenschaft in Olten (SO) erworben.\" \/>\n<meta name=\"robots\" content=\"index, follow, max-snippet:-1, max-image-preview:large, max-video-preview:-1\" \/>\n<link rel=\"canonical\" href=\"https:\/\/www.immobilienbusiness.ch\/fr\/regionen\/2021-07-30\/raiffeisen-futura-immo-fonds-erneuter-zukauf\/\" \/>\n<meta property=\"og:locale\" content=\"fr_FR\" \/>\n<meta property=\"og:type\" content=\"article\" \/>\n<meta property=\"og:title\" content=\"Raiffeisen Futura Immo Fonds: Erneuter Zukauf - IMMOBILIEN Business\" \/>\n<meta property=\"og:description\" content=\"Der Raiffeisen Futura Immo Fonds hat eine B\u00fcro- und Verkaufsliegenschaft in Olten (SO) erworben.\" \/>\n<meta property=\"og:url\" content=\"https:\/\/www.immobilienbusiness.ch\/fr\/regionen\/2021-07-30\/raiffeisen-futura-immo-fonds-erneuter-zukauf\/\" \/>\n<meta property=\"og:site_name\" content=\"IMMOBILIEN Business\" \/>\n<meta property=\"article:publisher\" content=\"https:\/\/www.facebook.com\/immobilienbusiness\/\" \/>\n<meta property=\"article:published_time\" content=\"2021-07-30T06:25:52+00:00\" \/>\n<meta property=\"article:modified_time\" content=\"2021-11-15T14:04:16+00:00\" \/>\n<meta property=\"og:image\" content=\"https:\/\/www.immobilienbusiness.ch\/wp-content\/uploads\/2021\/07\/Olten.jpg\" \/>\n\t<meta property=\"og:image:width\" content=\"548\" \/>\n\t<meta property=\"og:image:height\" content=\"335\" \/>\n\t<meta property=\"og:image:type\" content=\"image\/jpeg\" \/>\n<meta name=\"author\" content=\"anja.hall\" \/>\n<meta name=\"twitter:card\" content=\"summary_large_image\" \/>\n<meta name=\"twitter:image\" content=\"https:\/\/www.immobilienbusiness.ch\/wp-content\/uploads\/2021\/07\/Olten.jpg\" \/>\n<script type=\"application\/ld+json\" class=\"yoast-schema-graph\">{\"@context\":\"https:\\\/\\\/schema.org\",\"@graph\":[{\"@type\":\"Article\",\"@id\":\"https:\\\/\\\/www.immobilienbusiness.ch\\\/fr\\\/regionen\\\/2021-07-30\\\/raiffeisen-futura-immo-fonds-erneuter-zukauf\\\/#article\",\"isPartOf\":{\"@id\":\"https:\\\/\\\/www.immobilienbusiness.ch\\\/fr\\\/regionen\\\/2021-07-30\\\/raiffeisen-futura-immo-fonds-erneuter-zukauf\\\/\"},\"author\":{\"name\":\"anja.hall\",\"@id\":\"https:\\\/\\\/www.immobilienbusiness.ch\\\/#\\\/schema\\\/person\\\/3fc036297b10b9f42d6db5ee932af8c8\"},\"headline\":\"Raiffeisen Futura Immo Fonds: Erneuter Zukauf\",\"datePublished\":\"2021-07-30T06:25:52+00:00\",\"dateModified\":\"2021-11-15T14:04:16+00:00\",\"mainEntityOfPage\":{\"@id\":\"https:\\\/\\\/www.immobilienbusiness.ch\\\/fr\\\/regionen\\\/2021-07-30\\\/raiffeisen-futura-immo-fonds-erneuter-zukauf\\\/\"},\"wordCount\":213,\"publisher\":{\"@id\":\"https:\\\/\\\/www.immobilienbusiness.ch\\\/#organization\"},\"image\":{\"@id\":\"https:\\\/\\\/www.immobilienbusiness.ch\\\/fr\\\/regionen\\\/2021-07-30\\\/raiffeisen-futura-immo-fonds-erneuter-zukauf\\\/#primaryimage\"},\"thumbnailUrl\":\"https:\\\/\\\/www.immobilienbusiness.ch\\\/wp-content\\\/uploads\\\/2021\\\/07\\\/Olten.jpg\",\"keywords\":[\"B\u00fcroimmobilien\",\"Immobilienfonds\",\"Immobilienkauf\",\"Olten\",\"Raiffeisen\",\"Retailfl\u00e4chen\"],\"articleSection\":[\"REGIONEN\"],\"inLanguage\":\"fr-FR\"},{\"@type\":\"WebPage\",\"@id\":\"https:\\\/\\\/www.immobilienbusiness.ch\\\/fr\\\/regionen\\\/2021-07-30\\\/raiffeisen-futura-immo-fonds-erneuter-zukauf\\\/\",\"url\":\"https:\\\/\\\/www.immobilienbusiness.ch\\\/fr\\\/regionen\\\/2021-07-30\\\/raiffeisen-futura-immo-fonds-erneuter-zukauf\\\/\",\"name\":\"Raiffeisen Futura Immo Fonds: Erneuter Zukauf - IMMOBILIEN Business\",\"isPartOf\":{\"@id\":\"https:\\\/\\\/www.immobilienbusiness.ch\\\/#website\"},\"primaryImageOfPage\":{\"@id\":\"https:\\\/\\\/www.immobilienbusiness.ch\\\/fr\\\/regionen\\\/2021-07-30\\\/raiffeisen-futura-immo-fonds-erneuter-zukauf\\\/#primaryimage\"},\"image\":{\"@id\":\"https:\\\/\\\/www.immobilienbusiness.ch\\\/fr\\\/regionen\\\/2021-07-30\\\/raiffeisen-futura-immo-fonds-erneuter-zukauf\\\/#primaryimage\"},\"thumbnailUrl\":\"https:\\\/\\\/www.immobilienbusiness.ch\\\/wp-content\\\/uploads\\\/2021\\\/07\\\/Olten.jpg\",\"datePublished\":\"2021-07-30T06:25:52+00:00\",\"dateModified\":\"2021-11-15T14:04:16+00:00\",\"description\":\"Der Raiffeisen Futura Immo Fonds hat eine B\u00fcro- und Verkaufsliegenschaft in Olten (SO) erworben.\",\"breadcrumb\":{\"@id\":\"https:\\\/\\\/www.immobilienbusiness.ch\\\/fr\\\/regionen\\\/2021-07-30\\\/raiffeisen-futura-immo-fonds-erneuter-zukauf\\\/#breadcrumb\"},\"inLanguage\":\"fr-FR\",\"potentialAction\":[{\"@type\":\"ReadAction\",\"target\":[\"https:\\\/\\\/www.immobilienbusiness.ch\\\/fr\\\/regionen\\\/2021-07-30\\\/raiffeisen-futura-immo-fonds-erneuter-zukauf\\\/\"]}]},{\"@type\":\"ImageObject\",\"inLanguage\":\"fr-FR\",\"@id\":\"https:\\\/\\\/www.immobilienbusiness.ch\\\/fr\\\/regionen\\\/2021-07-30\\\/raiffeisen-futura-immo-fonds-erneuter-zukauf\\\/#primaryimage\",\"url\":\"https:\\\/\\\/www.immobilienbusiness.ch\\\/wp-content\\\/uploads\\\/2021\\\/07\\\/Olten.jpg\",\"contentUrl\":\"https:\\\/\\\/www.immobilienbusiness.ch\\\/wp-content\\\/uploads\\\/2021\\\/07\\\/Olten.jpg\",\"width\":548,\"height\":335,\"caption\":\"Diese Immobilie in Olten geh\u00f6rt zum Portfolio des Fonds (Bild: Raiffeisen)\"},{\"@type\":\"BreadcrumbList\",\"@id\":\"https:\\\/\\\/www.immobilienbusiness.ch\\\/fr\\\/regionen\\\/2021-07-30\\\/raiffeisen-futura-immo-fonds-erneuter-zukauf\\\/#breadcrumb\",\"itemListElement\":[{\"@type\":\"ListItem\",\"position\":1,\"name\":\"Home\",\"item\":\"https:\\\/\\\/www.immobilienbusiness.ch\\\/\"},{\"@type\":\"ListItem\",\"position\":2,\"name\":\"Raiffeisen Futura Immo Fonds: Erneuter Zukauf\"}]},{\"@type\":\"WebSite\",\"@id\":\"https:\\\/\\\/www.immobilienbusiness.ch\\\/#website\",\"url\":\"https:\\\/\\\/www.immobilienbusiness.ch\\\/\",\"name\":\"IMMOBILIEN Business\",\"description\":\"Unabh\u00e4ngiges Schweizer Wirtschaftsmagazin mit Fokus auf Immobilien, Architektur- und Bau sowie Investment- und Finanzierung.\",\"publisher\":{\"@id\":\"https:\\\/\\\/www.immobilienbusiness.ch\\\/#organization\"},\"potentialAction\":[{\"@type\":\"SearchAction\",\"target\":{\"@type\":\"EntryPoint\",\"urlTemplate\":\"https:\\\/\\\/www.immobilienbusiness.ch\\\/?s={search_term_string}\"},\"query-input\":{\"@type\":\"PropertyValueSpecification\",\"valueRequired\":true,\"valueName\":\"search_term_string\"}}],\"inLanguage\":\"fr-FR\"},{\"@type\":\"Organization\",\"@id\":\"https:\\\/\\\/www.immobilienbusiness.ch\\\/#organization\",\"name\":\"IMMOBILIEN Business\",\"url\":\"https:\\\/\\\/www.immobilienbusiness.ch\\\/\",\"logo\":{\"@type\":\"ImageObject\",\"inLanguage\":\"fr-FR\",\"@id\":\"https:\\\/\\\/www.immobilienbusiness.ch\\\/#\\\/schema\\\/logo\\\/image\\\/\",\"url\":\"https:\\\/\\\/www.immobilienbusiness.ch\\\/wp-content\\\/uploads\\\/2021\\\/07\\\/logo_ib.png\",\"contentUrl\":\"https:\\\/\\\/www.immobilienbusiness.ch\\\/wp-content\\\/uploads\\\/2021\\\/07\\\/logo_ib.png\",\"width\":800,\"height\":181,\"caption\":\"IMMOBILIEN Business\"},\"image\":{\"@id\":\"https:\\\/\\\/www.immobilienbusiness.ch\\\/#\\\/schema\\\/logo\\\/image\\\/\"},\"sameAs\":[\"https:\\\/\\\/www.facebook.com\\\/immobilienbusiness\\\/\"]},{\"@type\":\"Person\",\"@id\":\"https:\\\/\\\/www.immobilienbusiness.ch\\\/#\\\/schema\\\/person\\\/3fc036297b10b9f42d6db5ee932af8c8\",\"name\":\"anja.hall\",\"image\":{\"@type\":\"ImageObject\",\"inLanguage\":\"fr-FR\",\"@id\":\"https:\\\/\\\/secure.gravatar.com\\\/avatar\\\/066b5a0d447013502c71a5782f4f3469f03cfe595cc2329fb94652fe47511bfb?s=96&d=mm&r=g\",\"url\":\"https:\\\/\\\/secure.gravatar.com\\\/avatar\\\/066b5a0d447013502c71a5782f4f3469f03cfe595cc2329fb94652fe47511bfb?s=96&d=mm&r=g\",\"contentUrl\":\"https:\\\/\\\/secure.gravatar.com\\\/avatar\\\/066b5a0d447013502c71a5782f4f3469f03cfe595cc2329fb94652fe47511bfb?s=96&d=mm&r=g\",\"caption\":\"anja.hall\"},\"url\":\"https:\\\/\\\/www.immobilienbusiness.ch\\\/fr\\\/author\\\/anja-hall\\\/\"}]}<\/script>\n<!-- \/ Yoast SEO plugin. -->","yoast_head_json":{"title":"Raiffeisen Futura Immo Fonds: Erneuter Zukauf - IMMOBILIEN Business","description":"Der Raiffeisen Futura Immo Fonds hat eine B\u00fcro- und Verkaufsliegenschaft in Olten (SO) erworben.","robots":{"index":"index","follow":"follow","max-snippet":"max-snippet:-1","max-image-preview":"max-image-preview:large","max-video-preview":"max-video-preview:-1"},"canonical":"https:\/\/www.immobilienbusiness.ch\/fr\/regionen\/2021-07-30\/raiffeisen-futura-immo-fonds-erneuter-zukauf\/","og_locale":"fr_FR","og_type":"article","og_title":"Raiffeisen Futura Immo Fonds: Erneuter Zukauf - IMMOBILIEN Business","og_description":"Der Raiffeisen Futura Immo Fonds hat eine B\u00fcro- und Verkaufsliegenschaft in Olten (SO) erworben.","og_url":"https:\/\/www.immobilienbusiness.ch\/fr\/regionen\/2021-07-30\/raiffeisen-futura-immo-fonds-erneuter-zukauf\/","og_site_name":"IMMOBILIEN Business","article_publisher":"https:\/\/www.facebook.com\/immobilienbusiness\/","article_published_time":"2021-07-30T06:25:52+00:00","article_modified_time":"2021-11-15T14:04:16+00:00","og_image":[{"width":548,"height":335,"url":"https:\/\/www.immobilienbusiness.ch\/wp-content\/uploads\/2021\/07\/Olten.jpg","type":"image\/jpeg"}],"author":"anja.hall","twitter_card":"summary_large_image","twitter_image":"https:\/\/www.immobilienbusiness.ch\/wp-content\/uploads\/2021\/07\/Olten.jpg","schema":{"@context":"https:\/\/schema.org","@graph":[{"@type":"Article","@id":"https:\/\/www.immobilienbusiness.ch\/fr\/regionen\/2021-07-30\/raiffeisen-futura-immo-fonds-erneuter-zukauf\/#article","isPartOf":{"@id":"https:\/\/www.immobilienbusiness.ch\/fr\/regionen\/2021-07-30\/raiffeisen-futura-immo-fonds-erneuter-zukauf\/"},"author":{"name":"anja.hall","@id":"https:\/\/www.immobilienbusiness.ch\/#\/schema\/person\/3fc036297b10b9f42d6db5ee932af8c8"},"headline":"Raiffeisen Futura Immo Fonds: Erneuter Zukauf","datePublished":"2021-07-30T06:25:52+00:00","dateModified":"2021-11-15T14:04:16+00:00","mainEntityOfPage":{"@id":"https:\/\/www.immobilienbusiness.ch\/fr\/regionen\/2021-07-30\/raiffeisen-futura-immo-fonds-erneuter-zukauf\/"},"wordCount":213,"publisher":{"@id":"https:\/\/www.immobilienbusiness.ch\/#organization"},"image":{"@id":"https:\/\/www.immobilienbusiness.ch\/fr\/regionen\/2021-07-30\/raiffeisen-futura-immo-fonds-erneuter-zukauf\/#primaryimage"},"thumbnailUrl":"https:\/\/www.immobilienbusiness.ch\/wp-content\/uploads\/2021\/07\/Olten.jpg","keywords":["B\u00fcroimmobilien","Immobilienfonds","Immobilienkauf","Olten","Raiffeisen","Retailfl\u00e4chen"],"articleSection":["REGIONEN"],"inLanguage":"fr-FR"},{"@type":"WebPage","@id":"https:\/\/www.immobilienbusiness.ch\/fr\/regionen\/2021-07-30\/raiffeisen-futura-immo-fonds-erneuter-zukauf\/","url":"https:\/\/www.immobilienbusiness.ch\/fr\/regionen\/2021-07-30\/raiffeisen-futura-immo-fonds-erneuter-zukauf\/","name":"Raiffeisen Futura Immo Fonds: Erneuter Zukauf - IMMOBILIEN Business","isPartOf":{"@id":"https:\/\/www.immobilienbusiness.ch\/#website"},"primaryImageOfPage":{"@id":"https:\/\/www.immobilienbusiness.ch\/fr\/regionen\/2021-07-30\/raiffeisen-futura-immo-fonds-erneuter-zukauf\/#primaryimage"},"image":{"@id":"https:\/\/www.immobilienbusiness.ch\/fr\/regionen\/2021-07-30\/raiffeisen-futura-immo-fonds-erneuter-zukauf\/#primaryimage"},"thumbnailUrl":"https:\/\/www.immobilienbusiness.ch\/wp-content\/uploads\/2021\/07\/Olten.jpg","datePublished":"2021-07-30T06:25:52+00:00","dateModified":"2021-11-15T14:04:16+00:00","description":"Der Raiffeisen Futura Immo Fonds hat eine B\u00fcro- und Verkaufsliegenschaft in Olten (SO) erworben.","breadcrumb":{"@id":"https:\/\/www.immobilienbusiness.ch\/fr\/regionen\/2021-07-30\/raiffeisen-futura-immo-fonds-erneuter-zukauf\/#breadcrumb"},"inLanguage":"fr-FR","potentialAction":[{"@type":"ReadAction","target":["https:\/\/www.immobilienbusiness.ch\/fr\/regionen\/2021-07-30\/raiffeisen-futura-immo-fonds-erneuter-zukauf\/"]}]},{"@type":"ImageObject","inLanguage":"fr-FR","@id":"https:\/\/www.immobilienbusiness.ch\/fr\/regionen\/2021-07-30\/raiffeisen-futura-immo-fonds-erneuter-zukauf\/#primaryimage","url":"https:\/\/www.immobilienbusiness.ch\/wp-content\/uploads\/2021\/07\/Olten.jpg","contentUrl":"https:\/\/www.immobilienbusiness.ch\/wp-content\/uploads\/2021\/07\/Olten.jpg","width":548,"height":335,"caption":"Diese Immobilie in Olten geh\u00f6rt zum Portfolio des Fonds (Bild: Raiffeisen)"},{"@type":"BreadcrumbList","@id":"https:\/\/www.immobilienbusiness.ch\/fr\/regionen\/2021-07-30\/raiffeisen-futura-immo-fonds-erneuter-zukauf\/#breadcrumb","itemListElement":[{"@type":"ListItem","position":1,"name":"Home","item":"https:\/\/www.immobilienbusiness.ch\/"},{"@type":"ListItem","position":2,"name":"Raiffeisen Futura Immo Fonds: Erneuter Zukauf"}]},{"@type":"WebSite","@id":"https:\/\/www.immobilienbusiness.ch\/#website","url":"https:\/\/www.immobilienbusiness.ch\/","name":"IMMOBILIER Business","description":"Magazine \u00e9conomique suisse ind\u00e9pendant ax\u00e9 sur l'immobilier, l'architecture et la construction ainsi que sur les investissements et le financement.","publisher":{"@id":"https:\/\/www.immobilienbusiness.ch\/#organization"},"potentialAction":[{"@type":"SearchAction","target":{"@type":"EntryPoint","urlTemplate":"https:\/\/www.immobilienbusiness.ch\/?s={search_term_string}"},"query-input":{"@type":"PropertyValueSpecification","valueRequired":true,"valueName":"search_term_string"}}],"inLanguage":"fr-FR"},{"@type":"Organization","@id":"https:\/\/www.immobilienbusiness.ch\/#organization","name":"IMMOBILIER Business","url":"https:\/\/www.immobilienbusiness.ch\/","logo":{"@type":"ImageObject","inLanguage":"fr-FR","@id":"https:\/\/www.immobilienbusiness.ch\/#\/schema\/logo\/image\/","url":"https:\/\/www.immobilienbusiness.ch\/wp-content\/uploads\/2021\/07\/logo_ib.png","contentUrl":"https:\/\/www.immobilienbusiness.ch\/wp-content\/uploads\/2021\/07\/logo_ib.png","width":800,"height":181,"caption":"IMMOBILIEN Business"},"image":{"@id":"https:\/\/www.immobilienbusiness.ch\/#\/schema\/logo\/image\/"},"sameAs":["https:\/\/www.facebook.com\/immobilienbusiness\/"]},{"@type":"Person","@id":"https:\/\/www.immobilienbusiness.ch\/#\/schema\/person\/3fc036297b10b9f42d6db5ee932af8c8","name":"anja.hall","image":{"@type":"ImageObject","inLanguage":"fr-FR","@id":"https:\/\/secure.gravatar.com\/avatar\/066b5a0d447013502c71a5782f4f3469f03cfe595cc2329fb94652fe47511bfb?s=96&d=mm&r=g","url":"https:\/\/secure.gravatar.com\/avatar\/066b5a0d447013502c71a5782f4f3469f03cfe595cc2329fb94652fe47511bfb?s=96&d=mm&r=g","contentUrl":"https:\/\/secure.gravatar.com\/avatar\/066b5a0d447013502c71a5782f4f3469f03cfe595cc2329fb94652fe47511bfb?s=96&d=mm&r=g","caption":"anja.hall"},"url":"https:\/\/www.immobilienbusiness.ch\/fr\/author\/anja-hall\/"}]}},"_links":{"self":[{"href":"https:\/\/www.immobilienbusiness.ch\/fr\/wp-json\/wp\/v2\/posts\/37904","targetHints":{"allow":["GET"]}}],"collection":[{"href":"https:\/\/www.immobilienbusiness.ch\/fr\/wp-json\/wp\/v2\/posts"}],"about":[{"href":"https:\/\/www.immobilienbusiness.ch\/fr\/wp-json\/wp\/v2\/types\/post"}],"author":[{"embeddable":true,"href":"https:\/\/www.immobilienbusiness.ch\/fr\/wp-json\/wp\/v2\/users\/3"}],"replies":[{"embeddable":true,"href":"https:\/\/www.immobilienbusiness.ch\/fr\/wp-json\/wp\/v2\/comments?post=37904"}],"version-history":[{"count":3,"href":"https:\/\/www.immobilienbusiness.ch\/fr\/wp-json\/wp\/v2\/posts\/37904\/revisions"}],"predecessor-version":[{"id":37911,"href":"https:\/\/www.immobilienbusiness.ch\/fr\/wp-json\/wp\/v2\/posts\/37904\/revisions\/37911"}],"wp:featuredmedia":[{"embeddable":true,"href":"https:\/\/www.immobilienbusiness.ch\/fr\/wp-json\/wp\/v2\/media\/37905"}],"wp:attachment":[{"href":"https:\/\/www.immobilienbusiness.ch\/fr\/wp-json\/wp\/v2\/media?parent=37904"}],"wp:term":[{"taxonomy":"category","embeddable":true,"href":"https:\/\/www.immobilienbusiness.ch\/fr\/wp-json\/wp\/v2\/categories?post=37904"},{"taxonomy":"post_tag","embeddable":true,"href":"https:\/\/www.immobilienbusiness.ch\/fr\/wp-json\/wp\/v2\/tags?post=37904"}],"curies":[{"name":"wp","href":"https:\/\/api.w.org\/{rel}","templated":true}]}}