{"id":37861,"date":"2021-07-26T08:22:18","date_gmt":"2021-07-26T06:22:18","guid":{"rendered":"https:\/\/www.immobilienbusiness.ch\/?p=37861"},"modified":"2021-07-26T09:27:44","modified_gmt":"2021-07-26T07:27:44","slug":"vonovia-uebernahme-der-deutsche-wohnen-ist-gescheitert","status":"publish","type":"post","link":"https:\/\/www.immobilienbusiness.ch\/fr\/unternehmen\/2021-07-26\/vonovia-uebernahme-der-deutsche-wohnen-ist-gescheitert\/","title":{"rendered":"Vonovia : la reprise de Deutsche Wohnen a \u00e9chou\u00e9"},"content":{"rendered":"<div class=\"quickedit-field\" data-quickedit-field-id=\"node\/6094\/field_content\/de\/full\">\n<div>\n<div class=\"paragraph paragraph--type--text paragraph--view-mode--default\" data-quickedit-entity-id=\"paragraph\/6269\" data-quickedit-entity-instance-id=\"0\">\n<div data-quickedit-field-id=\"paragraph\/6269\/field_text\/de\/default\">\n<figure id=\"attachment_4467\" aria-describedby=\"caption-attachment-4467\" style=\"width: 300px\" class=\"wp-caption alignnone\"><img loading=\"lazy\" decoding=\"async\" class=\"size-medium wp-image-4467\" src=\"https:\/\/www.immobilienbusiness.ch\/wp-content\/uploads\/2016\/12\/Wohnungsmarkt-Situation-entspannt-sich-immobilien-business-300x225.jpg\" alt=\"\" width=\"300\" height=\"225\" srcset=\"https:\/\/www.immobilienbusiness.ch\/wp-content\/uploads\/2016\/12\/Wohnungsmarkt-Situation-entspannt-sich-immobilien-business-300x225.jpg 300w, https:\/\/www.immobilienbusiness.ch\/wp-content\/uploads\/2016\/12\/Wohnungsmarkt-Situation-entspannt-sich-immobilien-business-1024x767.jpg 1024w, https:\/\/www.immobilienbusiness.ch\/wp-content\/uploads\/2016\/12\/Wohnungsmarkt-Situation-entspannt-sich-immobilien-business-768x575.jpg 768w, https:\/\/www.immobilienbusiness.ch\/wp-content\/uploads\/2016\/12\/Wohnungsmarkt-Situation-entspannt-sich-immobilien-business-16x12.jpg 16w, https:\/\/www.immobilienbusiness.ch\/wp-content\/uploads\/2016\/12\/Wohnungsmarkt-Situation-entspannt-sich-immobilien-business-234x175.jpg 234w, https:\/\/www.immobilienbusiness.ch\/wp-content\/uploads\/2016\/12\/Wohnungsmarkt-Situation-entspannt-sich-immobilien-business-467x350.jpg 467w, https:\/\/www.immobilienbusiness.ch\/wp-content\/uploads\/2016\/12\/Wohnungsmarkt-Situation-entspannt-sich-immobilien-business-1068x800.jpg 1068w, https:\/\/www.immobilienbusiness.ch\/wp-content\/uploads\/2016\/12\/Wohnungsmarkt-Situation-entspannt-sich-immobilien-business-920x689.jpg 920w, https:\/\/www.immobilienbusiness.ch\/wp-content\/uploads\/2016\/12\/Wohnungsmarkt-Situation-entspannt-sich-immobilien-business.jpg 1280w\" sizes=\"auto, (max-width: 300px) 100vw, 300px\" \/><figcaption id=\"caption-attachment-4467\" class=\"wp-caption-text\">Vonovia \u00e9choue dans sa reprise de Deutsche Wohnen (Photo : Pixabay)<\/figcaption><\/figure>\n<p>Comme Vonovia l'a annonc\u00e9 le 23 juillet, elle n'a pas r\u00e9ussi \u00e0 atteindre le seuil minimum de 50% d'actions Deutsche Wohnen \u00e0 la fin de la p\u00e9riode d'acceptation le 21 juillet. Seuls 47,62% des actionnaires avaient accept\u00e9 l'offre. Vonovia avait offert 53,03 \u20ac par action Deutsche Wohnen, ce qui repr\u00e9sente une prime de pr\u00e8s de 18% par rapport au cours de cl\u00f4ture de l'action le 21 mai 2021 et de 25% sur la base du cours moyen pond\u00e9r\u00e9 des trois derniers mois. L'offre valorisait la soci\u00e9t\u00e9 immobili\u00e8re \u00e0 18 milliards d'euros.<\/p>\n<p>Une fusion aurait cr\u00e9\u00e9 le plus grand groupe immobilier r\u00e9sidentiel d'Europe, avec une capitalisation boursi\u00e8re de 45 milliards d'euros et un portefeuille de plus de 550 000 appartements d'une valeur immobili\u00e8re combin\u00e9e de pr\u00e8s de 90 milliards d'euros. C'est maintenant la troisi\u00e8me fois que Vonovia \u00e9choue \u00e0 reprendre Deutsche Wohnen. La derni\u00e8re fois qu'une prise de contr\u00f4le a \u00e9chou\u00e9, c'\u00e9tait il y a cinq ans, en raison de la r\u00e9sistance de Deutsche Wohnen. Or, le conseil d'administration et le conseil de surveillance de la soci\u00e9t\u00e9 immobili\u00e8re ont soutenu l'offre. <em>(ah)<\/em><\/p>\n<\/div>\n<\/div>\n<\/div>\n<\/div>","protected":false},"excerpt":{"rendered":"<p>La fusion de Vonovia et Deutsche Wohnen pour former le plus grand groupe immobilier r\u00e9sidentiel d'Europe ne se concr\u00e9tise pas. L'offre publique d'achat de plusieurs milliards n'a pas abouti.<\/p>","protected":false},"author":3,"featured_media":10662,"comment_status":"closed","ping_status":"closed","sticky":false,"template":"","format":"standard","meta":{"_acf_changed":false,"_yoast_wpseo_focuskw":"Vonovia","_yoast_wpseo_title":"","_yoast_wpseo_metadesc":"Die Fusion von Vonovia und Deutsche Wohnen zu Europas gr\u00f6sstem Wohnimmobilienkonzern kommt nicht zustande.","_yoast_wpseo_linkdex":46,"pgc_sgb_lightbox_settings":"","footnotes":""},"categories":[986,988],"tags":[1166,1329,1863],"class_list":["post-37861","post","type-post","status-publish","format-standard","has-post-thumbnail","hentry","category-residential","category-unternehmen","tag-deutschland","tag-immobilien-ag","tag-wohnimmobilien"],"acf":[],"yoast_head":"<!-- This site is optimized with the Yoast SEO plugin v27.4 - https:\/\/yoast.com\/product\/yoast-seo-wordpress\/ -->\n<title>Vonovia: \u00dcbernahme der Deutsche Wohnen ist gescheitert - IMMOBILIEN Business<\/title>\n<meta name=\"description\" content=\"Die Fusion von Vonovia und Deutsche Wohnen zu Europas gr\u00f6sstem Wohnimmobilienkonzern kommt nicht zustande.\" \/>\n<meta name=\"robots\" content=\"index, follow, max-snippet:-1, max-image-preview:large, max-video-preview:-1\" \/>\n<link rel=\"canonical\" href=\"https:\/\/www.immobilienbusiness.ch\/fr\/unternehmen\/2021-07-26\/vonovia-uebernahme-der-deutsche-wohnen-ist-gescheitert\/\" \/>\n<meta property=\"og:locale\" content=\"fr_FR\" \/>\n<meta property=\"og:type\" content=\"article\" \/>\n<meta property=\"og:title\" content=\"Vonovia: \u00dcbernahme der Deutsche Wohnen ist gescheitert - IMMOBILIEN Business\" \/>\n<meta property=\"og:description\" content=\"Die Fusion von Vonovia und Deutsche Wohnen zu Europas gr\u00f6sstem Wohnimmobilienkonzern kommt nicht zustande.\" \/>\n<meta property=\"og:url\" content=\"https:\/\/www.immobilienbusiness.ch\/fr\/unternehmen\/2021-07-26\/vonovia-uebernahme-der-deutsche-wohnen-ist-gescheitert\/\" \/>\n<meta property=\"og:site_name\" content=\"IMMOBILIEN Business\" \/>\n<meta property=\"article:publisher\" content=\"https:\/\/www.facebook.com\/immobilienbusiness\/\" \/>\n<meta property=\"article:published_time\" content=\"2021-07-26T06:22:18+00:00\" \/>\n<meta property=\"article:modified_time\" content=\"2021-07-26T07:27:44+00:00\" \/>\n<meta property=\"og:image\" content=\"https:\/\/www.immobilienbusiness.ch\/wp-content\/uploads\/2017\/12\/IB-News-20171215-Bauzonenstatistik-Verdichtung-nimmt-zu-c-Pixabay.png\" \/>\n\t<meta property=\"og:image:width\" content=\"675\" \/>\n\t<meta property=\"og:image:height\" content=\"450\" \/>\n\t<meta property=\"og:image:type\" content=\"image\/png\" \/>\n<meta name=\"author\" content=\"anja.hall\" \/>\n<meta name=\"twitter:card\" content=\"summary_large_image\" \/>\n<meta name=\"twitter:image\" content=\"https:\/\/www.immobilienbusiness.ch\/wp-content\/uploads\/2017\/12\/IB-News-20171215-Bauzonenstatistik-Verdichtung-nimmt-zu-c-Pixabay.png\" \/>\n<script type=\"application\/ld+json\" class=\"yoast-schema-graph\">{\"@context\":\"https:\\\/\\\/schema.org\",\"@graph\":[{\"@type\":\"Article\",\"@id\":\"https:\\\/\\\/www.immobilienbusiness.ch\\\/en\\\/unternehmen\\\/2021-07-26\\\/vonovia-uebernahme-der-deutsche-wohnen-ist-gescheitert\\\/#article\",\"isPartOf\":{\"@id\":\"https:\\\/\\\/www.immobilienbusiness.ch\\\/en\\\/unternehmen\\\/2021-07-26\\\/vonovia-uebernahme-der-deutsche-wohnen-ist-gescheitert\\\/\"},\"author\":{\"name\":\"anja.hall\",\"@id\":\"https:\\\/\\\/www.immobilienbusiness.ch\\\/#\\\/schema\\\/person\\\/3fc036297b10b9f42d6db5ee932af8c8\"},\"headline\":\"Vonovia: \u00dcbernahme der Deutsche Wohnen ist gescheitert\",\"datePublished\":\"2021-07-26T06:22:18+00:00\",\"dateModified\":\"2021-07-26T07:27:44+00:00\",\"mainEntityOfPage\":{\"@id\":\"https:\\\/\\\/www.immobilienbusiness.ch\\\/en\\\/unternehmen\\\/2021-07-26\\\/vonovia-uebernahme-der-deutsche-wohnen-ist-gescheitert\\\/\"},\"wordCount\":170,\"publisher\":{\"@id\":\"https:\\\/\\\/www.immobilienbusiness.ch\\\/#organization\"},\"image\":{\"@id\":\"https:\\\/\\\/www.immobilienbusiness.ch\\\/en\\\/unternehmen\\\/2021-07-26\\\/vonovia-uebernahme-der-deutsche-wohnen-ist-gescheitert\\\/#primaryimage\"},\"thumbnailUrl\":\"https:\\\/\\\/www.immobilienbusiness.ch\\\/wp-content\\\/uploads\\\/2017\\\/12\\\/IB-News-20171215-Bauzonenstatistik-Verdichtung-nimmt-zu-c-Pixabay.png\",\"keywords\":[\"Deutschland\",\"Immobilien-AG\",\"Wohnimmobilien\"],\"articleSection\":[\"RESIDENTIAL\",\"UNTERNEHMEN\"],\"inLanguage\":\"fr-FR\"},{\"@type\":\"WebPage\",\"@id\":\"https:\\\/\\\/www.immobilienbusiness.ch\\\/en\\\/unternehmen\\\/2021-07-26\\\/vonovia-uebernahme-der-deutsche-wohnen-ist-gescheitert\\\/\",\"url\":\"https:\\\/\\\/www.immobilienbusiness.ch\\\/en\\\/unternehmen\\\/2021-07-26\\\/vonovia-uebernahme-der-deutsche-wohnen-ist-gescheitert\\\/\",\"name\":\"Vonovia: \u00dcbernahme der Deutsche Wohnen ist gescheitert - IMMOBILIEN Business\",\"isPartOf\":{\"@id\":\"https:\\\/\\\/www.immobilienbusiness.ch\\\/#website\"},\"primaryImageOfPage\":{\"@id\":\"https:\\\/\\\/www.immobilienbusiness.ch\\\/en\\\/unternehmen\\\/2021-07-26\\\/vonovia-uebernahme-der-deutsche-wohnen-ist-gescheitert\\\/#primaryimage\"},\"image\":{\"@id\":\"https:\\\/\\\/www.immobilienbusiness.ch\\\/en\\\/unternehmen\\\/2021-07-26\\\/vonovia-uebernahme-der-deutsche-wohnen-ist-gescheitert\\\/#primaryimage\"},\"thumbnailUrl\":\"https:\\\/\\\/www.immobilienbusiness.ch\\\/wp-content\\\/uploads\\\/2017\\\/12\\\/IB-News-20171215-Bauzonenstatistik-Verdichtung-nimmt-zu-c-Pixabay.png\",\"datePublished\":\"2021-07-26T06:22:18+00:00\",\"dateModified\":\"2021-07-26T07:27:44+00:00\",\"description\":\"Die Fusion von Vonovia und Deutsche Wohnen zu Europas gr\u00f6sstem Wohnimmobilienkonzern kommt nicht zustande.\",\"breadcrumb\":{\"@id\":\"https:\\\/\\\/www.immobilienbusiness.ch\\\/en\\\/unternehmen\\\/2021-07-26\\\/vonovia-uebernahme-der-deutsche-wohnen-ist-gescheitert\\\/#breadcrumb\"},\"inLanguage\":\"fr-FR\",\"potentialAction\":[{\"@type\":\"ReadAction\",\"target\":[\"https:\\\/\\\/www.immobilienbusiness.ch\\\/en\\\/unternehmen\\\/2021-07-26\\\/vonovia-uebernahme-der-deutsche-wohnen-ist-gescheitert\\\/\"]}]},{\"@type\":\"ImageObject\",\"inLanguage\":\"fr-FR\",\"@id\":\"https:\\\/\\\/www.immobilienbusiness.ch\\\/en\\\/unternehmen\\\/2021-07-26\\\/vonovia-uebernahme-der-deutsche-wohnen-ist-gescheitert\\\/#primaryimage\",\"url\":\"https:\\\/\\\/www.immobilienbusiness.ch\\\/wp-content\\\/uploads\\\/2017\\\/12\\\/IB-News-20171215-Bauzonenstatistik-Verdichtung-nimmt-zu-c-Pixabay.png\",\"contentUrl\":\"https:\\\/\\\/www.immobilienbusiness.ch\\\/wp-content\\\/uploads\\\/2017\\\/12\\\/IB-News-20171215-Bauzonenstatistik-Verdichtung-nimmt-zu-c-Pixabay.png\",\"width\":675,\"height\":450,\"caption\":\"Der Procimmo 56 (Foto: Pixabay)\"},{\"@type\":\"BreadcrumbList\",\"@id\":\"https:\\\/\\\/www.immobilienbusiness.ch\\\/en\\\/unternehmen\\\/2021-07-26\\\/vonovia-uebernahme-der-deutsche-wohnen-ist-gescheitert\\\/#breadcrumb\",\"itemListElement\":[{\"@type\":\"ListItem\",\"position\":1,\"name\":\"Home\",\"item\":\"https:\\\/\\\/www.immobilienbusiness.ch\\\/\"},{\"@type\":\"ListItem\",\"position\":2,\"name\":\"Vonovia: \u00dcbernahme der Deutsche Wohnen ist gescheitert\"}]},{\"@type\":\"WebSite\",\"@id\":\"https:\\\/\\\/www.immobilienbusiness.ch\\\/#website\",\"url\":\"https:\\\/\\\/www.immobilienbusiness.ch\\\/\",\"name\":\"IMMOBILIEN Business\",\"description\":\"Unabh\u00e4ngiges Schweizer Wirtschaftsmagazin mit Fokus auf Immobilien, Architektur- und Bau sowie Investment- und Finanzierung.\",\"publisher\":{\"@id\":\"https:\\\/\\\/www.immobilienbusiness.ch\\\/#organization\"},\"potentialAction\":[{\"@type\":\"SearchAction\",\"target\":{\"@type\":\"EntryPoint\",\"urlTemplate\":\"https:\\\/\\\/www.immobilienbusiness.ch\\\/?s={search_term_string}\"},\"query-input\":{\"@type\":\"PropertyValueSpecification\",\"valueRequired\":true,\"valueName\":\"search_term_string\"}}],\"inLanguage\":\"fr-FR\"},{\"@type\":\"Organization\",\"@id\":\"https:\\\/\\\/www.immobilienbusiness.ch\\\/#organization\",\"name\":\"IMMOBILIEN Business\",\"url\":\"https:\\\/\\\/www.immobilienbusiness.ch\\\/\",\"logo\":{\"@type\":\"ImageObject\",\"inLanguage\":\"fr-FR\",\"@id\":\"https:\\\/\\\/www.immobilienbusiness.ch\\\/#\\\/schema\\\/logo\\\/image\\\/\",\"url\":\"https:\\\/\\\/www.immobilienbusiness.ch\\\/wp-content\\\/uploads\\\/2021\\\/07\\\/logo_ib.png\",\"contentUrl\":\"https:\\\/\\\/www.immobilienbusiness.ch\\\/wp-content\\\/uploads\\\/2021\\\/07\\\/logo_ib.png\",\"width\":800,\"height\":181,\"caption\":\"IMMOBILIEN Business\"},\"image\":{\"@id\":\"https:\\\/\\\/www.immobilienbusiness.ch\\\/#\\\/schema\\\/logo\\\/image\\\/\"},\"sameAs\":[\"https:\\\/\\\/www.facebook.com\\\/immobilienbusiness\\\/\"]},{\"@type\":\"Person\",\"@id\":\"https:\\\/\\\/www.immobilienbusiness.ch\\\/#\\\/schema\\\/person\\\/3fc036297b10b9f42d6db5ee932af8c8\",\"name\":\"anja.hall\",\"image\":{\"@type\":\"ImageObject\",\"inLanguage\":\"fr-FR\",\"@id\":\"https:\\\/\\\/secure.gravatar.com\\\/avatar\\\/066b5a0d447013502c71a5782f4f3469f03cfe595cc2329fb94652fe47511bfb?s=96&d=mm&r=g\",\"url\":\"https:\\\/\\\/secure.gravatar.com\\\/avatar\\\/066b5a0d447013502c71a5782f4f3469f03cfe595cc2329fb94652fe47511bfb?s=96&d=mm&r=g\",\"contentUrl\":\"https:\\\/\\\/secure.gravatar.com\\\/avatar\\\/066b5a0d447013502c71a5782f4f3469f03cfe595cc2329fb94652fe47511bfb?s=96&d=mm&r=g\",\"caption\":\"anja.hall\"},\"url\":\"https:\\\/\\\/www.immobilienbusiness.ch\\\/fr\\\/author\\\/anja-hall\\\/\"}]}<\/script>\n<!-- \/ Yoast SEO plugin. -->","yoast_head_json":{"title":"Vonovia: \u00dcbernahme der Deutsche Wohnen ist gescheitert - IMMOBILIEN Business","description":"Die Fusion von Vonovia und Deutsche Wohnen zu Europas gr\u00f6sstem Wohnimmobilienkonzern kommt nicht zustande.","robots":{"index":"index","follow":"follow","max-snippet":"max-snippet:-1","max-image-preview":"max-image-preview:large","max-video-preview":"max-video-preview:-1"},"canonical":"https:\/\/www.immobilienbusiness.ch\/fr\/unternehmen\/2021-07-26\/vonovia-uebernahme-der-deutsche-wohnen-ist-gescheitert\/","og_locale":"fr_FR","og_type":"article","og_title":"Vonovia: \u00dcbernahme der Deutsche Wohnen ist gescheitert - IMMOBILIEN Business","og_description":"Die Fusion von Vonovia und Deutsche Wohnen zu Europas gr\u00f6sstem Wohnimmobilienkonzern kommt nicht zustande.","og_url":"https:\/\/www.immobilienbusiness.ch\/fr\/unternehmen\/2021-07-26\/vonovia-uebernahme-der-deutsche-wohnen-ist-gescheitert\/","og_site_name":"IMMOBILIEN Business","article_publisher":"https:\/\/www.facebook.com\/immobilienbusiness\/","article_published_time":"2021-07-26T06:22:18+00:00","article_modified_time":"2021-07-26T07:27:44+00:00","og_image":[{"width":675,"height":450,"url":"https:\/\/www.immobilienbusiness.ch\/wp-content\/uploads\/2017\/12\/IB-News-20171215-Bauzonenstatistik-Verdichtung-nimmt-zu-c-Pixabay.png","type":"image\/png"}],"author":"anja.hall","twitter_card":"summary_large_image","twitter_image":"https:\/\/www.immobilienbusiness.ch\/wp-content\/uploads\/2017\/12\/IB-News-20171215-Bauzonenstatistik-Verdichtung-nimmt-zu-c-Pixabay.png","schema":{"@context":"https:\/\/schema.org","@graph":[{"@type":"Article","@id":"https:\/\/www.immobilienbusiness.ch\/en\/unternehmen\/2021-07-26\/vonovia-uebernahme-der-deutsche-wohnen-ist-gescheitert\/#article","isPartOf":{"@id":"https:\/\/www.immobilienbusiness.ch\/en\/unternehmen\/2021-07-26\/vonovia-uebernahme-der-deutsche-wohnen-ist-gescheitert\/"},"author":{"name":"anja.hall","@id":"https:\/\/www.immobilienbusiness.ch\/#\/schema\/person\/3fc036297b10b9f42d6db5ee932af8c8"},"headline":"Vonovia: \u00dcbernahme der Deutsche Wohnen ist gescheitert","datePublished":"2021-07-26T06:22:18+00:00","dateModified":"2021-07-26T07:27:44+00:00","mainEntityOfPage":{"@id":"https:\/\/www.immobilienbusiness.ch\/en\/unternehmen\/2021-07-26\/vonovia-uebernahme-der-deutsche-wohnen-ist-gescheitert\/"},"wordCount":170,"publisher":{"@id":"https:\/\/www.immobilienbusiness.ch\/#organization"},"image":{"@id":"https:\/\/www.immobilienbusiness.ch\/en\/unternehmen\/2021-07-26\/vonovia-uebernahme-der-deutsche-wohnen-ist-gescheitert\/#primaryimage"},"thumbnailUrl":"https:\/\/www.immobilienbusiness.ch\/wp-content\/uploads\/2017\/12\/IB-News-20171215-Bauzonenstatistik-Verdichtung-nimmt-zu-c-Pixabay.png","keywords":["Deutschland","Immobilien-AG","Wohnimmobilien"],"articleSection":["RESIDENTIAL","UNTERNEHMEN"],"inLanguage":"fr-FR"},{"@type":"WebPage","@id":"https:\/\/www.immobilienbusiness.ch\/en\/unternehmen\/2021-07-26\/vonovia-uebernahme-der-deutsche-wohnen-ist-gescheitert\/","url":"https:\/\/www.immobilienbusiness.ch\/en\/unternehmen\/2021-07-26\/vonovia-uebernahme-der-deutsche-wohnen-ist-gescheitert\/","name":"Vonovia: \u00dcbernahme der Deutsche Wohnen ist gescheitert - IMMOBILIEN Business","isPartOf":{"@id":"https:\/\/www.immobilienbusiness.ch\/#website"},"primaryImageOfPage":{"@id":"https:\/\/www.immobilienbusiness.ch\/en\/unternehmen\/2021-07-26\/vonovia-uebernahme-der-deutsche-wohnen-ist-gescheitert\/#primaryimage"},"image":{"@id":"https:\/\/www.immobilienbusiness.ch\/en\/unternehmen\/2021-07-26\/vonovia-uebernahme-der-deutsche-wohnen-ist-gescheitert\/#primaryimage"},"thumbnailUrl":"https:\/\/www.immobilienbusiness.ch\/wp-content\/uploads\/2017\/12\/IB-News-20171215-Bauzonenstatistik-Verdichtung-nimmt-zu-c-Pixabay.png","datePublished":"2021-07-26T06:22:18+00:00","dateModified":"2021-07-26T07:27:44+00:00","description":"Die Fusion von Vonovia und Deutsche Wohnen zu Europas gr\u00f6sstem Wohnimmobilienkonzern kommt nicht zustande.","breadcrumb":{"@id":"https:\/\/www.immobilienbusiness.ch\/en\/unternehmen\/2021-07-26\/vonovia-uebernahme-der-deutsche-wohnen-ist-gescheitert\/#breadcrumb"},"inLanguage":"fr-FR","potentialAction":[{"@type":"ReadAction","target":["https:\/\/www.immobilienbusiness.ch\/en\/unternehmen\/2021-07-26\/vonovia-uebernahme-der-deutsche-wohnen-ist-gescheitert\/"]}]},{"@type":"ImageObject","inLanguage":"fr-FR","@id":"https:\/\/www.immobilienbusiness.ch\/en\/unternehmen\/2021-07-26\/vonovia-uebernahme-der-deutsche-wohnen-ist-gescheitert\/#primaryimage","url":"https:\/\/www.immobilienbusiness.ch\/wp-content\/uploads\/2017\/12\/IB-News-20171215-Bauzonenstatistik-Verdichtung-nimmt-zu-c-Pixabay.png","contentUrl":"https:\/\/www.immobilienbusiness.ch\/wp-content\/uploads\/2017\/12\/IB-News-20171215-Bauzonenstatistik-Verdichtung-nimmt-zu-c-Pixabay.png","width":675,"height":450,"caption":"Der Procimmo 56 (Foto: Pixabay)"},{"@type":"BreadcrumbList","@id":"https:\/\/www.immobilienbusiness.ch\/en\/unternehmen\/2021-07-26\/vonovia-uebernahme-der-deutsche-wohnen-ist-gescheitert\/#breadcrumb","itemListElement":[{"@type":"ListItem","position":1,"name":"Home","item":"https:\/\/www.immobilienbusiness.ch\/"},{"@type":"ListItem","position":2,"name":"Vonovia: \u00dcbernahme der Deutsche Wohnen ist gescheitert"}]},{"@type":"WebSite","@id":"https:\/\/www.immobilienbusiness.ch\/#website","url":"https:\/\/www.immobilienbusiness.ch\/","name":"IMMOBILIER Business","description":"Magazine \u00e9conomique suisse ind\u00e9pendant ax\u00e9 sur l'immobilier, l'architecture et la construction ainsi que sur les investissements et le financement.","publisher":{"@id":"https:\/\/www.immobilienbusiness.ch\/#organization"},"potentialAction":[{"@type":"SearchAction","target":{"@type":"EntryPoint","urlTemplate":"https:\/\/www.immobilienbusiness.ch\/?s={search_term_string}"},"query-input":{"@type":"PropertyValueSpecification","valueRequired":true,"valueName":"search_term_string"}}],"inLanguage":"fr-FR"},{"@type":"Organization","@id":"https:\/\/www.immobilienbusiness.ch\/#organization","name":"IMMOBILIER Business","url":"https:\/\/www.immobilienbusiness.ch\/","logo":{"@type":"ImageObject","inLanguage":"fr-FR","@id":"https:\/\/www.immobilienbusiness.ch\/#\/schema\/logo\/image\/","url":"https:\/\/www.immobilienbusiness.ch\/wp-content\/uploads\/2021\/07\/logo_ib.png","contentUrl":"https:\/\/www.immobilienbusiness.ch\/wp-content\/uploads\/2021\/07\/logo_ib.png","width":800,"height":181,"caption":"IMMOBILIEN Business"},"image":{"@id":"https:\/\/www.immobilienbusiness.ch\/#\/schema\/logo\/image\/"},"sameAs":["https:\/\/www.facebook.com\/immobilienbusiness\/"]},{"@type":"Person","@id":"https:\/\/www.immobilienbusiness.ch\/#\/schema\/person\/3fc036297b10b9f42d6db5ee932af8c8","name":"anja.hall","image":{"@type":"ImageObject","inLanguage":"fr-FR","@id":"https:\/\/secure.gravatar.com\/avatar\/066b5a0d447013502c71a5782f4f3469f03cfe595cc2329fb94652fe47511bfb?s=96&d=mm&r=g","url":"https:\/\/secure.gravatar.com\/avatar\/066b5a0d447013502c71a5782f4f3469f03cfe595cc2329fb94652fe47511bfb?s=96&d=mm&r=g","contentUrl":"https:\/\/secure.gravatar.com\/avatar\/066b5a0d447013502c71a5782f4f3469f03cfe595cc2329fb94652fe47511bfb?s=96&d=mm&r=g","caption":"anja.hall"},"url":"https:\/\/www.immobilienbusiness.ch\/fr\/author\/anja-hall\/"}]}},"_links":{"self":[{"href":"https:\/\/www.immobilienbusiness.ch\/fr\/wp-json\/wp\/v2\/posts\/37861","targetHints":{"allow":["GET"]}}],"collection":[{"href":"https:\/\/www.immobilienbusiness.ch\/fr\/wp-json\/wp\/v2\/posts"}],"about":[{"href":"https:\/\/www.immobilienbusiness.ch\/fr\/wp-json\/wp\/v2\/types\/post"}],"author":[{"embeddable":true,"href":"https:\/\/www.immobilienbusiness.ch\/fr\/wp-json\/wp\/v2\/users\/3"}],"replies":[{"embeddable":true,"href":"https:\/\/www.immobilienbusiness.ch\/fr\/wp-json\/wp\/v2\/comments?post=37861"}],"version-history":[{"count":2,"href":"https:\/\/www.immobilienbusiness.ch\/fr\/wp-json\/wp\/v2\/posts\/37861\/revisions"}],"predecessor-version":[{"id":37863,"href":"https:\/\/www.immobilienbusiness.ch\/fr\/wp-json\/wp\/v2\/posts\/37861\/revisions\/37863"}],"wp:featuredmedia":[{"embeddable":true,"href":"https:\/\/www.immobilienbusiness.ch\/fr\/wp-json\/wp\/v2\/media\/10662"}],"wp:attachment":[{"href":"https:\/\/www.immobilienbusiness.ch\/fr\/wp-json\/wp\/v2\/media?parent=37861"}],"wp:term":[{"taxonomy":"category","embeddable":true,"href":"https:\/\/www.immobilienbusiness.ch\/fr\/wp-json\/wp\/v2\/categories?post=37861"},{"taxonomy":"post_tag","embeddable":true,"href":"https:\/\/www.immobilienbusiness.ch\/fr\/wp-json\/wp\/v2\/tags?post=37861"}],"curies":[{"name":"wp","href":"https:\/\/api.w.org\/{rel}","templated":true}]}}