{"id":3752,"date":"2016-08-30T09:18:31","date_gmt":"2016-08-30T07:18:31","guid":{"rendered":"http:\/\/dev.immobilienbusiness.ch\/?p=3752"},"modified":"2016-08-30T09:18:31","modified_gmt":"2016-08-30T07:18:31","slug":"signa-migros-manager-dieter-berninghaus-wird-chairman","status":"publish","type":"post","link":"https:\/\/www.immobilienbusiness.ch\/fr\/allgemein\/2016-08-30\/signa-migros-manager-dieter-berninghaus-wird-chairman\/","title":{"rendered":"Signa : Dieter Berninghaus, directeur de Migros, devient pr\u00e9sident du conseil d'administration"},"content":{"rendered":"<figure id=\"attachment_3753\" aria-describedby=\"caption-attachment-3753\" style=\"width: 678px\" class=\"wp-caption alignnone\"><img loading=\"lazy\" decoding=\"async\" class=\"size-full wp-image-3753\" src=\"https:\/\/immobilienbusiness.ch\/wp-content\/uploads\/2016\/12\/Signa-Migros-Manager-Dieter-Berninghaus-wird-Chairman-immobilien-business.jpg\" alt=\"Ernst Dieter Berninghaus wechselt zum September zur Signa-Gruppe (Foto: Migros)\" width=\"678\" height=\"682\" srcset=\"https:\/\/www.immobilienbusiness.ch\/wp-content\/uploads\/2016\/12\/Signa-Migros-Manager-Dieter-Berninghaus-wird-Chairman-immobilien-business.jpg 678w, https:\/\/www.immobilienbusiness.ch\/wp-content\/uploads\/2016\/12\/Signa-Migros-Manager-Dieter-Berninghaus-wird-Chairman-immobilien-business-298x300.jpg 298w, https:\/\/www.immobilienbusiness.ch\/wp-content\/uploads\/2016\/12\/Signa-Migros-Manager-Dieter-Berninghaus-wird-Chairman-immobilien-business-150x150.jpg 150w, https:\/\/www.immobilienbusiness.ch\/wp-content\/uploads\/2016\/12\/Signa-Migros-Manager-Dieter-Berninghaus-wird-Chairman-immobilien-business-12x12.jpg 12w, https:\/\/www.immobilienbusiness.ch\/wp-content\/uploads\/2016\/12\/Signa-Migros-Manager-Dieter-Berninghaus-wird-Chairman-immobilien-business-174x175.jpg 174w, https:\/\/www.immobilienbusiness.ch\/wp-content\/uploads\/2016\/12\/Signa-Migros-Manager-Dieter-Berninghaus-wird-Chairman-immobilien-business-348x350.jpg 348w, https:\/\/www.immobilienbusiness.ch\/wp-content\/uploads\/2016\/12\/Signa-Migros-Manager-Dieter-Berninghaus-wird-Chairman-immobilien-business-250x250.jpg 250w, https:\/\/www.immobilienbusiness.ch\/wp-content\/uploads\/2016\/12\/Signa-Migros-Manager-Dieter-Berninghaus-wird-Chairman-immobilien-business-300x302.jpg 300w, https:\/\/www.immobilienbusiness.ch\/wp-content\/uploads\/2016\/12\/Signa-Migros-Manager-Dieter-Berninghaus-wird-Chairman-immobilien-business-100x100.jpg 100w\" sizes=\"auto, (max-width: 678px) 100vw, 678px\" \/><figcaption id=\"caption-attachment-3753\" class=\"wp-caption-text\">Ernst Dieter Berninghaus rejoindra le groupe Signa en septembre (photo : Migros)<\/figcaption><\/figure>\n<p>Dieter Berninghaus (1965) a \u00e9t\u00e9 membre de la direction g\u00e9n\u00e9rale et CEO du groupe Migros au cours des huit derni\u00e8res ann\u00e9es. En tant que pr\u00e9sident et membre du conseil d'administration, il \u00e9tait responsable de 15 entreprises du groupe de commerce de d\u00e9tail.<\/p>\n<p>De 2004 \u00e0 2008, Berninghaus a \u00e9t\u00e9 membre du conseil d'administration de Denner AG\/Rast Holding AG, puis pr\u00e9sident du conseil d'administration. Auparavant, il a \u00e9t\u00e9 CEO et porte-parole du conseil d'administration du groupe allemand Rewe (1999-2004).<\/p>\n<p>Chez Metro AG (1991-1999), Berninghaus \u00e9tait responsable - en dernier lieu en tant que directeur - de la direction du d\u00e9partement internationalisation du groupe et du d\u00e9veloppement strat\u00e9gique de l'entreprise. (ah)<\/p>","protected":false},"excerpt":{"rendered":"<p>La holding immobili\u00e8re autrichienne Signa se renforce au 1er septembre avec l'arriv\u00e9e du Dr Ernst Dieter Berninghaus. Il devient pr\u00e9sident du conseil d'administration du groupe Signa et pr\u00e9sident de Signa Retail.<\/p>","protected":false},"author":1,"featured_media":3753,"comment_status":"open","ping_status":"open","sticky":false,"template":"","format":"standard","meta":{"_acf_changed":false,"_yoast_wpseo_focuskw":"Dieter Berninghaus","_yoast_wpseo_title":"","_yoast_wpseo_metadesc":"Die \u00f6sterreichische Immobilien-Holding Signa verst\u00e4rkt sich zum 1. September mit Dr. Ernst Dieter Berninghaus.","_yoast_wpseo_linkdex":53,"pgc_sgb_lightbox_settings":"","footnotes":""},"categories":[1],"tags":[1563,1564],"class_list":["post-3752","post","type-post","status-publish","format-standard","has-post-thumbnail","hentry","category-allgemein","tag-personalia","tag-personalien"],"acf":[],"yoast_head":"<!-- This site is optimized with the Yoast SEO plugin v27.4 - https:\/\/yoast.com\/product\/yoast-seo-wordpress\/ -->\n<title>Signa: Migros-Manager Dieter Berninghaus wird Chairman - IMMOBILIEN Business<\/title>\n<meta name=\"description\" content=\"Die \u00f6sterreichische Immobilien-Holding Signa verst\u00e4rkt sich zum 1. September mit Dr. Ernst Dieter Berninghaus.\" \/>\n<meta name=\"robots\" content=\"index, follow, max-snippet:-1, max-image-preview:large, max-video-preview:-1\" \/>\n<link rel=\"canonical\" href=\"https:\/\/www.immobilienbusiness.ch\/fr\/allgemein\/2016-08-30\/signa-migros-manager-dieter-berninghaus-wird-chairman\/\" \/>\n<meta property=\"og:locale\" content=\"fr_FR\" \/>\n<meta property=\"og:type\" content=\"article\" \/>\n<meta property=\"og:title\" content=\"Signa: Migros-Manager Dieter Berninghaus wird Chairman\" \/>\n<meta property=\"og:description\" content=\"Die \u00f6sterreichische Immobilien-Holding Signa verst\u00e4rkt sich zum 1. September mit Dr. Ernst Dieter Berninghaus. Er wird Chairman des Executive Boards der Signa-Gruppe und Chairman der Signa Retail.\" \/>\n<meta property=\"og:url\" content=\"https:\/\/www.immobilienbusiness.ch\/fr\/allgemein\/2016-08-30\/signa-migros-manager-dieter-berninghaus-wird-chairman\/\" \/>\n<meta property=\"og:site_name\" content=\"IMMOBILIEN Business\" \/>\n<meta property=\"article:publisher\" content=\"https:\/\/www.facebook.com\/immobilienbusiness\/\" \/>\n<meta property=\"article:published_time\" content=\"2016-08-30T07:18:31+00:00\" \/>\n<meta name=\"author\" content=\"Redaktion\" \/>\n<meta name=\"twitter:card\" content=\"summary_large_image\" \/>\n<meta name=\"twitter:image\" content=\"https:\/\/www.immobilienbusiness.ch\/wp-content\/uploads\/2016\/12\/Signa-Migros-Manager-Dieter-Berninghaus-wird-Chairman-immobilien-business.jpg\" \/>\n<script type=\"application\/ld+json\" class=\"yoast-schema-graph\">{\"@context\":\"https:\\\/\\\/schema.org\",\"@graph\":[{\"@type\":\"Article\",\"@id\":\"https:\\\/\\\/www.immobilienbusiness.ch\\\/it\\\/allgemein\\\/2016-08-30\\\/signa-migros-manager-dieter-berninghaus-wird-chairman\\\/#article\",\"isPartOf\":{\"@id\":\"https:\\\/\\\/www.immobilienbusiness.ch\\\/it\\\/allgemein\\\/2016-08-30\\\/signa-migros-manager-dieter-berninghaus-wird-chairman\\\/\"},\"author\":{\"name\":\"Redaktion\",\"@id\":\"https:\\\/\\\/www.immobilienbusiness.ch\\\/#\\\/schema\\\/person\\\/aa2bace6c5c5aad60102004a50c4eb1c\"},\"headline\":\"Signa: Migros-Manager Dieter Berninghaus wird Chairman\",\"datePublished\":\"2016-08-30T07:18:31+00:00\",\"mainEntityOfPage\":{\"@id\":\"https:\\\/\\\/www.immobilienbusiness.ch\\\/it\\\/allgemein\\\/2016-08-30\\\/signa-migros-manager-dieter-berninghaus-wird-chairman\\\/\"},\"wordCount\":115,\"commentCount\":0,\"publisher\":{\"@id\":\"https:\\\/\\\/www.immobilienbusiness.ch\\\/#organization\"},\"image\":{\"@id\":\"https:\\\/\\\/www.immobilienbusiness.ch\\\/it\\\/allgemein\\\/2016-08-30\\\/signa-migros-manager-dieter-berninghaus-wird-chairman\\\/#primaryimage\"},\"thumbnailUrl\":\"https:\\\/\\\/www.immobilienbusiness.ch\\\/wp-content\\\/uploads\\\/2016\\\/12\\\/Signa-Migros-Manager-Dieter-Berninghaus-wird-Chairman-immobilien-business.jpg\",\"keywords\":[\"Personalia\",\"Personalien\"],\"articleSection\":[\"Allgemein\"],\"inLanguage\":\"fr-FR\"},{\"@type\":\"WebPage\",\"@id\":\"https:\\\/\\\/www.immobilienbusiness.ch\\\/it\\\/allgemein\\\/2016-08-30\\\/signa-migros-manager-dieter-berninghaus-wird-chairman\\\/\",\"url\":\"https:\\\/\\\/www.immobilienbusiness.ch\\\/it\\\/allgemein\\\/2016-08-30\\\/signa-migros-manager-dieter-berninghaus-wird-chairman\\\/\",\"name\":\"Signa: Migros-Manager Dieter Berninghaus wird Chairman - IMMOBILIEN Business\",\"isPartOf\":{\"@id\":\"https:\\\/\\\/www.immobilienbusiness.ch\\\/#website\"},\"primaryImageOfPage\":{\"@id\":\"https:\\\/\\\/www.immobilienbusiness.ch\\\/it\\\/allgemein\\\/2016-08-30\\\/signa-migros-manager-dieter-berninghaus-wird-chairman\\\/#primaryimage\"},\"image\":{\"@id\":\"https:\\\/\\\/www.immobilienbusiness.ch\\\/it\\\/allgemein\\\/2016-08-30\\\/signa-migros-manager-dieter-berninghaus-wird-chairman\\\/#primaryimage\"},\"thumbnailUrl\":\"https:\\\/\\\/www.immobilienbusiness.ch\\\/wp-content\\\/uploads\\\/2016\\\/12\\\/Signa-Migros-Manager-Dieter-Berninghaus-wird-Chairman-immobilien-business.jpg\",\"datePublished\":\"2016-08-30T07:18:31+00:00\",\"description\":\"Die \u00f6sterreichische Immobilien-Holding Signa verst\u00e4rkt sich zum 1. September mit Dr. Ernst Dieter Berninghaus.\",\"breadcrumb\":{\"@id\":\"https:\\\/\\\/www.immobilienbusiness.ch\\\/it\\\/allgemein\\\/2016-08-30\\\/signa-migros-manager-dieter-berninghaus-wird-chairman\\\/#breadcrumb\"},\"inLanguage\":\"fr-FR\",\"potentialAction\":[{\"@type\":\"ReadAction\",\"target\":[\"https:\\\/\\\/www.immobilienbusiness.ch\\\/it\\\/allgemein\\\/2016-08-30\\\/signa-migros-manager-dieter-berninghaus-wird-chairman\\\/\"]}]},{\"@type\":\"ImageObject\",\"inLanguage\":\"fr-FR\",\"@id\":\"https:\\\/\\\/www.immobilienbusiness.ch\\\/it\\\/allgemein\\\/2016-08-30\\\/signa-migros-manager-dieter-berninghaus-wird-chairman\\\/#primaryimage\",\"url\":\"https:\\\/\\\/www.immobilienbusiness.ch\\\/wp-content\\\/uploads\\\/2016\\\/12\\\/Signa-Migros-Manager-Dieter-Berninghaus-wird-Chairman-immobilien-business.jpg\",\"contentUrl\":\"https:\\\/\\\/www.immobilienbusiness.ch\\\/wp-content\\\/uploads\\\/2016\\\/12\\\/Signa-Migros-Manager-Dieter-Berninghaus-wird-Chairman-immobilien-business.jpg\",\"width\":678,\"height\":682,\"caption\":\"Ernst Dieter Berninghaus wechselt zum September zur Signa-Gruppe (Foto: Migros)\"},{\"@type\":\"BreadcrumbList\",\"@id\":\"https:\\\/\\\/www.immobilienbusiness.ch\\\/it\\\/allgemein\\\/2016-08-30\\\/signa-migros-manager-dieter-berninghaus-wird-chairman\\\/#breadcrumb\",\"itemListElement\":[{\"@type\":\"ListItem\",\"position\":1,\"name\":\"Home\",\"item\":\"https:\\\/\\\/www.immobilienbusiness.ch\\\/\"},{\"@type\":\"ListItem\",\"position\":2,\"name\":\"Signa: Migros-Manager Dieter Berninghaus wird Chairman\"}]},{\"@type\":\"WebSite\",\"@id\":\"https:\\\/\\\/www.immobilienbusiness.ch\\\/#website\",\"url\":\"https:\\\/\\\/www.immobilienbusiness.ch\\\/\",\"name\":\"IMMOBILIEN Business\",\"description\":\"Unabh\u00e4ngiges Schweizer Wirtschaftsmagazin mit Fokus auf Immobilien, Architektur- und Bau sowie Investment- und Finanzierung.\",\"publisher\":{\"@id\":\"https:\\\/\\\/www.immobilienbusiness.ch\\\/#organization\"},\"potentialAction\":[{\"@type\":\"SearchAction\",\"target\":{\"@type\":\"EntryPoint\",\"urlTemplate\":\"https:\\\/\\\/www.immobilienbusiness.ch\\\/?s={search_term_string}\"},\"query-input\":{\"@type\":\"PropertyValueSpecification\",\"valueRequired\":true,\"valueName\":\"search_term_string\"}}],\"inLanguage\":\"fr-FR\"},{\"@type\":\"Organization\",\"@id\":\"https:\\\/\\\/www.immobilienbusiness.ch\\\/#organization\",\"name\":\"IMMOBILIEN Business\",\"url\":\"https:\\\/\\\/www.immobilienbusiness.ch\\\/\",\"logo\":{\"@type\":\"ImageObject\",\"inLanguage\":\"fr-FR\",\"@id\":\"https:\\\/\\\/www.immobilienbusiness.ch\\\/#\\\/schema\\\/logo\\\/image\\\/\",\"url\":\"https:\\\/\\\/www.immobilienbusiness.ch\\\/wp-content\\\/uploads\\\/2021\\\/07\\\/logo_ib.png\",\"contentUrl\":\"https:\\\/\\\/www.immobilienbusiness.ch\\\/wp-content\\\/uploads\\\/2021\\\/07\\\/logo_ib.png\",\"width\":800,\"height\":181,\"caption\":\"IMMOBILIEN Business\"},\"image\":{\"@id\":\"https:\\\/\\\/www.immobilienbusiness.ch\\\/#\\\/schema\\\/logo\\\/image\\\/\"},\"sameAs\":[\"https:\\\/\\\/www.facebook.com\\\/immobilienbusiness\\\/\"]},{\"@type\":\"Person\",\"@id\":\"https:\\\/\\\/www.immobilienbusiness.ch\\\/#\\\/schema\\\/person\\\/aa2bace6c5c5aad60102004a50c4eb1c\",\"name\":\"Redaktion\",\"image\":{\"@type\":\"ImageObject\",\"inLanguage\":\"fr-FR\",\"@id\":\"https:\\\/\\\/secure.gravatar.com\\\/avatar\\\/ae2f4d718e6c49043e314ce431e7e645d646302a24a5ef5a8bc8e3f5a032e319?s=96&d=mm&r=g\",\"url\":\"https:\\\/\\\/secure.gravatar.com\\\/avatar\\\/ae2f4d718e6c49043e314ce431e7e645d646302a24a5ef5a8bc8e3f5a032e319?s=96&d=mm&r=g\",\"contentUrl\":\"https:\\\/\\\/secure.gravatar.com\\\/avatar\\\/ae2f4d718e6c49043e314ce431e7e645d646302a24a5ef5a8bc8e3f5a032e319?s=96&d=mm&r=g\",\"caption\":\"Redaktion\"},\"sameAs\":[\"http:\\\/\\\/develop.organisator.galledia.ch\"],\"url\":\"https:\\\/\\\/www.immobilienbusiness.ch\\\/fr\\\/author\\\/admin\\\/\"}]}<\/script>\n<!-- \/ Yoast SEO plugin. -->","yoast_head_json":{"title":"Signa: Migros-Manager Dieter Berninghaus wird Chairman - IMMOBILIEN Business","description":"Die \u00f6sterreichische Immobilien-Holding Signa verst\u00e4rkt sich zum 1. September mit Dr. Ernst Dieter Berninghaus.","robots":{"index":"index","follow":"follow","max-snippet":"max-snippet:-1","max-image-preview":"max-image-preview:large","max-video-preview":"max-video-preview:-1"},"canonical":"https:\/\/www.immobilienbusiness.ch\/fr\/allgemein\/2016-08-30\/signa-migros-manager-dieter-berninghaus-wird-chairman\/","og_locale":"fr_FR","og_type":"article","og_title":"Signa: Migros-Manager Dieter Berninghaus wird Chairman","og_description":"Die \u00f6sterreichische Immobilien-Holding Signa verst\u00e4rkt sich zum 1. September mit Dr. Ernst Dieter Berninghaus. Er wird Chairman des Executive Boards der Signa-Gruppe und Chairman der Signa Retail.","og_url":"https:\/\/www.immobilienbusiness.ch\/fr\/allgemein\/2016-08-30\/signa-migros-manager-dieter-berninghaus-wird-chairman\/","og_site_name":"IMMOBILIEN Business","article_publisher":"https:\/\/www.facebook.com\/immobilienbusiness\/","article_published_time":"2016-08-30T07:18:31+00:00","author":"Redaktion","twitter_card":"summary_large_image","twitter_image":"https:\/\/www.immobilienbusiness.ch\/wp-content\/uploads\/2016\/12\/Signa-Migros-Manager-Dieter-Berninghaus-wird-Chairman-immobilien-business.jpg","schema":{"@context":"https:\/\/schema.org","@graph":[{"@type":"Article","@id":"https:\/\/www.immobilienbusiness.ch\/it\/allgemein\/2016-08-30\/signa-migros-manager-dieter-berninghaus-wird-chairman\/#article","isPartOf":{"@id":"https:\/\/www.immobilienbusiness.ch\/it\/allgemein\/2016-08-30\/signa-migros-manager-dieter-berninghaus-wird-chairman\/"},"author":{"name":"Redaktion","@id":"https:\/\/www.immobilienbusiness.ch\/#\/schema\/person\/aa2bace6c5c5aad60102004a50c4eb1c"},"headline":"Signa: Migros-Manager Dieter Berninghaus wird Chairman","datePublished":"2016-08-30T07:18:31+00:00","mainEntityOfPage":{"@id":"https:\/\/www.immobilienbusiness.ch\/it\/allgemein\/2016-08-30\/signa-migros-manager-dieter-berninghaus-wird-chairman\/"},"wordCount":115,"commentCount":0,"publisher":{"@id":"https:\/\/www.immobilienbusiness.ch\/#organization"},"image":{"@id":"https:\/\/www.immobilienbusiness.ch\/it\/allgemein\/2016-08-30\/signa-migros-manager-dieter-berninghaus-wird-chairman\/#primaryimage"},"thumbnailUrl":"https:\/\/www.immobilienbusiness.ch\/wp-content\/uploads\/2016\/12\/Signa-Migros-Manager-Dieter-Berninghaus-wird-Chairman-immobilien-business.jpg","keywords":["Personalia","Personalien"],"articleSection":["Allgemein"],"inLanguage":"fr-FR"},{"@type":"WebPage","@id":"https:\/\/www.immobilienbusiness.ch\/it\/allgemein\/2016-08-30\/signa-migros-manager-dieter-berninghaus-wird-chairman\/","url":"https:\/\/www.immobilienbusiness.ch\/it\/allgemein\/2016-08-30\/signa-migros-manager-dieter-berninghaus-wird-chairman\/","name":"Signa: Migros-Manager Dieter Berninghaus wird Chairman - IMMOBILIEN Business","isPartOf":{"@id":"https:\/\/www.immobilienbusiness.ch\/#website"},"primaryImageOfPage":{"@id":"https:\/\/www.immobilienbusiness.ch\/it\/allgemein\/2016-08-30\/signa-migros-manager-dieter-berninghaus-wird-chairman\/#primaryimage"},"image":{"@id":"https:\/\/www.immobilienbusiness.ch\/it\/allgemein\/2016-08-30\/signa-migros-manager-dieter-berninghaus-wird-chairman\/#primaryimage"},"thumbnailUrl":"https:\/\/www.immobilienbusiness.ch\/wp-content\/uploads\/2016\/12\/Signa-Migros-Manager-Dieter-Berninghaus-wird-Chairman-immobilien-business.jpg","datePublished":"2016-08-30T07:18:31+00:00","description":"Die \u00f6sterreichische Immobilien-Holding Signa verst\u00e4rkt sich zum 1. September mit Dr. Ernst Dieter Berninghaus.","breadcrumb":{"@id":"https:\/\/www.immobilienbusiness.ch\/it\/allgemein\/2016-08-30\/signa-migros-manager-dieter-berninghaus-wird-chairman\/#breadcrumb"},"inLanguage":"fr-FR","potentialAction":[{"@type":"ReadAction","target":["https:\/\/www.immobilienbusiness.ch\/it\/allgemein\/2016-08-30\/signa-migros-manager-dieter-berninghaus-wird-chairman\/"]}]},{"@type":"ImageObject","inLanguage":"fr-FR","@id":"https:\/\/www.immobilienbusiness.ch\/it\/allgemein\/2016-08-30\/signa-migros-manager-dieter-berninghaus-wird-chairman\/#primaryimage","url":"https:\/\/www.immobilienbusiness.ch\/wp-content\/uploads\/2016\/12\/Signa-Migros-Manager-Dieter-Berninghaus-wird-Chairman-immobilien-business.jpg","contentUrl":"https:\/\/www.immobilienbusiness.ch\/wp-content\/uploads\/2016\/12\/Signa-Migros-Manager-Dieter-Berninghaus-wird-Chairman-immobilien-business.jpg","width":678,"height":682,"caption":"Ernst Dieter Berninghaus wechselt zum September zur Signa-Gruppe (Foto: Migros)"},{"@type":"BreadcrumbList","@id":"https:\/\/www.immobilienbusiness.ch\/it\/allgemein\/2016-08-30\/signa-migros-manager-dieter-berninghaus-wird-chairman\/#breadcrumb","itemListElement":[{"@type":"ListItem","position":1,"name":"Home","item":"https:\/\/www.immobilienbusiness.ch\/"},{"@type":"ListItem","position":2,"name":"Signa: Migros-Manager Dieter Berninghaus wird Chairman"}]},{"@type":"WebSite","@id":"https:\/\/www.immobilienbusiness.ch\/#website","url":"https:\/\/www.immobilienbusiness.ch\/","name":"IMMOBILIER Business","description":"Magazine \u00e9conomique suisse ind\u00e9pendant ax\u00e9 sur l'immobilier, l'architecture et la construction ainsi que sur les investissements et le financement.","publisher":{"@id":"https:\/\/www.immobilienbusiness.ch\/#organization"},"potentialAction":[{"@type":"SearchAction","target":{"@type":"EntryPoint","urlTemplate":"https:\/\/www.immobilienbusiness.ch\/?s={search_term_string}"},"query-input":{"@type":"PropertyValueSpecification","valueRequired":true,"valueName":"search_term_string"}}],"inLanguage":"fr-FR"},{"@type":"Organization","@id":"https:\/\/www.immobilienbusiness.ch\/#organization","name":"IMMOBILIER Business","url":"https:\/\/www.immobilienbusiness.ch\/","logo":{"@type":"ImageObject","inLanguage":"fr-FR","@id":"https:\/\/www.immobilienbusiness.ch\/#\/schema\/logo\/image\/","url":"https:\/\/www.immobilienbusiness.ch\/wp-content\/uploads\/2021\/07\/logo_ib.png","contentUrl":"https:\/\/www.immobilienbusiness.ch\/wp-content\/uploads\/2021\/07\/logo_ib.png","width":800,"height":181,"caption":"IMMOBILIEN Business"},"image":{"@id":"https:\/\/www.immobilienbusiness.ch\/#\/schema\/logo\/image\/"},"sameAs":["https:\/\/www.facebook.com\/immobilienbusiness\/"]},{"@type":"Person","@id":"https:\/\/www.immobilienbusiness.ch\/#\/schema\/person\/aa2bace6c5c5aad60102004a50c4eb1c","name":"Editorial","image":{"@type":"ImageObject","inLanguage":"fr-FR","@id":"https:\/\/secure.gravatar.com\/avatar\/ae2f4d718e6c49043e314ce431e7e645d646302a24a5ef5a8bc8e3f5a032e319?s=96&d=mm&r=g","url":"https:\/\/secure.gravatar.com\/avatar\/ae2f4d718e6c49043e314ce431e7e645d646302a24a5ef5a8bc8e3f5a032e319?s=96&d=mm&r=g","contentUrl":"https:\/\/secure.gravatar.com\/avatar\/ae2f4d718e6c49043e314ce431e7e645d646302a24a5ef5a8bc8e3f5a032e319?s=96&d=mm&r=g","caption":"Redaktion"},"sameAs":["http:\/\/develop.organisator.galledia.ch"],"url":"https:\/\/www.immobilienbusiness.ch\/fr\/author\/admin\/"}]}},"_links":{"self":[{"href":"https:\/\/www.immobilienbusiness.ch\/fr\/wp-json\/wp\/v2\/posts\/3752","targetHints":{"allow":["GET"]}}],"collection":[{"href":"https:\/\/www.immobilienbusiness.ch\/fr\/wp-json\/wp\/v2\/posts"}],"about":[{"href":"https:\/\/www.immobilienbusiness.ch\/fr\/wp-json\/wp\/v2\/types\/post"}],"author":[{"embeddable":true,"href":"https:\/\/www.immobilienbusiness.ch\/fr\/wp-json\/wp\/v2\/users\/1"}],"replies":[{"embeddable":true,"href":"https:\/\/www.immobilienbusiness.ch\/fr\/wp-json\/wp\/v2\/comments?post=3752"}],"version-history":[{"count":0,"href":"https:\/\/www.immobilienbusiness.ch\/fr\/wp-json\/wp\/v2\/posts\/3752\/revisions"}],"wp:featuredmedia":[{"embeddable":true,"href":"https:\/\/www.immobilienbusiness.ch\/fr\/wp-json\/wp\/v2\/media\/3753"}],"wp:attachment":[{"href":"https:\/\/www.immobilienbusiness.ch\/fr\/wp-json\/wp\/v2\/media?parent=3752"}],"wp:term":[{"taxonomy":"category","embeddable":true,"href":"https:\/\/www.immobilienbusiness.ch\/fr\/wp-json\/wp\/v2\/categories?post=3752"},{"taxonomy":"post_tag","embeddable":true,"href":"https:\/\/www.immobilienbusiness.ch\/fr\/wp-json\/wp\/v2\/tags?post=3752"}],"curies":[{"name":"wp","href":"https:\/\/api.w.org\/{rel}","templated":true}]}}